{"id":58705,"date":"2019-08-09T11:01:50","date_gmt":"2019-08-09T14:01:50","guid":{"rendered":"http:\/\/diariotextual.com\/inicio\/?p=58705"},"modified":"2019-08-09T16:54:38","modified_gmt":"2019-08-09T19:54:38","slug":"la-obra-literaria-edgar-morisoli-fue-declarada-patrimonio-cultural-provincial","status":"publish","type":"post","link":"https:\/\/diariotextual.com\/inicio\/index.php\/2019\/08\/09\/la-obra-literaria-edgar-morisoli-fue-declarada-patrimonio-cultural-provincial\/","title":{"rendered":"La obra literaria de Edgar Morisoli fue declarada Patrimonio Cultural Provincial"},"content":{"rendered":"<p>El Poder Ejecutivo, a instancias de la Secretar\u00eda de Cultura del Gobierno de La Pampa, declar\u00f3 de<strong> Inter\u00e9s Provincial Cultural<\/strong> a la <strong>obra literaria de Edgar Morisoli<\/strong>.<\/p>\n<p>Cultura, consecuentemente y mediante intervenci\u00f3n previa de la Comisi\u00f3n Provincial de Patrimonio Cultural, incorpor\u00f3 al Registro Provincial de Patrimonio Cultural la \u201cObra literaria del escritor Edgar Morisoli\u201d bajo el Registro Provincial N\u00ba 50 (Resoluci\u00f3n 167\/19), conforme a la Ley N\u00ba 2083 (Registro Provincial de Patrimonio Cultural).<\/p>\n<p>La secretar\u00eda a cargo de Adriana Maggio destac\u00f3 que la obra de Morisoli es de \u00absuma relevancia\u00bb, por lo que es deber del Estado compartirla en bibliotecas populares, centros de cultura, establecimientos educativos, a los fines de su divulgaci\u00f3n, ya que constituye un gran aporte al conocimiento de la historia, modos y paisajes pampeanos.<\/p>\n<p>\u00abLa poes\u00eda, narrativa y producci\u00f3n general de Edgar Morisoli son consecuentes -en claridad y hechura-, con su propia vida militante y sencilla, muestra de ejemplo de c\u00f3mo ser un buen vecino, un buen ciudadano y hermoso habitante de nuestra provincia\u00bb, dijo la secretar\u00eda en un comunicado de prensa.<\/p>\n<p>Entre los fundamentos de la declaraci\u00f3n de inter\u00e9s, se destac\u00f3 que Edgar Morisoli es uno de los mayores poetas que ha dado La Pampa a trav\u00e9s del siglo XX e inicios del XXI.<\/p>\n<p><strong>Es uno de los pilares fundamentales en la construcci\u00f3n de cierta \u201cpampeanidad\u201d<\/strong>. Muchos de sus poemas han sido musicalizados y exceden los l\u00edmites provinciales, lo que lo convierte en un poeta americano, universal.<\/p>\n<p>Sus trabajos de los a\u00f1os &#8217;59 al &#8217;74 -como \u00abSalmo Bagual\u00bb, \u00abSolar del Viento\u00bb, \u00abTierra que s\u00e9\u00bb, y \u00abAl Sur crece tu nombre\u00bb- describen una realidad cabal del Sur y Oeste pampeanos.<\/p>\n<p><img fetchpriority=\"high\" decoding=\"async\" class=\"alignnone wp-image-58708 size-full\" src=\"http:\/\/diariotextual.com\/inicio\/wp-content\/uploads\/2019\/08\/elmito-en-armas...morisoli2.jpg\" alt=\"\" width=\"538\" height=\"763\" srcset=\"https:\/\/diariotextual.com\/inicio\/wp-content\/uploads\/2019\/08\/elmito-en-armas...morisoli2.jpg 538w, https:\/\/diariotextual.com\/inicio\/wp-content\/uploads\/2019\/08\/elmito-en-armas...morisoli2-212x300.jpg 212w\" sizes=\"(max-width: 538px) 100vw, 538px\" \/><\/p>\n<p>Adem\u00e1s, los seis textos que integran \u201cObra callada\u201d, identifican la misma con el per\u00edodo m\u00e1s oscuro y sangriento de nuestra historia, sin dejar de lado el amor y la narrativa de los desiertos de La Pampa occidental y el drama de nuestros r\u00edos.<\/p>\n<p>Obras como \u00abCancionero de Alto Colorado\u00bb, \u00abBordona del oto\u00f1o \/ Palabra de intemperie\u00bb, \u00abHasta aqu\u00ed la canci\u00f3n\u00bb, \u00abCuadernos del rumbeador\u00bb, \u00abLa lecci\u00f3n de la diuca\u00bb, \u00ab\u00daltima rosa, \u00faltima trinchera\u00bb, \u00abUn largo sortilegio\u00bb y \u00abTabla del n\u00e1ufrago\u00bb rescatan el paisaje, construyen una \u00e9pica de h\u00e9roes an\u00f3nimos que pueblan La Pampa, y su escenario de \u201cdespojos, genocidios y grandes \u00e9xodos, pero tambi\u00e9n de resistencias populares\u201d.<\/p>\n<p>A lo largo de los a\u00f1os, Edgar Morisoli ha sido distinguido ente otros, con el Premio Testimonio que otorga el Gobierno de La Pampa y el Premio a los Creadores, del Gobierno de la Ciudad Aut\u00f3noma de Buenos Aires.<\/p>\n<p>Es socio fundador de la Asociaci\u00f3n Pampeana de Escritores (APE), integrante de la Asociaci\u00f3n de Poetas Argentinos y Miembro de Honor de la Fundaci\u00f3n Argentina para la Poes\u00eda.<\/p>\n<p>&nbsp;<\/p>\n<p>&nbsp;<\/p>\n<p>&nbsp;<\/p>\n","protected":false},"excerpt":{"rendered":"<p>El Poder Ejecutivo, a instancias de la Secretar\u00eda de Cultura del Gobierno de La Pampa, declar\u00f3 de Inter\u00e9s Provincial Cultural a la obra literaria de Edgar Morisoli. Cultura, consecuentemente y&hellip;<\/p>\n","protected":false},"author":3,"featured_media":25067,"comment_status":"closed","ping_status":"open","sticky":false,"template":"","format":"standard","meta":{"_acf_changed":false,"footnotes":""},"categories":[11,319,2],"tags":[219],"class_list":["post-58705","post","type-post","status-publish","format-standard","has-post-thumbnail","hentry","category-que-pasa","category-a-temporales","category-cultura","tag-morisoli"],"acf":[],"yoast_head":"<!-- This site is optimized with the Yoast SEO plugin v27.5 - https:\/\/yoast.com\/product\/yoast-seo-wordpress\/ -->\n<title>La obra literaria de Edgar Morisoli fue declarada Patrimonio Cultural Provincial - Diario Textual<\/title>\n<meta name=\"robots\" content=\"index, follow, max-snippet:-1, max-image-preview:large, max-video-preview:-1\" \/>\n<link rel=\"canonical\" href=\"https:\/\/diariotextual.com\/inicio\/index.php\/2019\/08\/09\/la-obra-literaria-edgar-morisoli-fue-declarada-patrimonio-cultural-provincial\/\" \/>\n<meta property=\"og:locale\" content=\"es_ES\" \/>\n<meta property=\"og:type\" content=\"article\" \/>\n<meta property=\"og:title\" content=\"La obra literaria de Edgar Morisoli fue declarada Patrimonio Cultural Provincial - Diario Textual\" \/>\n<meta property=\"og:description\" content=\"El Poder Ejecutivo, a instancias de la Secretar\u00eda de Cultura del Gobierno de La Pampa, declar\u00f3 de Inter\u00e9s Provincial Cultural a la obra literaria de Edgar Morisoli. Cultura, consecuentemente y&hellip;\" \/>\n<meta property=\"og:url\" content=\"https:\/\/diariotextual.com\/inicio\/index.php\/2019\/08\/09\/la-obra-literaria-edgar-morisoli-fue-declarada-patrimonio-cultural-provincial\/\" \/>\n<meta property=\"og:site_name\" content=\"Diario Textual\" \/>\n<meta property=\"article:publisher\" content=\"https:\/\/www.facebook.com\/eltextual\" \/>\n<meta property=\"article:published_time\" content=\"2019-08-09T14:01:50+00:00\" \/>\n<meta property=\"article:modified_time\" content=\"2019-08-09T19:54:38+00:00\" \/>\n<meta property=\"og:image\" content=\"https:\/\/diariotextual.com\/inicio\/wp-content\/uploads\/2018\/10\/morisoliedgarpoeta42.jpg\" \/>\n\t<meta property=\"og:image:width\" content=\"753\" \/>\n\t<meta property=\"og:image:height\" content=\"486\" \/>\n\t<meta property=\"og:image:type\" content=\"image\/jpeg\" \/>\n<meta name=\"author\" content=\"Diario1 Diario1\" \/>\n<meta name=\"twitter:card\" content=\"summary_large_image\" \/>\n<meta name=\"twitter:creator\" content=\"@eltextual\" \/>\n<meta name=\"twitter:site\" content=\"@eltextual\" \/>\n<meta name=\"twitter:label1\" content=\"Escrito por\" \/>\n\t<meta name=\"twitter:data1\" content=\"Diario1 Diario1\" \/>\n\t<meta name=\"twitter:label2\" content=\"Tiempo de lectura\" \/>\n\t<meta name=\"twitter:data2\" content=\"2 minutos\" \/>\n<script type=\"application\/ld+json\" class=\"yoast-schema-graph\">{\"@context\":\"https:\\\/\\\/schema.org\",\"@graph\":[{\"@type\":\"Article\",\"@id\":\"https:\\\/\\\/diariotextual.com\\\/inicio\\\/index.php\\\/2019\\\/08\\\/09\\\/la-obra-literaria-edgar-morisoli-fue-declarada-patrimonio-cultural-provincial\\\/#article\",\"isPartOf\":{\"@id\":\"https:\\\/\\\/diariotextual.com\\\/inicio\\\/index.php\\\/2019\\\/08\\\/09\\\/la-obra-literaria-edgar-morisoli-fue-declarada-patrimonio-cultural-provincial\\\/\"},\"author\":{\"name\":\"Diario1 Diario1\",\"@id\":\"https:\\\/\\\/diariotextual.com\\\/inicio\\\/#\\\/schema\\\/person\\\/418fc4093c33e86ed41562db3508f958\"},\"headline\":\"La obra literaria de Edgar Morisoli fue declarada Patrimonio Cultural Provincial\",\"datePublished\":\"2019-08-09T14:01:50+00:00\",\"dateModified\":\"2019-08-09T19:54:38+00:00\",\"mainEntityOfPage\":{\"@id\":\"https:\\\/\\\/diariotextual.com\\\/inicio\\\/index.php\\\/2019\\\/08\\\/09\\\/la-obra-literaria-edgar-morisoli-fue-declarada-patrimonio-cultural-provincial\\\/\"},\"wordCount\":491,\"publisher\":{\"@id\":\"https:\\\/\\\/diariotextual.com\\\/inicio\\\/#organization\"},\"image\":{\"@id\":\"https:\\\/\\\/diariotextual.com\\\/inicio\\\/index.php\\\/2019\\\/08\\\/09\\\/la-obra-literaria-edgar-morisoli-fue-declarada-patrimonio-cultural-provincial\\\/#primaryimage\"},\"thumbnailUrl\":\"https:\\\/\\\/diariotextual.com\\\/inicio\\\/wp-content\\\/uploads\\\/2018\\\/10\\\/morisoliedgarpoeta42.jpg\",\"keywords\":[\"morisoli\"],\"articleSection\":[\"A - QUE PASA (al costado)\",\"A - TEMPORALES\",\"CULTURA\"],\"inLanguage\":\"es\"},{\"@type\":\"WebPage\",\"@id\":\"https:\\\/\\\/diariotextual.com\\\/inicio\\\/index.php\\\/2019\\\/08\\\/09\\\/la-obra-literaria-edgar-morisoli-fue-declarada-patrimonio-cultural-provincial\\\/\",\"url\":\"https:\\\/\\\/diariotextual.com\\\/inicio\\\/index.php\\\/2019\\\/08\\\/09\\\/la-obra-literaria-edgar-morisoli-fue-declarada-patrimonio-cultural-provincial\\\/\",\"name\":\"La obra literaria de Edgar Morisoli fue declarada Patrimonio Cultural Provincial - Diario Textual\",\"isPartOf\":{\"@id\":\"https:\\\/\\\/diariotextual.com\\\/inicio\\\/#website\"},\"primaryImageOfPage\":{\"@id\":\"https:\\\/\\\/diariotextual.com\\\/inicio\\\/index.php\\\/2019\\\/08\\\/09\\\/la-obra-literaria-edgar-morisoli-fue-declarada-patrimonio-cultural-provincial\\\/#primaryimage\"},\"image\":{\"@id\":\"https:\\\/\\\/diariotextual.com\\\/inicio\\\/index.php\\\/2019\\\/08\\\/09\\\/la-obra-literaria-edgar-morisoli-fue-declarada-patrimonio-cultural-provincial\\\/#primaryimage\"},\"thumbnailUrl\":\"https:\\\/\\\/diariotextual.com\\\/inicio\\\/wp-content\\\/uploads\\\/2018\\\/10\\\/morisoliedgarpoeta42.jpg\",\"datePublished\":\"2019-08-09T14:01:50+00:00\",\"dateModified\":\"2019-08-09T19:54:38+00:00\",\"breadcrumb\":{\"@id\":\"https:\\\/\\\/diariotextual.com\\\/inicio\\\/index.php\\\/2019\\\/08\\\/09\\\/la-obra-literaria-edgar-morisoli-fue-declarada-patrimonio-cultural-provincial\\\/#breadcrumb\"},\"inLanguage\":\"es\",\"potentialAction\":[{\"@type\":\"ReadAction\",\"target\":[\"https:\\\/\\\/diariotextual.com\\\/inicio\\\/index.php\\\/2019\\\/08\\\/09\\\/la-obra-literaria-edgar-morisoli-fue-declarada-patrimonio-cultural-provincial\\\/\"]}]},{\"@type\":\"ImageObject\",\"inLanguage\":\"es\",\"@id\":\"https:\\\/\\\/diariotextual.com\\\/inicio\\\/index.php\\\/2019\\\/08\\\/09\\\/la-obra-literaria-edgar-morisoli-fue-declarada-patrimonio-cultural-provincial\\\/#primaryimage\",\"url\":\"https:\\\/\\\/diariotextual.com\\\/inicio\\\/wp-content\\\/uploads\\\/2018\\\/10\\\/morisoliedgarpoeta42.jpg\",\"contentUrl\":\"https:\\\/\\\/diariotextual.com\\\/inicio\\\/wp-content\\\/uploads\\\/2018\\\/10\\\/morisoliedgarpoeta42.jpg\",\"width\":753,\"height\":486},{\"@type\":\"BreadcrumbList\",\"@id\":\"https:\\\/\\\/diariotextual.com\\\/inicio\\\/index.php\\\/2019\\\/08\\\/09\\\/la-obra-literaria-edgar-morisoli-fue-declarada-patrimonio-cultural-provincial\\\/#breadcrumb\",\"itemListElement\":[{\"@type\":\"ListItem\",\"position\":1,\"name\":\"Portada\",\"item\":\"https:\\\/\\\/diariotextual.com\\\/inicio\\\/\"},{\"@type\":\"ListItem\",\"position\":2,\"name\":\"La obra literaria de Edgar Morisoli fue declarada Patrimonio Cultural Provincial\"}]},{\"@type\":\"WebSite\",\"@id\":\"https:\\\/\\\/diariotextual.com\\\/inicio\\\/#website\",\"url\":\"https:\\\/\\\/diariotextual.com\\\/inicio\\\/\",\"name\":\"Diario Textual\",\"description\":\"\",\"publisher\":{\"@id\":\"https:\\\/\\\/diariotextual.com\\\/inicio\\\/#organization\"},\"potentialAction\":[{\"@type\":\"SearchAction\",\"target\":{\"@type\":\"EntryPoint\",\"urlTemplate\":\"https:\\\/\\\/diariotextual.com\\\/inicio\\\/?s={search_term_string}\"},\"query-input\":{\"@type\":\"PropertyValueSpecification\",\"valueRequired\":true,\"valueName\":\"search_term_string\"}}],\"inLanguage\":\"es\"},{\"@type\":\"Organization\",\"@id\":\"https:\\\/\\\/diariotextual.com\\\/inicio\\\/#organization\",\"name\":\"Diario Textual\",\"url\":\"https:\\\/\\\/diariotextual.com\\\/inicio\\\/\",\"logo\":{\"@type\":\"ImageObject\",\"inLanguage\":\"es\",\"@id\":\"https:\\\/\\\/diariotextual.com\\\/inicio\\\/#\\\/schema\\\/logo\\\/image\\\/\",\"url\":\"https:\\\/\\\/diariotextual.com\\\/inicio\\\/wp-content\\\/uploads\\\/2023\\\/05\\\/logotextual1.jpg\",\"contentUrl\":\"https:\\\/\\\/diariotextual.com\\\/inicio\\\/wp-content\\\/uploads\\\/2023\\\/05\\\/logotextual1.jpg\",\"width\":516,\"height\":76,\"caption\":\"Diario Textual\"},\"image\":{\"@id\":\"https:\\\/\\\/diariotextual.com\\\/inicio\\\/#\\\/schema\\\/logo\\\/image\\\/\"},\"sameAs\":[\"https:\\\/\\\/www.facebook.com\\\/eltextual\",\"https:\\\/\\\/x.com\\\/eltextual\",\"http:\\\/\\\/www.instagram.com\\\/eltextual\"]},{\"@type\":\"Person\",\"@id\":\"https:\\\/\\\/diariotextual.com\\\/inicio\\\/#\\\/schema\\\/person\\\/418fc4093c33e86ed41562db3508f958\",\"name\":\"Diario1 Diario1\",\"image\":{\"@type\":\"ImageObject\",\"inLanguage\":\"es\",\"@id\":\"https:\\\/\\\/secure.gravatar.com\\\/avatar\\\/9167d280179c85bc18be67aa7eda765854300033af4896dd779b608640f2ef7a?s=96&d=mm&r=g\",\"url\":\"https:\\\/\\\/secure.gravatar.com\\\/avatar\\\/9167d280179c85bc18be67aa7eda765854300033af4896dd779b608640f2ef7a?s=96&d=mm&r=g\",\"contentUrl\":\"https:\\\/\\\/secure.gravatar.com\\\/avatar\\\/9167d280179c85bc18be67aa7eda765854300033af4896dd779b608640f2ef7a?s=96&d=mm&r=g\",\"caption\":\"Diario1 Diario1\"},\"url\":\"https:\\\/\\\/diariotextual.com\\\/inicio\\\/index.php\\\/author\\\/diario1\\\/\"}]}<\/script>\n<!-- \/ Yoast SEO plugin. -->","yoast_head_json":{"title":"La obra literaria de Edgar Morisoli fue declarada Patrimonio Cultural Provincial - Diario Textual","robots":{"index":"index","follow":"follow","max-snippet":"max-snippet:-1","max-image-preview":"max-image-preview:large","max-video-preview":"max-video-preview:-1"},"canonical":"https:\/\/diariotextual.com\/inicio\/index.php\/2019\/08\/09\/la-obra-literaria-edgar-morisoli-fue-declarada-patrimonio-cultural-provincial\/","og_locale":"es_ES","og_type":"article","og_title":"La obra literaria de Edgar Morisoli fue declarada Patrimonio Cultural Provincial - Diario Textual","og_description":"El Poder Ejecutivo, a instancias de la Secretar\u00eda de Cultura del Gobierno de La Pampa, declar\u00f3 de Inter\u00e9s Provincial Cultural a la obra literaria de Edgar Morisoli. Cultura, consecuentemente y&hellip;","og_url":"https:\/\/diariotextual.com\/inicio\/index.php\/2019\/08\/09\/la-obra-literaria-edgar-morisoli-fue-declarada-patrimonio-cultural-provincial\/","og_site_name":"Diario Textual","article_publisher":"https:\/\/www.facebook.com\/eltextual","article_published_time":"2019-08-09T14:01:50+00:00","article_modified_time":"2019-08-09T19:54:38+00:00","og_image":[{"width":753,"height":486,"url":"https:\/\/diariotextual.com\/inicio\/wp-content\/uploads\/2018\/10\/morisoliedgarpoeta42.jpg","type":"image\/jpeg"}],"author":"Diario1 Diario1","twitter_card":"summary_large_image","twitter_creator":"@eltextual","twitter_site":"@eltextual","twitter_misc":{"Escrito por":"Diario1 Diario1","Tiempo de lectura":"2 minutos"},"schema":{"@context":"https:\/\/schema.org","@graph":[{"@type":"Article","@id":"https:\/\/diariotextual.com\/inicio\/index.php\/2019\/08\/09\/la-obra-literaria-edgar-morisoli-fue-declarada-patrimonio-cultural-provincial\/#article","isPartOf":{"@id":"https:\/\/diariotextual.com\/inicio\/index.php\/2019\/08\/09\/la-obra-literaria-edgar-morisoli-fue-declarada-patrimonio-cultural-provincial\/"},"author":{"name":"Diario1 Diario1","@id":"https:\/\/diariotextual.com\/inicio\/#\/schema\/person\/418fc4093c33e86ed41562db3508f958"},"headline":"La obra literaria de Edgar Morisoli fue declarada Patrimonio Cultural Provincial","datePublished":"2019-08-09T14:01:50+00:00","dateModified":"2019-08-09T19:54:38+00:00","mainEntityOfPage":{"@id":"https:\/\/diariotextual.com\/inicio\/index.php\/2019\/08\/09\/la-obra-literaria-edgar-morisoli-fue-declarada-patrimonio-cultural-provincial\/"},"wordCount":491,"publisher":{"@id":"https:\/\/diariotextual.com\/inicio\/#organization"},"image":{"@id":"https:\/\/diariotextual.com\/inicio\/index.php\/2019\/08\/09\/la-obra-literaria-edgar-morisoli-fue-declarada-patrimonio-cultural-provincial\/#primaryimage"},"thumbnailUrl":"https:\/\/diariotextual.com\/inicio\/wp-content\/uploads\/2018\/10\/morisoliedgarpoeta42.jpg","keywords":["morisoli"],"articleSection":["A - QUE PASA (al costado)","A - TEMPORALES","CULTURA"],"inLanguage":"es"},{"@type":"WebPage","@id":"https:\/\/diariotextual.com\/inicio\/index.php\/2019\/08\/09\/la-obra-literaria-edgar-morisoli-fue-declarada-patrimonio-cultural-provincial\/","url":"https:\/\/diariotextual.com\/inicio\/index.php\/2019\/08\/09\/la-obra-literaria-edgar-morisoli-fue-declarada-patrimonio-cultural-provincial\/","name":"La obra literaria de Edgar Morisoli fue declarada Patrimonio Cultural Provincial - Diario Textual","isPartOf":{"@id":"https:\/\/diariotextual.com\/inicio\/#website"},"primaryImageOfPage":{"@id":"https:\/\/diariotextual.com\/inicio\/index.php\/2019\/08\/09\/la-obra-literaria-edgar-morisoli-fue-declarada-patrimonio-cultural-provincial\/#primaryimage"},"image":{"@id":"https:\/\/diariotextual.com\/inicio\/index.php\/2019\/08\/09\/la-obra-literaria-edgar-morisoli-fue-declarada-patrimonio-cultural-provincial\/#primaryimage"},"thumbnailUrl":"https:\/\/diariotextual.com\/inicio\/wp-content\/uploads\/2018\/10\/morisoliedgarpoeta42.jpg","datePublished":"2019-08-09T14:01:50+00:00","dateModified":"2019-08-09T19:54:38+00:00","breadcrumb":{"@id":"https:\/\/diariotextual.com\/inicio\/index.php\/2019\/08\/09\/la-obra-literaria-edgar-morisoli-fue-declarada-patrimonio-cultural-provincial\/#breadcrumb"},"inLanguage":"es","potentialAction":[{"@type":"ReadAction","target":["https:\/\/diariotextual.com\/inicio\/index.php\/2019\/08\/09\/la-obra-literaria-edgar-morisoli-fue-declarada-patrimonio-cultural-provincial\/"]}]},{"@type":"ImageObject","inLanguage":"es","@id":"https:\/\/diariotextual.com\/inicio\/index.php\/2019\/08\/09\/la-obra-literaria-edgar-morisoli-fue-declarada-patrimonio-cultural-provincial\/#primaryimage","url":"https:\/\/diariotextual.com\/inicio\/wp-content\/uploads\/2018\/10\/morisoliedgarpoeta42.jpg","contentUrl":"https:\/\/diariotextual.com\/inicio\/wp-content\/uploads\/2018\/10\/morisoliedgarpoeta42.jpg","width":753,"height":486},{"@type":"BreadcrumbList","@id":"https:\/\/diariotextual.com\/inicio\/index.php\/2019\/08\/09\/la-obra-literaria-edgar-morisoli-fue-declarada-patrimonio-cultural-provincial\/#breadcrumb","itemListElement":[{"@type":"ListItem","position":1,"name":"Portada","item":"https:\/\/diariotextual.com\/inicio\/"},{"@type":"ListItem","position":2,"name":"La obra literaria de Edgar Morisoli fue declarada Patrimonio Cultural Provincial"}]},{"@type":"WebSite","@id":"https:\/\/diariotextual.com\/inicio\/#website","url":"https:\/\/diariotextual.com\/inicio\/","name":"Diario Textual","description":"","publisher":{"@id":"https:\/\/diariotextual.com\/inicio\/#organization"},"potentialAction":[{"@type":"SearchAction","target":{"@type":"EntryPoint","urlTemplate":"https:\/\/diariotextual.com\/inicio\/?s={search_term_string}"},"query-input":{"@type":"PropertyValueSpecification","valueRequired":true,"valueName":"search_term_string"}}],"inLanguage":"es"},{"@type":"Organization","@id":"https:\/\/diariotextual.com\/inicio\/#organization","name":"Diario Textual","url":"https:\/\/diariotextual.com\/inicio\/","logo":{"@type":"ImageObject","inLanguage":"es","@id":"https:\/\/diariotextual.com\/inicio\/#\/schema\/logo\/image\/","url":"https:\/\/diariotextual.com\/inicio\/wp-content\/uploads\/2023\/05\/logotextual1.jpg","contentUrl":"https:\/\/diariotextual.com\/inicio\/wp-content\/uploads\/2023\/05\/logotextual1.jpg","width":516,"height":76,"caption":"Diario Textual"},"image":{"@id":"https:\/\/diariotextual.com\/inicio\/#\/schema\/logo\/image\/"},"sameAs":["https:\/\/www.facebook.com\/eltextual","https:\/\/x.com\/eltextual","http:\/\/www.instagram.com\/eltextual"]},{"@type":"Person","@id":"https:\/\/diariotextual.com\/inicio\/#\/schema\/person\/418fc4093c33e86ed41562db3508f958","name":"Diario1 Diario1","image":{"@type":"ImageObject","inLanguage":"es","@id":"https:\/\/secure.gravatar.com\/avatar\/9167d280179c85bc18be67aa7eda765854300033af4896dd779b608640f2ef7a?s=96&d=mm&r=g","url":"https:\/\/secure.gravatar.com\/avatar\/9167d280179c85bc18be67aa7eda765854300033af4896dd779b608640f2ef7a?s=96&d=mm&r=g","contentUrl":"https:\/\/secure.gravatar.com\/avatar\/9167d280179c85bc18be67aa7eda765854300033af4896dd779b608640f2ef7a?s=96&d=mm&r=g","caption":"Diario1 Diario1"},"url":"https:\/\/diariotextual.com\/inicio\/index.php\/author\/diario1\/"}]}},"_links":{"self":[{"href":"https:\/\/diariotextual.com\/inicio\/index.php\/wp-json\/wp\/v2\/posts\/58705","targetHints":{"allow":["GET"]}}],"collection":[{"href":"https:\/\/diariotextual.com\/inicio\/index.php\/wp-json\/wp\/v2\/posts"}],"about":[{"href":"https:\/\/diariotextual.com\/inicio\/index.php\/wp-json\/wp\/v2\/types\/post"}],"author":[{"embeddable":true,"href":"https:\/\/diariotextual.com\/inicio\/index.php\/wp-json\/wp\/v2\/users\/3"}],"replies":[{"embeddable":true,"href":"https:\/\/diariotextual.com\/inicio\/index.php\/wp-json\/wp\/v2\/comments?post=58705"}],"version-history":[{"count":3,"href":"https:\/\/diariotextual.com\/inicio\/index.php\/wp-json\/wp\/v2\/posts\/58705\/revisions"}],"predecessor-version":[{"id":58709,"href":"https:\/\/diariotextual.com\/inicio\/index.php\/wp-json\/wp\/v2\/posts\/58705\/revisions\/58709"}],"wp:featuredmedia":[{"embeddable":true,"href":"https:\/\/diariotextual.com\/inicio\/index.php\/wp-json\/wp\/v2\/media\/25067"}],"wp:attachment":[{"href":"https:\/\/diariotextual.com\/inicio\/index.php\/wp-json\/wp\/v2\/media?parent=58705"}],"wp:term":[{"taxonomy":"category","embeddable":true,"href":"https:\/\/diariotextual.com\/inicio\/index.php\/wp-json\/wp\/v2\/categories?post=58705"},{"taxonomy":"post_tag","embeddable":true,"href":"https:\/\/diariotextual.com\/inicio\/index.php\/wp-json\/wp\/v2\/tags?post=58705"}],"curies":[{"name":"wp","href":"https:\/\/api.w.org\/{rel}","templated":true}]}}