{"id":58736,"date":"2019-08-09T16:42:52","date_gmt":"2019-08-09T19:42:52","guid":{"rendered":"http:\/\/diariotextual.com\/inicio\/?p=58736"},"modified":"2019-08-10T20:20:20","modified_gmt":"2019-08-10T23:20:20","slug":"piden-la-unlpam-dicte-carreras-la-localidad-bonaerense-pellegrini","status":"publish","type":"post","link":"https:\/\/diariotextual.com\/inicio\/index.php\/2019\/08\/09\/piden-la-unlpam-dicte-carreras-la-localidad-bonaerense-pellegrini\/","title":{"rendered":"Piden que la UNLPam dicte carreras en la localidad bonaerense de Pellegrini"},"content":{"rendered":"<p>La intendencia de Pellegrini pidi\u00f3 que la Universidad Nacional de La Pampa (UNLPam) analice la posibilidad de dictar carreras y desarrollar actividades y proyectos universitarios en su localidad.<\/p>\n<p>El rector de la UNLPam, Oscar Alpa, y la secretaria Acad\u00e9mica, Marcela Dom\u00ednguez, recibieron al intendente de la localidad bonaerense, Guillermo Pacheco, quien estuvo acompa\u00f1ado por integrantes de su gesti\u00f3n municipal.<\/p>\n<p>Es el primer municipio del oeste de la provincia de Buenos Aires que se acerca a la UNLPam, luego que se desarrollaran varias reuniones con intendentes en funciones y electos de La Pampa.<\/p>\n<p>\u201cPellegrini, siempre lo hemos dicho, es parte de nuestra realidad, porque muchas y muchos estudiantes de esa regi\u00f3n y todo el oeste de Buenos Aires vienen a estudiar a nuestra provincia\u00bb, dijo el rector. \u00ab<strong>Es la posibilidad de estar en un lugar del que siempre las y los habitantes de esa ciudad llegaban a estudiar tanto a Santa Rosa como a General Pico<\/strong>\u201d.<\/p>\n<p>\u201cLa idea es trabajar en conjunto y avanzar en el marco de la <strong>UNLPam en Territorio<\/strong>, que es el proyecto que venimos planteando, que tambi\u00e9n se puedan brindar actividades de extensi\u00f3n, investigaci\u00f3n, caf\u00e9 cient\u00edfico\u201d, dijo.<\/p>\n<p>Pacheco, por su parte, expres\u00f3 que esta posibilidad permite \u201cmejores oportunidades educativas\u00bb para sus j\u00f3venes. \u00abQuer\u00edamos entablar el inicio de una relaci\u00f3n con la UNLPam desde nuestro distrito de Pellegrini para hacer alg\u00fan convenio de trabajo en conjunto tanto para nuestra ciudad como para los j\u00f3venes de una amplia regi\u00f3n\u201d.<\/p>\n<p>\u201cEste tipo de vinculaci\u00f3n nos permite como Universidad seguir creciendo porque llevar\u00e1 a tener mayor cantidad de estudiantes\u00bb, dijo, luego, Alpa. \u00abY esto resalta la importancia que tiene nuestra Universidad para la regi\u00f3n del oeste bonaerense, consider\u00e1ndola como una Universidad de calidad, de excelencia, y con todo lo que significa una universidad p\u00fablica con su ingreso irrestricto y su gratuidad\u201d.<\/p>\n<p>&nbsp;<\/p>\n<p>&nbsp;<\/p>\n<p>&nbsp;<\/p>\n","protected":false},"excerpt":{"rendered":"<p>La intendencia de Pellegrini pidi\u00f3 que la Universidad Nacional de La Pampa (UNLPam) analice la posibilidad de dictar carreras y desarrollar actividades y proyectos universitarios en su localidad. El rector&hellip;<\/p>\n","protected":false},"author":3,"featured_media":58743,"comment_status":"closed","ping_status":"open","sticky":false,"template":"","format":"standard","meta":{"_acf_changed":false,"footnotes":""},"categories":[319,12],"tags":[],"class_list":["post-58736","post","type-post","status-publish","format-standard","has-post-thumbnail","hentry","category-a-temporales","category-sociedad"],"acf":[],"yoast_head":"<!-- This site is optimized with the Yoast SEO plugin v27.5 - https:\/\/yoast.com\/product\/yoast-seo-wordpress\/ -->\n<title>Piden que la UNLPam dicte carreras en la localidad bonaerense de Pellegrini - Diario Textual<\/title>\n<meta name=\"robots\" content=\"index, follow, max-snippet:-1, max-image-preview:large, max-video-preview:-1\" \/>\n<link rel=\"canonical\" href=\"https:\/\/diariotextual.com\/inicio\/index.php\/2019\/08\/09\/piden-la-unlpam-dicte-carreras-la-localidad-bonaerense-pellegrini\/\" \/>\n<meta property=\"og:locale\" content=\"es_ES\" \/>\n<meta property=\"og:type\" content=\"article\" \/>\n<meta property=\"og:title\" content=\"Piden que la UNLPam dicte carreras en la localidad bonaerense de Pellegrini - Diario Textual\" \/>\n<meta property=\"og:description\" content=\"La intendencia de Pellegrini pidi\u00f3 que la Universidad Nacional de La Pampa (UNLPam) analice la posibilidad de dictar carreras y desarrollar actividades y proyectos universitarios en su localidad. El rector&hellip;\" \/>\n<meta property=\"og:url\" content=\"https:\/\/diariotextual.com\/inicio\/index.php\/2019\/08\/09\/piden-la-unlpam-dicte-carreras-la-localidad-bonaerense-pellegrini\/\" \/>\n<meta property=\"og:site_name\" content=\"Diario Textual\" \/>\n<meta property=\"article:publisher\" content=\"https:\/\/www.facebook.com\/eltextual\" \/>\n<meta property=\"article:published_time\" content=\"2019-08-09T19:42:52+00:00\" \/>\n<meta property=\"article:modified_time\" content=\"2019-08-10T23:20:20+00:00\" \/>\n<meta property=\"og:image\" content=\"https:\/\/diariotextual.com\/inicio\/wp-content\/uploads\/2019\/08\/unlpampellegrini2019-1.jpg\" \/>\n\t<meta property=\"og:image:width\" content=\"956\" \/>\n\t<meta property=\"og:image:height\" content=\"673\" \/>\n\t<meta property=\"og:image:type\" content=\"image\/jpeg\" \/>\n<meta name=\"author\" content=\"Diario1 Diario1\" \/>\n<meta name=\"twitter:card\" content=\"summary_large_image\" \/>\n<meta name=\"twitter:creator\" content=\"@eltextual\" \/>\n<meta name=\"twitter:site\" content=\"@eltextual\" \/>\n<meta name=\"twitter:label1\" content=\"Escrito por\" \/>\n\t<meta name=\"twitter:data1\" content=\"Diario1 Diario1\" \/>\n\t<meta name=\"twitter:label2\" content=\"Tiempo de lectura\" \/>\n\t<meta name=\"twitter:data2\" content=\"2 minutos\" \/>\n<script type=\"application\/ld+json\" class=\"yoast-schema-graph\">{\"@context\":\"https:\\\/\\\/schema.org\",\"@graph\":[{\"@type\":\"Article\",\"@id\":\"https:\\\/\\\/diariotextual.com\\\/inicio\\\/index.php\\\/2019\\\/08\\\/09\\\/piden-la-unlpam-dicte-carreras-la-localidad-bonaerense-pellegrini\\\/#article\",\"isPartOf\":{\"@id\":\"https:\\\/\\\/diariotextual.com\\\/inicio\\\/index.php\\\/2019\\\/08\\\/09\\\/piden-la-unlpam-dicte-carreras-la-localidad-bonaerense-pellegrini\\\/\"},\"author\":{\"name\":\"Diario1 Diario1\",\"@id\":\"https:\\\/\\\/diariotextual.com\\\/inicio\\\/#\\\/schema\\\/person\\\/418fc4093c33e86ed41562db3508f958\"},\"headline\":\"Piden que la UNLPam dicte carreras en la localidad bonaerense de Pellegrini\",\"datePublished\":\"2019-08-09T19:42:52+00:00\",\"dateModified\":\"2019-08-10T23:20:20+00:00\",\"mainEntityOfPage\":{\"@id\":\"https:\\\/\\\/diariotextual.com\\\/inicio\\\/index.php\\\/2019\\\/08\\\/09\\\/piden-la-unlpam-dicte-carreras-la-localidad-bonaerense-pellegrini\\\/\"},\"wordCount\":334,\"publisher\":{\"@id\":\"https:\\\/\\\/diariotextual.com\\\/inicio\\\/#organization\"},\"image\":{\"@id\":\"https:\\\/\\\/diariotextual.com\\\/inicio\\\/index.php\\\/2019\\\/08\\\/09\\\/piden-la-unlpam-dicte-carreras-la-localidad-bonaerense-pellegrini\\\/#primaryimage\"},\"thumbnailUrl\":\"https:\\\/\\\/diariotextual.com\\\/inicio\\\/wp-content\\\/uploads\\\/2019\\\/08\\\/unlpampellegrini2019-1.jpg\",\"articleSection\":[\"A - TEMPORALES\",\"SOCIEDAD\"],\"inLanguage\":\"es\"},{\"@type\":\"WebPage\",\"@id\":\"https:\\\/\\\/diariotextual.com\\\/inicio\\\/index.php\\\/2019\\\/08\\\/09\\\/piden-la-unlpam-dicte-carreras-la-localidad-bonaerense-pellegrini\\\/\",\"url\":\"https:\\\/\\\/diariotextual.com\\\/inicio\\\/index.php\\\/2019\\\/08\\\/09\\\/piden-la-unlpam-dicte-carreras-la-localidad-bonaerense-pellegrini\\\/\",\"name\":\"Piden que la UNLPam dicte carreras en la localidad bonaerense de Pellegrini - Diario Textual\",\"isPartOf\":{\"@id\":\"https:\\\/\\\/diariotextual.com\\\/inicio\\\/#website\"},\"primaryImageOfPage\":{\"@id\":\"https:\\\/\\\/diariotextual.com\\\/inicio\\\/index.php\\\/2019\\\/08\\\/09\\\/piden-la-unlpam-dicte-carreras-la-localidad-bonaerense-pellegrini\\\/#primaryimage\"},\"image\":{\"@id\":\"https:\\\/\\\/diariotextual.com\\\/inicio\\\/index.php\\\/2019\\\/08\\\/09\\\/piden-la-unlpam-dicte-carreras-la-localidad-bonaerense-pellegrini\\\/#primaryimage\"},\"thumbnailUrl\":\"https:\\\/\\\/diariotextual.com\\\/inicio\\\/wp-content\\\/uploads\\\/2019\\\/08\\\/unlpampellegrini2019-1.jpg\",\"datePublished\":\"2019-08-09T19:42:52+00:00\",\"dateModified\":\"2019-08-10T23:20:20+00:00\",\"breadcrumb\":{\"@id\":\"https:\\\/\\\/diariotextual.com\\\/inicio\\\/index.php\\\/2019\\\/08\\\/09\\\/piden-la-unlpam-dicte-carreras-la-localidad-bonaerense-pellegrini\\\/#breadcrumb\"},\"inLanguage\":\"es\",\"potentialAction\":[{\"@type\":\"ReadAction\",\"target\":[\"https:\\\/\\\/diariotextual.com\\\/inicio\\\/index.php\\\/2019\\\/08\\\/09\\\/piden-la-unlpam-dicte-carreras-la-localidad-bonaerense-pellegrini\\\/\"]}]},{\"@type\":\"ImageObject\",\"inLanguage\":\"es\",\"@id\":\"https:\\\/\\\/diariotextual.com\\\/inicio\\\/index.php\\\/2019\\\/08\\\/09\\\/piden-la-unlpam-dicte-carreras-la-localidad-bonaerense-pellegrini\\\/#primaryimage\",\"url\":\"https:\\\/\\\/diariotextual.com\\\/inicio\\\/wp-content\\\/uploads\\\/2019\\\/08\\\/unlpampellegrini2019-1.jpg\",\"contentUrl\":\"https:\\\/\\\/diariotextual.com\\\/inicio\\\/wp-content\\\/uploads\\\/2019\\\/08\\\/unlpampellegrini2019-1.jpg\",\"width\":956,\"height\":673},{\"@type\":\"BreadcrumbList\",\"@id\":\"https:\\\/\\\/diariotextual.com\\\/inicio\\\/index.php\\\/2019\\\/08\\\/09\\\/piden-la-unlpam-dicte-carreras-la-localidad-bonaerense-pellegrini\\\/#breadcrumb\",\"itemListElement\":[{\"@type\":\"ListItem\",\"position\":1,\"name\":\"Portada\",\"item\":\"https:\\\/\\\/diariotextual.com\\\/inicio\\\/\"},{\"@type\":\"ListItem\",\"position\":2,\"name\":\"Piden que la UNLPam dicte carreras en la localidad bonaerense de Pellegrini\"}]},{\"@type\":\"WebSite\",\"@id\":\"https:\\\/\\\/diariotextual.com\\\/inicio\\\/#website\",\"url\":\"https:\\\/\\\/diariotextual.com\\\/inicio\\\/\",\"name\":\"Diario Textual\",\"description\":\"\",\"publisher\":{\"@id\":\"https:\\\/\\\/diariotextual.com\\\/inicio\\\/#organization\"},\"potentialAction\":[{\"@type\":\"SearchAction\",\"target\":{\"@type\":\"EntryPoint\",\"urlTemplate\":\"https:\\\/\\\/diariotextual.com\\\/inicio\\\/?s={search_term_string}\"},\"query-input\":{\"@type\":\"PropertyValueSpecification\",\"valueRequired\":true,\"valueName\":\"search_term_string\"}}],\"inLanguage\":\"es\"},{\"@type\":\"Organization\",\"@id\":\"https:\\\/\\\/diariotextual.com\\\/inicio\\\/#organization\",\"name\":\"Diario Textual\",\"url\":\"https:\\\/\\\/diariotextual.com\\\/inicio\\\/\",\"logo\":{\"@type\":\"ImageObject\",\"inLanguage\":\"es\",\"@id\":\"https:\\\/\\\/diariotextual.com\\\/inicio\\\/#\\\/schema\\\/logo\\\/image\\\/\",\"url\":\"https:\\\/\\\/diariotextual.com\\\/inicio\\\/wp-content\\\/uploads\\\/2023\\\/05\\\/logotextual1.jpg\",\"contentUrl\":\"https:\\\/\\\/diariotextual.com\\\/inicio\\\/wp-content\\\/uploads\\\/2023\\\/05\\\/logotextual1.jpg\",\"width\":516,\"height\":76,\"caption\":\"Diario Textual\"},\"image\":{\"@id\":\"https:\\\/\\\/diariotextual.com\\\/inicio\\\/#\\\/schema\\\/logo\\\/image\\\/\"},\"sameAs\":[\"https:\\\/\\\/www.facebook.com\\\/eltextual\",\"https:\\\/\\\/x.com\\\/eltextual\",\"http:\\\/\\\/www.instagram.com\\\/eltextual\"]},{\"@type\":\"Person\",\"@id\":\"https:\\\/\\\/diariotextual.com\\\/inicio\\\/#\\\/schema\\\/person\\\/418fc4093c33e86ed41562db3508f958\",\"name\":\"Diario1 Diario1\",\"image\":{\"@type\":\"ImageObject\",\"inLanguage\":\"es\",\"@id\":\"https:\\\/\\\/secure.gravatar.com\\\/avatar\\\/9167d280179c85bc18be67aa7eda765854300033af4896dd779b608640f2ef7a?s=96&d=mm&r=g\",\"url\":\"https:\\\/\\\/secure.gravatar.com\\\/avatar\\\/9167d280179c85bc18be67aa7eda765854300033af4896dd779b608640f2ef7a?s=96&d=mm&r=g\",\"contentUrl\":\"https:\\\/\\\/secure.gravatar.com\\\/avatar\\\/9167d280179c85bc18be67aa7eda765854300033af4896dd779b608640f2ef7a?s=96&d=mm&r=g\",\"caption\":\"Diario1 Diario1\"},\"url\":\"https:\\\/\\\/diariotextual.com\\\/inicio\\\/index.php\\\/author\\\/diario1\\\/\"}]}<\/script>\n<!-- \/ Yoast SEO plugin. -->","yoast_head_json":{"title":"Piden que la UNLPam dicte carreras en la localidad bonaerense de Pellegrini - Diario Textual","robots":{"index":"index","follow":"follow","max-snippet":"max-snippet:-1","max-image-preview":"max-image-preview:large","max-video-preview":"max-video-preview:-1"},"canonical":"https:\/\/diariotextual.com\/inicio\/index.php\/2019\/08\/09\/piden-la-unlpam-dicte-carreras-la-localidad-bonaerense-pellegrini\/","og_locale":"es_ES","og_type":"article","og_title":"Piden que la UNLPam dicte carreras en la localidad bonaerense de Pellegrini - Diario Textual","og_description":"La intendencia de Pellegrini pidi\u00f3 que la Universidad Nacional de La Pampa (UNLPam) analice la posibilidad de dictar carreras y desarrollar actividades y proyectos universitarios en su localidad. El rector&hellip;","og_url":"https:\/\/diariotextual.com\/inicio\/index.php\/2019\/08\/09\/piden-la-unlpam-dicte-carreras-la-localidad-bonaerense-pellegrini\/","og_site_name":"Diario Textual","article_publisher":"https:\/\/www.facebook.com\/eltextual","article_published_time":"2019-08-09T19:42:52+00:00","article_modified_time":"2019-08-10T23:20:20+00:00","og_image":[{"width":956,"height":673,"url":"https:\/\/diariotextual.com\/inicio\/wp-content\/uploads\/2019\/08\/unlpampellegrini2019-1.jpg","type":"image\/jpeg"}],"author":"Diario1 Diario1","twitter_card":"summary_large_image","twitter_creator":"@eltextual","twitter_site":"@eltextual","twitter_misc":{"Escrito por":"Diario1 Diario1","Tiempo de lectura":"2 minutos"},"schema":{"@context":"https:\/\/schema.org","@graph":[{"@type":"Article","@id":"https:\/\/diariotextual.com\/inicio\/index.php\/2019\/08\/09\/piden-la-unlpam-dicte-carreras-la-localidad-bonaerense-pellegrini\/#article","isPartOf":{"@id":"https:\/\/diariotextual.com\/inicio\/index.php\/2019\/08\/09\/piden-la-unlpam-dicte-carreras-la-localidad-bonaerense-pellegrini\/"},"author":{"name":"Diario1 Diario1","@id":"https:\/\/diariotextual.com\/inicio\/#\/schema\/person\/418fc4093c33e86ed41562db3508f958"},"headline":"Piden que la UNLPam dicte carreras en la localidad bonaerense de Pellegrini","datePublished":"2019-08-09T19:42:52+00:00","dateModified":"2019-08-10T23:20:20+00:00","mainEntityOfPage":{"@id":"https:\/\/diariotextual.com\/inicio\/index.php\/2019\/08\/09\/piden-la-unlpam-dicte-carreras-la-localidad-bonaerense-pellegrini\/"},"wordCount":334,"publisher":{"@id":"https:\/\/diariotextual.com\/inicio\/#organization"},"image":{"@id":"https:\/\/diariotextual.com\/inicio\/index.php\/2019\/08\/09\/piden-la-unlpam-dicte-carreras-la-localidad-bonaerense-pellegrini\/#primaryimage"},"thumbnailUrl":"https:\/\/diariotextual.com\/inicio\/wp-content\/uploads\/2019\/08\/unlpampellegrini2019-1.jpg","articleSection":["A - TEMPORALES","SOCIEDAD"],"inLanguage":"es"},{"@type":"WebPage","@id":"https:\/\/diariotextual.com\/inicio\/index.php\/2019\/08\/09\/piden-la-unlpam-dicte-carreras-la-localidad-bonaerense-pellegrini\/","url":"https:\/\/diariotextual.com\/inicio\/index.php\/2019\/08\/09\/piden-la-unlpam-dicte-carreras-la-localidad-bonaerense-pellegrini\/","name":"Piden que la UNLPam dicte carreras en la localidad bonaerense de Pellegrini - Diario Textual","isPartOf":{"@id":"https:\/\/diariotextual.com\/inicio\/#website"},"primaryImageOfPage":{"@id":"https:\/\/diariotextual.com\/inicio\/index.php\/2019\/08\/09\/piden-la-unlpam-dicte-carreras-la-localidad-bonaerense-pellegrini\/#primaryimage"},"image":{"@id":"https:\/\/diariotextual.com\/inicio\/index.php\/2019\/08\/09\/piden-la-unlpam-dicte-carreras-la-localidad-bonaerense-pellegrini\/#primaryimage"},"thumbnailUrl":"https:\/\/diariotextual.com\/inicio\/wp-content\/uploads\/2019\/08\/unlpampellegrini2019-1.jpg","datePublished":"2019-08-09T19:42:52+00:00","dateModified":"2019-08-10T23:20:20+00:00","breadcrumb":{"@id":"https:\/\/diariotextual.com\/inicio\/index.php\/2019\/08\/09\/piden-la-unlpam-dicte-carreras-la-localidad-bonaerense-pellegrini\/#breadcrumb"},"inLanguage":"es","potentialAction":[{"@type":"ReadAction","target":["https:\/\/diariotextual.com\/inicio\/index.php\/2019\/08\/09\/piden-la-unlpam-dicte-carreras-la-localidad-bonaerense-pellegrini\/"]}]},{"@type":"ImageObject","inLanguage":"es","@id":"https:\/\/diariotextual.com\/inicio\/index.php\/2019\/08\/09\/piden-la-unlpam-dicte-carreras-la-localidad-bonaerense-pellegrini\/#primaryimage","url":"https:\/\/diariotextual.com\/inicio\/wp-content\/uploads\/2019\/08\/unlpampellegrini2019-1.jpg","contentUrl":"https:\/\/diariotextual.com\/inicio\/wp-content\/uploads\/2019\/08\/unlpampellegrini2019-1.jpg","width":956,"height":673},{"@type":"BreadcrumbList","@id":"https:\/\/diariotextual.com\/inicio\/index.php\/2019\/08\/09\/piden-la-unlpam-dicte-carreras-la-localidad-bonaerense-pellegrini\/#breadcrumb","itemListElement":[{"@type":"ListItem","position":1,"name":"Portada","item":"https:\/\/diariotextual.com\/inicio\/"},{"@type":"ListItem","position":2,"name":"Piden que la UNLPam dicte carreras en la localidad bonaerense de Pellegrini"}]},{"@type":"WebSite","@id":"https:\/\/diariotextual.com\/inicio\/#website","url":"https:\/\/diariotextual.com\/inicio\/","name":"Diario Textual","description":"","publisher":{"@id":"https:\/\/diariotextual.com\/inicio\/#organization"},"potentialAction":[{"@type":"SearchAction","target":{"@type":"EntryPoint","urlTemplate":"https:\/\/diariotextual.com\/inicio\/?s={search_term_string}"},"query-input":{"@type":"PropertyValueSpecification","valueRequired":true,"valueName":"search_term_string"}}],"inLanguage":"es"},{"@type":"Organization","@id":"https:\/\/diariotextual.com\/inicio\/#organization","name":"Diario Textual","url":"https:\/\/diariotextual.com\/inicio\/","logo":{"@type":"ImageObject","inLanguage":"es","@id":"https:\/\/diariotextual.com\/inicio\/#\/schema\/logo\/image\/","url":"https:\/\/diariotextual.com\/inicio\/wp-content\/uploads\/2023\/05\/logotextual1.jpg","contentUrl":"https:\/\/diariotextual.com\/inicio\/wp-content\/uploads\/2023\/05\/logotextual1.jpg","width":516,"height":76,"caption":"Diario Textual"},"image":{"@id":"https:\/\/diariotextual.com\/inicio\/#\/schema\/logo\/image\/"},"sameAs":["https:\/\/www.facebook.com\/eltextual","https:\/\/x.com\/eltextual","http:\/\/www.instagram.com\/eltextual"]},{"@type":"Person","@id":"https:\/\/diariotextual.com\/inicio\/#\/schema\/person\/418fc4093c33e86ed41562db3508f958","name":"Diario1 Diario1","image":{"@type":"ImageObject","inLanguage":"es","@id":"https:\/\/secure.gravatar.com\/avatar\/9167d280179c85bc18be67aa7eda765854300033af4896dd779b608640f2ef7a?s=96&d=mm&r=g","url":"https:\/\/secure.gravatar.com\/avatar\/9167d280179c85bc18be67aa7eda765854300033af4896dd779b608640f2ef7a?s=96&d=mm&r=g","contentUrl":"https:\/\/secure.gravatar.com\/avatar\/9167d280179c85bc18be67aa7eda765854300033af4896dd779b608640f2ef7a?s=96&d=mm&r=g","caption":"Diario1 Diario1"},"url":"https:\/\/diariotextual.com\/inicio\/index.php\/author\/diario1\/"}]}},"_links":{"self":[{"href":"https:\/\/diariotextual.com\/inicio\/index.php\/wp-json\/wp\/v2\/posts\/58736","targetHints":{"allow":["GET"]}}],"collection":[{"href":"https:\/\/diariotextual.com\/inicio\/index.php\/wp-json\/wp\/v2\/posts"}],"about":[{"href":"https:\/\/diariotextual.com\/inicio\/index.php\/wp-json\/wp\/v2\/types\/post"}],"author":[{"embeddable":true,"href":"https:\/\/diariotextual.com\/inicio\/index.php\/wp-json\/wp\/v2\/users\/3"}],"replies":[{"embeddable":true,"href":"https:\/\/diariotextual.com\/inicio\/index.php\/wp-json\/wp\/v2\/comments?post=58736"}],"version-history":[{"count":1,"href":"https:\/\/diariotextual.com\/inicio\/index.php\/wp-json\/wp\/v2\/posts\/58736\/revisions"}],"predecessor-version":[{"id":58737,"href":"https:\/\/diariotextual.com\/inicio\/index.php\/wp-json\/wp\/v2\/posts\/58736\/revisions\/58737"}],"wp:featuredmedia":[{"embeddable":true,"href":"https:\/\/diariotextual.com\/inicio\/index.php\/wp-json\/wp\/v2\/media\/58743"}],"wp:attachment":[{"href":"https:\/\/diariotextual.com\/inicio\/index.php\/wp-json\/wp\/v2\/media?parent=58736"}],"wp:term":[{"taxonomy":"category","embeddable":true,"href":"https:\/\/diariotextual.com\/inicio\/index.php\/wp-json\/wp\/v2\/categories?post=58736"},{"taxonomy":"post_tag","embeddable":true,"href":"https:\/\/diariotextual.com\/inicio\/index.php\/wp-json\/wp\/v2\/tags?post=58736"}],"curies":[{"name":"wp","href":"https:\/\/api.w.org\/{rel}","templated":true}]}}