{"id":58744,"date":"2019-08-09T17:30:51","date_gmt":"2019-08-09T20:30:51","guid":{"rendered":"http:\/\/diariotextual.com\/inicio\/?p=58744"},"modified":"2019-08-10T06:46:21","modified_gmt":"2019-08-10T09:46:21","slug":"cronograma-del-5-festival-pam-periodismo-literatura","status":"publish","type":"post","link":"https:\/\/diariotextual.com\/inicio\/index.php\/2019\/08\/09\/cronograma-del-5-festival-pam-periodismo-literatura\/","title":{"rendered":"El cronograma del 5\u00b0 Festival \u00a1PAM! (Periodismo &#038; Literatura)"},"content":{"rendered":"<p>Del <strong>28 de agosto al 1 de septiembre,<\/strong> en la capital pampeana, con la participaci\u00f3n de periodistas y escritores, locales y de otras partes del pa\u00eds, se desarrollar\u00e1 el<strong> 5\u00b0 Festival \u00a1PAM!<\/strong>.<\/p>\n<p><!--more--><\/p>\n<p>El cronograma es el siguiente:<\/p>\n<p><strong>Mi\u00e9rcoles 28 de Agosto:<\/strong><\/p>\n<p>-Presentaci\u00f3n del libro \u00ab<strong>Historias de Encuentros. 25 a\u00f1os de Inaun\u00bb<\/strong>, la historia del programa para j\u00f3venes INAUN, realizado por Daniela Melchor y Gustavo Silvestre. Presenta Marcelo V\u00e9lez y Federico Camiletti.<\/p>\n<p>Hora: 19 \/ Lugar: Sal\u00f3n del Consejo Superior de la UNLPam (Gil 353, 3\u00ba piso).<\/p>\n<p><strong>Jueves 29 de Agosto:<\/strong><\/p>\n<p><strong>Pintada de mural en el Sindicato de Prensa<\/strong>, con I\u00f1aki Echeverr\u00eda y Revista HB.<\/p>\n<p>Hora: 10 \/ Lugar: Sindicato de Prensa Zona Sur (Yrigoyen 469).<\/p>\n<p>-Taller de introducci\u00f3n a la novela gr\u00e1fica, a cargo de I\u00f1aki Echeverr\u00eda.<\/p>\n<p>Hora: 15 \/ Lugar: Espacio Ecoworking (25 de Mayo 336).<\/p>\n<p>-\u00c1gape y <strong>celebraci\u00f3n de la Cr\u00f3nica Gr\u00e1fica \u201cESMA\u201d<\/strong>, de Juan Carr\u00e1 e I\u00f1aki Echeverr\u00eda.<\/p>\n<p>Hora: 18.30 \/ Lugar: 451 Libros (San Mart\u00edn 167).<\/p>\n<p>-\u201cJ. Timerman\u201d, obra de teatro de Eva Halac.<\/p>\n<p>Hora: 21 \/ Lugar: Usina de la CPE (1\u00ba de Mayo y Ra\u00fal B. D\u00edaz).<\/p>\n<p><strong>Viernes 30 de Agosto<\/strong><\/p>\n<p>&#8211;<strong>\u201cPeriodismo, literatura y g\u00e9nero\u201d, charla con Paula Jim\u00e9nez Espa\u00f1a<\/strong>, A\u00edda Arias y Ver\u00f3nica Mac Lennan.<\/p>\n<p>Hora: 19.30 \/ Lugar: 451 Libros (San Mart\u00edn 167).<\/p>\n<p><strong>S\u00e1bado 31 de Agosto<\/strong><\/p>\n<p>&#8211;<strong>Taller de poes\u00eda, brindado por Paula Jim\u00e9nez Espa\u00f1a.<\/strong><\/p>\n<p>Hora: 10 \/ Lugar: Casa Museo Olga Orozco (Toay).<\/p>\n<p>&#8211;<strong>Periodismo y Pol\u00edtica. Primera parte a cargo de Mart\u00edn Notarfrancesco<\/strong>. C\u00f3mo hacer hablar a las encuestas, los grupos focales como fuentes de informaci\u00f3n y el mundo de la comunicaci\u00f3n pol\u00edtica como una salida laboral.<\/p>\n<p>Hora: 10 \/ Lugar: Museo de Historia Natural (Quintana 116).<\/p>\n<p>&#8211;<strong>Periodismo y Pol\u00edtica. Segunda parte a cargo de Pablo Waisberg.<\/strong> C\u00f3mo salirse de la redacci\u00f3n para hacer comunicaci\u00f3n pol\u00edtica y sobrevivir en el periodismo. Experiencias comunicacionales de organizaciones sociales. La comunicaci\u00f3n: \u00bfComplemento o parte de la pol\u00edtica? La experiencia brasile\u00f1a.<\/p>\n<p>Hora: 11.30 \/ Lugar: Museo de Historia Natural (Quintana 116).<\/p>\n<p>&#8211;<strong>Felipe Celesia presenta su libro \u201cLa muerte es el olvido\u201d<\/strong>, la historia del Equipo Argentino de Antropolog\u00eda Forense.<\/p>\n<p>Hora: 19 \/ Lugar: 451 Libros (San Mart\u00edn 167).<\/p>\n<p>&#8211;<strong>\u201cEl pa\u00eds que viene\u201d, conversatorio del festival con Mart\u00edn Notarfrancesco, Felipe Celesia, Gaby Bonavitta y Pablo Waisberg<\/strong>.<\/p>\n<p>Hora: 20:30 \/ Lugar: 451 Libros (San Mart\u00edn 167).<\/p>\n<p><strong>Domingo 1 de Septiembre<\/strong><\/p>\n<p>-Documental \u201cLa Feliz, continuidades de la violencia\u201d, de Valent\u00edn Javier Diment.<\/p>\n<p>Hora: 19.30 \/ Lugar: Espacio INCAA (Quintana 172).<\/p>\n","protected":false},"excerpt":{"rendered":"<p>Del 28 de agosto al 1 de septiembre, en la capital pampeana, con la participaci\u00f3n de periodistas y escritores, locales y de otras partes del pa\u00eds, se desarrollar\u00e1 el 5\u00b0&hellip;<\/p>\n","protected":false},"author":5,"featured_media":18146,"comment_status":"closed","ping_status":"open","sticky":false,"template":"","format":"standard","meta":{"_acf_changed":false,"footnotes":""},"categories":[11,319,2],"tags":[],"class_list":["post-58744","post","type-post","status-publish","format-standard","has-post-thumbnail","hentry","category-que-pasa","category-a-temporales","category-cultura"],"acf":[],"yoast_head":"<!-- This site is optimized with the Yoast SEO plugin v27.5 - https:\/\/yoast.com\/product\/yoast-seo-wordpress\/ -->\n<title>El cronograma del 5\u00b0 Festival \u00a1PAM! (Periodismo &amp; Literatura) - Diario Textual<\/title>\n<meta name=\"robots\" content=\"index, follow, max-snippet:-1, max-image-preview:large, max-video-preview:-1\" \/>\n<link rel=\"canonical\" href=\"https:\/\/diariotextual.com\/inicio\/index.php\/2019\/08\/09\/cronograma-del-5-festival-pam-periodismo-literatura\/\" \/>\n<meta property=\"og:locale\" content=\"es_ES\" \/>\n<meta property=\"og:type\" content=\"article\" \/>\n<meta property=\"og:title\" content=\"El cronograma del 5\u00b0 Festival \u00a1PAM! (Periodismo &amp; Literatura) - Diario Textual\" \/>\n<meta property=\"og:description\" content=\"Del 28 de agosto al 1 de septiembre, en la capital pampeana, con la participaci\u00f3n de periodistas y escritores, locales y de otras partes del pa\u00eds, se desarrollar\u00e1 el 5\u00b0&hellip;\" \/>\n<meta property=\"og:url\" content=\"https:\/\/diariotextual.com\/inicio\/index.php\/2019\/08\/09\/cronograma-del-5-festival-pam-periodismo-literatura\/\" \/>\n<meta property=\"og:site_name\" content=\"Diario Textual\" \/>\n<meta property=\"article:publisher\" content=\"https:\/\/www.facebook.com\/eltextual\" \/>\n<meta property=\"article:published_time\" content=\"2019-08-09T20:30:51+00:00\" \/>\n<meta property=\"article:modified_time\" content=\"2019-08-10T09:46:21+00:00\" \/>\n<meta property=\"og:image\" content=\"https:\/\/diariotextual.com\/inicio\/wp-content\/uploads\/2018\/08\/festivalpam2431.jpg\" \/>\n\t<meta property=\"og:image:width\" content=\"832\" \/>\n\t<meta property=\"og:image:height\" content=\"502\" \/>\n\t<meta property=\"og:image:type\" content=\"image\/jpeg\" \/>\n<meta name=\"author\" content=\"diario3\" \/>\n<meta name=\"twitter:card\" content=\"summary_large_image\" \/>\n<meta name=\"twitter:creator\" content=\"@eltextual\" \/>\n<meta name=\"twitter:site\" content=\"@eltextual\" \/>\n<meta name=\"twitter:label1\" content=\"Escrito por\" \/>\n\t<meta name=\"twitter:data1\" content=\"diario3\" \/>\n\t<meta name=\"twitter:label2\" content=\"Tiempo de lectura\" \/>\n\t<meta name=\"twitter:data2\" content=\"2 minutos\" \/>\n<script type=\"application\/ld+json\" class=\"yoast-schema-graph\">{\"@context\":\"https:\\\/\\\/schema.org\",\"@graph\":[{\"@type\":\"Article\",\"@id\":\"https:\\\/\\\/diariotextual.com\\\/inicio\\\/index.php\\\/2019\\\/08\\\/09\\\/cronograma-del-5-festival-pam-periodismo-literatura\\\/#article\",\"isPartOf\":{\"@id\":\"https:\\\/\\\/diariotextual.com\\\/inicio\\\/index.php\\\/2019\\\/08\\\/09\\\/cronograma-del-5-festival-pam-periodismo-literatura\\\/\"},\"author\":{\"name\":\"diario3\",\"@id\":\"https:\\\/\\\/diariotextual.com\\\/inicio\\\/#\\\/schema\\\/person\\\/a1b6f563e0ee944c60f98119389a4d9f\"},\"headline\":\"El cronograma del 5\u00b0 Festival \u00a1PAM! (Periodismo &#038; Literatura)\",\"datePublished\":\"2019-08-09T20:30:51+00:00\",\"dateModified\":\"2019-08-10T09:46:21+00:00\",\"mainEntityOfPage\":{\"@id\":\"https:\\\/\\\/diariotextual.com\\\/inicio\\\/index.php\\\/2019\\\/08\\\/09\\\/cronograma-del-5-festival-pam-periodismo-literatura\\\/\"},\"wordCount\":415,\"publisher\":{\"@id\":\"https:\\\/\\\/diariotextual.com\\\/inicio\\\/#organization\"},\"image\":{\"@id\":\"https:\\\/\\\/diariotextual.com\\\/inicio\\\/index.php\\\/2019\\\/08\\\/09\\\/cronograma-del-5-festival-pam-periodismo-literatura\\\/#primaryimage\"},\"thumbnailUrl\":\"https:\\\/\\\/diariotextual.com\\\/inicio\\\/wp-content\\\/uploads\\\/2018\\\/08\\\/festivalpam2431.jpg\",\"articleSection\":[\"A - QUE PASA (al costado)\",\"A - TEMPORALES\",\"CULTURA\"],\"inLanguage\":\"es\"},{\"@type\":\"WebPage\",\"@id\":\"https:\\\/\\\/diariotextual.com\\\/inicio\\\/index.php\\\/2019\\\/08\\\/09\\\/cronograma-del-5-festival-pam-periodismo-literatura\\\/\",\"url\":\"https:\\\/\\\/diariotextual.com\\\/inicio\\\/index.php\\\/2019\\\/08\\\/09\\\/cronograma-del-5-festival-pam-periodismo-literatura\\\/\",\"name\":\"El cronograma del 5\u00b0 Festival \u00a1PAM! (Periodismo & Literatura) - Diario Textual\",\"isPartOf\":{\"@id\":\"https:\\\/\\\/diariotextual.com\\\/inicio\\\/#website\"},\"primaryImageOfPage\":{\"@id\":\"https:\\\/\\\/diariotextual.com\\\/inicio\\\/index.php\\\/2019\\\/08\\\/09\\\/cronograma-del-5-festival-pam-periodismo-literatura\\\/#primaryimage\"},\"image\":{\"@id\":\"https:\\\/\\\/diariotextual.com\\\/inicio\\\/index.php\\\/2019\\\/08\\\/09\\\/cronograma-del-5-festival-pam-periodismo-literatura\\\/#primaryimage\"},\"thumbnailUrl\":\"https:\\\/\\\/diariotextual.com\\\/inicio\\\/wp-content\\\/uploads\\\/2018\\\/08\\\/festivalpam2431.jpg\",\"datePublished\":\"2019-08-09T20:30:51+00:00\",\"dateModified\":\"2019-08-10T09:46:21+00:00\",\"breadcrumb\":{\"@id\":\"https:\\\/\\\/diariotextual.com\\\/inicio\\\/index.php\\\/2019\\\/08\\\/09\\\/cronograma-del-5-festival-pam-periodismo-literatura\\\/#breadcrumb\"},\"inLanguage\":\"es\",\"potentialAction\":[{\"@type\":\"ReadAction\",\"target\":[\"https:\\\/\\\/diariotextual.com\\\/inicio\\\/index.php\\\/2019\\\/08\\\/09\\\/cronograma-del-5-festival-pam-periodismo-literatura\\\/\"]}]},{\"@type\":\"ImageObject\",\"inLanguage\":\"es\",\"@id\":\"https:\\\/\\\/diariotextual.com\\\/inicio\\\/index.php\\\/2019\\\/08\\\/09\\\/cronograma-del-5-festival-pam-periodismo-literatura\\\/#primaryimage\",\"url\":\"https:\\\/\\\/diariotextual.com\\\/inicio\\\/wp-content\\\/uploads\\\/2018\\\/08\\\/festivalpam2431.jpg\",\"contentUrl\":\"https:\\\/\\\/diariotextual.com\\\/inicio\\\/wp-content\\\/uploads\\\/2018\\\/08\\\/festivalpam2431.jpg\",\"width\":832,\"height\":502},{\"@type\":\"BreadcrumbList\",\"@id\":\"https:\\\/\\\/diariotextual.com\\\/inicio\\\/index.php\\\/2019\\\/08\\\/09\\\/cronograma-del-5-festival-pam-periodismo-literatura\\\/#breadcrumb\",\"itemListElement\":[{\"@type\":\"ListItem\",\"position\":1,\"name\":\"Portada\",\"item\":\"https:\\\/\\\/diariotextual.com\\\/inicio\\\/\"},{\"@type\":\"ListItem\",\"position\":2,\"name\":\"El cronograma del 5\u00b0 Festival \u00a1PAM! (Periodismo &#038; Literatura)\"}]},{\"@type\":\"WebSite\",\"@id\":\"https:\\\/\\\/diariotextual.com\\\/inicio\\\/#website\",\"url\":\"https:\\\/\\\/diariotextual.com\\\/inicio\\\/\",\"name\":\"Diario Textual\",\"description\":\"\",\"publisher\":{\"@id\":\"https:\\\/\\\/diariotextual.com\\\/inicio\\\/#organization\"},\"potentialAction\":[{\"@type\":\"SearchAction\",\"target\":{\"@type\":\"EntryPoint\",\"urlTemplate\":\"https:\\\/\\\/diariotextual.com\\\/inicio\\\/?s={search_term_string}\"},\"query-input\":{\"@type\":\"PropertyValueSpecification\",\"valueRequired\":true,\"valueName\":\"search_term_string\"}}],\"inLanguage\":\"es\"},{\"@type\":\"Organization\",\"@id\":\"https:\\\/\\\/diariotextual.com\\\/inicio\\\/#organization\",\"name\":\"Diario Textual\",\"url\":\"https:\\\/\\\/diariotextual.com\\\/inicio\\\/\",\"logo\":{\"@type\":\"ImageObject\",\"inLanguage\":\"es\",\"@id\":\"https:\\\/\\\/diariotextual.com\\\/inicio\\\/#\\\/schema\\\/logo\\\/image\\\/\",\"url\":\"https:\\\/\\\/diariotextual.com\\\/inicio\\\/wp-content\\\/uploads\\\/2023\\\/05\\\/logotextual1.jpg\",\"contentUrl\":\"https:\\\/\\\/diariotextual.com\\\/inicio\\\/wp-content\\\/uploads\\\/2023\\\/05\\\/logotextual1.jpg\",\"width\":516,\"height\":76,\"caption\":\"Diario Textual\"},\"image\":{\"@id\":\"https:\\\/\\\/diariotextual.com\\\/inicio\\\/#\\\/schema\\\/logo\\\/image\\\/\"},\"sameAs\":[\"https:\\\/\\\/www.facebook.com\\\/eltextual\",\"https:\\\/\\\/x.com\\\/eltextual\",\"http:\\\/\\\/www.instagram.com\\\/eltextual\"]},{\"@type\":\"Person\",\"@id\":\"https:\\\/\\\/diariotextual.com\\\/inicio\\\/#\\\/schema\\\/person\\\/a1b6f563e0ee944c60f98119389a4d9f\",\"name\":\"diario3\",\"image\":{\"@type\":\"ImageObject\",\"inLanguage\":\"es\",\"@id\":\"https:\\\/\\\/secure.gravatar.com\\\/avatar\\\/5e7ee62c82fc04d9dd79d746a390d93c69c43223e5faeeb3ea9461ef752bfc5d?s=96&d=mm&r=g\",\"url\":\"https:\\\/\\\/secure.gravatar.com\\\/avatar\\\/5e7ee62c82fc04d9dd79d746a390d93c69c43223e5faeeb3ea9461ef752bfc5d?s=96&d=mm&r=g\",\"contentUrl\":\"https:\\\/\\\/secure.gravatar.com\\\/avatar\\\/5e7ee62c82fc04d9dd79d746a390d93c69c43223e5faeeb3ea9461ef752bfc5d?s=96&d=mm&r=g\",\"caption\":\"diario3\"},\"url\":\"https:\\\/\\\/diariotextual.com\\\/inicio\\\/index.php\\\/author\\\/diario3\\\/\"}]}<\/script>\n<!-- \/ Yoast SEO plugin. -->","yoast_head_json":{"title":"El cronograma del 5\u00b0 Festival \u00a1PAM! (Periodismo & Literatura) - Diario Textual","robots":{"index":"index","follow":"follow","max-snippet":"max-snippet:-1","max-image-preview":"max-image-preview:large","max-video-preview":"max-video-preview:-1"},"canonical":"https:\/\/diariotextual.com\/inicio\/index.php\/2019\/08\/09\/cronograma-del-5-festival-pam-periodismo-literatura\/","og_locale":"es_ES","og_type":"article","og_title":"El cronograma del 5\u00b0 Festival \u00a1PAM! (Periodismo & Literatura) - Diario Textual","og_description":"Del 28 de agosto al 1 de septiembre, en la capital pampeana, con la participaci\u00f3n de periodistas y escritores, locales y de otras partes del pa\u00eds, se desarrollar\u00e1 el 5\u00b0&hellip;","og_url":"https:\/\/diariotextual.com\/inicio\/index.php\/2019\/08\/09\/cronograma-del-5-festival-pam-periodismo-literatura\/","og_site_name":"Diario Textual","article_publisher":"https:\/\/www.facebook.com\/eltextual","article_published_time":"2019-08-09T20:30:51+00:00","article_modified_time":"2019-08-10T09:46:21+00:00","og_image":[{"width":832,"height":502,"url":"https:\/\/diariotextual.com\/inicio\/wp-content\/uploads\/2018\/08\/festivalpam2431.jpg","type":"image\/jpeg"}],"author":"diario3","twitter_card":"summary_large_image","twitter_creator":"@eltextual","twitter_site":"@eltextual","twitter_misc":{"Escrito por":"diario3","Tiempo de lectura":"2 minutos"},"schema":{"@context":"https:\/\/schema.org","@graph":[{"@type":"Article","@id":"https:\/\/diariotextual.com\/inicio\/index.php\/2019\/08\/09\/cronograma-del-5-festival-pam-periodismo-literatura\/#article","isPartOf":{"@id":"https:\/\/diariotextual.com\/inicio\/index.php\/2019\/08\/09\/cronograma-del-5-festival-pam-periodismo-literatura\/"},"author":{"name":"diario3","@id":"https:\/\/diariotextual.com\/inicio\/#\/schema\/person\/a1b6f563e0ee944c60f98119389a4d9f"},"headline":"El cronograma del 5\u00b0 Festival \u00a1PAM! (Periodismo &#038; Literatura)","datePublished":"2019-08-09T20:30:51+00:00","dateModified":"2019-08-10T09:46:21+00:00","mainEntityOfPage":{"@id":"https:\/\/diariotextual.com\/inicio\/index.php\/2019\/08\/09\/cronograma-del-5-festival-pam-periodismo-literatura\/"},"wordCount":415,"publisher":{"@id":"https:\/\/diariotextual.com\/inicio\/#organization"},"image":{"@id":"https:\/\/diariotextual.com\/inicio\/index.php\/2019\/08\/09\/cronograma-del-5-festival-pam-periodismo-literatura\/#primaryimage"},"thumbnailUrl":"https:\/\/diariotextual.com\/inicio\/wp-content\/uploads\/2018\/08\/festivalpam2431.jpg","articleSection":["A - QUE PASA (al costado)","A - TEMPORALES","CULTURA"],"inLanguage":"es"},{"@type":"WebPage","@id":"https:\/\/diariotextual.com\/inicio\/index.php\/2019\/08\/09\/cronograma-del-5-festival-pam-periodismo-literatura\/","url":"https:\/\/diariotextual.com\/inicio\/index.php\/2019\/08\/09\/cronograma-del-5-festival-pam-periodismo-literatura\/","name":"El cronograma del 5\u00b0 Festival \u00a1PAM! (Periodismo & Literatura) - Diario Textual","isPartOf":{"@id":"https:\/\/diariotextual.com\/inicio\/#website"},"primaryImageOfPage":{"@id":"https:\/\/diariotextual.com\/inicio\/index.php\/2019\/08\/09\/cronograma-del-5-festival-pam-periodismo-literatura\/#primaryimage"},"image":{"@id":"https:\/\/diariotextual.com\/inicio\/index.php\/2019\/08\/09\/cronograma-del-5-festival-pam-periodismo-literatura\/#primaryimage"},"thumbnailUrl":"https:\/\/diariotextual.com\/inicio\/wp-content\/uploads\/2018\/08\/festivalpam2431.jpg","datePublished":"2019-08-09T20:30:51+00:00","dateModified":"2019-08-10T09:46:21+00:00","breadcrumb":{"@id":"https:\/\/diariotextual.com\/inicio\/index.php\/2019\/08\/09\/cronograma-del-5-festival-pam-periodismo-literatura\/#breadcrumb"},"inLanguage":"es","potentialAction":[{"@type":"ReadAction","target":["https:\/\/diariotextual.com\/inicio\/index.php\/2019\/08\/09\/cronograma-del-5-festival-pam-periodismo-literatura\/"]}]},{"@type":"ImageObject","inLanguage":"es","@id":"https:\/\/diariotextual.com\/inicio\/index.php\/2019\/08\/09\/cronograma-del-5-festival-pam-periodismo-literatura\/#primaryimage","url":"https:\/\/diariotextual.com\/inicio\/wp-content\/uploads\/2018\/08\/festivalpam2431.jpg","contentUrl":"https:\/\/diariotextual.com\/inicio\/wp-content\/uploads\/2018\/08\/festivalpam2431.jpg","width":832,"height":502},{"@type":"BreadcrumbList","@id":"https:\/\/diariotextual.com\/inicio\/index.php\/2019\/08\/09\/cronograma-del-5-festival-pam-periodismo-literatura\/#breadcrumb","itemListElement":[{"@type":"ListItem","position":1,"name":"Portada","item":"https:\/\/diariotextual.com\/inicio\/"},{"@type":"ListItem","position":2,"name":"El cronograma del 5\u00b0 Festival \u00a1PAM! (Periodismo &#038; Literatura)"}]},{"@type":"WebSite","@id":"https:\/\/diariotextual.com\/inicio\/#website","url":"https:\/\/diariotextual.com\/inicio\/","name":"Diario Textual","description":"","publisher":{"@id":"https:\/\/diariotextual.com\/inicio\/#organization"},"potentialAction":[{"@type":"SearchAction","target":{"@type":"EntryPoint","urlTemplate":"https:\/\/diariotextual.com\/inicio\/?s={search_term_string}"},"query-input":{"@type":"PropertyValueSpecification","valueRequired":true,"valueName":"search_term_string"}}],"inLanguage":"es"},{"@type":"Organization","@id":"https:\/\/diariotextual.com\/inicio\/#organization","name":"Diario Textual","url":"https:\/\/diariotextual.com\/inicio\/","logo":{"@type":"ImageObject","inLanguage":"es","@id":"https:\/\/diariotextual.com\/inicio\/#\/schema\/logo\/image\/","url":"https:\/\/diariotextual.com\/inicio\/wp-content\/uploads\/2023\/05\/logotextual1.jpg","contentUrl":"https:\/\/diariotextual.com\/inicio\/wp-content\/uploads\/2023\/05\/logotextual1.jpg","width":516,"height":76,"caption":"Diario Textual"},"image":{"@id":"https:\/\/diariotextual.com\/inicio\/#\/schema\/logo\/image\/"},"sameAs":["https:\/\/www.facebook.com\/eltextual","https:\/\/x.com\/eltextual","http:\/\/www.instagram.com\/eltextual"]},{"@type":"Person","@id":"https:\/\/diariotextual.com\/inicio\/#\/schema\/person\/a1b6f563e0ee944c60f98119389a4d9f","name":"diario3","image":{"@type":"ImageObject","inLanguage":"es","@id":"https:\/\/secure.gravatar.com\/avatar\/5e7ee62c82fc04d9dd79d746a390d93c69c43223e5faeeb3ea9461ef752bfc5d?s=96&d=mm&r=g","url":"https:\/\/secure.gravatar.com\/avatar\/5e7ee62c82fc04d9dd79d746a390d93c69c43223e5faeeb3ea9461ef752bfc5d?s=96&d=mm&r=g","contentUrl":"https:\/\/secure.gravatar.com\/avatar\/5e7ee62c82fc04d9dd79d746a390d93c69c43223e5faeeb3ea9461ef752bfc5d?s=96&d=mm&r=g","caption":"diario3"},"url":"https:\/\/diariotextual.com\/inicio\/index.php\/author\/diario3\/"}]}},"_links":{"self":[{"href":"https:\/\/diariotextual.com\/inicio\/index.php\/wp-json\/wp\/v2\/posts\/58744","targetHints":{"allow":["GET"]}}],"collection":[{"href":"https:\/\/diariotextual.com\/inicio\/index.php\/wp-json\/wp\/v2\/posts"}],"about":[{"href":"https:\/\/diariotextual.com\/inicio\/index.php\/wp-json\/wp\/v2\/types\/post"}],"author":[{"embeddable":true,"href":"https:\/\/diariotextual.com\/inicio\/index.php\/wp-json\/wp\/v2\/users\/5"}],"replies":[{"embeddable":true,"href":"https:\/\/diariotextual.com\/inicio\/index.php\/wp-json\/wp\/v2\/comments?post=58744"}],"version-history":[{"count":1,"href":"https:\/\/diariotextual.com\/inicio\/index.php\/wp-json\/wp\/v2\/posts\/58744\/revisions"}],"predecessor-version":[{"id":58745,"href":"https:\/\/diariotextual.com\/inicio\/index.php\/wp-json\/wp\/v2\/posts\/58744\/revisions\/58745"}],"wp:featuredmedia":[{"embeddable":true,"href":"https:\/\/diariotextual.com\/inicio\/index.php\/wp-json\/wp\/v2\/media\/18146"}],"wp:attachment":[{"href":"https:\/\/diariotextual.com\/inicio\/index.php\/wp-json\/wp\/v2\/media?parent=58744"}],"wp:term":[{"taxonomy":"category","embeddable":true,"href":"https:\/\/diariotextual.com\/inicio\/index.php\/wp-json\/wp\/v2\/categories?post=58744"},{"taxonomy":"post_tag","embeddable":true,"href":"https:\/\/diariotextual.com\/inicio\/index.php\/wp-json\/wp\/v2\/tags?post=58744"}],"curies":[{"name":"wp","href":"https:\/\/api.w.org\/{rel}","templated":true}]}}