{"id":58775,"date":"2019-08-10T10:08:47","date_gmt":"2019-08-10T13:08:47","guid":{"rendered":"http:\/\/diariotextual.com\/inicio\/?p=58775"},"modified":"2019-08-10T12:14:17","modified_gmt":"2019-08-10T15:14:17","slug":"ribeiro-les-pide-empleados-voten-macri-evitar-una-corrida","status":"publish","type":"post","link":"https:\/\/diariotextual.com\/inicio\/index.php\/2019\/08\/10\/ribeiro-les-pide-empleados-voten-macri-evitar-una-corrida\/","title":{"rendered":"Ribeiro les pide a sus empleados que voten a Macri para \u00abevitar una corrida\u00bb"},"content":{"rendered":"<p>El due\u00f1o de la cadena de electrodom\u00e9sticos <strong>Minicuotas Ribeiro<\/strong> les pidi\u00f3 a sus empleados que<strong> voten a Mauricio Macri<\/strong> en las primarias del domingo.<\/p>\n<p><strong>\u00abA algunos de nosotros puede no gustarle Macri, otros pueden desear advertirlo con un voto castigo, pero pensando exclusivamente en los problemas propios, conviene votarlo\u00bb<\/strong>, les \u00absugiri\u00f3\u00bb Manuel Ribeiro a sus empleados, que no cobraron el aguinaldo y en algunos casos perciben el sueldo en cuatro cuotas, inform\u00f3 La Pol\u00edtica Online.<\/p>\n<p>Seg\u00fan fuentes de la empresa, por medio de un mensaje de Whastapp, el CEO se\u00f1al\u00f3 que si la boleta de Alberto Fern\u00e1ndez gana por m\u00e1s de cuatro puntos, \u00abel gobierno subir\u00e1 a niveles intolerables las tasas para evitar la corrida, las ventas seguir\u00e1n cayendo y la inflaci\u00f3n subiendo\u00bb.<\/p>\n<p>El due\u00f1o vaticin\u00f3 que vendr\u00e1n dos meses espantosos para las empresas si pierde el presidente. \u00ab\u00bfVale la pena sufrir esto por una elecci\u00f3n que es apenas una encuesta y que no decide nada?\u00bb, se pregunt\u00f3 y luego pidi\u00f3 \u00abdemorar\u00bb la decisi\u00f3n hasta octubre. \u00abVotar hoy a Macri me parece una decisi\u00f3n de supervivencia\u00bb, indic\u00f3.<\/p>\n<p>Ribeiro tiene 109 a\u00f1os de historia, m\u00e1s de 1500 empleados y 85 sucursales en todo el pa\u00eds. Dos meses atr\u00e1s solicit\u00f3 un procedimiento preventivo de crisis ante la Secretar\u00eda de Trabajo de la Naci\u00f3n.<\/p>\n<p>En las \u00faltimas elecciones de Brasil hab\u00edan suscitado una fuerte pol\u00e9mica los pedidos expresos de los empresarios a sus empleados para que votaran a Jair Bolsonaro. El caso m\u00e1s paradigm\u00e1tico fue el de Luciano Hang, due\u00f1o de Havan, que se sac\u00f3 una selfie con sus miles de empleados con remeras de Bolsonaro. Hang fue acusado durante la campa\u00f1a de financiar junto a otros empresarios una campa\u00f1a de disparos masivos de mensajes de WhatsApp contra el PT de Lula y Fernando Haddad.<\/p>\n<p>&nbsp;<\/p>\n<p>&nbsp;<\/p>\n","protected":false},"excerpt":{"rendered":"<p>El due\u00f1o de la cadena de electrodom\u00e9sticos Minicuotas Ribeiro les pidi\u00f3 a sus empleados que voten a Mauricio Macri en las primarias del domingo. \u00abA algunos de nosotros puede no&hellip;<\/p>\n","protected":false},"author":3,"featured_media":58776,"comment_status":"closed","ping_status":"open","sticky":false,"template":"","format":"standard","meta":{"_acf_changed":false,"footnotes":""},"categories":[10,8],"tags":[],"class_list":["post-58775","post","type-post","status-publish","format-standard","has-post-thumbnail","hentry","category-portada-2","category-politica"],"acf":[],"yoast_head":"<!-- This site is optimized with the Yoast SEO plugin v27.5 - https:\/\/yoast.com\/product\/yoast-seo-wordpress\/ -->\n<title>Ribeiro les pide a sus empleados que voten a Macri para &quot;evitar una corrida&quot; - Diario Textual<\/title>\n<meta name=\"robots\" content=\"index, follow, max-snippet:-1, max-image-preview:large, max-video-preview:-1\" \/>\n<link rel=\"canonical\" href=\"https:\/\/diariotextual.com\/inicio\/index.php\/2019\/08\/10\/ribeiro-les-pide-empleados-voten-macri-evitar-una-corrida\/\" \/>\n<meta property=\"og:locale\" content=\"es_ES\" \/>\n<meta property=\"og:type\" content=\"article\" \/>\n<meta property=\"og:title\" content=\"Ribeiro les pide a sus empleados que voten a Macri para &quot;evitar una corrida&quot; - Diario Textual\" \/>\n<meta property=\"og:description\" content=\"El due\u00f1o de la cadena de electrodom\u00e9sticos Minicuotas Ribeiro les pidi\u00f3 a sus empleados que voten a Mauricio Macri en las primarias del domingo. \u00abA algunos de nosotros puede no&hellip;\" \/>\n<meta property=\"og:url\" content=\"https:\/\/diariotextual.com\/inicio\/index.php\/2019\/08\/10\/ribeiro-les-pide-empleados-voten-macri-evitar-una-corrida\/\" \/>\n<meta property=\"og:site_name\" content=\"Diario Textual\" \/>\n<meta property=\"article:publisher\" content=\"https:\/\/www.facebook.com\/eltextual\" \/>\n<meta property=\"article:published_time\" content=\"2019-08-10T13:08:47+00:00\" \/>\n<meta property=\"article:modified_time\" content=\"2019-08-10T15:14:17+00:00\" \/>\n<meta property=\"og:image\" content=\"https:\/\/diariotextual.com\/inicio\/wp-content\/uploads\/2019\/08\/ribeiromanuel1.jpg\" \/>\n\t<meta property=\"og:image:width\" content=\"940\" \/>\n\t<meta property=\"og:image:height\" content=\"529\" \/>\n\t<meta property=\"og:image:type\" content=\"image\/jpeg\" \/>\n<meta name=\"author\" content=\"Diario1 Diario1\" \/>\n<meta name=\"twitter:card\" content=\"summary_large_image\" \/>\n<meta name=\"twitter:creator\" content=\"@eltextual\" \/>\n<meta name=\"twitter:site\" content=\"@eltextual\" \/>\n<meta name=\"twitter:label1\" content=\"Escrito por\" \/>\n\t<meta name=\"twitter:data1\" content=\"Diario1 Diario1\" \/>\n\t<meta name=\"twitter:label2\" content=\"Tiempo de lectura\" \/>\n\t<meta name=\"twitter:data2\" content=\"2 minutos\" \/>\n<script type=\"application\/ld+json\" class=\"yoast-schema-graph\">{\"@context\":\"https:\\\/\\\/schema.org\",\"@graph\":[{\"@type\":\"Article\",\"@id\":\"https:\\\/\\\/diariotextual.com\\\/inicio\\\/index.php\\\/2019\\\/08\\\/10\\\/ribeiro-les-pide-empleados-voten-macri-evitar-una-corrida\\\/#article\",\"isPartOf\":{\"@id\":\"https:\\\/\\\/diariotextual.com\\\/inicio\\\/index.php\\\/2019\\\/08\\\/10\\\/ribeiro-les-pide-empleados-voten-macri-evitar-una-corrida\\\/\"},\"author\":{\"name\":\"Diario1 Diario1\",\"@id\":\"https:\\\/\\\/diariotextual.com\\\/inicio\\\/#\\\/schema\\\/person\\\/418fc4093c33e86ed41562db3508f958\"},\"headline\":\"Ribeiro les pide a sus empleados que voten a Macri para \u00abevitar una corrida\u00bb\",\"datePublished\":\"2019-08-10T13:08:47+00:00\",\"dateModified\":\"2019-08-10T15:14:17+00:00\",\"mainEntityOfPage\":{\"@id\":\"https:\\\/\\\/diariotextual.com\\\/inicio\\\/index.php\\\/2019\\\/08\\\/10\\\/ribeiro-les-pide-empleados-voten-macri-evitar-una-corrida\\\/\"},\"wordCount\":332,\"publisher\":{\"@id\":\"https:\\\/\\\/diariotextual.com\\\/inicio\\\/#organization\"},\"image\":{\"@id\":\"https:\\\/\\\/diariotextual.com\\\/inicio\\\/index.php\\\/2019\\\/08\\\/10\\\/ribeiro-les-pide-empleados-voten-macri-evitar-una-corrida\\\/#primaryimage\"},\"thumbnailUrl\":\"https:\\\/\\\/diariotextual.com\\\/inicio\\\/wp-content\\\/uploads\\\/2019\\\/08\\\/ribeiromanuel1.jpg\",\"articleSection\":[\"A - PORTADA2\",\"POLITICA\"],\"inLanguage\":\"es\"},{\"@type\":\"WebPage\",\"@id\":\"https:\\\/\\\/diariotextual.com\\\/inicio\\\/index.php\\\/2019\\\/08\\\/10\\\/ribeiro-les-pide-empleados-voten-macri-evitar-una-corrida\\\/\",\"url\":\"https:\\\/\\\/diariotextual.com\\\/inicio\\\/index.php\\\/2019\\\/08\\\/10\\\/ribeiro-les-pide-empleados-voten-macri-evitar-una-corrida\\\/\",\"name\":\"Ribeiro les pide a sus empleados que voten a Macri para \\\"evitar una corrida\\\" - Diario Textual\",\"isPartOf\":{\"@id\":\"https:\\\/\\\/diariotextual.com\\\/inicio\\\/#website\"},\"primaryImageOfPage\":{\"@id\":\"https:\\\/\\\/diariotextual.com\\\/inicio\\\/index.php\\\/2019\\\/08\\\/10\\\/ribeiro-les-pide-empleados-voten-macri-evitar-una-corrida\\\/#primaryimage\"},\"image\":{\"@id\":\"https:\\\/\\\/diariotextual.com\\\/inicio\\\/index.php\\\/2019\\\/08\\\/10\\\/ribeiro-les-pide-empleados-voten-macri-evitar-una-corrida\\\/#primaryimage\"},\"thumbnailUrl\":\"https:\\\/\\\/diariotextual.com\\\/inicio\\\/wp-content\\\/uploads\\\/2019\\\/08\\\/ribeiromanuel1.jpg\",\"datePublished\":\"2019-08-10T13:08:47+00:00\",\"dateModified\":\"2019-08-10T15:14:17+00:00\",\"breadcrumb\":{\"@id\":\"https:\\\/\\\/diariotextual.com\\\/inicio\\\/index.php\\\/2019\\\/08\\\/10\\\/ribeiro-les-pide-empleados-voten-macri-evitar-una-corrida\\\/#breadcrumb\"},\"inLanguage\":\"es\",\"potentialAction\":[{\"@type\":\"ReadAction\",\"target\":[\"https:\\\/\\\/diariotextual.com\\\/inicio\\\/index.php\\\/2019\\\/08\\\/10\\\/ribeiro-les-pide-empleados-voten-macri-evitar-una-corrida\\\/\"]}]},{\"@type\":\"ImageObject\",\"inLanguage\":\"es\",\"@id\":\"https:\\\/\\\/diariotextual.com\\\/inicio\\\/index.php\\\/2019\\\/08\\\/10\\\/ribeiro-les-pide-empleados-voten-macri-evitar-una-corrida\\\/#primaryimage\",\"url\":\"https:\\\/\\\/diariotextual.com\\\/inicio\\\/wp-content\\\/uploads\\\/2019\\\/08\\\/ribeiromanuel1.jpg\",\"contentUrl\":\"https:\\\/\\\/diariotextual.com\\\/inicio\\\/wp-content\\\/uploads\\\/2019\\\/08\\\/ribeiromanuel1.jpg\",\"width\":940,\"height\":529},{\"@type\":\"BreadcrumbList\",\"@id\":\"https:\\\/\\\/diariotextual.com\\\/inicio\\\/index.php\\\/2019\\\/08\\\/10\\\/ribeiro-les-pide-empleados-voten-macri-evitar-una-corrida\\\/#breadcrumb\",\"itemListElement\":[{\"@type\":\"ListItem\",\"position\":1,\"name\":\"Portada\",\"item\":\"https:\\\/\\\/diariotextual.com\\\/inicio\\\/\"},{\"@type\":\"ListItem\",\"position\":2,\"name\":\"Ribeiro les pide a sus empleados que voten a Macri para \u00abevitar una corrida\u00bb\"}]},{\"@type\":\"WebSite\",\"@id\":\"https:\\\/\\\/diariotextual.com\\\/inicio\\\/#website\",\"url\":\"https:\\\/\\\/diariotextual.com\\\/inicio\\\/\",\"name\":\"Diario Textual\",\"description\":\"\",\"publisher\":{\"@id\":\"https:\\\/\\\/diariotextual.com\\\/inicio\\\/#organization\"},\"potentialAction\":[{\"@type\":\"SearchAction\",\"target\":{\"@type\":\"EntryPoint\",\"urlTemplate\":\"https:\\\/\\\/diariotextual.com\\\/inicio\\\/?s={search_term_string}\"},\"query-input\":{\"@type\":\"PropertyValueSpecification\",\"valueRequired\":true,\"valueName\":\"search_term_string\"}}],\"inLanguage\":\"es\"},{\"@type\":\"Organization\",\"@id\":\"https:\\\/\\\/diariotextual.com\\\/inicio\\\/#organization\",\"name\":\"Diario Textual\",\"url\":\"https:\\\/\\\/diariotextual.com\\\/inicio\\\/\",\"logo\":{\"@type\":\"ImageObject\",\"inLanguage\":\"es\",\"@id\":\"https:\\\/\\\/diariotextual.com\\\/inicio\\\/#\\\/schema\\\/logo\\\/image\\\/\",\"url\":\"https:\\\/\\\/diariotextual.com\\\/inicio\\\/wp-content\\\/uploads\\\/2023\\\/05\\\/logotextual1.jpg\",\"contentUrl\":\"https:\\\/\\\/diariotextual.com\\\/inicio\\\/wp-content\\\/uploads\\\/2023\\\/05\\\/logotextual1.jpg\",\"width\":516,\"height\":76,\"caption\":\"Diario Textual\"},\"image\":{\"@id\":\"https:\\\/\\\/diariotextual.com\\\/inicio\\\/#\\\/schema\\\/logo\\\/image\\\/\"},\"sameAs\":[\"https:\\\/\\\/www.facebook.com\\\/eltextual\",\"https:\\\/\\\/x.com\\\/eltextual\",\"http:\\\/\\\/www.instagram.com\\\/eltextual\"]},{\"@type\":\"Person\",\"@id\":\"https:\\\/\\\/diariotextual.com\\\/inicio\\\/#\\\/schema\\\/person\\\/418fc4093c33e86ed41562db3508f958\",\"name\":\"Diario1 Diario1\",\"image\":{\"@type\":\"ImageObject\",\"inLanguage\":\"es\",\"@id\":\"https:\\\/\\\/secure.gravatar.com\\\/avatar\\\/9167d280179c85bc18be67aa7eda765854300033af4896dd779b608640f2ef7a?s=96&d=mm&r=g\",\"url\":\"https:\\\/\\\/secure.gravatar.com\\\/avatar\\\/9167d280179c85bc18be67aa7eda765854300033af4896dd779b608640f2ef7a?s=96&d=mm&r=g\",\"contentUrl\":\"https:\\\/\\\/secure.gravatar.com\\\/avatar\\\/9167d280179c85bc18be67aa7eda765854300033af4896dd779b608640f2ef7a?s=96&d=mm&r=g\",\"caption\":\"Diario1 Diario1\"},\"url\":\"https:\\\/\\\/diariotextual.com\\\/inicio\\\/index.php\\\/author\\\/diario1\\\/\"}]}<\/script>\n<!-- \/ Yoast SEO plugin. -->","yoast_head_json":{"title":"Ribeiro les pide a sus empleados que voten a Macri para \"evitar una corrida\" - Diario Textual","robots":{"index":"index","follow":"follow","max-snippet":"max-snippet:-1","max-image-preview":"max-image-preview:large","max-video-preview":"max-video-preview:-1"},"canonical":"https:\/\/diariotextual.com\/inicio\/index.php\/2019\/08\/10\/ribeiro-les-pide-empleados-voten-macri-evitar-una-corrida\/","og_locale":"es_ES","og_type":"article","og_title":"Ribeiro les pide a sus empleados que voten a Macri para \"evitar una corrida\" - Diario Textual","og_description":"El due\u00f1o de la cadena de electrodom\u00e9sticos Minicuotas Ribeiro les pidi\u00f3 a sus empleados que voten a Mauricio Macri en las primarias del domingo. \u00abA algunos de nosotros puede no&hellip;","og_url":"https:\/\/diariotextual.com\/inicio\/index.php\/2019\/08\/10\/ribeiro-les-pide-empleados-voten-macri-evitar-una-corrida\/","og_site_name":"Diario Textual","article_publisher":"https:\/\/www.facebook.com\/eltextual","article_published_time":"2019-08-10T13:08:47+00:00","article_modified_time":"2019-08-10T15:14:17+00:00","og_image":[{"width":940,"height":529,"url":"https:\/\/diariotextual.com\/inicio\/wp-content\/uploads\/2019\/08\/ribeiromanuel1.jpg","type":"image\/jpeg"}],"author":"Diario1 Diario1","twitter_card":"summary_large_image","twitter_creator":"@eltextual","twitter_site":"@eltextual","twitter_misc":{"Escrito por":"Diario1 Diario1","Tiempo de lectura":"2 minutos"},"schema":{"@context":"https:\/\/schema.org","@graph":[{"@type":"Article","@id":"https:\/\/diariotextual.com\/inicio\/index.php\/2019\/08\/10\/ribeiro-les-pide-empleados-voten-macri-evitar-una-corrida\/#article","isPartOf":{"@id":"https:\/\/diariotextual.com\/inicio\/index.php\/2019\/08\/10\/ribeiro-les-pide-empleados-voten-macri-evitar-una-corrida\/"},"author":{"name":"Diario1 Diario1","@id":"https:\/\/diariotextual.com\/inicio\/#\/schema\/person\/418fc4093c33e86ed41562db3508f958"},"headline":"Ribeiro les pide a sus empleados que voten a Macri para \u00abevitar una corrida\u00bb","datePublished":"2019-08-10T13:08:47+00:00","dateModified":"2019-08-10T15:14:17+00:00","mainEntityOfPage":{"@id":"https:\/\/diariotextual.com\/inicio\/index.php\/2019\/08\/10\/ribeiro-les-pide-empleados-voten-macri-evitar-una-corrida\/"},"wordCount":332,"publisher":{"@id":"https:\/\/diariotextual.com\/inicio\/#organization"},"image":{"@id":"https:\/\/diariotextual.com\/inicio\/index.php\/2019\/08\/10\/ribeiro-les-pide-empleados-voten-macri-evitar-una-corrida\/#primaryimage"},"thumbnailUrl":"https:\/\/diariotextual.com\/inicio\/wp-content\/uploads\/2019\/08\/ribeiromanuel1.jpg","articleSection":["A - PORTADA2","POLITICA"],"inLanguage":"es"},{"@type":"WebPage","@id":"https:\/\/diariotextual.com\/inicio\/index.php\/2019\/08\/10\/ribeiro-les-pide-empleados-voten-macri-evitar-una-corrida\/","url":"https:\/\/diariotextual.com\/inicio\/index.php\/2019\/08\/10\/ribeiro-les-pide-empleados-voten-macri-evitar-una-corrida\/","name":"Ribeiro les pide a sus empleados que voten a Macri para \"evitar una corrida\" - Diario Textual","isPartOf":{"@id":"https:\/\/diariotextual.com\/inicio\/#website"},"primaryImageOfPage":{"@id":"https:\/\/diariotextual.com\/inicio\/index.php\/2019\/08\/10\/ribeiro-les-pide-empleados-voten-macri-evitar-una-corrida\/#primaryimage"},"image":{"@id":"https:\/\/diariotextual.com\/inicio\/index.php\/2019\/08\/10\/ribeiro-les-pide-empleados-voten-macri-evitar-una-corrida\/#primaryimage"},"thumbnailUrl":"https:\/\/diariotextual.com\/inicio\/wp-content\/uploads\/2019\/08\/ribeiromanuel1.jpg","datePublished":"2019-08-10T13:08:47+00:00","dateModified":"2019-08-10T15:14:17+00:00","breadcrumb":{"@id":"https:\/\/diariotextual.com\/inicio\/index.php\/2019\/08\/10\/ribeiro-les-pide-empleados-voten-macri-evitar-una-corrida\/#breadcrumb"},"inLanguage":"es","potentialAction":[{"@type":"ReadAction","target":["https:\/\/diariotextual.com\/inicio\/index.php\/2019\/08\/10\/ribeiro-les-pide-empleados-voten-macri-evitar-una-corrida\/"]}]},{"@type":"ImageObject","inLanguage":"es","@id":"https:\/\/diariotextual.com\/inicio\/index.php\/2019\/08\/10\/ribeiro-les-pide-empleados-voten-macri-evitar-una-corrida\/#primaryimage","url":"https:\/\/diariotextual.com\/inicio\/wp-content\/uploads\/2019\/08\/ribeiromanuel1.jpg","contentUrl":"https:\/\/diariotextual.com\/inicio\/wp-content\/uploads\/2019\/08\/ribeiromanuel1.jpg","width":940,"height":529},{"@type":"BreadcrumbList","@id":"https:\/\/diariotextual.com\/inicio\/index.php\/2019\/08\/10\/ribeiro-les-pide-empleados-voten-macri-evitar-una-corrida\/#breadcrumb","itemListElement":[{"@type":"ListItem","position":1,"name":"Portada","item":"https:\/\/diariotextual.com\/inicio\/"},{"@type":"ListItem","position":2,"name":"Ribeiro les pide a sus empleados que voten a Macri para \u00abevitar una corrida\u00bb"}]},{"@type":"WebSite","@id":"https:\/\/diariotextual.com\/inicio\/#website","url":"https:\/\/diariotextual.com\/inicio\/","name":"Diario Textual","description":"","publisher":{"@id":"https:\/\/diariotextual.com\/inicio\/#organization"},"potentialAction":[{"@type":"SearchAction","target":{"@type":"EntryPoint","urlTemplate":"https:\/\/diariotextual.com\/inicio\/?s={search_term_string}"},"query-input":{"@type":"PropertyValueSpecification","valueRequired":true,"valueName":"search_term_string"}}],"inLanguage":"es"},{"@type":"Organization","@id":"https:\/\/diariotextual.com\/inicio\/#organization","name":"Diario Textual","url":"https:\/\/diariotextual.com\/inicio\/","logo":{"@type":"ImageObject","inLanguage":"es","@id":"https:\/\/diariotextual.com\/inicio\/#\/schema\/logo\/image\/","url":"https:\/\/diariotextual.com\/inicio\/wp-content\/uploads\/2023\/05\/logotextual1.jpg","contentUrl":"https:\/\/diariotextual.com\/inicio\/wp-content\/uploads\/2023\/05\/logotextual1.jpg","width":516,"height":76,"caption":"Diario Textual"},"image":{"@id":"https:\/\/diariotextual.com\/inicio\/#\/schema\/logo\/image\/"},"sameAs":["https:\/\/www.facebook.com\/eltextual","https:\/\/x.com\/eltextual","http:\/\/www.instagram.com\/eltextual"]},{"@type":"Person","@id":"https:\/\/diariotextual.com\/inicio\/#\/schema\/person\/418fc4093c33e86ed41562db3508f958","name":"Diario1 Diario1","image":{"@type":"ImageObject","inLanguage":"es","@id":"https:\/\/secure.gravatar.com\/avatar\/9167d280179c85bc18be67aa7eda765854300033af4896dd779b608640f2ef7a?s=96&d=mm&r=g","url":"https:\/\/secure.gravatar.com\/avatar\/9167d280179c85bc18be67aa7eda765854300033af4896dd779b608640f2ef7a?s=96&d=mm&r=g","contentUrl":"https:\/\/secure.gravatar.com\/avatar\/9167d280179c85bc18be67aa7eda765854300033af4896dd779b608640f2ef7a?s=96&d=mm&r=g","caption":"Diario1 Diario1"},"url":"https:\/\/diariotextual.com\/inicio\/index.php\/author\/diario1\/"}]}},"_links":{"self":[{"href":"https:\/\/diariotextual.com\/inicio\/index.php\/wp-json\/wp\/v2\/posts\/58775","targetHints":{"allow":["GET"]}}],"collection":[{"href":"https:\/\/diariotextual.com\/inicio\/index.php\/wp-json\/wp\/v2\/posts"}],"about":[{"href":"https:\/\/diariotextual.com\/inicio\/index.php\/wp-json\/wp\/v2\/types\/post"}],"author":[{"embeddable":true,"href":"https:\/\/diariotextual.com\/inicio\/index.php\/wp-json\/wp\/v2\/users\/3"}],"replies":[{"embeddable":true,"href":"https:\/\/diariotextual.com\/inicio\/index.php\/wp-json\/wp\/v2\/comments?post=58775"}],"version-history":[{"count":1,"href":"https:\/\/diariotextual.com\/inicio\/index.php\/wp-json\/wp\/v2\/posts\/58775\/revisions"}],"predecessor-version":[{"id":58777,"href":"https:\/\/diariotextual.com\/inicio\/index.php\/wp-json\/wp\/v2\/posts\/58775\/revisions\/58777"}],"wp:featuredmedia":[{"embeddable":true,"href":"https:\/\/diariotextual.com\/inicio\/index.php\/wp-json\/wp\/v2\/media\/58776"}],"wp:attachment":[{"href":"https:\/\/diariotextual.com\/inicio\/index.php\/wp-json\/wp\/v2\/media?parent=58775"}],"wp:term":[{"taxonomy":"category","embeddable":true,"href":"https:\/\/diariotextual.com\/inicio\/index.php\/wp-json\/wp\/v2\/categories?post=58775"},{"taxonomy":"post_tag","embeddable":true,"href":"https:\/\/diariotextual.com\/inicio\/index.php\/wp-json\/wp\/v2\/tags?post=58775"}],"curies":[{"name":"wp","href":"https:\/\/api.w.org\/{rel}","templated":true}]}}