{"id":58808,"date":"2019-08-11T14:56:43","date_gmt":"2019-08-11T17:56:43","guid":{"rendered":"http:\/\/diariotextual.com\/inicio\/?p=58808"},"modified":"2019-08-11T23:54:14","modified_gmt":"2019-08-12T02:54:14","slug":"paso-la-pampa-una-eleccion-saber-donde-esta-ubicado-candidato","status":"publish","type":"post","link":"https:\/\/diariotextual.com\/inicio\/index.php\/2019\/08\/11\/paso-la-pampa-una-eleccion-saber-donde-esta-ubicado-candidato\/","title":{"rendered":"PASO: en La Pampa, a las 17 horas, ya vot\u00f3 cerca del 70%"},"content":{"rendered":"<p>Las<strong> Primarias Abiertas Simult\u00e1neas y Obligatorias<\/strong>, donde\u00a0un total de 287.141 pampeanos est\u00e1n habilitados para elegir por diez precandidatos a presidente y cinco precandidatos a diputados nacionales, se desarrollan con normalidad en La Pampa. <strong>Ya a las 12 horas hab\u00eda votado un promedio de casi un 30 por ciento<\/strong>, seg\u00fan estimaciones de las autoridades de mesa a Diario Textual. A las 13 hab\u00eda subido al 35%; a las 15 horas se acercaba al 45%; y a las 17 el 70%.<\/p>\n<p><strong>Sin internas, esta elecci\u00f3n se convertir\u00e1 en una \u201cgran encuesta\u201d de cara a las generales de octubre<\/strong>: cada postulante tendr\u00e1 una foto en la que <strong>sabr\u00e1 donde est\u00e1 ubicado<\/strong>.<\/p>\n<p>&nbsp;<\/p>\n<p><iframe style=\"border: none; overflow: hidden;\" src=\"https:\/\/www.facebook.com\/plugins\/post.php?href=https%3A%2F%2Fwww.facebook.com%2Feltextual%2Fposts%2F2381669175260338&amp;width=500\" width=\"500\" height=\"449\" frameborder=\"0\" scrolling=\"no\"><\/iframe><\/p>\n<p>&nbsp;<\/p>\n<p>En estos comicios,<strong> se defini\u00f3 qui\u00e9nes competir\u00e1n en las elecciones generales del 27 de octubre<\/strong>. Para ello, las fuerzas pol\u00edticas <strong>tienen que pasar el 1,5 por ciento de los sufragios<\/strong>.<\/p>\n<p>&nbsp;<\/p>\n<blockquote class=\"wp-embedded-content\" data-secret=\"afSh780Y6Q\"><p><a href=\"http:\/\/diariotextual.com\/inicio\/index.php\/2019\/08\/11\/los-datos-solo-se-daran-cuando-esten-cargados-10-los-votos-los-distritos-mas-grandes\/\">Solo se podr\u00e1n informar los resultados con el 10% de los votos de los distritos clave<\/a><\/p><\/blockquote>\n<p><iframe class=\"wp-embedded-content\" sandbox=\"allow-scripts\" security=\"restricted\" style=\"position: absolute; clip: rect(1px, 1px, 1px, 1px);\" src=\"http:\/\/diariotextual.com\/inicio\/index.php\/2019\/08\/11\/los-datos-solo-se-daran-cuando-esten-cargados-10-los-votos-los-distritos-mas-grandes\/embed\/#?secret=afSh780Y6Q\" data-secret=\"afSh780Y6Q\" width=\"600\" height=\"338\" title=\"&#171;Solo se podr\u00e1n informar los resultados con el 10% de los votos de los distritos clave&#187; &#8212; Diario Textual\" frameborder=\"0\" marginwidth=\"0\" marginheight=\"0\" scrolling=\"no\"><\/iframe><\/p>\n<p>&nbsp;<\/p>\n<p>En las 865 mesas distribuidas en 154 escuelas de la provincia hubo cinco\u00a0boletas completas y otras cinco que solo propusieron postulaciones presidenciales.<\/p>\n<p>&nbsp;<\/p>\n<p><strong>Presidenciales<\/strong><\/p>\n<p>Sin rivales internos, los diez precandidatos a presidente y vice compitieron en <strong>un escenario de fuerte polarizaci\u00f3n<\/strong> entre Juntos por el Cambio, encabezada por el presidente Mauricio Macri y su candidato a vice, Miguel \u00c1ngel Pichetto, y el opositor Frente de Todos, que llev\u00f3 como postulantes a Alberto Fern\u00e1ndez para presidente y a Cristina Kirchner como compa\u00f1era de f\u00f3rmula.<\/p>\n<p>Las duplas no solo representan fuerzas distintas sino que proponen modelos econ\u00f3micos, miradas institucionales y estrategias de pol\u00edtica exterior muy divergentes.<\/p>\n<p><strong>Con estas PASO, el oficialismo y la oposici\u00f3n obtuvieron una \u201cradiograf\u00eda\u201d sobre sus fortalezas y debilidades de cara a las generales del 27 de octubre<\/strong>. No solo es clave cu\u00e1l es la diferencia entre ellos, sino tambi\u00e9n qu\u00e9 tan cerca o lejos queden del piso del 45% necesario para ganar las elecciones en la primera vuelta ser\u00e1 crucial.<\/p>\n<p>Tambi\u00e9n se postularon Roberto Lavagna (Consenso Federal), Jos\u00e9 Luis Espert (Frente Despertar), el dirigente de izquierda Nicol\u00e1s Del Ca\u00f1o (FIT-Unidad), Manuela Casta\u00f1eira (Nuevo MAS), el exjefe de la Aduana Juan Jos\u00e9 G\u00f3mez Centuri\u00f3n (NOS), Alejandro Biondini (Frente Patriota), el exgobernador correntino Jos\u00e9 Antonio Romero Feris (Partido Autonomista Nacional) y Ra\u00fal Humberto Albarrac\u00edn (Movimiento de Acci\u00f3n Vecinal).<\/p>\n<p>&nbsp;<\/p>\n<p><strong>En La Pampa, por dos cargos a diputados<\/strong><\/p>\n<p>En nuestra provincia, el antecedente m\u00e1s cercano fue la elecci\u00f3n provincial de mayo, donde el peronismo y sus aliados super\u00f3 el 50 por ciento de los votos y derrot\u00f3 por 20 puntos al macrismo y al radicalismo.<\/p>\n<p>Con gran parte de los dirigentes desmovilizados, se esperan resultados similares. Igual el<strong>\u00a0peronismo est\u00e1 envalentonado y pretende posicionarse para tratar de quedarse en octubre con los dos diputados nacionales que se ponen en juego.<\/strong> No la tiene f\u00e1cil: necesita duplicar en votos a la segunda fuerza.<\/p>\n<p>A su vez, <strong>el resto de las fuerzas<\/strong> es consciente de que est\u00e1 lejos de poder competir por los cargos legislativos. <strong>Su objetivo es sumar los votos que quedan fuera de la grieta.<\/strong><\/p>\n<p>Por el<strong> Frente de Todos<\/strong>, los precandidatos a diputados nacionales son el vernista Hern\u00e1n P\u00e9rez Araujo, actual procurador general de Rentas, y la kirchnerista Carmina Besga. Esa boleta ir\u00e1 junto a la presidencial de Alberto Fern\u00e1ndez y Cristina Fern\u00e1ndez de Kirchner.<\/p>\n<p>En tanto,<strong> Juntos por el Cambio<\/strong> postula a Mart\u00edn Berhongaray Adriana Leher. Esta boleta estar\u00e1 en el cuarto oscuro junto a la f\u00f3rmula presidencial Mauricio Macri-Miguel Angel Pichetto.<\/p>\n<p>A su vez, por <strong>Consenso Federal<\/strong> el socialista Luis Solana es acompa\u00f1ado por Marina Vanini en una boleta que lleva como postulantes a la presidencia y vice a Roberto Lavagna y Juan Manuel Urtubey, respectivamente.<\/p>\n<p>Por el <strong>Nuevo Movimiento al Socialismo<\/strong> (Nuevo M\u00e1s), se presentar\u00e1n en la boleta la piquense Ayel\u00e9n Pilcic y Lucas Torres, apoyando la precandidatura a presidenta de Manuela Casta\u00f1eira y de vice de Eduardo Mulhall.<\/p>\n<p>Finalmente, el <strong>Frente de Izquierda<\/strong> -integrado por el Partido de los Trabajadores Socialistas (PTS), el Partido Obrero (PO) y el Movimiento Socialista de los Trabajadores (MST), postula a la docente Claudia Lupardo junto a Leonel Sep\u00falveda.<\/p>\n<p>&nbsp;<\/p>\n<p>&nbsp;<\/p>\n","protected":false},"excerpt":{"rendered":"<p>Las Primarias Abiertas Simult\u00e1neas y Obligatorias, donde\u00a0un total de 287.141 pampeanos est\u00e1n habilitados para elegir por diez precandidatos a presidente y cinco precandidatos a diputados nacionales, se desarrollan con normalidad&hellip;<\/p>\n","protected":false},"author":3,"featured_media":58890,"comment_status":"closed","ping_status":"open","sticky":false,"template":"","format":"standard","meta":{"_acf_changed":false,"footnotes":""},"categories":[8],"tags":[125,2163],"class_list":["post-58808","post","type-post","status-publish","format-standard","has-post-thumbnail","hentry","category-politica","tag-elecciones","tag-paso"],"acf":[],"yoast_head":"<!-- This site is optimized with the Yoast SEO plugin v27.5 - https:\/\/yoast.com\/product\/yoast-seo-wordpress\/ -->\n<title>PASO: en La Pampa, a las 17 horas, ya vot\u00f3 cerca del 70% - Diario Textual<\/title>\n<meta name=\"robots\" content=\"index, follow, max-snippet:-1, max-image-preview:large, max-video-preview:-1\" \/>\n<link rel=\"canonical\" href=\"https:\/\/diariotextual.com\/inicio\/index.php\/2019\/08\/11\/paso-la-pampa-una-eleccion-saber-donde-esta-ubicado-candidato\/\" \/>\n<meta property=\"og:locale\" content=\"es_ES\" \/>\n<meta property=\"og:type\" content=\"article\" \/>\n<meta property=\"og:title\" content=\"PASO: en La Pampa, a las 17 horas, ya vot\u00f3 cerca del 70% - Diario Textual\" \/>\n<meta property=\"og:description\" content=\"Las Primarias Abiertas Simult\u00e1neas y Obligatorias, donde\u00a0un total de 287.141 pampeanos est\u00e1n habilitados para elegir por diez precandidatos a presidente y cinco precandidatos a diputados nacionales, se desarrollan con normalidad&hellip;\" \/>\n<meta property=\"og:url\" content=\"https:\/\/diariotextual.com\/inicio\/index.php\/2019\/08\/11\/paso-la-pampa-una-eleccion-saber-donde-esta-ubicado-candidato\/\" \/>\n<meta property=\"og:site_name\" content=\"Diario Textual\" \/>\n<meta property=\"article:publisher\" content=\"https:\/\/www.facebook.com\/eltextual\" \/>\n<meta property=\"article:published_time\" content=\"2019-08-11T17:56:43+00:00\" \/>\n<meta property=\"article:modified_time\" content=\"2019-08-12T02:54:14+00:00\" \/>\n<meta property=\"og:image\" content=\"https:\/\/diariotextual.com\/inicio\/wp-content\/uploads\/2019\/08\/eleccionespaso2019-2.jpg\" \/>\n\t<meta property=\"og:image:width\" content=\"1200\" \/>\n\t<meta property=\"og:image:height\" content=\"772\" \/>\n\t<meta property=\"og:image:type\" content=\"image\/jpeg\" \/>\n<meta name=\"author\" content=\"Diario1 Diario1\" \/>\n<meta name=\"twitter:card\" content=\"summary_large_image\" \/>\n<meta name=\"twitter:creator\" content=\"@eltextual\" \/>\n<meta name=\"twitter:site\" content=\"@eltextual\" \/>\n<meta name=\"twitter:label1\" content=\"Escrito por\" \/>\n\t<meta name=\"twitter:data1\" content=\"Diario1 Diario1\" \/>\n\t<meta name=\"twitter:label2\" content=\"Tiempo de lectura\" \/>\n\t<meta name=\"twitter:data2\" content=\"3 minutos\" \/>\n<script type=\"application\/ld+json\" class=\"yoast-schema-graph\">{\"@context\":\"https:\\\/\\\/schema.org\",\"@graph\":[{\"@type\":\"Article\",\"@id\":\"https:\\\/\\\/diariotextual.com\\\/inicio\\\/index.php\\\/2019\\\/08\\\/11\\\/paso-la-pampa-una-eleccion-saber-donde-esta-ubicado-candidato\\\/#article\",\"isPartOf\":{\"@id\":\"https:\\\/\\\/diariotextual.com\\\/inicio\\\/index.php\\\/2019\\\/08\\\/11\\\/paso-la-pampa-una-eleccion-saber-donde-esta-ubicado-candidato\\\/\"},\"author\":{\"name\":\"Diario1 Diario1\",\"@id\":\"https:\\\/\\\/diariotextual.com\\\/inicio\\\/#\\\/schema\\\/person\\\/418fc4093c33e86ed41562db3508f958\"},\"headline\":\"PASO: en La Pampa, a las 17 horas, ya vot\u00f3 cerca del 70%\",\"datePublished\":\"2019-08-11T17:56:43+00:00\",\"dateModified\":\"2019-08-12T02:54:14+00:00\",\"mainEntityOfPage\":{\"@id\":\"https:\\\/\\\/diariotextual.com\\\/inicio\\\/index.php\\\/2019\\\/08\\\/11\\\/paso-la-pampa-una-eleccion-saber-donde-esta-ubicado-candidato\\\/\"},\"wordCount\":709,\"publisher\":{\"@id\":\"https:\\\/\\\/diariotextual.com\\\/inicio\\\/#organization\"},\"image\":{\"@id\":\"https:\\\/\\\/diariotextual.com\\\/inicio\\\/index.php\\\/2019\\\/08\\\/11\\\/paso-la-pampa-una-eleccion-saber-donde-esta-ubicado-candidato\\\/#primaryimage\"},\"thumbnailUrl\":\"https:\\\/\\\/diariotextual.com\\\/inicio\\\/wp-content\\\/uploads\\\/2019\\\/08\\\/eleccionespaso2019-2.jpg\",\"keywords\":[\"elecciones\",\"paso\"],\"articleSection\":[\"POLITICA\"],\"inLanguage\":\"es\"},{\"@type\":\"WebPage\",\"@id\":\"https:\\\/\\\/diariotextual.com\\\/inicio\\\/index.php\\\/2019\\\/08\\\/11\\\/paso-la-pampa-una-eleccion-saber-donde-esta-ubicado-candidato\\\/\",\"url\":\"https:\\\/\\\/diariotextual.com\\\/inicio\\\/index.php\\\/2019\\\/08\\\/11\\\/paso-la-pampa-una-eleccion-saber-donde-esta-ubicado-candidato\\\/\",\"name\":\"PASO: en La Pampa, a las 17 horas, ya vot\u00f3 cerca del 70% - Diario Textual\",\"isPartOf\":{\"@id\":\"https:\\\/\\\/diariotextual.com\\\/inicio\\\/#website\"},\"primaryImageOfPage\":{\"@id\":\"https:\\\/\\\/diariotextual.com\\\/inicio\\\/index.php\\\/2019\\\/08\\\/11\\\/paso-la-pampa-una-eleccion-saber-donde-esta-ubicado-candidato\\\/#primaryimage\"},\"image\":{\"@id\":\"https:\\\/\\\/diariotextual.com\\\/inicio\\\/index.php\\\/2019\\\/08\\\/11\\\/paso-la-pampa-una-eleccion-saber-donde-esta-ubicado-candidato\\\/#primaryimage\"},\"thumbnailUrl\":\"https:\\\/\\\/diariotextual.com\\\/inicio\\\/wp-content\\\/uploads\\\/2019\\\/08\\\/eleccionespaso2019-2.jpg\",\"datePublished\":\"2019-08-11T17:56:43+00:00\",\"dateModified\":\"2019-08-12T02:54:14+00:00\",\"breadcrumb\":{\"@id\":\"https:\\\/\\\/diariotextual.com\\\/inicio\\\/index.php\\\/2019\\\/08\\\/11\\\/paso-la-pampa-una-eleccion-saber-donde-esta-ubicado-candidato\\\/#breadcrumb\"},\"inLanguage\":\"es\",\"potentialAction\":[{\"@type\":\"ReadAction\",\"target\":[\"https:\\\/\\\/diariotextual.com\\\/inicio\\\/index.php\\\/2019\\\/08\\\/11\\\/paso-la-pampa-una-eleccion-saber-donde-esta-ubicado-candidato\\\/\"]}]},{\"@type\":\"ImageObject\",\"inLanguage\":\"es\",\"@id\":\"https:\\\/\\\/diariotextual.com\\\/inicio\\\/index.php\\\/2019\\\/08\\\/11\\\/paso-la-pampa-una-eleccion-saber-donde-esta-ubicado-candidato\\\/#primaryimage\",\"url\":\"https:\\\/\\\/diariotextual.com\\\/inicio\\\/wp-content\\\/uploads\\\/2019\\\/08\\\/eleccionespaso2019-2.jpg\",\"contentUrl\":\"https:\\\/\\\/diariotextual.com\\\/inicio\\\/wp-content\\\/uploads\\\/2019\\\/08\\\/eleccionespaso2019-2.jpg\",\"width\":1200,\"height\":772},{\"@type\":\"BreadcrumbList\",\"@id\":\"https:\\\/\\\/diariotextual.com\\\/inicio\\\/index.php\\\/2019\\\/08\\\/11\\\/paso-la-pampa-una-eleccion-saber-donde-esta-ubicado-candidato\\\/#breadcrumb\",\"itemListElement\":[{\"@type\":\"ListItem\",\"position\":1,\"name\":\"Portada\",\"item\":\"https:\\\/\\\/diariotextual.com\\\/inicio\\\/\"},{\"@type\":\"ListItem\",\"position\":2,\"name\":\"PASO: en La Pampa, a las 17 horas, ya vot\u00f3 cerca del 70%\"}]},{\"@type\":\"WebSite\",\"@id\":\"https:\\\/\\\/diariotextual.com\\\/inicio\\\/#website\",\"url\":\"https:\\\/\\\/diariotextual.com\\\/inicio\\\/\",\"name\":\"Diario Textual\",\"description\":\"\",\"publisher\":{\"@id\":\"https:\\\/\\\/diariotextual.com\\\/inicio\\\/#organization\"},\"potentialAction\":[{\"@type\":\"SearchAction\",\"target\":{\"@type\":\"EntryPoint\",\"urlTemplate\":\"https:\\\/\\\/diariotextual.com\\\/inicio\\\/?s={search_term_string}\"},\"query-input\":{\"@type\":\"PropertyValueSpecification\",\"valueRequired\":true,\"valueName\":\"search_term_string\"}}],\"inLanguage\":\"es\"},{\"@type\":\"Organization\",\"@id\":\"https:\\\/\\\/diariotextual.com\\\/inicio\\\/#organization\",\"name\":\"Diario Textual\",\"url\":\"https:\\\/\\\/diariotextual.com\\\/inicio\\\/\",\"logo\":{\"@type\":\"ImageObject\",\"inLanguage\":\"es\",\"@id\":\"https:\\\/\\\/diariotextual.com\\\/inicio\\\/#\\\/schema\\\/logo\\\/image\\\/\",\"url\":\"https:\\\/\\\/diariotextual.com\\\/inicio\\\/wp-content\\\/uploads\\\/2023\\\/05\\\/logotextual1.jpg\",\"contentUrl\":\"https:\\\/\\\/diariotextual.com\\\/inicio\\\/wp-content\\\/uploads\\\/2023\\\/05\\\/logotextual1.jpg\",\"width\":516,\"height\":76,\"caption\":\"Diario Textual\"},\"image\":{\"@id\":\"https:\\\/\\\/diariotextual.com\\\/inicio\\\/#\\\/schema\\\/logo\\\/image\\\/\"},\"sameAs\":[\"https:\\\/\\\/www.facebook.com\\\/eltextual\",\"https:\\\/\\\/x.com\\\/eltextual\",\"http:\\\/\\\/www.instagram.com\\\/eltextual\"]},{\"@type\":\"Person\",\"@id\":\"https:\\\/\\\/diariotextual.com\\\/inicio\\\/#\\\/schema\\\/person\\\/418fc4093c33e86ed41562db3508f958\",\"name\":\"Diario1 Diario1\",\"image\":{\"@type\":\"ImageObject\",\"inLanguage\":\"es\",\"@id\":\"https:\\\/\\\/secure.gravatar.com\\\/avatar\\\/9167d280179c85bc18be67aa7eda765854300033af4896dd779b608640f2ef7a?s=96&d=mm&r=g\",\"url\":\"https:\\\/\\\/secure.gravatar.com\\\/avatar\\\/9167d280179c85bc18be67aa7eda765854300033af4896dd779b608640f2ef7a?s=96&d=mm&r=g\",\"contentUrl\":\"https:\\\/\\\/secure.gravatar.com\\\/avatar\\\/9167d280179c85bc18be67aa7eda765854300033af4896dd779b608640f2ef7a?s=96&d=mm&r=g\",\"caption\":\"Diario1 Diario1\"},\"url\":\"https:\\\/\\\/diariotextual.com\\\/inicio\\\/index.php\\\/author\\\/diario1\\\/\"}]}<\/script>\n<!-- \/ Yoast SEO plugin. -->","yoast_head_json":{"title":"PASO: en La Pampa, a las 17 horas, ya vot\u00f3 cerca del 70% - Diario Textual","robots":{"index":"index","follow":"follow","max-snippet":"max-snippet:-1","max-image-preview":"max-image-preview:large","max-video-preview":"max-video-preview:-1"},"canonical":"https:\/\/diariotextual.com\/inicio\/index.php\/2019\/08\/11\/paso-la-pampa-una-eleccion-saber-donde-esta-ubicado-candidato\/","og_locale":"es_ES","og_type":"article","og_title":"PASO: en La Pampa, a las 17 horas, ya vot\u00f3 cerca del 70% - Diario Textual","og_description":"Las Primarias Abiertas Simult\u00e1neas y Obligatorias, donde\u00a0un total de 287.141 pampeanos est\u00e1n habilitados para elegir por diez precandidatos a presidente y cinco precandidatos a diputados nacionales, se desarrollan con normalidad&hellip;","og_url":"https:\/\/diariotextual.com\/inicio\/index.php\/2019\/08\/11\/paso-la-pampa-una-eleccion-saber-donde-esta-ubicado-candidato\/","og_site_name":"Diario Textual","article_publisher":"https:\/\/www.facebook.com\/eltextual","article_published_time":"2019-08-11T17:56:43+00:00","article_modified_time":"2019-08-12T02:54:14+00:00","og_image":[{"width":1200,"height":772,"url":"https:\/\/diariotextual.com\/inicio\/wp-content\/uploads\/2019\/08\/eleccionespaso2019-2.jpg","type":"image\/jpeg"}],"author":"Diario1 Diario1","twitter_card":"summary_large_image","twitter_creator":"@eltextual","twitter_site":"@eltextual","twitter_misc":{"Escrito por":"Diario1 Diario1","Tiempo de lectura":"3 minutos"},"schema":{"@context":"https:\/\/schema.org","@graph":[{"@type":"Article","@id":"https:\/\/diariotextual.com\/inicio\/index.php\/2019\/08\/11\/paso-la-pampa-una-eleccion-saber-donde-esta-ubicado-candidato\/#article","isPartOf":{"@id":"https:\/\/diariotextual.com\/inicio\/index.php\/2019\/08\/11\/paso-la-pampa-una-eleccion-saber-donde-esta-ubicado-candidato\/"},"author":{"name":"Diario1 Diario1","@id":"https:\/\/diariotextual.com\/inicio\/#\/schema\/person\/418fc4093c33e86ed41562db3508f958"},"headline":"PASO: en La Pampa, a las 17 horas, ya vot\u00f3 cerca del 70%","datePublished":"2019-08-11T17:56:43+00:00","dateModified":"2019-08-12T02:54:14+00:00","mainEntityOfPage":{"@id":"https:\/\/diariotextual.com\/inicio\/index.php\/2019\/08\/11\/paso-la-pampa-una-eleccion-saber-donde-esta-ubicado-candidato\/"},"wordCount":709,"publisher":{"@id":"https:\/\/diariotextual.com\/inicio\/#organization"},"image":{"@id":"https:\/\/diariotextual.com\/inicio\/index.php\/2019\/08\/11\/paso-la-pampa-una-eleccion-saber-donde-esta-ubicado-candidato\/#primaryimage"},"thumbnailUrl":"https:\/\/diariotextual.com\/inicio\/wp-content\/uploads\/2019\/08\/eleccionespaso2019-2.jpg","keywords":["elecciones","paso"],"articleSection":["POLITICA"],"inLanguage":"es"},{"@type":"WebPage","@id":"https:\/\/diariotextual.com\/inicio\/index.php\/2019\/08\/11\/paso-la-pampa-una-eleccion-saber-donde-esta-ubicado-candidato\/","url":"https:\/\/diariotextual.com\/inicio\/index.php\/2019\/08\/11\/paso-la-pampa-una-eleccion-saber-donde-esta-ubicado-candidato\/","name":"PASO: en La Pampa, a las 17 horas, ya vot\u00f3 cerca del 70% - Diario Textual","isPartOf":{"@id":"https:\/\/diariotextual.com\/inicio\/#website"},"primaryImageOfPage":{"@id":"https:\/\/diariotextual.com\/inicio\/index.php\/2019\/08\/11\/paso-la-pampa-una-eleccion-saber-donde-esta-ubicado-candidato\/#primaryimage"},"image":{"@id":"https:\/\/diariotextual.com\/inicio\/index.php\/2019\/08\/11\/paso-la-pampa-una-eleccion-saber-donde-esta-ubicado-candidato\/#primaryimage"},"thumbnailUrl":"https:\/\/diariotextual.com\/inicio\/wp-content\/uploads\/2019\/08\/eleccionespaso2019-2.jpg","datePublished":"2019-08-11T17:56:43+00:00","dateModified":"2019-08-12T02:54:14+00:00","breadcrumb":{"@id":"https:\/\/diariotextual.com\/inicio\/index.php\/2019\/08\/11\/paso-la-pampa-una-eleccion-saber-donde-esta-ubicado-candidato\/#breadcrumb"},"inLanguage":"es","potentialAction":[{"@type":"ReadAction","target":["https:\/\/diariotextual.com\/inicio\/index.php\/2019\/08\/11\/paso-la-pampa-una-eleccion-saber-donde-esta-ubicado-candidato\/"]}]},{"@type":"ImageObject","inLanguage":"es","@id":"https:\/\/diariotextual.com\/inicio\/index.php\/2019\/08\/11\/paso-la-pampa-una-eleccion-saber-donde-esta-ubicado-candidato\/#primaryimage","url":"https:\/\/diariotextual.com\/inicio\/wp-content\/uploads\/2019\/08\/eleccionespaso2019-2.jpg","contentUrl":"https:\/\/diariotextual.com\/inicio\/wp-content\/uploads\/2019\/08\/eleccionespaso2019-2.jpg","width":1200,"height":772},{"@type":"BreadcrumbList","@id":"https:\/\/diariotextual.com\/inicio\/index.php\/2019\/08\/11\/paso-la-pampa-una-eleccion-saber-donde-esta-ubicado-candidato\/#breadcrumb","itemListElement":[{"@type":"ListItem","position":1,"name":"Portada","item":"https:\/\/diariotextual.com\/inicio\/"},{"@type":"ListItem","position":2,"name":"PASO: en La Pampa, a las 17 horas, ya vot\u00f3 cerca del 70%"}]},{"@type":"WebSite","@id":"https:\/\/diariotextual.com\/inicio\/#website","url":"https:\/\/diariotextual.com\/inicio\/","name":"Diario Textual","description":"","publisher":{"@id":"https:\/\/diariotextual.com\/inicio\/#organization"},"potentialAction":[{"@type":"SearchAction","target":{"@type":"EntryPoint","urlTemplate":"https:\/\/diariotextual.com\/inicio\/?s={search_term_string}"},"query-input":{"@type":"PropertyValueSpecification","valueRequired":true,"valueName":"search_term_string"}}],"inLanguage":"es"},{"@type":"Organization","@id":"https:\/\/diariotextual.com\/inicio\/#organization","name":"Diario Textual","url":"https:\/\/diariotextual.com\/inicio\/","logo":{"@type":"ImageObject","inLanguage":"es","@id":"https:\/\/diariotextual.com\/inicio\/#\/schema\/logo\/image\/","url":"https:\/\/diariotextual.com\/inicio\/wp-content\/uploads\/2023\/05\/logotextual1.jpg","contentUrl":"https:\/\/diariotextual.com\/inicio\/wp-content\/uploads\/2023\/05\/logotextual1.jpg","width":516,"height":76,"caption":"Diario Textual"},"image":{"@id":"https:\/\/diariotextual.com\/inicio\/#\/schema\/logo\/image\/"},"sameAs":["https:\/\/www.facebook.com\/eltextual","https:\/\/x.com\/eltextual","http:\/\/www.instagram.com\/eltextual"]},{"@type":"Person","@id":"https:\/\/diariotextual.com\/inicio\/#\/schema\/person\/418fc4093c33e86ed41562db3508f958","name":"Diario1 Diario1","image":{"@type":"ImageObject","inLanguage":"es","@id":"https:\/\/secure.gravatar.com\/avatar\/9167d280179c85bc18be67aa7eda765854300033af4896dd779b608640f2ef7a?s=96&d=mm&r=g","url":"https:\/\/secure.gravatar.com\/avatar\/9167d280179c85bc18be67aa7eda765854300033af4896dd779b608640f2ef7a?s=96&d=mm&r=g","contentUrl":"https:\/\/secure.gravatar.com\/avatar\/9167d280179c85bc18be67aa7eda765854300033af4896dd779b608640f2ef7a?s=96&d=mm&r=g","caption":"Diario1 Diario1"},"url":"https:\/\/diariotextual.com\/inicio\/index.php\/author\/diario1\/"}]}},"_links":{"self":[{"href":"https:\/\/diariotextual.com\/inicio\/index.php\/wp-json\/wp\/v2\/posts\/58808","targetHints":{"allow":["GET"]}}],"collection":[{"href":"https:\/\/diariotextual.com\/inicio\/index.php\/wp-json\/wp\/v2\/posts"}],"about":[{"href":"https:\/\/diariotextual.com\/inicio\/index.php\/wp-json\/wp\/v2\/types\/post"}],"author":[{"embeddable":true,"href":"https:\/\/diariotextual.com\/inicio\/index.php\/wp-json\/wp\/v2\/users\/3"}],"replies":[{"embeddable":true,"href":"https:\/\/diariotextual.com\/inicio\/index.php\/wp-json\/wp\/v2\/comments?post=58808"}],"version-history":[{"count":15,"href":"https:\/\/diariotextual.com\/inicio\/index.php\/wp-json\/wp\/v2\/posts\/58808\/revisions"}],"predecessor-version":[{"id":58924,"href":"https:\/\/diariotextual.com\/inicio\/index.php\/wp-json\/wp\/v2\/posts\/58808\/revisions\/58924"}],"wp:featuredmedia":[{"embeddable":true,"href":"https:\/\/diariotextual.com\/inicio\/index.php\/wp-json\/wp\/v2\/media\/58890"}],"wp:attachment":[{"href":"https:\/\/diariotextual.com\/inicio\/index.php\/wp-json\/wp\/v2\/media?parent=58808"}],"wp:term":[{"taxonomy":"category","embeddable":true,"href":"https:\/\/diariotextual.com\/inicio\/index.php\/wp-json\/wp\/v2\/categories?post=58808"},{"taxonomy":"post_tag","embeddable":true,"href":"https:\/\/diariotextual.com\/inicio\/index.php\/wp-json\/wp\/v2\/tags?post=58808"}],"curies":[{"name":"wp","href":"https:\/\/api.w.org\/{rel}","templated":true}]}}