{"id":58829,"date":"2019-08-11T09:28:48","date_gmt":"2019-08-11T12:28:48","guid":{"rendered":"http:\/\/diariotextual.com\/inicio\/?p=58829"},"modified":"2019-08-11T12:30:44","modified_gmt":"2019-08-11T15:30:44","slug":"lupardo-la-proscripcion-lo-mas-nos-preocupa","status":"publish","type":"post","link":"https:\/\/diariotextual.com\/inicio\/index.php\/2019\/08\/11\/lupardo-la-proscripcion-lo-mas-nos-preocupa\/","title":{"rendered":"Lupardo dice esperar superar el piso de 1,5% y romper con \u00abla proscripci\u00f3n\u00bb"},"content":{"rendered":"<p><strong>Claudia Lupardo<\/strong>, precandidata a diputada nacional por La Pampa en el <strong>Frente de Izquierda y Trabajadores Unidad (FIT-U)<\/strong>, vot\u00f3 a las 8.30 horas en el Colegio Domingo Savio, de Santa Rosa, y dijo que<strong> el objetivo es lograr superar el piso del 1,5 por ciento de los sufragios\u00a0<\/strong>para llegar a las elecciones de octubre.<\/p>\n<p>Los precandidatos deben obtener un piso m\u00ednimo del 1,5 % de los sufragios para poder pasar a las generales. \u00abEl piso de la proscripci\u00f3n es lo que m\u00e1s nos preocupa para estar en las elecciones de octubre. Esa es una de las posibilidades y vamos a estar pendientes de los resultados para romper con esa proscripci\u00f3n.<\/p>\n<p><strong>-\u00bfEst\u00e1n preocupados por la transmisi\u00f3n de votos de Starmatic?<\/strong><\/p>\n<p>-S\u00ed, en el 2017 hicimos una denuncia, ya que esto se ven\u00eda venir. Fue la misma empresa que hizo este papel en Venezuela. Nos dej\u00f3 dudas e hicimos denuncias p\u00fablicas en La Izquierda Diario en aquel momento y ahora lo recordamos. Lo que pasa que ahora nos toca a nosotros.<\/p>\n<p><strong>-\u00bfLlegaron con el mensaje de la izquierda a toda la provincia?<\/strong><\/p>\n<p>-S\u00ed, el acompa\u00f1amiento de los medios de comunicaci\u00f3n fue importante, pudimos estar con nuestras posiciones en los medios que nos convocaron e hicimos un trabajo en las redes sociales. Eso es lo m\u00e1s importante en este proceso, que se puedan conocer nuestras ideas.<\/p>\n<p>&nbsp;<\/p>\n<p>&nbsp;<\/p>\n<p>&nbsp;<\/p>\n","protected":false},"excerpt":{"rendered":"<p>Claudia Lupardo, precandidata a diputada nacional por La Pampa en el Frente de Izquierda y Trabajadores Unidad (FIT-U), vot\u00f3 a las 8.30 horas en el Colegio Domingo Savio, de Santa&hellip;<\/p>\n","protected":false},"author":3,"featured_media":58834,"comment_status":"closed","ping_status":"open","sticky":false,"template":"","format":"standard","meta":{"_acf_changed":false,"footnotes":""},"categories":[11,319,8],"tags":[2164,2163],"class_list":["post-58829","post","type-post","status-publish","format-standard","has-post-thumbnail","hentry","category-que-pasa","category-a-temporales","category-politica","tag-lupardo","tag-paso"],"acf":[],"yoast_head":"<!-- This site is optimized with the Yoast SEO plugin v27.5 - https:\/\/yoast.com\/product\/yoast-seo-wordpress\/ -->\n<title>Lupardo dice esperar superar el piso de 1,5% y romper con &quot;la proscripci\u00f3n&quot; - Diario Textual<\/title>\n<meta name=\"robots\" content=\"index, follow, max-snippet:-1, max-image-preview:large, max-video-preview:-1\" \/>\n<link rel=\"canonical\" href=\"https:\/\/diariotextual.com\/inicio\/index.php\/2019\/08\/11\/lupardo-la-proscripcion-lo-mas-nos-preocupa\/\" \/>\n<meta property=\"og:locale\" content=\"es_ES\" \/>\n<meta property=\"og:type\" content=\"article\" \/>\n<meta property=\"og:title\" content=\"Lupardo dice esperar superar el piso de 1,5% y romper con &quot;la proscripci\u00f3n&quot; - Diario Textual\" \/>\n<meta property=\"og:description\" content=\"Claudia Lupardo, precandidata a diputada nacional por La Pampa en el Frente de Izquierda y Trabajadores Unidad (FIT-U), vot\u00f3 a las 8.30 horas en el Colegio Domingo Savio, de Santa&hellip;\" \/>\n<meta property=\"og:url\" content=\"https:\/\/diariotextual.com\/inicio\/index.php\/2019\/08\/11\/lupardo-la-proscripcion-lo-mas-nos-preocupa\/\" \/>\n<meta property=\"og:site_name\" content=\"Diario Textual\" \/>\n<meta property=\"article:publisher\" content=\"https:\/\/www.facebook.com\/eltextual\" \/>\n<meta property=\"article:published_time\" content=\"2019-08-11T12:28:48+00:00\" \/>\n<meta property=\"article:modified_time\" content=\"2019-08-11T15:30:44+00:00\" \/>\n<meta property=\"og:image\" content=\"https:\/\/diariotextual.com\/inicio\/wp-content\/uploads\/2019\/08\/lupardoclaudiavotaeleccionespaso2019-1.jpg\" \/>\n\t<meta property=\"og:image:width\" content=\"1200\" \/>\n\t<meta property=\"og:image:height\" content=\"810\" \/>\n\t<meta property=\"og:image:type\" content=\"image\/jpeg\" \/>\n<meta name=\"author\" content=\"Diario1 Diario1\" \/>\n<meta name=\"twitter:card\" content=\"summary_large_image\" \/>\n<meta name=\"twitter:creator\" content=\"@eltextual\" \/>\n<meta name=\"twitter:site\" content=\"@eltextual\" \/>\n<meta name=\"twitter:label1\" content=\"Escrito por\" \/>\n\t<meta name=\"twitter:data1\" content=\"Diario1 Diario1\" \/>\n\t<meta name=\"twitter:label2\" content=\"Tiempo de lectura\" \/>\n\t<meta name=\"twitter:data2\" content=\"1 minuto\" \/>\n<script type=\"application\/ld+json\" class=\"yoast-schema-graph\">{\"@context\":\"https:\\\/\\\/schema.org\",\"@graph\":[{\"@type\":\"Article\",\"@id\":\"https:\\\/\\\/diariotextual.com\\\/inicio\\\/index.php\\\/2019\\\/08\\\/11\\\/lupardo-la-proscripcion-lo-mas-nos-preocupa\\\/#article\",\"isPartOf\":{\"@id\":\"https:\\\/\\\/diariotextual.com\\\/inicio\\\/index.php\\\/2019\\\/08\\\/11\\\/lupardo-la-proscripcion-lo-mas-nos-preocupa\\\/\"},\"author\":{\"name\":\"Diario1 Diario1\",\"@id\":\"https:\\\/\\\/diariotextual.com\\\/inicio\\\/#\\\/schema\\\/person\\\/418fc4093c33e86ed41562db3508f958\"},\"headline\":\"Lupardo dice esperar superar el piso de 1,5% y romper con \u00abla proscripci\u00f3n\u00bb\",\"datePublished\":\"2019-08-11T12:28:48+00:00\",\"dateModified\":\"2019-08-11T15:30:44+00:00\",\"mainEntityOfPage\":{\"@id\":\"https:\\\/\\\/diariotextual.com\\\/inicio\\\/index.php\\\/2019\\\/08\\\/11\\\/lupardo-la-proscripcion-lo-mas-nos-preocupa\\\/\"},\"wordCount\":248,\"publisher\":{\"@id\":\"https:\\\/\\\/diariotextual.com\\\/inicio\\\/#organization\"},\"image\":{\"@id\":\"https:\\\/\\\/diariotextual.com\\\/inicio\\\/index.php\\\/2019\\\/08\\\/11\\\/lupardo-la-proscripcion-lo-mas-nos-preocupa\\\/#primaryimage\"},\"thumbnailUrl\":\"https:\\\/\\\/diariotextual.com\\\/inicio\\\/wp-content\\\/uploads\\\/2019\\\/08\\\/lupardoclaudiavotaeleccionespaso2019-1.jpg\",\"keywords\":[\"lupardo\",\"paso\"],\"articleSection\":[\"A - QUE PASA (al costado)\",\"A - TEMPORALES\",\"POLITICA\"],\"inLanguage\":\"es\"},{\"@type\":\"WebPage\",\"@id\":\"https:\\\/\\\/diariotextual.com\\\/inicio\\\/index.php\\\/2019\\\/08\\\/11\\\/lupardo-la-proscripcion-lo-mas-nos-preocupa\\\/\",\"url\":\"https:\\\/\\\/diariotextual.com\\\/inicio\\\/index.php\\\/2019\\\/08\\\/11\\\/lupardo-la-proscripcion-lo-mas-nos-preocupa\\\/\",\"name\":\"Lupardo dice esperar superar el piso de 1,5% y romper con \\\"la proscripci\u00f3n\\\" - Diario Textual\",\"isPartOf\":{\"@id\":\"https:\\\/\\\/diariotextual.com\\\/inicio\\\/#website\"},\"primaryImageOfPage\":{\"@id\":\"https:\\\/\\\/diariotextual.com\\\/inicio\\\/index.php\\\/2019\\\/08\\\/11\\\/lupardo-la-proscripcion-lo-mas-nos-preocupa\\\/#primaryimage\"},\"image\":{\"@id\":\"https:\\\/\\\/diariotextual.com\\\/inicio\\\/index.php\\\/2019\\\/08\\\/11\\\/lupardo-la-proscripcion-lo-mas-nos-preocupa\\\/#primaryimage\"},\"thumbnailUrl\":\"https:\\\/\\\/diariotextual.com\\\/inicio\\\/wp-content\\\/uploads\\\/2019\\\/08\\\/lupardoclaudiavotaeleccionespaso2019-1.jpg\",\"datePublished\":\"2019-08-11T12:28:48+00:00\",\"dateModified\":\"2019-08-11T15:30:44+00:00\",\"breadcrumb\":{\"@id\":\"https:\\\/\\\/diariotextual.com\\\/inicio\\\/index.php\\\/2019\\\/08\\\/11\\\/lupardo-la-proscripcion-lo-mas-nos-preocupa\\\/#breadcrumb\"},\"inLanguage\":\"es\",\"potentialAction\":[{\"@type\":\"ReadAction\",\"target\":[\"https:\\\/\\\/diariotextual.com\\\/inicio\\\/index.php\\\/2019\\\/08\\\/11\\\/lupardo-la-proscripcion-lo-mas-nos-preocupa\\\/\"]}]},{\"@type\":\"ImageObject\",\"inLanguage\":\"es\",\"@id\":\"https:\\\/\\\/diariotextual.com\\\/inicio\\\/index.php\\\/2019\\\/08\\\/11\\\/lupardo-la-proscripcion-lo-mas-nos-preocupa\\\/#primaryimage\",\"url\":\"https:\\\/\\\/diariotextual.com\\\/inicio\\\/wp-content\\\/uploads\\\/2019\\\/08\\\/lupardoclaudiavotaeleccionespaso2019-1.jpg\",\"contentUrl\":\"https:\\\/\\\/diariotextual.com\\\/inicio\\\/wp-content\\\/uploads\\\/2019\\\/08\\\/lupardoclaudiavotaeleccionespaso2019-1.jpg\",\"width\":1200,\"height\":810},{\"@type\":\"BreadcrumbList\",\"@id\":\"https:\\\/\\\/diariotextual.com\\\/inicio\\\/index.php\\\/2019\\\/08\\\/11\\\/lupardo-la-proscripcion-lo-mas-nos-preocupa\\\/#breadcrumb\",\"itemListElement\":[{\"@type\":\"ListItem\",\"position\":1,\"name\":\"Portada\",\"item\":\"https:\\\/\\\/diariotextual.com\\\/inicio\\\/\"},{\"@type\":\"ListItem\",\"position\":2,\"name\":\"Lupardo dice esperar superar el piso de 1,5% y romper con \u00abla proscripci\u00f3n\u00bb\"}]},{\"@type\":\"WebSite\",\"@id\":\"https:\\\/\\\/diariotextual.com\\\/inicio\\\/#website\",\"url\":\"https:\\\/\\\/diariotextual.com\\\/inicio\\\/\",\"name\":\"Diario Textual\",\"description\":\"\",\"publisher\":{\"@id\":\"https:\\\/\\\/diariotextual.com\\\/inicio\\\/#organization\"},\"potentialAction\":[{\"@type\":\"SearchAction\",\"target\":{\"@type\":\"EntryPoint\",\"urlTemplate\":\"https:\\\/\\\/diariotextual.com\\\/inicio\\\/?s={search_term_string}\"},\"query-input\":{\"@type\":\"PropertyValueSpecification\",\"valueRequired\":true,\"valueName\":\"search_term_string\"}}],\"inLanguage\":\"es\"},{\"@type\":\"Organization\",\"@id\":\"https:\\\/\\\/diariotextual.com\\\/inicio\\\/#organization\",\"name\":\"Diario Textual\",\"url\":\"https:\\\/\\\/diariotextual.com\\\/inicio\\\/\",\"logo\":{\"@type\":\"ImageObject\",\"inLanguage\":\"es\",\"@id\":\"https:\\\/\\\/diariotextual.com\\\/inicio\\\/#\\\/schema\\\/logo\\\/image\\\/\",\"url\":\"https:\\\/\\\/diariotextual.com\\\/inicio\\\/wp-content\\\/uploads\\\/2023\\\/05\\\/logotextual1.jpg\",\"contentUrl\":\"https:\\\/\\\/diariotextual.com\\\/inicio\\\/wp-content\\\/uploads\\\/2023\\\/05\\\/logotextual1.jpg\",\"width\":516,\"height\":76,\"caption\":\"Diario Textual\"},\"image\":{\"@id\":\"https:\\\/\\\/diariotextual.com\\\/inicio\\\/#\\\/schema\\\/logo\\\/image\\\/\"},\"sameAs\":[\"https:\\\/\\\/www.facebook.com\\\/eltextual\",\"https:\\\/\\\/x.com\\\/eltextual\",\"http:\\\/\\\/www.instagram.com\\\/eltextual\"]},{\"@type\":\"Person\",\"@id\":\"https:\\\/\\\/diariotextual.com\\\/inicio\\\/#\\\/schema\\\/person\\\/418fc4093c33e86ed41562db3508f958\",\"name\":\"Diario1 Diario1\",\"image\":{\"@type\":\"ImageObject\",\"inLanguage\":\"es\",\"@id\":\"https:\\\/\\\/secure.gravatar.com\\\/avatar\\\/9167d280179c85bc18be67aa7eda765854300033af4896dd779b608640f2ef7a?s=96&d=mm&r=g\",\"url\":\"https:\\\/\\\/secure.gravatar.com\\\/avatar\\\/9167d280179c85bc18be67aa7eda765854300033af4896dd779b608640f2ef7a?s=96&d=mm&r=g\",\"contentUrl\":\"https:\\\/\\\/secure.gravatar.com\\\/avatar\\\/9167d280179c85bc18be67aa7eda765854300033af4896dd779b608640f2ef7a?s=96&d=mm&r=g\",\"caption\":\"Diario1 Diario1\"},\"url\":\"https:\\\/\\\/diariotextual.com\\\/inicio\\\/index.php\\\/author\\\/diario1\\\/\"}]}<\/script>\n<!-- \/ Yoast SEO plugin. -->","yoast_head_json":{"title":"Lupardo dice esperar superar el piso de 1,5% y romper con \"la proscripci\u00f3n\" - Diario Textual","robots":{"index":"index","follow":"follow","max-snippet":"max-snippet:-1","max-image-preview":"max-image-preview:large","max-video-preview":"max-video-preview:-1"},"canonical":"https:\/\/diariotextual.com\/inicio\/index.php\/2019\/08\/11\/lupardo-la-proscripcion-lo-mas-nos-preocupa\/","og_locale":"es_ES","og_type":"article","og_title":"Lupardo dice esperar superar el piso de 1,5% y romper con \"la proscripci\u00f3n\" - Diario Textual","og_description":"Claudia Lupardo, precandidata a diputada nacional por La Pampa en el Frente de Izquierda y Trabajadores Unidad (FIT-U), vot\u00f3 a las 8.30 horas en el Colegio Domingo Savio, de Santa&hellip;","og_url":"https:\/\/diariotextual.com\/inicio\/index.php\/2019\/08\/11\/lupardo-la-proscripcion-lo-mas-nos-preocupa\/","og_site_name":"Diario Textual","article_publisher":"https:\/\/www.facebook.com\/eltextual","article_published_time":"2019-08-11T12:28:48+00:00","article_modified_time":"2019-08-11T15:30:44+00:00","og_image":[{"width":1200,"height":810,"url":"https:\/\/diariotextual.com\/inicio\/wp-content\/uploads\/2019\/08\/lupardoclaudiavotaeleccionespaso2019-1.jpg","type":"image\/jpeg"}],"author":"Diario1 Diario1","twitter_card":"summary_large_image","twitter_creator":"@eltextual","twitter_site":"@eltextual","twitter_misc":{"Escrito por":"Diario1 Diario1","Tiempo de lectura":"1 minuto"},"schema":{"@context":"https:\/\/schema.org","@graph":[{"@type":"Article","@id":"https:\/\/diariotextual.com\/inicio\/index.php\/2019\/08\/11\/lupardo-la-proscripcion-lo-mas-nos-preocupa\/#article","isPartOf":{"@id":"https:\/\/diariotextual.com\/inicio\/index.php\/2019\/08\/11\/lupardo-la-proscripcion-lo-mas-nos-preocupa\/"},"author":{"name":"Diario1 Diario1","@id":"https:\/\/diariotextual.com\/inicio\/#\/schema\/person\/418fc4093c33e86ed41562db3508f958"},"headline":"Lupardo dice esperar superar el piso de 1,5% y romper con \u00abla proscripci\u00f3n\u00bb","datePublished":"2019-08-11T12:28:48+00:00","dateModified":"2019-08-11T15:30:44+00:00","mainEntityOfPage":{"@id":"https:\/\/diariotextual.com\/inicio\/index.php\/2019\/08\/11\/lupardo-la-proscripcion-lo-mas-nos-preocupa\/"},"wordCount":248,"publisher":{"@id":"https:\/\/diariotextual.com\/inicio\/#organization"},"image":{"@id":"https:\/\/diariotextual.com\/inicio\/index.php\/2019\/08\/11\/lupardo-la-proscripcion-lo-mas-nos-preocupa\/#primaryimage"},"thumbnailUrl":"https:\/\/diariotextual.com\/inicio\/wp-content\/uploads\/2019\/08\/lupardoclaudiavotaeleccionespaso2019-1.jpg","keywords":["lupardo","paso"],"articleSection":["A - QUE PASA (al costado)","A - TEMPORALES","POLITICA"],"inLanguage":"es"},{"@type":"WebPage","@id":"https:\/\/diariotextual.com\/inicio\/index.php\/2019\/08\/11\/lupardo-la-proscripcion-lo-mas-nos-preocupa\/","url":"https:\/\/diariotextual.com\/inicio\/index.php\/2019\/08\/11\/lupardo-la-proscripcion-lo-mas-nos-preocupa\/","name":"Lupardo dice esperar superar el piso de 1,5% y romper con \"la proscripci\u00f3n\" - Diario Textual","isPartOf":{"@id":"https:\/\/diariotextual.com\/inicio\/#website"},"primaryImageOfPage":{"@id":"https:\/\/diariotextual.com\/inicio\/index.php\/2019\/08\/11\/lupardo-la-proscripcion-lo-mas-nos-preocupa\/#primaryimage"},"image":{"@id":"https:\/\/diariotextual.com\/inicio\/index.php\/2019\/08\/11\/lupardo-la-proscripcion-lo-mas-nos-preocupa\/#primaryimage"},"thumbnailUrl":"https:\/\/diariotextual.com\/inicio\/wp-content\/uploads\/2019\/08\/lupardoclaudiavotaeleccionespaso2019-1.jpg","datePublished":"2019-08-11T12:28:48+00:00","dateModified":"2019-08-11T15:30:44+00:00","breadcrumb":{"@id":"https:\/\/diariotextual.com\/inicio\/index.php\/2019\/08\/11\/lupardo-la-proscripcion-lo-mas-nos-preocupa\/#breadcrumb"},"inLanguage":"es","potentialAction":[{"@type":"ReadAction","target":["https:\/\/diariotextual.com\/inicio\/index.php\/2019\/08\/11\/lupardo-la-proscripcion-lo-mas-nos-preocupa\/"]}]},{"@type":"ImageObject","inLanguage":"es","@id":"https:\/\/diariotextual.com\/inicio\/index.php\/2019\/08\/11\/lupardo-la-proscripcion-lo-mas-nos-preocupa\/#primaryimage","url":"https:\/\/diariotextual.com\/inicio\/wp-content\/uploads\/2019\/08\/lupardoclaudiavotaeleccionespaso2019-1.jpg","contentUrl":"https:\/\/diariotextual.com\/inicio\/wp-content\/uploads\/2019\/08\/lupardoclaudiavotaeleccionespaso2019-1.jpg","width":1200,"height":810},{"@type":"BreadcrumbList","@id":"https:\/\/diariotextual.com\/inicio\/index.php\/2019\/08\/11\/lupardo-la-proscripcion-lo-mas-nos-preocupa\/#breadcrumb","itemListElement":[{"@type":"ListItem","position":1,"name":"Portada","item":"https:\/\/diariotextual.com\/inicio\/"},{"@type":"ListItem","position":2,"name":"Lupardo dice esperar superar el piso de 1,5% y romper con \u00abla proscripci\u00f3n\u00bb"}]},{"@type":"WebSite","@id":"https:\/\/diariotextual.com\/inicio\/#website","url":"https:\/\/diariotextual.com\/inicio\/","name":"Diario Textual","description":"","publisher":{"@id":"https:\/\/diariotextual.com\/inicio\/#organization"},"potentialAction":[{"@type":"SearchAction","target":{"@type":"EntryPoint","urlTemplate":"https:\/\/diariotextual.com\/inicio\/?s={search_term_string}"},"query-input":{"@type":"PropertyValueSpecification","valueRequired":true,"valueName":"search_term_string"}}],"inLanguage":"es"},{"@type":"Organization","@id":"https:\/\/diariotextual.com\/inicio\/#organization","name":"Diario Textual","url":"https:\/\/diariotextual.com\/inicio\/","logo":{"@type":"ImageObject","inLanguage":"es","@id":"https:\/\/diariotextual.com\/inicio\/#\/schema\/logo\/image\/","url":"https:\/\/diariotextual.com\/inicio\/wp-content\/uploads\/2023\/05\/logotextual1.jpg","contentUrl":"https:\/\/diariotextual.com\/inicio\/wp-content\/uploads\/2023\/05\/logotextual1.jpg","width":516,"height":76,"caption":"Diario Textual"},"image":{"@id":"https:\/\/diariotextual.com\/inicio\/#\/schema\/logo\/image\/"},"sameAs":["https:\/\/www.facebook.com\/eltextual","https:\/\/x.com\/eltextual","http:\/\/www.instagram.com\/eltextual"]},{"@type":"Person","@id":"https:\/\/diariotextual.com\/inicio\/#\/schema\/person\/418fc4093c33e86ed41562db3508f958","name":"Diario1 Diario1","image":{"@type":"ImageObject","inLanguage":"es","@id":"https:\/\/secure.gravatar.com\/avatar\/9167d280179c85bc18be67aa7eda765854300033af4896dd779b608640f2ef7a?s=96&d=mm&r=g","url":"https:\/\/secure.gravatar.com\/avatar\/9167d280179c85bc18be67aa7eda765854300033af4896dd779b608640f2ef7a?s=96&d=mm&r=g","contentUrl":"https:\/\/secure.gravatar.com\/avatar\/9167d280179c85bc18be67aa7eda765854300033af4896dd779b608640f2ef7a?s=96&d=mm&r=g","caption":"Diario1 Diario1"},"url":"https:\/\/diariotextual.com\/inicio\/index.php\/author\/diario1\/"}]}},"_links":{"self":[{"href":"https:\/\/diariotextual.com\/inicio\/index.php\/wp-json\/wp\/v2\/posts\/58829","targetHints":{"allow":["GET"]}}],"collection":[{"href":"https:\/\/diariotextual.com\/inicio\/index.php\/wp-json\/wp\/v2\/posts"}],"about":[{"href":"https:\/\/diariotextual.com\/inicio\/index.php\/wp-json\/wp\/v2\/types\/post"}],"author":[{"embeddable":true,"href":"https:\/\/diariotextual.com\/inicio\/index.php\/wp-json\/wp\/v2\/users\/3"}],"replies":[{"embeddable":true,"href":"https:\/\/diariotextual.com\/inicio\/index.php\/wp-json\/wp\/v2\/comments?post=58829"}],"version-history":[{"count":6,"href":"https:\/\/diariotextual.com\/inicio\/index.php\/wp-json\/wp\/v2\/posts\/58829\/revisions"}],"predecessor-version":[{"id":58845,"href":"https:\/\/diariotextual.com\/inicio\/index.php\/wp-json\/wp\/v2\/posts\/58829\/revisions\/58845"}],"wp:featuredmedia":[{"embeddable":true,"href":"https:\/\/diariotextual.com\/inicio\/index.php\/wp-json\/wp\/v2\/media\/58834"}],"wp:attachment":[{"href":"https:\/\/diariotextual.com\/inicio\/index.php\/wp-json\/wp\/v2\/media?parent=58829"}],"wp:term":[{"taxonomy":"category","embeddable":true,"href":"https:\/\/diariotextual.com\/inicio\/index.php\/wp-json\/wp\/v2\/categories?post=58829"},{"taxonomy":"post_tag","embeddable":true,"href":"https:\/\/diariotextual.com\/inicio\/index.php\/wp-json\/wp\/v2\/tags?post=58829"}],"curies":[{"name":"wp","href":"https:\/\/api.w.org\/{rel}","templated":true}]}}