{"id":58916,"date":"2019-08-11T15:02:00","date_gmt":"2019-08-11T18:02:00","guid":{"rendered":"http:\/\/diariotextual.com\/inicio\/?p=58916"},"modified":"2019-08-11T20:56:57","modified_gmt":"2019-08-11T23:56:57","slug":"ziliotto-humo-se-caera-10-diciembre","status":"publish","type":"post","link":"https:\/\/diariotextual.com\/inicio\/index.php\/2019\/08\/11\/ziliotto-humo-se-caera-10-diciembre\/","title":{"rendered":"Ziliotto: \u00abEl humo se caer\u00e1 el 10 de diciembre\u00bb"},"content":{"rendered":"<p>\u201cHoy es el primer paso para una nueva Argentina. Seguramente el 10 de diciembre va haber una nueva Argentina\u201d. <strong>Sergio Ziliotto<\/strong>, gobernador electo de La Pampa, se mostr\u00f3 confiado en los resultados que obtenga el peronismo en las PASO de este domingo.<\/p>\n<p>Ziliotto iba a votar a las 11 horas en el edificio del colegio secundario ubicado en la calle R\u00edo de la Plata al 875. Pero debi\u00f3 postergar su sufragio porque tuvo que concurrir a un m\u00e9dico por un fuerte dolor, que arrastra desde hace meses, en el nervio ci\u00e1tico. Finalmente fue a votar a las 14.30 horas.<\/p>\n<p>\u00abEsperamos un gobierno que modifique esta situaci\u00f3n.\u00a0La salida est\u00e1 en la industria y el trabajo argentino\u00bb, dijo a la prensa.<\/p>\n<p><strong>-\u00bfCree que ser\u00e1 una elecci\u00f3n polarizada?<\/strong><\/p>\n<p>-Bueno, lo vienen diciendo todos. Creo que la gente va a hacer valer su voto en base a lo que es su realidad diario. Y en eso estamos muy confiados. Nosotros estamos ofertando a la ciudadan\u00eda, desde el peronismo, un Gobierno distinto que piensa a la Argentina desarrolllada, con todos adentro, y no solo con unos pocos.<\/p>\n<p><strong>-\u00bfPuede haber problemas con el traspaso de los datos electr\u00f3nicos a partir de los cuestionamientos que hay con la empresa Starmatic?<\/strong><\/p>\n<p>-Las dudas no se han disipado. Nosotros debemos hacer un trabajo militante de todos los fiscales, de custodiar las urnas y los datos. Sabemos bien que el escrutinio final se da por las actas de votaci\u00f3n. En ese sentido no creo que haya problemas.<\/p>\n<p><strong>-Pero esos datos pueden generar \u00abclima\u00bb.<\/strong><\/p>\n<p>-S\u00ed, por supuesto. Pero si te\u00f3ricamente hay problemas o diferencias, una vez m\u00e1s se caer\u00e1 el humo como se caer\u00e1 el 10 de diciembre.<\/p>\n<blockquote class=\"wp-embedded-content\" data-secret=\"22omRyH2DE\"><p><a href=\"http:\/\/diariotextual.com\/inicio\/index.php\/2019\/08\/11\/los-datos-solo-se-daran-cuando-esten-cargados-10-los-votos-los-distritos-mas-grandes\/\">Solo se podr\u00e1n informar los resultados con el 10% de los votos de los distritos clave<\/a><\/p><\/blockquote>\n<p><iframe class=\"wp-embedded-content\" sandbox=\"allow-scripts\" security=\"restricted\" style=\"position: absolute; clip: rect(1px, 1px, 1px, 1px);\" src=\"http:\/\/diariotextual.com\/inicio\/index.php\/2019\/08\/11\/los-datos-solo-se-daran-cuando-esten-cargados-10-los-votos-los-distritos-mas-grandes\/embed\/#?secret=22omRyH2DE\" data-secret=\"22omRyH2DE\" width=\"600\" height=\"338\" title=\"&#171;Solo se podr\u00e1n informar los resultados con el 10% de los votos de los distritos clave&#187; &#8212; Diario Textual\" frameborder=\"0\" marginwidth=\"0\" marginheight=\"0\" scrolling=\"no\"><\/iframe><\/p>\n<p>&nbsp;<\/p>\n<p>&nbsp;<\/p>\n<p>&nbsp;<\/p>\n","protected":false},"excerpt":{"rendered":"<p>\u201cHoy es el primer paso para una nueva Argentina. Seguramente el 10 de diciembre va haber una nueva Argentina\u201d. Sergio Ziliotto, gobernador electo de La Pampa, se mostr\u00f3 confiado en&hellip;<\/p>\n","protected":false},"author":3,"featured_media":58909,"comment_status":"closed","ping_status":"open","sticky":false,"template":"","format":"standard","meta":{"_acf_changed":false,"footnotes":""},"categories":[319,8],"tags":[125,2163,424],"class_list":["post-58916","post","type-post","status-publish","format-standard","has-post-thumbnail","hentry","category-a-temporales","category-politica","tag-elecciones","tag-paso","tag-ziliotto"],"acf":[],"yoast_head":"<!-- This site is optimized with the Yoast SEO plugin v27.5 - https:\/\/yoast.com\/product\/yoast-seo-wordpress\/ -->\n<title>Ziliotto: \u00abEl humo se caer\u00e1 el 10 de diciembre\u00bb - Diario Textual<\/title>\n<meta name=\"robots\" content=\"index, follow, max-snippet:-1, max-image-preview:large, max-video-preview:-1\" \/>\n<link rel=\"canonical\" href=\"https:\/\/diariotextual.com\/inicio\/index.php\/2019\/08\/11\/ziliotto-humo-se-caera-10-diciembre\/\" \/>\n<meta property=\"og:locale\" content=\"es_ES\" \/>\n<meta property=\"og:type\" content=\"article\" \/>\n<meta property=\"og:title\" content=\"Ziliotto: \u00abEl humo se caer\u00e1 el 10 de diciembre\u00bb - Diario Textual\" \/>\n<meta property=\"og:description\" content=\"\u201cHoy es el primer paso para una nueva Argentina. Seguramente el 10 de diciembre va haber una nueva Argentina\u201d. Sergio Ziliotto, gobernador electo de La Pampa, se mostr\u00f3 confiado en&hellip;\" \/>\n<meta property=\"og:url\" content=\"https:\/\/diariotextual.com\/inicio\/index.php\/2019\/08\/11\/ziliotto-humo-se-caera-10-diciembre\/\" \/>\n<meta property=\"og:site_name\" content=\"Diario Textual\" \/>\n<meta property=\"article:publisher\" content=\"https:\/\/www.facebook.com\/eltextual\" \/>\n<meta property=\"article:published_time\" content=\"2019-08-11T18:02:00+00:00\" \/>\n<meta property=\"article:modified_time\" content=\"2019-08-11T23:56:57+00:00\" \/>\n<meta property=\"og:image\" content=\"https:\/\/diariotextual.com\/inicio\/wp-content\/uploads\/2019\/08\/IMG-20190811-WA0027.jpg\" \/>\n\t<meta property=\"og:image:width\" content=\"1280\" \/>\n\t<meta property=\"og:image:height\" content=\"853\" \/>\n\t<meta property=\"og:image:type\" content=\"image\/jpeg\" \/>\n<meta name=\"author\" content=\"Diario1 Diario1\" \/>\n<meta name=\"twitter:card\" content=\"summary_large_image\" \/>\n<meta name=\"twitter:creator\" content=\"@eltextual\" \/>\n<meta name=\"twitter:site\" content=\"@eltextual\" \/>\n<meta name=\"twitter:label1\" content=\"Escrito por\" \/>\n\t<meta name=\"twitter:data1\" content=\"Diario1 Diario1\" \/>\n\t<meta name=\"twitter:label2\" content=\"Tiempo de lectura\" \/>\n\t<meta name=\"twitter:data2\" content=\"1 minuto\" \/>\n<script type=\"application\/ld+json\" class=\"yoast-schema-graph\">{\"@context\":\"https:\\\/\\\/schema.org\",\"@graph\":[{\"@type\":\"Article\",\"@id\":\"https:\\\/\\\/diariotextual.com\\\/inicio\\\/index.php\\\/2019\\\/08\\\/11\\\/ziliotto-humo-se-caera-10-diciembre\\\/#article\",\"isPartOf\":{\"@id\":\"https:\\\/\\\/diariotextual.com\\\/inicio\\\/index.php\\\/2019\\\/08\\\/11\\\/ziliotto-humo-se-caera-10-diciembre\\\/\"},\"author\":{\"name\":\"Diario1 Diario1\",\"@id\":\"https:\\\/\\\/diariotextual.com\\\/inicio\\\/#\\\/schema\\\/person\\\/418fc4093c33e86ed41562db3508f958\"},\"headline\":\"Ziliotto: \u00abEl humo se caer\u00e1 el 10 de diciembre\u00bb\",\"datePublished\":\"2019-08-11T18:02:00+00:00\",\"dateModified\":\"2019-08-11T23:56:57+00:00\",\"mainEntityOfPage\":{\"@id\":\"https:\\\/\\\/diariotextual.com\\\/inicio\\\/index.php\\\/2019\\\/08\\\/11\\\/ziliotto-humo-se-caera-10-diciembre\\\/\"},\"wordCount\":304,\"publisher\":{\"@id\":\"https:\\\/\\\/diariotextual.com\\\/inicio\\\/#organization\"},\"image\":{\"@id\":\"https:\\\/\\\/diariotextual.com\\\/inicio\\\/index.php\\\/2019\\\/08\\\/11\\\/ziliotto-humo-se-caera-10-diciembre\\\/#primaryimage\"},\"thumbnailUrl\":\"https:\\\/\\\/diariotextual.com\\\/inicio\\\/wp-content\\\/uploads\\\/2019\\\/08\\\/IMG-20190811-WA0027.jpg\",\"keywords\":[\"elecciones\",\"paso\",\"ziliotto\"],\"articleSection\":[\"A - TEMPORALES\",\"POLITICA\"],\"inLanguage\":\"es\"},{\"@type\":\"WebPage\",\"@id\":\"https:\\\/\\\/diariotextual.com\\\/inicio\\\/index.php\\\/2019\\\/08\\\/11\\\/ziliotto-humo-se-caera-10-diciembre\\\/\",\"url\":\"https:\\\/\\\/diariotextual.com\\\/inicio\\\/index.php\\\/2019\\\/08\\\/11\\\/ziliotto-humo-se-caera-10-diciembre\\\/\",\"name\":\"Ziliotto: \u00abEl humo se caer\u00e1 el 10 de diciembre\u00bb - Diario Textual\",\"isPartOf\":{\"@id\":\"https:\\\/\\\/diariotextual.com\\\/inicio\\\/#website\"},\"primaryImageOfPage\":{\"@id\":\"https:\\\/\\\/diariotextual.com\\\/inicio\\\/index.php\\\/2019\\\/08\\\/11\\\/ziliotto-humo-se-caera-10-diciembre\\\/#primaryimage\"},\"image\":{\"@id\":\"https:\\\/\\\/diariotextual.com\\\/inicio\\\/index.php\\\/2019\\\/08\\\/11\\\/ziliotto-humo-se-caera-10-diciembre\\\/#primaryimage\"},\"thumbnailUrl\":\"https:\\\/\\\/diariotextual.com\\\/inicio\\\/wp-content\\\/uploads\\\/2019\\\/08\\\/IMG-20190811-WA0027.jpg\",\"datePublished\":\"2019-08-11T18:02:00+00:00\",\"dateModified\":\"2019-08-11T23:56:57+00:00\",\"breadcrumb\":{\"@id\":\"https:\\\/\\\/diariotextual.com\\\/inicio\\\/index.php\\\/2019\\\/08\\\/11\\\/ziliotto-humo-se-caera-10-diciembre\\\/#breadcrumb\"},\"inLanguage\":\"es\",\"potentialAction\":[{\"@type\":\"ReadAction\",\"target\":[\"https:\\\/\\\/diariotextual.com\\\/inicio\\\/index.php\\\/2019\\\/08\\\/11\\\/ziliotto-humo-se-caera-10-diciembre\\\/\"]}]},{\"@type\":\"ImageObject\",\"inLanguage\":\"es\",\"@id\":\"https:\\\/\\\/diariotextual.com\\\/inicio\\\/index.php\\\/2019\\\/08\\\/11\\\/ziliotto-humo-se-caera-10-diciembre\\\/#primaryimage\",\"url\":\"https:\\\/\\\/diariotextual.com\\\/inicio\\\/wp-content\\\/uploads\\\/2019\\\/08\\\/IMG-20190811-WA0027.jpg\",\"contentUrl\":\"https:\\\/\\\/diariotextual.com\\\/inicio\\\/wp-content\\\/uploads\\\/2019\\\/08\\\/IMG-20190811-WA0027.jpg\",\"width\":1280,\"height\":853},{\"@type\":\"BreadcrumbList\",\"@id\":\"https:\\\/\\\/diariotextual.com\\\/inicio\\\/index.php\\\/2019\\\/08\\\/11\\\/ziliotto-humo-se-caera-10-diciembre\\\/#breadcrumb\",\"itemListElement\":[{\"@type\":\"ListItem\",\"position\":1,\"name\":\"Portada\",\"item\":\"https:\\\/\\\/diariotextual.com\\\/inicio\\\/\"},{\"@type\":\"ListItem\",\"position\":2,\"name\":\"Ziliotto: \u00abEl humo se caer\u00e1 el 10 de diciembre\u00bb\"}]},{\"@type\":\"WebSite\",\"@id\":\"https:\\\/\\\/diariotextual.com\\\/inicio\\\/#website\",\"url\":\"https:\\\/\\\/diariotextual.com\\\/inicio\\\/\",\"name\":\"Diario Textual\",\"description\":\"\",\"publisher\":{\"@id\":\"https:\\\/\\\/diariotextual.com\\\/inicio\\\/#organization\"},\"potentialAction\":[{\"@type\":\"SearchAction\",\"target\":{\"@type\":\"EntryPoint\",\"urlTemplate\":\"https:\\\/\\\/diariotextual.com\\\/inicio\\\/?s={search_term_string}\"},\"query-input\":{\"@type\":\"PropertyValueSpecification\",\"valueRequired\":true,\"valueName\":\"search_term_string\"}}],\"inLanguage\":\"es\"},{\"@type\":\"Organization\",\"@id\":\"https:\\\/\\\/diariotextual.com\\\/inicio\\\/#organization\",\"name\":\"Diario Textual\",\"url\":\"https:\\\/\\\/diariotextual.com\\\/inicio\\\/\",\"logo\":{\"@type\":\"ImageObject\",\"inLanguage\":\"es\",\"@id\":\"https:\\\/\\\/diariotextual.com\\\/inicio\\\/#\\\/schema\\\/logo\\\/image\\\/\",\"url\":\"https:\\\/\\\/diariotextual.com\\\/inicio\\\/wp-content\\\/uploads\\\/2023\\\/05\\\/logotextual1.jpg\",\"contentUrl\":\"https:\\\/\\\/diariotextual.com\\\/inicio\\\/wp-content\\\/uploads\\\/2023\\\/05\\\/logotextual1.jpg\",\"width\":516,\"height\":76,\"caption\":\"Diario Textual\"},\"image\":{\"@id\":\"https:\\\/\\\/diariotextual.com\\\/inicio\\\/#\\\/schema\\\/logo\\\/image\\\/\"},\"sameAs\":[\"https:\\\/\\\/www.facebook.com\\\/eltextual\",\"https:\\\/\\\/x.com\\\/eltextual\",\"http:\\\/\\\/www.instagram.com\\\/eltextual\"]},{\"@type\":\"Person\",\"@id\":\"https:\\\/\\\/diariotextual.com\\\/inicio\\\/#\\\/schema\\\/person\\\/418fc4093c33e86ed41562db3508f958\",\"name\":\"Diario1 Diario1\",\"image\":{\"@type\":\"ImageObject\",\"inLanguage\":\"es\",\"@id\":\"https:\\\/\\\/secure.gravatar.com\\\/avatar\\\/9167d280179c85bc18be67aa7eda765854300033af4896dd779b608640f2ef7a?s=96&d=mm&r=g\",\"url\":\"https:\\\/\\\/secure.gravatar.com\\\/avatar\\\/9167d280179c85bc18be67aa7eda765854300033af4896dd779b608640f2ef7a?s=96&d=mm&r=g\",\"contentUrl\":\"https:\\\/\\\/secure.gravatar.com\\\/avatar\\\/9167d280179c85bc18be67aa7eda765854300033af4896dd779b608640f2ef7a?s=96&d=mm&r=g\",\"caption\":\"Diario1 Diario1\"},\"url\":\"https:\\\/\\\/diariotextual.com\\\/inicio\\\/index.php\\\/author\\\/diario1\\\/\"}]}<\/script>\n<!-- \/ Yoast SEO plugin. -->","yoast_head_json":{"title":"Ziliotto: \u00abEl humo se caer\u00e1 el 10 de diciembre\u00bb - Diario Textual","robots":{"index":"index","follow":"follow","max-snippet":"max-snippet:-1","max-image-preview":"max-image-preview:large","max-video-preview":"max-video-preview:-1"},"canonical":"https:\/\/diariotextual.com\/inicio\/index.php\/2019\/08\/11\/ziliotto-humo-se-caera-10-diciembre\/","og_locale":"es_ES","og_type":"article","og_title":"Ziliotto: \u00abEl humo se caer\u00e1 el 10 de diciembre\u00bb - Diario Textual","og_description":"\u201cHoy es el primer paso para una nueva Argentina. Seguramente el 10 de diciembre va haber una nueva Argentina\u201d. Sergio Ziliotto, gobernador electo de La Pampa, se mostr\u00f3 confiado en&hellip;","og_url":"https:\/\/diariotextual.com\/inicio\/index.php\/2019\/08\/11\/ziliotto-humo-se-caera-10-diciembre\/","og_site_name":"Diario Textual","article_publisher":"https:\/\/www.facebook.com\/eltextual","article_published_time":"2019-08-11T18:02:00+00:00","article_modified_time":"2019-08-11T23:56:57+00:00","og_image":[{"width":1280,"height":853,"url":"https:\/\/diariotextual.com\/inicio\/wp-content\/uploads\/2019\/08\/IMG-20190811-WA0027.jpg","type":"image\/jpeg"}],"author":"Diario1 Diario1","twitter_card":"summary_large_image","twitter_creator":"@eltextual","twitter_site":"@eltextual","twitter_misc":{"Escrito por":"Diario1 Diario1","Tiempo de lectura":"1 minuto"},"schema":{"@context":"https:\/\/schema.org","@graph":[{"@type":"Article","@id":"https:\/\/diariotextual.com\/inicio\/index.php\/2019\/08\/11\/ziliotto-humo-se-caera-10-diciembre\/#article","isPartOf":{"@id":"https:\/\/diariotextual.com\/inicio\/index.php\/2019\/08\/11\/ziliotto-humo-se-caera-10-diciembre\/"},"author":{"name":"Diario1 Diario1","@id":"https:\/\/diariotextual.com\/inicio\/#\/schema\/person\/418fc4093c33e86ed41562db3508f958"},"headline":"Ziliotto: \u00abEl humo se caer\u00e1 el 10 de diciembre\u00bb","datePublished":"2019-08-11T18:02:00+00:00","dateModified":"2019-08-11T23:56:57+00:00","mainEntityOfPage":{"@id":"https:\/\/diariotextual.com\/inicio\/index.php\/2019\/08\/11\/ziliotto-humo-se-caera-10-diciembre\/"},"wordCount":304,"publisher":{"@id":"https:\/\/diariotextual.com\/inicio\/#organization"},"image":{"@id":"https:\/\/diariotextual.com\/inicio\/index.php\/2019\/08\/11\/ziliotto-humo-se-caera-10-diciembre\/#primaryimage"},"thumbnailUrl":"https:\/\/diariotextual.com\/inicio\/wp-content\/uploads\/2019\/08\/IMG-20190811-WA0027.jpg","keywords":["elecciones","paso","ziliotto"],"articleSection":["A - TEMPORALES","POLITICA"],"inLanguage":"es"},{"@type":"WebPage","@id":"https:\/\/diariotextual.com\/inicio\/index.php\/2019\/08\/11\/ziliotto-humo-se-caera-10-diciembre\/","url":"https:\/\/diariotextual.com\/inicio\/index.php\/2019\/08\/11\/ziliotto-humo-se-caera-10-diciembre\/","name":"Ziliotto: \u00abEl humo se caer\u00e1 el 10 de diciembre\u00bb - Diario Textual","isPartOf":{"@id":"https:\/\/diariotextual.com\/inicio\/#website"},"primaryImageOfPage":{"@id":"https:\/\/diariotextual.com\/inicio\/index.php\/2019\/08\/11\/ziliotto-humo-se-caera-10-diciembre\/#primaryimage"},"image":{"@id":"https:\/\/diariotextual.com\/inicio\/index.php\/2019\/08\/11\/ziliotto-humo-se-caera-10-diciembre\/#primaryimage"},"thumbnailUrl":"https:\/\/diariotextual.com\/inicio\/wp-content\/uploads\/2019\/08\/IMG-20190811-WA0027.jpg","datePublished":"2019-08-11T18:02:00+00:00","dateModified":"2019-08-11T23:56:57+00:00","breadcrumb":{"@id":"https:\/\/diariotextual.com\/inicio\/index.php\/2019\/08\/11\/ziliotto-humo-se-caera-10-diciembre\/#breadcrumb"},"inLanguage":"es","potentialAction":[{"@type":"ReadAction","target":["https:\/\/diariotextual.com\/inicio\/index.php\/2019\/08\/11\/ziliotto-humo-se-caera-10-diciembre\/"]}]},{"@type":"ImageObject","inLanguage":"es","@id":"https:\/\/diariotextual.com\/inicio\/index.php\/2019\/08\/11\/ziliotto-humo-se-caera-10-diciembre\/#primaryimage","url":"https:\/\/diariotextual.com\/inicio\/wp-content\/uploads\/2019\/08\/IMG-20190811-WA0027.jpg","contentUrl":"https:\/\/diariotextual.com\/inicio\/wp-content\/uploads\/2019\/08\/IMG-20190811-WA0027.jpg","width":1280,"height":853},{"@type":"BreadcrumbList","@id":"https:\/\/diariotextual.com\/inicio\/index.php\/2019\/08\/11\/ziliotto-humo-se-caera-10-diciembre\/#breadcrumb","itemListElement":[{"@type":"ListItem","position":1,"name":"Portada","item":"https:\/\/diariotextual.com\/inicio\/"},{"@type":"ListItem","position":2,"name":"Ziliotto: \u00abEl humo se caer\u00e1 el 10 de diciembre\u00bb"}]},{"@type":"WebSite","@id":"https:\/\/diariotextual.com\/inicio\/#website","url":"https:\/\/diariotextual.com\/inicio\/","name":"Diario Textual","description":"","publisher":{"@id":"https:\/\/diariotextual.com\/inicio\/#organization"},"potentialAction":[{"@type":"SearchAction","target":{"@type":"EntryPoint","urlTemplate":"https:\/\/diariotextual.com\/inicio\/?s={search_term_string}"},"query-input":{"@type":"PropertyValueSpecification","valueRequired":true,"valueName":"search_term_string"}}],"inLanguage":"es"},{"@type":"Organization","@id":"https:\/\/diariotextual.com\/inicio\/#organization","name":"Diario Textual","url":"https:\/\/diariotextual.com\/inicio\/","logo":{"@type":"ImageObject","inLanguage":"es","@id":"https:\/\/diariotextual.com\/inicio\/#\/schema\/logo\/image\/","url":"https:\/\/diariotextual.com\/inicio\/wp-content\/uploads\/2023\/05\/logotextual1.jpg","contentUrl":"https:\/\/diariotextual.com\/inicio\/wp-content\/uploads\/2023\/05\/logotextual1.jpg","width":516,"height":76,"caption":"Diario Textual"},"image":{"@id":"https:\/\/diariotextual.com\/inicio\/#\/schema\/logo\/image\/"},"sameAs":["https:\/\/www.facebook.com\/eltextual","https:\/\/x.com\/eltextual","http:\/\/www.instagram.com\/eltextual"]},{"@type":"Person","@id":"https:\/\/diariotextual.com\/inicio\/#\/schema\/person\/418fc4093c33e86ed41562db3508f958","name":"Diario1 Diario1","image":{"@type":"ImageObject","inLanguage":"es","@id":"https:\/\/secure.gravatar.com\/avatar\/9167d280179c85bc18be67aa7eda765854300033af4896dd779b608640f2ef7a?s=96&d=mm&r=g","url":"https:\/\/secure.gravatar.com\/avatar\/9167d280179c85bc18be67aa7eda765854300033af4896dd779b608640f2ef7a?s=96&d=mm&r=g","contentUrl":"https:\/\/secure.gravatar.com\/avatar\/9167d280179c85bc18be67aa7eda765854300033af4896dd779b608640f2ef7a?s=96&d=mm&r=g","caption":"Diario1 Diario1"},"url":"https:\/\/diariotextual.com\/inicio\/index.php\/author\/diario1\/"}]}},"_links":{"self":[{"href":"https:\/\/diariotextual.com\/inicio\/index.php\/wp-json\/wp\/v2\/posts\/58916","targetHints":{"allow":["GET"]}}],"collection":[{"href":"https:\/\/diariotextual.com\/inicio\/index.php\/wp-json\/wp\/v2\/posts"}],"about":[{"href":"https:\/\/diariotextual.com\/inicio\/index.php\/wp-json\/wp\/v2\/types\/post"}],"author":[{"embeddable":true,"href":"https:\/\/diariotextual.com\/inicio\/index.php\/wp-json\/wp\/v2\/users\/3"}],"replies":[{"embeddable":true,"href":"https:\/\/diariotextual.com\/inicio\/index.php\/wp-json\/wp\/v2\/comments?post=58916"}],"version-history":[{"count":2,"href":"https:\/\/diariotextual.com\/inicio\/index.php\/wp-json\/wp\/v2\/posts\/58916\/revisions"}],"predecessor-version":[{"id":58918,"href":"https:\/\/diariotextual.com\/inicio\/index.php\/wp-json\/wp\/v2\/posts\/58916\/revisions\/58918"}],"wp:featuredmedia":[{"embeddable":true,"href":"https:\/\/diariotextual.com\/inicio\/index.php\/wp-json\/wp\/v2\/media\/58909"}],"wp:attachment":[{"href":"https:\/\/diariotextual.com\/inicio\/index.php\/wp-json\/wp\/v2\/media?parent=58916"}],"wp:term":[{"taxonomy":"category","embeddable":true,"href":"https:\/\/diariotextual.com\/inicio\/index.php\/wp-json\/wp\/v2\/categories?post=58916"},{"taxonomy":"post_tag","embeddable":true,"href":"https:\/\/diariotextual.com\/inicio\/index.php\/wp-json\/wp\/v2\/tags?post=58916"}],"curies":[{"name":"wp","href":"https:\/\/api.w.org\/{rel}","templated":true}]}}