{"id":58972,"date":"2019-08-11T20:56:40","date_gmt":"2019-08-11T23:56:40","guid":{"rendered":"http:\/\/diariotextual.com\/inicio\/?p=58972"},"modified":"2019-08-12T00:27:54","modified_gmt":"2019-08-12T03:27:54","slug":"solana-dos-tres-pampeanos-rechazo-las-politicas-nacionales","status":"publish","type":"post","link":"https:\/\/diariotextual.com\/inicio\/index.php\/2019\/08\/11\/solana-dos-tres-pampeanos-rechazo-las-politicas-nacionales\/","title":{"rendered":"Solana: \u00abDos de cada tres pampeanos rechaz\u00f3 las pol\u00edticas nacionales\u00bb"},"content":{"rendered":"<p>El candidato a diputado nacional por Consenso Federal, el socialista <strong>Luis Solana<\/strong>, afirm\u00f3 que est\u00e1n conformes con los resultados de este domingo en las PASO. \u201cEstamos contentos con el resultado, frente a dos opciones fuertes, las de la grieta, logramos un importante porcentaje de votos que muestran el apoyo a (Roberto) Lavagna y a nuestra lista\u201d, dijo.<\/p>\n<p>&nbsp;<\/p>\n<blockquote class=\"wp-embedded-content\" data-secret=\"BqpOSOyVT7\"><p><a href=\"http:\/\/diariotextual.com\/inicio\/index.php\/2019\/08\/11\/jugadas-ganadoras-las-fallaron-las-paso-pampeanas\/\">Jugadas ganadoras y las que fallaron en las PASO pampeanas<\/a><\/p><\/blockquote>\n<p><iframe class=\"wp-embedded-content\" sandbox=\"allow-scripts\" security=\"restricted\" style=\"position: absolute; clip: rect(1px, 1px, 1px, 1px);\" src=\"http:\/\/diariotextual.com\/inicio\/index.php\/2019\/08\/11\/jugadas-ganadoras-las-fallaron-las-paso-pampeanas\/embed\/#?secret=BqpOSOyVT7\" data-secret=\"BqpOSOyVT7\" width=\"600\" height=\"338\" title=\"&#171;Jugadas ganadoras y las que fallaron en las PASO pampeanas&#187; &#8212; Diario Textual\" frameborder=\"0\" marginwidth=\"0\" marginheight=\"0\" scrolling=\"no\"><\/iframe><\/p>\n<p>&nbsp;<\/p>\n<p>Este domingo el<strong> peronismo se impuso ampliamente<\/strong>: con el 96,76\u00a0 por ciento de las mesas escrutadas, para el cargo de diputado nacional, el Frente de Todos se impuso con el 50,26% (102.661 votos) contra el 33,16% (67.725) de Juntos por el Cambio.<\/p>\n<p>En tanto, Consenso Federal obtuvo el 7,48% (15.293); el Frente de Izquierda, 2,30% (4710); y el Nuevo M\u00e1s, 1,18% (2424). <strong>Este \u00faltimo partido no lleg\u00f3 al piso del 1,5%, por lo que no tendr\u00e1 postulantes a diputados en las generales de octubre.<\/strong><\/p>\n<p>En Santa Rosa, el peronismo obtuvo un amplio triunfo: alcanz\u00f3 el 55 por ciento contra el 31 de Juntos por el Cambio. En Pico, en tanto, el resultado fue menos holgado: 49,4% a 37,4%.<\/p>\n<p>Para presidente, el Frente de Todos logr\u00f3 el 50,05%, Juntos por el Cambio 32,4%, Consenso Federal 7,95%, Frente NOS 2,54%, FIT 2,24%, Unite 1,87%, Nuevo Mas 1,15%, Frente Patriota 0,28%, Acci\u00f3n Vecinal 0,23% y Autonomista 0,19%.<\/p>\n<p><strong>\u201cEl resultado indica que en La Pampa dos de cada tres pampeanos rechaz\u00f3 las pol\u00edticas nacionales, dos de cada tres pampeanos no quiere al gobierno de Macri. Habl\u00e9 con Roberto Lavagna, nos ha felicitado por el resultado. Quer\u00edamos estar cerca de los dos d\u00edgitos y lo logramos\u201d, afirm\u00f3.<\/strong><\/p>\n<p>\u201cDe cara a octubre vamos con un entusiasmo renovado. Hemos logrado la mejor elecci\u00f3n que se conoce del PS de la historia pampeana. Como ha sucedido en las \u00faltimas elecciones los resultados y las expectativas son muy coyunturales. A partir de esta gran encuesta nacional y provincial va a haber consecuencias que van a influir seguramente en la carrera hacia la general\u201d, expres\u00f3 el candidato.<\/p>\n<p>\u00abQuiero felicitar el extraordinario esfuerzo de toda la militancia del partido socialista y de todas las fuerzas que nos acompa\u00f1aron, sobre todo las vecinales que en conjunto logramos una excelente fiscalizaci\u00f3n y un excelente resultado\u201d, agreg\u00f3.<\/p>\n<p>\u201cVamos a estar atentos del resultado nacional que va a impactar en todas las variables econ\u00f3micas y que va a redefinir el resultado de octubre. El resultado que obtuvo Lavagna ya nos permite pensar en una nueva fuerza pol\u00edtica por cantidad de legisladores que va a tener incidencia en el escenario nacional y que le hace bien a la democracia argentina\u201d, dijo.<\/p>\n<p>&nbsp;<\/p>\n<p>&nbsp;<\/p>\n","protected":false},"excerpt":{"rendered":"<p>El candidato a diputado nacional por Consenso Federal, el socialista Luis Solana, afirm\u00f3 que est\u00e1n conformes con los resultados de este domingo en las PASO. \u201cEstamos contentos con el resultado,&hellip;<\/p>\n","protected":false},"author":3,"featured_media":58841,"comment_status":"closed","ping_status":"open","sticky":false,"template":"","format":"standard","meta":{"_acf_changed":false,"footnotes":""},"categories":[11,319,8],"tags":[2163,108],"class_list":["post-58972","post","type-post","status-publish","format-standard","has-post-thumbnail","hentry","category-que-pasa","category-a-temporales","category-politica","tag-paso","tag-solana"],"acf":[],"yoast_head":"<!-- This site is optimized with the Yoast SEO plugin v27.5 - https:\/\/yoast.com\/product\/yoast-seo-wordpress\/ -->\n<title>Solana: &quot;Dos de cada tres pampeanos rechaz\u00f3 las pol\u00edticas nacionales&quot; - Diario Textual<\/title>\n<meta name=\"robots\" content=\"index, follow, max-snippet:-1, max-image-preview:large, max-video-preview:-1\" \/>\n<link rel=\"canonical\" href=\"https:\/\/diariotextual.com\/inicio\/index.php\/2019\/08\/11\/solana-dos-tres-pampeanos-rechazo-las-politicas-nacionales\/\" \/>\n<meta property=\"og:locale\" content=\"es_ES\" \/>\n<meta property=\"og:type\" content=\"article\" \/>\n<meta property=\"og:title\" content=\"Solana: &quot;Dos de cada tres pampeanos rechaz\u00f3 las pol\u00edticas nacionales&quot; - Diario Textual\" \/>\n<meta property=\"og:description\" content=\"El candidato a diputado nacional por Consenso Federal, el socialista Luis Solana, afirm\u00f3 que est\u00e1n conformes con los resultados de este domingo en las PASO. \u201cEstamos contentos con el resultado,&hellip;\" \/>\n<meta property=\"og:url\" content=\"https:\/\/diariotextual.com\/inicio\/index.php\/2019\/08\/11\/solana-dos-tres-pampeanos-rechazo-las-politicas-nacionales\/\" \/>\n<meta property=\"og:site_name\" content=\"Diario Textual\" \/>\n<meta property=\"article:publisher\" content=\"https:\/\/www.facebook.com\/eltextual\" \/>\n<meta property=\"article:published_time\" content=\"2019-08-11T23:56:40+00:00\" \/>\n<meta property=\"article:modified_time\" content=\"2019-08-12T03:27:54+00:00\" \/>\n<meta property=\"og:image\" content=\"https:\/\/diariotextual.com\/inicio\/wp-content\/uploads\/2019\/08\/solanaluisvotaelecciones2019-13.jpg\" \/>\n\t<meta property=\"og:image:width\" content=\"1200\" \/>\n\t<meta property=\"og:image:height\" content=\"809\" \/>\n\t<meta property=\"og:image:type\" content=\"image\/jpeg\" \/>\n<meta name=\"author\" content=\"Diario1 Diario1\" \/>\n<meta name=\"twitter:card\" content=\"summary_large_image\" \/>\n<meta name=\"twitter:creator\" content=\"@eltextual\" \/>\n<meta name=\"twitter:site\" content=\"@eltextual\" \/>\n<meta name=\"twitter:label1\" content=\"Escrito por\" \/>\n\t<meta name=\"twitter:data1\" content=\"Diario1 Diario1\" \/>\n\t<meta name=\"twitter:label2\" content=\"Tiempo de lectura\" \/>\n\t<meta name=\"twitter:data2\" content=\"2 minutos\" \/>\n<script type=\"application\/ld+json\" class=\"yoast-schema-graph\">{\"@context\":\"https:\\\/\\\/schema.org\",\"@graph\":[{\"@type\":\"Article\",\"@id\":\"https:\\\/\\\/diariotextual.com\\\/inicio\\\/index.php\\\/2019\\\/08\\\/11\\\/solana-dos-tres-pampeanos-rechazo-las-politicas-nacionales\\\/#article\",\"isPartOf\":{\"@id\":\"https:\\\/\\\/diariotextual.com\\\/inicio\\\/index.php\\\/2019\\\/08\\\/11\\\/solana-dos-tres-pampeanos-rechazo-las-politicas-nacionales\\\/\"},\"author\":{\"name\":\"Diario1 Diario1\",\"@id\":\"https:\\\/\\\/diariotextual.com\\\/inicio\\\/#\\\/schema\\\/person\\\/418fc4093c33e86ed41562db3508f958\"},\"headline\":\"Solana: \u00abDos de cada tres pampeanos rechaz\u00f3 las pol\u00edticas nacionales\u00bb\",\"datePublished\":\"2019-08-11T23:56:40+00:00\",\"dateModified\":\"2019-08-12T03:27:54+00:00\",\"mainEntityOfPage\":{\"@id\":\"https:\\\/\\\/diariotextual.com\\\/inicio\\\/index.php\\\/2019\\\/08\\\/11\\\/solana-dos-tres-pampeanos-rechazo-las-politicas-nacionales\\\/\"},\"wordCount\":429,\"publisher\":{\"@id\":\"https:\\\/\\\/diariotextual.com\\\/inicio\\\/#organization\"},\"image\":{\"@id\":\"https:\\\/\\\/diariotextual.com\\\/inicio\\\/index.php\\\/2019\\\/08\\\/11\\\/solana-dos-tres-pampeanos-rechazo-las-politicas-nacionales\\\/#primaryimage\"},\"thumbnailUrl\":\"https:\\\/\\\/diariotextual.com\\\/inicio\\\/wp-content\\\/uploads\\\/2019\\\/08\\\/solanaluisvotaelecciones2019-13.jpg\",\"keywords\":[\"paso\",\"solana\"],\"articleSection\":[\"A - QUE PASA (al costado)\",\"A - TEMPORALES\",\"POLITICA\"],\"inLanguage\":\"es\"},{\"@type\":\"WebPage\",\"@id\":\"https:\\\/\\\/diariotextual.com\\\/inicio\\\/index.php\\\/2019\\\/08\\\/11\\\/solana-dos-tres-pampeanos-rechazo-las-politicas-nacionales\\\/\",\"url\":\"https:\\\/\\\/diariotextual.com\\\/inicio\\\/index.php\\\/2019\\\/08\\\/11\\\/solana-dos-tres-pampeanos-rechazo-las-politicas-nacionales\\\/\",\"name\":\"Solana: \\\"Dos de cada tres pampeanos rechaz\u00f3 las pol\u00edticas nacionales\\\" - Diario Textual\",\"isPartOf\":{\"@id\":\"https:\\\/\\\/diariotextual.com\\\/inicio\\\/#website\"},\"primaryImageOfPage\":{\"@id\":\"https:\\\/\\\/diariotextual.com\\\/inicio\\\/index.php\\\/2019\\\/08\\\/11\\\/solana-dos-tres-pampeanos-rechazo-las-politicas-nacionales\\\/#primaryimage\"},\"image\":{\"@id\":\"https:\\\/\\\/diariotextual.com\\\/inicio\\\/index.php\\\/2019\\\/08\\\/11\\\/solana-dos-tres-pampeanos-rechazo-las-politicas-nacionales\\\/#primaryimage\"},\"thumbnailUrl\":\"https:\\\/\\\/diariotextual.com\\\/inicio\\\/wp-content\\\/uploads\\\/2019\\\/08\\\/solanaluisvotaelecciones2019-13.jpg\",\"datePublished\":\"2019-08-11T23:56:40+00:00\",\"dateModified\":\"2019-08-12T03:27:54+00:00\",\"breadcrumb\":{\"@id\":\"https:\\\/\\\/diariotextual.com\\\/inicio\\\/index.php\\\/2019\\\/08\\\/11\\\/solana-dos-tres-pampeanos-rechazo-las-politicas-nacionales\\\/#breadcrumb\"},\"inLanguage\":\"es\",\"potentialAction\":[{\"@type\":\"ReadAction\",\"target\":[\"https:\\\/\\\/diariotextual.com\\\/inicio\\\/index.php\\\/2019\\\/08\\\/11\\\/solana-dos-tres-pampeanos-rechazo-las-politicas-nacionales\\\/\"]}]},{\"@type\":\"ImageObject\",\"inLanguage\":\"es\",\"@id\":\"https:\\\/\\\/diariotextual.com\\\/inicio\\\/index.php\\\/2019\\\/08\\\/11\\\/solana-dos-tres-pampeanos-rechazo-las-politicas-nacionales\\\/#primaryimage\",\"url\":\"https:\\\/\\\/diariotextual.com\\\/inicio\\\/wp-content\\\/uploads\\\/2019\\\/08\\\/solanaluisvotaelecciones2019-13.jpg\",\"contentUrl\":\"https:\\\/\\\/diariotextual.com\\\/inicio\\\/wp-content\\\/uploads\\\/2019\\\/08\\\/solanaluisvotaelecciones2019-13.jpg\",\"width\":1200,\"height\":809},{\"@type\":\"BreadcrumbList\",\"@id\":\"https:\\\/\\\/diariotextual.com\\\/inicio\\\/index.php\\\/2019\\\/08\\\/11\\\/solana-dos-tres-pampeanos-rechazo-las-politicas-nacionales\\\/#breadcrumb\",\"itemListElement\":[{\"@type\":\"ListItem\",\"position\":1,\"name\":\"Portada\",\"item\":\"https:\\\/\\\/diariotextual.com\\\/inicio\\\/\"},{\"@type\":\"ListItem\",\"position\":2,\"name\":\"Solana: \u00abDos de cada tres pampeanos rechaz\u00f3 las pol\u00edticas nacionales\u00bb\"}]},{\"@type\":\"WebSite\",\"@id\":\"https:\\\/\\\/diariotextual.com\\\/inicio\\\/#website\",\"url\":\"https:\\\/\\\/diariotextual.com\\\/inicio\\\/\",\"name\":\"Diario Textual\",\"description\":\"\",\"publisher\":{\"@id\":\"https:\\\/\\\/diariotextual.com\\\/inicio\\\/#organization\"},\"potentialAction\":[{\"@type\":\"SearchAction\",\"target\":{\"@type\":\"EntryPoint\",\"urlTemplate\":\"https:\\\/\\\/diariotextual.com\\\/inicio\\\/?s={search_term_string}\"},\"query-input\":{\"@type\":\"PropertyValueSpecification\",\"valueRequired\":true,\"valueName\":\"search_term_string\"}}],\"inLanguage\":\"es\"},{\"@type\":\"Organization\",\"@id\":\"https:\\\/\\\/diariotextual.com\\\/inicio\\\/#organization\",\"name\":\"Diario Textual\",\"url\":\"https:\\\/\\\/diariotextual.com\\\/inicio\\\/\",\"logo\":{\"@type\":\"ImageObject\",\"inLanguage\":\"es\",\"@id\":\"https:\\\/\\\/diariotextual.com\\\/inicio\\\/#\\\/schema\\\/logo\\\/image\\\/\",\"url\":\"https:\\\/\\\/diariotextual.com\\\/inicio\\\/wp-content\\\/uploads\\\/2023\\\/05\\\/logotextual1.jpg\",\"contentUrl\":\"https:\\\/\\\/diariotextual.com\\\/inicio\\\/wp-content\\\/uploads\\\/2023\\\/05\\\/logotextual1.jpg\",\"width\":516,\"height\":76,\"caption\":\"Diario Textual\"},\"image\":{\"@id\":\"https:\\\/\\\/diariotextual.com\\\/inicio\\\/#\\\/schema\\\/logo\\\/image\\\/\"},\"sameAs\":[\"https:\\\/\\\/www.facebook.com\\\/eltextual\",\"https:\\\/\\\/x.com\\\/eltextual\",\"http:\\\/\\\/www.instagram.com\\\/eltextual\"]},{\"@type\":\"Person\",\"@id\":\"https:\\\/\\\/diariotextual.com\\\/inicio\\\/#\\\/schema\\\/person\\\/418fc4093c33e86ed41562db3508f958\",\"name\":\"Diario1 Diario1\",\"image\":{\"@type\":\"ImageObject\",\"inLanguage\":\"es\",\"@id\":\"https:\\\/\\\/secure.gravatar.com\\\/avatar\\\/9167d280179c85bc18be67aa7eda765854300033af4896dd779b608640f2ef7a?s=96&d=mm&r=g\",\"url\":\"https:\\\/\\\/secure.gravatar.com\\\/avatar\\\/9167d280179c85bc18be67aa7eda765854300033af4896dd779b608640f2ef7a?s=96&d=mm&r=g\",\"contentUrl\":\"https:\\\/\\\/secure.gravatar.com\\\/avatar\\\/9167d280179c85bc18be67aa7eda765854300033af4896dd779b608640f2ef7a?s=96&d=mm&r=g\",\"caption\":\"Diario1 Diario1\"},\"url\":\"https:\\\/\\\/diariotextual.com\\\/inicio\\\/index.php\\\/author\\\/diario1\\\/\"}]}<\/script>\n<!-- \/ Yoast SEO plugin. -->","yoast_head_json":{"title":"Solana: \"Dos de cada tres pampeanos rechaz\u00f3 las pol\u00edticas nacionales\" - Diario Textual","robots":{"index":"index","follow":"follow","max-snippet":"max-snippet:-1","max-image-preview":"max-image-preview:large","max-video-preview":"max-video-preview:-1"},"canonical":"https:\/\/diariotextual.com\/inicio\/index.php\/2019\/08\/11\/solana-dos-tres-pampeanos-rechazo-las-politicas-nacionales\/","og_locale":"es_ES","og_type":"article","og_title":"Solana: \"Dos de cada tres pampeanos rechaz\u00f3 las pol\u00edticas nacionales\" - Diario Textual","og_description":"El candidato a diputado nacional por Consenso Federal, el socialista Luis Solana, afirm\u00f3 que est\u00e1n conformes con los resultados de este domingo en las PASO. \u201cEstamos contentos con el resultado,&hellip;","og_url":"https:\/\/diariotextual.com\/inicio\/index.php\/2019\/08\/11\/solana-dos-tres-pampeanos-rechazo-las-politicas-nacionales\/","og_site_name":"Diario Textual","article_publisher":"https:\/\/www.facebook.com\/eltextual","article_published_time":"2019-08-11T23:56:40+00:00","article_modified_time":"2019-08-12T03:27:54+00:00","og_image":[{"width":1200,"height":809,"url":"https:\/\/diariotextual.com\/inicio\/wp-content\/uploads\/2019\/08\/solanaluisvotaelecciones2019-13.jpg","type":"image\/jpeg"}],"author":"Diario1 Diario1","twitter_card":"summary_large_image","twitter_creator":"@eltextual","twitter_site":"@eltextual","twitter_misc":{"Escrito por":"Diario1 Diario1","Tiempo de lectura":"2 minutos"},"schema":{"@context":"https:\/\/schema.org","@graph":[{"@type":"Article","@id":"https:\/\/diariotextual.com\/inicio\/index.php\/2019\/08\/11\/solana-dos-tres-pampeanos-rechazo-las-politicas-nacionales\/#article","isPartOf":{"@id":"https:\/\/diariotextual.com\/inicio\/index.php\/2019\/08\/11\/solana-dos-tres-pampeanos-rechazo-las-politicas-nacionales\/"},"author":{"name":"Diario1 Diario1","@id":"https:\/\/diariotextual.com\/inicio\/#\/schema\/person\/418fc4093c33e86ed41562db3508f958"},"headline":"Solana: \u00abDos de cada tres pampeanos rechaz\u00f3 las pol\u00edticas nacionales\u00bb","datePublished":"2019-08-11T23:56:40+00:00","dateModified":"2019-08-12T03:27:54+00:00","mainEntityOfPage":{"@id":"https:\/\/diariotextual.com\/inicio\/index.php\/2019\/08\/11\/solana-dos-tres-pampeanos-rechazo-las-politicas-nacionales\/"},"wordCount":429,"publisher":{"@id":"https:\/\/diariotextual.com\/inicio\/#organization"},"image":{"@id":"https:\/\/diariotextual.com\/inicio\/index.php\/2019\/08\/11\/solana-dos-tres-pampeanos-rechazo-las-politicas-nacionales\/#primaryimage"},"thumbnailUrl":"https:\/\/diariotextual.com\/inicio\/wp-content\/uploads\/2019\/08\/solanaluisvotaelecciones2019-13.jpg","keywords":["paso","solana"],"articleSection":["A - QUE PASA (al costado)","A - TEMPORALES","POLITICA"],"inLanguage":"es"},{"@type":"WebPage","@id":"https:\/\/diariotextual.com\/inicio\/index.php\/2019\/08\/11\/solana-dos-tres-pampeanos-rechazo-las-politicas-nacionales\/","url":"https:\/\/diariotextual.com\/inicio\/index.php\/2019\/08\/11\/solana-dos-tres-pampeanos-rechazo-las-politicas-nacionales\/","name":"Solana: \"Dos de cada tres pampeanos rechaz\u00f3 las pol\u00edticas nacionales\" - Diario Textual","isPartOf":{"@id":"https:\/\/diariotextual.com\/inicio\/#website"},"primaryImageOfPage":{"@id":"https:\/\/diariotextual.com\/inicio\/index.php\/2019\/08\/11\/solana-dos-tres-pampeanos-rechazo-las-politicas-nacionales\/#primaryimage"},"image":{"@id":"https:\/\/diariotextual.com\/inicio\/index.php\/2019\/08\/11\/solana-dos-tres-pampeanos-rechazo-las-politicas-nacionales\/#primaryimage"},"thumbnailUrl":"https:\/\/diariotextual.com\/inicio\/wp-content\/uploads\/2019\/08\/solanaluisvotaelecciones2019-13.jpg","datePublished":"2019-08-11T23:56:40+00:00","dateModified":"2019-08-12T03:27:54+00:00","breadcrumb":{"@id":"https:\/\/diariotextual.com\/inicio\/index.php\/2019\/08\/11\/solana-dos-tres-pampeanos-rechazo-las-politicas-nacionales\/#breadcrumb"},"inLanguage":"es","potentialAction":[{"@type":"ReadAction","target":["https:\/\/diariotextual.com\/inicio\/index.php\/2019\/08\/11\/solana-dos-tres-pampeanos-rechazo-las-politicas-nacionales\/"]}]},{"@type":"ImageObject","inLanguage":"es","@id":"https:\/\/diariotextual.com\/inicio\/index.php\/2019\/08\/11\/solana-dos-tres-pampeanos-rechazo-las-politicas-nacionales\/#primaryimage","url":"https:\/\/diariotextual.com\/inicio\/wp-content\/uploads\/2019\/08\/solanaluisvotaelecciones2019-13.jpg","contentUrl":"https:\/\/diariotextual.com\/inicio\/wp-content\/uploads\/2019\/08\/solanaluisvotaelecciones2019-13.jpg","width":1200,"height":809},{"@type":"BreadcrumbList","@id":"https:\/\/diariotextual.com\/inicio\/index.php\/2019\/08\/11\/solana-dos-tres-pampeanos-rechazo-las-politicas-nacionales\/#breadcrumb","itemListElement":[{"@type":"ListItem","position":1,"name":"Portada","item":"https:\/\/diariotextual.com\/inicio\/"},{"@type":"ListItem","position":2,"name":"Solana: \u00abDos de cada tres pampeanos rechaz\u00f3 las pol\u00edticas nacionales\u00bb"}]},{"@type":"WebSite","@id":"https:\/\/diariotextual.com\/inicio\/#website","url":"https:\/\/diariotextual.com\/inicio\/","name":"Diario Textual","description":"","publisher":{"@id":"https:\/\/diariotextual.com\/inicio\/#organization"},"potentialAction":[{"@type":"SearchAction","target":{"@type":"EntryPoint","urlTemplate":"https:\/\/diariotextual.com\/inicio\/?s={search_term_string}"},"query-input":{"@type":"PropertyValueSpecification","valueRequired":true,"valueName":"search_term_string"}}],"inLanguage":"es"},{"@type":"Organization","@id":"https:\/\/diariotextual.com\/inicio\/#organization","name":"Diario Textual","url":"https:\/\/diariotextual.com\/inicio\/","logo":{"@type":"ImageObject","inLanguage":"es","@id":"https:\/\/diariotextual.com\/inicio\/#\/schema\/logo\/image\/","url":"https:\/\/diariotextual.com\/inicio\/wp-content\/uploads\/2023\/05\/logotextual1.jpg","contentUrl":"https:\/\/diariotextual.com\/inicio\/wp-content\/uploads\/2023\/05\/logotextual1.jpg","width":516,"height":76,"caption":"Diario Textual"},"image":{"@id":"https:\/\/diariotextual.com\/inicio\/#\/schema\/logo\/image\/"},"sameAs":["https:\/\/www.facebook.com\/eltextual","https:\/\/x.com\/eltextual","http:\/\/www.instagram.com\/eltextual"]},{"@type":"Person","@id":"https:\/\/diariotextual.com\/inicio\/#\/schema\/person\/418fc4093c33e86ed41562db3508f958","name":"Diario1 Diario1","image":{"@type":"ImageObject","inLanguage":"es","@id":"https:\/\/secure.gravatar.com\/avatar\/9167d280179c85bc18be67aa7eda765854300033af4896dd779b608640f2ef7a?s=96&d=mm&r=g","url":"https:\/\/secure.gravatar.com\/avatar\/9167d280179c85bc18be67aa7eda765854300033af4896dd779b608640f2ef7a?s=96&d=mm&r=g","contentUrl":"https:\/\/secure.gravatar.com\/avatar\/9167d280179c85bc18be67aa7eda765854300033af4896dd779b608640f2ef7a?s=96&d=mm&r=g","caption":"Diario1 Diario1"},"url":"https:\/\/diariotextual.com\/inicio\/index.php\/author\/diario1\/"}]}},"_links":{"self":[{"href":"https:\/\/diariotextual.com\/inicio\/index.php\/wp-json\/wp\/v2\/posts\/58972","targetHints":{"allow":["GET"]}}],"collection":[{"href":"https:\/\/diariotextual.com\/inicio\/index.php\/wp-json\/wp\/v2\/posts"}],"about":[{"href":"https:\/\/diariotextual.com\/inicio\/index.php\/wp-json\/wp\/v2\/types\/post"}],"author":[{"embeddable":true,"href":"https:\/\/diariotextual.com\/inicio\/index.php\/wp-json\/wp\/v2\/users\/3"}],"replies":[{"embeddable":true,"href":"https:\/\/diariotextual.com\/inicio\/index.php\/wp-json\/wp\/v2\/comments?post=58972"}],"version-history":[{"count":4,"href":"https:\/\/diariotextual.com\/inicio\/index.php\/wp-json\/wp\/v2\/posts\/58972\/revisions"}],"predecessor-version":[{"id":59039,"href":"https:\/\/diariotextual.com\/inicio\/index.php\/wp-json\/wp\/v2\/posts\/58972\/revisions\/59039"}],"wp:featuredmedia":[{"embeddable":true,"href":"https:\/\/diariotextual.com\/inicio\/index.php\/wp-json\/wp\/v2\/media\/58841"}],"wp:attachment":[{"href":"https:\/\/diariotextual.com\/inicio\/index.php\/wp-json\/wp\/v2\/media?parent=58972"}],"wp:term":[{"taxonomy":"category","embeddable":true,"href":"https:\/\/diariotextual.com\/inicio\/index.php\/wp-json\/wp\/v2\/categories?post=58972"},{"taxonomy":"post_tag","embeddable":true,"href":"https:\/\/diariotextual.com\/inicio\/index.php\/wp-json\/wp\/v2\/tags?post=58972"}],"curies":[{"name":"wp","href":"https:\/\/api.w.org\/{rel}","templated":true}]}}