{"id":59017,"date":"2019-08-11T22:36:43","date_gmt":"2019-08-12T01:36:43","guid":{"rendered":"http:\/\/diariotextual.com\/inicio\/?p=59017"},"modified":"2019-08-12T00:35:48","modified_gmt":"2019-08-12T03:35:48","slug":"paliza-fernandez-obtiene-47-32-macri","status":"publish","type":"post","link":"https:\/\/diariotextual.com\/inicio\/index.php\/2019\/08\/11\/paliza-fernandez-obtiene-47-32-macri\/","title":{"rendered":"Paliza: Fern\u00e1ndez obtiene el 47% contra el 32% de Macri"},"content":{"rendered":"<p>El Frente de Todos qued\u00f3 a un paso de quedarse con la presidencia en octubre. Este domingo Alberto Fern\u00e1ndez obten\u00eda el 47 por ciento, en tanto que Mauricio Macri lograba el 32 por ciento, seg\u00fan los primeros datos oficiales dados a conocer pasadaa las 22.30 horas.<\/p>\n<blockquote class=\"wp-embedded-content\" data-secret=\"mpTuT553Nn\"><p><a href=\"http:\/\/diariotextual.com\/inicio\/index.php\/2019\/08\/11\/macri-tenido-una-mala-eleccion\/\">Macri: &#171;Hemos tenido una mala elecci\u00f3n&#187;<\/a><\/p><\/blockquote>\n<p><iframe class=\"wp-embedded-content\" sandbox=\"allow-scripts\" security=\"restricted\" style=\"position: absolute; clip: rect(1px, 1px, 1px, 1px);\" src=\"http:\/\/diariotextual.com\/inicio\/index.php\/2019\/08\/11\/macri-tenido-una-mala-eleccion\/embed\/#?secret=mpTuT553Nn\" data-secret=\"mpTuT553Nn\" width=\"600\" height=\"338\" title=\"&#171;Macri: &#171;Hemos tenido una mala elecci\u00f3n&#187;&#187; &#8212; Diario Textual\" frameborder=\"0\" marginwidth=\"0\" marginheight=\"0\" scrolling=\"no\"><\/iframe><\/p>\n<p>Luego de casi dos horas de demora, el Gobierno dio a conocer los primeros datos oficiales que arrojaron una participaci\u00f3n del\u00a075,54% y con el\u00a082,81%\u00a0de las mesas escrutadas,\u00a0Alberto Fern\u00e1ndez\u00a0alcanzaba el\u00a047,14%\u00a0de los votos y\u00a0Mauricio Macri\u00a0el\u00a032,44%.<\/p>\n<p>En tanto, Roberto Lavagna se quedaba con el tercer lugar con el 8,41% de los votos; la f\u00f3rmula de Nicol\u00e1s Del Ca\u00f1o-Romina del Pla el 2,88%; Juan Jos\u00e9 G\u00f3mez Centuri\u00f3n-Cynthia Hotton alcanzaba el 2,65%;\u00a0 y Jos\u00e9 Luis Espert-Luis Rosales el 2,24%.\u00a0Todos ellos\u00a0superaron el 1,5% de los sufragios y podr\u00e1n competir en las elecciones de octubre.<\/p>\n<p>Por el contrario, las f\u00f3rmulas\u00a0Manuela Casta\u00f1eira-Eduardo Mulhall (0,71%); Alejandro Biondini-Enrique Venturino el (0,24%); Ra\u00fal Albarrac\u00edn-Sergio Pastore (0,15%); y Jos\u00e9 Antonio Romero Feris-Guillermo Sueldo (0,12%).<\/p>\n<p><strong>\u00abHemos tenido una mala elecci\u00f3n\u00bb, admiti\u00f3\u00a0<\/strong><strong>Mauricio Macri<\/strong>, en el escenario de su b\u00fanker, a las 22 horas, y en medio del esc\u00e1ndalo porque no entrega a\u00fan datos oficiales<strong>\u00a0mand\u00f3 a \u00abdormir\u00bb a los argentinos hasta este lunes<\/strong>.<\/p>\n<p>\u00abDuele que no hayamos tenido todo el apoyo que esper\u00e1bamos, pero vamos a redoblar el esfuerzo para octubre\u00bb, dijo.<\/p>\n<p>&nbsp;<\/p>\n<p>&nbsp;<\/p>\n","protected":false},"excerpt":{"rendered":"<p>El Frente de Todos qued\u00f3 a un paso de quedarse con la presidencia en octubre. Este domingo Alberto Fern\u00e1ndez obten\u00eda el 47 por ciento, en tanto que Mauricio Macri lograba&hellip;<\/p>\n","protected":false},"author":3,"featured_media":58891,"comment_status":"closed","ping_status":"open","sticky":false,"template":"","format":"standard","meta":{"_acf_changed":false,"footnotes":""},"categories":[319,8],"tags":[],"class_list":["post-59017","post","type-post","status-publish","format-standard","has-post-thumbnail","hentry","category-a-temporales","category-politica"],"acf":[],"yoast_head":"<!-- This site is optimized with the Yoast SEO plugin v27.5 - https:\/\/yoast.com\/product\/yoast-seo-wordpress\/ -->\n<title>Paliza: Fern\u00e1ndez obtiene el 47% contra el 32% de Macri - Diario Textual<\/title>\n<meta name=\"robots\" content=\"index, follow, max-snippet:-1, max-image-preview:large, max-video-preview:-1\" \/>\n<link rel=\"canonical\" href=\"https:\/\/diariotextual.com\/inicio\/index.php\/2019\/08\/11\/paliza-fernandez-obtiene-47-32-macri\/\" \/>\n<meta property=\"og:locale\" content=\"es_ES\" \/>\n<meta property=\"og:type\" content=\"article\" \/>\n<meta property=\"og:title\" content=\"Paliza: Fern\u00e1ndez obtiene el 47% contra el 32% de Macri - Diario Textual\" \/>\n<meta property=\"og:description\" content=\"El Frente de Todos qued\u00f3 a un paso de quedarse con la presidencia en octubre. Este domingo Alberto Fern\u00e1ndez obten\u00eda el 47 por ciento, en tanto que Mauricio Macri lograba&hellip;\" \/>\n<meta property=\"og:url\" content=\"https:\/\/diariotextual.com\/inicio\/index.php\/2019\/08\/11\/paliza-fernandez-obtiene-47-32-macri\/\" \/>\n<meta property=\"og:site_name\" content=\"Diario Textual\" \/>\n<meta property=\"article:publisher\" content=\"https:\/\/www.facebook.com\/eltextual\" \/>\n<meta property=\"article:published_time\" content=\"2019-08-12T01:36:43+00:00\" \/>\n<meta property=\"article:modified_time\" content=\"2019-08-12T03:35:48+00:00\" \/>\n<meta property=\"og:image\" content=\"https:\/\/diariotextual.com\/inicio\/wp-content\/uploads\/2019\/08\/fernandezalbertovota2019-2.jpg\" \/>\n\t<meta property=\"og:image:width\" content=\"960\" \/>\n\t<meta property=\"og:image:height\" content=\"639\" \/>\n\t<meta property=\"og:image:type\" content=\"image\/jpeg\" \/>\n<meta name=\"author\" content=\"Diario1 Diario1\" \/>\n<meta name=\"twitter:card\" content=\"summary_large_image\" \/>\n<meta name=\"twitter:creator\" content=\"@eltextual\" \/>\n<meta name=\"twitter:site\" content=\"@eltextual\" \/>\n<meta name=\"twitter:label1\" content=\"Escrito por\" \/>\n\t<meta name=\"twitter:data1\" content=\"Diario1 Diario1\" \/>\n\t<meta name=\"twitter:label2\" content=\"Tiempo de lectura\" \/>\n\t<meta name=\"twitter:data2\" content=\"1 minuto\" \/>\n<script type=\"application\/ld+json\" class=\"yoast-schema-graph\">{\"@context\":\"https:\\\/\\\/schema.org\",\"@graph\":[{\"@type\":\"Article\",\"@id\":\"https:\\\/\\\/diariotextual.com\\\/inicio\\\/index.php\\\/2019\\\/08\\\/11\\\/paliza-fernandez-obtiene-47-32-macri\\\/#article\",\"isPartOf\":{\"@id\":\"https:\\\/\\\/diariotextual.com\\\/inicio\\\/index.php\\\/2019\\\/08\\\/11\\\/paliza-fernandez-obtiene-47-32-macri\\\/\"},\"author\":{\"name\":\"Diario1 Diario1\",\"@id\":\"https:\\\/\\\/diariotextual.com\\\/inicio\\\/#\\\/schema\\\/person\\\/418fc4093c33e86ed41562db3508f958\"},\"headline\":\"Paliza: Fern\u00e1ndez obtiene el 47% contra el 32% de Macri\",\"datePublished\":\"2019-08-12T01:36:43+00:00\",\"dateModified\":\"2019-08-12T03:35:48+00:00\",\"mainEntityOfPage\":{\"@id\":\"https:\\\/\\\/diariotextual.com\\\/inicio\\\/index.php\\\/2019\\\/08\\\/11\\\/paliza-fernandez-obtiene-47-32-macri\\\/\"},\"wordCount\":249,\"publisher\":{\"@id\":\"https:\\\/\\\/diariotextual.com\\\/inicio\\\/#organization\"},\"image\":{\"@id\":\"https:\\\/\\\/diariotextual.com\\\/inicio\\\/index.php\\\/2019\\\/08\\\/11\\\/paliza-fernandez-obtiene-47-32-macri\\\/#primaryimage\"},\"thumbnailUrl\":\"https:\\\/\\\/diariotextual.com\\\/inicio\\\/wp-content\\\/uploads\\\/2019\\\/08\\\/fernandezalbertovota2019-2.jpg\",\"articleSection\":[\"A - TEMPORALES\",\"POLITICA\"],\"inLanguage\":\"es\"},{\"@type\":\"WebPage\",\"@id\":\"https:\\\/\\\/diariotextual.com\\\/inicio\\\/index.php\\\/2019\\\/08\\\/11\\\/paliza-fernandez-obtiene-47-32-macri\\\/\",\"url\":\"https:\\\/\\\/diariotextual.com\\\/inicio\\\/index.php\\\/2019\\\/08\\\/11\\\/paliza-fernandez-obtiene-47-32-macri\\\/\",\"name\":\"Paliza: Fern\u00e1ndez obtiene el 47% contra el 32% de Macri - Diario Textual\",\"isPartOf\":{\"@id\":\"https:\\\/\\\/diariotextual.com\\\/inicio\\\/#website\"},\"primaryImageOfPage\":{\"@id\":\"https:\\\/\\\/diariotextual.com\\\/inicio\\\/index.php\\\/2019\\\/08\\\/11\\\/paliza-fernandez-obtiene-47-32-macri\\\/#primaryimage\"},\"image\":{\"@id\":\"https:\\\/\\\/diariotextual.com\\\/inicio\\\/index.php\\\/2019\\\/08\\\/11\\\/paliza-fernandez-obtiene-47-32-macri\\\/#primaryimage\"},\"thumbnailUrl\":\"https:\\\/\\\/diariotextual.com\\\/inicio\\\/wp-content\\\/uploads\\\/2019\\\/08\\\/fernandezalbertovota2019-2.jpg\",\"datePublished\":\"2019-08-12T01:36:43+00:00\",\"dateModified\":\"2019-08-12T03:35:48+00:00\",\"breadcrumb\":{\"@id\":\"https:\\\/\\\/diariotextual.com\\\/inicio\\\/index.php\\\/2019\\\/08\\\/11\\\/paliza-fernandez-obtiene-47-32-macri\\\/#breadcrumb\"},\"inLanguage\":\"es\",\"potentialAction\":[{\"@type\":\"ReadAction\",\"target\":[\"https:\\\/\\\/diariotextual.com\\\/inicio\\\/index.php\\\/2019\\\/08\\\/11\\\/paliza-fernandez-obtiene-47-32-macri\\\/\"]}]},{\"@type\":\"ImageObject\",\"inLanguage\":\"es\",\"@id\":\"https:\\\/\\\/diariotextual.com\\\/inicio\\\/index.php\\\/2019\\\/08\\\/11\\\/paliza-fernandez-obtiene-47-32-macri\\\/#primaryimage\",\"url\":\"https:\\\/\\\/diariotextual.com\\\/inicio\\\/wp-content\\\/uploads\\\/2019\\\/08\\\/fernandezalbertovota2019-2.jpg\",\"contentUrl\":\"https:\\\/\\\/diariotextual.com\\\/inicio\\\/wp-content\\\/uploads\\\/2019\\\/08\\\/fernandezalbertovota2019-2.jpg\",\"width\":960,\"height\":639},{\"@type\":\"BreadcrumbList\",\"@id\":\"https:\\\/\\\/diariotextual.com\\\/inicio\\\/index.php\\\/2019\\\/08\\\/11\\\/paliza-fernandez-obtiene-47-32-macri\\\/#breadcrumb\",\"itemListElement\":[{\"@type\":\"ListItem\",\"position\":1,\"name\":\"Portada\",\"item\":\"https:\\\/\\\/diariotextual.com\\\/inicio\\\/\"},{\"@type\":\"ListItem\",\"position\":2,\"name\":\"Paliza: Fern\u00e1ndez obtiene el 47% contra el 32% de Macri\"}]},{\"@type\":\"WebSite\",\"@id\":\"https:\\\/\\\/diariotextual.com\\\/inicio\\\/#website\",\"url\":\"https:\\\/\\\/diariotextual.com\\\/inicio\\\/\",\"name\":\"Diario Textual\",\"description\":\"\",\"publisher\":{\"@id\":\"https:\\\/\\\/diariotextual.com\\\/inicio\\\/#organization\"},\"potentialAction\":[{\"@type\":\"SearchAction\",\"target\":{\"@type\":\"EntryPoint\",\"urlTemplate\":\"https:\\\/\\\/diariotextual.com\\\/inicio\\\/?s={search_term_string}\"},\"query-input\":{\"@type\":\"PropertyValueSpecification\",\"valueRequired\":true,\"valueName\":\"search_term_string\"}}],\"inLanguage\":\"es\"},{\"@type\":\"Organization\",\"@id\":\"https:\\\/\\\/diariotextual.com\\\/inicio\\\/#organization\",\"name\":\"Diario Textual\",\"url\":\"https:\\\/\\\/diariotextual.com\\\/inicio\\\/\",\"logo\":{\"@type\":\"ImageObject\",\"inLanguage\":\"es\",\"@id\":\"https:\\\/\\\/diariotextual.com\\\/inicio\\\/#\\\/schema\\\/logo\\\/image\\\/\",\"url\":\"https:\\\/\\\/diariotextual.com\\\/inicio\\\/wp-content\\\/uploads\\\/2023\\\/05\\\/logotextual1.jpg\",\"contentUrl\":\"https:\\\/\\\/diariotextual.com\\\/inicio\\\/wp-content\\\/uploads\\\/2023\\\/05\\\/logotextual1.jpg\",\"width\":516,\"height\":76,\"caption\":\"Diario Textual\"},\"image\":{\"@id\":\"https:\\\/\\\/diariotextual.com\\\/inicio\\\/#\\\/schema\\\/logo\\\/image\\\/\"},\"sameAs\":[\"https:\\\/\\\/www.facebook.com\\\/eltextual\",\"https:\\\/\\\/x.com\\\/eltextual\",\"http:\\\/\\\/www.instagram.com\\\/eltextual\"]},{\"@type\":\"Person\",\"@id\":\"https:\\\/\\\/diariotextual.com\\\/inicio\\\/#\\\/schema\\\/person\\\/418fc4093c33e86ed41562db3508f958\",\"name\":\"Diario1 Diario1\",\"image\":{\"@type\":\"ImageObject\",\"inLanguage\":\"es\",\"@id\":\"https:\\\/\\\/secure.gravatar.com\\\/avatar\\\/9167d280179c85bc18be67aa7eda765854300033af4896dd779b608640f2ef7a?s=96&d=mm&r=g\",\"url\":\"https:\\\/\\\/secure.gravatar.com\\\/avatar\\\/9167d280179c85bc18be67aa7eda765854300033af4896dd779b608640f2ef7a?s=96&d=mm&r=g\",\"contentUrl\":\"https:\\\/\\\/secure.gravatar.com\\\/avatar\\\/9167d280179c85bc18be67aa7eda765854300033af4896dd779b608640f2ef7a?s=96&d=mm&r=g\",\"caption\":\"Diario1 Diario1\"},\"url\":\"https:\\\/\\\/diariotextual.com\\\/inicio\\\/index.php\\\/author\\\/diario1\\\/\"}]}<\/script>\n<!-- \/ Yoast SEO plugin. -->","yoast_head_json":{"title":"Paliza: Fern\u00e1ndez obtiene el 47% contra el 32% de Macri - Diario Textual","robots":{"index":"index","follow":"follow","max-snippet":"max-snippet:-1","max-image-preview":"max-image-preview:large","max-video-preview":"max-video-preview:-1"},"canonical":"https:\/\/diariotextual.com\/inicio\/index.php\/2019\/08\/11\/paliza-fernandez-obtiene-47-32-macri\/","og_locale":"es_ES","og_type":"article","og_title":"Paliza: Fern\u00e1ndez obtiene el 47% contra el 32% de Macri - Diario Textual","og_description":"El Frente de Todos qued\u00f3 a un paso de quedarse con la presidencia en octubre. Este domingo Alberto Fern\u00e1ndez obten\u00eda el 47 por ciento, en tanto que Mauricio Macri lograba&hellip;","og_url":"https:\/\/diariotextual.com\/inicio\/index.php\/2019\/08\/11\/paliza-fernandez-obtiene-47-32-macri\/","og_site_name":"Diario Textual","article_publisher":"https:\/\/www.facebook.com\/eltextual","article_published_time":"2019-08-12T01:36:43+00:00","article_modified_time":"2019-08-12T03:35:48+00:00","og_image":[{"width":960,"height":639,"url":"https:\/\/diariotextual.com\/inicio\/wp-content\/uploads\/2019\/08\/fernandezalbertovota2019-2.jpg","type":"image\/jpeg"}],"author":"Diario1 Diario1","twitter_card":"summary_large_image","twitter_creator":"@eltextual","twitter_site":"@eltextual","twitter_misc":{"Escrito por":"Diario1 Diario1","Tiempo de lectura":"1 minuto"},"schema":{"@context":"https:\/\/schema.org","@graph":[{"@type":"Article","@id":"https:\/\/diariotextual.com\/inicio\/index.php\/2019\/08\/11\/paliza-fernandez-obtiene-47-32-macri\/#article","isPartOf":{"@id":"https:\/\/diariotextual.com\/inicio\/index.php\/2019\/08\/11\/paliza-fernandez-obtiene-47-32-macri\/"},"author":{"name":"Diario1 Diario1","@id":"https:\/\/diariotextual.com\/inicio\/#\/schema\/person\/418fc4093c33e86ed41562db3508f958"},"headline":"Paliza: Fern\u00e1ndez obtiene el 47% contra el 32% de Macri","datePublished":"2019-08-12T01:36:43+00:00","dateModified":"2019-08-12T03:35:48+00:00","mainEntityOfPage":{"@id":"https:\/\/diariotextual.com\/inicio\/index.php\/2019\/08\/11\/paliza-fernandez-obtiene-47-32-macri\/"},"wordCount":249,"publisher":{"@id":"https:\/\/diariotextual.com\/inicio\/#organization"},"image":{"@id":"https:\/\/diariotextual.com\/inicio\/index.php\/2019\/08\/11\/paliza-fernandez-obtiene-47-32-macri\/#primaryimage"},"thumbnailUrl":"https:\/\/diariotextual.com\/inicio\/wp-content\/uploads\/2019\/08\/fernandezalbertovota2019-2.jpg","articleSection":["A - TEMPORALES","POLITICA"],"inLanguage":"es"},{"@type":"WebPage","@id":"https:\/\/diariotextual.com\/inicio\/index.php\/2019\/08\/11\/paliza-fernandez-obtiene-47-32-macri\/","url":"https:\/\/diariotextual.com\/inicio\/index.php\/2019\/08\/11\/paliza-fernandez-obtiene-47-32-macri\/","name":"Paliza: Fern\u00e1ndez obtiene el 47% contra el 32% de Macri - Diario Textual","isPartOf":{"@id":"https:\/\/diariotextual.com\/inicio\/#website"},"primaryImageOfPage":{"@id":"https:\/\/diariotextual.com\/inicio\/index.php\/2019\/08\/11\/paliza-fernandez-obtiene-47-32-macri\/#primaryimage"},"image":{"@id":"https:\/\/diariotextual.com\/inicio\/index.php\/2019\/08\/11\/paliza-fernandez-obtiene-47-32-macri\/#primaryimage"},"thumbnailUrl":"https:\/\/diariotextual.com\/inicio\/wp-content\/uploads\/2019\/08\/fernandezalbertovota2019-2.jpg","datePublished":"2019-08-12T01:36:43+00:00","dateModified":"2019-08-12T03:35:48+00:00","breadcrumb":{"@id":"https:\/\/diariotextual.com\/inicio\/index.php\/2019\/08\/11\/paliza-fernandez-obtiene-47-32-macri\/#breadcrumb"},"inLanguage":"es","potentialAction":[{"@type":"ReadAction","target":["https:\/\/diariotextual.com\/inicio\/index.php\/2019\/08\/11\/paliza-fernandez-obtiene-47-32-macri\/"]}]},{"@type":"ImageObject","inLanguage":"es","@id":"https:\/\/diariotextual.com\/inicio\/index.php\/2019\/08\/11\/paliza-fernandez-obtiene-47-32-macri\/#primaryimage","url":"https:\/\/diariotextual.com\/inicio\/wp-content\/uploads\/2019\/08\/fernandezalbertovota2019-2.jpg","contentUrl":"https:\/\/diariotextual.com\/inicio\/wp-content\/uploads\/2019\/08\/fernandezalbertovota2019-2.jpg","width":960,"height":639},{"@type":"BreadcrumbList","@id":"https:\/\/diariotextual.com\/inicio\/index.php\/2019\/08\/11\/paliza-fernandez-obtiene-47-32-macri\/#breadcrumb","itemListElement":[{"@type":"ListItem","position":1,"name":"Portada","item":"https:\/\/diariotextual.com\/inicio\/"},{"@type":"ListItem","position":2,"name":"Paliza: Fern\u00e1ndez obtiene el 47% contra el 32% de Macri"}]},{"@type":"WebSite","@id":"https:\/\/diariotextual.com\/inicio\/#website","url":"https:\/\/diariotextual.com\/inicio\/","name":"Diario Textual","description":"","publisher":{"@id":"https:\/\/diariotextual.com\/inicio\/#organization"},"potentialAction":[{"@type":"SearchAction","target":{"@type":"EntryPoint","urlTemplate":"https:\/\/diariotextual.com\/inicio\/?s={search_term_string}"},"query-input":{"@type":"PropertyValueSpecification","valueRequired":true,"valueName":"search_term_string"}}],"inLanguage":"es"},{"@type":"Organization","@id":"https:\/\/diariotextual.com\/inicio\/#organization","name":"Diario Textual","url":"https:\/\/diariotextual.com\/inicio\/","logo":{"@type":"ImageObject","inLanguage":"es","@id":"https:\/\/diariotextual.com\/inicio\/#\/schema\/logo\/image\/","url":"https:\/\/diariotextual.com\/inicio\/wp-content\/uploads\/2023\/05\/logotextual1.jpg","contentUrl":"https:\/\/diariotextual.com\/inicio\/wp-content\/uploads\/2023\/05\/logotextual1.jpg","width":516,"height":76,"caption":"Diario Textual"},"image":{"@id":"https:\/\/diariotextual.com\/inicio\/#\/schema\/logo\/image\/"},"sameAs":["https:\/\/www.facebook.com\/eltextual","https:\/\/x.com\/eltextual","http:\/\/www.instagram.com\/eltextual"]},{"@type":"Person","@id":"https:\/\/diariotextual.com\/inicio\/#\/schema\/person\/418fc4093c33e86ed41562db3508f958","name":"Diario1 Diario1","image":{"@type":"ImageObject","inLanguage":"es","@id":"https:\/\/secure.gravatar.com\/avatar\/9167d280179c85bc18be67aa7eda765854300033af4896dd779b608640f2ef7a?s=96&d=mm&r=g","url":"https:\/\/secure.gravatar.com\/avatar\/9167d280179c85bc18be67aa7eda765854300033af4896dd779b608640f2ef7a?s=96&d=mm&r=g","contentUrl":"https:\/\/secure.gravatar.com\/avatar\/9167d280179c85bc18be67aa7eda765854300033af4896dd779b608640f2ef7a?s=96&d=mm&r=g","caption":"Diario1 Diario1"},"url":"https:\/\/diariotextual.com\/inicio\/index.php\/author\/diario1\/"}]}},"_links":{"self":[{"href":"https:\/\/diariotextual.com\/inicio\/index.php\/wp-json\/wp\/v2\/posts\/59017","targetHints":{"allow":["GET"]}}],"collection":[{"href":"https:\/\/diariotextual.com\/inicio\/index.php\/wp-json\/wp\/v2\/posts"}],"about":[{"href":"https:\/\/diariotextual.com\/inicio\/index.php\/wp-json\/wp\/v2\/types\/post"}],"author":[{"embeddable":true,"href":"https:\/\/diariotextual.com\/inicio\/index.php\/wp-json\/wp\/v2\/users\/3"}],"replies":[{"embeddable":true,"href":"https:\/\/diariotextual.com\/inicio\/index.php\/wp-json\/wp\/v2\/comments?post=59017"}],"version-history":[{"count":7,"href":"https:\/\/diariotextual.com\/inicio\/index.php\/wp-json\/wp\/v2\/posts\/59017\/revisions"}],"predecessor-version":[{"id":59024,"href":"https:\/\/diariotextual.com\/inicio\/index.php\/wp-json\/wp\/v2\/posts\/59017\/revisions\/59024"}],"wp:featuredmedia":[{"embeddable":true,"href":"https:\/\/diariotextual.com\/inicio\/index.php\/wp-json\/wp\/v2\/media\/58891"}],"wp:attachment":[{"href":"https:\/\/diariotextual.com\/inicio\/index.php\/wp-json\/wp\/v2\/media?parent=59017"}],"wp:term":[{"taxonomy":"category","embeddable":true,"href":"https:\/\/diariotextual.com\/inicio\/index.php\/wp-json\/wp\/v2\/categories?post=59017"},{"taxonomy":"post_tag","embeddable":true,"href":"https:\/\/diariotextual.com\/inicio\/index.php\/wp-json\/wp\/v2\/tags?post=59017"}],"curies":[{"name":"wp","href":"https:\/\/api.w.org\/{rel}","templated":true}]}}