{"id":59068,"date":"2019-08-12T09:06:44","date_gmt":"2019-08-12T12:06:44","guid":{"rendered":"http:\/\/diariotextual.com\/inicio\/?p=59068"},"modified":"2019-08-12T20:34:30","modified_gmt":"2019-08-12T23:34:30","slug":"quemu-san-martin-arauz-guatrache-los-pueblos-amarillos","status":"publish","type":"post","link":"https:\/\/diariotextual.com\/inicio\/index.php\/2019\/08\/12\/quemu-san-martin-arauz-guatrache-los-pueblos-amarillos\/","title":{"rendered":"Quem\u00fa, San Mart\u00edn, Arauz y Guatrach\u00e9, los pueblos \u00abamarillos\u00bb"},"content":{"rendered":"<p><strong>Quem\u00fa Quem\u00fa, San Mart\u00edn, Jacinto Arauz<\/strong> y <strong>Guatrach\u00e9<\/strong> fueron las<strong> cuatro localidades m\u00e1s grandes de la provincia donde gan\u00f3 la f\u00f3rmula de Mauricio Macri \u2013 Miguel Pichetto<\/strong>. En todo el resto de las principales localidades, entre ellas Santa Rosa y Pico, triunf\u00f3 la f\u00f3rmula de Alberto Fern\u00e1ndez \u2013 Cristina Fern\u00e1ndez.<\/p>\n<blockquote class=\"wp-embedded-content\" data-secret=\"eE2f3fyEOf\"><p><a href=\"http:\/\/diariotextual.com\/inicio\/index.php\/2019\/08\/11\/jugadas-ganadoras-las-fallaron-las-paso-pampeanas\/\">Jugadas ganadoras y las que fallaron en las PASO pampeanas<\/a><\/p><\/blockquote>\n<p><iframe class=\"wp-embedded-content\" sandbox=\"allow-scripts\" security=\"restricted\" style=\"position: absolute; clip: rect(1px, 1px, 1px, 1px);\" src=\"http:\/\/diariotextual.com\/inicio\/index.php\/2019\/08\/11\/jugadas-ganadoras-las-fallaron-las-paso-pampeanas\/embed\/#?secret=eE2f3fyEOf\" data-secret=\"eE2f3fyEOf\" width=\"600\" height=\"338\" title=\"&#171;Jugadas ganadoras y las que fallaron en las PASO pampeanas&#187; &#8212; Diario Textual\" frameborder=\"0\" marginwidth=\"0\" marginheight=\"0\" scrolling=\"no\"><\/iframe><\/p>\n<p>Seg\u00fan los datos oficiales del escrutinio provisorio a los que accedi\u00f3<strong> Diario Textual<\/strong>, con el 100 por ciento de las mesas contabilizadas, en <strong>Quem\u00fa Quem\u00fa<\/strong> votaron 2599 ciudadanos. Gan\u00f3 Mauricio Macri con 1154 votos, es decir, el 44,86% de los sufragios. Segundo se ubic\u00f3 Alberto Fern\u00e1ndez, con 989 (38,45%) y tercero Roberto Lavagna con 224 (8,70%).<\/p>\n<p>En<strong>\u00a0General San Mart\u00edn<\/strong>, con 1986 ciudadanos que fueron a las urnas, 997 (50,20%) votaron al macrismo, en tanto que 611 (30,76%) se inclinaron por el peronismo.<\/p>\n<p>En <strong>Jacinto\u00a0Arauz<\/strong>, con 1872 votantes, 788 (42,41%) eligieron a Macri y 761 (40,95%) a Fern\u00e1ndez.<\/p>\n<p>En <strong>Guatrach\u00e9<\/strong>, hubo 1316 personas que votaron a Mauricio Macri. Es decir, el 45,50% de los votantes. En segundo lugar, con 968 votantes (el 33,47%) se ubic\u00f3 Alberto Fern\u00e1ndez.<\/p>\n<p>En <strong>Alta Italia<\/strong>, con 1054 votantes, el macrismo cosech\u00f3 489 46,79% y el peronismo\u00a0374 (35,78%).<\/p>\n<p>En <strong>General Campos<\/strong>, con un total de 835 votantes, gan\u00f3 el macrismo: 42,54% a 40,84%.<\/p>\n<p>En <strong>Embajador Martini<\/strong>, con 970 electores, Juntos por el Cambio obtuvo 383 sufragios (39,81%) contra 368 (38,25%) del Frente de Todos.<\/p>\n<p>En <strong>Hilario Lagos<\/strong>, con 463 votantes,\u00a0199 (43,54%) se inclinaron por el macrismo y 181 por el peronismo (39,60%).<\/p>\n<p>En <strong>Anchorena<\/strong>, con 306 votantes, el macrismo obtuvo\u00a0159 (53,17%) contra\u00a0107 (35,78%).<\/p>\n<p>En <strong>La Reforma<\/strong>, con 191 votantes, se dio una m\u00e1xima paridad: 91 (47,39%) para Macri y 90 (46,87%) para el exjefe de Gabinete del kirchnerismo.<\/p>\n<p>El resto de las principales ciudades y localidades qued\u00f3 para el peronismo. En <strong>Santa Rosa<\/strong>, los Fern\u00e1ndez ganaron ampliamente: 53% a 27%. Un resultado similar por la intendencia, en mayo pasado, cuando Luciano di N\u00e1poli dio el batacazo.<\/p>\n<p>En<strong> Pico<\/strong>, la segunda ciudad de la provincia, Fern\u00e1ndez obtuvo el 45,55% contra el 34,59% del presidente de la Naci\u00f3n.<\/p>\n<p>En <strong>Acha<\/strong> se dio una mayor paridad, aunque siempre el Frente de Todos por delante: 43,29% a 37,90%.<\/p>\n<p><strong>Toay<\/strong>, una de las localidades m\u00e1s grandes de la provincia, sigue siendo peronista: 54,13% contra el 28,85%.<\/p>\n<p>En <strong>Catril\u00f3<\/strong>, el peronismo arras\u00f3 con el 50,85% contra el 33,70%. A su vez en<strong> Trenel<\/strong> se ampli\u00f3 la diferencia de 55,75% a 30,16%.<\/p>\n<p>Por su parte, en<strong> Victorica<\/strong> el triunfo fue contundente de Fern\u00e1ndez con 57,16% a 28,29% de los votos. Lo mismo pas\u00f3 en<strong> Tel\u00e9n<\/strong>, con 61,52% a\u00a028,46%, y <strong>Luan Toro<\/strong> con 65,36% a 25,63%.<\/p>\n<p>En tanto, en <strong>Macach\u00edn<\/strong> los resultados fueron de 48,32% a 37,54%. Y en<strong> Riglos<\/strong> de 50,15% a 36,77%, en<strong> Doblas<\/strong> de 42,87% a 38,17% y en <strong>Rol\u00f3n<\/strong> de 57,14% 29,32%.<\/p>\n<p>En\u00a0<strong>Santa Isabel<\/strong>\u00a0el resultado fue abrumador a favor de los Fern\u00e1ndez: 63,40% a 18,47%. En <strong>Algarrobo del Aguila<\/strong>, el pueblo vecino, la diferencia fue de 59,14% a 26,85%.<\/p>\n<p>En<strong> Intendente Alvear<\/strong> otra vez, como ya hab\u00eda ocurrido en mayo, gan\u00f3 el peronismo: 49,62% contra el 33,85%.<\/p>\n<p>En<strong> Castex<\/strong>, los Fern\u00e1ndez vencieron con el 51,99% contra el 33,07% de Macri y Pichetto. En <strong>Winifreda<\/strong>, fue de 46,45% a 38,63%; en <strong>Realic\u00f3<\/strong> de 46,41% a 38,46%; y en<strong> Luiggi<\/strong> de 46,82% a 39,94%.<\/p>\n<p>En <strong>Puelches<\/strong> se dio un resultado como todo el oeste: 68,26% a 20,80%. En <strong>Bar\u00f3n<\/strong>, por su parte, fue de 47,31% a 34,47% y en <strong>Can\u00e9<\/strong> de 59,05% a 28,82%.<\/p>\n<p>En <strong>Bernasconi<\/strong> fue de 45,39% a 37,51% a favor del peronismo; en <strong>25 de Mayo<\/strong> de 57,65% a 20,95%; en <strong>Rancul<\/strong> 53,25% a 36,05%; en <strong>Parera<\/strong> de 49,09% a 37,33%; y en <strong>Larroud\u00e9<\/strong> 47,65% a 38,08%.<\/p>\n<p>&nbsp;<\/p>\n<p>Resultados por departamentos:<\/p>\n<p><img fetchpriority=\"high\" decoding=\"async\" class=\"alignnone size-full wp-image-59101\" src=\"http:\/\/diariotextual.com\/inicio\/wp-content\/uploads\/2019\/08\/eleccionespaso2019departamentos3.jpg\" alt=\"\" width=\"1129\" height=\"625\" srcset=\"https:\/\/diariotextual.com\/inicio\/wp-content\/uploads\/2019\/08\/eleccionespaso2019departamentos3.jpg 1129w, https:\/\/diariotextual.com\/inicio\/wp-content\/uploads\/2019\/08\/eleccionespaso2019departamentos3-300x166.jpg 300w, https:\/\/diariotextual.com\/inicio\/wp-content\/uploads\/2019\/08\/eleccionespaso2019departamentos3-768x425.jpg 768w, https:\/\/diariotextual.com\/inicio\/wp-content\/uploads\/2019\/08\/eleccionespaso2019departamentos3-1024x567.jpg 1024w, https:\/\/diariotextual.com\/inicio\/wp-content\/uploads\/2019\/08\/eleccionespaso2019departamentos3-585x324.jpg 585w\" sizes=\"(max-width: 1129px) 100vw, 1129px\" \/><\/p>\n<p>&nbsp;<\/p>\n<blockquote class=\"wp-embedded-content\" data-secret=\"YGRgXCX1EG\"><p><a href=\"http:\/\/diariotextual.com\/inicio\/index.php\/2019\/08\/11\/sin-sorpresas-la-pampa-peronismo-saco-amplia-ventaja-las-paso\/\">Sin sorpresas en La Pampa: el peronismo gan\u00f3 con el 50%<\/a><\/p><\/blockquote>\n<p><iframe class=\"wp-embedded-content\" sandbox=\"allow-scripts\" security=\"restricted\" style=\"position: absolute; clip: rect(1px, 1px, 1px, 1px);\" src=\"http:\/\/diariotextual.com\/inicio\/index.php\/2019\/08\/11\/sin-sorpresas-la-pampa-peronismo-saco-amplia-ventaja-las-paso\/embed\/#?secret=YGRgXCX1EG\" data-secret=\"YGRgXCX1EG\" width=\"600\" height=\"338\" title=\"&#171;Sin sorpresas en La Pampa: el peronismo gan\u00f3 con el 50%&#187; &#8212; Diario Textual\" frameborder=\"0\" marginwidth=\"0\" marginheight=\"0\" scrolling=\"no\"><\/iframe><\/p>\n<p>&nbsp;<\/p>\n<p>&nbsp;<\/p>\n","protected":false},"excerpt":{"rendered":"<p>Quem\u00fa Quem\u00fa, San Mart\u00edn, Jacinto Arauz y Guatrach\u00e9 fueron las cuatro localidades m\u00e1s grandes de la provincia donde gan\u00f3 la f\u00f3rmula de Mauricio Macri \u2013 Miguel Pichetto. En todo el&hellip;<\/p>\n","protected":false},"author":3,"featured_media":59070,"comment_status":"closed","ping_status":"open","sticky":false,"template":"","format":"standard","meta":{"_acf_changed":false,"footnotes":""},"categories":[319,8],"tags":[125,2163],"class_list":["post-59068","post","type-post","status-publish","format-standard","has-post-thumbnail","hentry","category-a-temporales","category-politica","tag-elecciones","tag-paso"],"acf":[],"yoast_head":"<!-- This site is optimized with the Yoast SEO plugin v27.5 - https:\/\/yoast.com\/product\/yoast-seo-wordpress\/ -->\n<title>Quem\u00fa, San Mart\u00edn, Arauz y Guatrach\u00e9, los pueblos &quot;amarillos&quot; - Diario Textual<\/title>\n<meta name=\"robots\" content=\"index, follow, max-snippet:-1, max-image-preview:large, max-video-preview:-1\" \/>\n<link rel=\"canonical\" href=\"https:\/\/diariotextual.com\/inicio\/index.php\/2019\/08\/12\/quemu-san-martin-arauz-guatrache-los-pueblos-amarillos\/\" \/>\n<meta property=\"og:locale\" content=\"es_ES\" \/>\n<meta property=\"og:type\" content=\"article\" \/>\n<meta property=\"og:title\" content=\"Quem\u00fa, San Mart\u00edn, Arauz y Guatrach\u00e9, los pueblos &quot;amarillos&quot; - Diario Textual\" \/>\n<meta property=\"og:description\" content=\"Quem\u00fa Quem\u00fa, San Mart\u00edn, Jacinto Arauz y Guatrach\u00e9 fueron las cuatro localidades m\u00e1s grandes de la provincia donde gan\u00f3 la f\u00f3rmula de Mauricio Macri \u2013 Miguel Pichetto. En todo el&hellip;\" \/>\n<meta property=\"og:url\" content=\"https:\/\/diariotextual.com\/inicio\/index.php\/2019\/08\/12\/quemu-san-martin-arauz-guatrache-los-pueblos-amarillos\/\" \/>\n<meta property=\"og:site_name\" content=\"Diario Textual\" \/>\n<meta property=\"article:publisher\" content=\"https:\/\/www.facebook.com\/eltextual\" \/>\n<meta property=\"article:published_time\" content=\"2019-08-12T12:06:44+00:00\" \/>\n<meta property=\"article:modified_time\" content=\"2019-08-12T23:34:30+00:00\" \/>\n<meta property=\"og:image\" content=\"https:\/\/diariotextual.com\/inicio\/wp-content\/uploads\/2019\/08\/eleccionespaso2019-200.jpg\" \/>\n\t<meta property=\"og:image:width\" content=\"1200\" \/>\n\t<meta property=\"og:image:height\" content=\"772\" \/>\n\t<meta property=\"og:image:type\" content=\"image\/jpeg\" \/>\n<meta name=\"author\" content=\"Diario1 Diario1\" \/>\n<meta name=\"twitter:card\" content=\"summary_large_image\" \/>\n<meta name=\"twitter:creator\" content=\"@eltextual\" \/>\n<meta name=\"twitter:site\" content=\"@eltextual\" \/>\n<meta name=\"twitter:label1\" content=\"Escrito por\" \/>\n\t<meta name=\"twitter:data1\" content=\"Diario1 Diario1\" \/>\n\t<meta name=\"twitter:label2\" content=\"Tiempo de lectura\" \/>\n\t<meta name=\"twitter:data2\" content=\"3 minutos\" \/>\n<script type=\"application\/ld+json\" class=\"yoast-schema-graph\">{\"@context\":\"https:\\\/\\\/schema.org\",\"@graph\":[{\"@type\":\"Article\",\"@id\":\"https:\\\/\\\/diariotextual.com\\\/inicio\\\/index.php\\\/2019\\\/08\\\/12\\\/quemu-san-martin-arauz-guatrache-los-pueblos-amarillos\\\/#article\",\"isPartOf\":{\"@id\":\"https:\\\/\\\/diariotextual.com\\\/inicio\\\/index.php\\\/2019\\\/08\\\/12\\\/quemu-san-martin-arauz-guatrache-los-pueblos-amarillos\\\/\"},\"author\":{\"name\":\"Diario1 Diario1\",\"@id\":\"https:\\\/\\\/diariotextual.com\\\/inicio\\\/#\\\/schema\\\/person\\\/418fc4093c33e86ed41562db3508f958\"},\"headline\":\"Quem\u00fa, San Mart\u00edn, Arauz y Guatrach\u00e9, los pueblos \u00abamarillos\u00bb\",\"datePublished\":\"2019-08-12T12:06:44+00:00\",\"dateModified\":\"2019-08-12T23:34:30+00:00\",\"mainEntityOfPage\":{\"@id\":\"https:\\\/\\\/diariotextual.com\\\/inicio\\\/index.php\\\/2019\\\/08\\\/12\\\/quemu-san-martin-arauz-guatrache-los-pueblos-amarillos\\\/\"},\"wordCount\":563,\"publisher\":{\"@id\":\"https:\\\/\\\/diariotextual.com\\\/inicio\\\/#organization\"},\"image\":{\"@id\":\"https:\\\/\\\/diariotextual.com\\\/inicio\\\/index.php\\\/2019\\\/08\\\/12\\\/quemu-san-martin-arauz-guatrache-los-pueblos-amarillos\\\/#primaryimage\"},\"thumbnailUrl\":\"https:\\\/\\\/diariotextual.com\\\/inicio\\\/wp-content\\\/uploads\\\/2019\\\/08\\\/eleccionespaso2019-200.jpg\",\"keywords\":[\"elecciones\",\"paso\"],\"articleSection\":[\"A - TEMPORALES\",\"POLITICA\"],\"inLanguage\":\"es\"},{\"@type\":\"WebPage\",\"@id\":\"https:\\\/\\\/diariotextual.com\\\/inicio\\\/index.php\\\/2019\\\/08\\\/12\\\/quemu-san-martin-arauz-guatrache-los-pueblos-amarillos\\\/\",\"url\":\"https:\\\/\\\/diariotextual.com\\\/inicio\\\/index.php\\\/2019\\\/08\\\/12\\\/quemu-san-martin-arauz-guatrache-los-pueblos-amarillos\\\/\",\"name\":\"Quem\u00fa, San Mart\u00edn, Arauz y Guatrach\u00e9, los pueblos \\\"amarillos\\\" - Diario Textual\",\"isPartOf\":{\"@id\":\"https:\\\/\\\/diariotextual.com\\\/inicio\\\/#website\"},\"primaryImageOfPage\":{\"@id\":\"https:\\\/\\\/diariotextual.com\\\/inicio\\\/index.php\\\/2019\\\/08\\\/12\\\/quemu-san-martin-arauz-guatrache-los-pueblos-amarillos\\\/#primaryimage\"},\"image\":{\"@id\":\"https:\\\/\\\/diariotextual.com\\\/inicio\\\/index.php\\\/2019\\\/08\\\/12\\\/quemu-san-martin-arauz-guatrache-los-pueblos-amarillos\\\/#primaryimage\"},\"thumbnailUrl\":\"https:\\\/\\\/diariotextual.com\\\/inicio\\\/wp-content\\\/uploads\\\/2019\\\/08\\\/eleccionespaso2019-200.jpg\",\"datePublished\":\"2019-08-12T12:06:44+00:00\",\"dateModified\":\"2019-08-12T23:34:30+00:00\",\"breadcrumb\":{\"@id\":\"https:\\\/\\\/diariotextual.com\\\/inicio\\\/index.php\\\/2019\\\/08\\\/12\\\/quemu-san-martin-arauz-guatrache-los-pueblos-amarillos\\\/#breadcrumb\"},\"inLanguage\":\"es\",\"potentialAction\":[{\"@type\":\"ReadAction\",\"target\":[\"https:\\\/\\\/diariotextual.com\\\/inicio\\\/index.php\\\/2019\\\/08\\\/12\\\/quemu-san-martin-arauz-guatrache-los-pueblos-amarillos\\\/\"]}]},{\"@type\":\"ImageObject\",\"inLanguage\":\"es\",\"@id\":\"https:\\\/\\\/diariotextual.com\\\/inicio\\\/index.php\\\/2019\\\/08\\\/12\\\/quemu-san-martin-arauz-guatrache-los-pueblos-amarillos\\\/#primaryimage\",\"url\":\"https:\\\/\\\/diariotextual.com\\\/inicio\\\/wp-content\\\/uploads\\\/2019\\\/08\\\/eleccionespaso2019-200.jpg\",\"contentUrl\":\"https:\\\/\\\/diariotextual.com\\\/inicio\\\/wp-content\\\/uploads\\\/2019\\\/08\\\/eleccionespaso2019-200.jpg\",\"width\":1200,\"height\":772},{\"@type\":\"BreadcrumbList\",\"@id\":\"https:\\\/\\\/diariotextual.com\\\/inicio\\\/index.php\\\/2019\\\/08\\\/12\\\/quemu-san-martin-arauz-guatrache-los-pueblos-amarillos\\\/#breadcrumb\",\"itemListElement\":[{\"@type\":\"ListItem\",\"position\":1,\"name\":\"Portada\",\"item\":\"https:\\\/\\\/diariotextual.com\\\/inicio\\\/\"},{\"@type\":\"ListItem\",\"position\":2,\"name\":\"Quem\u00fa, San Mart\u00edn, Arauz y Guatrach\u00e9, los pueblos \u00abamarillos\u00bb\"}]},{\"@type\":\"WebSite\",\"@id\":\"https:\\\/\\\/diariotextual.com\\\/inicio\\\/#website\",\"url\":\"https:\\\/\\\/diariotextual.com\\\/inicio\\\/\",\"name\":\"Diario Textual\",\"description\":\"\",\"publisher\":{\"@id\":\"https:\\\/\\\/diariotextual.com\\\/inicio\\\/#organization\"},\"potentialAction\":[{\"@type\":\"SearchAction\",\"target\":{\"@type\":\"EntryPoint\",\"urlTemplate\":\"https:\\\/\\\/diariotextual.com\\\/inicio\\\/?s={search_term_string}\"},\"query-input\":{\"@type\":\"PropertyValueSpecification\",\"valueRequired\":true,\"valueName\":\"search_term_string\"}}],\"inLanguage\":\"es\"},{\"@type\":\"Organization\",\"@id\":\"https:\\\/\\\/diariotextual.com\\\/inicio\\\/#organization\",\"name\":\"Diario Textual\",\"url\":\"https:\\\/\\\/diariotextual.com\\\/inicio\\\/\",\"logo\":{\"@type\":\"ImageObject\",\"inLanguage\":\"es\",\"@id\":\"https:\\\/\\\/diariotextual.com\\\/inicio\\\/#\\\/schema\\\/logo\\\/image\\\/\",\"url\":\"https:\\\/\\\/diariotextual.com\\\/inicio\\\/wp-content\\\/uploads\\\/2023\\\/05\\\/logotextual1.jpg\",\"contentUrl\":\"https:\\\/\\\/diariotextual.com\\\/inicio\\\/wp-content\\\/uploads\\\/2023\\\/05\\\/logotextual1.jpg\",\"width\":516,\"height\":76,\"caption\":\"Diario Textual\"},\"image\":{\"@id\":\"https:\\\/\\\/diariotextual.com\\\/inicio\\\/#\\\/schema\\\/logo\\\/image\\\/\"},\"sameAs\":[\"https:\\\/\\\/www.facebook.com\\\/eltextual\",\"https:\\\/\\\/x.com\\\/eltextual\",\"http:\\\/\\\/www.instagram.com\\\/eltextual\"]},{\"@type\":\"Person\",\"@id\":\"https:\\\/\\\/diariotextual.com\\\/inicio\\\/#\\\/schema\\\/person\\\/418fc4093c33e86ed41562db3508f958\",\"name\":\"Diario1 Diario1\",\"image\":{\"@type\":\"ImageObject\",\"inLanguage\":\"es\",\"@id\":\"https:\\\/\\\/secure.gravatar.com\\\/avatar\\\/9167d280179c85bc18be67aa7eda765854300033af4896dd779b608640f2ef7a?s=96&d=mm&r=g\",\"url\":\"https:\\\/\\\/secure.gravatar.com\\\/avatar\\\/9167d280179c85bc18be67aa7eda765854300033af4896dd779b608640f2ef7a?s=96&d=mm&r=g\",\"contentUrl\":\"https:\\\/\\\/secure.gravatar.com\\\/avatar\\\/9167d280179c85bc18be67aa7eda765854300033af4896dd779b608640f2ef7a?s=96&d=mm&r=g\",\"caption\":\"Diario1 Diario1\"},\"url\":\"https:\\\/\\\/diariotextual.com\\\/inicio\\\/index.php\\\/author\\\/diario1\\\/\"}]}<\/script>\n<!-- \/ Yoast SEO plugin. -->","yoast_head_json":{"title":"Quem\u00fa, San Mart\u00edn, Arauz y Guatrach\u00e9, los pueblos \"amarillos\" - Diario Textual","robots":{"index":"index","follow":"follow","max-snippet":"max-snippet:-1","max-image-preview":"max-image-preview:large","max-video-preview":"max-video-preview:-1"},"canonical":"https:\/\/diariotextual.com\/inicio\/index.php\/2019\/08\/12\/quemu-san-martin-arauz-guatrache-los-pueblos-amarillos\/","og_locale":"es_ES","og_type":"article","og_title":"Quem\u00fa, San Mart\u00edn, Arauz y Guatrach\u00e9, los pueblos \"amarillos\" - Diario Textual","og_description":"Quem\u00fa Quem\u00fa, San Mart\u00edn, Jacinto Arauz y Guatrach\u00e9 fueron las cuatro localidades m\u00e1s grandes de la provincia donde gan\u00f3 la f\u00f3rmula de Mauricio Macri \u2013 Miguel Pichetto. En todo el&hellip;","og_url":"https:\/\/diariotextual.com\/inicio\/index.php\/2019\/08\/12\/quemu-san-martin-arauz-guatrache-los-pueblos-amarillos\/","og_site_name":"Diario Textual","article_publisher":"https:\/\/www.facebook.com\/eltextual","article_published_time":"2019-08-12T12:06:44+00:00","article_modified_time":"2019-08-12T23:34:30+00:00","og_image":[{"width":1200,"height":772,"url":"https:\/\/diariotextual.com\/inicio\/wp-content\/uploads\/2019\/08\/eleccionespaso2019-200.jpg","type":"image\/jpeg"}],"author":"Diario1 Diario1","twitter_card":"summary_large_image","twitter_creator":"@eltextual","twitter_site":"@eltextual","twitter_misc":{"Escrito por":"Diario1 Diario1","Tiempo de lectura":"3 minutos"},"schema":{"@context":"https:\/\/schema.org","@graph":[{"@type":"Article","@id":"https:\/\/diariotextual.com\/inicio\/index.php\/2019\/08\/12\/quemu-san-martin-arauz-guatrache-los-pueblos-amarillos\/#article","isPartOf":{"@id":"https:\/\/diariotextual.com\/inicio\/index.php\/2019\/08\/12\/quemu-san-martin-arauz-guatrache-los-pueblos-amarillos\/"},"author":{"name":"Diario1 Diario1","@id":"https:\/\/diariotextual.com\/inicio\/#\/schema\/person\/418fc4093c33e86ed41562db3508f958"},"headline":"Quem\u00fa, San Mart\u00edn, Arauz y Guatrach\u00e9, los pueblos \u00abamarillos\u00bb","datePublished":"2019-08-12T12:06:44+00:00","dateModified":"2019-08-12T23:34:30+00:00","mainEntityOfPage":{"@id":"https:\/\/diariotextual.com\/inicio\/index.php\/2019\/08\/12\/quemu-san-martin-arauz-guatrache-los-pueblos-amarillos\/"},"wordCount":563,"publisher":{"@id":"https:\/\/diariotextual.com\/inicio\/#organization"},"image":{"@id":"https:\/\/diariotextual.com\/inicio\/index.php\/2019\/08\/12\/quemu-san-martin-arauz-guatrache-los-pueblos-amarillos\/#primaryimage"},"thumbnailUrl":"https:\/\/diariotextual.com\/inicio\/wp-content\/uploads\/2019\/08\/eleccionespaso2019-200.jpg","keywords":["elecciones","paso"],"articleSection":["A - TEMPORALES","POLITICA"],"inLanguage":"es"},{"@type":"WebPage","@id":"https:\/\/diariotextual.com\/inicio\/index.php\/2019\/08\/12\/quemu-san-martin-arauz-guatrache-los-pueblos-amarillos\/","url":"https:\/\/diariotextual.com\/inicio\/index.php\/2019\/08\/12\/quemu-san-martin-arauz-guatrache-los-pueblos-amarillos\/","name":"Quem\u00fa, San Mart\u00edn, Arauz y Guatrach\u00e9, los pueblos \"amarillos\" - Diario Textual","isPartOf":{"@id":"https:\/\/diariotextual.com\/inicio\/#website"},"primaryImageOfPage":{"@id":"https:\/\/diariotextual.com\/inicio\/index.php\/2019\/08\/12\/quemu-san-martin-arauz-guatrache-los-pueblos-amarillos\/#primaryimage"},"image":{"@id":"https:\/\/diariotextual.com\/inicio\/index.php\/2019\/08\/12\/quemu-san-martin-arauz-guatrache-los-pueblos-amarillos\/#primaryimage"},"thumbnailUrl":"https:\/\/diariotextual.com\/inicio\/wp-content\/uploads\/2019\/08\/eleccionespaso2019-200.jpg","datePublished":"2019-08-12T12:06:44+00:00","dateModified":"2019-08-12T23:34:30+00:00","breadcrumb":{"@id":"https:\/\/diariotextual.com\/inicio\/index.php\/2019\/08\/12\/quemu-san-martin-arauz-guatrache-los-pueblos-amarillos\/#breadcrumb"},"inLanguage":"es","potentialAction":[{"@type":"ReadAction","target":["https:\/\/diariotextual.com\/inicio\/index.php\/2019\/08\/12\/quemu-san-martin-arauz-guatrache-los-pueblos-amarillos\/"]}]},{"@type":"ImageObject","inLanguage":"es","@id":"https:\/\/diariotextual.com\/inicio\/index.php\/2019\/08\/12\/quemu-san-martin-arauz-guatrache-los-pueblos-amarillos\/#primaryimage","url":"https:\/\/diariotextual.com\/inicio\/wp-content\/uploads\/2019\/08\/eleccionespaso2019-200.jpg","contentUrl":"https:\/\/diariotextual.com\/inicio\/wp-content\/uploads\/2019\/08\/eleccionespaso2019-200.jpg","width":1200,"height":772},{"@type":"BreadcrumbList","@id":"https:\/\/diariotextual.com\/inicio\/index.php\/2019\/08\/12\/quemu-san-martin-arauz-guatrache-los-pueblos-amarillos\/#breadcrumb","itemListElement":[{"@type":"ListItem","position":1,"name":"Portada","item":"https:\/\/diariotextual.com\/inicio\/"},{"@type":"ListItem","position":2,"name":"Quem\u00fa, San Mart\u00edn, Arauz y Guatrach\u00e9, los pueblos \u00abamarillos\u00bb"}]},{"@type":"WebSite","@id":"https:\/\/diariotextual.com\/inicio\/#website","url":"https:\/\/diariotextual.com\/inicio\/","name":"Diario Textual","description":"","publisher":{"@id":"https:\/\/diariotextual.com\/inicio\/#organization"},"potentialAction":[{"@type":"SearchAction","target":{"@type":"EntryPoint","urlTemplate":"https:\/\/diariotextual.com\/inicio\/?s={search_term_string}"},"query-input":{"@type":"PropertyValueSpecification","valueRequired":true,"valueName":"search_term_string"}}],"inLanguage":"es"},{"@type":"Organization","@id":"https:\/\/diariotextual.com\/inicio\/#organization","name":"Diario Textual","url":"https:\/\/diariotextual.com\/inicio\/","logo":{"@type":"ImageObject","inLanguage":"es","@id":"https:\/\/diariotextual.com\/inicio\/#\/schema\/logo\/image\/","url":"https:\/\/diariotextual.com\/inicio\/wp-content\/uploads\/2023\/05\/logotextual1.jpg","contentUrl":"https:\/\/diariotextual.com\/inicio\/wp-content\/uploads\/2023\/05\/logotextual1.jpg","width":516,"height":76,"caption":"Diario Textual"},"image":{"@id":"https:\/\/diariotextual.com\/inicio\/#\/schema\/logo\/image\/"},"sameAs":["https:\/\/www.facebook.com\/eltextual","https:\/\/x.com\/eltextual","http:\/\/www.instagram.com\/eltextual"]},{"@type":"Person","@id":"https:\/\/diariotextual.com\/inicio\/#\/schema\/person\/418fc4093c33e86ed41562db3508f958","name":"Diario1 Diario1","image":{"@type":"ImageObject","inLanguage":"es","@id":"https:\/\/secure.gravatar.com\/avatar\/9167d280179c85bc18be67aa7eda765854300033af4896dd779b608640f2ef7a?s=96&d=mm&r=g","url":"https:\/\/secure.gravatar.com\/avatar\/9167d280179c85bc18be67aa7eda765854300033af4896dd779b608640f2ef7a?s=96&d=mm&r=g","contentUrl":"https:\/\/secure.gravatar.com\/avatar\/9167d280179c85bc18be67aa7eda765854300033af4896dd779b608640f2ef7a?s=96&d=mm&r=g","caption":"Diario1 Diario1"},"url":"https:\/\/diariotextual.com\/inicio\/index.php\/author\/diario1\/"}]}},"_links":{"self":[{"href":"https:\/\/diariotextual.com\/inicio\/index.php\/wp-json\/wp\/v2\/posts\/59068","targetHints":{"allow":["GET"]}}],"collection":[{"href":"https:\/\/diariotextual.com\/inicio\/index.php\/wp-json\/wp\/v2\/posts"}],"about":[{"href":"https:\/\/diariotextual.com\/inicio\/index.php\/wp-json\/wp\/v2\/types\/post"}],"author":[{"embeddable":true,"href":"https:\/\/diariotextual.com\/inicio\/index.php\/wp-json\/wp\/v2\/users\/3"}],"replies":[{"embeddable":true,"href":"https:\/\/diariotextual.com\/inicio\/index.php\/wp-json\/wp\/v2\/comments?post=59068"}],"version-history":[{"count":19,"href":"https:\/\/diariotextual.com\/inicio\/index.php\/wp-json\/wp\/v2\/posts\/59068\/revisions"}],"predecessor-version":[{"id":59106,"href":"https:\/\/diariotextual.com\/inicio\/index.php\/wp-json\/wp\/v2\/posts\/59068\/revisions\/59106"}],"wp:featuredmedia":[{"embeddable":true,"href":"https:\/\/diariotextual.com\/inicio\/index.php\/wp-json\/wp\/v2\/media\/59070"}],"wp:attachment":[{"href":"https:\/\/diariotextual.com\/inicio\/index.php\/wp-json\/wp\/v2\/media?parent=59068"}],"wp:term":[{"taxonomy":"category","embeddable":true,"href":"https:\/\/diariotextual.com\/inicio\/index.php\/wp-json\/wp\/v2\/categories?post=59068"},{"taxonomy":"post_tag","embeddable":true,"href":"https:\/\/diariotextual.com\/inicio\/index.php\/wp-json\/wp\/v2\/tags?post=59068"}],"curies":[{"name":"wp","href":"https:\/\/api.w.org\/{rel}","templated":true}]}}