{"id":59132,"date":"2019-08-12T14:06:44","date_gmt":"2019-08-12T17:06:44","guid":{"rendered":"http:\/\/diariotextual.com\/inicio\/?p=59132"},"modified":"2019-08-12T15:28:29","modified_gmt":"2019-08-12T18:28:29","slug":"los-funcionarios-del-macrismo-en-la-pampa-en-silencio-en-las-redes","status":"publish","type":"post","link":"https:\/\/diariotextual.com\/inicio\/index.php\/2019\/08\/12\/los-funcionarios-del-macrismo-en-la-pampa-en-silencio-en-las-redes\/","title":{"rendered":"Maximiliano Aliaga: \u00abLo de ayer fue una buena tirada de orejas\u00bb"},"content":{"rendered":"<p>Los principales funcionarios de organismos nacionales en La Pampa estuvieron activos en las redes sociales, pero luego del catastr\u00f3fico resultado de <strong>Mauricio Macri<\/strong> se llamaron al silencio. Sintieron, decididamente, el golpe. En Facebook, Instagram y Twitter divulgaron, hasta el d\u00eda mismo de la elecci\u00f3n, mensajes de<strong> \u00ab#VotoaMM\u00bb<\/strong>, en pedido de apoyo al presidente para la reelecci\u00f3n, o <strong>\u00ab#NoVuelvenMas\u00bb<\/strong>, en un mensaje directo al kirchnerismo. Pero esos mismos dirigentes del macrismo quedaron impactados y, hasta el mediod\u00eda de este lunes, no volvieron a las redes.<\/p>\n<p>Hubo algunas excepciones. Fue el caso de un diputado -no funcionario-: <strong>Maximiliano Aliaga<\/strong>. \u00abCuanta soledad trae la derrota, pero que ordenadora de la realidad que es&#8230;\u00bb, escribi\u00f3 en Facebook. \u00abSi la sabes escuchar, te dice bien claro d\u00f3nde no est\u00e1s bien. <strong>Lo de ayer fue una buena tirada de orejas.\u00a0No est\u00e1 muerto quien pelea.<\/strong> Le vamos a dar batalla, la nuestra, la que sabemos que funciona. Sin recetas m\u00e1gicas. Escucharnos y asumirnos ser\u00e1 una tarea dura pero necesaria para nuestro espacio, para luego poder avanzar todos juntos\u00bb, areng\u00f3.<\/p>\n<p>Otro fue <strong>Luis Bertone<\/strong>, delegado del Ministerio de Trabajo de la Naci\u00f3n. \u00abDebo felicitar al PJ, a Alberto Fern\u00e1ndez, a (Hern\u00e1n) P\u00e9rez Araujo y a todos los ganadores de la jornada de ayer.\u00a0El pueblo eligi\u00f3 y habr\u00e1 que hacer una seria autocr\u00edtica de lo que se hizo mal o directamente no se hizo durante los \u00faltimos 4 a\u00f1os. A nuestros votantes les digo: est\u00e9n tranquilos y sigamos trabajando para hacer las cosas mejor de ahora en m\u00e1s\u00bb, sostuvo.<\/p>\n<p><strong>Miguel Sol\u00e9<\/strong> -exfuncionario nacional y provincial vernista y ahora en las filas del PRO- dijo estar conforme con los resultados. \u00ab(Hern\u00e1n) Perez Araujo es un mediocre sicarlista (NdeR: que responde a Carlos Verna), Carmina (Besga) es un formado cuadro pol\u00edtico camporista y no entr\u00f3. Y Mart\u00edn (Berhongaray) entr\u00f3. Estoy conforme con el resultado\u00bb, escribi\u00f3.<\/p>\n<p>No hubo sorpresas en La Pampa. El<strong>\u00a0peronismo se impuso ampliamente<\/strong>\u00a0en las<strong>\u00a0Primarias Abiertas Simult\u00e1neas y Obligatorias (PASO)<\/strong>: obtuvo el 50% contra el 33% de Juntos por el Cambio.<\/p>\n<p>El macrismo perdi\u00f3 en casi todos los distritos del pa\u00eds.<strong> Hoy, con un 47% de los votos, Alberto Fern\u00e1ndez es un virtual presidente electo<\/strong>.<\/p>\n<blockquote class=\"wp-embedded-content\" data-secret=\"tBNoCwCSGq\"><p><a href=\"http:\/\/diariotextual.com\/inicio\/index.php\/2019\/08\/12\/quemu-san-martin-arauz-guatrache-los-pueblos-amarillos\/\">Quem\u00fa, San Mart\u00edn, Arauz y Guatrach\u00e9, los pueblos &#171;amarillos&#187;<\/a><\/p><\/blockquote>\n<p><iframe class=\"wp-embedded-content\" sandbox=\"allow-scripts\" security=\"restricted\" style=\"position: absolute; clip: rect(1px, 1px, 1px, 1px);\" src=\"http:\/\/diariotextual.com\/inicio\/index.php\/2019\/08\/12\/quemu-san-martin-arauz-guatrache-los-pueblos-amarillos\/embed\/#?secret=tBNoCwCSGq\" data-secret=\"tBNoCwCSGq\" width=\"600\" height=\"338\" title=\"&#171;Quem\u00fa, San Mart\u00edn, Arauz y Guatrach\u00e9, los pueblos &#171;amarillos&#187;&#187; &#8212; Diario Textual\" frameborder=\"0\" marginwidth=\"0\" marginheight=\"0\" scrolling=\"no\"><\/iframe><\/p>\n<p>&nbsp;<\/p>\n<p>&nbsp;<\/p>\n<p>&nbsp;<\/p>\n<p>&nbsp;<\/p>\n<p>&nbsp;<\/p>\n<p>&nbsp;<\/p>\n","protected":false},"excerpt":{"rendered":"<p>Los principales funcionarios de organismos nacionales en La Pampa estuvieron activos en las redes sociales, pero luego del catastr\u00f3fico resultado de Mauricio Macri se llamaron al silencio. Sintieron, decididamente, el&hellip;<\/p>\n","protected":false},"author":3,"featured_media":58821,"comment_status":"closed","ping_status":"open","sticky":false,"template":"","format":"standard","meta":{"_acf_changed":false,"footnotes":""},"categories":[11,319,8],"tags":[125],"class_list":["post-59132","post","type-post","status-publish","format-standard","has-post-thumbnail","hentry","category-que-pasa","category-a-temporales","category-politica","tag-elecciones"],"acf":[],"yoast_head":"<!-- This site is optimized with the Yoast SEO plugin v27.5 - https:\/\/yoast.com\/product\/yoast-seo-wordpress\/ -->\n<title>Aliaga: &quot;Lo de ayer fue una buena tirada de orejas&quot;<\/title>\n<meta name=\"robots\" content=\"index, follow, max-snippet:-1, max-image-preview:large, max-video-preview:-1\" \/>\n<link rel=\"canonical\" href=\"https:\/\/diariotextual.com\/inicio\/index.php\/2019\/08\/12\/los-funcionarios-del-macrismo-en-la-pampa-en-silencio-en-las-redes\/\" \/>\n<meta property=\"og:locale\" content=\"es_ES\" \/>\n<meta property=\"og:type\" content=\"article\" \/>\n<meta property=\"og:title\" content=\"Aliaga: &quot;Lo de ayer fue una buena tirada de orejas&quot;\" \/>\n<meta property=\"og:description\" content=\"Los principales funcionarios de organismos nacionales en La Pampa estuvieron activos en las redes sociales, pero luego del catastr\u00f3fico resultado de Mauricio Macri se llamaron al silencio. Sintieron, decididamente, el&hellip;\" \/>\n<meta property=\"og:url\" content=\"https:\/\/diariotextual.com\/inicio\/index.php\/2019\/08\/12\/los-funcionarios-del-macrismo-en-la-pampa-en-silencio-en-las-redes\/\" \/>\n<meta property=\"og:site_name\" content=\"Diario Textual\" \/>\n<meta property=\"article:publisher\" content=\"https:\/\/www.facebook.com\/eltextual\" \/>\n<meta property=\"article:published_time\" content=\"2019-08-12T17:06:44+00:00\" \/>\n<meta property=\"article:modified_time\" content=\"2019-08-12T18:28:29+00:00\" \/>\n<meta property=\"og:image\" content=\"https:\/\/diariotextual.com\/inicio\/wp-content\/uploads\/2019\/08\/eleccionvotaciondni11.jpg\" \/>\n\t<meta property=\"og:image:width\" content=\"773\" \/>\n\t<meta property=\"og:image:height\" content=\"471\" \/>\n\t<meta property=\"og:image:type\" content=\"image\/jpeg\" \/>\n<meta name=\"author\" content=\"Diario1 Diario1\" \/>\n<meta name=\"twitter:card\" content=\"summary_large_image\" \/>\n<meta name=\"twitter:creator\" content=\"@eltextual\" \/>\n<meta name=\"twitter:site\" content=\"@eltextual\" \/>\n<meta name=\"twitter:label1\" content=\"Escrito por\" \/>\n\t<meta name=\"twitter:data1\" content=\"Diario1 Diario1\" \/>\n\t<meta name=\"twitter:label2\" content=\"Tiempo de lectura\" \/>\n\t<meta name=\"twitter:data2\" content=\"2 minutos\" \/>\n<script type=\"application\/ld+json\" class=\"yoast-schema-graph\">{\"@context\":\"https:\\\/\\\/schema.org\",\"@graph\":[{\"@type\":\"Article\",\"@id\":\"https:\\\/\\\/diariotextual.com\\\/inicio\\\/index.php\\\/2019\\\/08\\\/12\\\/los-funcionarios-del-macrismo-en-la-pampa-en-silencio-en-las-redes\\\/#article\",\"isPartOf\":{\"@id\":\"https:\\\/\\\/diariotextual.com\\\/inicio\\\/index.php\\\/2019\\\/08\\\/12\\\/los-funcionarios-del-macrismo-en-la-pampa-en-silencio-en-las-redes\\\/\"},\"author\":{\"name\":\"Diario1 Diario1\",\"@id\":\"https:\\\/\\\/diariotextual.com\\\/inicio\\\/#\\\/schema\\\/person\\\/418fc4093c33e86ed41562db3508f958\"},\"headline\":\"Maximiliano Aliaga: \u00abLo de ayer fue una buena tirada de orejas\u00bb\",\"datePublished\":\"2019-08-12T17:06:44+00:00\",\"dateModified\":\"2019-08-12T18:28:29+00:00\",\"mainEntityOfPage\":{\"@id\":\"https:\\\/\\\/diariotextual.com\\\/inicio\\\/index.php\\\/2019\\\/08\\\/12\\\/los-funcionarios-del-macrismo-en-la-pampa-en-silencio-en-las-redes\\\/\"},\"wordCount\":402,\"publisher\":{\"@id\":\"https:\\\/\\\/diariotextual.com\\\/inicio\\\/#organization\"},\"image\":{\"@id\":\"https:\\\/\\\/diariotextual.com\\\/inicio\\\/index.php\\\/2019\\\/08\\\/12\\\/los-funcionarios-del-macrismo-en-la-pampa-en-silencio-en-las-redes\\\/#primaryimage\"},\"thumbnailUrl\":\"https:\\\/\\\/diariotextual.com\\\/inicio\\\/wp-content\\\/uploads\\\/2019\\\/08\\\/eleccionvotaciondni11.jpg\",\"keywords\":[\"elecciones\"],\"articleSection\":[\"A - QUE PASA (al costado)\",\"A - TEMPORALES\",\"POLITICA\"],\"inLanguage\":\"es\"},{\"@type\":\"WebPage\",\"@id\":\"https:\\\/\\\/diariotextual.com\\\/inicio\\\/index.php\\\/2019\\\/08\\\/12\\\/los-funcionarios-del-macrismo-en-la-pampa-en-silencio-en-las-redes\\\/\",\"url\":\"https:\\\/\\\/diariotextual.com\\\/inicio\\\/index.php\\\/2019\\\/08\\\/12\\\/los-funcionarios-del-macrismo-en-la-pampa-en-silencio-en-las-redes\\\/\",\"name\":\"Aliaga: \\\"Lo de ayer fue una buena tirada de orejas\\\"\",\"isPartOf\":{\"@id\":\"https:\\\/\\\/diariotextual.com\\\/inicio\\\/#website\"},\"primaryImageOfPage\":{\"@id\":\"https:\\\/\\\/diariotextual.com\\\/inicio\\\/index.php\\\/2019\\\/08\\\/12\\\/los-funcionarios-del-macrismo-en-la-pampa-en-silencio-en-las-redes\\\/#primaryimage\"},\"image\":{\"@id\":\"https:\\\/\\\/diariotextual.com\\\/inicio\\\/index.php\\\/2019\\\/08\\\/12\\\/los-funcionarios-del-macrismo-en-la-pampa-en-silencio-en-las-redes\\\/#primaryimage\"},\"thumbnailUrl\":\"https:\\\/\\\/diariotextual.com\\\/inicio\\\/wp-content\\\/uploads\\\/2019\\\/08\\\/eleccionvotaciondni11.jpg\",\"datePublished\":\"2019-08-12T17:06:44+00:00\",\"dateModified\":\"2019-08-12T18:28:29+00:00\",\"breadcrumb\":{\"@id\":\"https:\\\/\\\/diariotextual.com\\\/inicio\\\/index.php\\\/2019\\\/08\\\/12\\\/los-funcionarios-del-macrismo-en-la-pampa-en-silencio-en-las-redes\\\/#breadcrumb\"},\"inLanguage\":\"es\",\"potentialAction\":[{\"@type\":\"ReadAction\",\"target\":[\"https:\\\/\\\/diariotextual.com\\\/inicio\\\/index.php\\\/2019\\\/08\\\/12\\\/los-funcionarios-del-macrismo-en-la-pampa-en-silencio-en-las-redes\\\/\"]}]},{\"@type\":\"ImageObject\",\"inLanguage\":\"es\",\"@id\":\"https:\\\/\\\/diariotextual.com\\\/inicio\\\/index.php\\\/2019\\\/08\\\/12\\\/los-funcionarios-del-macrismo-en-la-pampa-en-silencio-en-las-redes\\\/#primaryimage\",\"url\":\"https:\\\/\\\/diariotextual.com\\\/inicio\\\/wp-content\\\/uploads\\\/2019\\\/08\\\/eleccionvotaciondni11.jpg\",\"contentUrl\":\"https:\\\/\\\/diariotextual.com\\\/inicio\\\/wp-content\\\/uploads\\\/2019\\\/08\\\/eleccionvotaciondni11.jpg\",\"width\":773,\"height\":471},{\"@type\":\"BreadcrumbList\",\"@id\":\"https:\\\/\\\/diariotextual.com\\\/inicio\\\/index.php\\\/2019\\\/08\\\/12\\\/los-funcionarios-del-macrismo-en-la-pampa-en-silencio-en-las-redes\\\/#breadcrumb\",\"itemListElement\":[{\"@type\":\"ListItem\",\"position\":1,\"name\":\"Portada\",\"item\":\"https:\\\/\\\/diariotextual.com\\\/inicio\\\/\"},{\"@type\":\"ListItem\",\"position\":2,\"name\":\"Maximiliano Aliaga: \u00abLo de ayer fue una buena tirada de orejas\u00bb\"}]},{\"@type\":\"WebSite\",\"@id\":\"https:\\\/\\\/diariotextual.com\\\/inicio\\\/#website\",\"url\":\"https:\\\/\\\/diariotextual.com\\\/inicio\\\/\",\"name\":\"Diario Textual\",\"description\":\"\",\"publisher\":{\"@id\":\"https:\\\/\\\/diariotextual.com\\\/inicio\\\/#organization\"},\"potentialAction\":[{\"@type\":\"SearchAction\",\"target\":{\"@type\":\"EntryPoint\",\"urlTemplate\":\"https:\\\/\\\/diariotextual.com\\\/inicio\\\/?s={search_term_string}\"},\"query-input\":{\"@type\":\"PropertyValueSpecification\",\"valueRequired\":true,\"valueName\":\"search_term_string\"}}],\"inLanguage\":\"es\"},{\"@type\":\"Organization\",\"@id\":\"https:\\\/\\\/diariotextual.com\\\/inicio\\\/#organization\",\"name\":\"Diario Textual\",\"url\":\"https:\\\/\\\/diariotextual.com\\\/inicio\\\/\",\"logo\":{\"@type\":\"ImageObject\",\"inLanguage\":\"es\",\"@id\":\"https:\\\/\\\/diariotextual.com\\\/inicio\\\/#\\\/schema\\\/logo\\\/image\\\/\",\"url\":\"https:\\\/\\\/diariotextual.com\\\/inicio\\\/wp-content\\\/uploads\\\/2023\\\/05\\\/logotextual1.jpg\",\"contentUrl\":\"https:\\\/\\\/diariotextual.com\\\/inicio\\\/wp-content\\\/uploads\\\/2023\\\/05\\\/logotextual1.jpg\",\"width\":516,\"height\":76,\"caption\":\"Diario Textual\"},\"image\":{\"@id\":\"https:\\\/\\\/diariotextual.com\\\/inicio\\\/#\\\/schema\\\/logo\\\/image\\\/\"},\"sameAs\":[\"https:\\\/\\\/www.facebook.com\\\/eltextual\",\"https:\\\/\\\/x.com\\\/eltextual\",\"http:\\\/\\\/www.instagram.com\\\/eltextual\"]},{\"@type\":\"Person\",\"@id\":\"https:\\\/\\\/diariotextual.com\\\/inicio\\\/#\\\/schema\\\/person\\\/418fc4093c33e86ed41562db3508f958\",\"name\":\"Diario1 Diario1\",\"image\":{\"@type\":\"ImageObject\",\"inLanguage\":\"es\",\"@id\":\"https:\\\/\\\/secure.gravatar.com\\\/avatar\\\/9167d280179c85bc18be67aa7eda765854300033af4896dd779b608640f2ef7a?s=96&d=mm&r=g\",\"url\":\"https:\\\/\\\/secure.gravatar.com\\\/avatar\\\/9167d280179c85bc18be67aa7eda765854300033af4896dd779b608640f2ef7a?s=96&d=mm&r=g\",\"contentUrl\":\"https:\\\/\\\/secure.gravatar.com\\\/avatar\\\/9167d280179c85bc18be67aa7eda765854300033af4896dd779b608640f2ef7a?s=96&d=mm&r=g\",\"caption\":\"Diario1 Diario1\"},\"url\":\"https:\\\/\\\/diariotextual.com\\\/inicio\\\/index.php\\\/author\\\/diario1\\\/\"}]}<\/script>\n<!-- \/ Yoast SEO plugin. -->","yoast_head_json":{"title":"Aliaga: \"Lo de ayer fue una buena tirada de orejas\"","robots":{"index":"index","follow":"follow","max-snippet":"max-snippet:-1","max-image-preview":"max-image-preview:large","max-video-preview":"max-video-preview:-1"},"canonical":"https:\/\/diariotextual.com\/inicio\/index.php\/2019\/08\/12\/los-funcionarios-del-macrismo-en-la-pampa-en-silencio-en-las-redes\/","og_locale":"es_ES","og_type":"article","og_title":"Aliaga: \"Lo de ayer fue una buena tirada de orejas\"","og_description":"Los principales funcionarios de organismos nacionales en La Pampa estuvieron activos en las redes sociales, pero luego del catastr\u00f3fico resultado de Mauricio Macri se llamaron al silencio. Sintieron, decididamente, el&hellip;","og_url":"https:\/\/diariotextual.com\/inicio\/index.php\/2019\/08\/12\/los-funcionarios-del-macrismo-en-la-pampa-en-silencio-en-las-redes\/","og_site_name":"Diario Textual","article_publisher":"https:\/\/www.facebook.com\/eltextual","article_published_time":"2019-08-12T17:06:44+00:00","article_modified_time":"2019-08-12T18:28:29+00:00","og_image":[{"width":773,"height":471,"url":"https:\/\/diariotextual.com\/inicio\/wp-content\/uploads\/2019\/08\/eleccionvotaciondni11.jpg","type":"image\/jpeg"}],"author":"Diario1 Diario1","twitter_card":"summary_large_image","twitter_creator":"@eltextual","twitter_site":"@eltextual","twitter_misc":{"Escrito por":"Diario1 Diario1","Tiempo de lectura":"2 minutos"},"schema":{"@context":"https:\/\/schema.org","@graph":[{"@type":"Article","@id":"https:\/\/diariotextual.com\/inicio\/index.php\/2019\/08\/12\/los-funcionarios-del-macrismo-en-la-pampa-en-silencio-en-las-redes\/#article","isPartOf":{"@id":"https:\/\/diariotextual.com\/inicio\/index.php\/2019\/08\/12\/los-funcionarios-del-macrismo-en-la-pampa-en-silencio-en-las-redes\/"},"author":{"name":"Diario1 Diario1","@id":"https:\/\/diariotextual.com\/inicio\/#\/schema\/person\/418fc4093c33e86ed41562db3508f958"},"headline":"Maximiliano Aliaga: \u00abLo de ayer fue una buena tirada de orejas\u00bb","datePublished":"2019-08-12T17:06:44+00:00","dateModified":"2019-08-12T18:28:29+00:00","mainEntityOfPage":{"@id":"https:\/\/diariotextual.com\/inicio\/index.php\/2019\/08\/12\/los-funcionarios-del-macrismo-en-la-pampa-en-silencio-en-las-redes\/"},"wordCount":402,"publisher":{"@id":"https:\/\/diariotextual.com\/inicio\/#organization"},"image":{"@id":"https:\/\/diariotextual.com\/inicio\/index.php\/2019\/08\/12\/los-funcionarios-del-macrismo-en-la-pampa-en-silencio-en-las-redes\/#primaryimage"},"thumbnailUrl":"https:\/\/diariotextual.com\/inicio\/wp-content\/uploads\/2019\/08\/eleccionvotaciondni11.jpg","keywords":["elecciones"],"articleSection":["A - QUE PASA (al costado)","A - TEMPORALES","POLITICA"],"inLanguage":"es"},{"@type":"WebPage","@id":"https:\/\/diariotextual.com\/inicio\/index.php\/2019\/08\/12\/los-funcionarios-del-macrismo-en-la-pampa-en-silencio-en-las-redes\/","url":"https:\/\/diariotextual.com\/inicio\/index.php\/2019\/08\/12\/los-funcionarios-del-macrismo-en-la-pampa-en-silencio-en-las-redes\/","name":"Aliaga: \"Lo de ayer fue una buena tirada de orejas\"","isPartOf":{"@id":"https:\/\/diariotextual.com\/inicio\/#website"},"primaryImageOfPage":{"@id":"https:\/\/diariotextual.com\/inicio\/index.php\/2019\/08\/12\/los-funcionarios-del-macrismo-en-la-pampa-en-silencio-en-las-redes\/#primaryimage"},"image":{"@id":"https:\/\/diariotextual.com\/inicio\/index.php\/2019\/08\/12\/los-funcionarios-del-macrismo-en-la-pampa-en-silencio-en-las-redes\/#primaryimage"},"thumbnailUrl":"https:\/\/diariotextual.com\/inicio\/wp-content\/uploads\/2019\/08\/eleccionvotaciondni11.jpg","datePublished":"2019-08-12T17:06:44+00:00","dateModified":"2019-08-12T18:28:29+00:00","breadcrumb":{"@id":"https:\/\/diariotextual.com\/inicio\/index.php\/2019\/08\/12\/los-funcionarios-del-macrismo-en-la-pampa-en-silencio-en-las-redes\/#breadcrumb"},"inLanguage":"es","potentialAction":[{"@type":"ReadAction","target":["https:\/\/diariotextual.com\/inicio\/index.php\/2019\/08\/12\/los-funcionarios-del-macrismo-en-la-pampa-en-silencio-en-las-redes\/"]}]},{"@type":"ImageObject","inLanguage":"es","@id":"https:\/\/diariotextual.com\/inicio\/index.php\/2019\/08\/12\/los-funcionarios-del-macrismo-en-la-pampa-en-silencio-en-las-redes\/#primaryimage","url":"https:\/\/diariotextual.com\/inicio\/wp-content\/uploads\/2019\/08\/eleccionvotaciondni11.jpg","contentUrl":"https:\/\/diariotextual.com\/inicio\/wp-content\/uploads\/2019\/08\/eleccionvotaciondni11.jpg","width":773,"height":471},{"@type":"BreadcrumbList","@id":"https:\/\/diariotextual.com\/inicio\/index.php\/2019\/08\/12\/los-funcionarios-del-macrismo-en-la-pampa-en-silencio-en-las-redes\/#breadcrumb","itemListElement":[{"@type":"ListItem","position":1,"name":"Portada","item":"https:\/\/diariotextual.com\/inicio\/"},{"@type":"ListItem","position":2,"name":"Maximiliano Aliaga: \u00abLo de ayer fue una buena tirada de orejas\u00bb"}]},{"@type":"WebSite","@id":"https:\/\/diariotextual.com\/inicio\/#website","url":"https:\/\/diariotextual.com\/inicio\/","name":"Diario Textual","description":"","publisher":{"@id":"https:\/\/diariotextual.com\/inicio\/#organization"},"potentialAction":[{"@type":"SearchAction","target":{"@type":"EntryPoint","urlTemplate":"https:\/\/diariotextual.com\/inicio\/?s={search_term_string}"},"query-input":{"@type":"PropertyValueSpecification","valueRequired":true,"valueName":"search_term_string"}}],"inLanguage":"es"},{"@type":"Organization","@id":"https:\/\/diariotextual.com\/inicio\/#organization","name":"Diario Textual","url":"https:\/\/diariotextual.com\/inicio\/","logo":{"@type":"ImageObject","inLanguage":"es","@id":"https:\/\/diariotextual.com\/inicio\/#\/schema\/logo\/image\/","url":"https:\/\/diariotextual.com\/inicio\/wp-content\/uploads\/2023\/05\/logotextual1.jpg","contentUrl":"https:\/\/diariotextual.com\/inicio\/wp-content\/uploads\/2023\/05\/logotextual1.jpg","width":516,"height":76,"caption":"Diario Textual"},"image":{"@id":"https:\/\/diariotextual.com\/inicio\/#\/schema\/logo\/image\/"},"sameAs":["https:\/\/www.facebook.com\/eltextual","https:\/\/x.com\/eltextual","http:\/\/www.instagram.com\/eltextual"]},{"@type":"Person","@id":"https:\/\/diariotextual.com\/inicio\/#\/schema\/person\/418fc4093c33e86ed41562db3508f958","name":"Diario1 Diario1","image":{"@type":"ImageObject","inLanguage":"es","@id":"https:\/\/secure.gravatar.com\/avatar\/9167d280179c85bc18be67aa7eda765854300033af4896dd779b608640f2ef7a?s=96&d=mm&r=g","url":"https:\/\/secure.gravatar.com\/avatar\/9167d280179c85bc18be67aa7eda765854300033af4896dd779b608640f2ef7a?s=96&d=mm&r=g","contentUrl":"https:\/\/secure.gravatar.com\/avatar\/9167d280179c85bc18be67aa7eda765854300033af4896dd779b608640f2ef7a?s=96&d=mm&r=g","caption":"Diario1 Diario1"},"url":"https:\/\/diariotextual.com\/inicio\/index.php\/author\/diario1\/"}]}},"_links":{"self":[{"href":"https:\/\/diariotextual.com\/inicio\/index.php\/wp-json\/wp\/v2\/posts\/59132","targetHints":{"allow":["GET"]}}],"collection":[{"href":"https:\/\/diariotextual.com\/inicio\/index.php\/wp-json\/wp\/v2\/posts"}],"about":[{"href":"https:\/\/diariotextual.com\/inicio\/index.php\/wp-json\/wp\/v2\/types\/post"}],"author":[{"embeddable":true,"href":"https:\/\/diariotextual.com\/inicio\/index.php\/wp-json\/wp\/v2\/users\/3"}],"replies":[{"embeddable":true,"href":"https:\/\/diariotextual.com\/inicio\/index.php\/wp-json\/wp\/v2\/comments?post=59132"}],"version-history":[{"count":5,"href":"https:\/\/diariotextual.com\/inicio\/index.php\/wp-json\/wp\/v2\/posts\/59132\/revisions"}],"predecessor-version":[{"id":59137,"href":"https:\/\/diariotextual.com\/inicio\/index.php\/wp-json\/wp\/v2\/posts\/59132\/revisions\/59137"}],"wp:featuredmedia":[{"embeddable":true,"href":"https:\/\/diariotextual.com\/inicio\/index.php\/wp-json\/wp\/v2\/media\/58821"}],"wp:attachment":[{"href":"https:\/\/diariotextual.com\/inicio\/index.php\/wp-json\/wp\/v2\/media?parent=59132"}],"wp:term":[{"taxonomy":"category","embeddable":true,"href":"https:\/\/diariotextual.com\/inicio\/index.php\/wp-json\/wp\/v2\/categories?post=59132"},{"taxonomy":"post_tag","embeddable":true,"href":"https:\/\/diariotextual.com\/inicio\/index.php\/wp-json\/wp\/v2\/tags?post=59132"}],"curies":[{"name":"wp","href":"https:\/\/api.w.org\/{rel}","templated":true}]}}