{"id":59149,"date":"2019-08-12T15:28:09","date_gmt":"2019-08-12T18:28:09","guid":{"rendered":"http:\/\/diariotextual.com\/inicio\/?p=59149"},"modified":"2019-08-12T17:45:59","modified_gmt":"2019-08-12T20:45:59","slug":"vidal-los-bonaerenses-nos-dejaron-mensaje","status":"publish","type":"post","link":"https:\/\/diariotextual.com\/inicio\/index.php\/2019\/08\/12\/vidal-los-bonaerenses-nos-dejaron-mensaje\/","title":{"rendered":"Vidal: \u00abLos bonaerenses nos dejaron un mensaje\u00bb"},"content":{"rendered":"<p><strong>Mar\u00eda Eugenia Vidal<\/strong>, gobernadora bonaerense, dijo que la derrota catastr\u00f3fica que la dej\u00f3 a un paso de no poder obtener la reelecci\u00f3n es un \u201cmensaje que hay que escuchar\u201d y sostuvo que<strong> la fuerte devaluaci\u00f3n de hoy va a tener directo impacto en los sectores m\u00e1s vulnerables<\/strong>.<\/p>\n<blockquote class=\"wp-embedded-content\" data-secret=\"f8qJePlM3a\"><p><a href=\"http:\/\/diariotextual.com\/inicio\/index.php\/2019\/08\/12\/alberto-gobierno-nunca-convoco-nadie-no-creo-convoque-ahora\/\">Alberto: &#171;El Gobierno nunca convoc\u00f3 a nadie y no creo que convoque ahora&#187;<\/a><\/p><\/blockquote>\n<p><iframe class=\"wp-embedded-content\" sandbox=\"allow-scripts\" security=\"restricted\" style=\"position: absolute; clip: rect(1px, 1px, 1px, 1px);\" src=\"http:\/\/diariotextual.com\/inicio\/index.php\/2019\/08\/12\/alberto-gobierno-nunca-convoco-nadie-no-creo-convoque-ahora\/embed\/#?secret=f8qJePlM3a\" data-secret=\"f8qJePlM3a\" width=\"600\" height=\"338\" title=\"&#171;Alberto: &#171;El Gobierno nunca convoc\u00f3 a nadie y no creo que convoque ahora&#187;&#187; &#8212; Diario Textual\" frameborder=\"0\" marginwidth=\"0\" marginheight=\"0\" scrolling=\"no\"><\/iframe><\/p>\n<p><strong>\u201cLos bonaerenses nos dejaron un mensaje\u201d<\/strong>, dijo, en conferencia de prensa, pasadas las 15 horas de este lunes. \u201cEl mensaje es que tenemos que escuchar m\u00e1s. Nos va a faltar unos d\u00edas m\u00e1s, para escuchar y entender a los que no nos eligieron\u201d, agreg\u00f3. <strong>\u00abSiento que nos falta m\u00e1s tiempo de reflexi\u00f3n y, sobre todo, de escucha\u00bb.<\/strong><\/p>\n<p>Axel Kicillof, postulante del Frente de Todos, obtuvo en las PASO el 49,3% de los votos contra el 32,5% de la actual gobernadora que se present\u00f3 por Juntos por el Cambio.<\/p>\n<p>Se refiri\u00f3 a la fuerte suba del d\u00f3lar y la ca\u00edda de las acciones de las empresas. \u201cEsta devaluaci\u00f3n de hoy va a tener impacto. Vamos a tener que estar y reforzar la presencia del Gobierno de la provincia de Buenos Aires, acompa\u00f1ando a todos los que m\u00e1s lo necesita\u201d, sostuvo.<\/p>\n<p>\u00abLo que m\u00e1s me preocupa no es la campa\u00f1a. <strong>Lo que m\u00e1s me preocupa es acompa\u00f1ar a los bonaerenses en un d\u00eda que ha sido dif\u00edcil<\/strong>\u00ab, expres\u00f3.<\/p>\n<p><strong>Dijo que no se arrepiente de no haber desdoblado las elecciones.<\/strong> \u201cNunca especul\u00e9 al poner la fecha de elecci\u00f3n. Esta provincia necesita mejorar muchas cosas\u00bb, dijo. \u00abEl desdoblamiento costaba 3.000 millones esa decisi\u00f3n estuvo bien tomada\u00bb.<br \/>\nTambi\u00e9n no le apunt\u00f3 a Mauricio Macri. \u00abNo tengo que echar culpas afuera ni enojarme con ese voto. Tengo que hacer mi autocr\u00edtica. Pensar que puedo mejorar yo. Voy a cumplir con mi responsabilidad. Hay que escuchar lo que dicen las urnas\u00bb, prometi\u00f3.<\/p>\n<p>\u00abHubo quienes dijeron: &#8216;No estoy conforme&#8217; &#8211; admiti\u00f3- &#8216;Esto no es lo que esperaba&#8217;. &#8216;No fue suficiente&#8217;. No me voy a cansar de recorrer esta provincia escuch\u00e1ndolos. Sin ustedes no hay equipo\u00bb.<\/p>\n<p>\u00ab<strong>Reconocer errores no es debilidad. Es fortaleza.<\/strong> No tenemos verdad revelada. Si escuchamos atentamente nos est\u00e1n diciendo que tenemos que incrementar nuestras oportunidades de acercamiento. Cambiando lo que haya que cambiar. Corrigiendo lo que haya que corregir.\u00bb<\/p>\n<p>\u00ab<strong>El mundo hoy nos dio un mensaje: tiene que ver con la probabilidad m\u00e1s baja de que Cambiemos siga gobernando.<\/strong> El mundo se expres\u00f3. Yo creo que los argentinos no queremos poner en riesgo la gobernabilidad. Todos queremos defenderla. Las PASO de ayer nos dieron un mensaje de escuchar. Pero en octubre se va a decidir de nuevo. Y ah\u00ed se va a elegir. Mientras la responsabilidad de gobernar es de quienes gobernamos y de todas las fuerzas pol\u00edticas\u00bb, dijo Vidal.<\/p>\n<p><strong>\u00abEn octubre estaremos culminando ese recorrido para llevarles una propuesta mejor\u00bb<\/strong>, agreg\u00f3. \u00abTenemos que entender qu\u00e9 hay detr\u00e1s de cada voto en particular. Nos faltan m\u00e1s d\u00edas para escuchar y entender a aquellos que no nos eligieron. Hoy los bonaerenses tienen que saber que estamos preocupados por lo que est\u00e1 pasando. Vamos a estar ah\u00ed acompa\u00f1ando\u00bb.<\/p>\n<p>Nueve f\u00f3rmulas participaron ayer de las primarias en la provincia de Buenos Aires. S\u00f3lo cinco quedaron en carrera. El Frente de Todos que impulsa las candidaturas de <strong>Axel Kicillof<\/strong> y\u00a0<strong>Ver\u00f3nica Magario<\/strong>\u00a0se impuso con comodidad por casi el 50 por ciento de los votos.<\/p>\n<p>En segundo lugar qued\u00f3 Juntos por el Cambio que postul\u00f3 a Mar\u00eda Eugenia Vidal y Daniel Salvador con poco m\u00e1s del 32 por ciento.<\/p>\n<p>&nbsp;<\/p>\n<p>&nbsp;<\/p>\n<p>&nbsp;<\/p>\n<p>&nbsp;<\/p>\n","protected":false},"excerpt":{"rendered":"<p>Mar\u00eda Eugenia Vidal, gobernadora bonaerense, dijo que la derrota catastr\u00f3fica que la dej\u00f3 a un paso de no poder obtener la reelecci\u00f3n es un \u201cmensaje que hay que escuchar\u201d y&hellip;<\/p>\n","protected":false},"author":3,"featured_media":59151,"comment_status":"closed","ping_status":"open","sticky":false,"template":"","format":"standard","meta":{"_acf_changed":false,"footnotes":""},"categories":[11,319,8],"tags":[2165,1545],"class_list":["post-59149","post","type-post","status-publish","format-standard","has-post-thumbnail","hentry","category-que-pasa","category-a-temporales","category-politica","tag-eleccion","tag-vidal"],"acf":[],"yoast_head":"<!-- This site is optimized with the Yoast SEO plugin v27.5 - https:\/\/yoast.com\/product\/yoast-seo-wordpress\/ -->\n<title>Vidal: &quot;Los bonaerenses nos dejaron un mensaje&quot; - Diario Textual<\/title>\n<meta name=\"robots\" content=\"index, follow, max-snippet:-1, max-image-preview:large, max-video-preview:-1\" \/>\n<link rel=\"canonical\" href=\"https:\/\/diariotextual.com\/inicio\/index.php\/2019\/08\/12\/vidal-los-bonaerenses-nos-dejaron-mensaje\/\" \/>\n<meta property=\"og:locale\" content=\"es_ES\" \/>\n<meta property=\"og:type\" content=\"article\" \/>\n<meta property=\"og:title\" content=\"Vidal: &quot;Los bonaerenses nos dejaron un mensaje&quot; - Diario Textual\" \/>\n<meta property=\"og:description\" content=\"Mar\u00eda Eugenia Vidal, gobernadora bonaerense, dijo que la derrota catastr\u00f3fica que la dej\u00f3 a un paso de no poder obtener la reelecci\u00f3n es un \u201cmensaje que hay que escuchar\u201d y&hellip;\" \/>\n<meta property=\"og:url\" content=\"https:\/\/diariotextual.com\/inicio\/index.php\/2019\/08\/12\/vidal-los-bonaerenses-nos-dejaron-mensaje\/\" \/>\n<meta property=\"og:site_name\" content=\"Diario Textual\" \/>\n<meta property=\"article:publisher\" content=\"https:\/\/www.facebook.com\/eltextual\" \/>\n<meta property=\"article:published_time\" content=\"2019-08-12T18:28:09+00:00\" \/>\n<meta property=\"article:modified_time\" content=\"2019-08-12T20:45:59+00:00\" \/>\n<meta property=\"og:image\" content=\"https:\/\/diariotextual.com\/inicio\/wp-content\/uploads\/2019\/08\/vidalmariaeugeniaconf2019-1.jpg\" \/>\n\t<meta property=\"og:image:width\" content=\"815\" \/>\n\t<meta property=\"og:image:height\" content=\"473\" \/>\n\t<meta property=\"og:image:type\" content=\"image\/jpeg\" \/>\n<meta name=\"author\" content=\"Diario1 Diario1\" \/>\n<meta name=\"twitter:card\" content=\"summary_large_image\" \/>\n<meta name=\"twitter:creator\" content=\"@eltextual\" \/>\n<meta name=\"twitter:site\" content=\"@eltextual\" \/>\n<meta name=\"twitter:label1\" content=\"Escrito por\" \/>\n\t<meta name=\"twitter:data1\" content=\"Diario1 Diario1\" \/>\n\t<meta name=\"twitter:label2\" content=\"Tiempo de lectura\" \/>\n\t<meta name=\"twitter:data2\" content=\"3 minutos\" \/>\n<script type=\"application\/ld+json\" class=\"yoast-schema-graph\">{\"@context\":\"https:\\\/\\\/schema.org\",\"@graph\":[{\"@type\":\"Article\",\"@id\":\"https:\\\/\\\/diariotextual.com\\\/inicio\\\/index.php\\\/2019\\\/08\\\/12\\\/vidal-los-bonaerenses-nos-dejaron-mensaje\\\/#article\",\"isPartOf\":{\"@id\":\"https:\\\/\\\/diariotextual.com\\\/inicio\\\/index.php\\\/2019\\\/08\\\/12\\\/vidal-los-bonaerenses-nos-dejaron-mensaje\\\/\"},\"author\":{\"name\":\"Diario1 Diario1\",\"@id\":\"https:\\\/\\\/diariotextual.com\\\/inicio\\\/#\\\/schema\\\/person\\\/418fc4093c33e86ed41562db3508f958\"},\"headline\":\"Vidal: \u00abLos bonaerenses nos dejaron un mensaje\u00bb\",\"datePublished\":\"2019-08-12T18:28:09+00:00\",\"dateModified\":\"2019-08-12T20:45:59+00:00\",\"mainEntityOfPage\":{\"@id\":\"https:\\\/\\\/diariotextual.com\\\/inicio\\\/index.php\\\/2019\\\/08\\\/12\\\/vidal-los-bonaerenses-nos-dejaron-mensaje\\\/\"},\"wordCount\":618,\"publisher\":{\"@id\":\"https:\\\/\\\/diariotextual.com\\\/inicio\\\/#organization\"},\"image\":{\"@id\":\"https:\\\/\\\/diariotextual.com\\\/inicio\\\/index.php\\\/2019\\\/08\\\/12\\\/vidal-los-bonaerenses-nos-dejaron-mensaje\\\/#primaryimage\"},\"thumbnailUrl\":\"https:\\\/\\\/diariotextual.com\\\/inicio\\\/wp-content\\\/uploads\\\/2019\\\/08\\\/vidalmariaeugeniaconf2019-1.jpg\",\"keywords\":[\"eleccion\",\"vidal\"],\"articleSection\":[\"A - QUE PASA (al costado)\",\"A - TEMPORALES\",\"POLITICA\"],\"inLanguage\":\"es\"},{\"@type\":\"WebPage\",\"@id\":\"https:\\\/\\\/diariotextual.com\\\/inicio\\\/index.php\\\/2019\\\/08\\\/12\\\/vidal-los-bonaerenses-nos-dejaron-mensaje\\\/\",\"url\":\"https:\\\/\\\/diariotextual.com\\\/inicio\\\/index.php\\\/2019\\\/08\\\/12\\\/vidal-los-bonaerenses-nos-dejaron-mensaje\\\/\",\"name\":\"Vidal: \\\"Los bonaerenses nos dejaron un mensaje\\\" - Diario Textual\",\"isPartOf\":{\"@id\":\"https:\\\/\\\/diariotextual.com\\\/inicio\\\/#website\"},\"primaryImageOfPage\":{\"@id\":\"https:\\\/\\\/diariotextual.com\\\/inicio\\\/index.php\\\/2019\\\/08\\\/12\\\/vidal-los-bonaerenses-nos-dejaron-mensaje\\\/#primaryimage\"},\"image\":{\"@id\":\"https:\\\/\\\/diariotextual.com\\\/inicio\\\/index.php\\\/2019\\\/08\\\/12\\\/vidal-los-bonaerenses-nos-dejaron-mensaje\\\/#primaryimage\"},\"thumbnailUrl\":\"https:\\\/\\\/diariotextual.com\\\/inicio\\\/wp-content\\\/uploads\\\/2019\\\/08\\\/vidalmariaeugeniaconf2019-1.jpg\",\"datePublished\":\"2019-08-12T18:28:09+00:00\",\"dateModified\":\"2019-08-12T20:45:59+00:00\",\"breadcrumb\":{\"@id\":\"https:\\\/\\\/diariotextual.com\\\/inicio\\\/index.php\\\/2019\\\/08\\\/12\\\/vidal-los-bonaerenses-nos-dejaron-mensaje\\\/#breadcrumb\"},\"inLanguage\":\"es\",\"potentialAction\":[{\"@type\":\"ReadAction\",\"target\":[\"https:\\\/\\\/diariotextual.com\\\/inicio\\\/index.php\\\/2019\\\/08\\\/12\\\/vidal-los-bonaerenses-nos-dejaron-mensaje\\\/\"]}]},{\"@type\":\"ImageObject\",\"inLanguage\":\"es\",\"@id\":\"https:\\\/\\\/diariotextual.com\\\/inicio\\\/index.php\\\/2019\\\/08\\\/12\\\/vidal-los-bonaerenses-nos-dejaron-mensaje\\\/#primaryimage\",\"url\":\"https:\\\/\\\/diariotextual.com\\\/inicio\\\/wp-content\\\/uploads\\\/2019\\\/08\\\/vidalmariaeugeniaconf2019-1.jpg\",\"contentUrl\":\"https:\\\/\\\/diariotextual.com\\\/inicio\\\/wp-content\\\/uploads\\\/2019\\\/08\\\/vidalmariaeugeniaconf2019-1.jpg\",\"width\":815,\"height\":473},{\"@type\":\"BreadcrumbList\",\"@id\":\"https:\\\/\\\/diariotextual.com\\\/inicio\\\/index.php\\\/2019\\\/08\\\/12\\\/vidal-los-bonaerenses-nos-dejaron-mensaje\\\/#breadcrumb\",\"itemListElement\":[{\"@type\":\"ListItem\",\"position\":1,\"name\":\"Portada\",\"item\":\"https:\\\/\\\/diariotextual.com\\\/inicio\\\/\"},{\"@type\":\"ListItem\",\"position\":2,\"name\":\"Vidal: \u00abLos bonaerenses nos dejaron un mensaje\u00bb\"}]},{\"@type\":\"WebSite\",\"@id\":\"https:\\\/\\\/diariotextual.com\\\/inicio\\\/#website\",\"url\":\"https:\\\/\\\/diariotextual.com\\\/inicio\\\/\",\"name\":\"Diario Textual\",\"description\":\"\",\"publisher\":{\"@id\":\"https:\\\/\\\/diariotextual.com\\\/inicio\\\/#organization\"},\"potentialAction\":[{\"@type\":\"SearchAction\",\"target\":{\"@type\":\"EntryPoint\",\"urlTemplate\":\"https:\\\/\\\/diariotextual.com\\\/inicio\\\/?s={search_term_string}\"},\"query-input\":{\"@type\":\"PropertyValueSpecification\",\"valueRequired\":true,\"valueName\":\"search_term_string\"}}],\"inLanguage\":\"es\"},{\"@type\":\"Organization\",\"@id\":\"https:\\\/\\\/diariotextual.com\\\/inicio\\\/#organization\",\"name\":\"Diario Textual\",\"url\":\"https:\\\/\\\/diariotextual.com\\\/inicio\\\/\",\"logo\":{\"@type\":\"ImageObject\",\"inLanguage\":\"es\",\"@id\":\"https:\\\/\\\/diariotextual.com\\\/inicio\\\/#\\\/schema\\\/logo\\\/image\\\/\",\"url\":\"https:\\\/\\\/diariotextual.com\\\/inicio\\\/wp-content\\\/uploads\\\/2023\\\/05\\\/logotextual1.jpg\",\"contentUrl\":\"https:\\\/\\\/diariotextual.com\\\/inicio\\\/wp-content\\\/uploads\\\/2023\\\/05\\\/logotextual1.jpg\",\"width\":516,\"height\":76,\"caption\":\"Diario Textual\"},\"image\":{\"@id\":\"https:\\\/\\\/diariotextual.com\\\/inicio\\\/#\\\/schema\\\/logo\\\/image\\\/\"},\"sameAs\":[\"https:\\\/\\\/www.facebook.com\\\/eltextual\",\"https:\\\/\\\/x.com\\\/eltextual\",\"http:\\\/\\\/www.instagram.com\\\/eltextual\"]},{\"@type\":\"Person\",\"@id\":\"https:\\\/\\\/diariotextual.com\\\/inicio\\\/#\\\/schema\\\/person\\\/418fc4093c33e86ed41562db3508f958\",\"name\":\"Diario1 Diario1\",\"image\":{\"@type\":\"ImageObject\",\"inLanguage\":\"es\",\"@id\":\"https:\\\/\\\/secure.gravatar.com\\\/avatar\\\/9167d280179c85bc18be67aa7eda765854300033af4896dd779b608640f2ef7a?s=96&d=mm&r=g\",\"url\":\"https:\\\/\\\/secure.gravatar.com\\\/avatar\\\/9167d280179c85bc18be67aa7eda765854300033af4896dd779b608640f2ef7a?s=96&d=mm&r=g\",\"contentUrl\":\"https:\\\/\\\/secure.gravatar.com\\\/avatar\\\/9167d280179c85bc18be67aa7eda765854300033af4896dd779b608640f2ef7a?s=96&d=mm&r=g\",\"caption\":\"Diario1 Diario1\"},\"url\":\"https:\\\/\\\/diariotextual.com\\\/inicio\\\/index.php\\\/author\\\/diario1\\\/\"}]}<\/script>\n<!-- \/ Yoast SEO plugin. -->","yoast_head_json":{"title":"Vidal: \"Los bonaerenses nos dejaron un mensaje\" - Diario Textual","robots":{"index":"index","follow":"follow","max-snippet":"max-snippet:-1","max-image-preview":"max-image-preview:large","max-video-preview":"max-video-preview:-1"},"canonical":"https:\/\/diariotextual.com\/inicio\/index.php\/2019\/08\/12\/vidal-los-bonaerenses-nos-dejaron-mensaje\/","og_locale":"es_ES","og_type":"article","og_title":"Vidal: \"Los bonaerenses nos dejaron un mensaje\" - Diario Textual","og_description":"Mar\u00eda Eugenia Vidal, gobernadora bonaerense, dijo que la derrota catastr\u00f3fica que la dej\u00f3 a un paso de no poder obtener la reelecci\u00f3n es un \u201cmensaje que hay que escuchar\u201d y&hellip;","og_url":"https:\/\/diariotextual.com\/inicio\/index.php\/2019\/08\/12\/vidal-los-bonaerenses-nos-dejaron-mensaje\/","og_site_name":"Diario Textual","article_publisher":"https:\/\/www.facebook.com\/eltextual","article_published_time":"2019-08-12T18:28:09+00:00","article_modified_time":"2019-08-12T20:45:59+00:00","og_image":[{"width":815,"height":473,"url":"https:\/\/diariotextual.com\/inicio\/wp-content\/uploads\/2019\/08\/vidalmariaeugeniaconf2019-1.jpg","type":"image\/jpeg"}],"author":"Diario1 Diario1","twitter_card":"summary_large_image","twitter_creator":"@eltextual","twitter_site":"@eltextual","twitter_misc":{"Escrito por":"Diario1 Diario1","Tiempo de lectura":"3 minutos"},"schema":{"@context":"https:\/\/schema.org","@graph":[{"@type":"Article","@id":"https:\/\/diariotextual.com\/inicio\/index.php\/2019\/08\/12\/vidal-los-bonaerenses-nos-dejaron-mensaje\/#article","isPartOf":{"@id":"https:\/\/diariotextual.com\/inicio\/index.php\/2019\/08\/12\/vidal-los-bonaerenses-nos-dejaron-mensaje\/"},"author":{"name":"Diario1 Diario1","@id":"https:\/\/diariotextual.com\/inicio\/#\/schema\/person\/418fc4093c33e86ed41562db3508f958"},"headline":"Vidal: \u00abLos bonaerenses nos dejaron un mensaje\u00bb","datePublished":"2019-08-12T18:28:09+00:00","dateModified":"2019-08-12T20:45:59+00:00","mainEntityOfPage":{"@id":"https:\/\/diariotextual.com\/inicio\/index.php\/2019\/08\/12\/vidal-los-bonaerenses-nos-dejaron-mensaje\/"},"wordCount":618,"publisher":{"@id":"https:\/\/diariotextual.com\/inicio\/#organization"},"image":{"@id":"https:\/\/diariotextual.com\/inicio\/index.php\/2019\/08\/12\/vidal-los-bonaerenses-nos-dejaron-mensaje\/#primaryimage"},"thumbnailUrl":"https:\/\/diariotextual.com\/inicio\/wp-content\/uploads\/2019\/08\/vidalmariaeugeniaconf2019-1.jpg","keywords":["eleccion","vidal"],"articleSection":["A - QUE PASA (al costado)","A - TEMPORALES","POLITICA"],"inLanguage":"es"},{"@type":"WebPage","@id":"https:\/\/diariotextual.com\/inicio\/index.php\/2019\/08\/12\/vidal-los-bonaerenses-nos-dejaron-mensaje\/","url":"https:\/\/diariotextual.com\/inicio\/index.php\/2019\/08\/12\/vidal-los-bonaerenses-nos-dejaron-mensaje\/","name":"Vidal: \"Los bonaerenses nos dejaron un mensaje\" - Diario Textual","isPartOf":{"@id":"https:\/\/diariotextual.com\/inicio\/#website"},"primaryImageOfPage":{"@id":"https:\/\/diariotextual.com\/inicio\/index.php\/2019\/08\/12\/vidal-los-bonaerenses-nos-dejaron-mensaje\/#primaryimage"},"image":{"@id":"https:\/\/diariotextual.com\/inicio\/index.php\/2019\/08\/12\/vidal-los-bonaerenses-nos-dejaron-mensaje\/#primaryimage"},"thumbnailUrl":"https:\/\/diariotextual.com\/inicio\/wp-content\/uploads\/2019\/08\/vidalmariaeugeniaconf2019-1.jpg","datePublished":"2019-08-12T18:28:09+00:00","dateModified":"2019-08-12T20:45:59+00:00","breadcrumb":{"@id":"https:\/\/diariotextual.com\/inicio\/index.php\/2019\/08\/12\/vidal-los-bonaerenses-nos-dejaron-mensaje\/#breadcrumb"},"inLanguage":"es","potentialAction":[{"@type":"ReadAction","target":["https:\/\/diariotextual.com\/inicio\/index.php\/2019\/08\/12\/vidal-los-bonaerenses-nos-dejaron-mensaje\/"]}]},{"@type":"ImageObject","inLanguage":"es","@id":"https:\/\/diariotextual.com\/inicio\/index.php\/2019\/08\/12\/vidal-los-bonaerenses-nos-dejaron-mensaje\/#primaryimage","url":"https:\/\/diariotextual.com\/inicio\/wp-content\/uploads\/2019\/08\/vidalmariaeugeniaconf2019-1.jpg","contentUrl":"https:\/\/diariotextual.com\/inicio\/wp-content\/uploads\/2019\/08\/vidalmariaeugeniaconf2019-1.jpg","width":815,"height":473},{"@type":"BreadcrumbList","@id":"https:\/\/diariotextual.com\/inicio\/index.php\/2019\/08\/12\/vidal-los-bonaerenses-nos-dejaron-mensaje\/#breadcrumb","itemListElement":[{"@type":"ListItem","position":1,"name":"Portada","item":"https:\/\/diariotextual.com\/inicio\/"},{"@type":"ListItem","position":2,"name":"Vidal: \u00abLos bonaerenses nos dejaron un mensaje\u00bb"}]},{"@type":"WebSite","@id":"https:\/\/diariotextual.com\/inicio\/#website","url":"https:\/\/diariotextual.com\/inicio\/","name":"Diario Textual","description":"","publisher":{"@id":"https:\/\/diariotextual.com\/inicio\/#organization"},"potentialAction":[{"@type":"SearchAction","target":{"@type":"EntryPoint","urlTemplate":"https:\/\/diariotextual.com\/inicio\/?s={search_term_string}"},"query-input":{"@type":"PropertyValueSpecification","valueRequired":true,"valueName":"search_term_string"}}],"inLanguage":"es"},{"@type":"Organization","@id":"https:\/\/diariotextual.com\/inicio\/#organization","name":"Diario Textual","url":"https:\/\/diariotextual.com\/inicio\/","logo":{"@type":"ImageObject","inLanguage":"es","@id":"https:\/\/diariotextual.com\/inicio\/#\/schema\/logo\/image\/","url":"https:\/\/diariotextual.com\/inicio\/wp-content\/uploads\/2023\/05\/logotextual1.jpg","contentUrl":"https:\/\/diariotextual.com\/inicio\/wp-content\/uploads\/2023\/05\/logotextual1.jpg","width":516,"height":76,"caption":"Diario Textual"},"image":{"@id":"https:\/\/diariotextual.com\/inicio\/#\/schema\/logo\/image\/"},"sameAs":["https:\/\/www.facebook.com\/eltextual","https:\/\/x.com\/eltextual","http:\/\/www.instagram.com\/eltextual"]},{"@type":"Person","@id":"https:\/\/diariotextual.com\/inicio\/#\/schema\/person\/418fc4093c33e86ed41562db3508f958","name":"Diario1 Diario1","image":{"@type":"ImageObject","inLanguage":"es","@id":"https:\/\/secure.gravatar.com\/avatar\/9167d280179c85bc18be67aa7eda765854300033af4896dd779b608640f2ef7a?s=96&d=mm&r=g","url":"https:\/\/secure.gravatar.com\/avatar\/9167d280179c85bc18be67aa7eda765854300033af4896dd779b608640f2ef7a?s=96&d=mm&r=g","contentUrl":"https:\/\/secure.gravatar.com\/avatar\/9167d280179c85bc18be67aa7eda765854300033af4896dd779b608640f2ef7a?s=96&d=mm&r=g","caption":"Diario1 Diario1"},"url":"https:\/\/diariotextual.com\/inicio\/index.php\/author\/diario1\/"}]}},"_links":{"self":[{"href":"https:\/\/diariotextual.com\/inicio\/index.php\/wp-json\/wp\/v2\/posts\/59149","targetHints":{"allow":["GET"]}}],"collection":[{"href":"https:\/\/diariotextual.com\/inicio\/index.php\/wp-json\/wp\/v2\/posts"}],"about":[{"href":"https:\/\/diariotextual.com\/inicio\/index.php\/wp-json\/wp\/v2\/types\/post"}],"author":[{"embeddable":true,"href":"https:\/\/diariotextual.com\/inicio\/index.php\/wp-json\/wp\/v2\/users\/3"}],"replies":[{"embeddable":true,"href":"https:\/\/diariotextual.com\/inicio\/index.php\/wp-json\/wp\/v2\/comments?post=59149"}],"version-history":[{"count":7,"href":"https:\/\/diariotextual.com\/inicio\/index.php\/wp-json\/wp\/v2\/posts\/59149\/revisions"}],"predecessor-version":[{"id":59166,"href":"https:\/\/diariotextual.com\/inicio\/index.php\/wp-json\/wp\/v2\/posts\/59149\/revisions\/59166"}],"wp:featuredmedia":[{"embeddable":true,"href":"https:\/\/diariotextual.com\/inicio\/index.php\/wp-json\/wp\/v2\/media\/59151"}],"wp:attachment":[{"href":"https:\/\/diariotextual.com\/inicio\/index.php\/wp-json\/wp\/v2\/media?parent=59149"}],"wp:term":[{"taxonomy":"category","embeddable":true,"href":"https:\/\/diariotextual.com\/inicio\/index.php\/wp-json\/wp\/v2\/categories?post=59149"},{"taxonomy":"post_tag","embeddable":true,"href":"https:\/\/diariotextual.com\/inicio\/index.php\/wp-json\/wp\/v2\/tags?post=59149"}],"curies":[{"name":"wp","href":"https:\/\/api.w.org\/{rel}","templated":true}]}}