{"id":59195,"date":"2019-08-12T22:59:21","date_gmt":"2019-08-13T01:59:21","guid":{"rendered":"http:\/\/diariotextual.com\/inicio\/?p=59195"},"modified":"2019-08-13T10:20:07","modified_gmt":"2019-08-13T13:20:07","slug":"murio-jose-luis-brown-campeon-mexico-86","status":"publish","type":"post","link":"https:\/\/diariotextual.com\/inicio\/index.php\/2019\/08\/12\/murio-jose-luis-brown-campeon-mexico-86\/","title":{"rendered":"Muri\u00f3 Jos\u00e9 Luis Brown, campe\u00f3n en M\u00e9xico &#8217;86"},"content":{"rendered":"<div class=\"row pb-content-type-text\">\n<div class=\"col-xs-12 col-print-12\">\n<p class=\"element element-paragraph\"><strong>Jos\u00e9 Luis \u00abTata\u00bb Brown<\/strong>, campe\u00f3n mundial con Argentina en M\u00e9xico 1986 y autor de un gol en la final ante Alemania,\u00a0muri\u00f3 en la noche de este lunes\u00a0a los 62 a\u00f1os en una cl\u00ednica de La Plata. El \u00abTata\u00bb llevaba\u00a0una\u00a0larga lucha contra el Alzheimer, una dura\u00a0enfermedad neurodegenerativa.<\/p>\n<\/div>\n<\/div>\n<div class=\"row pb-content-type-text\">\n<div class=\"col-xs-12 col-print-12\">\n<p class=\"element element-paragraph\">Estudiantes de La Plata, club donde brill\u00f3 y dej\u00f3\u00a0una huella imborrable como capit\u00e1n del equipo campe\u00f3n de 1982, con Carlos Bilardo como entrenador, confirm\u00f3 la triste noticia mediante su cuenta de\u00a0la red social Twitter.<\/p>\n<\/div>\n<p>\u00abUn d\u00eda de m\u00e1xima tristeza para la Familia Albirroja, nos deja nuestro gladiador Jos\u00e9 Luis Brown. Su memoria y su amor por el club perdurar\u00e1 eternamente. \u00a1Hasta siempre Tata! Capit\u00e1n, Campe\u00f3n del mundo y ferviente defensor de la filosof\u00eda Pincharrata\u00bb, fue el sentido mensaje.<\/p>\n<\/div>\n<div class=\"row pb-content-type-text\">\n<div class=\"col-xs-12 col-print-12\">\n<p class=\"element element-paragraph\">\u00abEl Tata\u00bb comenz\u00f3 su carrera futbol\u00edstica en las divisiones inferiores de Estudiantes de La Plata. Debut\u00f3 en el primer equipo en 1975, pero se transform\u00f3 en emblema por ser el capit\u00e1n del campeonato logrado en el Torneo Metropolitano de 1982 y el Torneo Nacional de 1983, bajo la conducci\u00f3n t\u00e9cnica de Carlos Salvador Bilardo.<\/p>\n<\/div>\n<\/div>\n<div class=\"row pb-content-type-text\">\n<div class=\"col-xs-12 col-print-12\">\n<p class=\"element element-paragraph\">Luego de disputar ocho temporadas en el \u00abPincha\u00bb, fue transferido al Club Atl\u00e9tico Nacional de Colombia. En 1985, regres\u00f3 al pa\u00eds para jugar en Boca Juniors y al a\u00f1o siguiente lo hizo en Deportivo Espa\u00f1ol. Luego, lleg\u00f3 el turno de jugar en el f\u00fatbol europeo: el Stade Brestois de Francia en 1987 y Real Murcia de Espa\u00f1a en 1989. En su vuelta al pa\u00eds, jug\u00f3 en Racing Club entre 1989 y 1990.<\/p>\n<\/div>\n<\/div>\n<div class=\"row pb-content-type-text\">\n<div class=\"col-xs-12 col-print-12\">\n<p class=\"element element-paragraph\">En la selecci\u00f3n argentina, Jos\u00e9 Luis Brown jug\u00f3 en total 36 partidos y convirti\u00f3 s\u00f3lo un gol, el hist\u00f3rico ante Alemania en el triunfo por 3 a 2 en la final del Mundial de M\u00e9xico 1986.<\/p>\n<\/div>\n<\/div>\n<p>Despu\u00e9s de terminar su carrera como futbolista, Brown trabaj\u00f3 en conjunto con Nery Pumpido y H\u00e9ctor Enrique en categor\u00edas de ascenso. En 2008, con la confirmaci\u00f3n de Carlos Bilardo como director de Selecciones Nacionales de AFA, \u00abel Tata\u00bb se sum\u00f3 como asistente t\u00e9cnico del \u00abChecho\u00bb Batista en la selecci\u00f3n Sub 23 que logr\u00f3 ganar la medalla de oro ol\u00edmpica en Beijing 2008 de la mano de Lionel Messi, Juan Rom\u00e1n Riquelme y Sergio Ag\u00fcero. Tambi\u00e9n tuvo a su cargo la Sub 17, con la que logr\u00f3 el subcampeonato en el Sudamericano 2009 de la categor\u00eda, clasificando al Mundial de ese a\u00f1o.<\/p>\n<p>&nbsp;<\/p>\n<p>&nbsp;<\/p>\n<p>&nbsp;<\/p>\n<p>&nbsp;<\/p>\n","protected":false},"excerpt":{"rendered":"<p>Jos\u00e9 Luis \u00abTata\u00bb Brown, campe\u00f3n mundial con Argentina en M\u00e9xico 1986 y autor de un gol en la final ante Alemania,\u00a0muri\u00f3 en la noche de este lunes\u00a0a los 62 a\u00f1os&hellip;<\/p>\n","protected":false},"author":3,"featured_media":59196,"comment_status":"closed","ping_status":"open","sticky":false,"template":"","format":"standard","meta":{"_acf_changed":false,"footnotes":""},"categories":[319,3],"tags":[2166],"class_list":["post-59195","post","type-post","status-publish","format-standard","has-post-thumbnail","hentry","category-a-temporales","category-deportes","tag-tata"],"acf":[],"yoast_head":"<!-- This site is optimized with the Yoast SEO plugin v27.5 - https:\/\/yoast.com\/product\/yoast-seo-wordpress\/ -->\n<title>Muri\u00f3 Jos\u00e9 Luis Brown, campe\u00f3n en M\u00e9xico &#039;86 - Diario Textual<\/title>\n<meta name=\"robots\" content=\"index, follow, max-snippet:-1, max-image-preview:large, max-video-preview:-1\" \/>\n<link rel=\"canonical\" href=\"https:\/\/diariotextual.com\/inicio\/index.php\/2019\/08\/12\/murio-jose-luis-brown-campeon-mexico-86\/\" \/>\n<meta property=\"og:locale\" content=\"es_ES\" \/>\n<meta property=\"og:type\" content=\"article\" \/>\n<meta property=\"og:title\" content=\"Muri\u00f3 Jos\u00e9 Luis Brown, campe\u00f3n en M\u00e9xico &#039;86 - Diario Textual\" \/>\n<meta property=\"og:description\" content=\"Jos\u00e9 Luis \u00abTata\u00bb Brown, campe\u00f3n mundial con Argentina en M\u00e9xico 1986 y autor de un gol en la final ante Alemania,\u00a0muri\u00f3 en la noche de este lunes\u00a0a los 62 a\u00f1os&hellip;\" \/>\n<meta property=\"og:url\" content=\"https:\/\/diariotextual.com\/inicio\/index.php\/2019\/08\/12\/murio-jose-luis-brown-campeon-mexico-86\/\" \/>\n<meta property=\"og:site_name\" content=\"Diario Textual\" \/>\n<meta property=\"article:publisher\" content=\"https:\/\/www.facebook.com\/eltextual\" \/>\n<meta property=\"article:published_time\" content=\"2019-08-13T01:59:21+00:00\" \/>\n<meta property=\"article:modified_time\" content=\"2019-08-13T13:20:07+00:00\" \/>\n<meta property=\"og:image\" content=\"https:\/\/diariotextual.com\/inicio\/wp-content\/uploads\/2019\/08\/browntata1.jpg\" \/>\n\t<meta property=\"og:image:width\" content=\"967\" \/>\n\t<meta property=\"og:image:height\" content=\"625\" \/>\n\t<meta property=\"og:image:type\" content=\"image\/jpeg\" \/>\n<meta name=\"author\" content=\"Diario1 Diario1\" \/>\n<meta name=\"twitter:card\" content=\"summary_large_image\" \/>\n<meta name=\"twitter:creator\" content=\"@eltextual\" \/>\n<meta name=\"twitter:site\" content=\"@eltextual\" \/>\n<meta name=\"twitter:label1\" content=\"Escrito por\" \/>\n\t<meta name=\"twitter:data1\" content=\"Diario1 Diario1\" \/>\n\t<meta name=\"twitter:label2\" content=\"Tiempo de lectura\" \/>\n\t<meta name=\"twitter:data2\" content=\"2 minutos\" \/>\n<script type=\"application\/ld+json\" class=\"yoast-schema-graph\">{\"@context\":\"https:\\\/\\\/schema.org\",\"@graph\":[{\"@type\":\"Article\",\"@id\":\"https:\\\/\\\/diariotextual.com\\\/inicio\\\/index.php\\\/2019\\\/08\\\/12\\\/murio-jose-luis-brown-campeon-mexico-86\\\/#article\",\"isPartOf\":{\"@id\":\"https:\\\/\\\/diariotextual.com\\\/inicio\\\/index.php\\\/2019\\\/08\\\/12\\\/murio-jose-luis-brown-campeon-mexico-86\\\/\"},\"author\":{\"name\":\"Diario1 Diario1\",\"@id\":\"https:\\\/\\\/diariotextual.com\\\/inicio\\\/#\\\/schema\\\/person\\\/418fc4093c33e86ed41562db3508f958\"},\"headline\":\"Muri\u00f3 Jos\u00e9 Luis Brown, campe\u00f3n en M\u00e9xico &#8217;86\",\"datePublished\":\"2019-08-13T01:59:21+00:00\",\"dateModified\":\"2019-08-13T13:20:07+00:00\",\"mainEntityOfPage\":{\"@id\":\"https:\\\/\\\/diariotextual.com\\\/inicio\\\/index.php\\\/2019\\\/08\\\/12\\\/murio-jose-luis-brown-campeon-mexico-86\\\/\"},\"wordCount\":426,\"publisher\":{\"@id\":\"https:\\\/\\\/diariotextual.com\\\/inicio\\\/#organization\"},\"image\":{\"@id\":\"https:\\\/\\\/diariotextual.com\\\/inicio\\\/index.php\\\/2019\\\/08\\\/12\\\/murio-jose-luis-brown-campeon-mexico-86\\\/#primaryimage\"},\"thumbnailUrl\":\"https:\\\/\\\/diariotextual.com\\\/inicio\\\/wp-content\\\/uploads\\\/2019\\\/08\\\/browntata1.jpg\",\"keywords\":[\"tata\"],\"articleSection\":[\"A - TEMPORALES\",\"DEPORTES\"],\"inLanguage\":\"es\"},{\"@type\":\"WebPage\",\"@id\":\"https:\\\/\\\/diariotextual.com\\\/inicio\\\/index.php\\\/2019\\\/08\\\/12\\\/murio-jose-luis-brown-campeon-mexico-86\\\/\",\"url\":\"https:\\\/\\\/diariotextual.com\\\/inicio\\\/index.php\\\/2019\\\/08\\\/12\\\/murio-jose-luis-brown-campeon-mexico-86\\\/\",\"name\":\"Muri\u00f3 Jos\u00e9 Luis Brown, campe\u00f3n en M\u00e9xico '86 - Diario Textual\",\"isPartOf\":{\"@id\":\"https:\\\/\\\/diariotextual.com\\\/inicio\\\/#website\"},\"primaryImageOfPage\":{\"@id\":\"https:\\\/\\\/diariotextual.com\\\/inicio\\\/index.php\\\/2019\\\/08\\\/12\\\/murio-jose-luis-brown-campeon-mexico-86\\\/#primaryimage\"},\"image\":{\"@id\":\"https:\\\/\\\/diariotextual.com\\\/inicio\\\/index.php\\\/2019\\\/08\\\/12\\\/murio-jose-luis-brown-campeon-mexico-86\\\/#primaryimage\"},\"thumbnailUrl\":\"https:\\\/\\\/diariotextual.com\\\/inicio\\\/wp-content\\\/uploads\\\/2019\\\/08\\\/browntata1.jpg\",\"datePublished\":\"2019-08-13T01:59:21+00:00\",\"dateModified\":\"2019-08-13T13:20:07+00:00\",\"breadcrumb\":{\"@id\":\"https:\\\/\\\/diariotextual.com\\\/inicio\\\/index.php\\\/2019\\\/08\\\/12\\\/murio-jose-luis-brown-campeon-mexico-86\\\/#breadcrumb\"},\"inLanguage\":\"es\",\"potentialAction\":[{\"@type\":\"ReadAction\",\"target\":[\"https:\\\/\\\/diariotextual.com\\\/inicio\\\/index.php\\\/2019\\\/08\\\/12\\\/murio-jose-luis-brown-campeon-mexico-86\\\/\"]}]},{\"@type\":\"ImageObject\",\"inLanguage\":\"es\",\"@id\":\"https:\\\/\\\/diariotextual.com\\\/inicio\\\/index.php\\\/2019\\\/08\\\/12\\\/murio-jose-luis-brown-campeon-mexico-86\\\/#primaryimage\",\"url\":\"https:\\\/\\\/diariotextual.com\\\/inicio\\\/wp-content\\\/uploads\\\/2019\\\/08\\\/browntata1.jpg\",\"contentUrl\":\"https:\\\/\\\/diariotextual.com\\\/inicio\\\/wp-content\\\/uploads\\\/2019\\\/08\\\/browntata1.jpg\",\"width\":967,\"height\":625},{\"@type\":\"BreadcrumbList\",\"@id\":\"https:\\\/\\\/diariotextual.com\\\/inicio\\\/index.php\\\/2019\\\/08\\\/12\\\/murio-jose-luis-brown-campeon-mexico-86\\\/#breadcrumb\",\"itemListElement\":[{\"@type\":\"ListItem\",\"position\":1,\"name\":\"Portada\",\"item\":\"https:\\\/\\\/diariotextual.com\\\/inicio\\\/\"},{\"@type\":\"ListItem\",\"position\":2,\"name\":\"Muri\u00f3 Jos\u00e9 Luis Brown, campe\u00f3n en M\u00e9xico &#8217;86\"}]},{\"@type\":\"WebSite\",\"@id\":\"https:\\\/\\\/diariotextual.com\\\/inicio\\\/#website\",\"url\":\"https:\\\/\\\/diariotextual.com\\\/inicio\\\/\",\"name\":\"Diario Textual\",\"description\":\"\",\"publisher\":{\"@id\":\"https:\\\/\\\/diariotextual.com\\\/inicio\\\/#organization\"},\"potentialAction\":[{\"@type\":\"SearchAction\",\"target\":{\"@type\":\"EntryPoint\",\"urlTemplate\":\"https:\\\/\\\/diariotextual.com\\\/inicio\\\/?s={search_term_string}\"},\"query-input\":{\"@type\":\"PropertyValueSpecification\",\"valueRequired\":true,\"valueName\":\"search_term_string\"}}],\"inLanguage\":\"es\"},{\"@type\":\"Organization\",\"@id\":\"https:\\\/\\\/diariotextual.com\\\/inicio\\\/#organization\",\"name\":\"Diario Textual\",\"url\":\"https:\\\/\\\/diariotextual.com\\\/inicio\\\/\",\"logo\":{\"@type\":\"ImageObject\",\"inLanguage\":\"es\",\"@id\":\"https:\\\/\\\/diariotextual.com\\\/inicio\\\/#\\\/schema\\\/logo\\\/image\\\/\",\"url\":\"https:\\\/\\\/diariotextual.com\\\/inicio\\\/wp-content\\\/uploads\\\/2023\\\/05\\\/logotextual1.jpg\",\"contentUrl\":\"https:\\\/\\\/diariotextual.com\\\/inicio\\\/wp-content\\\/uploads\\\/2023\\\/05\\\/logotextual1.jpg\",\"width\":516,\"height\":76,\"caption\":\"Diario Textual\"},\"image\":{\"@id\":\"https:\\\/\\\/diariotextual.com\\\/inicio\\\/#\\\/schema\\\/logo\\\/image\\\/\"},\"sameAs\":[\"https:\\\/\\\/www.facebook.com\\\/eltextual\",\"https:\\\/\\\/x.com\\\/eltextual\",\"http:\\\/\\\/www.instagram.com\\\/eltextual\"]},{\"@type\":\"Person\",\"@id\":\"https:\\\/\\\/diariotextual.com\\\/inicio\\\/#\\\/schema\\\/person\\\/418fc4093c33e86ed41562db3508f958\",\"name\":\"Diario1 Diario1\",\"image\":{\"@type\":\"ImageObject\",\"inLanguage\":\"es\",\"@id\":\"https:\\\/\\\/secure.gravatar.com\\\/avatar\\\/9167d280179c85bc18be67aa7eda765854300033af4896dd779b608640f2ef7a?s=96&d=mm&r=g\",\"url\":\"https:\\\/\\\/secure.gravatar.com\\\/avatar\\\/9167d280179c85bc18be67aa7eda765854300033af4896dd779b608640f2ef7a?s=96&d=mm&r=g\",\"contentUrl\":\"https:\\\/\\\/secure.gravatar.com\\\/avatar\\\/9167d280179c85bc18be67aa7eda765854300033af4896dd779b608640f2ef7a?s=96&d=mm&r=g\",\"caption\":\"Diario1 Diario1\"},\"url\":\"https:\\\/\\\/diariotextual.com\\\/inicio\\\/index.php\\\/author\\\/diario1\\\/\"}]}<\/script>\n<!-- \/ Yoast SEO plugin. -->","yoast_head_json":{"title":"Muri\u00f3 Jos\u00e9 Luis Brown, campe\u00f3n en M\u00e9xico '86 - Diario Textual","robots":{"index":"index","follow":"follow","max-snippet":"max-snippet:-1","max-image-preview":"max-image-preview:large","max-video-preview":"max-video-preview:-1"},"canonical":"https:\/\/diariotextual.com\/inicio\/index.php\/2019\/08\/12\/murio-jose-luis-brown-campeon-mexico-86\/","og_locale":"es_ES","og_type":"article","og_title":"Muri\u00f3 Jos\u00e9 Luis Brown, campe\u00f3n en M\u00e9xico '86 - Diario Textual","og_description":"Jos\u00e9 Luis \u00abTata\u00bb Brown, campe\u00f3n mundial con Argentina en M\u00e9xico 1986 y autor de un gol en la final ante Alemania,\u00a0muri\u00f3 en la noche de este lunes\u00a0a los 62 a\u00f1os&hellip;","og_url":"https:\/\/diariotextual.com\/inicio\/index.php\/2019\/08\/12\/murio-jose-luis-brown-campeon-mexico-86\/","og_site_name":"Diario Textual","article_publisher":"https:\/\/www.facebook.com\/eltextual","article_published_time":"2019-08-13T01:59:21+00:00","article_modified_time":"2019-08-13T13:20:07+00:00","og_image":[{"width":967,"height":625,"url":"https:\/\/diariotextual.com\/inicio\/wp-content\/uploads\/2019\/08\/browntata1.jpg","type":"image\/jpeg"}],"author":"Diario1 Diario1","twitter_card":"summary_large_image","twitter_creator":"@eltextual","twitter_site":"@eltextual","twitter_misc":{"Escrito por":"Diario1 Diario1","Tiempo de lectura":"2 minutos"},"schema":{"@context":"https:\/\/schema.org","@graph":[{"@type":"Article","@id":"https:\/\/diariotextual.com\/inicio\/index.php\/2019\/08\/12\/murio-jose-luis-brown-campeon-mexico-86\/#article","isPartOf":{"@id":"https:\/\/diariotextual.com\/inicio\/index.php\/2019\/08\/12\/murio-jose-luis-brown-campeon-mexico-86\/"},"author":{"name":"Diario1 Diario1","@id":"https:\/\/diariotextual.com\/inicio\/#\/schema\/person\/418fc4093c33e86ed41562db3508f958"},"headline":"Muri\u00f3 Jos\u00e9 Luis Brown, campe\u00f3n en M\u00e9xico &#8217;86","datePublished":"2019-08-13T01:59:21+00:00","dateModified":"2019-08-13T13:20:07+00:00","mainEntityOfPage":{"@id":"https:\/\/diariotextual.com\/inicio\/index.php\/2019\/08\/12\/murio-jose-luis-brown-campeon-mexico-86\/"},"wordCount":426,"publisher":{"@id":"https:\/\/diariotextual.com\/inicio\/#organization"},"image":{"@id":"https:\/\/diariotextual.com\/inicio\/index.php\/2019\/08\/12\/murio-jose-luis-brown-campeon-mexico-86\/#primaryimage"},"thumbnailUrl":"https:\/\/diariotextual.com\/inicio\/wp-content\/uploads\/2019\/08\/browntata1.jpg","keywords":["tata"],"articleSection":["A - TEMPORALES","DEPORTES"],"inLanguage":"es"},{"@type":"WebPage","@id":"https:\/\/diariotextual.com\/inicio\/index.php\/2019\/08\/12\/murio-jose-luis-brown-campeon-mexico-86\/","url":"https:\/\/diariotextual.com\/inicio\/index.php\/2019\/08\/12\/murio-jose-luis-brown-campeon-mexico-86\/","name":"Muri\u00f3 Jos\u00e9 Luis Brown, campe\u00f3n en M\u00e9xico '86 - Diario Textual","isPartOf":{"@id":"https:\/\/diariotextual.com\/inicio\/#website"},"primaryImageOfPage":{"@id":"https:\/\/diariotextual.com\/inicio\/index.php\/2019\/08\/12\/murio-jose-luis-brown-campeon-mexico-86\/#primaryimage"},"image":{"@id":"https:\/\/diariotextual.com\/inicio\/index.php\/2019\/08\/12\/murio-jose-luis-brown-campeon-mexico-86\/#primaryimage"},"thumbnailUrl":"https:\/\/diariotextual.com\/inicio\/wp-content\/uploads\/2019\/08\/browntata1.jpg","datePublished":"2019-08-13T01:59:21+00:00","dateModified":"2019-08-13T13:20:07+00:00","breadcrumb":{"@id":"https:\/\/diariotextual.com\/inicio\/index.php\/2019\/08\/12\/murio-jose-luis-brown-campeon-mexico-86\/#breadcrumb"},"inLanguage":"es","potentialAction":[{"@type":"ReadAction","target":["https:\/\/diariotextual.com\/inicio\/index.php\/2019\/08\/12\/murio-jose-luis-brown-campeon-mexico-86\/"]}]},{"@type":"ImageObject","inLanguage":"es","@id":"https:\/\/diariotextual.com\/inicio\/index.php\/2019\/08\/12\/murio-jose-luis-brown-campeon-mexico-86\/#primaryimage","url":"https:\/\/diariotextual.com\/inicio\/wp-content\/uploads\/2019\/08\/browntata1.jpg","contentUrl":"https:\/\/diariotextual.com\/inicio\/wp-content\/uploads\/2019\/08\/browntata1.jpg","width":967,"height":625},{"@type":"BreadcrumbList","@id":"https:\/\/diariotextual.com\/inicio\/index.php\/2019\/08\/12\/murio-jose-luis-brown-campeon-mexico-86\/#breadcrumb","itemListElement":[{"@type":"ListItem","position":1,"name":"Portada","item":"https:\/\/diariotextual.com\/inicio\/"},{"@type":"ListItem","position":2,"name":"Muri\u00f3 Jos\u00e9 Luis Brown, campe\u00f3n en M\u00e9xico &#8217;86"}]},{"@type":"WebSite","@id":"https:\/\/diariotextual.com\/inicio\/#website","url":"https:\/\/diariotextual.com\/inicio\/","name":"Diario Textual","description":"","publisher":{"@id":"https:\/\/diariotextual.com\/inicio\/#organization"},"potentialAction":[{"@type":"SearchAction","target":{"@type":"EntryPoint","urlTemplate":"https:\/\/diariotextual.com\/inicio\/?s={search_term_string}"},"query-input":{"@type":"PropertyValueSpecification","valueRequired":true,"valueName":"search_term_string"}}],"inLanguage":"es"},{"@type":"Organization","@id":"https:\/\/diariotextual.com\/inicio\/#organization","name":"Diario Textual","url":"https:\/\/diariotextual.com\/inicio\/","logo":{"@type":"ImageObject","inLanguage":"es","@id":"https:\/\/diariotextual.com\/inicio\/#\/schema\/logo\/image\/","url":"https:\/\/diariotextual.com\/inicio\/wp-content\/uploads\/2023\/05\/logotextual1.jpg","contentUrl":"https:\/\/diariotextual.com\/inicio\/wp-content\/uploads\/2023\/05\/logotextual1.jpg","width":516,"height":76,"caption":"Diario Textual"},"image":{"@id":"https:\/\/diariotextual.com\/inicio\/#\/schema\/logo\/image\/"},"sameAs":["https:\/\/www.facebook.com\/eltextual","https:\/\/x.com\/eltextual","http:\/\/www.instagram.com\/eltextual"]},{"@type":"Person","@id":"https:\/\/diariotextual.com\/inicio\/#\/schema\/person\/418fc4093c33e86ed41562db3508f958","name":"Diario1 Diario1","image":{"@type":"ImageObject","inLanguage":"es","@id":"https:\/\/secure.gravatar.com\/avatar\/9167d280179c85bc18be67aa7eda765854300033af4896dd779b608640f2ef7a?s=96&d=mm&r=g","url":"https:\/\/secure.gravatar.com\/avatar\/9167d280179c85bc18be67aa7eda765854300033af4896dd779b608640f2ef7a?s=96&d=mm&r=g","contentUrl":"https:\/\/secure.gravatar.com\/avatar\/9167d280179c85bc18be67aa7eda765854300033af4896dd779b608640f2ef7a?s=96&d=mm&r=g","caption":"Diario1 Diario1"},"url":"https:\/\/diariotextual.com\/inicio\/index.php\/author\/diario1\/"}]}},"_links":{"self":[{"href":"https:\/\/diariotextual.com\/inicio\/index.php\/wp-json\/wp\/v2\/posts\/59195","targetHints":{"allow":["GET"]}}],"collection":[{"href":"https:\/\/diariotextual.com\/inicio\/index.php\/wp-json\/wp\/v2\/posts"}],"about":[{"href":"https:\/\/diariotextual.com\/inicio\/index.php\/wp-json\/wp\/v2\/types\/post"}],"author":[{"embeddable":true,"href":"https:\/\/diariotextual.com\/inicio\/index.php\/wp-json\/wp\/v2\/users\/3"}],"replies":[{"embeddable":true,"href":"https:\/\/diariotextual.com\/inicio\/index.php\/wp-json\/wp\/v2\/comments?post=59195"}],"version-history":[{"count":3,"href":"https:\/\/diariotextual.com\/inicio\/index.php\/wp-json\/wp\/v2\/posts\/59195\/revisions"}],"predecessor-version":[{"id":59199,"href":"https:\/\/diariotextual.com\/inicio\/index.php\/wp-json\/wp\/v2\/posts\/59195\/revisions\/59199"}],"wp:featuredmedia":[{"embeddable":true,"href":"https:\/\/diariotextual.com\/inicio\/index.php\/wp-json\/wp\/v2\/media\/59196"}],"wp:attachment":[{"href":"https:\/\/diariotextual.com\/inicio\/index.php\/wp-json\/wp\/v2\/media?parent=59195"}],"wp:term":[{"taxonomy":"category","embeddable":true,"href":"https:\/\/diariotextual.com\/inicio\/index.php\/wp-json\/wp\/v2\/categories?post=59195"},{"taxonomy":"post_tag","embeddable":true,"href":"https:\/\/diariotextual.com\/inicio\/index.php\/wp-json\/wp\/v2\/tags?post=59195"}],"curies":[{"name":"wp","href":"https:\/\/api.w.org\/{rel}","templated":true}]}}