{"id":59332,"date":"2019-08-13T17:20:04","date_gmt":"2019-08-13T20:20:04","guid":{"rendered":"http:\/\/diariotextual.com\/inicio\/?p=59332"},"modified":"2019-08-14T08:23:46","modified_gmt":"2019-08-14T11:23:46","slug":"asamblea-los-rios-pidio-la-corte-resuelva-ya-amparo-portezuelo","status":"publish","type":"post","link":"https:\/\/diariotextual.com\/inicio\/index.php\/2019\/08\/13\/asamblea-los-rios-pidio-la-corte-resuelva-ya-amparo-portezuelo\/","title":{"rendered":"Asamblea de los R\u00edos pidi\u00f3 a la Corte que resuelva ya el amparo por Portezuelo"},"content":{"rendered":"<p>La <strong>Asamblea de los R\u00edos Pampeanos<\/strong> le solicit\u00f3 hoy a la <strong>Corte Suprema de Justicia de la Naci\u00f3n<\/strong> el <strong>\u00abpronto despacho\u00bb<\/strong> al amparo ambiental que present\u00f3 el a\u00f1o pasado para frenar la represa hidroel\u00e9ctrica Portezuelo del Viento, seg\u00fan documentaci\u00f3n a la que accedi\u00f3 Diario Textual. La ONG pampeana <strong>est\u00e1 en alerta porque Mendoza pretende licitar antes de fin de a\u00f1o<\/strong> -posiblemente entre septiembre u octubre- la megaobra sobre el r\u00edo Grande, que podr\u00eda afectar la calidad y cantidad de agua del r\u00edo Colorado. Paralelamente,<strong> el Estado pampeano est\u00e1 preparando una bater\u00eda de presentaciones judiciales contra esa misma licitaci\u00f3n<\/strong>, entre ellas una medida cautelar.<\/p>\n<p><img fetchpriority=\"high\" decoding=\"async\" class=\"alignnone wp-image-59335 \" src=\"http:\/\/diariotextual.com\/inicio\/wp-content\/uploads\/2019\/08\/portezueloasamblearios2019-1.jpg\" alt=\"\" width=\"412\" height=\"571\" srcset=\"https:\/\/diariotextual.com\/inicio\/wp-content\/uploads\/2019\/08\/portezueloasamblearios2019-1.jpg 576w, https:\/\/diariotextual.com\/inicio\/wp-content\/uploads\/2019\/08\/portezueloasamblearios2019-1-217x300.jpg 217w\" sizes=\"(max-width: 412px) 100vw, 412px\" \/><\/p>\n<p>El 10 de agosto del a\u00f1o pasado, integrantes de la ONG y del Consejo de Lonkos presentaron el amparo ambiental.\u00a0Pidieron que la CSJN frene en forma cautelar los actos administrativos e institucionales en el avance de la licitaci\u00f3n y construcci\u00f3n de Portezuelo del Viento, y reclamaron la ampliaci\u00f3n de los estudios de impacto ambiental.\u00a0 Tambi\u00e9n solicitaron prohibir al Gobierno nacional, a Mendoza y a Coirco \u201cllevar adelante cualquier acci\u00f3n u obra sobre la cuenca\u201d del r\u00edo Colorado y sus afluentes, que \u201cimplique una alteraci\u00f3n de la cantidad o calidad del agua que debe llegar a las diferentes provincias, sin la previa conformidad de los integrantes de la cuenca y como derivaci\u00f3n razonada de los estudios y audiencias a realizarse\u201d. <strong>Ahora, a un a\u00f1o de esa presentaci\u00f3n, volvieron a la carga<\/strong>.<\/p>\n<p><img decoding=\"async\" class=\"alignnone wp-image-16581 \" src=\"http:\/\/diariotextual.com\/inicio\/wp-content\/uploads\/2018\/08\/portezueloamparoasambleadelosrios2018-11.jpg\" alt=\"\" width=\"610\" height=\"427\" srcset=\"https:\/\/diariotextual.com\/inicio\/wp-content\/uploads\/2018\/08\/portezueloamparoasambleadelosrios2018-11.jpg 960w, https:\/\/diariotextual.com\/inicio\/wp-content\/uploads\/2018\/08\/portezueloamparoasambleadelosrios2018-11-300x210.jpg 300w, https:\/\/diariotextual.com\/inicio\/wp-content\/uploads\/2018\/08\/portezueloamparoasambleadelosrios2018-11-768x538.jpg 768w, https:\/\/diariotextual.com\/inicio\/wp-content\/uploads\/2018\/08\/portezueloamparoasambleadelosrios2018-11-585x410.jpg 585w\" sizes=\"(max-width: 610px) 100vw, 610px\" \/><\/p>\n<p>Mendoza y Naci\u00f3n pretenden realizar la obra de Portezuelo sobre el r\u00edo Grande, tributario del Colorado. Afectar\u00e1 la calidad y cantidad de agua del Colorado, seg\u00fan la ONG.<\/p>\n<p>El presidente <strong>Mauricio\u00a0Macri<\/strong>\u00a0ratific\u00f3 en julio, por decreto, el acuerdo entre Naci\u00f3n y la provincia de Mendoza para financiar la represa en 1023 millones de d\u00f3lares. De esta manera, ratific\u00f3 el acuerdo alcanzado el 13 de junio por el gobernador Alfredo Cornejo y el ministro del Interior, Rogelio Frigerio.\u00a0<strong>Ahora en Mendoza aguardan por el llamado a licitaci\u00f3n de los trabajos. Sin embargo, a\u00fan quedan por resolverse varios pedidos de La Pampa.<\/strong><\/p>\n<p>&nbsp;<\/p>\n<p><strong>La demanda del Estado<\/strong><\/p>\n<p>El Gobierno de Carlos Verna, paralelamente, est\u00e1 preparando una nueva demanda contra Mendoza y Naci\u00f3n. Incluir\u00e1 adem\u00e1s un amparo para dejar en stand by la licitaci\u00f3n. La presentaci\u00f3n se har\u00eda este viernes o a mas tardar los primeros d\u00edas de la pr\u00f3xima semana, dijeron funcionarios a Diario Textual.<\/p>\n<p>&nbsp;<\/p>\n<p><strong>La presa<\/strong><\/p>\n<p>La iniciativa cuenta con<strong>\u00a0una obra principal -la presa y central hidroel\u00e9ctrica con sus obras anexas- y cuatro obras complementarias<\/strong>: la reubicaci\u00f3n de Villa Las Loicas, una localidad peque\u00f1a que quedar\u00e1 bajo el agua una vez construido el embalse, la relocalizaci\u00f3n de dos tramos de rutas y la construcci\u00f3n de una l\u00ednea de transmisi\u00f3n el\u00e9ctrica en alta tensi\u00f3n.<\/p>\n<p>Portezuelo del Viento incluye\u00a0<strong>la construcci\u00f3n de una presa en hormig\u00f3n compactado a rodillo de 178 metros de altura, con una capacidad de embalse de 1940 hect\u00f3metro c\u00fabicos (hm3) y una central hidroel\u00e9ctrica asociada con una potencia instalada de 210 MW<\/strong>. La central generar\u00e1 889 GWh de energ\u00eda al a\u00f1o, suficiente para abastecer aproximadamente a 130.000 hogares. Para tal fin se instalar\u00e1n tres turbinas francis con una potencia instalada de 70 MW cada una.<\/p>\n<p>Requiere la reubicaci\u00f3n de 41,8 kil\u00f3metros de la ruta nacional 145, que une la ruta nacional 40 con el Paso Internacional Pehuenche: ese tramo quedar\u00e1 inundado al realizar el llenado del embalse.<\/p>\n<p>El proyecto contempla, adem\u00e1s, la construcci\u00f3n de la l\u00ednea de alta tensi\u00f3n desde la central Portezuelo del Viento hasta R\u00edo Diamante y la reubicaci\u00f3n de 26,2 kil\u00f3metros de la ruta provincial 226. Por otro lado, ser\u00e1 necesario la reubicaci\u00f3n de la localidad Villa La Loicas y todos aquellos puestos dispersos que ser\u00e1n afectados por el embalse.<\/p>\n<p>El r\u00edo Grande, sobre el cual se implantar\u00e1 la obra, es el principal afluente del r\u00edo Colorado. Este \u00faltimo se encuentra bajo jurisdicci\u00f3n del Comit\u00e9 Interjurisdiccional del R\u00edo Colorado (Coirco), que es la autoridad de aplicaci\u00f3n del Programa \u00danico de Habilitaci\u00f3n de \u00c1reas de Riego y Distribuci\u00f3n de Caudales del R\u00edo Colorado y funcionar\u00e1 como \u00f3rgano de control en el cumplimiento del acta 812 (normas transitorias de llenado del embalse) y acta 814 (normas de operaci\u00f3n del embalse).<\/p>\n<p>&nbsp;<\/p>\n<p>&nbsp;<\/p>\n<p>&nbsp;<\/p>\n","protected":false},"excerpt":{"rendered":"<p>La Asamblea de los R\u00edos Pampeanos le solicit\u00f3 hoy a la Corte Suprema de Justicia de la Naci\u00f3n el \u00abpronto despacho\u00bb al amparo ambiental que present\u00f3 el a\u00f1o pasado para&hellip;<\/p>\n","protected":false},"author":3,"featured_media":58218,"comment_status":"closed","ping_status":"open","sticky":false,"template":"","format":"standard","meta":{"_acf_changed":false,"footnotes":""},"categories":[11,319,12],"tags":[259],"class_list":["post-59332","post","type-post","status-publish","format-standard","has-post-thumbnail","hentry","category-que-pasa","category-a-temporales","category-sociedad","tag-portezuelo"],"acf":[],"yoast_head":"<!-- This site is optimized with the Yoast SEO plugin v27.5 - https:\/\/yoast.com\/product\/yoast-seo-wordpress\/ -->\n<title>Asamblea de los R\u00edos pidi\u00f3 a la Corte que resuelva ya el amparo por Portezuelo - Diario Textual<\/title>\n<meta name=\"robots\" content=\"index, follow, max-snippet:-1, max-image-preview:large, max-video-preview:-1\" \/>\n<link rel=\"canonical\" href=\"https:\/\/diariotextual.com\/inicio\/index.php\/2019\/08\/13\/asamblea-los-rios-pidio-la-corte-resuelva-ya-amparo-portezuelo\/\" \/>\n<meta property=\"og:locale\" content=\"es_ES\" \/>\n<meta property=\"og:type\" content=\"article\" \/>\n<meta property=\"og:title\" content=\"Asamblea de los R\u00edos pidi\u00f3 a la Corte que resuelva ya el amparo por Portezuelo - Diario Textual\" \/>\n<meta property=\"og:description\" content=\"La Asamblea de los R\u00edos Pampeanos le solicit\u00f3 hoy a la Corte Suprema de Justicia de la Naci\u00f3n el \u00abpronto despacho\u00bb al amparo ambiental que present\u00f3 el a\u00f1o pasado para&hellip;\" \/>\n<meta property=\"og:url\" content=\"https:\/\/diariotextual.com\/inicio\/index.php\/2019\/08\/13\/asamblea-los-rios-pidio-la-corte-resuelva-ya-amparo-portezuelo\/\" \/>\n<meta property=\"og:site_name\" content=\"Diario Textual\" \/>\n<meta property=\"article:publisher\" content=\"https:\/\/www.facebook.com\/eltextual\" \/>\n<meta property=\"article:published_time\" content=\"2019-08-13T20:20:04+00:00\" \/>\n<meta property=\"article:modified_time\" content=\"2019-08-14T11:23:46+00:00\" \/>\n<meta property=\"og:image\" content=\"https:\/\/diariotextual.com\/inicio\/wp-content\/uploads\/2019\/08\/portezuelodelvientodibujo112.jpg\" \/>\n\t<meta property=\"og:image:width\" content=\"920\" \/>\n\t<meta property=\"og:image:height\" content=\"520\" \/>\n\t<meta property=\"og:image:type\" content=\"image\/jpeg\" \/>\n<meta name=\"author\" content=\"Diario1 Diario1\" \/>\n<meta name=\"twitter:card\" content=\"summary_large_image\" \/>\n<meta name=\"twitter:creator\" content=\"@eltextual\" \/>\n<meta name=\"twitter:site\" content=\"@eltextual\" \/>\n<meta name=\"twitter:label1\" content=\"Escrito por\" \/>\n\t<meta name=\"twitter:data1\" content=\"Diario1 Diario1\" \/>\n\t<meta name=\"twitter:label2\" content=\"Tiempo de lectura\" \/>\n\t<meta name=\"twitter:data2\" content=\"4 minutos\" \/>\n<script type=\"application\/ld+json\" class=\"yoast-schema-graph\">{\"@context\":\"https:\\\/\\\/schema.org\",\"@graph\":[{\"@type\":\"Article\",\"@id\":\"https:\\\/\\\/diariotextual.com\\\/inicio\\\/index.php\\\/2019\\\/08\\\/13\\\/asamblea-los-rios-pidio-la-corte-resuelva-ya-amparo-portezuelo\\\/#article\",\"isPartOf\":{\"@id\":\"https:\\\/\\\/diariotextual.com\\\/inicio\\\/index.php\\\/2019\\\/08\\\/13\\\/asamblea-los-rios-pidio-la-corte-resuelva-ya-amparo-portezuelo\\\/\"},\"author\":{\"name\":\"Diario1 Diario1\",\"@id\":\"https:\\\/\\\/diariotextual.com\\\/inicio\\\/#\\\/schema\\\/person\\\/418fc4093c33e86ed41562db3508f958\"},\"headline\":\"Asamblea de los R\u00edos pidi\u00f3 a la Corte que resuelva ya el amparo por Portezuelo\",\"datePublished\":\"2019-08-13T20:20:04+00:00\",\"dateModified\":\"2019-08-14T11:23:46+00:00\",\"mainEntityOfPage\":{\"@id\":\"https:\\\/\\\/diariotextual.com\\\/inicio\\\/index.php\\\/2019\\\/08\\\/13\\\/asamblea-los-rios-pidio-la-corte-resuelva-ya-amparo-portezuelo\\\/\"},\"wordCount\":766,\"publisher\":{\"@id\":\"https:\\\/\\\/diariotextual.com\\\/inicio\\\/#organization\"},\"image\":{\"@id\":\"https:\\\/\\\/diariotextual.com\\\/inicio\\\/index.php\\\/2019\\\/08\\\/13\\\/asamblea-los-rios-pidio-la-corte-resuelva-ya-amparo-portezuelo\\\/#primaryimage\"},\"thumbnailUrl\":\"https:\\\/\\\/diariotextual.com\\\/inicio\\\/wp-content\\\/uploads\\\/2019\\\/08\\\/portezuelodelvientodibujo112.jpg\",\"keywords\":[\"portezuelo\"],\"articleSection\":[\"A - QUE PASA (al costado)\",\"A - TEMPORALES\",\"SOCIEDAD\"],\"inLanguage\":\"es\"},{\"@type\":\"WebPage\",\"@id\":\"https:\\\/\\\/diariotextual.com\\\/inicio\\\/index.php\\\/2019\\\/08\\\/13\\\/asamblea-los-rios-pidio-la-corte-resuelva-ya-amparo-portezuelo\\\/\",\"url\":\"https:\\\/\\\/diariotextual.com\\\/inicio\\\/index.php\\\/2019\\\/08\\\/13\\\/asamblea-los-rios-pidio-la-corte-resuelva-ya-amparo-portezuelo\\\/\",\"name\":\"Asamblea de los R\u00edos pidi\u00f3 a la Corte que resuelva ya el amparo por Portezuelo - Diario Textual\",\"isPartOf\":{\"@id\":\"https:\\\/\\\/diariotextual.com\\\/inicio\\\/#website\"},\"primaryImageOfPage\":{\"@id\":\"https:\\\/\\\/diariotextual.com\\\/inicio\\\/index.php\\\/2019\\\/08\\\/13\\\/asamblea-los-rios-pidio-la-corte-resuelva-ya-amparo-portezuelo\\\/#primaryimage\"},\"image\":{\"@id\":\"https:\\\/\\\/diariotextual.com\\\/inicio\\\/index.php\\\/2019\\\/08\\\/13\\\/asamblea-los-rios-pidio-la-corte-resuelva-ya-amparo-portezuelo\\\/#primaryimage\"},\"thumbnailUrl\":\"https:\\\/\\\/diariotextual.com\\\/inicio\\\/wp-content\\\/uploads\\\/2019\\\/08\\\/portezuelodelvientodibujo112.jpg\",\"datePublished\":\"2019-08-13T20:20:04+00:00\",\"dateModified\":\"2019-08-14T11:23:46+00:00\",\"breadcrumb\":{\"@id\":\"https:\\\/\\\/diariotextual.com\\\/inicio\\\/index.php\\\/2019\\\/08\\\/13\\\/asamblea-los-rios-pidio-la-corte-resuelva-ya-amparo-portezuelo\\\/#breadcrumb\"},\"inLanguage\":\"es\",\"potentialAction\":[{\"@type\":\"ReadAction\",\"target\":[\"https:\\\/\\\/diariotextual.com\\\/inicio\\\/index.php\\\/2019\\\/08\\\/13\\\/asamblea-los-rios-pidio-la-corte-resuelva-ya-amparo-portezuelo\\\/\"]}]},{\"@type\":\"ImageObject\",\"inLanguage\":\"es\",\"@id\":\"https:\\\/\\\/diariotextual.com\\\/inicio\\\/index.php\\\/2019\\\/08\\\/13\\\/asamblea-los-rios-pidio-la-corte-resuelva-ya-amparo-portezuelo\\\/#primaryimage\",\"url\":\"https:\\\/\\\/diariotextual.com\\\/inicio\\\/wp-content\\\/uploads\\\/2019\\\/08\\\/portezuelodelvientodibujo112.jpg\",\"contentUrl\":\"https:\\\/\\\/diariotextual.com\\\/inicio\\\/wp-content\\\/uploads\\\/2019\\\/08\\\/portezuelodelvientodibujo112.jpg\",\"width\":920,\"height\":520},{\"@type\":\"BreadcrumbList\",\"@id\":\"https:\\\/\\\/diariotextual.com\\\/inicio\\\/index.php\\\/2019\\\/08\\\/13\\\/asamblea-los-rios-pidio-la-corte-resuelva-ya-amparo-portezuelo\\\/#breadcrumb\",\"itemListElement\":[{\"@type\":\"ListItem\",\"position\":1,\"name\":\"Portada\",\"item\":\"https:\\\/\\\/diariotextual.com\\\/inicio\\\/\"},{\"@type\":\"ListItem\",\"position\":2,\"name\":\"Asamblea de los R\u00edos pidi\u00f3 a la Corte que resuelva ya el amparo por Portezuelo\"}]},{\"@type\":\"WebSite\",\"@id\":\"https:\\\/\\\/diariotextual.com\\\/inicio\\\/#website\",\"url\":\"https:\\\/\\\/diariotextual.com\\\/inicio\\\/\",\"name\":\"Diario Textual\",\"description\":\"\",\"publisher\":{\"@id\":\"https:\\\/\\\/diariotextual.com\\\/inicio\\\/#organization\"},\"potentialAction\":[{\"@type\":\"SearchAction\",\"target\":{\"@type\":\"EntryPoint\",\"urlTemplate\":\"https:\\\/\\\/diariotextual.com\\\/inicio\\\/?s={search_term_string}\"},\"query-input\":{\"@type\":\"PropertyValueSpecification\",\"valueRequired\":true,\"valueName\":\"search_term_string\"}}],\"inLanguage\":\"es\"},{\"@type\":\"Organization\",\"@id\":\"https:\\\/\\\/diariotextual.com\\\/inicio\\\/#organization\",\"name\":\"Diario Textual\",\"url\":\"https:\\\/\\\/diariotextual.com\\\/inicio\\\/\",\"logo\":{\"@type\":\"ImageObject\",\"inLanguage\":\"es\",\"@id\":\"https:\\\/\\\/diariotextual.com\\\/inicio\\\/#\\\/schema\\\/logo\\\/image\\\/\",\"url\":\"https:\\\/\\\/diariotextual.com\\\/inicio\\\/wp-content\\\/uploads\\\/2023\\\/05\\\/logotextual1.jpg\",\"contentUrl\":\"https:\\\/\\\/diariotextual.com\\\/inicio\\\/wp-content\\\/uploads\\\/2023\\\/05\\\/logotextual1.jpg\",\"width\":516,\"height\":76,\"caption\":\"Diario Textual\"},\"image\":{\"@id\":\"https:\\\/\\\/diariotextual.com\\\/inicio\\\/#\\\/schema\\\/logo\\\/image\\\/\"},\"sameAs\":[\"https:\\\/\\\/www.facebook.com\\\/eltextual\",\"https:\\\/\\\/x.com\\\/eltextual\",\"http:\\\/\\\/www.instagram.com\\\/eltextual\"]},{\"@type\":\"Person\",\"@id\":\"https:\\\/\\\/diariotextual.com\\\/inicio\\\/#\\\/schema\\\/person\\\/418fc4093c33e86ed41562db3508f958\",\"name\":\"Diario1 Diario1\",\"image\":{\"@type\":\"ImageObject\",\"inLanguage\":\"es\",\"@id\":\"https:\\\/\\\/secure.gravatar.com\\\/avatar\\\/9167d280179c85bc18be67aa7eda765854300033af4896dd779b608640f2ef7a?s=96&d=mm&r=g\",\"url\":\"https:\\\/\\\/secure.gravatar.com\\\/avatar\\\/9167d280179c85bc18be67aa7eda765854300033af4896dd779b608640f2ef7a?s=96&d=mm&r=g\",\"contentUrl\":\"https:\\\/\\\/secure.gravatar.com\\\/avatar\\\/9167d280179c85bc18be67aa7eda765854300033af4896dd779b608640f2ef7a?s=96&d=mm&r=g\",\"caption\":\"Diario1 Diario1\"},\"url\":\"https:\\\/\\\/diariotextual.com\\\/inicio\\\/index.php\\\/author\\\/diario1\\\/\"}]}<\/script>\n<!-- \/ Yoast SEO plugin. -->","yoast_head_json":{"title":"Asamblea de los R\u00edos pidi\u00f3 a la Corte que resuelva ya el amparo por Portezuelo - Diario Textual","robots":{"index":"index","follow":"follow","max-snippet":"max-snippet:-1","max-image-preview":"max-image-preview:large","max-video-preview":"max-video-preview:-1"},"canonical":"https:\/\/diariotextual.com\/inicio\/index.php\/2019\/08\/13\/asamblea-los-rios-pidio-la-corte-resuelva-ya-amparo-portezuelo\/","og_locale":"es_ES","og_type":"article","og_title":"Asamblea de los R\u00edos pidi\u00f3 a la Corte que resuelva ya el amparo por Portezuelo - Diario Textual","og_description":"La Asamblea de los R\u00edos Pampeanos le solicit\u00f3 hoy a la Corte Suprema de Justicia de la Naci\u00f3n el \u00abpronto despacho\u00bb al amparo ambiental que present\u00f3 el a\u00f1o pasado para&hellip;","og_url":"https:\/\/diariotextual.com\/inicio\/index.php\/2019\/08\/13\/asamblea-los-rios-pidio-la-corte-resuelva-ya-amparo-portezuelo\/","og_site_name":"Diario Textual","article_publisher":"https:\/\/www.facebook.com\/eltextual","article_published_time":"2019-08-13T20:20:04+00:00","article_modified_time":"2019-08-14T11:23:46+00:00","og_image":[{"width":920,"height":520,"url":"https:\/\/diariotextual.com\/inicio\/wp-content\/uploads\/2019\/08\/portezuelodelvientodibujo112.jpg","type":"image\/jpeg"}],"author":"Diario1 Diario1","twitter_card":"summary_large_image","twitter_creator":"@eltextual","twitter_site":"@eltextual","twitter_misc":{"Escrito por":"Diario1 Diario1","Tiempo de lectura":"4 minutos"},"schema":{"@context":"https:\/\/schema.org","@graph":[{"@type":"Article","@id":"https:\/\/diariotextual.com\/inicio\/index.php\/2019\/08\/13\/asamblea-los-rios-pidio-la-corte-resuelva-ya-amparo-portezuelo\/#article","isPartOf":{"@id":"https:\/\/diariotextual.com\/inicio\/index.php\/2019\/08\/13\/asamblea-los-rios-pidio-la-corte-resuelva-ya-amparo-portezuelo\/"},"author":{"name":"Diario1 Diario1","@id":"https:\/\/diariotextual.com\/inicio\/#\/schema\/person\/418fc4093c33e86ed41562db3508f958"},"headline":"Asamblea de los R\u00edos pidi\u00f3 a la Corte que resuelva ya el amparo por Portezuelo","datePublished":"2019-08-13T20:20:04+00:00","dateModified":"2019-08-14T11:23:46+00:00","mainEntityOfPage":{"@id":"https:\/\/diariotextual.com\/inicio\/index.php\/2019\/08\/13\/asamblea-los-rios-pidio-la-corte-resuelva-ya-amparo-portezuelo\/"},"wordCount":766,"publisher":{"@id":"https:\/\/diariotextual.com\/inicio\/#organization"},"image":{"@id":"https:\/\/diariotextual.com\/inicio\/index.php\/2019\/08\/13\/asamblea-los-rios-pidio-la-corte-resuelva-ya-amparo-portezuelo\/#primaryimage"},"thumbnailUrl":"https:\/\/diariotextual.com\/inicio\/wp-content\/uploads\/2019\/08\/portezuelodelvientodibujo112.jpg","keywords":["portezuelo"],"articleSection":["A - QUE PASA (al costado)","A - TEMPORALES","SOCIEDAD"],"inLanguage":"es"},{"@type":"WebPage","@id":"https:\/\/diariotextual.com\/inicio\/index.php\/2019\/08\/13\/asamblea-los-rios-pidio-la-corte-resuelva-ya-amparo-portezuelo\/","url":"https:\/\/diariotextual.com\/inicio\/index.php\/2019\/08\/13\/asamblea-los-rios-pidio-la-corte-resuelva-ya-amparo-portezuelo\/","name":"Asamblea de los R\u00edos pidi\u00f3 a la Corte que resuelva ya el amparo por Portezuelo - Diario Textual","isPartOf":{"@id":"https:\/\/diariotextual.com\/inicio\/#website"},"primaryImageOfPage":{"@id":"https:\/\/diariotextual.com\/inicio\/index.php\/2019\/08\/13\/asamblea-los-rios-pidio-la-corte-resuelva-ya-amparo-portezuelo\/#primaryimage"},"image":{"@id":"https:\/\/diariotextual.com\/inicio\/index.php\/2019\/08\/13\/asamblea-los-rios-pidio-la-corte-resuelva-ya-amparo-portezuelo\/#primaryimage"},"thumbnailUrl":"https:\/\/diariotextual.com\/inicio\/wp-content\/uploads\/2019\/08\/portezuelodelvientodibujo112.jpg","datePublished":"2019-08-13T20:20:04+00:00","dateModified":"2019-08-14T11:23:46+00:00","breadcrumb":{"@id":"https:\/\/diariotextual.com\/inicio\/index.php\/2019\/08\/13\/asamblea-los-rios-pidio-la-corte-resuelva-ya-amparo-portezuelo\/#breadcrumb"},"inLanguage":"es","potentialAction":[{"@type":"ReadAction","target":["https:\/\/diariotextual.com\/inicio\/index.php\/2019\/08\/13\/asamblea-los-rios-pidio-la-corte-resuelva-ya-amparo-portezuelo\/"]}]},{"@type":"ImageObject","inLanguage":"es","@id":"https:\/\/diariotextual.com\/inicio\/index.php\/2019\/08\/13\/asamblea-los-rios-pidio-la-corte-resuelva-ya-amparo-portezuelo\/#primaryimage","url":"https:\/\/diariotextual.com\/inicio\/wp-content\/uploads\/2019\/08\/portezuelodelvientodibujo112.jpg","contentUrl":"https:\/\/diariotextual.com\/inicio\/wp-content\/uploads\/2019\/08\/portezuelodelvientodibujo112.jpg","width":920,"height":520},{"@type":"BreadcrumbList","@id":"https:\/\/diariotextual.com\/inicio\/index.php\/2019\/08\/13\/asamblea-los-rios-pidio-la-corte-resuelva-ya-amparo-portezuelo\/#breadcrumb","itemListElement":[{"@type":"ListItem","position":1,"name":"Portada","item":"https:\/\/diariotextual.com\/inicio\/"},{"@type":"ListItem","position":2,"name":"Asamblea de los R\u00edos pidi\u00f3 a la Corte que resuelva ya el amparo por Portezuelo"}]},{"@type":"WebSite","@id":"https:\/\/diariotextual.com\/inicio\/#website","url":"https:\/\/diariotextual.com\/inicio\/","name":"Diario Textual","description":"","publisher":{"@id":"https:\/\/diariotextual.com\/inicio\/#organization"},"potentialAction":[{"@type":"SearchAction","target":{"@type":"EntryPoint","urlTemplate":"https:\/\/diariotextual.com\/inicio\/?s={search_term_string}"},"query-input":{"@type":"PropertyValueSpecification","valueRequired":true,"valueName":"search_term_string"}}],"inLanguage":"es"},{"@type":"Organization","@id":"https:\/\/diariotextual.com\/inicio\/#organization","name":"Diario Textual","url":"https:\/\/diariotextual.com\/inicio\/","logo":{"@type":"ImageObject","inLanguage":"es","@id":"https:\/\/diariotextual.com\/inicio\/#\/schema\/logo\/image\/","url":"https:\/\/diariotextual.com\/inicio\/wp-content\/uploads\/2023\/05\/logotextual1.jpg","contentUrl":"https:\/\/diariotextual.com\/inicio\/wp-content\/uploads\/2023\/05\/logotextual1.jpg","width":516,"height":76,"caption":"Diario Textual"},"image":{"@id":"https:\/\/diariotextual.com\/inicio\/#\/schema\/logo\/image\/"},"sameAs":["https:\/\/www.facebook.com\/eltextual","https:\/\/x.com\/eltextual","http:\/\/www.instagram.com\/eltextual"]},{"@type":"Person","@id":"https:\/\/diariotextual.com\/inicio\/#\/schema\/person\/418fc4093c33e86ed41562db3508f958","name":"Diario1 Diario1","image":{"@type":"ImageObject","inLanguage":"es","@id":"https:\/\/secure.gravatar.com\/avatar\/9167d280179c85bc18be67aa7eda765854300033af4896dd779b608640f2ef7a?s=96&d=mm&r=g","url":"https:\/\/secure.gravatar.com\/avatar\/9167d280179c85bc18be67aa7eda765854300033af4896dd779b608640f2ef7a?s=96&d=mm&r=g","contentUrl":"https:\/\/secure.gravatar.com\/avatar\/9167d280179c85bc18be67aa7eda765854300033af4896dd779b608640f2ef7a?s=96&d=mm&r=g","caption":"Diario1 Diario1"},"url":"https:\/\/diariotextual.com\/inicio\/index.php\/author\/diario1\/"}]}},"_links":{"self":[{"href":"https:\/\/diariotextual.com\/inicio\/index.php\/wp-json\/wp\/v2\/posts\/59332","targetHints":{"allow":["GET"]}}],"collection":[{"href":"https:\/\/diariotextual.com\/inicio\/index.php\/wp-json\/wp\/v2\/posts"}],"about":[{"href":"https:\/\/diariotextual.com\/inicio\/index.php\/wp-json\/wp\/v2\/types\/post"}],"author":[{"embeddable":true,"href":"https:\/\/diariotextual.com\/inicio\/index.php\/wp-json\/wp\/v2\/users\/3"}],"replies":[{"embeddable":true,"href":"https:\/\/diariotextual.com\/inicio\/index.php\/wp-json\/wp\/v2\/comments?post=59332"}],"version-history":[{"count":7,"href":"https:\/\/diariotextual.com\/inicio\/index.php\/wp-json\/wp\/v2\/posts\/59332\/revisions"}],"predecessor-version":[{"id":59340,"href":"https:\/\/diariotextual.com\/inicio\/index.php\/wp-json\/wp\/v2\/posts\/59332\/revisions\/59340"}],"wp:featuredmedia":[{"embeddable":true,"href":"https:\/\/diariotextual.com\/inicio\/index.php\/wp-json\/wp\/v2\/media\/58218"}],"wp:attachment":[{"href":"https:\/\/diariotextual.com\/inicio\/index.php\/wp-json\/wp\/v2\/media?parent=59332"}],"wp:term":[{"taxonomy":"category","embeddable":true,"href":"https:\/\/diariotextual.com\/inicio\/index.php\/wp-json\/wp\/v2\/categories?post=59332"},{"taxonomy":"post_tag","embeddable":true,"href":"https:\/\/diariotextual.com\/inicio\/index.php\/wp-json\/wp\/v2\/tags?post=59332"}],"curies":[{"name":"wp","href":"https:\/\/api.w.org\/{rel}","templated":true}]}}