{"id":59351,"date":"2019-08-13T20:43:25","date_gmt":"2019-08-13T23:43:25","guid":{"rendered":"http:\/\/diariotextual.com\/inicio\/?p=59351"},"modified":"2019-08-14T15:33:10","modified_gmt":"2019-08-14T18:33:10","slug":"senador-marino-fue-sobreseido-la-causa-abuso","status":"publish","type":"post","link":"https:\/\/diariotextual.com\/inicio\/index.php\/2019\/08\/13\/senador-marino-fue-sobreseido-la-causa-abuso\/","title":{"rendered":"El senador Marino fue sobrese\u00eddo en la causa por abuso"},"content":{"rendered":"<p>La jueza federal\u00a0Mar\u00eda Eugenia Capuchetti\u00a0<strong>sobresey\u00f3<\/strong> al senador nacional <strong>Juan Carlos Marino<\/strong> (UCR La Pampa)\u00a0en la causa donde<strong> era investigado por abuso sexual contra una empleada del Congreso<\/strong>. Tambi\u00e9n fueron sobrese\u00eddos otros dos empleados legislativos acusados tambi\u00e9n de acoso y abuso sexual.<\/p>\n<p>El dato fue confirmado, ante una consulta de <strong>Diario Textual<\/strong>, por allegados a Marino en la noche de este martes.\u00a0El senador por La Pampa fue acusado penalmente en diciembre de 2018 por la empleada legislativa <strong>Claudia Guebel<\/strong>. Adem\u00e1s de Marino, la trabajadora denunci\u00f3 a Pedro Fiorda, jefe de despacho del senador radical; y a Juan Carlos Amarilla, que se desempe\u00f1a como asesor en el despacho del diputado Alfredo Olmedo.<\/p>\n<p>Ahora la jueza, luego de que le tomaran declaraci\u00f3n a 19 testigos, dijo que el delito nunca existi\u00f3. \u00abDe un exhaustivo an\u00e1lisis de los testimonios recibidos, la prueba documental y t\u00e9cnica recabada, permiten sostener razonablemente que no hay ninguna certeza de que los hechos se hubiesen perpetrado en las circunstancias de modo, tiempo y lugar en las que declar\u00f3 la denunciante\u00bb, sostuvo en su fallo.<\/p>\n<p>Guebel dijo que Marino le hab\u00eda tocado los pechos la primera vez que fue a su oficina para que le firmaran la planilla de asistencia y de acosarla a trav\u00e9s de mensajes de WhatsApp con contenido sexual.\u00a0\u00abMe dec\u00eda: &#8216;\u00bfD\u00f3nde est\u00e1s?&#8217;, &#8216;\u00bfd\u00f3nde viv\u00eds?&#8217;, &#8216;voy a estar por all\u00e1, me doy una vuelta&#8217;, &#8216;preparate, que voy a tu casa&#8217;. Me enviaba videos alusivos al sexo. Quiero aclarar que yo no ten\u00eda v\u00ednculo alguno con \u00e9l, ni de confianza ni de amistad. Este tipo de mensajes me los enviaba constantemente, varias veces por semana\u00bb, relat\u00f3.<\/p>\n<p>El legislador, en mensajes a sus conocidos, dijo estar \u00abfeliz\u00bb por el sobreseimiento. <strong>\u00abEs una gran noticia no s\u00f3lo por mi buen nombre sino, ante todo, por mi familia y amigos quienes sufrieron esta injuria junto a m\u00ed\u00bb<\/strong>, escribi\u00f3.<\/p>\n<p>&nbsp;<\/p>\n<p>&nbsp;<\/p>\n<p>&nbsp;<\/p>\n<p>&nbsp;<\/p>\n<p>&nbsp;<\/p>\n","protected":false},"excerpt":{"rendered":"<p>La jueza federal\u00a0Mar\u00eda Eugenia Capuchetti\u00a0sobresey\u00f3 al senador nacional Juan Carlos Marino (UCR La Pampa)\u00a0en la causa donde era investigado por abuso sexual contra una empleada del Congreso. Tambi\u00e9n fueron sobrese\u00eddos&hellip;<\/p>\n","protected":false},"author":3,"featured_media":1550,"comment_status":"closed","ping_status":"open","sticky":false,"template":"","format":"standard","meta":{"_acf_changed":false,"footnotes":""},"categories":[319,8],"tags":[1078,140],"class_list":["post-59351","post","type-post","status-publish","format-standard","has-post-thumbnail","hentry","category-a-temporales","category-politica","tag-guebel","tag-marino"],"acf":[],"yoast_head":"<!-- This site is optimized with the Yoast SEO plugin v27.5 - https:\/\/yoast.com\/product\/yoast-seo-wordpress\/ -->\n<title>El senador Marino fue sobrese\u00eddo en la causa por abuso - Diario Textual<\/title>\n<meta name=\"robots\" content=\"index, follow, max-snippet:-1, max-image-preview:large, max-video-preview:-1\" \/>\n<link rel=\"canonical\" href=\"https:\/\/diariotextual.com\/inicio\/index.php\/2019\/08\/13\/senador-marino-fue-sobreseido-la-causa-abuso\/\" \/>\n<meta property=\"og:locale\" content=\"es_ES\" \/>\n<meta property=\"og:type\" content=\"article\" \/>\n<meta property=\"og:title\" content=\"El senador Marino fue sobrese\u00eddo en la causa por abuso - Diario Textual\" \/>\n<meta property=\"og:description\" content=\"La jueza federal\u00a0Mar\u00eda Eugenia Capuchetti\u00a0sobresey\u00f3 al senador nacional Juan Carlos Marino (UCR La Pampa)\u00a0en la causa donde era investigado por abuso sexual contra una empleada del Congreso. Tambi\u00e9n fueron sobrese\u00eddos&hellip;\" \/>\n<meta property=\"og:url\" content=\"https:\/\/diariotextual.com\/inicio\/index.php\/2019\/08\/13\/senador-marino-fue-sobreseido-la-causa-abuso\/\" \/>\n<meta property=\"og:site_name\" content=\"Diario Textual\" \/>\n<meta property=\"article:publisher\" content=\"https:\/\/www.facebook.com\/eltextual\" \/>\n<meta property=\"article:published_time\" content=\"2019-08-13T23:43:25+00:00\" \/>\n<meta property=\"article:modified_time\" content=\"2019-08-14T18:33:10+00:00\" \/>\n<meta property=\"og:image\" content=\"https:\/\/diariotextual.com\/inicio\/wp-content\/uploads\/2018\/03\/marinojuancarlos2018-55.jpg\" \/>\n\t<meta property=\"og:image:width\" content=\"1120\" \/>\n\t<meta property=\"og:image:height\" content=\"777\" \/>\n\t<meta property=\"og:image:type\" content=\"image\/jpeg\" \/>\n<meta name=\"author\" content=\"Diario1 Diario1\" \/>\n<meta name=\"twitter:card\" content=\"summary_large_image\" \/>\n<meta name=\"twitter:creator\" content=\"@eltextual\" \/>\n<meta name=\"twitter:site\" content=\"@eltextual\" \/>\n<meta name=\"twitter:label1\" content=\"Escrito por\" \/>\n\t<meta name=\"twitter:data1\" content=\"Diario1 Diario1\" \/>\n\t<meta name=\"twitter:label2\" content=\"Tiempo de lectura\" \/>\n\t<meta name=\"twitter:data2\" content=\"2 minutos\" \/>\n<script type=\"application\/ld+json\" class=\"yoast-schema-graph\">{\"@context\":\"https:\\\/\\\/schema.org\",\"@graph\":[{\"@type\":\"Article\",\"@id\":\"https:\\\/\\\/diariotextual.com\\\/inicio\\\/index.php\\\/2019\\\/08\\\/13\\\/senador-marino-fue-sobreseido-la-causa-abuso\\\/#article\",\"isPartOf\":{\"@id\":\"https:\\\/\\\/diariotextual.com\\\/inicio\\\/index.php\\\/2019\\\/08\\\/13\\\/senador-marino-fue-sobreseido-la-causa-abuso\\\/\"},\"author\":{\"name\":\"Diario1 Diario1\",\"@id\":\"https:\\\/\\\/diariotextual.com\\\/inicio\\\/#\\\/schema\\\/person\\\/418fc4093c33e86ed41562db3508f958\"},\"headline\":\"El senador Marino fue sobrese\u00eddo en la causa por abuso\",\"datePublished\":\"2019-08-13T23:43:25+00:00\",\"dateModified\":\"2019-08-14T18:33:10+00:00\",\"mainEntityOfPage\":{\"@id\":\"https:\\\/\\\/diariotextual.com\\\/inicio\\\/index.php\\\/2019\\\/08\\\/13\\\/senador-marino-fue-sobreseido-la-causa-abuso\\\/\"},\"wordCount\":348,\"publisher\":{\"@id\":\"https:\\\/\\\/diariotextual.com\\\/inicio\\\/#organization\"},\"image\":{\"@id\":\"https:\\\/\\\/diariotextual.com\\\/inicio\\\/index.php\\\/2019\\\/08\\\/13\\\/senador-marino-fue-sobreseido-la-causa-abuso\\\/#primaryimage\"},\"thumbnailUrl\":\"https:\\\/\\\/diariotextual.com\\\/inicio\\\/wp-content\\\/uploads\\\/2018\\\/03\\\/marinojuancarlos2018-55.jpg\",\"keywords\":[\"Guebel\",\"marino\"],\"articleSection\":[\"A - TEMPORALES\",\"POLITICA\"],\"inLanguage\":\"es\"},{\"@type\":\"WebPage\",\"@id\":\"https:\\\/\\\/diariotextual.com\\\/inicio\\\/index.php\\\/2019\\\/08\\\/13\\\/senador-marino-fue-sobreseido-la-causa-abuso\\\/\",\"url\":\"https:\\\/\\\/diariotextual.com\\\/inicio\\\/index.php\\\/2019\\\/08\\\/13\\\/senador-marino-fue-sobreseido-la-causa-abuso\\\/\",\"name\":\"El senador Marino fue sobrese\u00eddo en la causa por abuso - Diario Textual\",\"isPartOf\":{\"@id\":\"https:\\\/\\\/diariotextual.com\\\/inicio\\\/#website\"},\"primaryImageOfPage\":{\"@id\":\"https:\\\/\\\/diariotextual.com\\\/inicio\\\/index.php\\\/2019\\\/08\\\/13\\\/senador-marino-fue-sobreseido-la-causa-abuso\\\/#primaryimage\"},\"image\":{\"@id\":\"https:\\\/\\\/diariotextual.com\\\/inicio\\\/index.php\\\/2019\\\/08\\\/13\\\/senador-marino-fue-sobreseido-la-causa-abuso\\\/#primaryimage\"},\"thumbnailUrl\":\"https:\\\/\\\/diariotextual.com\\\/inicio\\\/wp-content\\\/uploads\\\/2018\\\/03\\\/marinojuancarlos2018-55.jpg\",\"datePublished\":\"2019-08-13T23:43:25+00:00\",\"dateModified\":\"2019-08-14T18:33:10+00:00\",\"breadcrumb\":{\"@id\":\"https:\\\/\\\/diariotextual.com\\\/inicio\\\/index.php\\\/2019\\\/08\\\/13\\\/senador-marino-fue-sobreseido-la-causa-abuso\\\/#breadcrumb\"},\"inLanguage\":\"es\",\"potentialAction\":[{\"@type\":\"ReadAction\",\"target\":[\"https:\\\/\\\/diariotextual.com\\\/inicio\\\/index.php\\\/2019\\\/08\\\/13\\\/senador-marino-fue-sobreseido-la-causa-abuso\\\/\"]}]},{\"@type\":\"ImageObject\",\"inLanguage\":\"es\",\"@id\":\"https:\\\/\\\/diariotextual.com\\\/inicio\\\/index.php\\\/2019\\\/08\\\/13\\\/senador-marino-fue-sobreseido-la-causa-abuso\\\/#primaryimage\",\"url\":\"https:\\\/\\\/diariotextual.com\\\/inicio\\\/wp-content\\\/uploads\\\/2018\\\/03\\\/marinojuancarlos2018-55.jpg\",\"contentUrl\":\"https:\\\/\\\/diariotextual.com\\\/inicio\\\/wp-content\\\/uploads\\\/2018\\\/03\\\/marinojuancarlos2018-55.jpg\",\"width\":1120,\"height\":777},{\"@type\":\"BreadcrumbList\",\"@id\":\"https:\\\/\\\/diariotextual.com\\\/inicio\\\/index.php\\\/2019\\\/08\\\/13\\\/senador-marino-fue-sobreseido-la-causa-abuso\\\/#breadcrumb\",\"itemListElement\":[{\"@type\":\"ListItem\",\"position\":1,\"name\":\"Portada\",\"item\":\"https:\\\/\\\/diariotextual.com\\\/inicio\\\/\"},{\"@type\":\"ListItem\",\"position\":2,\"name\":\"El senador Marino fue sobrese\u00eddo en la causa por abuso\"}]},{\"@type\":\"WebSite\",\"@id\":\"https:\\\/\\\/diariotextual.com\\\/inicio\\\/#website\",\"url\":\"https:\\\/\\\/diariotextual.com\\\/inicio\\\/\",\"name\":\"Diario Textual\",\"description\":\"\",\"publisher\":{\"@id\":\"https:\\\/\\\/diariotextual.com\\\/inicio\\\/#organization\"},\"potentialAction\":[{\"@type\":\"SearchAction\",\"target\":{\"@type\":\"EntryPoint\",\"urlTemplate\":\"https:\\\/\\\/diariotextual.com\\\/inicio\\\/?s={search_term_string}\"},\"query-input\":{\"@type\":\"PropertyValueSpecification\",\"valueRequired\":true,\"valueName\":\"search_term_string\"}}],\"inLanguage\":\"es\"},{\"@type\":\"Organization\",\"@id\":\"https:\\\/\\\/diariotextual.com\\\/inicio\\\/#organization\",\"name\":\"Diario Textual\",\"url\":\"https:\\\/\\\/diariotextual.com\\\/inicio\\\/\",\"logo\":{\"@type\":\"ImageObject\",\"inLanguage\":\"es\",\"@id\":\"https:\\\/\\\/diariotextual.com\\\/inicio\\\/#\\\/schema\\\/logo\\\/image\\\/\",\"url\":\"https:\\\/\\\/diariotextual.com\\\/inicio\\\/wp-content\\\/uploads\\\/2023\\\/05\\\/logotextual1.jpg\",\"contentUrl\":\"https:\\\/\\\/diariotextual.com\\\/inicio\\\/wp-content\\\/uploads\\\/2023\\\/05\\\/logotextual1.jpg\",\"width\":516,\"height\":76,\"caption\":\"Diario Textual\"},\"image\":{\"@id\":\"https:\\\/\\\/diariotextual.com\\\/inicio\\\/#\\\/schema\\\/logo\\\/image\\\/\"},\"sameAs\":[\"https:\\\/\\\/www.facebook.com\\\/eltextual\",\"https:\\\/\\\/x.com\\\/eltextual\",\"http:\\\/\\\/www.instagram.com\\\/eltextual\"]},{\"@type\":\"Person\",\"@id\":\"https:\\\/\\\/diariotextual.com\\\/inicio\\\/#\\\/schema\\\/person\\\/418fc4093c33e86ed41562db3508f958\",\"name\":\"Diario1 Diario1\",\"image\":{\"@type\":\"ImageObject\",\"inLanguage\":\"es\",\"@id\":\"https:\\\/\\\/secure.gravatar.com\\\/avatar\\\/9167d280179c85bc18be67aa7eda765854300033af4896dd779b608640f2ef7a?s=96&d=mm&r=g\",\"url\":\"https:\\\/\\\/secure.gravatar.com\\\/avatar\\\/9167d280179c85bc18be67aa7eda765854300033af4896dd779b608640f2ef7a?s=96&d=mm&r=g\",\"contentUrl\":\"https:\\\/\\\/secure.gravatar.com\\\/avatar\\\/9167d280179c85bc18be67aa7eda765854300033af4896dd779b608640f2ef7a?s=96&d=mm&r=g\",\"caption\":\"Diario1 Diario1\"},\"url\":\"https:\\\/\\\/diariotextual.com\\\/inicio\\\/index.php\\\/author\\\/diario1\\\/\"}]}<\/script>\n<!-- \/ Yoast SEO plugin. -->","yoast_head_json":{"title":"El senador Marino fue sobrese\u00eddo en la causa por abuso - Diario Textual","robots":{"index":"index","follow":"follow","max-snippet":"max-snippet:-1","max-image-preview":"max-image-preview:large","max-video-preview":"max-video-preview:-1"},"canonical":"https:\/\/diariotextual.com\/inicio\/index.php\/2019\/08\/13\/senador-marino-fue-sobreseido-la-causa-abuso\/","og_locale":"es_ES","og_type":"article","og_title":"El senador Marino fue sobrese\u00eddo en la causa por abuso - Diario Textual","og_description":"La jueza federal\u00a0Mar\u00eda Eugenia Capuchetti\u00a0sobresey\u00f3 al senador nacional Juan Carlos Marino (UCR La Pampa)\u00a0en la causa donde era investigado por abuso sexual contra una empleada del Congreso. Tambi\u00e9n fueron sobrese\u00eddos&hellip;","og_url":"https:\/\/diariotextual.com\/inicio\/index.php\/2019\/08\/13\/senador-marino-fue-sobreseido-la-causa-abuso\/","og_site_name":"Diario Textual","article_publisher":"https:\/\/www.facebook.com\/eltextual","article_published_time":"2019-08-13T23:43:25+00:00","article_modified_time":"2019-08-14T18:33:10+00:00","og_image":[{"width":1120,"height":777,"url":"https:\/\/diariotextual.com\/inicio\/wp-content\/uploads\/2018\/03\/marinojuancarlos2018-55.jpg","type":"image\/jpeg"}],"author":"Diario1 Diario1","twitter_card":"summary_large_image","twitter_creator":"@eltextual","twitter_site":"@eltextual","twitter_misc":{"Escrito por":"Diario1 Diario1","Tiempo de lectura":"2 minutos"},"schema":{"@context":"https:\/\/schema.org","@graph":[{"@type":"Article","@id":"https:\/\/diariotextual.com\/inicio\/index.php\/2019\/08\/13\/senador-marino-fue-sobreseido-la-causa-abuso\/#article","isPartOf":{"@id":"https:\/\/diariotextual.com\/inicio\/index.php\/2019\/08\/13\/senador-marino-fue-sobreseido-la-causa-abuso\/"},"author":{"name":"Diario1 Diario1","@id":"https:\/\/diariotextual.com\/inicio\/#\/schema\/person\/418fc4093c33e86ed41562db3508f958"},"headline":"El senador Marino fue sobrese\u00eddo en la causa por abuso","datePublished":"2019-08-13T23:43:25+00:00","dateModified":"2019-08-14T18:33:10+00:00","mainEntityOfPage":{"@id":"https:\/\/diariotextual.com\/inicio\/index.php\/2019\/08\/13\/senador-marino-fue-sobreseido-la-causa-abuso\/"},"wordCount":348,"publisher":{"@id":"https:\/\/diariotextual.com\/inicio\/#organization"},"image":{"@id":"https:\/\/diariotextual.com\/inicio\/index.php\/2019\/08\/13\/senador-marino-fue-sobreseido-la-causa-abuso\/#primaryimage"},"thumbnailUrl":"https:\/\/diariotextual.com\/inicio\/wp-content\/uploads\/2018\/03\/marinojuancarlos2018-55.jpg","keywords":["Guebel","marino"],"articleSection":["A - TEMPORALES","POLITICA"],"inLanguage":"es"},{"@type":"WebPage","@id":"https:\/\/diariotextual.com\/inicio\/index.php\/2019\/08\/13\/senador-marino-fue-sobreseido-la-causa-abuso\/","url":"https:\/\/diariotextual.com\/inicio\/index.php\/2019\/08\/13\/senador-marino-fue-sobreseido-la-causa-abuso\/","name":"El senador Marino fue sobrese\u00eddo en la causa por abuso - Diario Textual","isPartOf":{"@id":"https:\/\/diariotextual.com\/inicio\/#website"},"primaryImageOfPage":{"@id":"https:\/\/diariotextual.com\/inicio\/index.php\/2019\/08\/13\/senador-marino-fue-sobreseido-la-causa-abuso\/#primaryimage"},"image":{"@id":"https:\/\/diariotextual.com\/inicio\/index.php\/2019\/08\/13\/senador-marino-fue-sobreseido-la-causa-abuso\/#primaryimage"},"thumbnailUrl":"https:\/\/diariotextual.com\/inicio\/wp-content\/uploads\/2018\/03\/marinojuancarlos2018-55.jpg","datePublished":"2019-08-13T23:43:25+00:00","dateModified":"2019-08-14T18:33:10+00:00","breadcrumb":{"@id":"https:\/\/diariotextual.com\/inicio\/index.php\/2019\/08\/13\/senador-marino-fue-sobreseido-la-causa-abuso\/#breadcrumb"},"inLanguage":"es","potentialAction":[{"@type":"ReadAction","target":["https:\/\/diariotextual.com\/inicio\/index.php\/2019\/08\/13\/senador-marino-fue-sobreseido-la-causa-abuso\/"]}]},{"@type":"ImageObject","inLanguage":"es","@id":"https:\/\/diariotextual.com\/inicio\/index.php\/2019\/08\/13\/senador-marino-fue-sobreseido-la-causa-abuso\/#primaryimage","url":"https:\/\/diariotextual.com\/inicio\/wp-content\/uploads\/2018\/03\/marinojuancarlos2018-55.jpg","contentUrl":"https:\/\/diariotextual.com\/inicio\/wp-content\/uploads\/2018\/03\/marinojuancarlos2018-55.jpg","width":1120,"height":777},{"@type":"BreadcrumbList","@id":"https:\/\/diariotextual.com\/inicio\/index.php\/2019\/08\/13\/senador-marino-fue-sobreseido-la-causa-abuso\/#breadcrumb","itemListElement":[{"@type":"ListItem","position":1,"name":"Portada","item":"https:\/\/diariotextual.com\/inicio\/"},{"@type":"ListItem","position":2,"name":"El senador Marino fue sobrese\u00eddo en la causa por abuso"}]},{"@type":"WebSite","@id":"https:\/\/diariotextual.com\/inicio\/#website","url":"https:\/\/diariotextual.com\/inicio\/","name":"Diario Textual","description":"","publisher":{"@id":"https:\/\/diariotextual.com\/inicio\/#organization"},"potentialAction":[{"@type":"SearchAction","target":{"@type":"EntryPoint","urlTemplate":"https:\/\/diariotextual.com\/inicio\/?s={search_term_string}"},"query-input":{"@type":"PropertyValueSpecification","valueRequired":true,"valueName":"search_term_string"}}],"inLanguage":"es"},{"@type":"Organization","@id":"https:\/\/diariotextual.com\/inicio\/#organization","name":"Diario Textual","url":"https:\/\/diariotextual.com\/inicio\/","logo":{"@type":"ImageObject","inLanguage":"es","@id":"https:\/\/diariotextual.com\/inicio\/#\/schema\/logo\/image\/","url":"https:\/\/diariotextual.com\/inicio\/wp-content\/uploads\/2023\/05\/logotextual1.jpg","contentUrl":"https:\/\/diariotextual.com\/inicio\/wp-content\/uploads\/2023\/05\/logotextual1.jpg","width":516,"height":76,"caption":"Diario Textual"},"image":{"@id":"https:\/\/diariotextual.com\/inicio\/#\/schema\/logo\/image\/"},"sameAs":["https:\/\/www.facebook.com\/eltextual","https:\/\/x.com\/eltextual","http:\/\/www.instagram.com\/eltextual"]},{"@type":"Person","@id":"https:\/\/diariotextual.com\/inicio\/#\/schema\/person\/418fc4093c33e86ed41562db3508f958","name":"Diario1 Diario1","image":{"@type":"ImageObject","inLanguage":"es","@id":"https:\/\/secure.gravatar.com\/avatar\/9167d280179c85bc18be67aa7eda765854300033af4896dd779b608640f2ef7a?s=96&d=mm&r=g","url":"https:\/\/secure.gravatar.com\/avatar\/9167d280179c85bc18be67aa7eda765854300033af4896dd779b608640f2ef7a?s=96&d=mm&r=g","contentUrl":"https:\/\/secure.gravatar.com\/avatar\/9167d280179c85bc18be67aa7eda765854300033af4896dd779b608640f2ef7a?s=96&d=mm&r=g","caption":"Diario1 Diario1"},"url":"https:\/\/diariotextual.com\/inicio\/index.php\/author\/diario1\/"}]}},"_links":{"self":[{"href":"https:\/\/diariotextual.com\/inicio\/index.php\/wp-json\/wp\/v2\/posts\/59351","targetHints":{"allow":["GET"]}}],"collection":[{"href":"https:\/\/diariotextual.com\/inicio\/index.php\/wp-json\/wp\/v2\/posts"}],"about":[{"href":"https:\/\/diariotextual.com\/inicio\/index.php\/wp-json\/wp\/v2\/types\/post"}],"author":[{"embeddable":true,"href":"https:\/\/diariotextual.com\/inicio\/index.php\/wp-json\/wp\/v2\/users\/3"}],"replies":[{"embeddable":true,"href":"https:\/\/diariotextual.com\/inicio\/index.php\/wp-json\/wp\/v2\/comments?post=59351"}],"version-history":[{"count":6,"href":"https:\/\/diariotextual.com\/inicio\/index.php\/wp-json\/wp\/v2\/posts\/59351\/revisions"}],"predecessor-version":[{"id":59381,"href":"https:\/\/diariotextual.com\/inicio\/index.php\/wp-json\/wp\/v2\/posts\/59351\/revisions\/59381"}],"wp:featuredmedia":[{"embeddable":true,"href":"https:\/\/diariotextual.com\/inicio\/index.php\/wp-json\/wp\/v2\/media\/1550"}],"wp:attachment":[{"href":"https:\/\/diariotextual.com\/inicio\/index.php\/wp-json\/wp\/v2\/media?parent=59351"}],"wp:term":[{"taxonomy":"category","embeddable":true,"href":"https:\/\/diariotextual.com\/inicio\/index.php\/wp-json\/wp\/v2\/categories?post=59351"},{"taxonomy":"post_tag","embeddable":true,"href":"https:\/\/diariotextual.com\/inicio\/index.php\/wp-json\/wp\/v2\/tags?post=59351"}],"curies":[{"name":"wp","href":"https:\/\/api.w.org\/{rel}","templated":true}]}}