{"id":59379,"date":"2019-08-14T09:15:51","date_gmt":"2019-08-14T12:15:51","guid":{"rendered":"http:\/\/diariotextual.com\/inicio\/?p=59379"},"modified":"2019-08-14T17:29:12","modified_gmt":"2019-08-14T20:29:12","slug":"descalabro-economico-la-mesa-intersindical-pedira-aumento-emergencia","status":"publish","type":"post","link":"https:\/\/diariotextual.com\/inicio\/index.php\/2019\/08\/14\/descalabro-economico-la-mesa-intersindical-pedira-aumento-emergencia\/","title":{"rendered":"Por el \u00abdescalabro\u00bb econ\u00f3mico, la Mesa Intersindical pedir\u00e1 un \u00abaumento de emergencia\u00bb"},"content":{"rendered":"<p>La <strong>Mesa Intersindical<\/strong>, que nuclea a los gremios estatales pampeanos, pedir\u00e1 al Gobierno provincial un <strong>aumento salarial \u00abde emergencia\u00bb<\/strong> debido al <strong>\u00abdescalabro<\/strong>\u00a0<strong>econ\u00f3mico\u00bb<\/strong> que se produjo por el alza del d\u00f3lar. \u00abEsta situaci\u00f3n trastoc\u00f3 todos los n\u00fameros que ten\u00edamos pensado pedir en la paritaria\u00bb, reconoci\u00f3 Julio Acosta, de Luz y Fuerza La Pampa.<\/p>\n<p>Los dirigentes gremiales se juntaron con el Gobierno en paritarias el 8 de agosto pasado para empezar a discutir el incremento salarial para el segundo semestre. Ese d\u00eda no hubo ofrecimiento, ni pedido. Quedaron en retomar la negociaci\u00f3n el 20 de agosto.<\/p>\n<p><strong>\u00abTodo lo que sucedi\u00f3 con este descalabro de la econom\u00eda despu\u00e9s de las PASO modific\u00f3 lo que ten\u00edamos pensado pedir en paritaria. Por eso vamos a solicitar una\u00a0recomposici\u00f3n de emergencia en forma inmediata porque la econom\u00eda est\u00e1 paralizada y est\u00e1n remarcando todos los precios\u00bb<\/strong>, explic\u00f3 Acosta.<\/p>\n<p>\u00abN\u00fameros para esta recomposici\u00f3n de emergencia no tenemos, veremos c\u00f3mo van a quedar las cosas. El\u00a0lunes que viene nos vamos a juntar los gremios para definir una postura com\u00fan y el martes se reanuda la paritaria\u00bb, dijo el dirigente a Diario Textual.<\/p>\n<p>La idea inicia de la Intersindical era acordar con el Gobierno incrementos por per\u00edodos cortos con cl\u00e1usula gatillo para equiparar el salario con la inflaci\u00f3n. Pero la disparada del d\u00f3lar y las remarcaciones de precios modificaron la situaci\u00f3n y ahora los dirigentes van a revisar los n\u00fameros que ten\u00edan en carpeta para ir con un nuevo reclamo salarial.<\/p>\n","protected":false},"excerpt":{"rendered":"<p>La Mesa Intersindical, que nuclea a los gremios estatales pampeanos, pedir\u00e1 al Gobierno provincial un aumento salarial \u00abde emergencia\u00bb debido al \u00abdescalabro\u00a0econ\u00f3mico\u00bb que se produjo por el alza del d\u00f3lar.&hellip;<\/p>\n","protected":false},"author":7,"featured_media":16936,"comment_status":"closed","ping_status":"open","sticky":false,"template":"","format":"standard","meta":{"_acf_changed":false,"footnotes":""},"categories":[319,8],"tags":[2174,1052],"class_list":["post-59379","post","type-post","status-publish","format-standard","has-post-thumbnail","hentry","category-a-temporales","category-politica","tag-aumento-salarial","tag-paritaria"],"acf":[],"yoast_head":"<!-- This site is optimized with the Yoast SEO plugin v27.5 - https:\/\/yoast.com\/product\/yoast-seo-wordpress\/ -->\n<title>Por el &quot;descalabro&quot; econ\u00f3mico, la Mesa Intersindical pedir\u00e1 un &quot;aumento de emergencia&quot; - Diario Textual<\/title>\n<meta name=\"robots\" content=\"index, follow, max-snippet:-1, max-image-preview:large, max-video-preview:-1\" \/>\n<link rel=\"canonical\" href=\"https:\/\/diariotextual.com\/inicio\/index.php\/2019\/08\/14\/descalabro-economico-la-mesa-intersindical-pedira-aumento-emergencia\/\" \/>\n<meta property=\"og:locale\" content=\"es_ES\" \/>\n<meta property=\"og:type\" content=\"article\" \/>\n<meta property=\"og:title\" content=\"Por el &quot;descalabro&quot; econ\u00f3mico, la Mesa Intersindical pedir\u00e1 un &quot;aumento de emergencia&quot; - Diario Textual\" \/>\n<meta property=\"og:description\" content=\"La Mesa Intersindical, que nuclea a los gremios estatales pampeanos, pedir\u00e1 al Gobierno provincial un aumento salarial \u00abde emergencia\u00bb debido al \u00abdescalabro\u00a0econ\u00f3mico\u00bb que se produjo por el alza del d\u00f3lar.&hellip;\" \/>\n<meta property=\"og:url\" content=\"https:\/\/diariotextual.com\/inicio\/index.php\/2019\/08\/14\/descalabro-economico-la-mesa-intersindical-pedira-aumento-emergencia\/\" \/>\n<meta property=\"og:site_name\" content=\"Diario Textual\" \/>\n<meta property=\"article:publisher\" content=\"https:\/\/www.facebook.com\/eltextual\" \/>\n<meta property=\"article:published_time\" content=\"2019-08-14T12:15:51+00:00\" \/>\n<meta property=\"article:modified_time\" content=\"2019-08-14T20:29:12+00:00\" \/>\n<meta property=\"og:image\" content=\"https:\/\/diariotextual.com\/inicio\/wp-content\/uploads\/2018\/08\/estatalesintersindicalparitarias2018-003.jpg\" \/>\n\t<meta property=\"og:image:width\" content=\"1000\" \/>\n\t<meta property=\"og:image:height\" content=\"647\" \/>\n\t<meta property=\"og:image:type\" content=\"image\/jpeg\" \/>\n<meta name=\"author\" content=\"diario5\" \/>\n<meta name=\"twitter:card\" content=\"summary_large_image\" \/>\n<meta name=\"twitter:creator\" content=\"@eltextual\" \/>\n<meta name=\"twitter:site\" content=\"@eltextual\" \/>\n<meta name=\"twitter:label1\" content=\"Escrito por\" \/>\n\t<meta name=\"twitter:data1\" content=\"diario5\" \/>\n\t<meta name=\"twitter:label2\" content=\"Tiempo de lectura\" \/>\n\t<meta name=\"twitter:data2\" content=\"1 minuto\" \/>\n<script type=\"application\/ld+json\" class=\"yoast-schema-graph\">{\"@context\":\"https:\\\/\\\/schema.org\",\"@graph\":[{\"@type\":\"Article\",\"@id\":\"https:\\\/\\\/diariotextual.com\\\/inicio\\\/index.php\\\/2019\\\/08\\\/14\\\/descalabro-economico-la-mesa-intersindical-pedira-aumento-emergencia\\\/#article\",\"isPartOf\":{\"@id\":\"https:\\\/\\\/diariotextual.com\\\/inicio\\\/index.php\\\/2019\\\/08\\\/14\\\/descalabro-economico-la-mesa-intersindical-pedira-aumento-emergencia\\\/\"},\"author\":{\"name\":\"diario5\",\"@id\":\"https:\\\/\\\/diariotextual.com\\\/inicio\\\/#\\\/schema\\\/person\\\/c7834961ad8b29b1d9cdbf4571299067\"},\"headline\":\"Por el \u00abdescalabro\u00bb econ\u00f3mico, la Mesa Intersindical pedir\u00e1 un \u00abaumento de emergencia\u00bb\",\"datePublished\":\"2019-08-14T12:15:51+00:00\",\"dateModified\":\"2019-08-14T20:29:12+00:00\",\"mainEntityOfPage\":{\"@id\":\"https:\\\/\\\/diariotextual.com\\\/inicio\\\/index.php\\\/2019\\\/08\\\/14\\\/descalabro-economico-la-mesa-intersindical-pedira-aumento-emergencia\\\/\"},\"wordCount\":278,\"publisher\":{\"@id\":\"https:\\\/\\\/diariotextual.com\\\/inicio\\\/#organization\"},\"image\":{\"@id\":\"https:\\\/\\\/diariotextual.com\\\/inicio\\\/index.php\\\/2019\\\/08\\\/14\\\/descalabro-economico-la-mesa-intersindical-pedira-aumento-emergencia\\\/#primaryimage\"},\"thumbnailUrl\":\"https:\\\/\\\/diariotextual.com\\\/inicio\\\/wp-content\\\/uploads\\\/2018\\\/08\\\/estatalesintersindicalparitarias2018-003.jpg\",\"keywords\":[\"aumento salarial\",\"Paritaria\"],\"articleSection\":[\"A - TEMPORALES\",\"POLITICA\"],\"inLanguage\":\"es\"},{\"@type\":\"WebPage\",\"@id\":\"https:\\\/\\\/diariotextual.com\\\/inicio\\\/index.php\\\/2019\\\/08\\\/14\\\/descalabro-economico-la-mesa-intersindical-pedira-aumento-emergencia\\\/\",\"url\":\"https:\\\/\\\/diariotextual.com\\\/inicio\\\/index.php\\\/2019\\\/08\\\/14\\\/descalabro-economico-la-mesa-intersindical-pedira-aumento-emergencia\\\/\",\"name\":\"Por el \\\"descalabro\\\" econ\u00f3mico, la Mesa Intersindical pedir\u00e1 un \\\"aumento de emergencia\\\" - Diario Textual\",\"isPartOf\":{\"@id\":\"https:\\\/\\\/diariotextual.com\\\/inicio\\\/#website\"},\"primaryImageOfPage\":{\"@id\":\"https:\\\/\\\/diariotextual.com\\\/inicio\\\/index.php\\\/2019\\\/08\\\/14\\\/descalabro-economico-la-mesa-intersindical-pedira-aumento-emergencia\\\/#primaryimage\"},\"image\":{\"@id\":\"https:\\\/\\\/diariotextual.com\\\/inicio\\\/index.php\\\/2019\\\/08\\\/14\\\/descalabro-economico-la-mesa-intersindical-pedira-aumento-emergencia\\\/#primaryimage\"},\"thumbnailUrl\":\"https:\\\/\\\/diariotextual.com\\\/inicio\\\/wp-content\\\/uploads\\\/2018\\\/08\\\/estatalesintersindicalparitarias2018-003.jpg\",\"datePublished\":\"2019-08-14T12:15:51+00:00\",\"dateModified\":\"2019-08-14T20:29:12+00:00\",\"breadcrumb\":{\"@id\":\"https:\\\/\\\/diariotextual.com\\\/inicio\\\/index.php\\\/2019\\\/08\\\/14\\\/descalabro-economico-la-mesa-intersindical-pedira-aumento-emergencia\\\/#breadcrumb\"},\"inLanguage\":\"es\",\"potentialAction\":[{\"@type\":\"ReadAction\",\"target\":[\"https:\\\/\\\/diariotextual.com\\\/inicio\\\/index.php\\\/2019\\\/08\\\/14\\\/descalabro-economico-la-mesa-intersindical-pedira-aumento-emergencia\\\/\"]}]},{\"@type\":\"ImageObject\",\"inLanguage\":\"es\",\"@id\":\"https:\\\/\\\/diariotextual.com\\\/inicio\\\/index.php\\\/2019\\\/08\\\/14\\\/descalabro-economico-la-mesa-intersindical-pedira-aumento-emergencia\\\/#primaryimage\",\"url\":\"https:\\\/\\\/diariotextual.com\\\/inicio\\\/wp-content\\\/uploads\\\/2018\\\/08\\\/estatalesintersindicalparitarias2018-003.jpg\",\"contentUrl\":\"https:\\\/\\\/diariotextual.com\\\/inicio\\\/wp-content\\\/uploads\\\/2018\\\/08\\\/estatalesintersindicalparitarias2018-003.jpg\",\"width\":1000,\"height\":647},{\"@type\":\"BreadcrumbList\",\"@id\":\"https:\\\/\\\/diariotextual.com\\\/inicio\\\/index.php\\\/2019\\\/08\\\/14\\\/descalabro-economico-la-mesa-intersindical-pedira-aumento-emergencia\\\/#breadcrumb\",\"itemListElement\":[{\"@type\":\"ListItem\",\"position\":1,\"name\":\"Portada\",\"item\":\"https:\\\/\\\/diariotextual.com\\\/inicio\\\/\"},{\"@type\":\"ListItem\",\"position\":2,\"name\":\"Por el \u00abdescalabro\u00bb econ\u00f3mico, la Mesa Intersindical pedir\u00e1 un \u00abaumento de emergencia\u00bb\"}]},{\"@type\":\"WebSite\",\"@id\":\"https:\\\/\\\/diariotextual.com\\\/inicio\\\/#website\",\"url\":\"https:\\\/\\\/diariotextual.com\\\/inicio\\\/\",\"name\":\"Diario Textual\",\"description\":\"\",\"publisher\":{\"@id\":\"https:\\\/\\\/diariotextual.com\\\/inicio\\\/#organization\"},\"potentialAction\":[{\"@type\":\"SearchAction\",\"target\":{\"@type\":\"EntryPoint\",\"urlTemplate\":\"https:\\\/\\\/diariotextual.com\\\/inicio\\\/?s={search_term_string}\"},\"query-input\":{\"@type\":\"PropertyValueSpecification\",\"valueRequired\":true,\"valueName\":\"search_term_string\"}}],\"inLanguage\":\"es\"},{\"@type\":\"Organization\",\"@id\":\"https:\\\/\\\/diariotextual.com\\\/inicio\\\/#organization\",\"name\":\"Diario Textual\",\"url\":\"https:\\\/\\\/diariotextual.com\\\/inicio\\\/\",\"logo\":{\"@type\":\"ImageObject\",\"inLanguage\":\"es\",\"@id\":\"https:\\\/\\\/diariotextual.com\\\/inicio\\\/#\\\/schema\\\/logo\\\/image\\\/\",\"url\":\"https:\\\/\\\/diariotextual.com\\\/inicio\\\/wp-content\\\/uploads\\\/2023\\\/05\\\/logotextual1.jpg\",\"contentUrl\":\"https:\\\/\\\/diariotextual.com\\\/inicio\\\/wp-content\\\/uploads\\\/2023\\\/05\\\/logotextual1.jpg\",\"width\":516,\"height\":76,\"caption\":\"Diario Textual\"},\"image\":{\"@id\":\"https:\\\/\\\/diariotextual.com\\\/inicio\\\/#\\\/schema\\\/logo\\\/image\\\/\"},\"sameAs\":[\"https:\\\/\\\/www.facebook.com\\\/eltextual\",\"https:\\\/\\\/x.com\\\/eltextual\",\"http:\\\/\\\/www.instagram.com\\\/eltextual\"]},{\"@type\":\"Person\",\"@id\":\"https:\\\/\\\/diariotextual.com\\\/inicio\\\/#\\\/schema\\\/person\\\/c7834961ad8b29b1d9cdbf4571299067\",\"name\":\"diario5\",\"image\":{\"@type\":\"ImageObject\",\"inLanguage\":\"es\",\"@id\":\"https:\\\/\\\/secure.gravatar.com\\\/avatar\\\/948c893b847ca6df68216ead81b63f363408ec9b0f600fefc0641ce78613b111?s=96&d=mm&r=g\",\"url\":\"https:\\\/\\\/secure.gravatar.com\\\/avatar\\\/948c893b847ca6df68216ead81b63f363408ec9b0f600fefc0641ce78613b111?s=96&d=mm&r=g\",\"contentUrl\":\"https:\\\/\\\/secure.gravatar.com\\\/avatar\\\/948c893b847ca6df68216ead81b63f363408ec9b0f600fefc0641ce78613b111?s=96&d=mm&r=g\",\"caption\":\"diario5\"},\"url\":\"https:\\\/\\\/diariotextual.com\\\/inicio\\\/index.php\\\/author\\\/diario5\\\/\"}]}<\/script>\n<!-- \/ Yoast SEO plugin. -->","yoast_head_json":{"title":"Por el \"descalabro\" econ\u00f3mico, la Mesa Intersindical pedir\u00e1 un \"aumento de emergencia\" - Diario Textual","robots":{"index":"index","follow":"follow","max-snippet":"max-snippet:-1","max-image-preview":"max-image-preview:large","max-video-preview":"max-video-preview:-1"},"canonical":"https:\/\/diariotextual.com\/inicio\/index.php\/2019\/08\/14\/descalabro-economico-la-mesa-intersindical-pedira-aumento-emergencia\/","og_locale":"es_ES","og_type":"article","og_title":"Por el \"descalabro\" econ\u00f3mico, la Mesa Intersindical pedir\u00e1 un \"aumento de emergencia\" - Diario Textual","og_description":"La Mesa Intersindical, que nuclea a los gremios estatales pampeanos, pedir\u00e1 al Gobierno provincial un aumento salarial \u00abde emergencia\u00bb debido al \u00abdescalabro\u00a0econ\u00f3mico\u00bb que se produjo por el alza del d\u00f3lar.&hellip;","og_url":"https:\/\/diariotextual.com\/inicio\/index.php\/2019\/08\/14\/descalabro-economico-la-mesa-intersindical-pedira-aumento-emergencia\/","og_site_name":"Diario Textual","article_publisher":"https:\/\/www.facebook.com\/eltextual","article_published_time":"2019-08-14T12:15:51+00:00","article_modified_time":"2019-08-14T20:29:12+00:00","og_image":[{"width":1000,"height":647,"url":"https:\/\/diariotextual.com\/inicio\/wp-content\/uploads\/2018\/08\/estatalesintersindicalparitarias2018-003.jpg","type":"image\/jpeg"}],"author":"diario5","twitter_card":"summary_large_image","twitter_creator":"@eltextual","twitter_site":"@eltextual","twitter_misc":{"Escrito por":"diario5","Tiempo de lectura":"1 minuto"},"schema":{"@context":"https:\/\/schema.org","@graph":[{"@type":"Article","@id":"https:\/\/diariotextual.com\/inicio\/index.php\/2019\/08\/14\/descalabro-economico-la-mesa-intersindical-pedira-aumento-emergencia\/#article","isPartOf":{"@id":"https:\/\/diariotextual.com\/inicio\/index.php\/2019\/08\/14\/descalabro-economico-la-mesa-intersindical-pedira-aumento-emergencia\/"},"author":{"name":"diario5","@id":"https:\/\/diariotextual.com\/inicio\/#\/schema\/person\/c7834961ad8b29b1d9cdbf4571299067"},"headline":"Por el \u00abdescalabro\u00bb econ\u00f3mico, la Mesa Intersindical pedir\u00e1 un \u00abaumento de emergencia\u00bb","datePublished":"2019-08-14T12:15:51+00:00","dateModified":"2019-08-14T20:29:12+00:00","mainEntityOfPage":{"@id":"https:\/\/diariotextual.com\/inicio\/index.php\/2019\/08\/14\/descalabro-economico-la-mesa-intersindical-pedira-aumento-emergencia\/"},"wordCount":278,"publisher":{"@id":"https:\/\/diariotextual.com\/inicio\/#organization"},"image":{"@id":"https:\/\/diariotextual.com\/inicio\/index.php\/2019\/08\/14\/descalabro-economico-la-mesa-intersindical-pedira-aumento-emergencia\/#primaryimage"},"thumbnailUrl":"https:\/\/diariotextual.com\/inicio\/wp-content\/uploads\/2018\/08\/estatalesintersindicalparitarias2018-003.jpg","keywords":["aumento salarial","Paritaria"],"articleSection":["A - TEMPORALES","POLITICA"],"inLanguage":"es"},{"@type":"WebPage","@id":"https:\/\/diariotextual.com\/inicio\/index.php\/2019\/08\/14\/descalabro-economico-la-mesa-intersindical-pedira-aumento-emergencia\/","url":"https:\/\/diariotextual.com\/inicio\/index.php\/2019\/08\/14\/descalabro-economico-la-mesa-intersindical-pedira-aumento-emergencia\/","name":"Por el \"descalabro\" econ\u00f3mico, la Mesa Intersindical pedir\u00e1 un \"aumento de emergencia\" - Diario Textual","isPartOf":{"@id":"https:\/\/diariotextual.com\/inicio\/#website"},"primaryImageOfPage":{"@id":"https:\/\/diariotextual.com\/inicio\/index.php\/2019\/08\/14\/descalabro-economico-la-mesa-intersindical-pedira-aumento-emergencia\/#primaryimage"},"image":{"@id":"https:\/\/diariotextual.com\/inicio\/index.php\/2019\/08\/14\/descalabro-economico-la-mesa-intersindical-pedira-aumento-emergencia\/#primaryimage"},"thumbnailUrl":"https:\/\/diariotextual.com\/inicio\/wp-content\/uploads\/2018\/08\/estatalesintersindicalparitarias2018-003.jpg","datePublished":"2019-08-14T12:15:51+00:00","dateModified":"2019-08-14T20:29:12+00:00","breadcrumb":{"@id":"https:\/\/diariotextual.com\/inicio\/index.php\/2019\/08\/14\/descalabro-economico-la-mesa-intersindical-pedira-aumento-emergencia\/#breadcrumb"},"inLanguage":"es","potentialAction":[{"@type":"ReadAction","target":["https:\/\/diariotextual.com\/inicio\/index.php\/2019\/08\/14\/descalabro-economico-la-mesa-intersindical-pedira-aumento-emergencia\/"]}]},{"@type":"ImageObject","inLanguage":"es","@id":"https:\/\/diariotextual.com\/inicio\/index.php\/2019\/08\/14\/descalabro-economico-la-mesa-intersindical-pedira-aumento-emergencia\/#primaryimage","url":"https:\/\/diariotextual.com\/inicio\/wp-content\/uploads\/2018\/08\/estatalesintersindicalparitarias2018-003.jpg","contentUrl":"https:\/\/diariotextual.com\/inicio\/wp-content\/uploads\/2018\/08\/estatalesintersindicalparitarias2018-003.jpg","width":1000,"height":647},{"@type":"BreadcrumbList","@id":"https:\/\/diariotextual.com\/inicio\/index.php\/2019\/08\/14\/descalabro-economico-la-mesa-intersindical-pedira-aumento-emergencia\/#breadcrumb","itemListElement":[{"@type":"ListItem","position":1,"name":"Portada","item":"https:\/\/diariotextual.com\/inicio\/"},{"@type":"ListItem","position":2,"name":"Por el \u00abdescalabro\u00bb econ\u00f3mico, la Mesa Intersindical pedir\u00e1 un \u00abaumento de emergencia\u00bb"}]},{"@type":"WebSite","@id":"https:\/\/diariotextual.com\/inicio\/#website","url":"https:\/\/diariotextual.com\/inicio\/","name":"Diario Textual","description":"","publisher":{"@id":"https:\/\/diariotextual.com\/inicio\/#organization"},"potentialAction":[{"@type":"SearchAction","target":{"@type":"EntryPoint","urlTemplate":"https:\/\/diariotextual.com\/inicio\/?s={search_term_string}"},"query-input":{"@type":"PropertyValueSpecification","valueRequired":true,"valueName":"search_term_string"}}],"inLanguage":"es"},{"@type":"Organization","@id":"https:\/\/diariotextual.com\/inicio\/#organization","name":"Diario Textual","url":"https:\/\/diariotextual.com\/inicio\/","logo":{"@type":"ImageObject","inLanguage":"es","@id":"https:\/\/diariotextual.com\/inicio\/#\/schema\/logo\/image\/","url":"https:\/\/diariotextual.com\/inicio\/wp-content\/uploads\/2023\/05\/logotextual1.jpg","contentUrl":"https:\/\/diariotextual.com\/inicio\/wp-content\/uploads\/2023\/05\/logotextual1.jpg","width":516,"height":76,"caption":"Diario Textual"},"image":{"@id":"https:\/\/diariotextual.com\/inicio\/#\/schema\/logo\/image\/"},"sameAs":["https:\/\/www.facebook.com\/eltextual","https:\/\/x.com\/eltextual","http:\/\/www.instagram.com\/eltextual"]},{"@type":"Person","@id":"https:\/\/diariotextual.com\/inicio\/#\/schema\/person\/c7834961ad8b29b1d9cdbf4571299067","name":"diario5","image":{"@type":"ImageObject","inLanguage":"es","@id":"https:\/\/secure.gravatar.com\/avatar\/948c893b847ca6df68216ead81b63f363408ec9b0f600fefc0641ce78613b111?s=96&d=mm&r=g","url":"https:\/\/secure.gravatar.com\/avatar\/948c893b847ca6df68216ead81b63f363408ec9b0f600fefc0641ce78613b111?s=96&d=mm&r=g","contentUrl":"https:\/\/secure.gravatar.com\/avatar\/948c893b847ca6df68216ead81b63f363408ec9b0f600fefc0641ce78613b111?s=96&d=mm&r=g","caption":"diario5"},"url":"https:\/\/diariotextual.com\/inicio\/index.php\/author\/diario5\/"}]}},"_links":{"self":[{"href":"https:\/\/diariotextual.com\/inicio\/index.php\/wp-json\/wp\/v2\/posts\/59379","targetHints":{"allow":["GET"]}}],"collection":[{"href":"https:\/\/diariotextual.com\/inicio\/index.php\/wp-json\/wp\/v2\/posts"}],"about":[{"href":"https:\/\/diariotextual.com\/inicio\/index.php\/wp-json\/wp\/v2\/types\/post"}],"author":[{"embeddable":true,"href":"https:\/\/diariotextual.com\/inicio\/index.php\/wp-json\/wp\/v2\/users\/7"}],"replies":[{"embeddable":true,"href":"https:\/\/diariotextual.com\/inicio\/index.php\/wp-json\/wp\/v2\/comments?post=59379"}],"version-history":[{"count":1,"href":"https:\/\/diariotextual.com\/inicio\/index.php\/wp-json\/wp\/v2\/posts\/59379\/revisions"}],"predecessor-version":[{"id":59380,"href":"https:\/\/diariotextual.com\/inicio\/index.php\/wp-json\/wp\/v2\/posts\/59379\/revisions\/59380"}],"wp:featuredmedia":[{"embeddable":true,"href":"https:\/\/diariotextual.com\/inicio\/index.php\/wp-json\/wp\/v2\/media\/16936"}],"wp:attachment":[{"href":"https:\/\/diariotextual.com\/inicio\/index.php\/wp-json\/wp\/v2\/media?parent=59379"}],"wp:term":[{"taxonomy":"category","embeddable":true,"href":"https:\/\/diariotextual.com\/inicio\/index.php\/wp-json\/wp\/v2\/categories?post=59379"},{"taxonomy":"post_tag","embeddable":true,"href":"https:\/\/diariotextual.com\/inicio\/index.php\/wp-json\/wp\/v2\/tags?post=59379"}],"curies":[{"name":"wp","href":"https:\/\/api.w.org\/{rel}","templated":true}]}}