{"id":59382,"date":"2019-08-14T09:37:56","date_gmt":"2019-08-14T12:37:56","guid":{"rendered":"http:\/\/diariotextual.com\/inicio\/?p=59382"},"modified":"2019-08-14T13:08:49","modified_gmt":"2019-08-14T16:08:49","slug":"macri-pidio-disculpas-escuche-mensaje-del-domingo","status":"publish","type":"post","link":"https:\/\/diariotextual.com\/inicio\/index.php\/2019\/08\/14\/macri-pidio-disculpas-escuche-mensaje-del-domingo\/","title":{"rendered":"Macri pidi\u00f3 disculpas: \u00abYo escuch\u00e9 el mensaje del domingo\u00bb"},"content":{"rendered":"<p>El presidente <strong>Mauricio Macri, <\/strong>luego de la derrota en las PASO y la fuerte devaluaci\u00f3n del tipo de cambio, pidi\u00f3 disculpas por haber culpado a la sociedad de las turbulencias econ\u00f3micas y anunci\u00f3 este mi\u00e9rcoles un paquete de medidas para tratar de reconquistar los votos desencantados que tendr\u00e1 <strong>un costo fiscal de 40 mil millones de pesos<\/strong>..\u00a0<strong>\u00abYo escuch\u00e9 el mensaje del domingo\u00bb<\/strong>, dijo este mi\u00e9rcoles, en un mensaje grabado, en el que hizo una serie de anuncios electorales: aumentos de salarios a estatales y privados, una reducci\u00f3n de 2 mil pesos por mes para los que pagan el Impuesto a las Ganancias, plan de pagos de deudas impositivas a las Pymes y el congelamiento de precios de los combustibles por 90 d\u00edas.<\/p>\n<p>&nbsp;<\/p>\n<p><iframe src=\"https:\/\/www.youtube.com\/embed\/LMm5KnY62So\" width=\"653\" height=\"380\" frameborder=\"0\" allowfullscreen=\"allowfullscreen\"><span data-mce-type=\"bookmark\" style=\"display: inline-block; width: 0px; overflow: hidden; line-height: 0;\" class=\"mce_SELRES_start\">\ufeff<\/span><\/iframe><\/p>\n<p>&nbsp;<\/p>\n<p>\u00abQuiero decir que entiendo su enojo y su cansancio. Solo pido que no pongamos en duda lo que hicimos hasta ahora. Porque hay mucho en juego\u00bb.<\/p>\n<div class=\"row pb-content-type-text\">\n<div class=\"col-xs-12 col-print-12\">\n<p class=\"element element-paragraph\">\u00ab<strong>Quiero pedirles disculpas por lo que dije el lunes; sepan que los entend\u00ed<\/strong>\u00ab, manifest\u00f3 en un tramo de su discurso. De esa manera se refiri\u00f3 a la conferencia de prensa en la que dijo que los mercados hab\u00edan reaccionado con fuertes bajas porque\u00a0en el mundo le tienen miedo al kirchnerismo y mostr\u00f3 cierta desaz\u00f3n con los votantes de Alberto Fern\u00e1ndez.\u00a0<strong>\u201cEstaba afectado por los resultados del domingo y triste por lo que ocurri\u00f3 con la econom\u00eda\u201d, intent\u00f3 justificar.<\/strong> Tambi\u00e9n dijo que estaba \u00absin dormir\u00bb.<\/p>\n<\/div>\n<blockquote class=\"wp-embedded-content\" data-secret=\"smculC38ae\"><p><a href=\"http:\/\/diariotextual.com\/inicio\/index.php\/2019\/08\/14\/alberto-fernandez-confirmo-no-se-va-reunir-macri\/\">Alberto Fern\u00e1ndez confirm\u00f3 que no se va a reunir con Macri<\/a><\/p><\/blockquote>\n<p><iframe class=\"wp-embedded-content\" sandbox=\"allow-scripts\" security=\"restricted\" style=\"position: absolute; clip: rect(1px, 1px, 1px, 1px);\" src=\"http:\/\/diariotextual.com\/inicio\/index.php\/2019\/08\/14\/alberto-fernandez-confirmo-no-se-va-reunir-macri\/embed\/#?secret=smculC38ae\" data-secret=\"smculC38ae\" width=\"600\" height=\"338\" title=\"&#171;Alberto Fern\u00e1ndez confirm\u00f3 que no se va a reunir con Macri&#187; &#8212; Diario Textual\" frameborder=\"0\" marginwidth=\"0\" marginheight=\"0\" scrolling=\"no\"><\/iframe><\/p>\n<\/div>\n<p>La intenci\u00f3n, dijo el presidente, es mejorar los recursos de las familias y las empresas y frenar el aumento de los precios. \u00abVamos a mejorar los ingresos de 17 millones de trabajadores\u00bb, anunci\u00f3.<\/p>\n<p><strong>-Bonos:\u00a0<\/strong>para los trabajadores en relaci\u00f3n de dependencias habr\u00e1 $2000 pesos extra en septiembre y octubre. \u00abNos vamos a hacer cargo de los aportes personales\u00bb. dijo. Los empleados de la administraci\u00f3n p\u00fablica y los miembros de las Fuerzas Armadas recibir\u00e1n un bono de $5000 por mes.<\/p>\n<p><strong>-Aumento de AUH:<\/strong>los monotributistas informales y desocupados recibir\u00e1n dos pagos extras de asignaci\u00f3n universal por hijo (AUH) por sus hijos.<\/p>\n<p><strong>-Beca Progresar:\u00a0<\/strong>recibir\u00e1n un incremento del 40%.<\/p>\n<p><strong>-Naftas: <\/strong>el precio de las naftas estar\u00e1 congelado por 90 d\u00edas.<\/p>\n<p><strong>-Actualizaci\u00f3n de Ganancias<\/strong>: aumenta un 20% el piso y la deducci\u00f3n especial a partir de los cuales pagan<\/p>\n<p><strong>-Suba del salario m\u00ednimo<\/strong>: convoc\u00f3 al Consejo del Salario M\u00ednimo para discutir un aumento. Actualmente el sueldo b\u00e1sico es de $12.500 y lo cobran alrededor de 1,9 millones de personas. La inflaci\u00f3n ya lleva 22,4% en el a\u00f1o. Fuentes oficiales estiman que el incremento podr\u00eda estar entre el 25 y el 30%, \u00aben l\u00ednea con las paritarias\u00bb. Los gremios y las c\u00e1maras empresarias esperaban que el Presidente convocara al Consejo del Salario para fines de agosto.<\/p>\n<p><strong>-Moratoria para las pymes<\/strong>: Diez a\u00f1os de plazo para ponerse al d\u00eda a las peque\u00f1as y medianas empresas (y tambi\u00e9n a los aut\u00f3nomos y monotributistas). En este plan se podr\u00e1n incluir deudas vencidas hasta el 15 de agosto con tiempo para inscribirse hasta fin de octubre.<\/p>\n<p>&nbsp;<\/p>\n<blockquote class=\"wp-embedded-content\" data-secret=\"NUnTkpjjPM\"><p><a href=\"http:\/\/diariotextual.com\/inicio\/index.php\/2019\/08\/14\/una-una-las-medidas-anunciadas-macri\/\">Una por una, las medidas anunciadas por Macri<\/a><\/p><\/blockquote>\n<p><iframe class=\"wp-embedded-content\" sandbox=\"allow-scripts\" security=\"restricted\" style=\"position: absolute; clip: rect(1px, 1px, 1px, 1px);\" src=\"http:\/\/diariotextual.com\/inicio\/index.php\/2019\/08\/14\/una-una-las-medidas-anunciadas-macri\/embed\/#?secret=NUnTkpjjPM\" data-secret=\"NUnTkpjjPM\" width=\"600\" height=\"338\" title=\"&#171;Una por una, las medidas anunciadas por Macri&#187; &#8212; Diario Textual\" frameborder=\"0\" marginwidth=\"0\" marginheight=\"0\" scrolling=\"no\"><\/iframe><\/p>\n<p>&nbsp;<\/p>\n<p>&nbsp;<\/p>\n","protected":false},"excerpt":{"rendered":"<p>El presidente Mauricio Macri, luego de la derrota en las PASO y la fuerte devaluaci\u00f3n del tipo de cambio, pidi\u00f3 disculpas por haber culpado a la sociedad de las turbulencias&hellip;<\/p>\n","protected":false},"author":3,"featured_media":59112,"comment_status":"closed","ping_status":"open","sticky":false,"template":"","format":"standard","meta":{"_acf_changed":false,"footnotes":""},"categories":[11,8],"tags":[125,120,2163],"class_list":["post-59382","post","type-post","status-publish","format-standard","has-post-thumbnail","hentry","category-que-pasa","category-politica","tag-elecciones","tag-macri","tag-paso"],"acf":[],"yoast_head":"<!-- This site is optimized with the Yoast SEO plugin v27.5 - https:\/\/yoast.com\/product\/yoast-seo-wordpress\/ -->\n<title>Macri pidi\u00f3 disculpas: &quot;Yo escuch\u00e9 el mensaje del domingo&quot; - Diario Textual<\/title>\n<meta name=\"robots\" content=\"index, follow, max-snippet:-1, max-image-preview:large, max-video-preview:-1\" \/>\n<link rel=\"canonical\" href=\"https:\/\/diariotextual.com\/inicio\/index.php\/2019\/08\/14\/macri-pidio-disculpas-escuche-mensaje-del-domingo\/\" \/>\n<meta property=\"og:locale\" content=\"es_ES\" \/>\n<meta property=\"og:type\" content=\"article\" \/>\n<meta property=\"og:title\" content=\"Macri pidi\u00f3 disculpas: &quot;Yo escuch\u00e9 el mensaje del domingo&quot; - Diario Textual\" \/>\n<meta property=\"og:description\" content=\"El presidente Mauricio Macri, luego de la derrota en las PASO y la fuerte devaluaci\u00f3n del tipo de cambio, pidi\u00f3 disculpas por haber culpado a la sociedad de las turbulencias&hellip;\" \/>\n<meta property=\"og:url\" content=\"https:\/\/diariotextual.com\/inicio\/index.php\/2019\/08\/14\/macri-pidio-disculpas-escuche-mensaje-del-domingo\/\" \/>\n<meta property=\"og:site_name\" content=\"Diario Textual\" \/>\n<meta property=\"article:publisher\" content=\"https:\/\/www.facebook.com\/eltextual\" \/>\n<meta property=\"article:published_time\" content=\"2019-08-14T12:37:56+00:00\" \/>\n<meta property=\"article:modified_time\" content=\"2019-08-14T16:08:49+00:00\" \/>\n<meta property=\"og:image\" content=\"https:\/\/diariotextual.com\/inicio\/wp-content\/uploads\/2019\/08\/macriderrotapaso2019233.jpg\" \/>\n\t<meta property=\"og:image:width\" content=\"1920\" \/>\n\t<meta property=\"og:image:height\" content=\"1278\" \/>\n\t<meta property=\"og:image:type\" content=\"image\/jpeg\" \/>\n<meta name=\"author\" content=\"Diario1 Diario1\" \/>\n<meta name=\"twitter:card\" content=\"summary_large_image\" \/>\n<meta name=\"twitter:creator\" content=\"@eltextual\" \/>\n<meta name=\"twitter:site\" content=\"@eltextual\" \/>\n<meta name=\"twitter:label1\" content=\"Escrito por\" \/>\n\t<meta name=\"twitter:data1\" content=\"Diario1 Diario1\" \/>\n\t<meta name=\"twitter:label2\" content=\"Tiempo de lectura\" \/>\n\t<meta name=\"twitter:data2\" content=\"3 minutos\" \/>\n<script type=\"application\/ld+json\" class=\"yoast-schema-graph\">{\"@context\":\"https:\\\/\\\/schema.org\",\"@graph\":[{\"@type\":\"Article\",\"@id\":\"https:\\\/\\\/diariotextual.com\\\/inicio\\\/index.php\\\/2019\\\/08\\\/14\\\/macri-pidio-disculpas-escuche-mensaje-del-domingo\\\/#article\",\"isPartOf\":{\"@id\":\"https:\\\/\\\/diariotextual.com\\\/inicio\\\/index.php\\\/2019\\\/08\\\/14\\\/macri-pidio-disculpas-escuche-mensaje-del-domingo\\\/\"},\"author\":{\"name\":\"Diario1 Diario1\",\"@id\":\"https:\\\/\\\/diariotextual.com\\\/inicio\\\/#\\\/schema\\\/person\\\/418fc4093c33e86ed41562db3508f958\"},\"headline\":\"Macri pidi\u00f3 disculpas: \u00abYo escuch\u00e9 el mensaje del domingo\u00bb\",\"datePublished\":\"2019-08-14T12:37:56+00:00\",\"dateModified\":\"2019-08-14T16:08:49+00:00\",\"mainEntityOfPage\":{\"@id\":\"https:\\\/\\\/diariotextual.com\\\/inicio\\\/index.php\\\/2019\\\/08\\\/14\\\/macri-pidio-disculpas-escuche-mensaje-del-domingo\\\/\"},\"wordCount\":541,\"publisher\":{\"@id\":\"https:\\\/\\\/diariotextual.com\\\/inicio\\\/#organization\"},\"image\":{\"@id\":\"https:\\\/\\\/diariotextual.com\\\/inicio\\\/index.php\\\/2019\\\/08\\\/14\\\/macri-pidio-disculpas-escuche-mensaje-del-domingo\\\/#primaryimage\"},\"thumbnailUrl\":\"https:\\\/\\\/diariotextual.com\\\/inicio\\\/wp-content\\\/uploads\\\/2019\\\/08\\\/macriderrotapaso2019233.jpg\",\"keywords\":[\"elecciones\",\"macri\",\"paso\"],\"articleSection\":[\"A - QUE PASA (al costado)\",\"POLITICA\"],\"inLanguage\":\"es\"},{\"@type\":\"WebPage\",\"@id\":\"https:\\\/\\\/diariotextual.com\\\/inicio\\\/index.php\\\/2019\\\/08\\\/14\\\/macri-pidio-disculpas-escuche-mensaje-del-domingo\\\/\",\"url\":\"https:\\\/\\\/diariotextual.com\\\/inicio\\\/index.php\\\/2019\\\/08\\\/14\\\/macri-pidio-disculpas-escuche-mensaje-del-domingo\\\/\",\"name\":\"Macri pidi\u00f3 disculpas: \\\"Yo escuch\u00e9 el mensaje del domingo\\\" - Diario Textual\",\"isPartOf\":{\"@id\":\"https:\\\/\\\/diariotextual.com\\\/inicio\\\/#website\"},\"primaryImageOfPage\":{\"@id\":\"https:\\\/\\\/diariotextual.com\\\/inicio\\\/index.php\\\/2019\\\/08\\\/14\\\/macri-pidio-disculpas-escuche-mensaje-del-domingo\\\/#primaryimage\"},\"image\":{\"@id\":\"https:\\\/\\\/diariotextual.com\\\/inicio\\\/index.php\\\/2019\\\/08\\\/14\\\/macri-pidio-disculpas-escuche-mensaje-del-domingo\\\/#primaryimage\"},\"thumbnailUrl\":\"https:\\\/\\\/diariotextual.com\\\/inicio\\\/wp-content\\\/uploads\\\/2019\\\/08\\\/macriderrotapaso2019233.jpg\",\"datePublished\":\"2019-08-14T12:37:56+00:00\",\"dateModified\":\"2019-08-14T16:08:49+00:00\",\"breadcrumb\":{\"@id\":\"https:\\\/\\\/diariotextual.com\\\/inicio\\\/index.php\\\/2019\\\/08\\\/14\\\/macri-pidio-disculpas-escuche-mensaje-del-domingo\\\/#breadcrumb\"},\"inLanguage\":\"es\",\"potentialAction\":[{\"@type\":\"ReadAction\",\"target\":[\"https:\\\/\\\/diariotextual.com\\\/inicio\\\/index.php\\\/2019\\\/08\\\/14\\\/macri-pidio-disculpas-escuche-mensaje-del-domingo\\\/\"]}]},{\"@type\":\"ImageObject\",\"inLanguage\":\"es\",\"@id\":\"https:\\\/\\\/diariotextual.com\\\/inicio\\\/index.php\\\/2019\\\/08\\\/14\\\/macri-pidio-disculpas-escuche-mensaje-del-domingo\\\/#primaryimage\",\"url\":\"https:\\\/\\\/diariotextual.com\\\/inicio\\\/wp-content\\\/uploads\\\/2019\\\/08\\\/macriderrotapaso2019233.jpg\",\"contentUrl\":\"https:\\\/\\\/diariotextual.com\\\/inicio\\\/wp-content\\\/uploads\\\/2019\\\/08\\\/macriderrotapaso2019233.jpg\",\"width\":1920,\"height\":1278,\"caption\":\"AME6272. BUENOS AIRES (ARGENTINA), 11\\\/08\\\/2019.- El presidente de la Argentina, Mauricio Macri, reconoce la derrota de Juntos Por el Cambio en las elecciones internas que se realizaron este domingo, en la ciudad de Buenos Aires (Argentina) EFE\\\/Juan Ignacio Roncoroni\"},{\"@type\":\"BreadcrumbList\",\"@id\":\"https:\\\/\\\/diariotextual.com\\\/inicio\\\/index.php\\\/2019\\\/08\\\/14\\\/macri-pidio-disculpas-escuche-mensaje-del-domingo\\\/#breadcrumb\",\"itemListElement\":[{\"@type\":\"ListItem\",\"position\":1,\"name\":\"Portada\",\"item\":\"https:\\\/\\\/diariotextual.com\\\/inicio\\\/\"},{\"@type\":\"ListItem\",\"position\":2,\"name\":\"Macri pidi\u00f3 disculpas: \u00abYo escuch\u00e9 el mensaje del domingo\u00bb\"}]},{\"@type\":\"WebSite\",\"@id\":\"https:\\\/\\\/diariotextual.com\\\/inicio\\\/#website\",\"url\":\"https:\\\/\\\/diariotextual.com\\\/inicio\\\/\",\"name\":\"Diario Textual\",\"description\":\"\",\"publisher\":{\"@id\":\"https:\\\/\\\/diariotextual.com\\\/inicio\\\/#organization\"},\"potentialAction\":[{\"@type\":\"SearchAction\",\"target\":{\"@type\":\"EntryPoint\",\"urlTemplate\":\"https:\\\/\\\/diariotextual.com\\\/inicio\\\/?s={search_term_string}\"},\"query-input\":{\"@type\":\"PropertyValueSpecification\",\"valueRequired\":true,\"valueName\":\"search_term_string\"}}],\"inLanguage\":\"es\"},{\"@type\":\"Organization\",\"@id\":\"https:\\\/\\\/diariotextual.com\\\/inicio\\\/#organization\",\"name\":\"Diario Textual\",\"url\":\"https:\\\/\\\/diariotextual.com\\\/inicio\\\/\",\"logo\":{\"@type\":\"ImageObject\",\"inLanguage\":\"es\",\"@id\":\"https:\\\/\\\/diariotextual.com\\\/inicio\\\/#\\\/schema\\\/logo\\\/image\\\/\",\"url\":\"https:\\\/\\\/diariotextual.com\\\/inicio\\\/wp-content\\\/uploads\\\/2023\\\/05\\\/logotextual1.jpg\",\"contentUrl\":\"https:\\\/\\\/diariotextual.com\\\/inicio\\\/wp-content\\\/uploads\\\/2023\\\/05\\\/logotextual1.jpg\",\"width\":516,\"height\":76,\"caption\":\"Diario Textual\"},\"image\":{\"@id\":\"https:\\\/\\\/diariotextual.com\\\/inicio\\\/#\\\/schema\\\/logo\\\/image\\\/\"},\"sameAs\":[\"https:\\\/\\\/www.facebook.com\\\/eltextual\",\"https:\\\/\\\/x.com\\\/eltextual\",\"http:\\\/\\\/www.instagram.com\\\/eltextual\"]},{\"@type\":\"Person\",\"@id\":\"https:\\\/\\\/diariotextual.com\\\/inicio\\\/#\\\/schema\\\/person\\\/418fc4093c33e86ed41562db3508f958\",\"name\":\"Diario1 Diario1\",\"image\":{\"@type\":\"ImageObject\",\"inLanguage\":\"es\",\"@id\":\"https:\\\/\\\/secure.gravatar.com\\\/avatar\\\/9167d280179c85bc18be67aa7eda765854300033af4896dd779b608640f2ef7a?s=96&d=mm&r=g\",\"url\":\"https:\\\/\\\/secure.gravatar.com\\\/avatar\\\/9167d280179c85bc18be67aa7eda765854300033af4896dd779b608640f2ef7a?s=96&d=mm&r=g\",\"contentUrl\":\"https:\\\/\\\/secure.gravatar.com\\\/avatar\\\/9167d280179c85bc18be67aa7eda765854300033af4896dd779b608640f2ef7a?s=96&d=mm&r=g\",\"caption\":\"Diario1 Diario1\"},\"url\":\"https:\\\/\\\/diariotextual.com\\\/inicio\\\/index.php\\\/author\\\/diario1\\\/\"}]}<\/script>\n<!-- \/ Yoast SEO plugin. -->","yoast_head_json":{"title":"Macri pidi\u00f3 disculpas: \"Yo escuch\u00e9 el mensaje del domingo\" - Diario Textual","robots":{"index":"index","follow":"follow","max-snippet":"max-snippet:-1","max-image-preview":"max-image-preview:large","max-video-preview":"max-video-preview:-1"},"canonical":"https:\/\/diariotextual.com\/inicio\/index.php\/2019\/08\/14\/macri-pidio-disculpas-escuche-mensaje-del-domingo\/","og_locale":"es_ES","og_type":"article","og_title":"Macri pidi\u00f3 disculpas: \"Yo escuch\u00e9 el mensaje del domingo\" - Diario Textual","og_description":"El presidente Mauricio Macri, luego de la derrota en las PASO y la fuerte devaluaci\u00f3n del tipo de cambio, pidi\u00f3 disculpas por haber culpado a la sociedad de las turbulencias&hellip;","og_url":"https:\/\/diariotextual.com\/inicio\/index.php\/2019\/08\/14\/macri-pidio-disculpas-escuche-mensaje-del-domingo\/","og_site_name":"Diario Textual","article_publisher":"https:\/\/www.facebook.com\/eltextual","article_published_time":"2019-08-14T12:37:56+00:00","article_modified_time":"2019-08-14T16:08:49+00:00","og_image":[{"width":1920,"height":1278,"url":"https:\/\/diariotextual.com\/inicio\/wp-content\/uploads\/2019\/08\/macriderrotapaso2019233.jpg","type":"image\/jpeg"}],"author":"Diario1 Diario1","twitter_card":"summary_large_image","twitter_creator":"@eltextual","twitter_site":"@eltextual","twitter_misc":{"Escrito por":"Diario1 Diario1","Tiempo de lectura":"3 minutos"},"schema":{"@context":"https:\/\/schema.org","@graph":[{"@type":"Article","@id":"https:\/\/diariotextual.com\/inicio\/index.php\/2019\/08\/14\/macri-pidio-disculpas-escuche-mensaje-del-domingo\/#article","isPartOf":{"@id":"https:\/\/diariotextual.com\/inicio\/index.php\/2019\/08\/14\/macri-pidio-disculpas-escuche-mensaje-del-domingo\/"},"author":{"name":"Diario1 Diario1","@id":"https:\/\/diariotextual.com\/inicio\/#\/schema\/person\/418fc4093c33e86ed41562db3508f958"},"headline":"Macri pidi\u00f3 disculpas: \u00abYo escuch\u00e9 el mensaje del domingo\u00bb","datePublished":"2019-08-14T12:37:56+00:00","dateModified":"2019-08-14T16:08:49+00:00","mainEntityOfPage":{"@id":"https:\/\/diariotextual.com\/inicio\/index.php\/2019\/08\/14\/macri-pidio-disculpas-escuche-mensaje-del-domingo\/"},"wordCount":541,"publisher":{"@id":"https:\/\/diariotextual.com\/inicio\/#organization"},"image":{"@id":"https:\/\/diariotextual.com\/inicio\/index.php\/2019\/08\/14\/macri-pidio-disculpas-escuche-mensaje-del-domingo\/#primaryimage"},"thumbnailUrl":"https:\/\/diariotextual.com\/inicio\/wp-content\/uploads\/2019\/08\/macriderrotapaso2019233.jpg","keywords":["elecciones","macri","paso"],"articleSection":["A - QUE PASA (al costado)","POLITICA"],"inLanguage":"es"},{"@type":"WebPage","@id":"https:\/\/diariotextual.com\/inicio\/index.php\/2019\/08\/14\/macri-pidio-disculpas-escuche-mensaje-del-domingo\/","url":"https:\/\/diariotextual.com\/inicio\/index.php\/2019\/08\/14\/macri-pidio-disculpas-escuche-mensaje-del-domingo\/","name":"Macri pidi\u00f3 disculpas: \"Yo escuch\u00e9 el mensaje del domingo\" - Diario Textual","isPartOf":{"@id":"https:\/\/diariotextual.com\/inicio\/#website"},"primaryImageOfPage":{"@id":"https:\/\/diariotextual.com\/inicio\/index.php\/2019\/08\/14\/macri-pidio-disculpas-escuche-mensaje-del-domingo\/#primaryimage"},"image":{"@id":"https:\/\/diariotextual.com\/inicio\/index.php\/2019\/08\/14\/macri-pidio-disculpas-escuche-mensaje-del-domingo\/#primaryimage"},"thumbnailUrl":"https:\/\/diariotextual.com\/inicio\/wp-content\/uploads\/2019\/08\/macriderrotapaso2019233.jpg","datePublished":"2019-08-14T12:37:56+00:00","dateModified":"2019-08-14T16:08:49+00:00","breadcrumb":{"@id":"https:\/\/diariotextual.com\/inicio\/index.php\/2019\/08\/14\/macri-pidio-disculpas-escuche-mensaje-del-domingo\/#breadcrumb"},"inLanguage":"es","potentialAction":[{"@type":"ReadAction","target":["https:\/\/diariotextual.com\/inicio\/index.php\/2019\/08\/14\/macri-pidio-disculpas-escuche-mensaje-del-domingo\/"]}]},{"@type":"ImageObject","inLanguage":"es","@id":"https:\/\/diariotextual.com\/inicio\/index.php\/2019\/08\/14\/macri-pidio-disculpas-escuche-mensaje-del-domingo\/#primaryimage","url":"https:\/\/diariotextual.com\/inicio\/wp-content\/uploads\/2019\/08\/macriderrotapaso2019233.jpg","contentUrl":"https:\/\/diariotextual.com\/inicio\/wp-content\/uploads\/2019\/08\/macriderrotapaso2019233.jpg","width":1920,"height":1278,"caption":"AME6272. BUENOS AIRES (ARGENTINA), 11\/08\/2019.- El presidente de la Argentina, Mauricio Macri, reconoce la derrota de Juntos Por el Cambio en las elecciones internas que se realizaron este domingo, en la ciudad de Buenos Aires (Argentina) EFE\/Juan Ignacio Roncoroni"},{"@type":"BreadcrumbList","@id":"https:\/\/diariotextual.com\/inicio\/index.php\/2019\/08\/14\/macri-pidio-disculpas-escuche-mensaje-del-domingo\/#breadcrumb","itemListElement":[{"@type":"ListItem","position":1,"name":"Portada","item":"https:\/\/diariotextual.com\/inicio\/"},{"@type":"ListItem","position":2,"name":"Macri pidi\u00f3 disculpas: \u00abYo escuch\u00e9 el mensaje del domingo\u00bb"}]},{"@type":"WebSite","@id":"https:\/\/diariotextual.com\/inicio\/#website","url":"https:\/\/diariotextual.com\/inicio\/","name":"Diario Textual","description":"","publisher":{"@id":"https:\/\/diariotextual.com\/inicio\/#organization"},"potentialAction":[{"@type":"SearchAction","target":{"@type":"EntryPoint","urlTemplate":"https:\/\/diariotextual.com\/inicio\/?s={search_term_string}"},"query-input":{"@type":"PropertyValueSpecification","valueRequired":true,"valueName":"search_term_string"}}],"inLanguage":"es"},{"@type":"Organization","@id":"https:\/\/diariotextual.com\/inicio\/#organization","name":"Diario Textual","url":"https:\/\/diariotextual.com\/inicio\/","logo":{"@type":"ImageObject","inLanguage":"es","@id":"https:\/\/diariotextual.com\/inicio\/#\/schema\/logo\/image\/","url":"https:\/\/diariotextual.com\/inicio\/wp-content\/uploads\/2023\/05\/logotextual1.jpg","contentUrl":"https:\/\/diariotextual.com\/inicio\/wp-content\/uploads\/2023\/05\/logotextual1.jpg","width":516,"height":76,"caption":"Diario Textual"},"image":{"@id":"https:\/\/diariotextual.com\/inicio\/#\/schema\/logo\/image\/"},"sameAs":["https:\/\/www.facebook.com\/eltextual","https:\/\/x.com\/eltextual","http:\/\/www.instagram.com\/eltextual"]},{"@type":"Person","@id":"https:\/\/diariotextual.com\/inicio\/#\/schema\/person\/418fc4093c33e86ed41562db3508f958","name":"Diario1 Diario1","image":{"@type":"ImageObject","inLanguage":"es","@id":"https:\/\/secure.gravatar.com\/avatar\/9167d280179c85bc18be67aa7eda765854300033af4896dd779b608640f2ef7a?s=96&d=mm&r=g","url":"https:\/\/secure.gravatar.com\/avatar\/9167d280179c85bc18be67aa7eda765854300033af4896dd779b608640f2ef7a?s=96&d=mm&r=g","contentUrl":"https:\/\/secure.gravatar.com\/avatar\/9167d280179c85bc18be67aa7eda765854300033af4896dd779b608640f2ef7a?s=96&d=mm&r=g","caption":"Diario1 Diario1"},"url":"https:\/\/diariotextual.com\/inicio\/index.php\/author\/diario1\/"}]}},"_links":{"self":[{"href":"https:\/\/diariotextual.com\/inicio\/index.php\/wp-json\/wp\/v2\/posts\/59382","targetHints":{"allow":["GET"]}}],"collection":[{"href":"https:\/\/diariotextual.com\/inicio\/index.php\/wp-json\/wp\/v2\/posts"}],"about":[{"href":"https:\/\/diariotextual.com\/inicio\/index.php\/wp-json\/wp\/v2\/types\/post"}],"author":[{"embeddable":true,"href":"https:\/\/diariotextual.com\/inicio\/index.php\/wp-json\/wp\/v2\/users\/3"}],"replies":[{"embeddable":true,"href":"https:\/\/diariotextual.com\/inicio\/index.php\/wp-json\/wp\/v2\/comments?post=59382"}],"version-history":[{"count":10,"href":"https:\/\/diariotextual.com\/inicio\/index.php\/wp-json\/wp\/v2\/posts\/59382\/revisions"}],"predecessor-version":[{"id":59435,"href":"https:\/\/diariotextual.com\/inicio\/index.php\/wp-json\/wp\/v2\/posts\/59382\/revisions\/59435"}],"wp:featuredmedia":[{"embeddable":true,"href":"https:\/\/diariotextual.com\/inicio\/index.php\/wp-json\/wp\/v2\/media\/59112"}],"wp:attachment":[{"href":"https:\/\/diariotextual.com\/inicio\/index.php\/wp-json\/wp\/v2\/media?parent=59382"}],"wp:term":[{"taxonomy":"category","embeddable":true,"href":"https:\/\/diariotextual.com\/inicio\/index.php\/wp-json\/wp\/v2\/categories?post=59382"},{"taxonomy":"post_tag","embeddable":true,"href":"https:\/\/diariotextual.com\/inicio\/index.php\/wp-json\/wp\/v2\/tags?post=59382"}],"curies":[{"name":"wp","href":"https:\/\/api.w.org\/{rel}","templated":true}]}}