{"id":59383,"date":"2019-08-14T09:46:32","date_gmt":"2019-08-14T12:46:32","guid":{"rendered":"http:\/\/diariotextual.com\/inicio\/?p=59383"},"modified":"2019-08-14T11:47:35","modified_gmt":"2019-08-14T14:47:35","slug":"una-una-las-medidas-anunciadas-macri","status":"publish","type":"post","link":"https:\/\/diariotextual.com\/inicio\/index.php\/2019\/08\/14\/una-una-las-medidas-anunciadas-macri\/","title":{"rendered":"Ganancias, bonos, pymes, becas y nafta: las medidas que anunci\u00f3 Macri"},"content":{"rendered":"<p>El presidente <strong>Mauricio Macri, <\/strong>luego de la derrota en las PASO y la fuerte devaluaci\u00f3n del tipo de cambio, anunci\u00f3 este mi\u00e9rcoles un paquete de medidas econ\u00f3micas para tratar de reconquistar los votos desencantados que tendr\u00e1 <strong>un costo fiscal de 40 mil millones de pesos<\/strong>.<\/p>\n<p>En un mensaje de ocho minutos grabado en la Quinta de Olivos,<strong> el presidente se mostr\u00f3 mucho m\u00e1s sereno y pidi\u00f3 perd\u00f3n por el mensaje que lanz\u00f3 en la conferencia de prensa del lunes<\/strong>, cuando culp\u00f3 al electorado por la corrida cambiaria. Adem\u00e1s, asumi\u00f3 la responsabilidad por la derrota y por la crisis econ\u00f3mica.<\/p>\n<p>&nbsp;<\/p>\n<p><iframe src=\"https:\/\/www.youtube.com\/embed\/LMm5KnY62So\" width=\"706\" height=\"357\" frameborder=\"0\" allowfullscreen=\"allowfullscreen\"><span data-mce-type=\"bookmark\" style=\"display: inline-block; width: 0px; overflow: hidden; line-height: 0;\" class=\"mce_SELRES_start\">\ufeff<\/span><\/iframe><\/p>\n<p>&nbsp;<\/p>\n<p>La intenci\u00f3n, dijo, es mejorar los recursos de las familias y las empresas y frenar el aumento de los precios. \u00abVamos a mejorar los ingresos de 17 millones de trabajadores\u00bb, anunci\u00f3.<\/p>\n<p><strong>-Bonos:\u00a0<\/strong>para los trabajadores en relaci\u00f3n de dependencias habr\u00e1 $2000 pesos extra en septiembre y octubre. \u00abNos vamos a hacer cargo de los aportes personales\u00bb. dijo. Los empleados de la administraci\u00f3n p\u00fablica y los miembros de las Fuerzas Armadas recibir\u00e1n un bono de $5000 por mes.<\/p>\n<p><strong>-Aumento de AUH:<\/strong>los monotributistas informales y desocupados recibir\u00e1n dos pagos extras de asignaci\u00f3n universal por hijo (AUH) por sus hijos.<\/p>\n<p><strong>-Beca Progresar:\u00a0<\/strong>recibir\u00e1n un incremento del 40%.<\/p>\n<p><strong>-Naftas: <\/strong>el precio de las naftas estar\u00e1 congelado por 90 d\u00edas.<\/p>\n<p><strong>-Actualizaci\u00f3n de Ganancias<\/strong>: aumenta un 20% el piso y la deducci\u00f3n especial a partir de los cuales pagan<\/p>\n<p><strong>-Suba del salario m\u00ednimo<\/strong>: convoc\u00f3 al Consejo del Salario M\u00ednimo para discutir un aumento. Actualmente el sueldo b\u00e1sico es de $12.500 y lo cobran alrededor de 1,9 millones de personas. La inflaci\u00f3n ya lleva 22,4% en el a\u00f1o. Fuentes oficiales estiman que el incremento podr\u00eda estar entre el 25 y el 30%, \u00aben l\u00ednea con las paritarias\u00bb. Los gremios y las c\u00e1maras empresarias esperaban que el Presidente convocara al Consejo del Salario para fines de agosto.<\/p>\n<p><strong>-Moratoria para las pymes<\/strong>: Diez a\u00f1os de plazo para ponerse al d\u00eda a las peque\u00f1as y medianas empresas (y tambi\u00e9n a los aut\u00f3nomos y monotributistas). En este plan se podr\u00e1n incluir deudas vencidas hasta el 15 de agosto con tiempo para inscribirse hasta fin de octubre.<\/p>\n<p>&nbsp;<\/p>\n<blockquote class=\"wp-embedded-content\" data-secret=\"LGU51CkCiq\"><p><a href=\"http:\/\/diariotextual.com\/inicio\/index.php\/2019\/08\/14\/macri-pidio-disculpas-escuche-mensaje-del-domingo\/\">Macri pidi\u00f3 disculpas: &#171;Yo escuch\u00e9 el mensaje del domingo&#187;<\/a><\/p><\/blockquote>\n<p><iframe class=\"wp-embedded-content\" sandbox=\"allow-scripts\" security=\"restricted\" style=\"position: absolute; clip: rect(1px, 1px, 1px, 1px);\" src=\"http:\/\/diariotextual.com\/inicio\/index.php\/2019\/08\/14\/macri-pidio-disculpas-escuche-mensaje-del-domingo\/embed\/#?secret=LGU51CkCiq\" data-secret=\"LGU51CkCiq\" width=\"600\" height=\"338\" title=\"&#171;Macri pidi\u00f3 disculpas: &#171;Yo escuch\u00e9 el mensaje del domingo&#187;&#187; &#8212; Diario Textual\" frameborder=\"0\" marginwidth=\"0\" marginheight=\"0\" scrolling=\"no\"><\/iframe><\/p>\n<p>&nbsp;<\/p>\n<p>&nbsp;<\/p>\n<p>&nbsp;<\/p>\n<p>&nbsp;<\/p>\n<p>&nbsp;<\/p>\n<p>&nbsp;<\/p>\n<p>&nbsp;<\/p>\n<p>&nbsp;<\/p>\n","protected":false},"excerpt":{"rendered":"<p>El presidente Mauricio Macri, luego de la derrota en las PASO y la fuerte devaluaci\u00f3n del tipo de cambio, anunci\u00f3 este mi\u00e9rcoles un paquete de medidas econ\u00f3micas para tratar de&hellip;<\/p>\n","protected":false},"author":4,"featured_media":59384,"comment_status":"closed","ping_status":"open","sticky":false,"template":"","format":"standard","meta":{"_acf_changed":false,"footnotes":""},"categories":[11,319,8],"tags":[120,2163],"class_list":["post-59383","post","type-post","status-publish","format-standard","has-post-thumbnail","hentry","category-que-pasa","category-a-temporales","category-politica","tag-macri","tag-paso"],"acf":[],"yoast_head":"<!-- This site is optimized with the Yoast SEO plugin v27.5 - https:\/\/yoast.com\/product\/yoast-seo-wordpress\/ -->\n<title>Ganancias, bonos, pymes, becas y nafta: las medidas que anunci\u00f3 Macri - Diario Textual<\/title>\n<meta name=\"robots\" content=\"index, follow, max-snippet:-1, max-image-preview:large, max-video-preview:-1\" \/>\n<link rel=\"canonical\" href=\"https:\/\/diariotextual.com\/inicio\/index.php\/2019\/08\/14\/una-una-las-medidas-anunciadas-macri\/\" \/>\n<meta property=\"og:locale\" content=\"es_ES\" \/>\n<meta property=\"og:type\" content=\"article\" \/>\n<meta property=\"og:title\" content=\"Ganancias, bonos, pymes, becas y nafta: las medidas que anunci\u00f3 Macri - Diario Textual\" \/>\n<meta property=\"og:description\" content=\"El presidente Mauricio Macri, luego de la derrota en las PASO y la fuerte devaluaci\u00f3n del tipo de cambio, anunci\u00f3 este mi\u00e9rcoles un paquete de medidas econ\u00f3micas para tratar de&hellip;\" \/>\n<meta property=\"og:url\" content=\"https:\/\/diariotextual.com\/inicio\/index.php\/2019\/08\/14\/una-una-las-medidas-anunciadas-macri\/\" \/>\n<meta property=\"og:site_name\" content=\"Diario Textual\" \/>\n<meta property=\"article:publisher\" content=\"https:\/\/www.facebook.com\/eltextual\" \/>\n<meta property=\"article:published_time\" content=\"2019-08-14T12:46:32+00:00\" \/>\n<meta property=\"article:modified_time\" content=\"2019-08-14T14:47:35+00:00\" \/>\n<meta property=\"og:image\" content=\"https:\/\/diariotextual.com\/inicio\/wp-content\/uploads\/2019\/08\/macrihabla2019medidas3.jpg\" \/>\n\t<meta property=\"og:image:width\" content=\"833\" \/>\n\t<meta property=\"og:image:height\" content=\"488\" \/>\n\t<meta property=\"og:image:type\" content=\"image\/jpeg\" \/>\n<meta name=\"author\" content=\"diario2\" \/>\n<meta name=\"twitter:card\" content=\"summary_large_image\" \/>\n<meta name=\"twitter:creator\" content=\"@eltextual\" \/>\n<meta name=\"twitter:site\" content=\"@eltextual\" \/>\n<meta name=\"twitter:label1\" content=\"Escrito por\" \/>\n\t<meta name=\"twitter:data1\" content=\"diario2\" \/>\n\t<meta name=\"twitter:label2\" content=\"Tiempo de lectura\" \/>\n\t<meta name=\"twitter:data2\" content=\"2 minutos\" \/>\n<script type=\"application\/ld+json\" class=\"yoast-schema-graph\">{\"@context\":\"https:\\\/\\\/schema.org\",\"@graph\":[{\"@type\":\"Article\",\"@id\":\"https:\\\/\\\/diariotextual.com\\\/inicio\\\/index.php\\\/2019\\\/08\\\/14\\\/una-una-las-medidas-anunciadas-macri\\\/#article\",\"isPartOf\":{\"@id\":\"https:\\\/\\\/diariotextual.com\\\/inicio\\\/index.php\\\/2019\\\/08\\\/14\\\/una-una-las-medidas-anunciadas-macri\\\/\"},\"author\":{\"name\":\"diario2\",\"@id\":\"https:\\\/\\\/diariotextual.com\\\/inicio\\\/#\\\/schema\\\/person\\\/694f60677f23c4a530867a98f22b3768\"},\"headline\":\"Ganancias, bonos, pymes, becas y nafta: las medidas que anunci\u00f3 Macri\",\"datePublished\":\"2019-08-14T12:46:32+00:00\",\"dateModified\":\"2019-08-14T14:47:35+00:00\",\"mainEntityOfPage\":{\"@id\":\"https:\\\/\\\/diariotextual.com\\\/inicio\\\/index.php\\\/2019\\\/08\\\/14\\\/una-una-las-medidas-anunciadas-macri\\\/\"},\"wordCount\":403,\"publisher\":{\"@id\":\"https:\\\/\\\/diariotextual.com\\\/inicio\\\/#organization\"},\"image\":{\"@id\":\"https:\\\/\\\/diariotextual.com\\\/inicio\\\/index.php\\\/2019\\\/08\\\/14\\\/una-una-las-medidas-anunciadas-macri\\\/#primaryimage\"},\"thumbnailUrl\":\"https:\\\/\\\/diariotextual.com\\\/inicio\\\/wp-content\\\/uploads\\\/2019\\\/08\\\/macrihabla2019medidas3.jpg\",\"keywords\":[\"macri\",\"paso\"],\"articleSection\":[\"A - QUE PASA (al costado)\",\"A - TEMPORALES\",\"POLITICA\"],\"inLanguage\":\"es\"},{\"@type\":\"WebPage\",\"@id\":\"https:\\\/\\\/diariotextual.com\\\/inicio\\\/index.php\\\/2019\\\/08\\\/14\\\/una-una-las-medidas-anunciadas-macri\\\/\",\"url\":\"https:\\\/\\\/diariotextual.com\\\/inicio\\\/index.php\\\/2019\\\/08\\\/14\\\/una-una-las-medidas-anunciadas-macri\\\/\",\"name\":\"Ganancias, bonos, pymes, becas y nafta: las medidas que anunci\u00f3 Macri - Diario Textual\",\"isPartOf\":{\"@id\":\"https:\\\/\\\/diariotextual.com\\\/inicio\\\/#website\"},\"primaryImageOfPage\":{\"@id\":\"https:\\\/\\\/diariotextual.com\\\/inicio\\\/index.php\\\/2019\\\/08\\\/14\\\/una-una-las-medidas-anunciadas-macri\\\/#primaryimage\"},\"image\":{\"@id\":\"https:\\\/\\\/diariotextual.com\\\/inicio\\\/index.php\\\/2019\\\/08\\\/14\\\/una-una-las-medidas-anunciadas-macri\\\/#primaryimage\"},\"thumbnailUrl\":\"https:\\\/\\\/diariotextual.com\\\/inicio\\\/wp-content\\\/uploads\\\/2019\\\/08\\\/macrihabla2019medidas3.jpg\",\"datePublished\":\"2019-08-14T12:46:32+00:00\",\"dateModified\":\"2019-08-14T14:47:35+00:00\",\"breadcrumb\":{\"@id\":\"https:\\\/\\\/diariotextual.com\\\/inicio\\\/index.php\\\/2019\\\/08\\\/14\\\/una-una-las-medidas-anunciadas-macri\\\/#breadcrumb\"},\"inLanguage\":\"es\",\"potentialAction\":[{\"@type\":\"ReadAction\",\"target\":[\"https:\\\/\\\/diariotextual.com\\\/inicio\\\/index.php\\\/2019\\\/08\\\/14\\\/una-una-las-medidas-anunciadas-macri\\\/\"]}]},{\"@type\":\"ImageObject\",\"inLanguage\":\"es\",\"@id\":\"https:\\\/\\\/diariotextual.com\\\/inicio\\\/index.php\\\/2019\\\/08\\\/14\\\/una-una-las-medidas-anunciadas-macri\\\/#primaryimage\",\"url\":\"https:\\\/\\\/diariotextual.com\\\/inicio\\\/wp-content\\\/uploads\\\/2019\\\/08\\\/macrihabla2019medidas3.jpg\",\"contentUrl\":\"https:\\\/\\\/diariotextual.com\\\/inicio\\\/wp-content\\\/uploads\\\/2019\\\/08\\\/macrihabla2019medidas3.jpg\",\"width\":833,\"height\":488},{\"@type\":\"BreadcrumbList\",\"@id\":\"https:\\\/\\\/diariotextual.com\\\/inicio\\\/index.php\\\/2019\\\/08\\\/14\\\/una-una-las-medidas-anunciadas-macri\\\/#breadcrumb\",\"itemListElement\":[{\"@type\":\"ListItem\",\"position\":1,\"name\":\"Portada\",\"item\":\"https:\\\/\\\/diariotextual.com\\\/inicio\\\/\"},{\"@type\":\"ListItem\",\"position\":2,\"name\":\"Ganancias, bonos, pymes, becas y nafta: las medidas que anunci\u00f3 Macri\"}]},{\"@type\":\"WebSite\",\"@id\":\"https:\\\/\\\/diariotextual.com\\\/inicio\\\/#website\",\"url\":\"https:\\\/\\\/diariotextual.com\\\/inicio\\\/\",\"name\":\"Diario Textual\",\"description\":\"\",\"publisher\":{\"@id\":\"https:\\\/\\\/diariotextual.com\\\/inicio\\\/#organization\"},\"potentialAction\":[{\"@type\":\"SearchAction\",\"target\":{\"@type\":\"EntryPoint\",\"urlTemplate\":\"https:\\\/\\\/diariotextual.com\\\/inicio\\\/?s={search_term_string}\"},\"query-input\":{\"@type\":\"PropertyValueSpecification\",\"valueRequired\":true,\"valueName\":\"search_term_string\"}}],\"inLanguage\":\"es\"},{\"@type\":\"Organization\",\"@id\":\"https:\\\/\\\/diariotextual.com\\\/inicio\\\/#organization\",\"name\":\"Diario Textual\",\"url\":\"https:\\\/\\\/diariotextual.com\\\/inicio\\\/\",\"logo\":{\"@type\":\"ImageObject\",\"inLanguage\":\"es\",\"@id\":\"https:\\\/\\\/diariotextual.com\\\/inicio\\\/#\\\/schema\\\/logo\\\/image\\\/\",\"url\":\"https:\\\/\\\/diariotextual.com\\\/inicio\\\/wp-content\\\/uploads\\\/2023\\\/05\\\/logotextual1.jpg\",\"contentUrl\":\"https:\\\/\\\/diariotextual.com\\\/inicio\\\/wp-content\\\/uploads\\\/2023\\\/05\\\/logotextual1.jpg\",\"width\":516,\"height\":76,\"caption\":\"Diario Textual\"},\"image\":{\"@id\":\"https:\\\/\\\/diariotextual.com\\\/inicio\\\/#\\\/schema\\\/logo\\\/image\\\/\"},\"sameAs\":[\"https:\\\/\\\/www.facebook.com\\\/eltextual\",\"https:\\\/\\\/x.com\\\/eltextual\",\"http:\\\/\\\/www.instagram.com\\\/eltextual\"]},{\"@type\":\"Person\",\"@id\":\"https:\\\/\\\/diariotextual.com\\\/inicio\\\/#\\\/schema\\\/person\\\/694f60677f23c4a530867a98f22b3768\",\"name\":\"diario2\",\"image\":{\"@type\":\"ImageObject\",\"inLanguage\":\"es\",\"@id\":\"https:\\\/\\\/secure.gravatar.com\\\/avatar\\\/5a2567495ba16b852fcd8f1ed006a2e24fcace936018ed8237e95f488ad6e0a7?s=96&d=mm&r=g\",\"url\":\"https:\\\/\\\/secure.gravatar.com\\\/avatar\\\/5a2567495ba16b852fcd8f1ed006a2e24fcace936018ed8237e95f488ad6e0a7?s=96&d=mm&r=g\",\"contentUrl\":\"https:\\\/\\\/secure.gravatar.com\\\/avatar\\\/5a2567495ba16b852fcd8f1ed006a2e24fcace936018ed8237e95f488ad6e0a7?s=96&d=mm&r=g\",\"caption\":\"diario2\"},\"url\":\"https:\\\/\\\/diariotextual.com\\\/inicio\\\/index.php\\\/author\\\/diario2\\\/\"}]}<\/script>\n<!-- \/ Yoast SEO plugin. -->","yoast_head_json":{"title":"Ganancias, bonos, pymes, becas y nafta: las medidas que anunci\u00f3 Macri - Diario Textual","robots":{"index":"index","follow":"follow","max-snippet":"max-snippet:-1","max-image-preview":"max-image-preview:large","max-video-preview":"max-video-preview:-1"},"canonical":"https:\/\/diariotextual.com\/inicio\/index.php\/2019\/08\/14\/una-una-las-medidas-anunciadas-macri\/","og_locale":"es_ES","og_type":"article","og_title":"Ganancias, bonos, pymes, becas y nafta: las medidas que anunci\u00f3 Macri - Diario Textual","og_description":"El presidente Mauricio Macri, luego de la derrota en las PASO y la fuerte devaluaci\u00f3n del tipo de cambio, anunci\u00f3 este mi\u00e9rcoles un paquete de medidas econ\u00f3micas para tratar de&hellip;","og_url":"https:\/\/diariotextual.com\/inicio\/index.php\/2019\/08\/14\/una-una-las-medidas-anunciadas-macri\/","og_site_name":"Diario Textual","article_publisher":"https:\/\/www.facebook.com\/eltextual","article_published_time":"2019-08-14T12:46:32+00:00","article_modified_time":"2019-08-14T14:47:35+00:00","og_image":[{"width":833,"height":488,"url":"https:\/\/diariotextual.com\/inicio\/wp-content\/uploads\/2019\/08\/macrihabla2019medidas3.jpg","type":"image\/jpeg"}],"author":"diario2","twitter_card":"summary_large_image","twitter_creator":"@eltextual","twitter_site":"@eltextual","twitter_misc":{"Escrito por":"diario2","Tiempo de lectura":"2 minutos"},"schema":{"@context":"https:\/\/schema.org","@graph":[{"@type":"Article","@id":"https:\/\/diariotextual.com\/inicio\/index.php\/2019\/08\/14\/una-una-las-medidas-anunciadas-macri\/#article","isPartOf":{"@id":"https:\/\/diariotextual.com\/inicio\/index.php\/2019\/08\/14\/una-una-las-medidas-anunciadas-macri\/"},"author":{"name":"diario2","@id":"https:\/\/diariotextual.com\/inicio\/#\/schema\/person\/694f60677f23c4a530867a98f22b3768"},"headline":"Ganancias, bonos, pymes, becas y nafta: las medidas que anunci\u00f3 Macri","datePublished":"2019-08-14T12:46:32+00:00","dateModified":"2019-08-14T14:47:35+00:00","mainEntityOfPage":{"@id":"https:\/\/diariotextual.com\/inicio\/index.php\/2019\/08\/14\/una-una-las-medidas-anunciadas-macri\/"},"wordCount":403,"publisher":{"@id":"https:\/\/diariotextual.com\/inicio\/#organization"},"image":{"@id":"https:\/\/diariotextual.com\/inicio\/index.php\/2019\/08\/14\/una-una-las-medidas-anunciadas-macri\/#primaryimage"},"thumbnailUrl":"https:\/\/diariotextual.com\/inicio\/wp-content\/uploads\/2019\/08\/macrihabla2019medidas3.jpg","keywords":["macri","paso"],"articleSection":["A - QUE PASA (al costado)","A - TEMPORALES","POLITICA"],"inLanguage":"es"},{"@type":"WebPage","@id":"https:\/\/diariotextual.com\/inicio\/index.php\/2019\/08\/14\/una-una-las-medidas-anunciadas-macri\/","url":"https:\/\/diariotextual.com\/inicio\/index.php\/2019\/08\/14\/una-una-las-medidas-anunciadas-macri\/","name":"Ganancias, bonos, pymes, becas y nafta: las medidas que anunci\u00f3 Macri - Diario Textual","isPartOf":{"@id":"https:\/\/diariotextual.com\/inicio\/#website"},"primaryImageOfPage":{"@id":"https:\/\/diariotextual.com\/inicio\/index.php\/2019\/08\/14\/una-una-las-medidas-anunciadas-macri\/#primaryimage"},"image":{"@id":"https:\/\/diariotextual.com\/inicio\/index.php\/2019\/08\/14\/una-una-las-medidas-anunciadas-macri\/#primaryimage"},"thumbnailUrl":"https:\/\/diariotextual.com\/inicio\/wp-content\/uploads\/2019\/08\/macrihabla2019medidas3.jpg","datePublished":"2019-08-14T12:46:32+00:00","dateModified":"2019-08-14T14:47:35+00:00","breadcrumb":{"@id":"https:\/\/diariotextual.com\/inicio\/index.php\/2019\/08\/14\/una-una-las-medidas-anunciadas-macri\/#breadcrumb"},"inLanguage":"es","potentialAction":[{"@type":"ReadAction","target":["https:\/\/diariotextual.com\/inicio\/index.php\/2019\/08\/14\/una-una-las-medidas-anunciadas-macri\/"]}]},{"@type":"ImageObject","inLanguage":"es","@id":"https:\/\/diariotextual.com\/inicio\/index.php\/2019\/08\/14\/una-una-las-medidas-anunciadas-macri\/#primaryimage","url":"https:\/\/diariotextual.com\/inicio\/wp-content\/uploads\/2019\/08\/macrihabla2019medidas3.jpg","contentUrl":"https:\/\/diariotextual.com\/inicio\/wp-content\/uploads\/2019\/08\/macrihabla2019medidas3.jpg","width":833,"height":488},{"@type":"BreadcrumbList","@id":"https:\/\/diariotextual.com\/inicio\/index.php\/2019\/08\/14\/una-una-las-medidas-anunciadas-macri\/#breadcrumb","itemListElement":[{"@type":"ListItem","position":1,"name":"Portada","item":"https:\/\/diariotextual.com\/inicio\/"},{"@type":"ListItem","position":2,"name":"Ganancias, bonos, pymes, becas y nafta: las medidas que anunci\u00f3 Macri"}]},{"@type":"WebSite","@id":"https:\/\/diariotextual.com\/inicio\/#website","url":"https:\/\/diariotextual.com\/inicio\/","name":"Diario Textual","description":"","publisher":{"@id":"https:\/\/diariotextual.com\/inicio\/#organization"},"potentialAction":[{"@type":"SearchAction","target":{"@type":"EntryPoint","urlTemplate":"https:\/\/diariotextual.com\/inicio\/?s={search_term_string}"},"query-input":{"@type":"PropertyValueSpecification","valueRequired":true,"valueName":"search_term_string"}}],"inLanguage":"es"},{"@type":"Organization","@id":"https:\/\/diariotextual.com\/inicio\/#organization","name":"Diario Textual","url":"https:\/\/diariotextual.com\/inicio\/","logo":{"@type":"ImageObject","inLanguage":"es","@id":"https:\/\/diariotextual.com\/inicio\/#\/schema\/logo\/image\/","url":"https:\/\/diariotextual.com\/inicio\/wp-content\/uploads\/2023\/05\/logotextual1.jpg","contentUrl":"https:\/\/diariotextual.com\/inicio\/wp-content\/uploads\/2023\/05\/logotextual1.jpg","width":516,"height":76,"caption":"Diario Textual"},"image":{"@id":"https:\/\/diariotextual.com\/inicio\/#\/schema\/logo\/image\/"},"sameAs":["https:\/\/www.facebook.com\/eltextual","https:\/\/x.com\/eltextual","http:\/\/www.instagram.com\/eltextual"]},{"@type":"Person","@id":"https:\/\/diariotextual.com\/inicio\/#\/schema\/person\/694f60677f23c4a530867a98f22b3768","name":"diario2","image":{"@type":"ImageObject","inLanguage":"es","@id":"https:\/\/secure.gravatar.com\/avatar\/5a2567495ba16b852fcd8f1ed006a2e24fcace936018ed8237e95f488ad6e0a7?s=96&d=mm&r=g","url":"https:\/\/secure.gravatar.com\/avatar\/5a2567495ba16b852fcd8f1ed006a2e24fcace936018ed8237e95f488ad6e0a7?s=96&d=mm&r=g","contentUrl":"https:\/\/secure.gravatar.com\/avatar\/5a2567495ba16b852fcd8f1ed006a2e24fcace936018ed8237e95f488ad6e0a7?s=96&d=mm&r=g","caption":"diario2"},"url":"https:\/\/diariotextual.com\/inicio\/index.php\/author\/diario2\/"}]}},"_links":{"self":[{"href":"https:\/\/diariotextual.com\/inicio\/index.php\/wp-json\/wp\/v2\/posts\/59383","targetHints":{"allow":["GET"]}}],"collection":[{"href":"https:\/\/diariotextual.com\/inicio\/index.php\/wp-json\/wp\/v2\/posts"}],"about":[{"href":"https:\/\/diariotextual.com\/inicio\/index.php\/wp-json\/wp\/v2\/types\/post"}],"author":[{"embeddable":true,"href":"https:\/\/diariotextual.com\/inicio\/index.php\/wp-json\/wp\/v2\/users\/4"}],"replies":[{"embeddable":true,"href":"https:\/\/diariotextual.com\/inicio\/index.php\/wp-json\/wp\/v2\/comments?post=59383"}],"version-history":[{"count":6,"href":"https:\/\/diariotextual.com\/inicio\/index.php\/wp-json\/wp\/v2\/posts\/59383\/revisions"}],"predecessor-version":[{"id":59402,"href":"https:\/\/diariotextual.com\/inicio\/index.php\/wp-json\/wp\/v2\/posts\/59383\/revisions\/59402"}],"wp:featuredmedia":[{"embeddable":true,"href":"https:\/\/diariotextual.com\/inicio\/index.php\/wp-json\/wp\/v2\/media\/59384"}],"wp:attachment":[{"href":"https:\/\/diariotextual.com\/inicio\/index.php\/wp-json\/wp\/v2\/media?parent=59383"}],"wp:term":[{"taxonomy":"category","embeddable":true,"href":"https:\/\/diariotextual.com\/inicio\/index.php\/wp-json\/wp\/v2\/categories?post=59383"},{"taxonomy":"post_tag","embeddable":true,"href":"https:\/\/diariotextual.com\/inicio\/index.php\/wp-json\/wp\/v2\/tags?post=59383"}],"curies":[{"name":"wp","href":"https:\/\/api.w.org\/{rel}","templated":true}]}}