{"id":59419,"date":"2019-08-14T11:47:10","date_gmt":"2019-08-14T14:47:10","guid":{"rendered":"http:\/\/diariotextual.com\/inicio\/?p=59419"},"modified":"2019-08-14T13:00:02","modified_gmt":"2019-08-14T16:00:02","slug":"la-pampa-la-provincia-menos-areas-protegidas-pais-076","status":"publish","type":"post","link":"https:\/\/diariotextual.com\/inicio\/index.php\/2019\/08\/14\/la-pampa-la-provincia-menos-areas-protegidas-pais-076\/","title":{"rendered":"La Pampa, la provincia con menos \u00e1reas protegidas de pa\u00eds: 0,76%"},"content":{"rendered":"<p class=\"lead nota-detalle-bajada\"><strong>Mar\u00eda Paula Bertolini<\/strong>, bi\u00f3loga especializada en planificaci\u00f3n de \u00c1reas Protegidas Privadas, oriunda de Misiones, disert\u00f3 en el marco de las primeras Jornadas Participativas sobre Investigar y Aprender en nuestras \u00c1reas Protegidas, que llevan adelante la Subsecretar\u00eda de Ambiente y la Facultad de Ciencias Exactas y Naturales. Dijo que \u00abest\u00e1n dadas las condiciones\u00bb para que se aumenten en las provincias los sectores protegidos.<\/p>\n<p class=\"lead nota-detalle-bajada\">Seg\u00fan datos del Gobierno nacional, Argentina cuenta con el 5 al 10% de su superficie en \u00e1reas protegidas: son 452 \u00e1reas.<\/p>\n<div class=\"nota-detalle-cuerpo\">\n<p>En tanto, <strong>La Pampa espec\u00edficamente cuenta con 107.732 hect\u00e1reas de superficie bajo \u00e1rea protegida. Es decir, solo el 0,76%. Es, por lejos, la provincia con\u00a0 menos superficies protegidas<\/strong>. Lejos, en la cima, se encuentra Jujuy, que tiene el 38% de su superficie protegida. Las provincias vecinas de Buenos Aires y San Luis tienen el 5%.<\/p>\n<\/div>\n<p>En su exposici\u00f3n, Bertolini remarc\u00f3 el valor de las \u00e1reas protegidas como herramientas de conservaci\u00f3n. \u201cEs importante implementarlas de manera eficaz bajo los lineamientos internacionales que son conceptos nuevos en este tema\u00bb, dijo. \u00abTambi\u00e9n para abrir el panorama respecto de lo que es necesario para conservar no s\u00f3lo parques estrictos, sino un sistema, un mosaico de \u00e1reas conectadas e integradas al paisaje\u201d.<\/p>\n<div class=\"nota-detalle-cuerpo\">\n<p>En ese marco mostr\u00f3 el ejemplo de Misiones y de la Fundaci\u00f3n Temaiken que administra una reserva privada y en la cual se desempe\u00f1a.<\/p>\n<p>\u201cPero b\u00e1sicamente -sostuvo respecto de su charla- se centr\u00f3 en c\u00f3mo implementar esas \u00e1reas, en c\u00f3mo evaluar la efectividad de manejo, c\u00f3mo contemplar otros usos productivos e interactuar con los otros actores que hacen a la conservaci\u00f3n y as\u00ed\u00a0asegurar procesos y la generaci\u00f3n de recursos para que sea sustentable\u201d.<\/p>\n<p>La autora rescat\u00f3 en principio el trabajo de la provincia de Misiones. \u00abEs uno de los m\u00e1s avanzados por su biodiversidad, por su historia y su ley de \u00e1reas protegidas, adem\u00e1s de contar con una carrera de guardaparques, con lo cual es un ejemplo\u201d, dijo.<\/p>\n<p>Igualmente remarc\u00f3 que La Pampa tambi\u00e9n tiene su sistema, su ley, y tiene muchas condiciones para poder implementarlas. \u00abAdem\u00e1s del trabajo de la subsecretar\u00eda, la facultad, con lo cual -se\u00f1al\u00f3- quise dar aliento para trabajar en la creaci\u00f3n de nuevos espacios, mirando no solo su superficie, sino su integraci\u00f3n con el paisaje y sus valores naturales\u201d.<\/p>\n<p>Otro punto importante en su exposici\u00f3n fue respecto de apuntar a la conservaci\u00f3n privada como un sistema de gobernanza en \u00e1reas protegidas que hay que impulsar, y que es la oportunidad para sumar superficie para llegar a las metas y compromisos que tenemos como pa\u00eds.<\/p>\n<p>En ese sentido se refiri\u00f3 al convenio de Diversidad Biol\u00f3gica por el cual los pa\u00edses firmantes, entre ellos la Argentina, se comprometen a aumentar la superficie de \u00e1reas protegidas. \u201cPara ello -expres\u00f3 Bertolini-<strong> hay que mirar al privado, a empresas, a universidades, a particulares y tratar de integrarlos, y que puedan motivarse en establecer esas \u00e1reas, y conservarlas en la producci\u00f3n, en buenas pr\u00e1cticas productivas y que se puedan dar esos procesos naturales<\/strong>\u201d.<\/p>\n<p>Finalmente en referencia a su presencia en La Pampa. \u201cEstoy encantada de estar compartiendo un clima tan distinto al de Misiones, aunque ya conoc\u00eda algo de los ecosistemas. Trabaj\u00e9\u00a0un tiempo en Lihuel Calel, pero estaba deconectada de como estaba implemet\u00e1ndose, por ello me fui informando de su trabajo, que es bueno. <strong>Hay que avanzar porque es poca la superficie, pero vamos bien. Est\u00e1n dadas las condiciones para que si se aumenta la superficie se puedan implementar \u00e1reas protegidas<\/strong>\u201d.<\/p>\n<p><strong>\u00abLas \u00e1reas protegidas permiten conectar al ser humano con la naturaleza\u201d, dijo. \u00abSon herramientas para la conservaci\u00f3n de la biodiversidad, sobre todo ante la problem\u00e1tica ambiental mundial que es cr\u00edtica\u201d.<\/strong><\/p>\n<p>\u00abEl \u00e1rea protegida -manifest\u00f3<strong>&#8211; tiene que ser un espacio definido, delimitado, luego tiene que tener una norma que la crea como tal y la regule<\/strong>. Adem\u00e1s tiene que estar gestionada, implementada y manejada por alguien (que es lo m\u00e1s dif\u00edcil), y basarse en la conservaci\u00f3n a largo plazo de sus procesos, sus servicios ecosist\u00e9micos y valores culturales\u201d.<\/p>\n<p>Hay \u00e1reas protegidas gobernadas por gobiernos nacionales, provinciales o municipales; otras gobernadas por privados, universidades, ONGs, empresas y privados; y otras co-manejadas, donde intervienen privados y p\u00fablicos. \u00abSi bien no hay muchos ejemplos en Argentina en ese sentido, en el sur est\u00e1 el Parque Nacional Lan\u00edn con las comunidades mapuches\u00bb, sostuvo.<\/p>\n<p>Inform\u00f3 que el planeta cuenta con una superficie terrestre de 14,9% en \u00e1reas protegidas, mientras que la meta para 2020 es llegar al 17%. E hizo hincapi\u00e9 tambi\u00e9n en la deuda marina. \u201cTodav\u00eda falta para llegar al 10% propuesto para el 2020 de \u00e1reas protegidas marinas (hoy estamos en el 7,5%)\u201d.<\/p>\n<\/div>\n<p>&nbsp;<\/p>\n<div class=\"nota-detalle-cuerpo\">\n<p>&nbsp;<\/p>\n<p>&nbsp;<\/p>\n<\/div>\n","protected":false},"excerpt":{"rendered":"<p>Mar\u00eda Paula Bertolini, bi\u00f3loga especializada en planificaci\u00f3n de \u00c1reas Protegidas Privadas, oriunda de Misiones, disert\u00f3 en el marco de las primeras Jornadas Participativas sobre Investigar y Aprender en nuestras \u00c1reas&hellip;<\/p>\n","protected":false},"author":3,"featured_media":59422,"comment_status":"closed","ping_status":"open","sticky":false,"template":"","format":"standard","meta":{"_acf_changed":false,"footnotes":""},"categories":[11,319,2],"tags":[2175],"class_list":["post-59419","post","type-post","status-publish","format-standard","has-post-thumbnail","hentry","category-que-pasa","category-a-temporales","category-cultura","tag-protegidas"],"acf":[],"yoast_head":"<!-- This site is optimized with the Yoast SEO plugin v27.5 - https:\/\/yoast.com\/product\/yoast-seo-wordpress\/ -->\n<title>La Pampa, la provincia con menos \u00e1reas protegidas de pa\u00eds: 0,76% - Diario Textual<\/title>\n<meta name=\"robots\" content=\"index, follow, max-snippet:-1, max-image-preview:large, max-video-preview:-1\" \/>\n<link rel=\"canonical\" href=\"https:\/\/diariotextual.com\/inicio\/index.php\/2019\/08\/14\/la-pampa-la-provincia-menos-areas-protegidas-pais-076\/\" \/>\n<meta property=\"og:locale\" content=\"es_ES\" \/>\n<meta property=\"og:type\" content=\"article\" \/>\n<meta property=\"og:title\" content=\"La Pampa, la provincia con menos \u00e1reas protegidas de pa\u00eds: 0,76% - Diario Textual\" \/>\n<meta property=\"og:description\" content=\"Mar\u00eda Paula Bertolini, bi\u00f3loga especializada en planificaci\u00f3n de \u00c1reas Protegidas Privadas, oriunda de Misiones, disert\u00f3 en el marco de las primeras Jornadas Participativas sobre Investigar y Aprender en nuestras \u00c1reas&hellip;\" \/>\n<meta property=\"og:url\" content=\"https:\/\/diariotextual.com\/inicio\/index.php\/2019\/08\/14\/la-pampa-la-provincia-menos-areas-protegidas-pais-076\/\" \/>\n<meta property=\"og:site_name\" content=\"Diario Textual\" \/>\n<meta property=\"article:publisher\" content=\"https:\/\/www.facebook.com\/eltextual\" \/>\n<meta property=\"article:published_time\" content=\"2019-08-14T14:47:10+00:00\" \/>\n<meta property=\"article:modified_time\" content=\"2019-08-14T16:00:02+00:00\" \/>\n<meta property=\"og:image\" content=\"https:\/\/diariotextual.com\/inicio\/wp-content\/uploads\/2019\/08\/bertolinimariaareasprotegidas2019-1.jpg\" \/>\n\t<meta property=\"og:image:width\" content=\"1000\" \/>\n\t<meta property=\"og:image:height\" content=\"667\" \/>\n\t<meta property=\"og:image:type\" content=\"image\/jpeg\" \/>\n<meta name=\"author\" content=\"Diario1 Diario1\" \/>\n<meta name=\"twitter:card\" content=\"summary_large_image\" \/>\n<meta name=\"twitter:creator\" content=\"@eltextual\" \/>\n<meta name=\"twitter:site\" content=\"@eltextual\" \/>\n<meta name=\"twitter:label1\" content=\"Escrito por\" \/>\n\t<meta name=\"twitter:data1\" content=\"Diario1 Diario1\" \/>\n\t<meta name=\"twitter:label2\" content=\"Tiempo de lectura\" \/>\n\t<meta name=\"twitter:data2\" content=\"4 minutos\" \/>\n<script type=\"application\/ld+json\" class=\"yoast-schema-graph\">{\"@context\":\"https:\\\/\\\/schema.org\",\"@graph\":[{\"@type\":\"Article\",\"@id\":\"https:\\\/\\\/diariotextual.com\\\/inicio\\\/index.php\\\/2019\\\/08\\\/14\\\/la-pampa-la-provincia-menos-areas-protegidas-pais-076\\\/#article\",\"isPartOf\":{\"@id\":\"https:\\\/\\\/diariotextual.com\\\/inicio\\\/index.php\\\/2019\\\/08\\\/14\\\/la-pampa-la-provincia-menos-areas-protegidas-pais-076\\\/\"},\"author\":{\"name\":\"Diario1 Diario1\",\"@id\":\"https:\\\/\\\/diariotextual.com\\\/inicio\\\/#\\\/schema\\\/person\\\/418fc4093c33e86ed41562db3508f958\"},\"headline\":\"La Pampa, la provincia con menos \u00e1reas protegidas de pa\u00eds: 0,76%\",\"datePublished\":\"2019-08-14T14:47:10+00:00\",\"dateModified\":\"2019-08-14T16:00:02+00:00\",\"mainEntityOfPage\":{\"@id\":\"https:\\\/\\\/diariotextual.com\\\/inicio\\\/index.php\\\/2019\\\/08\\\/14\\\/la-pampa-la-provincia-menos-areas-protegidas-pais-076\\\/\"},\"wordCount\":814,\"publisher\":{\"@id\":\"https:\\\/\\\/diariotextual.com\\\/inicio\\\/#organization\"},\"image\":{\"@id\":\"https:\\\/\\\/diariotextual.com\\\/inicio\\\/index.php\\\/2019\\\/08\\\/14\\\/la-pampa-la-provincia-menos-areas-protegidas-pais-076\\\/#primaryimage\"},\"thumbnailUrl\":\"https:\\\/\\\/diariotextual.com\\\/inicio\\\/wp-content\\\/uploads\\\/2019\\\/08\\\/bertolinimariaareasprotegidas2019-1.jpg\",\"keywords\":[\"protegidas\"],\"articleSection\":[\"A - QUE PASA (al costado)\",\"A - TEMPORALES\",\"CULTURA\"],\"inLanguage\":\"es\"},{\"@type\":\"WebPage\",\"@id\":\"https:\\\/\\\/diariotextual.com\\\/inicio\\\/index.php\\\/2019\\\/08\\\/14\\\/la-pampa-la-provincia-menos-areas-protegidas-pais-076\\\/\",\"url\":\"https:\\\/\\\/diariotextual.com\\\/inicio\\\/index.php\\\/2019\\\/08\\\/14\\\/la-pampa-la-provincia-menos-areas-protegidas-pais-076\\\/\",\"name\":\"La Pampa, la provincia con menos \u00e1reas protegidas de pa\u00eds: 0,76% - Diario Textual\",\"isPartOf\":{\"@id\":\"https:\\\/\\\/diariotextual.com\\\/inicio\\\/#website\"},\"primaryImageOfPage\":{\"@id\":\"https:\\\/\\\/diariotextual.com\\\/inicio\\\/index.php\\\/2019\\\/08\\\/14\\\/la-pampa-la-provincia-menos-areas-protegidas-pais-076\\\/#primaryimage\"},\"image\":{\"@id\":\"https:\\\/\\\/diariotextual.com\\\/inicio\\\/index.php\\\/2019\\\/08\\\/14\\\/la-pampa-la-provincia-menos-areas-protegidas-pais-076\\\/#primaryimage\"},\"thumbnailUrl\":\"https:\\\/\\\/diariotextual.com\\\/inicio\\\/wp-content\\\/uploads\\\/2019\\\/08\\\/bertolinimariaareasprotegidas2019-1.jpg\",\"datePublished\":\"2019-08-14T14:47:10+00:00\",\"dateModified\":\"2019-08-14T16:00:02+00:00\",\"breadcrumb\":{\"@id\":\"https:\\\/\\\/diariotextual.com\\\/inicio\\\/index.php\\\/2019\\\/08\\\/14\\\/la-pampa-la-provincia-menos-areas-protegidas-pais-076\\\/#breadcrumb\"},\"inLanguage\":\"es\",\"potentialAction\":[{\"@type\":\"ReadAction\",\"target\":[\"https:\\\/\\\/diariotextual.com\\\/inicio\\\/index.php\\\/2019\\\/08\\\/14\\\/la-pampa-la-provincia-menos-areas-protegidas-pais-076\\\/\"]}]},{\"@type\":\"ImageObject\",\"inLanguage\":\"es\",\"@id\":\"https:\\\/\\\/diariotextual.com\\\/inicio\\\/index.php\\\/2019\\\/08\\\/14\\\/la-pampa-la-provincia-menos-areas-protegidas-pais-076\\\/#primaryimage\",\"url\":\"https:\\\/\\\/diariotextual.com\\\/inicio\\\/wp-content\\\/uploads\\\/2019\\\/08\\\/bertolinimariaareasprotegidas2019-1.jpg\",\"contentUrl\":\"https:\\\/\\\/diariotextual.com\\\/inicio\\\/wp-content\\\/uploads\\\/2019\\\/08\\\/bertolinimariaareasprotegidas2019-1.jpg\",\"width\":1000,\"height\":667},{\"@type\":\"BreadcrumbList\",\"@id\":\"https:\\\/\\\/diariotextual.com\\\/inicio\\\/index.php\\\/2019\\\/08\\\/14\\\/la-pampa-la-provincia-menos-areas-protegidas-pais-076\\\/#breadcrumb\",\"itemListElement\":[{\"@type\":\"ListItem\",\"position\":1,\"name\":\"Portada\",\"item\":\"https:\\\/\\\/diariotextual.com\\\/inicio\\\/\"},{\"@type\":\"ListItem\",\"position\":2,\"name\":\"La Pampa, la provincia con menos \u00e1reas protegidas de pa\u00eds: 0,76%\"}]},{\"@type\":\"WebSite\",\"@id\":\"https:\\\/\\\/diariotextual.com\\\/inicio\\\/#website\",\"url\":\"https:\\\/\\\/diariotextual.com\\\/inicio\\\/\",\"name\":\"Diario Textual\",\"description\":\"\",\"publisher\":{\"@id\":\"https:\\\/\\\/diariotextual.com\\\/inicio\\\/#organization\"},\"potentialAction\":[{\"@type\":\"SearchAction\",\"target\":{\"@type\":\"EntryPoint\",\"urlTemplate\":\"https:\\\/\\\/diariotextual.com\\\/inicio\\\/?s={search_term_string}\"},\"query-input\":{\"@type\":\"PropertyValueSpecification\",\"valueRequired\":true,\"valueName\":\"search_term_string\"}}],\"inLanguage\":\"es\"},{\"@type\":\"Organization\",\"@id\":\"https:\\\/\\\/diariotextual.com\\\/inicio\\\/#organization\",\"name\":\"Diario Textual\",\"url\":\"https:\\\/\\\/diariotextual.com\\\/inicio\\\/\",\"logo\":{\"@type\":\"ImageObject\",\"inLanguage\":\"es\",\"@id\":\"https:\\\/\\\/diariotextual.com\\\/inicio\\\/#\\\/schema\\\/logo\\\/image\\\/\",\"url\":\"https:\\\/\\\/diariotextual.com\\\/inicio\\\/wp-content\\\/uploads\\\/2023\\\/05\\\/logotextual1.jpg\",\"contentUrl\":\"https:\\\/\\\/diariotextual.com\\\/inicio\\\/wp-content\\\/uploads\\\/2023\\\/05\\\/logotextual1.jpg\",\"width\":516,\"height\":76,\"caption\":\"Diario Textual\"},\"image\":{\"@id\":\"https:\\\/\\\/diariotextual.com\\\/inicio\\\/#\\\/schema\\\/logo\\\/image\\\/\"},\"sameAs\":[\"https:\\\/\\\/www.facebook.com\\\/eltextual\",\"https:\\\/\\\/x.com\\\/eltextual\",\"http:\\\/\\\/www.instagram.com\\\/eltextual\"]},{\"@type\":\"Person\",\"@id\":\"https:\\\/\\\/diariotextual.com\\\/inicio\\\/#\\\/schema\\\/person\\\/418fc4093c33e86ed41562db3508f958\",\"name\":\"Diario1 Diario1\",\"image\":{\"@type\":\"ImageObject\",\"inLanguage\":\"es\",\"@id\":\"https:\\\/\\\/secure.gravatar.com\\\/avatar\\\/9167d280179c85bc18be67aa7eda765854300033af4896dd779b608640f2ef7a?s=96&d=mm&r=g\",\"url\":\"https:\\\/\\\/secure.gravatar.com\\\/avatar\\\/9167d280179c85bc18be67aa7eda765854300033af4896dd779b608640f2ef7a?s=96&d=mm&r=g\",\"contentUrl\":\"https:\\\/\\\/secure.gravatar.com\\\/avatar\\\/9167d280179c85bc18be67aa7eda765854300033af4896dd779b608640f2ef7a?s=96&d=mm&r=g\",\"caption\":\"Diario1 Diario1\"},\"url\":\"https:\\\/\\\/diariotextual.com\\\/inicio\\\/index.php\\\/author\\\/diario1\\\/\"}]}<\/script>\n<!-- \/ Yoast SEO plugin. -->","yoast_head_json":{"title":"La Pampa, la provincia con menos \u00e1reas protegidas de pa\u00eds: 0,76% - Diario Textual","robots":{"index":"index","follow":"follow","max-snippet":"max-snippet:-1","max-image-preview":"max-image-preview:large","max-video-preview":"max-video-preview:-1"},"canonical":"https:\/\/diariotextual.com\/inicio\/index.php\/2019\/08\/14\/la-pampa-la-provincia-menos-areas-protegidas-pais-076\/","og_locale":"es_ES","og_type":"article","og_title":"La Pampa, la provincia con menos \u00e1reas protegidas de pa\u00eds: 0,76% - Diario Textual","og_description":"Mar\u00eda Paula Bertolini, bi\u00f3loga especializada en planificaci\u00f3n de \u00c1reas Protegidas Privadas, oriunda de Misiones, disert\u00f3 en el marco de las primeras Jornadas Participativas sobre Investigar y Aprender en nuestras \u00c1reas&hellip;","og_url":"https:\/\/diariotextual.com\/inicio\/index.php\/2019\/08\/14\/la-pampa-la-provincia-menos-areas-protegidas-pais-076\/","og_site_name":"Diario Textual","article_publisher":"https:\/\/www.facebook.com\/eltextual","article_published_time":"2019-08-14T14:47:10+00:00","article_modified_time":"2019-08-14T16:00:02+00:00","og_image":[{"width":1000,"height":667,"url":"https:\/\/diariotextual.com\/inicio\/wp-content\/uploads\/2019\/08\/bertolinimariaareasprotegidas2019-1.jpg","type":"image\/jpeg"}],"author":"Diario1 Diario1","twitter_card":"summary_large_image","twitter_creator":"@eltextual","twitter_site":"@eltextual","twitter_misc":{"Escrito por":"Diario1 Diario1","Tiempo de lectura":"4 minutos"},"schema":{"@context":"https:\/\/schema.org","@graph":[{"@type":"Article","@id":"https:\/\/diariotextual.com\/inicio\/index.php\/2019\/08\/14\/la-pampa-la-provincia-menos-areas-protegidas-pais-076\/#article","isPartOf":{"@id":"https:\/\/diariotextual.com\/inicio\/index.php\/2019\/08\/14\/la-pampa-la-provincia-menos-areas-protegidas-pais-076\/"},"author":{"name":"Diario1 Diario1","@id":"https:\/\/diariotextual.com\/inicio\/#\/schema\/person\/418fc4093c33e86ed41562db3508f958"},"headline":"La Pampa, la provincia con menos \u00e1reas protegidas de pa\u00eds: 0,76%","datePublished":"2019-08-14T14:47:10+00:00","dateModified":"2019-08-14T16:00:02+00:00","mainEntityOfPage":{"@id":"https:\/\/diariotextual.com\/inicio\/index.php\/2019\/08\/14\/la-pampa-la-provincia-menos-areas-protegidas-pais-076\/"},"wordCount":814,"publisher":{"@id":"https:\/\/diariotextual.com\/inicio\/#organization"},"image":{"@id":"https:\/\/diariotextual.com\/inicio\/index.php\/2019\/08\/14\/la-pampa-la-provincia-menos-areas-protegidas-pais-076\/#primaryimage"},"thumbnailUrl":"https:\/\/diariotextual.com\/inicio\/wp-content\/uploads\/2019\/08\/bertolinimariaareasprotegidas2019-1.jpg","keywords":["protegidas"],"articleSection":["A - QUE PASA (al costado)","A - TEMPORALES","CULTURA"],"inLanguage":"es"},{"@type":"WebPage","@id":"https:\/\/diariotextual.com\/inicio\/index.php\/2019\/08\/14\/la-pampa-la-provincia-menos-areas-protegidas-pais-076\/","url":"https:\/\/diariotextual.com\/inicio\/index.php\/2019\/08\/14\/la-pampa-la-provincia-menos-areas-protegidas-pais-076\/","name":"La Pampa, la provincia con menos \u00e1reas protegidas de pa\u00eds: 0,76% - Diario Textual","isPartOf":{"@id":"https:\/\/diariotextual.com\/inicio\/#website"},"primaryImageOfPage":{"@id":"https:\/\/diariotextual.com\/inicio\/index.php\/2019\/08\/14\/la-pampa-la-provincia-menos-areas-protegidas-pais-076\/#primaryimage"},"image":{"@id":"https:\/\/diariotextual.com\/inicio\/index.php\/2019\/08\/14\/la-pampa-la-provincia-menos-areas-protegidas-pais-076\/#primaryimage"},"thumbnailUrl":"https:\/\/diariotextual.com\/inicio\/wp-content\/uploads\/2019\/08\/bertolinimariaareasprotegidas2019-1.jpg","datePublished":"2019-08-14T14:47:10+00:00","dateModified":"2019-08-14T16:00:02+00:00","breadcrumb":{"@id":"https:\/\/diariotextual.com\/inicio\/index.php\/2019\/08\/14\/la-pampa-la-provincia-menos-areas-protegidas-pais-076\/#breadcrumb"},"inLanguage":"es","potentialAction":[{"@type":"ReadAction","target":["https:\/\/diariotextual.com\/inicio\/index.php\/2019\/08\/14\/la-pampa-la-provincia-menos-areas-protegidas-pais-076\/"]}]},{"@type":"ImageObject","inLanguage":"es","@id":"https:\/\/diariotextual.com\/inicio\/index.php\/2019\/08\/14\/la-pampa-la-provincia-menos-areas-protegidas-pais-076\/#primaryimage","url":"https:\/\/diariotextual.com\/inicio\/wp-content\/uploads\/2019\/08\/bertolinimariaareasprotegidas2019-1.jpg","contentUrl":"https:\/\/diariotextual.com\/inicio\/wp-content\/uploads\/2019\/08\/bertolinimariaareasprotegidas2019-1.jpg","width":1000,"height":667},{"@type":"BreadcrumbList","@id":"https:\/\/diariotextual.com\/inicio\/index.php\/2019\/08\/14\/la-pampa-la-provincia-menos-areas-protegidas-pais-076\/#breadcrumb","itemListElement":[{"@type":"ListItem","position":1,"name":"Portada","item":"https:\/\/diariotextual.com\/inicio\/"},{"@type":"ListItem","position":2,"name":"La Pampa, la provincia con menos \u00e1reas protegidas de pa\u00eds: 0,76%"}]},{"@type":"WebSite","@id":"https:\/\/diariotextual.com\/inicio\/#website","url":"https:\/\/diariotextual.com\/inicio\/","name":"Diario Textual","description":"","publisher":{"@id":"https:\/\/diariotextual.com\/inicio\/#organization"},"potentialAction":[{"@type":"SearchAction","target":{"@type":"EntryPoint","urlTemplate":"https:\/\/diariotextual.com\/inicio\/?s={search_term_string}"},"query-input":{"@type":"PropertyValueSpecification","valueRequired":true,"valueName":"search_term_string"}}],"inLanguage":"es"},{"@type":"Organization","@id":"https:\/\/diariotextual.com\/inicio\/#organization","name":"Diario Textual","url":"https:\/\/diariotextual.com\/inicio\/","logo":{"@type":"ImageObject","inLanguage":"es","@id":"https:\/\/diariotextual.com\/inicio\/#\/schema\/logo\/image\/","url":"https:\/\/diariotextual.com\/inicio\/wp-content\/uploads\/2023\/05\/logotextual1.jpg","contentUrl":"https:\/\/diariotextual.com\/inicio\/wp-content\/uploads\/2023\/05\/logotextual1.jpg","width":516,"height":76,"caption":"Diario Textual"},"image":{"@id":"https:\/\/diariotextual.com\/inicio\/#\/schema\/logo\/image\/"},"sameAs":["https:\/\/www.facebook.com\/eltextual","https:\/\/x.com\/eltextual","http:\/\/www.instagram.com\/eltextual"]},{"@type":"Person","@id":"https:\/\/diariotextual.com\/inicio\/#\/schema\/person\/418fc4093c33e86ed41562db3508f958","name":"Diario1 Diario1","image":{"@type":"ImageObject","inLanguage":"es","@id":"https:\/\/secure.gravatar.com\/avatar\/9167d280179c85bc18be67aa7eda765854300033af4896dd779b608640f2ef7a?s=96&d=mm&r=g","url":"https:\/\/secure.gravatar.com\/avatar\/9167d280179c85bc18be67aa7eda765854300033af4896dd779b608640f2ef7a?s=96&d=mm&r=g","contentUrl":"https:\/\/secure.gravatar.com\/avatar\/9167d280179c85bc18be67aa7eda765854300033af4896dd779b608640f2ef7a?s=96&d=mm&r=g","caption":"Diario1 Diario1"},"url":"https:\/\/diariotextual.com\/inicio\/index.php\/author\/diario1\/"}]}},"_links":{"self":[{"href":"https:\/\/diariotextual.com\/inicio\/index.php\/wp-json\/wp\/v2\/posts\/59419","targetHints":{"allow":["GET"]}}],"collection":[{"href":"https:\/\/diariotextual.com\/inicio\/index.php\/wp-json\/wp\/v2\/posts"}],"about":[{"href":"https:\/\/diariotextual.com\/inicio\/index.php\/wp-json\/wp\/v2\/types\/post"}],"author":[{"embeddable":true,"href":"https:\/\/diariotextual.com\/inicio\/index.php\/wp-json\/wp\/v2\/users\/3"}],"replies":[{"embeddable":true,"href":"https:\/\/diariotextual.com\/inicio\/index.php\/wp-json\/wp\/v2\/comments?post=59419"}],"version-history":[{"count":3,"href":"https:\/\/diariotextual.com\/inicio\/index.php\/wp-json\/wp\/v2\/posts\/59419\/revisions"}],"predecessor-version":[{"id":59423,"href":"https:\/\/diariotextual.com\/inicio\/index.php\/wp-json\/wp\/v2\/posts\/59419\/revisions\/59423"}],"wp:featuredmedia":[{"embeddable":true,"href":"https:\/\/diariotextual.com\/inicio\/index.php\/wp-json\/wp\/v2\/media\/59422"}],"wp:attachment":[{"href":"https:\/\/diariotextual.com\/inicio\/index.php\/wp-json\/wp\/v2\/media?parent=59419"}],"wp:term":[{"taxonomy":"category","embeddable":true,"href":"https:\/\/diariotextual.com\/inicio\/index.php\/wp-json\/wp\/v2\/categories?post=59419"},{"taxonomy":"post_tag","embeddable":true,"href":"https:\/\/diariotextual.com\/inicio\/index.php\/wp-json\/wp\/v2\/tags?post=59419"}],"curies":[{"name":"wp","href":"https:\/\/api.w.org\/{rel}","templated":true}]}}