{"id":59470,"date":"2019-08-14T16:53:29","date_gmt":"2019-08-14T19:53:29","guid":{"rendered":"http:\/\/diariotextual.com\/inicio\/?p=59470"},"modified":"2019-08-14T18:08:13","modified_gmt":"2019-08-14T21:08:13","slug":"homenaje-la-poeta-pampeana-olga-orozco-20-anos-muerte","status":"publish","type":"post","link":"https:\/\/diariotextual.com\/inicio\/index.php\/2019\/08\/14\/homenaje-la-poeta-pampeana-olga-orozco-20-anos-muerte\/","title":{"rendered":"Homenaje a la poeta pampeana Olga Orozco, a 20 a\u00f1os de su muerte"},"content":{"rendered":"<p>La Secretar\u00eda de Cultura del Gobierno de La Pampa y la Municipalidad de Toay recordaron que <strong>este jueves 15 de agosto se recordar\u00e1 a la poeta Olga Orozco, en el veinte aniversario de su muerte<\/strong>. Ma\u00f1ana la<strong> voz de la poeta pampeana leyendo sus propios poemas sonar\u00e1 en su casa natal y en radios de las ciudades de Toay y Santa Rosa<\/strong>.<\/p>\n<p><!--more--><\/p>\n<p>De este modo simb\u00f3lico, que la trae al presente desde su inconfundible decir, se homenajear\u00e1 la vida y la obra de una de las figuras literarias m\u00e1s influyentes de Argentina y Am\u00e9rica Latina del siglo XX.<\/p>\n<p>El organismo provincial remarc\u00f3 que el 15 de agosto de 1999, Olga Orozco atraves\u00f3 esa \u00faltima puerta, que seg\u00fan ella, la dejar\u00eda en el jard\u00edn que existe en el fondo de todo. <strong>Muri\u00f3 de un ataque al coraz\u00f3n en la cl\u00ednica Anchorena de Buenos Aires, donde hab\u00eda ingresado a mediados de julio con una afecci\u00f3n circulatoria<\/strong> y donde le realizaron un by-pass.<\/p>\n<p>\u201cUnos d\u00edas despu\u00e9s de su muerte la escritora<strong> Maria Moreno la recordaba: Le gustaba definir a la poes\u00eda como el intento de apremiar a Dios para que hable. Los que creen en Dios deben pensar que ella debe estar haciendo esto ahora<\/strong> \u2013apremiar a Dios para que hable\u2013 y los que creen en Olga Orozco, pero no en Dios, aceptar\u00edan tambi\u00e9n esa posibilidad puesto que funde a la poeta con la poes\u00eda\u201d.<\/p>\n<p>\u201c<strong>Recordar a Olga Orozco es ante todo la posibilidad de descubrir a una poeta de particular significaci\u00f3n para las mujeres poetas, porque no hay que olvidar que ella levanta un yo incandescente, un lugar para la subjetividad<\/strong> en donde entran todos. Se anim\u00f3 como pocas en su tiempo, a apostar por el arte y sus verdaderas pasiones. Se alej\u00f3 de los estereotipos. Rond\u00f3 las veredas que caminaban los artistas de la \u00e9poca, en su mayor\u00eda hombres, y fue con ellos a la par. No temi\u00f3 mostrar sus obras junto a las suyas\u201d, destac\u00f3 la Secretar\u00eda de Cultura en un comunicado.<\/p>\n<p>La poeta<strong> Diana Bellesi tambi\u00e9n la record\u00f3: \u201cPor ejemplo, durante un congreso de poes\u00eda, en un s\u00f3tano adonde pod\u00eda cortarse el humo, sentadita en un caj\u00f3n de manzanas, con una cerveza en la mano, escuchando a los poetas<\/strong> j\u00f3venes\u201d.<\/p>\n<p>Y otro poeta, reconocido, <strong>Juan Gelman dijo en el d\u00eda en que Olga Orozco recibi\u00f3 el Premio Juan Rulfo en Guadalajara: \u201cNunca se la ha visto merodear por los pasillos del poder pol\u00edtico en busca de alguna sinecura, ni en los vericuetos de la vida literaria extendiendo la mano por un premio.<\/strong> No se present\u00f3 al Juan Rulfo, que un jurado sabio le acord\u00f3. Esto, que parece un rasgo de car\u00e1cter, un mero dato biogr\u00e1fico, es un acto de escritura. Los poetas creemos en las palabras \u2013dice Olga\u2013 como si fueran mariposas en libertad. Las palabras creen en los poetas, digo, cuando \u00e9stos vuelan en libertad\u201d.<\/p>\n<p>&nbsp;<\/p>\n<p><strong>Toay<\/strong><\/p>\n<p><strong>Olga Orozco, naci\u00f3 en Toay en 1920, y public\u00f3 su primer libro de poemas titulado \u00abDesde lejos\u00bb a los 26 a\u00f1os.<\/strong><\/p>\n<p>Toda su obra fue reconocida en 1988, cuando le concedieron el Premio Nacional de Poes\u00eda, y en 1998 cuando se la distingui\u00f3 en M\u00e9xico con el premio de literatura Juan Rulfo.<\/p>\n<p>Olga Orozco se destac\u00f3 tambi\u00e9n en el periodismo, colaboraba habitualmente con los suplementos culturales de los peri\u00f3dicos La Naci\u00f3n y Clar\u00edn, y en los a\u00f1os \u201860 fue redactora la m\u00edtica revista Claudia. Escribi\u00f3\u00a0 adem\u00e1s guiones para radio, televisi\u00f3n y cine.<\/p>\n","protected":false},"excerpt":{"rendered":"<p>La Secretar\u00eda de Cultura del Gobierno de La Pampa y la Municipalidad de Toay recordaron que este jueves 15 de agosto se recordar\u00e1 a la poeta Olga Orozco, en el&hellip;<\/p>\n","protected":false},"author":5,"featured_media":59471,"comment_status":"closed","ping_status":"open","sticky":false,"template":"","format":"standard","meta":{"_acf_changed":false,"footnotes":""},"categories":[11,319,2],"tags":[],"class_list":["post-59470","post","type-post","status-publish","format-standard","has-post-thumbnail","hentry","category-que-pasa","category-a-temporales","category-cultura"],"acf":[],"yoast_head":"<!-- This site is optimized with the Yoast SEO plugin v27.5 - https:\/\/yoast.com\/product\/yoast-seo-wordpress\/ -->\n<title>Homenaje a la poeta pampeana Olga Orozco, a 20 a\u00f1os de su muerte - Diario Textual<\/title>\n<meta name=\"robots\" content=\"index, follow, max-snippet:-1, max-image-preview:large, max-video-preview:-1\" \/>\n<link rel=\"canonical\" href=\"https:\/\/diariotextual.com\/inicio\/index.php\/2019\/08\/14\/homenaje-la-poeta-pampeana-olga-orozco-20-anos-muerte\/\" \/>\n<meta property=\"og:locale\" content=\"es_ES\" \/>\n<meta property=\"og:type\" content=\"article\" \/>\n<meta property=\"og:title\" content=\"Homenaje a la poeta pampeana Olga Orozco, a 20 a\u00f1os de su muerte - Diario Textual\" \/>\n<meta property=\"og:description\" content=\"La Secretar\u00eda de Cultura del Gobierno de La Pampa y la Municipalidad de Toay recordaron que este jueves 15 de agosto se recordar\u00e1 a la poeta Olga Orozco, en el&hellip;\" \/>\n<meta property=\"og:url\" content=\"https:\/\/diariotextual.com\/inicio\/index.php\/2019\/08\/14\/homenaje-la-poeta-pampeana-olga-orozco-20-anos-muerte\/\" \/>\n<meta property=\"og:site_name\" content=\"Diario Textual\" \/>\n<meta property=\"article:publisher\" content=\"https:\/\/www.facebook.com\/eltextual\" \/>\n<meta property=\"article:published_time\" content=\"2019-08-14T19:53:29+00:00\" \/>\n<meta property=\"article:modified_time\" content=\"2019-08-14T21:08:13+00:00\" \/>\n<meta property=\"og:image\" content=\"https:\/\/diariotextual.com\/inicio\/wp-content\/uploads\/2019\/08\/OlgaOrozco20.jpg\" \/>\n\t<meta property=\"og:image:width\" content=\"700\" \/>\n\t<meta property=\"og:image:height\" content=\"465\" \/>\n\t<meta property=\"og:image:type\" content=\"image\/jpeg\" \/>\n<meta name=\"author\" content=\"diario3\" \/>\n<meta name=\"twitter:card\" content=\"summary_large_image\" \/>\n<meta name=\"twitter:creator\" content=\"@eltextual\" \/>\n<meta name=\"twitter:site\" content=\"@eltextual\" \/>\n<meta name=\"twitter:label1\" content=\"Escrito por\" \/>\n\t<meta name=\"twitter:data1\" content=\"diario3\" \/>\n\t<meta name=\"twitter:label2\" content=\"Tiempo de lectura\" \/>\n\t<meta name=\"twitter:data2\" content=\"3 minutos\" \/>\n<script type=\"application\/ld+json\" class=\"yoast-schema-graph\">{\"@context\":\"https:\\\/\\\/schema.org\",\"@graph\":[{\"@type\":\"Article\",\"@id\":\"https:\\\/\\\/diariotextual.com\\\/inicio\\\/index.php\\\/2019\\\/08\\\/14\\\/homenaje-la-poeta-pampeana-olga-orozco-20-anos-muerte\\\/#article\",\"isPartOf\":{\"@id\":\"https:\\\/\\\/diariotextual.com\\\/inicio\\\/index.php\\\/2019\\\/08\\\/14\\\/homenaje-la-poeta-pampeana-olga-orozco-20-anos-muerte\\\/\"},\"author\":{\"name\":\"diario3\",\"@id\":\"https:\\\/\\\/diariotextual.com\\\/inicio\\\/#\\\/schema\\\/person\\\/a1b6f563e0ee944c60f98119389a4d9f\"},\"headline\":\"Homenaje a la poeta pampeana Olga Orozco, a 20 a\u00f1os de su muerte\",\"datePublished\":\"2019-08-14T19:53:29+00:00\",\"dateModified\":\"2019-08-14T21:08:13+00:00\",\"mainEntityOfPage\":{\"@id\":\"https:\\\/\\\/diariotextual.com\\\/inicio\\\/index.php\\\/2019\\\/08\\\/14\\\/homenaje-la-poeta-pampeana-olga-orozco-20-anos-muerte\\\/\"},\"wordCount\":618,\"publisher\":{\"@id\":\"https:\\\/\\\/diariotextual.com\\\/inicio\\\/#organization\"},\"image\":{\"@id\":\"https:\\\/\\\/diariotextual.com\\\/inicio\\\/index.php\\\/2019\\\/08\\\/14\\\/homenaje-la-poeta-pampeana-olga-orozco-20-anos-muerte\\\/#primaryimage\"},\"thumbnailUrl\":\"https:\\\/\\\/diariotextual.com\\\/inicio\\\/wp-content\\\/uploads\\\/2019\\\/08\\\/OlgaOrozco20.jpg\",\"articleSection\":[\"A - QUE PASA (al costado)\",\"A - TEMPORALES\",\"CULTURA\"],\"inLanguage\":\"es\"},{\"@type\":\"WebPage\",\"@id\":\"https:\\\/\\\/diariotextual.com\\\/inicio\\\/index.php\\\/2019\\\/08\\\/14\\\/homenaje-la-poeta-pampeana-olga-orozco-20-anos-muerte\\\/\",\"url\":\"https:\\\/\\\/diariotextual.com\\\/inicio\\\/index.php\\\/2019\\\/08\\\/14\\\/homenaje-la-poeta-pampeana-olga-orozco-20-anos-muerte\\\/\",\"name\":\"Homenaje a la poeta pampeana Olga Orozco, a 20 a\u00f1os de su muerte - Diario Textual\",\"isPartOf\":{\"@id\":\"https:\\\/\\\/diariotextual.com\\\/inicio\\\/#website\"},\"primaryImageOfPage\":{\"@id\":\"https:\\\/\\\/diariotextual.com\\\/inicio\\\/index.php\\\/2019\\\/08\\\/14\\\/homenaje-la-poeta-pampeana-olga-orozco-20-anos-muerte\\\/#primaryimage\"},\"image\":{\"@id\":\"https:\\\/\\\/diariotextual.com\\\/inicio\\\/index.php\\\/2019\\\/08\\\/14\\\/homenaje-la-poeta-pampeana-olga-orozco-20-anos-muerte\\\/#primaryimage\"},\"thumbnailUrl\":\"https:\\\/\\\/diariotextual.com\\\/inicio\\\/wp-content\\\/uploads\\\/2019\\\/08\\\/OlgaOrozco20.jpg\",\"datePublished\":\"2019-08-14T19:53:29+00:00\",\"dateModified\":\"2019-08-14T21:08:13+00:00\",\"breadcrumb\":{\"@id\":\"https:\\\/\\\/diariotextual.com\\\/inicio\\\/index.php\\\/2019\\\/08\\\/14\\\/homenaje-la-poeta-pampeana-olga-orozco-20-anos-muerte\\\/#breadcrumb\"},\"inLanguage\":\"es\",\"potentialAction\":[{\"@type\":\"ReadAction\",\"target\":[\"https:\\\/\\\/diariotextual.com\\\/inicio\\\/index.php\\\/2019\\\/08\\\/14\\\/homenaje-la-poeta-pampeana-olga-orozco-20-anos-muerte\\\/\"]}]},{\"@type\":\"ImageObject\",\"inLanguage\":\"es\",\"@id\":\"https:\\\/\\\/diariotextual.com\\\/inicio\\\/index.php\\\/2019\\\/08\\\/14\\\/homenaje-la-poeta-pampeana-olga-orozco-20-anos-muerte\\\/#primaryimage\",\"url\":\"https:\\\/\\\/diariotextual.com\\\/inicio\\\/wp-content\\\/uploads\\\/2019\\\/08\\\/OlgaOrozco20.jpg\",\"contentUrl\":\"https:\\\/\\\/diariotextual.com\\\/inicio\\\/wp-content\\\/uploads\\\/2019\\\/08\\\/OlgaOrozco20.jpg\",\"width\":700,\"height\":465},{\"@type\":\"BreadcrumbList\",\"@id\":\"https:\\\/\\\/diariotextual.com\\\/inicio\\\/index.php\\\/2019\\\/08\\\/14\\\/homenaje-la-poeta-pampeana-olga-orozco-20-anos-muerte\\\/#breadcrumb\",\"itemListElement\":[{\"@type\":\"ListItem\",\"position\":1,\"name\":\"Portada\",\"item\":\"https:\\\/\\\/diariotextual.com\\\/inicio\\\/\"},{\"@type\":\"ListItem\",\"position\":2,\"name\":\"Homenaje a la poeta pampeana Olga Orozco, a 20 a\u00f1os de su muerte\"}]},{\"@type\":\"WebSite\",\"@id\":\"https:\\\/\\\/diariotextual.com\\\/inicio\\\/#website\",\"url\":\"https:\\\/\\\/diariotextual.com\\\/inicio\\\/\",\"name\":\"Diario Textual\",\"description\":\"\",\"publisher\":{\"@id\":\"https:\\\/\\\/diariotextual.com\\\/inicio\\\/#organization\"},\"potentialAction\":[{\"@type\":\"SearchAction\",\"target\":{\"@type\":\"EntryPoint\",\"urlTemplate\":\"https:\\\/\\\/diariotextual.com\\\/inicio\\\/?s={search_term_string}\"},\"query-input\":{\"@type\":\"PropertyValueSpecification\",\"valueRequired\":true,\"valueName\":\"search_term_string\"}}],\"inLanguage\":\"es\"},{\"@type\":\"Organization\",\"@id\":\"https:\\\/\\\/diariotextual.com\\\/inicio\\\/#organization\",\"name\":\"Diario Textual\",\"url\":\"https:\\\/\\\/diariotextual.com\\\/inicio\\\/\",\"logo\":{\"@type\":\"ImageObject\",\"inLanguage\":\"es\",\"@id\":\"https:\\\/\\\/diariotextual.com\\\/inicio\\\/#\\\/schema\\\/logo\\\/image\\\/\",\"url\":\"https:\\\/\\\/diariotextual.com\\\/inicio\\\/wp-content\\\/uploads\\\/2023\\\/05\\\/logotextual1.jpg\",\"contentUrl\":\"https:\\\/\\\/diariotextual.com\\\/inicio\\\/wp-content\\\/uploads\\\/2023\\\/05\\\/logotextual1.jpg\",\"width\":516,\"height\":76,\"caption\":\"Diario Textual\"},\"image\":{\"@id\":\"https:\\\/\\\/diariotextual.com\\\/inicio\\\/#\\\/schema\\\/logo\\\/image\\\/\"},\"sameAs\":[\"https:\\\/\\\/www.facebook.com\\\/eltextual\",\"https:\\\/\\\/x.com\\\/eltextual\",\"http:\\\/\\\/www.instagram.com\\\/eltextual\"]},{\"@type\":\"Person\",\"@id\":\"https:\\\/\\\/diariotextual.com\\\/inicio\\\/#\\\/schema\\\/person\\\/a1b6f563e0ee944c60f98119389a4d9f\",\"name\":\"diario3\",\"image\":{\"@type\":\"ImageObject\",\"inLanguage\":\"es\",\"@id\":\"https:\\\/\\\/secure.gravatar.com\\\/avatar\\\/5e7ee62c82fc04d9dd79d746a390d93c69c43223e5faeeb3ea9461ef752bfc5d?s=96&d=mm&r=g\",\"url\":\"https:\\\/\\\/secure.gravatar.com\\\/avatar\\\/5e7ee62c82fc04d9dd79d746a390d93c69c43223e5faeeb3ea9461ef752bfc5d?s=96&d=mm&r=g\",\"contentUrl\":\"https:\\\/\\\/secure.gravatar.com\\\/avatar\\\/5e7ee62c82fc04d9dd79d746a390d93c69c43223e5faeeb3ea9461ef752bfc5d?s=96&d=mm&r=g\",\"caption\":\"diario3\"},\"url\":\"https:\\\/\\\/diariotextual.com\\\/inicio\\\/index.php\\\/author\\\/diario3\\\/\"}]}<\/script>\n<!-- \/ Yoast SEO plugin. -->","yoast_head_json":{"title":"Homenaje a la poeta pampeana Olga Orozco, a 20 a\u00f1os de su muerte - Diario Textual","robots":{"index":"index","follow":"follow","max-snippet":"max-snippet:-1","max-image-preview":"max-image-preview:large","max-video-preview":"max-video-preview:-1"},"canonical":"https:\/\/diariotextual.com\/inicio\/index.php\/2019\/08\/14\/homenaje-la-poeta-pampeana-olga-orozco-20-anos-muerte\/","og_locale":"es_ES","og_type":"article","og_title":"Homenaje a la poeta pampeana Olga Orozco, a 20 a\u00f1os de su muerte - Diario Textual","og_description":"La Secretar\u00eda de Cultura del Gobierno de La Pampa y la Municipalidad de Toay recordaron que este jueves 15 de agosto se recordar\u00e1 a la poeta Olga Orozco, en el&hellip;","og_url":"https:\/\/diariotextual.com\/inicio\/index.php\/2019\/08\/14\/homenaje-la-poeta-pampeana-olga-orozco-20-anos-muerte\/","og_site_name":"Diario Textual","article_publisher":"https:\/\/www.facebook.com\/eltextual","article_published_time":"2019-08-14T19:53:29+00:00","article_modified_time":"2019-08-14T21:08:13+00:00","og_image":[{"width":700,"height":465,"url":"https:\/\/diariotextual.com\/inicio\/wp-content\/uploads\/2019\/08\/OlgaOrozco20.jpg","type":"image\/jpeg"}],"author":"diario3","twitter_card":"summary_large_image","twitter_creator":"@eltextual","twitter_site":"@eltextual","twitter_misc":{"Escrito por":"diario3","Tiempo de lectura":"3 minutos"},"schema":{"@context":"https:\/\/schema.org","@graph":[{"@type":"Article","@id":"https:\/\/diariotextual.com\/inicio\/index.php\/2019\/08\/14\/homenaje-la-poeta-pampeana-olga-orozco-20-anos-muerte\/#article","isPartOf":{"@id":"https:\/\/diariotextual.com\/inicio\/index.php\/2019\/08\/14\/homenaje-la-poeta-pampeana-olga-orozco-20-anos-muerte\/"},"author":{"name":"diario3","@id":"https:\/\/diariotextual.com\/inicio\/#\/schema\/person\/a1b6f563e0ee944c60f98119389a4d9f"},"headline":"Homenaje a la poeta pampeana Olga Orozco, a 20 a\u00f1os de su muerte","datePublished":"2019-08-14T19:53:29+00:00","dateModified":"2019-08-14T21:08:13+00:00","mainEntityOfPage":{"@id":"https:\/\/diariotextual.com\/inicio\/index.php\/2019\/08\/14\/homenaje-la-poeta-pampeana-olga-orozco-20-anos-muerte\/"},"wordCount":618,"publisher":{"@id":"https:\/\/diariotextual.com\/inicio\/#organization"},"image":{"@id":"https:\/\/diariotextual.com\/inicio\/index.php\/2019\/08\/14\/homenaje-la-poeta-pampeana-olga-orozco-20-anos-muerte\/#primaryimage"},"thumbnailUrl":"https:\/\/diariotextual.com\/inicio\/wp-content\/uploads\/2019\/08\/OlgaOrozco20.jpg","articleSection":["A - QUE PASA (al costado)","A - TEMPORALES","CULTURA"],"inLanguage":"es"},{"@type":"WebPage","@id":"https:\/\/diariotextual.com\/inicio\/index.php\/2019\/08\/14\/homenaje-la-poeta-pampeana-olga-orozco-20-anos-muerte\/","url":"https:\/\/diariotextual.com\/inicio\/index.php\/2019\/08\/14\/homenaje-la-poeta-pampeana-olga-orozco-20-anos-muerte\/","name":"Homenaje a la poeta pampeana Olga Orozco, a 20 a\u00f1os de su muerte - Diario Textual","isPartOf":{"@id":"https:\/\/diariotextual.com\/inicio\/#website"},"primaryImageOfPage":{"@id":"https:\/\/diariotextual.com\/inicio\/index.php\/2019\/08\/14\/homenaje-la-poeta-pampeana-olga-orozco-20-anos-muerte\/#primaryimage"},"image":{"@id":"https:\/\/diariotextual.com\/inicio\/index.php\/2019\/08\/14\/homenaje-la-poeta-pampeana-olga-orozco-20-anos-muerte\/#primaryimage"},"thumbnailUrl":"https:\/\/diariotextual.com\/inicio\/wp-content\/uploads\/2019\/08\/OlgaOrozco20.jpg","datePublished":"2019-08-14T19:53:29+00:00","dateModified":"2019-08-14T21:08:13+00:00","breadcrumb":{"@id":"https:\/\/diariotextual.com\/inicio\/index.php\/2019\/08\/14\/homenaje-la-poeta-pampeana-olga-orozco-20-anos-muerte\/#breadcrumb"},"inLanguage":"es","potentialAction":[{"@type":"ReadAction","target":["https:\/\/diariotextual.com\/inicio\/index.php\/2019\/08\/14\/homenaje-la-poeta-pampeana-olga-orozco-20-anos-muerte\/"]}]},{"@type":"ImageObject","inLanguage":"es","@id":"https:\/\/diariotextual.com\/inicio\/index.php\/2019\/08\/14\/homenaje-la-poeta-pampeana-olga-orozco-20-anos-muerte\/#primaryimage","url":"https:\/\/diariotextual.com\/inicio\/wp-content\/uploads\/2019\/08\/OlgaOrozco20.jpg","contentUrl":"https:\/\/diariotextual.com\/inicio\/wp-content\/uploads\/2019\/08\/OlgaOrozco20.jpg","width":700,"height":465},{"@type":"BreadcrumbList","@id":"https:\/\/diariotextual.com\/inicio\/index.php\/2019\/08\/14\/homenaje-la-poeta-pampeana-olga-orozco-20-anos-muerte\/#breadcrumb","itemListElement":[{"@type":"ListItem","position":1,"name":"Portada","item":"https:\/\/diariotextual.com\/inicio\/"},{"@type":"ListItem","position":2,"name":"Homenaje a la poeta pampeana Olga Orozco, a 20 a\u00f1os de su muerte"}]},{"@type":"WebSite","@id":"https:\/\/diariotextual.com\/inicio\/#website","url":"https:\/\/diariotextual.com\/inicio\/","name":"Diario Textual","description":"","publisher":{"@id":"https:\/\/diariotextual.com\/inicio\/#organization"},"potentialAction":[{"@type":"SearchAction","target":{"@type":"EntryPoint","urlTemplate":"https:\/\/diariotextual.com\/inicio\/?s={search_term_string}"},"query-input":{"@type":"PropertyValueSpecification","valueRequired":true,"valueName":"search_term_string"}}],"inLanguage":"es"},{"@type":"Organization","@id":"https:\/\/diariotextual.com\/inicio\/#organization","name":"Diario Textual","url":"https:\/\/diariotextual.com\/inicio\/","logo":{"@type":"ImageObject","inLanguage":"es","@id":"https:\/\/diariotextual.com\/inicio\/#\/schema\/logo\/image\/","url":"https:\/\/diariotextual.com\/inicio\/wp-content\/uploads\/2023\/05\/logotextual1.jpg","contentUrl":"https:\/\/diariotextual.com\/inicio\/wp-content\/uploads\/2023\/05\/logotextual1.jpg","width":516,"height":76,"caption":"Diario Textual"},"image":{"@id":"https:\/\/diariotextual.com\/inicio\/#\/schema\/logo\/image\/"},"sameAs":["https:\/\/www.facebook.com\/eltextual","https:\/\/x.com\/eltextual","http:\/\/www.instagram.com\/eltextual"]},{"@type":"Person","@id":"https:\/\/diariotextual.com\/inicio\/#\/schema\/person\/a1b6f563e0ee944c60f98119389a4d9f","name":"diario3","image":{"@type":"ImageObject","inLanguage":"es","@id":"https:\/\/secure.gravatar.com\/avatar\/5e7ee62c82fc04d9dd79d746a390d93c69c43223e5faeeb3ea9461ef752bfc5d?s=96&d=mm&r=g","url":"https:\/\/secure.gravatar.com\/avatar\/5e7ee62c82fc04d9dd79d746a390d93c69c43223e5faeeb3ea9461ef752bfc5d?s=96&d=mm&r=g","contentUrl":"https:\/\/secure.gravatar.com\/avatar\/5e7ee62c82fc04d9dd79d746a390d93c69c43223e5faeeb3ea9461ef752bfc5d?s=96&d=mm&r=g","caption":"diario3"},"url":"https:\/\/diariotextual.com\/inicio\/index.php\/author\/diario3\/"}]}},"_links":{"self":[{"href":"https:\/\/diariotextual.com\/inicio\/index.php\/wp-json\/wp\/v2\/posts\/59470","targetHints":{"allow":["GET"]}}],"collection":[{"href":"https:\/\/diariotextual.com\/inicio\/index.php\/wp-json\/wp\/v2\/posts"}],"about":[{"href":"https:\/\/diariotextual.com\/inicio\/index.php\/wp-json\/wp\/v2\/types\/post"}],"author":[{"embeddable":true,"href":"https:\/\/diariotextual.com\/inicio\/index.php\/wp-json\/wp\/v2\/users\/5"}],"replies":[{"embeddable":true,"href":"https:\/\/diariotextual.com\/inicio\/index.php\/wp-json\/wp\/v2\/comments?post=59470"}],"version-history":[{"count":1,"href":"https:\/\/diariotextual.com\/inicio\/index.php\/wp-json\/wp\/v2\/posts\/59470\/revisions"}],"predecessor-version":[{"id":59472,"href":"https:\/\/diariotextual.com\/inicio\/index.php\/wp-json\/wp\/v2\/posts\/59470\/revisions\/59472"}],"wp:featuredmedia":[{"embeddable":true,"href":"https:\/\/diariotextual.com\/inicio\/index.php\/wp-json\/wp\/v2\/media\/59471"}],"wp:attachment":[{"href":"https:\/\/diariotextual.com\/inicio\/index.php\/wp-json\/wp\/v2\/media?parent=59470"}],"wp:term":[{"taxonomy":"category","embeddable":true,"href":"https:\/\/diariotextual.com\/inicio\/index.php\/wp-json\/wp\/v2\/categories?post=59470"},{"taxonomy":"post_tag","embeddable":true,"href":"https:\/\/diariotextual.com\/inicio\/index.php\/wp-json\/wp\/v2\/tags?post=59470"}],"curies":[{"name":"wp","href":"https:\/\/api.w.org\/{rel}","templated":true}]}}