{"id":59490,"date":"2019-08-14T18:07:40","date_gmt":"2019-08-14T21:07:40","guid":{"rendered":"http:\/\/diariotextual.com\/inicio\/?p=59490"},"modified":"2019-08-14T21:12:05","modified_gmt":"2019-08-15T00:12:05","slug":"ahora-carrio-dice-control-narco-cometio-fraude-las-paso","status":"publish","type":"post","link":"https:\/\/diariotextual.com\/inicio\/index.php\/2019\/08\/14\/ahora-carrio-dice-control-narco-cometio-fraude-las-paso\/","title":{"rendered":"Ahora Carri\u00f3 dice que el poder \u00abnarco\u00bb cometi\u00f3 fraude en las PASO"},"content":{"rendered":"<p><strong>Elisa \u00abLilita\u00bb Carri\u00f3<\/strong>, un d\u00eda despu\u00e9s de iniciarse el conteo definitivo de las elecciones PASO, denunci\u00f3 p\u00fablicamente que hubo fraude. \u00abEstamos analizando los resultados y <strong>hay demasiados datos que son incorrectos y muchos votos a Macri fueron directamente suprimidos<\/strong> en el telegrama.\u00a0De modo tal que<strong> me da la impresi\u00f3n por gente que estuvo en el territorio, que el control narco en determinados sectores del norte y del conurbano es central<\/strong>\u00ab, escribi\u00f3 en Twitter. \u00abAs\u00ed que en eso estamos trabajando. Cada vez estoy m\u00e1s segura de nuestra victoria en octubre\u00bb, finaliz\u00f3.<\/p>\n<p>Las expresiones de Carri\u00f3 no cayeron nada bien ni en Casa Rosada.\u00a0Las denuncias de \u00abfraude K\u00bb ampliadas en las redes por los trolls del macrismo, fueron desestimadas por el propio secretario de Asuntos Pol\u00edticos del ministerio del Interior, Adri\u00e1n P\u00e9rez. \u00abSiempre, en todas las elecciones, hay telegramas que vienen con cero a presidente para alguna fuerza. Eso es un error, efectivamente. El tema es que hay telegramas con cero para Cambiemos y en telegramas con cero para el Frente de Todos\u00bb, se\u00f1al\u00f3 el funcionario.<\/p>\n<p>El domingo, el candidato a presidente del Frente de Todos, Alberto Fern\u00e1ndez, se impuso en las primarias abiertas, simult\u00e1neas y obligatorias con el 47,32 por ciento de los votos, y le sac\u00f3 15 puntos de ventaja a Mauricio Macri (Juntos por el Cambio), quien obtuvo el 32,28%, seg\u00fan los datos oficiales del escrutinio provisorio de la votaci\u00f3n.<\/p>\n<p>Fern\u00e1ndez y su compa\u00f1era de f\u00f3rmula, Cristina Kirchner, superaron as\u00ed el 45 por ciento, la cifra que se necesitar\u00eda para ganar en primera vuelta en octubre.<\/p>\n<p>Ayer comenz\u00f3 el conteo definitivo de los votos, que demandar\u00e1 entre 10 y 15 d\u00edas, seg\u00fan estiman las autoridades electorales.<\/p>\n<blockquote class=\"wp-embedded-content\" data-secret=\"i1qjlvvAhT\"><p><a href=\"http:\/\/diariotextual.com\/inicio\/index.php\/2019\/08\/14\/alberto-presidente-llegar-al-10-diciembre\/\">Alberto: &#171;El presidente tiene que llegar al 10 de diciembre&#187;<\/a><\/p><\/blockquote>\n<p><iframe class=\"wp-embedded-content\" sandbox=\"allow-scripts\" security=\"restricted\" style=\"position: absolute; clip: rect(1px, 1px, 1px, 1px);\" src=\"http:\/\/diariotextual.com\/inicio\/index.php\/2019\/08\/14\/alberto-presidente-llegar-al-10-diciembre\/embed\/#?secret=i1qjlvvAhT\" data-secret=\"i1qjlvvAhT\" width=\"600\" height=\"338\" title=\"&#171;Alberto: &#171;El presidente tiene que llegar al 10 de diciembre&#187;&#187; &#8212; Diario Textual\" frameborder=\"0\" marginwidth=\"0\" marginheight=\"0\" scrolling=\"no\"><\/iframe><\/p>\n<p>&nbsp;<\/p>\n<p>&nbsp;<\/p>\n<p>&nbsp;<\/p>\n<p>&nbsp;<\/p>\n","protected":false},"excerpt":{"rendered":"<p>Elisa \u00abLilita\u00bb Carri\u00f3, un d\u00eda despu\u00e9s de iniciarse el conteo definitivo de las elecciones PASO, denunci\u00f3 p\u00fablicamente que hubo fraude. \u00abEstamos analizando los resultados y hay demasiados datos que son&hellip;<\/p>\n","protected":false},"author":3,"featured_media":13471,"comment_status":"closed","ping_status":"open","sticky":false,"template":"","format":"standard","meta":{"_acf_changed":false,"footnotes":""},"categories":[11,319,8],"tags":[373],"class_list":["post-59490","post","type-post","status-publish","format-standard","has-post-thumbnail","hentry","category-que-pasa","category-a-temporales","category-politica","tag-carrio"],"acf":[],"yoast_head":"<!-- This site is optimized with the Yoast SEO plugin v27.5 - https:\/\/yoast.com\/product\/yoast-seo-wordpress\/ -->\n<title>Ahora Carri\u00f3 dice que el poder &quot;narco&quot; cometi\u00f3 fraude en las PASO<\/title>\n<meta name=\"robots\" content=\"index, follow, max-snippet:-1, max-image-preview:large, max-video-preview:-1\" \/>\n<link rel=\"canonical\" href=\"https:\/\/diariotextual.com\/inicio\/index.php\/2019\/08\/14\/ahora-carrio-dice-control-narco-cometio-fraude-las-paso\/\" \/>\n<meta property=\"og:locale\" content=\"es_ES\" \/>\n<meta property=\"og:type\" content=\"article\" \/>\n<meta property=\"og:title\" content=\"Ahora Carri\u00f3 dice que el poder &quot;narco&quot; cometi\u00f3 fraude en las PASO\" \/>\n<meta property=\"og:description\" content=\"Elisa \u00abLilita\u00bb Carri\u00f3, un d\u00eda despu\u00e9s de iniciarse el conteo definitivo de las elecciones PASO, denunci\u00f3 p\u00fablicamente que hubo fraude. \u00abEstamos analizando los resultados y hay demasiados datos que son&hellip;\" \/>\n<meta property=\"og:url\" content=\"https:\/\/diariotextual.com\/inicio\/index.php\/2019\/08\/14\/ahora-carrio-dice-control-narco-cometio-fraude-las-paso\/\" \/>\n<meta property=\"og:site_name\" content=\"Diario Textual\" \/>\n<meta property=\"article:publisher\" content=\"https:\/\/www.facebook.com\/eltextual\" \/>\n<meta property=\"article:published_time\" content=\"2019-08-14T21:07:40+00:00\" \/>\n<meta property=\"article:modified_time\" content=\"2019-08-15T00:12:05+00:00\" \/>\n<meta property=\"og:image\" content=\"https:\/\/diariotextual.com\/inicio\/wp-content\/uploads\/2018\/07\/carriolilita12343.jpg\" \/>\n\t<meta property=\"og:image:width\" content=\"745\" \/>\n\t<meta property=\"og:image:height\" content=\"522\" \/>\n\t<meta property=\"og:image:type\" content=\"image\/jpeg\" \/>\n<meta name=\"author\" content=\"Diario1 Diario1\" \/>\n<meta name=\"twitter:card\" content=\"summary_large_image\" \/>\n<meta name=\"twitter:creator\" content=\"@eltextual\" \/>\n<meta name=\"twitter:site\" content=\"@eltextual\" \/>\n<meta name=\"twitter:label1\" content=\"Escrito por\" \/>\n\t<meta name=\"twitter:data1\" content=\"Diario1 Diario1\" \/>\n\t<meta name=\"twitter:label2\" content=\"Tiempo de lectura\" \/>\n\t<meta name=\"twitter:data2\" content=\"2 minutos\" \/>\n<script type=\"application\/ld+json\" class=\"yoast-schema-graph\">{\"@context\":\"https:\\\/\\\/schema.org\",\"@graph\":[{\"@type\":\"Article\",\"@id\":\"https:\\\/\\\/diariotextual.com\\\/inicio\\\/index.php\\\/2019\\\/08\\\/14\\\/ahora-carrio-dice-control-narco-cometio-fraude-las-paso\\\/#article\",\"isPartOf\":{\"@id\":\"https:\\\/\\\/diariotextual.com\\\/inicio\\\/index.php\\\/2019\\\/08\\\/14\\\/ahora-carrio-dice-control-narco-cometio-fraude-las-paso\\\/\"},\"author\":{\"name\":\"Diario1 Diario1\",\"@id\":\"https:\\\/\\\/diariotextual.com\\\/inicio\\\/#\\\/schema\\\/person\\\/418fc4093c33e86ed41562db3508f958\"},\"headline\":\"Ahora Carri\u00f3 dice que el poder \u00abnarco\u00bb cometi\u00f3 fraude en las PASO\",\"datePublished\":\"2019-08-14T21:07:40+00:00\",\"dateModified\":\"2019-08-15T00:12:05+00:00\",\"mainEntityOfPage\":{\"@id\":\"https:\\\/\\\/diariotextual.com\\\/inicio\\\/index.php\\\/2019\\\/08\\\/14\\\/ahora-carrio-dice-control-narco-cometio-fraude-las-paso\\\/\"},\"wordCount\":316,\"publisher\":{\"@id\":\"https:\\\/\\\/diariotextual.com\\\/inicio\\\/#organization\"},\"image\":{\"@id\":\"https:\\\/\\\/diariotextual.com\\\/inicio\\\/index.php\\\/2019\\\/08\\\/14\\\/ahora-carrio-dice-control-narco-cometio-fraude-las-paso\\\/#primaryimage\"},\"thumbnailUrl\":\"https:\\\/\\\/diariotextual.com\\\/inicio\\\/wp-content\\\/uploads\\\/2018\\\/07\\\/carriolilita12343.jpg\",\"keywords\":[\"carrio\"],\"articleSection\":[\"A - QUE PASA (al costado)\",\"A - TEMPORALES\",\"POLITICA\"],\"inLanguage\":\"es\"},{\"@type\":\"WebPage\",\"@id\":\"https:\\\/\\\/diariotextual.com\\\/inicio\\\/index.php\\\/2019\\\/08\\\/14\\\/ahora-carrio-dice-control-narco-cometio-fraude-las-paso\\\/\",\"url\":\"https:\\\/\\\/diariotextual.com\\\/inicio\\\/index.php\\\/2019\\\/08\\\/14\\\/ahora-carrio-dice-control-narco-cometio-fraude-las-paso\\\/\",\"name\":\"Ahora Carri\u00f3 dice que el poder \\\"narco\\\" cometi\u00f3 fraude en las PASO\",\"isPartOf\":{\"@id\":\"https:\\\/\\\/diariotextual.com\\\/inicio\\\/#website\"},\"primaryImageOfPage\":{\"@id\":\"https:\\\/\\\/diariotextual.com\\\/inicio\\\/index.php\\\/2019\\\/08\\\/14\\\/ahora-carrio-dice-control-narco-cometio-fraude-las-paso\\\/#primaryimage\"},\"image\":{\"@id\":\"https:\\\/\\\/diariotextual.com\\\/inicio\\\/index.php\\\/2019\\\/08\\\/14\\\/ahora-carrio-dice-control-narco-cometio-fraude-las-paso\\\/#primaryimage\"},\"thumbnailUrl\":\"https:\\\/\\\/diariotextual.com\\\/inicio\\\/wp-content\\\/uploads\\\/2018\\\/07\\\/carriolilita12343.jpg\",\"datePublished\":\"2019-08-14T21:07:40+00:00\",\"dateModified\":\"2019-08-15T00:12:05+00:00\",\"breadcrumb\":{\"@id\":\"https:\\\/\\\/diariotextual.com\\\/inicio\\\/index.php\\\/2019\\\/08\\\/14\\\/ahora-carrio-dice-control-narco-cometio-fraude-las-paso\\\/#breadcrumb\"},\"inLanguage\":\"es\",\"potentialAction\":[{\"@type\":\"ReadAction\",\"target\":[\"https:\\\/\\\/diariotextual.com\\\/inicio\\\/index.php\\\/2019\\\/08\\\/14\\\/ahora-carrio-dice-control-narco-cometio-fraude-las-paso\\\/\"]}]},{\"@type\":\"ImageObject\",\"inLanguage\":\"es\",\"@id\":\"https:\\\/\\\/diariotextual.com\\\/inicio\\\/index.php\\\/2019\\\/08\\\/14\\\/ahora-carrio-dice-control-narco-cometio-fraude-las-paso\\\/#primaryimage\",\"url\":\"https:\\\/\\\/diariotextual.com\\\/inicio\\\/wp-content\\\/uploads\\\/2018\\\/07\\\/carriolilita12343.jpg\",\"contentUrl\":\"https:\\\/\\\/diariotextual.com\\\/inicio\\\/wp-content\\\/uploads\\\/2018\\\/07\\\/carriolilita12343.jpg\",\"width\":745,\"height\":522},{\"@type\":\"BreadcrumbList\",\"@id\":\"https:\\\/\\\/diariotextual.com\\\/inicio\\\/index.php\\\/2019\\\/08\\\/14\\\/ahora-carrio-dice-control-narco-cometio-fraude-las-paso\\\/#breadcrumb\",\"itemListElement\":[{\"@type\":\"ListItem\",\"position\":1,\"name\":\"Portada\",\"item\":\"https:\\\/\\\/diariotextual.com\\\/inicio\\\/\"},{\"@type\":\"ListItem\",\"position\":2,\"name\":\"Ahora Carri\u00f3 dice que el poder \u00abnarco\u00bb cometi\u00f3 fraude en las PASO\"}]},{\"@type\":\"WebSite\",\"@id\":\"https:\\\/\\\/diariotextual.com\\\/inicio\\\/#website\",\"url\":\"https:\\\/\\\/diariotextual.com\\\/inicio\\\/\",\"name\":\"Diario Textual\",\"description\":\"\",\"publisher\":{\"@id\":\"https:\\\/\\\/diariotextual.com\\\/inicio\\\/#organization\"},\"potentialAction\":[{\"@type\":\"SearchAction\",\"target\":{\"@type\":\"EntryPoint\",\"urlTemplate\":\"https:\\\/\\\/diariotextual.com\\\/inicio\\\/?s={search_term_string}\"},\"query-input\":{\"@type\":\"PropertyValueSpecification\",\"valueRequired\":true,\"valueName\":\"search_term_string\"}}],\"inLanguage\":\"es\"},{\"@type\":\"Organization\",\"@id\":\"https:\\\/\\\/diariotextual.com\\\/inicio\\\/#organization\",\"name\":\"Diario Textual\",\"url\":\"https:\\\/\\\/diariotextual.com\\\/inicio\\\/\",\"logo\":{\"@type\":\"ImageObject\",\"inLanguage\":\"es\",\"@id\":\"https:\\\/\\\/diariotextual.com\\\/inicio\\\/#\\\/schema\\\/logo\\\/image\\\/\",\"url\":\"https:\\\/\\\/diariotextual.com\\\/inicio\\\/wp-content\\\/uploads\\\/2023\\\/05\\\/logotextual1.jpg\",\"contentUrl\":\"https:\\\/\\\/diariotextual.com\\\/inicio\\\/wp-content\\\/uploads\\\/2023\\\/05\\\/logotextual1.jpg\",\"width\":516,\"height\":76,\"caption\":\"Diario Textual\"},\"image\":{\"@id\":\"https:\\\/\\\/diariotextual.com\\\/inicio\\\/#\\\/schema\\\/logo\\\/image\\\/\"},\"sameAs\":[\"https:\\\/\\\/www.facebook.com\\\/eltextual\",\"https:\\\/\\\/x.com\\\/eltextual\",\"http:\\\/\\\/www.instagram.com\\\/eltextual\"]},{\"@type\":\"Person\",\"@id\":\"https:\\\/\\\/diariotextual.com\\\/inicio\\\/#\\\/schema\\\/person\\\/418fc4093c33e86ed41562db3508f958\",\"name\":\"Diario1 Diario1\",\"image\":{\"@type\":\"ImageObject\",\"inLanguage\":\"es\",\"@id\":\"https:\\\/\\\/secure.gravatar.com\\\/avatar\\\/9167d280179c85bc18be67aa7eda765854300033af4896dd779b608640f2ef7a?s=96&d=mm&r=g\",\"url\":\"https:\\\/\\\/secure.gravatar.com\\\/avatar\\\/9167d280179c85bc18be67aa7eda765854300033af4896dd779b608640f2ef7a?s=96&d=mm&r=g\",\"contentUrl\":\"https:\\\/\\\/secure.gravatar.com\\\/avatar\\\/9167d280179c85bc18be67aa7eda765854300033af4896dd779b608640f2ef7a?s=96&d=mm&r=g\",\"caption\":\"Diario1 Diario1\"},\"url\":\"https:\\\/\\\/diariotextual.com\\\/inicio\\\/index.php\\\/author\\\/diario1\\\/\"}]}<\/script>\n<!-- \/ Yoast SEO plugin. -->","yoast_head_json":{"title":"Ahora Carri\u00f3 dice que el poder \"narco\" cometi\u00f3 fraude en las PASO","robots":{"index":"index","follow":"follow","max-snippet":"max-snippet:-1","max-image-preview":"max-image-preview:large","max-video-preview":"max-video-preview:-1"},"canonical":"https:\/\/diariotextual.com\/inicio\/index.php\/2019\/08\/14\/ahora-carrio-dice-control-narco-cometio-fraude-las-paso\/","og_locale":"es_ES","og_type":"article","og_title":"Ahora Carri\u00f3 dice que el poder \"narco\" cometi\u00f3 fraude en las PASO","og_description":"Elisa \u00abLilita\u00bb Carri\u00f3, un d\u00eda despu\u00e9s de iniciarse el conteo definitivo de las elecciones PASO, denunci\u00f3 p\u00fablicamente que hubo fraude. \u00abEstamos analizando los resultados y hay demasiados datos que son&hellip;","og_url":"https:\/\/diariotextual.com\/inicio\/index.php\/2019\/08\/14\/ahora-carrio-dice-control-narco-cometio-fraude-las-paso\/","og_site_name":"Diario Textual","article_publisher":"https:\/\/www.facebook.com\/eltextual","article_published_time":"2019-08-14T21:07:40+00:00","article_modified_time":"2019-08-15T00:12:05+00:00","og_image":[{"width":745,"height":522,"url":"https:\/\/diariotextual.com\/inicio\/wp-content\/uploads\/2018\/07\/carriolilita12343.jpg","type":"image\/jpeg"}],"author":"Diario1 Diario1","twitter_card":"summary_large_image","twitter_creator":"@eltextual","twitter_site":"@eltextual","twitter_misc":{"Escrito por":"Diario1 Diario1","Tiempo de lectura":"2 minutos"},"schema":{"@context":"https:\/\/schema.org","@graph":[{"@type":"Article","@id":"https:\/\/diariotextual.com\/inicio\/index.php\/2019\/08\/14\/ahora-carrio-dice-control-narco-cometio-fraude-las-paso\/#article","isPartOf":{"@id":"https:\/\/diariotextual.com\/inicio\/index.php\/2019\/08\/14\/ahora-carrio-dice-control-narco-cometio-fraude-las-paso\/"},"author":{"name":"Diario1 Diario1","@id":"https:\/\/diariotextual.com\/inicio\/#\/schema\/person\/418fc4093c33e86ed41562db3508f958"},"headline":"Ahora Carri\u00f3 dice que el poder \u00abnarco\u00bb cometi\u00f3 fraude en las PASO","datePublished":"2019-08-14T21:07:40+00:00","dateModified":"2019-08-15T00:12:05+00:00","mainEntityOfPage":{"@id":"https:\/\/diariotextual.com\/inicio\/index.php\/2019\/08\/14\/ahora-carrio-dice-control-narco-cometio-fraude-las-paso\/"},"wordCount":316,"publisher":{"@id":"https:\/\/diariotextual.com\/inicio\/#organization"},"image":{"@id":"https:\/\/diariotextual.com\/inicio\/index.php\/2019\/08\/14\/ahora-carrio-dice-control-narco-cometio-fraude-las-paso\/#primaryimage"},"thumbnailUrl":"https:\/\/diariotextual.com\/inicio\/wp-content\/uploads\/2018\/07\/carriolilita12343.jpg","keywords":["carrio"],"articleSection":["A - QUE PASA (al costado)","A - TEMPORALES","POLITICA"],"inLanguage":"es"},{"@type":"WebPage","@id":"https:\/\/diariotextual.com\/inicio\/index.php\/2019\/08\/14\/ahora-carrio-dice-control-narco-cometio-fraude-las-paso\/","url":"https:\/\/diariotextual.com\/inicio\/index.php\/2019\/08\/14\/ahora-carrio-dice-control-narco-cometio-fraude-las-paso\/","name":"Ahora Carri\u00f3 dice que el poder \"narco\" cometi\u00f3 fraude en las PASO","isPartOf":{"@id":"https:\/\/diariotextual.com\/inicio\/#website"},"primaryImageOfPage":{"@id":"https:\/\/diariotextual.com\/inicio\/index.php\/2019\/08\/14\/ahora-carrio-dice-control-narco-cometio-fraude-las-paso\/#primaryimage"},"image":{"@id":"https:\/\/diariotextual.com\/inicio\/index.php\/2019\/08\/14\/ahora-carrio-dice-control-narco-cometio-fraude-las-paso\/#primaryimage"},"thumbnailUrl":"https:\/\/diariotextual.com\/inicio\/wp-content\/uploads\/2018\/07\/carriolilita12343.jpg","datePublished":"2019-08-14T21:07:40+00:00","dateModified":"2019-08-15T00:12:05+00:00","breadcrumb":{"@id":"https:\/\/diariotextual.com\/inicio\/index.php\/2019\/08\/14\/ahora-carrio-dice-control-narco-cometio-fraude-las-paso\/#breadcrumb"},"inLanguage":"es","potentialAction":[{"@type":"ReadAction","target":["https:\/\/diariotextual.com\/inicio\/index.php\/2019\/08\/14\/ahora-carrio-dice-control-narco-cometio-fraude-las-paso\/"]}]},{"@type":"ImageObject","inLanguage":"es","@id":"https:\/\/diariotextual.com\/inicio\/index.php\/2019\/08\/14\/ahora-carrio-dice-control-narco-cometio-fraude-las-paso\/#primaryimage","url":"https:\/\/diariotextual.com\/inicio\/wp-content\/uploads\/2018\/07\/carriolilita12343.jpg","contentUrl":"https:\/\/diariotextual.com\/inicio\/wp-content\/uploads\/2018\/07\/carriolilita12343.jpg","width":745,"height":522},{"@type":"BreadcrumbList","@id":"https:\/\/diariotextual.com\/inicio\/index.php\/2019\/08\/14\/ahora-carrio-dice-control-narco-cometio-fraude-las-paso\/#breadcrumb","itemListElement":[{"@type":"ListItem","position":1,"name":"Portada","item":"https:\/\/diariotextual.com\/inicio\/"},{"@type":"ListItem","position":2,"name":"Ahora Carri\u00f3 dice que el poder \u00abnarco\u00bb cometi\u00f3 fraude en las PASO"}]},{"@type":"WebSite","@id":"https:\/\/diariotextual.com\/inicio\/#website","url":"https:\/\/diariotextual.com\/inicio\/","name":"Diario Textual","description":"","publisher":{"@id":"https:\/\/diariotextual.com\/inicio\/#organization"},"potentialAction":[{"@type":"SearchAction","target":{"@type":"EntryPoint","urlTemplate":"https:\/\/diariotextual.com\/inicio\/?s={search_term_string}"},"query-input":{"@type":"PropertyValueSpecification","valueRequired":true,"valueName":"search_term_string"}}],"inLanguage":"es"},{"@type":"Organization","@id":"https:\/\/diariotextual.com\/inicio\/#organization","name":"Diario Textual","url":"https:\/\/diariotextual.com\/inicio\/","logo":{"@type":"ImageObject","inLanguage":"es","@id":"https:\/\/diariotextual.com\/inicio\/#\/schema\/logo\/image\/","url":"https:\/\/diariotextual.com\/inicio\/wp-content\/uploads\/2023\/05\/logotextual1.jpg","contentUrl":"https:\/\/diariotextual.com\/inicio\/wp-content\/uploads\/2023\/05\/logotextual1.jpg","width":516,"height":76,"caption":"Diario Textual"},"image":{"@id":"https:\/\/diariotextual.com\/inicio\/#\/schema\/logo\/image\/"},"sameAs":["https:\/\/www.facebook.com\/eltextual","https:\/\/x.com\/eltextual","http:\/\/www.instagram.com\/eltextual"]},{"@type":"Person","@id":"https:\/\/diariotextual.com\/inicio\/#\/schema\/person\/418fc4093c33e86ed41562db3508f958","name":"Diario1 Diario1","image":{"@type":"ImageObject","inLanguage":"es","@id":"https:\/\/secure.gravatar.com\/avatar\/9167d280179c85bc18be67aa7eda765854300033af4896dd779b608640f2ef7a?s=96&d=mm&r=g","url":"https:\/\/secure.gravatar.com\/avatar\/9167d280179c85bc18be67aa7eda765854300033af4896dd779b608640f2ef7a?s=96&d=mm&r=g","contentUrl":"https:\/\/secure.gravatar.com\/avatar\/9167d280179c85bc18be67aa7eda765854300033af4896dd779b608640f2ef7a?s=96&d=mm&r=g","caption":"Diario1 Diario1"},"url":"https:\/\/diariotextual.com\/inicio\/index.php\/author\/diario1\/"}]}},"_links":{"self":[{"href":"https:\/\/diariotextual.com\/inicio\/index.php\/wp-json\/wp\/v2\/posts\/59490","targetHints":{"allow":["GET"]}}],"collection":[{"href":"https:\/\/diariotextual.com\/inicio\/index.php\/wp-json\/wp\/v2\/posts"}],"about":[{"href":"https:\/\/diariotextual.com\/inicio\/index.php\/wp-json\/wp\/v2\/types\/post"}],"author":[{"embeddable":true,"href":"https:\/\/diariotextual.com\/inicio\/index.php\/wp-json\/wp\/v2\/users\/3"}],"replies":[{"embeddable":true,"href":"https:\/\/diariotextual.com\/inicio\/index.php\/wp-json\/wp\/v2\/comments?post=59490"}],"version-history":[{"count":4,"href":"https:\/\/diariotextual.com\/inicio\/index.php\/wp-json\/wp\/v2\/posts\/59490\/revisions"}],"predecessor-version":[{"id":59497,"href":"https:\/\/diariotextual.com\/inicio\/index.php\/wp-json\/wp\/v2\/posts\/59490\/revisions\/59497"}],"wp:featuredmedia":[{"embeddable":true,"href":"https:\/\/diariotextual.com\/inicio\/index.php\/wp-json\/wp\/v2\/media\/13471"}],"wp:attachment":[{"href":"https:\/\/diariotextual.com\/inicio\/index.php\/wp-json\/wp\/v2\/media?parent=59490"}],"wp:term":[{"taxonomy":"category","embeddable":true,"href":"https:\/\/diariotextual.com\/inicio\/index.php\/wp-json\/wp\/v2\/categories?post=59490"},{"taxonomy":"post_tag","embeddable":true,"href":"https:\/\/diariotextual.com\/inicio\/index.php\/wp-json\/wp\/v2\/tags?post=59490"}],"curies":[{"name":"wp","href":"https:\/\/api.w.org\/{rel}","templated":true}]}}