{"id":59498,"date":"2019-08-14T20:43:09","date_gmt":"2019-08-14T23:43:09","guid":{"rendered":"http:\/\/diariotextual.com\/inicio\/?p=59498"},"modified":"2019-08-15T11:06:02","modified_gmt":"2019-08-15T14:06:02","slug":"federacion-inquilinos-pidio-al-gobierno-frenar-los-aumentos-los-alquileres","status":"publish","type":"post","link":"https:\/\/diariotextual.com\/inicio\/index.php\/2019\/08\/14\/federacion-inquilinos-pidio-al-gobierno-frenar-los-aumentos-los-alquileres\/","title":{"rendered":"Federaci\u00f3n de Inquilinos pidi\u00f3 al Gobierno frenar los aumentos de los alquileres"},"content":{"rendered":"<p>La Federaci\u00f3n de Inquilinos Nacional, que es integrada entre otros por una agrupaci\u00f3n pampeana, reclam\u00f3 a Casa Rosada frenar las subas de los alquileres en medio de la corrida cambiaria.<\/p>\n<p>\u00abFrente a la grave situaci\u00f3n econ\u00f3mica que atravesamos, exigimos se congele el precio de los alquileres de vivienda en todo el pa\u00eds hasta el 31 de diciembre de este a\u00f1o\u00bb, sostuvo la federaci\u00f3n en un comunicado de prensa.<\/p>\n<p>\u00abSomos 9 millones de inquilinos en todo el pa\u00eds que enfrentamos una grave situaci\u00f3n, destinando el 50% de nuestros ingresos s\u00f3lo al pago del alquiler. En un contexto donde la cotizaci\u00f3n de la vivienda es en d\u00f3lares, el mercado inmobiliario especula con nuestra necesidad y suspende negociaciones por renovaci\u00f3n de contrato y ofertas de nuevos alquileres para llevar adelante aumentos mucho m\u00e1s grandes que ocasionaran graves consecuencias\u00bb, dijo.<\/p>\n<p>\u00abLa medida que estamos exigiendo es producto de casi cuatro a\u00f1os en donde el gobierno nacional prometi\u00f3 una ley de alquileres nacional pero no hizo otra cosa que empeorar la situaci\u00f3n, por lo tanto, exigimos al poder ejecutivo y a la secretar\u00eda de comercio que tomen las medidas necesarias para congelar el precio de los alquileres hasta fin de a\u00f1o\u00bb, sostuvo. \u00abPa\u00edses que realmente tienen pol\u00edticas que garantizan el acceso justo a la vivienda han tomado la decisi\u00f3n de congelar los precios en una situaci\u00f3n mucho menos cr\u00edtica a la que estamos viviendo los argentinos hoy. En el a\u00f1o 2002, frente a una crisis econ\u00f3mica grav\u00edsima se ha llevado adelante lo que pedimos hoy. No podemos seguir en esta situaci\u00f3n, el gobierno debe hacerse cargo de la situaci\u00f3n\u00bb, finaliz\u00f3.<\/p>\n<p>El documento est\u00e1 firmado por la\u00a0Uni\u00f3n de Inquilinos R\u00edo Negro, la Concejal\u00eda Popular Rosario, la Asociaci\u00f3n Civil Inquilinos Corrientes, la\u00a0Organizaci\u00f3n de Inquilinos de La Pampa, Inquilinos Santa Cruz,\u00a0Inquilinos C\u00f3rdoba, Inquilinos San Juan, Inquilinos Agrupados, Red de Inquilinxs de Tandil y Asociaci\u00f3n Inquilinos La Plata.<\/p>\n<p>&nbsp;<\/p>\n<p>&nbsp;<\/p>\n<p>&nbsp;<\/p>\n","protected":false},"excerpt":{"rendered":"<p>La Federaci\u00f3n de Inquilinos Nacional, que es integrada entre otros por una agrupaci\u00f3n pampeana, reclam\u00f3 a Casa Rosada frenar las subas de los alquileres en medio de la corrida cambiaria.&hellip;<\/p>\n","protected":false},"author":3,"featured_media":21075,"comment_status":"closed","ping_status":"open","sticky":false,"template":"","format":"standard","meta":{"_acf_changed":false,"footnotes":""},"categories":[319,5],"tags":[],"class_list":["post-59498","post","type-post","status-publish","format-standard","has-post-thumbnail","hentry","category-a-temporales","category-economia"],"acf":[],"yoast_head":"<!-- This site is optimized with the Yoast SEO plugin v27.5 - https:\/\/yoast.com\/product\/yoast-seo-wordpress\/ -->\n<title>Federaci\u00f3n de Inquilinos pidi\u00f3 al Gobierno frenar los aumentos de los alquileres - Diario Textual<\/title>\n<meta name=\"robots\" content=\"index, follow, max-snippet:-1, max-image-preview:large, max-video-preview:-1\" \/>\n<link rel=\"canonical\" href=\"https:\/\/diariotextual.com\/inicio\/index.php\/2019\/08\/14\/federacion-inquilinos-pidio-al-gobierno-frenar-los-aumentos-los-alquileres\/\" \/>\n<meta property=\"og:locale\" content=\"es_ES\" \/>\n<meta property=\"og:type\" content=\"article\" \/>\n<meta property=\"og:title\" content=\"Federaci\u00f3n de Inquilinos pidi\u00f3 al Gobierno frenar los aumentos de los alquileres - Diario Textual\" \/>\n<meta property=\"og:description\" content=\"La Federaci\u00f3n de Inquilinos Nacional, que es integrada entre otros por una agrupaci\u00f3n pampeana, reclam\u00f3 a Casa Rosada frenar las subas de los alquileres en medio de la corrida cambiaria.&hellip;\" \/>\n<meta property=\"og:url\" content=\"https:\/\/diariotextual.com\/inicio\/index.php\/2019\/08\/14\/federacion-inquilinos-pidio-al-gobierno-frenar-los-aumentos-los-alquileres\/\" \/>\n<meta property=\"og:site_name\" content=\"Diario Textual\" \/>\n<meta property=\"article:publisher\" content=\"https:\/\/www.facebook.com\/eltextual\" \/>\n<meta property=\"article:published_time\" content=\"2019-08-14T23:43:09+00:00\" \/>\n<meta property=\"article:modified_time\" content=\"2019-08-15T14:06:02+00:00\" \/>\n<meta property=\"og:image\" content=\"https:\/\/diariotextual.com\/inicio\/wp-content\/uploads\/2018\/09\/alquileres222.jpg\" \/>\n\t<meta property=\"og:image:width\" content=\"1024\" \/>\n\t<meta property=\"og:image:height\" content=\"664\" \/>\n\t<meta property=\"og:image:type\" content=\"image\/jpeg\" \/>\n<meta name=\"author\" content=\"Diario1 Diario1\" \/>\n<meta name=\"twitter:card\" content=\"summary_large_image\" \/>\n<meta name=\"twitter:creator\" content=\"@eltextual\" \/>\n<meta name=\"twitter:site\" content=\"@eltextual\" \/>\n<meta name=\"twitter:label1\" content=\"Escrito por\" \/>\n\t<meta name=\"twitter:data1\" content=\"Diario1 Diario1\" \/>\n\t<meta name=\"twitter:label2\" content=\"Tiempo de lectura\" \/>\n\t<meta name=\"twitter:data2\" content=\"2 minutos\" \/>\n<script type=\"application\/ld+json\" class=\"yoast-schema-graph\">{\"@context\":\"https:\\\/\\\/schema.org\",\"@graph\":[{\"@type\":\"Article\",\"@id\":\"https:\\\/\\\/diariotextual.com\\\/inicio\\\/index.php\\\/2019\\\/08\\\/14\\\/federacion-inquilinos-pidio-al-gobierno-frenar-los-aumentos-los-alquileres\\\/#article\",\"isPartOf\":{\"@id\":\"https:\\\/\\\/diariotextual.com\\\/inicio\\\/index.php\\\/2019\\\/08\\\/14\\\/federacion-inquilinos-pidio-al-gobierno-frenar-los-aumentos-los-alquileres\\\/\"},\"author\":{\"name\":\"Diario1 Diario1\",\"@id\":\"https:\\\/\\\/diariotextual.com\\\/inicio\\\/#\\\/schema\\\/person\\\/418fc4093c33e86ed41562db3508f958\"},\"headline\":\"Federaci\u00f3n de Inquilinos pidi\u00f3 al Gobierno frenar los aumentos de los alquileres\",\"datePublished\":\"2019-08-14T23:43:09+00:00\",\"dateModified\":\"2019-08-15T14:06:02+00:00\",\"mainEntityOfPage\":{\"@id\":\"https:\\\/\\\/diariotextual.com\\\/inicio\\\/index.php\\\/2019\\\/08\\\/14\\\/federacion-inquilinos-pidio-al-gobierno-frenar-los-aumentos-los-alquileres\\\/\"},\"wordCount\":359,\"publisher\":{\"@id\":\"https:\\\/\\\/diariotextual.com\\\/inicio\\\/#organization\"},\"image\":{\"@id\":\"https:\\\/\\\/diariotextual.com\\\/inicio\\\/index.php\\\/2019\\\/08\\\/14\\\/federacion-inquilinos-pidio-al-gobierno-frenar-los-aumentos-los-alquileres\\\/#primaryimage\"},\"thumbnailUrl\":\"https:\\\/\\\/diariotextual.com\\\/inicio\\\/wp-content\\\/uploads\\\/2018\\\/09\\\/alquileres222.jpg\",\"articleSection\":[\"A - TEMPORALES\",\"ECONOMIA\"],\"inLanguage\":\"es\"},{\"@type\":\"WebPage\",\"@id\":\"https:\\\/\\\/diariotextual.com\\\/inicio\\\/index.php\\\/2019\\\/08\\\/14\\\/federacion-inquilinos-pidio-al-gobierno-frenar-los-aumentos-los-alquileres\\\/\",\"url\":\"https:\\\/\\\/diariotextual.com\\\/inicio\\\/index.php\\\/2019\\\/08\\\/14\\\/federacion-inquilinos-pidio-al-gobierno-frenar-los-aumentos-los-alquileres\\\/\",\"name\":\"Federaci\u00f3n de Inquilinos pidi\u00f3 al Gobierno frenar los aumentos de los alquileres - Diario Textual\",\"isPartOf\":{\"@id\":\"https:\\\/\\\/diariotextual.com\\\/inicio\\\/#website\"},\"primaryImageOfPage\":{\"@id\":\"https:\\\/\\\/diariotextual.com\\\/inicio\\\/index.php\\\/2019\\\/08\\\/14\\\/federacion-inquilinos-pidio-al-gobierno-frenar-los-aumentos-los-alquileres\\\/#primaryimage\"},\"image\":{\"@id\":\"https:\\\/\\\/diariotextual.com\\\/inicio\\\/index.php\\\/2019\\\/08\\\/14\\\/federacion-inquilinos-pidio-al-gobierno-frenar-los-aumentos-los-alquileres\\\/#primaryimage\"},\"thumbnailUrl\":\"https:\\\/\\\/diariotextual.com\\\/inicio\\\/wp-content\\\/uploads\\\/2018\\\/09\\\/alquileres222.jpg\",\"datePublished\":\"2019-08-14T23:43:09+00:00\",\"dateModified\":\"2019-08-15T14:06:02+00:00\",\"breadcrumb\":{\"@id\":\"https:\\\/\\\/diariotextual.com\\\/inicio\\\/index.php\\\/2019\\\/08\\\/14\\\/federacion-inquilinos-pidio-al-gobierno-frenar-los-aumentos-los-alquileres\\\/#breadcrumb\"},\"inLanguage\":\"es\",\"potentialAction\":[{\"@type\":\"ReadAction\",\"target\":[\"https:\\\/\\\/diariotextual.com\\\/inicio\\\/index.php\\\/2019\\\/08\\\/14\\\/federacion-inquilinos-pidio-al-gobierno-frenar-los-aumentos-los-alquileres\\\/\"]}]},{\"@type\":\"ImageObject\",\"inLanguage\":\"es\",\"@id\":\"https:\\\/\\\/diariotextual.com\\\/inicio\\\/index.php\\\/2019\\\/08\\\/14\\\/federacion-inquilinos-pidio-al-gobierno-frenar-los-aumentos-los-alquileres\\\/#primaryimage\",\"url\":\"https:\\\/\\\/diariotextual.com\\\/inicio\\\/wp-content\\\/uploads\\\/2018\\\/09\\\/alquileres222.jpg\",\"contentUrl\":\"https:\\\/\\\/diariotextual.com\\\/inicio\\\/wp-content\\\/uploads\\\/2018\\\/09\\\/alquileres222.jpg\",\"width\":1024,\"height\":664},{\"@type\":\"BreadcrumbList\",\"@id\":\"https:\\\/\\\/diariotextual.com\\\/inicio\\\/index.php\\\/2019\\\/08\\\/14\\\/federacion-inquilinos-pidio-al-gobierno-frenar-los-aumentos-los-alquileres\\\/#breadcrumb\",\"itemListElement\":[{\"@type\":\"ListItem\",\"position\":1,\"name\":\"Portada\",\"item\":\"https:\\\/\\\/diariotextual.com\\\/inicio\\\/\"},{\"@type\":\"ListItem\",\"position\":2,\"name\":\"Federaci\u00f3n de Inquilinos pidi\u00f3 al Gobierno frenar los aumentos de los alquileres\"}]},{\"@type\":\"WebSite\",\"@id\":\"https:\\\/\\\/diariotextual.com\\\/inicio\\\/#website\",\"url\":\"https:\\\/\\\/diariotextual.com\\\/inicio\\\/\",\"name\":\"Diario Textual\",\"description\":\"\",\"publisher\":{\"@id\":\"https:\\\/\\\/diariotextual.com\\\/inicio\\\/#organization\"},\"potentialAction\":[{\"@type\":\"SearchAction\",\"target\":{\"@type\":\"EntryPoint\",\"urlTemplate\":\"https:\\\/\\\/diariotextual.com\\\/inicio\\\/?s={search_term_string}\"},\"query-input\":{\"@type\":\"PropertyValueSpecification\",\"valueRequired\":true,\"valueName\":\"search_term_string\"}}],\"inLanguage\":\"es\"},{\"@type\":\"Organization\",\"@id\":\"https:\\\/\\\/diariotextual.com\\\/inicio\\\/#organization\",\"name\":\"Diario Textual\",\"url\":\"https:\\\/\\\/diariotextual.com\\\/inicio\\\/\",\"logo\":{\"@type\":\"ImageObject\",\"inLanguage\":\"es\",\"@id\":\"https:\\\/\\\/diariotextual.com\\\/inicio\\\/#\\\/schema\\\/logo\\\/image\\\/\",\"url\":\"https:\\\/\\\/diariotextual.com\\\/inicio\\\/wp-content\\\/uploads\\\/2023\\\/05\\\/logotextual1.jpg\",\"contentUrl\":\"https:\\\/\\\/diariotextual.com\\\/inicio\\\/wp-content\\\/uploads\\\/2023\\\/05\\\/logotextual1.jpg\",\"width\":516,\"height\":76,\"caption\":\"Diario Textual\"},\"image\":{\"@id\":\"https:\\\/\\\/diariotextual.com\\\/inicio\\\/#\\\/schema\\\/logo\\\/image\\\/\"},\"sameAs\":[\"https:\\\/\\\/www.facebook.com\\\/eltextual\",\"https:\\\/\\\/x.com\\\/eltextual\",\"http:\\\/\\\/www.instagram.com\\\/eltextual\"]},{\"@type\":\"Person\",\"@id\":\"https:\\\/\\\/diariotextual.com\\\/inicio\\\/#\\\/schema\\\/person\\\/418fc4093c33e86ed41562db3508f958\",\"name\":\"Diario1 Diario1\",\"image\":{\"@type\":\"ImageObject\",\"inLanguage\":\"es\",\"@id\":\"https:\\\/\\\/secure.gravatar.com\\\/avatar\\\/9167d280179c85bc18be67aa7eda765854300033af4896dd779b608640f2ef7a?s=96&d=mm&r=g\",\"url\":\"https:\\\/\\\/secure.gravatar.com\\\/avatar\\\/9167d280179c85bc18be67aa7eda765854300033af4896dd779b608640f2ef7a?s=96&d=mm&r=g\",\"contentUrl\":\"https:\\\/\\\/secure.gravatar.com\\\/avatar\\\/9167d280179c85bc18be67aa7eda765854300033af4896dd779b608640f2ef7a?s=96&d=mm&r=g\",\"caption\":\"Diario1 Diario1\"},\"url\":\"https:\\\/\\\/diariotextual.com\\\/inicio\\\/index.php\\\/author\\\/diario1\\\/\"}]}<\/script>\n<!-- \/ Yoast SEO plugin. -->","yoast_head_json":{"title":"Federaci\u00f3n de Inquilinos pidi\u00f3 al Gobierno frenar los aumentos de los alquileres - Diario Textual","robots":{"index":"index","follow":"follow","max-snippet":"max-snippet:-1","max-image-preview":"max-image-preview:large","max-video-preview":"max-video-preview:-1"},"canonical":"https:\/\/diariotextual.com\/inicio\/index.php\/2019\/08\/14\/federacion-inquilinos-pidio-al-gobierno-frenar-los-aumentos-los-alquileres\/","og_locale":"es_ES","og_type":"article","og_title":"Federaci\u00f3n de Inquilinos pidi\u00f3 al Gobierno frenar los aumentos de los alquileres - Diario Textual","og_description":"La Federaci\u00f3n de Inquilinos Nacional, que es integrada entre otros por una agrupaci\u00f3n pampeana, reclam\u00f3 a Casa Rosada frenar las subas de los alquileres en medio de la corrida cambiaria.&hellip;","og_url":"https:\/\/diariotextual.com\/inicio\/index.php\/2019\/08\/14\/federacion-inquilinos-pidio-al-gobierno-frenar-los-aumentos-los-alquileres\/","og_site_name":"Diario Textual","article_publisher":"https:\/\/www.facebook.com\/eltextual","article_published_time":"2019-08-14T23:43:09+00:00","article_modified_time":"2019-08-15T14:06:02+00:00","og_image":[{"width":1024,"height":664,"url":"https:\/\/diariotextual.com\/inicio\/wp-content\/uploads\/2018\/09\/alquileres222.jpg","type":"image\/jpeg"}],"author":"Diario1 Diario1","twitter_card":"summary_large_image","twitter_creator":"@eltextual","twitter_site":"@eltextual","twitter_misc":{"Escrito por":"Diario1 Diario1","Tiempo de lectura":"2 minutos"},"schema":{"@context":"https:\/\/schema.org","@graph":[{"@type":"Article","@id":"https:\/\/diariotextual.com\/inicio\/index.php\/2019\/08\/14\/federacion-inquilinos-pidio-al-gobierno-frenar-los-aumentos-los-alquileres\/#article","isPartOf":{"@id":"https:\/\/diariotextual.com\/inicio\/index.php\/2019\/08\/14\/federacion-inquilinos-pidio-al-gobierno-frenar-los-aumentos-los-alquileres\/"},"author":{"name":"Diario1 Diario1","@id":"https:\/\/diariotextual.com\/inicio\/#\/schema\/person\/418fc4093c33e86ed41562db3508f958"},"headline":"Federaci\u00f3n de Inquilinos pidi\u00f3 al Gobierno frenar los aumentos de los alquileres","datePublished":"2019-08-14T23:43:09+00:00","dateModified":"2019-08-15T14:06:02+00:00","mainEntityOfPage":{"@id":"https:\/\/diariotextual.com\/inicio\/index.php\/2019\/08\/14\/federacion-inquilinos-pidio-al-gobierno-frenar-los-aumentos-los-alquileres\/"},"wordCount":359,"publisher":{"@id":"https:\/\/diariotextual.com\/inicio\/#organization"},"image":{"@id":"https:\/\/diariotextual.com\/inicio\/index.php\/2019\/08\/14\/federacion-inquilinos-pidio-al-gobierno-frenar-los-aumentos-los-alquileres\/#primaryimage"},"thumbnailUrl":"https:\/\/diariotextual.com\/inicio\/wp-content\/uploads\/2018\/09\/alquileres222.jpg","articleSection":["A - TEMPORALES","ECONOMIA"],"inLanguage":"es"},{"@type":"WebPage","@id":"https:\/\/diariotextual.com\/inicio\/index.php\/2019\/08\/14\/federacion-inquilinos-pidio-al-gobierno-frenar-los-aumentos-los-alquileres\/","url":"https:\/\/diariotextual.com\/inicio\/index.php\/2019\/08\/14\/federacion-inquilinos-pidio-al-gobierno-frenar-los-aumentos-los-alquileres\/","name":"Federaci\u00f3n de Inquilinos pidi\u00f3 al Gobierno frenar los aumentos de los alquileres - Diario Textual","isPartOf":{"@id":"https:\/\/diariotextual.com\/inicio\/#website"},"primaryImageOfPage":{"@id":"https:\/\/diariotextual.com\/inicio\/index.php\/2019\/08\/14\/federacion-inquilinos-pidio-al-gobierno-frenar-los-aumentos-los-alquileres\/#primaryimage"},"image":{"@id":"https:\/\/diariotextual.com\/inicio\/index.php\/2019\/08\/14\/federacion-inquilinos-pidio-al-gobierno-frenar-los-aumentos-los-alquileres\/#primaryimage"},"thumbnailUrl":"https:\/\/diariotextual.com\/inicio\/wp-content\/uploads\/2018\/09\/alquileres222.jpg","datePublished":"2019-08-14T23:43:09+00:00","dateModified":"2019-08-15T14:06:02+00:00","breadcrumb":{"@id":"https:\/\/diariotextual.com\/inicio\/index.php\/2019\/08\/14\/federacion-inquilinos-pidio-al-gobierno-frenar-los-aumentos-los-alquileres\/#breadcrumb"},"inLanguage":"es","potentialAction":[{"@type":"ReadAction","target":["https:\/\/diariotextual.com\/inicio\/index.php\/2019\/08\/14\/federacion-inquilinos-pidio-al-gobierno-frenar-los-aumentos-los-alquileres\/"]}]},{"@type":"ImageObject","inLanguage":"es","@id":"https:\/\/diariotextual.com\/inicio\/index.php\/2019\/08\/14\/federacion-inquilinos-pidio-al-gobierno-frenar-los-aumentos-los-alquileres\/#primaryimage","url":"https:\/\/diariotextual.com\/inicio\/wp-content\/uploads\/2018\/09\/alquileres222.jpg","contentUrl":"https:\/\/diariotextual.com\/inicio\/wp-content\/uploads\/2018\/09\/alquileres222.jpg","width":1024,"height":664},{"@type":"BreadcrumbList","@id":"https:\/\/diariotextual.com\/inicio\/index.php\/2019\/08\/14\/federacion-inquilinos-pidio-al-gobierno-frenar-los-aumentos-los-alquileres\/#breadcrumb","itemListElement":[{"@type":"ListItem","position":1,"name":"Portada","item":"https:\/\/diariotextual.com\/inicio\/"},{"@type":"ListItem","position":2,"name":"Federaci\u00f3n de Inquilinos pidi\u00f3 al Gobierno frenar los aumentos de los alquileres"}]},{"@type":"WebSite","@id":"https:\/\/diariotextual.com\/inicio\/#website","url":"https:\/\/diariotextual.com\/inicio\/","name":"Diario Textual","description":"","publisher":{"@id":"https:\/\/diariotextual.com\/inicio\/#organization"},"potentialAction":[{"@type":"SearchAction","target":{"@type":"EntryPoint","urlTemplate":"https:\/\/diariotextual.com\/inicio\/?s={search_term_string}"},"query-input":{"@type":"PropertyValueSpecification","valueRequired":true,"valueName":"search_term_string"}}],"inLanguage":"es"},{"@type":"Organization","@id":"https:\/\/diariotextual.com\/inicio\/#organization","name":"Diario Textual","url":"https:\/\/diariotextual.com\/inicio\/","logo":{"@type":"ImageObject","inLanguage":"es","@id":"https:\/\/diariotextual.com\/inicio\/#\/schema\/logo\/image\/","url":"https:\/\/diariotextual.com\/inicio\/wp-content\/uploads\/2023\/05\/logotextual1.jpg","contentUrl":"https:\/\/diariotextual.com\/inicio\/wp-content\/uploads\/2023\/05\/logotextual1.jpg","width":516,"height":76,"caption":"Diario Textual"},"image":{"@id":"https:\/\/diariotextual.com\/inicio\/#\/schema\/logo\/image\/"},"sameAs":["https:\/\/www.facebook.com\/eltextual","https:\/\/x.com\/eltextual","http:\/\/www.instagram.com\/eltextual"]},{"@type":"Person","@id":"https:\/\/diariotextual.com\/inicio\/#\/schema\/person\/418fc4093c33e86ed41562db3508f958","name":"Diario1 Diario1","image":{"@type":"ImageObject","inLanguage":"es","@id":"https:\/\/secure.gravatar.com\/avatar\/9167d280179c85bc18be67aa7eda765854300033af4896dd779b608640f2ef7a?s=96&d=mm&r=g","url":"https:\/\/secure.gravatar.com\/avatar\/9167d280179c85bc18be67aa7eda765854300033af4896dd779b608640f2ef7a?s=96&d=mm&r=g","contentUrl":"https:\/\/secure.gravatar.com\/avatar\/9167d280179c85bc18be67aa7eda765854300033af4896dd779b608640f2ef7a?s=96&d=mm&r=g","caption":"Diario1 Diario1"},"url":"https:\/\/diariotextual.com\/inicio\/index.php\/author\/diario1\/"}]}},"_links":{"self":[{"href":"https:\/\/diariotextual.com\/inicio\/index.php\/wp-json\/wp\/v2\/posts\/59498","targetHints":{"allow":["GET"]}}],"collection":[{"href":"https:\/\/diariotextual.com\/inicio\/index.php\/wp-json\/wp\/v2\/posts"}],"about":[{"href":"https:\/\/diariotextual.com\/inicio\/index.php\/wp-json\/wp\/v2\/types\/post"}],"author":[{"embeddable":true,"href":"https:\/\/diariotextual.com\/inicio\/index.php\/wp-json\/wp\/v2\/users\/3"}],"replies":[{"embeddable":true,"href":"https:\/\/diariotextual.com\/inicio\/index.php\/wp-json\/wp\/v2\/comments?post=59498"}],"version-history":[{"count":2,"href":"https:\/\/diariotextual.com\/inicio\/index.php\/wp-json\/wp\/v2\/posts\/59498\/revisions"}],"predecessor-version":[{"id":59500,"href":"https:\/\/diariotextual.com\/inicio\/index.php\/wp-json\/wp\/v2\/posts\/59498\/revisions\/59500"}],"wp:featuredmedia":[{"embeddable":true,"href":"https:\/\/diariotextual.com\/inicio\/index.php\/wp-json\/wp\/v2\/media\/21075"}],"wp:attachment":[{"href":"https:\/\/diariotextual.com\/inicio\/index.php\/wp-json\/wp\/v2\/media?parent=59498"}],"wp:term":[{"taxonomy":"category","embeddable":true,"href":"https:\/\/diariotextual.com\/inicio\/index.php\/wp-json\/wp\/v2\/categories?post=59498"},{"taxonomy":"post_tag","embeddable":true,"href":"https:\/\/diariotextual.com\/inicio\/index.php\/wp-json\/wp\/v2\/tags?post=59498"}],"curies":[{"name":"wp","href":"https:\/\/api.w.org\/{rel}","templated":true}]}}