{"id":59551,"date":"2019-08-15T11:05:43","date_gmt":"2019-08-15T14:05:43","guid":{"rendered":"http:\/\/diariotextual.com\/inicio\/?p=59551"},"modified":"2019-08-15T17:10:18","modified_gmt":"2019-08-15T20:10:18","slug":"ingresos-brutos-ratifican-constitucionalidad-dos-articulos-del-codigo-fiscal-la-pampa","status":"publish","type":"post","link":"https:\/\/diariotextual.com\/inicio\/index.php\/2019\/08\/15\/ingresos-brutos-ratifican-constitucionalidad-dos-articulos-del-codigo-fiscal-la-pampa\/","title":{"rendered":"Ingresos Brutos: ratifican constitucionalidad de dos art\u00edculos del C\u00f3digo Fiscal de La Pampa"},"content":{"rendered":"<p>La<strong> C\u00e1mara de Apelaciones en lo Civil, Comercial, Laboral y de Miner\u00eda de Santa Rosa ratific\u00f3 la constitucionalidad de dos art\u00edculos del C\u00f3digo Fiscal de la Provincia<\/strong>, referidos a los<strong> plazos de prescripci\u00f3n<\/strong> para el cobro de las acreencias adeudadas al erario p\u00fablico.<\/p>\n<p>Esa postura se dio a conocer al desestimar la Sala 1, conformada por las juezas Marina \u00c1lvarez y Laura Torres, el recurso de apelaci\u00f3n interpuesto por la empresa <strong>Constructora Baseg S.A.<\/strong> contra la sentencia condenatoria que dictara la jueza de ejecuci\u00f3n, concursos y quiebras, Adriana Cuarzo.<\/p>\n<p>Cuarzo hab\u00eda resuelto \u2013y ahora la C\u00e1mara lo confirm\u00f3\u2013, en el marco de un juicio de apremio promovido por la Direcci\u00f3n General de Rentas de La Pampa contra Baseg, que la constructora deb\u00eda pagar la suma de 677.608,52 pesos, m\u00e1s intereses, en concepto de deudas por el impuesto a los Ingresos Brutos, inform\u00f3 el \u00e1rea de Prensa de la Justicia.<\/p>\n<p><strong>La empresa plante\u00f3, en la apelaci\u00f3n ante el tribunal de alzada, la inconstitucionalidad de los art\u00edculos 151 y 152 del C\u00f3digo Fiscal, sostuvo que el plazo de prescripci\u00f3n es de cinco a\u00f1os y que la Provincia lo extendi\u00f3 a siete a\u00f1os, y calific\u00f3 ello como \u201cirrazonable, arbitrario y violatorio\u201d de derechos constitucionales.<\/strong><\/p>\n<p>\u00c1lvarez y Torres avalaron la sentencia de primera instancia y remarcaron que Cuarzo efectu\u00f3 \u201cun pormenorizado recuento de las decisiones y criterios adoptados por la Corte Suprema de Justicia de la Naci\u00f3n en cuanto a la potestad de las provincias de darse sus propias normativas en lo atinente a los tributos locales y, en ese marco, a establecer los plazos de prescripci\u00f3n \u2013como as\u00ed tambi\u00e9n sus modalidades\u2013; haciendo hincapi\u00e9, expresamente, que la postura asumida o mantenida por la constructora, y confrontada con las expresas disposiciones del C\u00f3digo Civil y Comercial de la Naci\u00f3n, ha perdido aplicabilidad dado que esa norma de fondo la que dirimi\u00f3 las interpretaciones, dejando establecido que ser\u00e1n las provincias quienes, conforme a las potestades que como tal conservan, dicten sus propias normativas en lo atinente a los tributos provinciales y plazos de prescripci\u00f3n; y solo para el caso de que aquellas no legislen tal materia, ser\u00e1n de aplicaci\u00f3n supletoria las disposiciones previstas en dicho C\u00f3digo\u201d.<\/p>\n<p>M\u00e1s adelante, las camaristas subrayaron que los fundamentos de la demandada no fueron \u201cacordes con la interpretaci\u00f3n -de nuestro sistema republicano de gobierno y la conformaci\u00f3n misma de la Naci\u00f3n, puesto que el C\u00f3digo Civil no \u2018restituye\u2019 a las provincias sus potestades, sino que se abstiene de avanzar y estatuir sobre cuestiones que no le fueron primigeniamente delegadas (art\u00edculos 121 y 126 de la Constituci\u00f3n Nacional)\u201d.<\/p>\n<p>Por ese motivo, a\u00f1adieron,<strong> \u201cal mantenerse la plena vigencia de autonom\u00eda legislativa de las provincias respecto de sus tributos (en nuestro caso el C\u00f3digo Fiscal), sus disposiciones tambi\u00e9n lo son y, como tal, la constitucionalidad de los art\u00edculos 151 y 152 \u2013y aplicabilidad\u2013 respecto del cobro de los acreencias adeudadas al erario p\u00fablico\u201d.<\/strong> Incluso recordaron que ese criterio fue avalado recientemente por el Superior Tribunal de Justicia \u2013en otro apremio impulsado por Rentas\u2013, expresando que no se advierte que tales disposiciones sean \u201cirrazonables o arbitrarias\u201d.<\/p>\n<p><strong>La Sala 1 rechaz\u00f3 que la Provincia haya extendido el plazo de prescripci\u00f3n a siete a\u00f1os, afirm\u00f3 que el art\u00edculo 151 del C.F. lo fij\u00f3 en cinco y que el art\u00edculo 152 estableci\u00f3 el momento desde cu\u00e1ndo se computa ese plazo para exigir el cobro en las acreencias derivadas del impuesto a los Ingresos Brutos, y que todo ello es claramente una facultad constitucional del Estado Provincial.<\/strong><\/p>\n<p>\u201cNo se trata \u2013como adujo el apelante\u2013 de una extensi\u00f3n del plazo de prescripci\u00f3n a siete a\u00f1os, sino que por el contrario, ese c\u00f3mputo es \u2018para la presentaci\u00f3n de la declaraci\u00f3n jurada como para el ingreso del gravamen\u2019; con lo cual, si bien se posterga la presentaci\u00f3n de la declaraci\u00f3n, tambi\u00e9n se lo hace para el pago; motivo por el cual, la \u2018exigibilidad\u2019 de las sumas resultantes del hecho imponible (ingresos declarados) se computar\u00e1 a partir del 1 de enero del a\u00f1o siguiente al que venza la obligaci\u00f3n general (esto es, la obligaci\u00f3n de presentar la declaraci\u00f3n y de ingresar las sumas correspondientes a la al\u00edcuota que deba liquidarse sobre ese hecho imponible)\u201d, dijo la Sala 1.<\/p>\n<p>Incluso, por \u00faltimo, las juezas \u00c1lvarez y Torres recordaron que el C\u00f3digo Fiscal fue reformado, acot\u00e1ndose los tiempos de prescripci\u00f3n de diez a cinco a\u00f1os, por lo que a\u00fan menos se advierte la \u201cirrazonabilidad\u201d planteada por la firma deudora.<\/p>\n","protected":false},"excerpt":{"rendered":"<p>La C\u00e1mara de Apelaciones en lo Civil, Comercial, Laboral y de Miner\u00eda de Santa Rosa ratific\u00f3 la constitucionalidad de dos art\u00edculos del C\u00f3digo Fiscal de la Provincia, referidos a los&hellip;<\/p>\n","protected":false},"author":3,"featured_media":59554,"comment_status":"closed","ping_status":"open","sticky":false,"template":"","format":"standard","meta":{"_acf_changed":false,"footnotes":""},"categories":[319,5],"tags":[2180,2179],"class_list":["post-59551","post","type-post","status-publish","format-standard","has-post-thumbnail","hentry","category-a-temporales","category-economia","tag-brutos","tag-ingresos"],"acf":[],"yoast_head":"<!-- This site is optimized with the Yoast SEO plugin v27.5 - https:\/\/yoast.com\/product\/yoast-seo-wordpress\/ -->\n<title>Ingresos Brutos: ratifican constitucionalidad de dos art\u00edculos del C\u00f3digo Fiscal de La Pampa - Diario Textual<\/title>\n<meta name=\"robots\" content=\"index, follow, max-snippet:-1, max-image-preview:large, max-video-preview:-1\" \/>\n<link rel=\"canonical\" href=\"https:\/\/diariotextual.com\/inicio\/index.php\/2019\/08\/15\/ingresos-brutos-ratifican-constitucionalidad-dos-articulos-del-codigo-fiscal-la-pampa\/\" \/>\n<meta property=\"og:locale\" content=\"es_ES\" \/>\n<meta property=\"og:type\" content=\"article\" \/>\n<meta property=\"og:title\" content=\"Ingresos Brutos: ratifican constitucionalidad de dos art\u00edculos del C\u00f3digo Fiscal de La Pampa - Diario Textual\" \/>\n<meta property=\"og:description\" content=\"La C\u00e1mara de Apelaciones en lo Civil, Comercial, Laboral y de Miner\u00eda de Santa Rosa ratific\u00f3 la constitucionalidad de dos art\u00edculos del C\u00f3digo Fiscal de la Provincia, referidos a los&hellip;\" \/>\n<meta property=\"og:url\" content=\"https:\/\/diariotextual.com\/inicio\/index.php\/2019\/08\/15\/ingresos-brutos-ratifican-constitucionalidad-dos-articulos-del-codigo-fiscal-la-pampa\/\" \/>\n<meta property=\"og:site_name\" content=\"Diario Textual\" \/>\n<meta property=\"article:publisher\" content=\"https:\/\/www.facebook.com\/eltextual\" \/>\n<meta property=\"article:published_time\" content=\"2019-08-15T14:05:43+00:00\" \/>\n<meta property=\"article:modified_time\" content=\"2019-08-15T20:10:18+00:00\" \/>\n<meta property=\"og:image\" content=\"https:\/\/diariotextual.com\/inicio\/wp-content\/uploads\/2019\/08\/ingresosbrutosimpuestos777.jpg\" \/>\n\t<meta property=\"og:image:width\" content=\"960\" \/>\n\t<meta property=\"og:image:height\" content=\"640\" \/>\n\t<meta property=\"og:image:type\" content=\"image\/jpeg\" \/>\n<meta name=\"author\" content=\"Diario1 Diario1\" \/>\n<meta name=\"twitter:card\" content=\"summary_large_image\" \/>\n<meta name=\"twitter:creator\" content=\"@eltextual\" \/>\n<meta name=\"twitter:site\" content=\"@eltextual\" \/>\n<meta name=\"twitter:label1\" content=\"Escrito por\" \/>\n\t<meta name=\"twitter:data1\" content=\"Diario1 Diario1\" \/>\n\t<meta name=\"twitter:label2\" content=\"Tiempo de lectura\" \/>\n\t<meta name=\"twitter:data2\" content=\"4 minutos\" \/>\n<script type=\"application\/ld+json\" class=\"yoast-schema-graph\">{\"@context\":\"https:\\\/\\\/schema.org\",\"@graph\":[{\"@type\":\"Article\",\"@id\":\"https:\\\/\\\/diariotextual.com\\\/inicio\\\/index.php\\\/2019\\\/08\\\/15\\\/ingresos-brutos-ratifican-constitucionalidad-dos-articulos-del-codigo-fiscal-la-pampa\\\/#article\",\"isPartOf\":{\"@id\":\"https:\\\/\\\/diariotextual.com\\\/inicio\\\/index.php\\\/2019\\\/08\\\/15\\\/ingresos-brutos-ratifican-constitucionalidad-dos-articulos-del-codigo-fiscal-la-pampa\\\/\"},\"author\":{\"name\":\"Diario1 Diario1\",\"@id\":\"https:\\\/\\\/diariotextual.com\\\/inicio\\\/#\\\/schema\\\/person\\\/418fc4093c33e86ed41562db3508f958\"},\"headline\":\"Ingresos Brutos: ratifican constitucionalidad de dos art\u00edculos del C\u00f3digo Fiscal de La Pampa\",\"datePublished\":\"2019-08-15T14:05:43+00:00\",\"dateModified\":\"2019-08-15T20:10:18+00:00\",\"mainEntityOfPage\":{\"@id\":\"https:\\\/\\\/diariotextual.com\\\/inicio\\\/index.php\\\/2019\\\/08\\\/15\\\/ingresos-brutos-ratifican-constitucionalidad-dos-articulos-del-codigo-fiscal-la-pampa\\\/\"},\"wordCount\":804,\"publisher\":{\"@id\":\"https:\\\/\\\/diariotextual.com\\\/inicio\\\/#organization\"},\"image\":{\"@id\":\"https:\\\/\\\/diariotextual.com\\\/inicio\\\/index.php\\\/2019\\\/08\\\/15\\\/ingresos-brutos-ratifican-constitucionalidad-dos-articulos-del-codigo-fiscal-la-pampa\\\/#primaryimage\"},\"thumbnailUrl\":\"https:\\\/\\\/diariotextual.com\\\/inicio\\\/wp-content\\\/uploads\\\/2019\\\/08\\\/ingresosbrutosimpuestos777.jpg\",\"keywords\":[\"brutos\",\"ingresos\"],\"articleSection\":[\"A - TEMPORALES\",\"ECONOMIA\"],\"inLanguage\":\"es\"},{\"@type\":\"WebPage\",\"@id\":\"https:\\\/\\\/diariotextual.com\\\/inicio\\\/index.php\\\/2019\\\/08\\\/15\\\/ingresos-brutos-ratifican-constitucionalidad-dos-articulos-del-codigo-fiscal-la-pampa\\\/\",\"url\":\"https:\\\/\\\/diariotextual.com\\\/inicio\\\/index.php\\\/2019\\\/08\\\/15\\\/ingresos-brutos-ratifican-constitucionalidad-dos-articulos-del-codigo-fiscal-la-pampa\\\/\",\"name\":\"Ingresos Brutos: ratifican constitucionalidad de dos art\u00edculos del C\u00f3digo Fiscal de La Pampa - Diario Textual\",\"isPartOf\":{\"@id\":\"https:\\\/\\\/diariotextual.com\\\/inicio\\\/#website\"},\"primaryImageOfPage\":{\"@id\":\"https:\\\/\\\/diariotextual.com\\\/inicio\\\/index.php\\\/2019\\\/08\\\/15\\\/ingresos-brutos-ratifican-constitucionalidad-dos-articulos-del-codigo-fiscal-la-pampa\\\/#primaryimage\"},\"image\":{\"@id\":\"https:\\\/\\\/diariotextual.com\\\/inicio\\\/index.php\\\/2019\\\/08\\\/15\\\/ingresos-brutos-ratifican-constitucionalidad-dos-articulos-del-codigo-fiscal-la-pampa\\\/#primaryimage\"},\"thumbnailUrl\":\"https:\\\/\\\/diariotextual.com\\\/inicio\\\/wp-content\\\/uploads\\\/2019\\\/08\\\/ingresosbrutosimpuestos777.jpg\",\"datePublished\":\"2019-08-15T14:05:43+00:00\",\"dateModified\":\"2019-08-15T20:10:18+00:00\",\"breadcrumb\":{\"@id\":\"https:\\\/\\\/diariotextual.com\\\/inicio\\\/index.php\\\/2019\\\/08\\\/15\\\/ingresos-brutos-ratifican-constitucionalidad-dos-articulos-del-codigo-fiscal-la-pampa\\\/#breadcrumb\"},\"inLanguage\":\"es\",\"potentialAction\":[{\"@type\":\"ReadAction\",\"target\":[\"https:\\\/\\\/diariotextual.com\\\/inicio\\\/index.php\\\/2019\\\/08\\\/15\\\/ingresos-brutos-ratifican-constitucionalidad-dos-articulos-del-codigo-fiscal-la-pampa\\\/\"]}]},{\"@type\":\"ImageObject\",\"inLanguage\":\"es\",\"@id\":\"https:\\\/\\\/diariotextual.com\\\/inicio\\\/index.php\\\/2019\\\/08\\\/15\\\/ingresos-brutos-ratifican-constitucionalidad-dos-articulos-del-codigo-fiscal-la-pampa\\\/#primaryimage\",\"url\":\"https:\\\/\\\/diariotextual.com\\\/inicio\\\/wp-content\\\/uploads\\\/2019\\\/08\\\/ingresosbrutosimpuestos777.jpg\",\"contentUrl\":\"https:\\\/\\\/diariotextual.com\\\/inicio\\\/wp-content\\\/uploads\\\/2019\\\/08\\\/ingresosbrutosimpuestos777.jpg\",\"width\":960,\"height\":640},{\"@type\":\"BreadcrumbList\",\"@id\":\"https:\\\/\\\/diariotextual.com\\\/inicio\\\/index.php\\\/2019\\\/08\\\/15\\\/ingresos-brutos-ratifican-constitucionalidad-dos-articulos-del-codigo-fiscal-la-pampa\\\/#breadcrumb\",\"itemListElement\":[{\"@type\":\"ListItem\",\"position\":1,\"name\":\"Portada\",\"item\":\"https:\\\/\\\/diariotextual.com\\\/inicio\\\/\"},{\"@type\":\"ListItem\",\"position\":2,\"name\":\"Ingresos Brutos: ratifican constitucionalidad de dos art\u00edculos del C\u00f3digo Fiscal de La Pampa\"}]},{\"@type\":\"WebSite\",\"@id\":\"https:\\\/\\\/diariotextual.com\\\/inicio\\\/#website\",\"url\":\"https:\\\/\\\/diariotextual.com\\\/inicio\\\/\",\"name\":\"Diario Textual\",\"description\":\"\",\"publisher\":{\"@id\":\"https:\\\/\\\/diariotextual.com\\\/inicio\\\/#organization\"},\"potentialAction\":[{\"@type\":\"SearchAction\",\"target\":{\"@type\":\"EntryPoint\",\"urlTemplate\":\"https:\\\/\\\/diariotextual.com\\\/inicio\\\/?s={search_term_string}\"},\"query-input\":{\"@type\":\"PropertyValueSpecification\",\"valueRequired\":true,\"valueName\":\"search_term_string\"}}],\"inLanguage\":\"es\"},{\"@type\":\"Organization\",\"@id\":\"https:\\\/\\\/diariotextual.com\\\/inicio\\\/#organization\",\"name\":\"Diario Textual\",\"url\":\"https:\\\/\\\/diariotextual.com\\\/inicio\\\/\",\"logo\":{\"@type\":\"ImageObject\",\"inLanguage\":\"es\",\"@id\":\"https:\\\/\\\/diariotextual.com\\\/inicio\\\/#\\\/schema\\\/logo\\\/image\\\/\",\"url\":\"https:\\\/\\\/diariotextual.com\\\/inicio\\\/wp-content\\\/uploads\\\/2023\\\/05\\\/logotextual1.jpg\",\"contentUrl\":\"https:\\\/\\\/diariotextual.com\\\/inicio\\\/wp-content\\\/uploads\\\/2023\\\/05\\\/logotextual1.jpg\",\"width\":516,\"height\":76,\"caption\":\"Diario Textual\"},\"image\":{\"@id\":\"https:\\\/\\\/diariotextual.com\\\/inicio\\\/#\\\/schema\\\/logo\\\/image\\\/\"},\"sameAs\":[\"https:\\\/\\\/www.facebook.com\\\/eltextual\",\"https:\\\/\\\/x.com\\\/eltextual\",\"http:\\\/\\\/www.instagram.com\\\/eltextual\"]},{\"@type\":\"Person\",\"@id\":\"https:\\\/\\\/diariotextual.com\\\/inicio\\\/#\\\/schema\\\/person\\\/418fc4093c33e86ed41562db3508f958\",\"name\":\"Diario1 Diario1\",\"image\":{\"@type\":\"ImageObject\",\"inLanguage\":\"es\",\"@id\":\"https:\\\/\\\/secure.gravatar.com\\\/avatar\\\/9167d280179c85bc18be67aa7eda765854300033af4896dd779b608640f2ef7a?s=96&d=mm&r=g\",\"url\":\"https:\\\/\\\/secure.gravatar.com\\\/avatar\\\/9167d280179c85bc18be67aa7eda765854300033af4896dd779b608640f2ef7a?s=96&d=mm&r=g\",\"contentUrl\":\"https:\\\/\\\/secure.gravatar.com\\\/avatar\\\/9167d280179c85bc18be67aa7eda765854300033af4896dd779b608640f2ef7a?s=96&d=mm&r=g\",\"caption\":\"Diario1 Diario1\"},\"url\":\"https:\\\/\\\/diariotextual.com\\\/inicio\\\/index.php\\\/author\\\/diario1\\\/\"}]}<\/script>\n<!-- \/ Yoast SEO plugin. -->","yoast_head_json":{"title":"Ingresos Brutos: ratifican constitucionalidad de dos art\u00edculos del C\u00f3digo Fiscal de La Pampa - Diario Textual","robots":{"index":"index","follow":"follow","max-snippet":"max-snippet:-1","max-image-preview":"max-image-preview:large","max-video-preview":"max-video-preview:-1"},"canonical":"https:\/\/diariotextual.com\/inicio\/index.php\/2019\/08\/15\/ingresos-brutos-ratifican-constitucionalidad-dos-articulos-del-codigo-fiscal-la-pampa\/","og_locale":"es_ES","og_type":"article","og_title":"Ingresos Brutos: ratifican constitucionalidad de dos art\u00edculos del C\u00f3digo Fiscal de La Pampa - Diario Textual","og_description":"La C\u00e1mara de Apelaciones en lo Civil, Comercial, Laboral y de Miner\u00eda de Santa Rosa ratific\u00f3 la constitucionalidad de dos art\u00edculos del C\u00f3digo Fiscal de la Provincia, referidos a los&hellip;","og_url":"https:\/\/diariotextual.com\/inicio\/index.php\/2019\/08\/15\/ingresos-brutos-ratifican-constitucionalidad-dos-articulos-del-codigo-fiscal-la-pampa\/","og_site_name":"Diario Textual","article_publisher":"https:\/\/www.facebook.com\/eltextual","article_published_time":"2019-08-15T14:05:43+00:00","article_modified_time":"2019-08-15T20:10:18+00:00","og_image":[{"width":960,"height":640,"url":"https:\/\/diariotextual.com\/inicio\/wp-content\/uploads\/2019\/08\/ingresosbrutosimpuestos777.jpg","type":"image\/jpeg"}],"author":"Diario1 Diario1","twitter_card":"summary_large_image","twitter_creator":"@eltextual","twitter_site":"@eltextual","twitter_misc":{"Escrito por":"Diario1 Diario1","Tiempo de lectura":"4 minutos"},"schema":{"@context":"https:\/\/schema.org","@graph":[{"@type":"Article","@id":"https:\/\/diariotextual.com\/inicio\/index.php\/2019\/08\/15\/ingresos-brutos-ratifican-constitucionalidad-dos-articulos-del-codigo-fiscal-la-pampa\/#article","isPartOf":{"@id":"https:\/\/diariotextual.com\/inicio\/index.php\/2019\/08\/15\/ingresos-brutos-ratifican-constitucionalidad-dos-articulos-del-codigo-fiscal-la-pampa\/"},"author":{"name":"Diario1 Diario1","@id":"https:\/\/diariotextual.com\/inicio\/#\/schema\/person\/418fc4093c33e86ed41562db3508f958"},"headline":"Ingresos Brutos: ratifican constitucionalidad de dos art\u00edculos del C\u00f3digo Fiscal de La Pampa","datePublished":"2019-08-15T14:05:43+00:00","dateModified":"2019-08-15T20:10:18+00:00","mainEntityOfPage":{"@id":"https:\/\/diariotextual.com\/inicio\/index.php\/2019\/08\/15\/ingresos-brutos-ratifican-constitucionalidad-dos-articulos-del-codigo-fiscal-la-pampa\/"},"wordCount":804,"publisher":{"@id":"https:\/\/diariotextual.com\/inicio\/#organization"},"image":{"@id":"https:\/\/diariotextual.com\/inicio\/index.php\/2019\/08\/15\/ingresos-brutos-ratifican-constitucionalidad-dos-articulos-del-codigo-fiscal-la-pampa\/#primaryimage"},"thumbnailUrl":"https:\/\/diariotextual.com\/inicio\/wp-content\/uploads\/2019\/08\/ingresosbrutosimpuestos777.jpg","keywords":["brutos","ingresos"],"articleSection":["A - TEMPORALES","ECONOMIA"],"inLanguage":"es"},{"@type":"WebPage","@id":"https:\/\/diariotextual.com\/inicio\/index.php\/2019\/08\/15\/ingresos-brutos-ratifican-constitucionalidad-dos-articulos-del-codigo-fiscal-la-pampa\/","url":"https:\/\/diariotextual.com\/inicio\/index.php\/2019\/08\/15\/ingresos-brutos-ratifican-constitucionalidad-dos-articulos-del-codigo-fiscal-la-pampa\/","name":"Ingresos Brutos: ratifican constitucionalidad de dos art\u00edculos del C\u00f3digo Fiscal de La Pampa - Diario Textual","isPartOf":{"@id":"https:\/\/diariotextual.com\/inicio\/#website"},"primaryImageOfPage":{"@id":"https:\/\/diariotextual.com\/inicio\/index.php\/2019\/08\/15\/ingresos-brutos-ratifican-constitucionalidad-dos-articulos-del-codigo-fiscal-la-pampa\/#primaryimage"},"image":{"@id":"https:\/\/diariotextual.com\/inicio\/index.php\/2019\/08\/15\/ingresos-brutos-ratifican-constitucionalidad-dos-articulos-del-codigo-fiscal-la-pampa\/#primaryimage"},"thumbnailUrl":"https:\/\/diariotextual.com\/inicio\/wp-content\/uploads\/2019\/08\/ingresosbrutosimpuestos777.jpg","datePublished":"2019-08-15T14:05:43+00:00","dateModified":"2019-08-15T20:10:18+00:00","breadcrumb":{"@id":"https:\/\/diariotextual.com\/inicio\/index.php\/2019\/08\/15\/ingresos-brutos-ratifican-constitucionalidad-dos-articulos-del-codigo-fiscal-la-pampa\/#breadcrumb"},"inLanguage":"es","potentialAction":[{"@type":"ReadAction","target":["https:\/\/diariotextual.com\/inicio\/index.php\/2019\/08\/15\/ingresos-brutos-ratifican-constitucionalidad-dos-articulos-del-codigo-fiscal-la-pampa\/"]}]},{"@type":"ImageObject","inLanguage":"es","@id":"https:\/\/diariotextual.com\/inicio\/index.php\/2019\/08\/15\/ingresos-brutos-ratifican-constitucionalidad-dos-articulos-del-codigo-fiscal-la-pampa\/#primaryimage","url":"https:\/\/diariotextual.com\/inicio\/wp-content\/uploads\/2019\/08\/ingresosbrutosimpuestos777.jpg","contentUrl":"https:\/\/diariotextual.com\/inicio\/wp-content\/uploads\/2019\/08\/ingresosbrutosimpuestos777.jpg","width":960,"height":640},{"@type":"BreadcrumbList","@id":"https:\/\/diariotextual.com\/inicio\/index.php\/2019\/08\/15\/ingresos-brutos-ratifican-constitucionalidad-dos-articulos-del-codigo-fiscal-la-pampa\/#breadcrumb","itemListElement":[{"@type":"ListItem","position":1,"name":"Portada","item":"https:\/\/diariotextual.com\/inicio\/"},{"@type":"ListItem","position":2,"name":"Ingresos Brutos: ratifican constitucionalidad de dos art\u00edculos del C\u00f3digo Fiscal de La Pampa"}]},{"@type":"WebSite","@id":"https:\/\/diariotextual.com\/inicio\/#website","url":"https:\/\/diariotextual.com\/inicio\/","name":"Diario Textual","description":"","publisher":{"@id":"https:\/\/diariotextual.com\/inicio\/#organization"},"potentialAction":[{"@type":"SearchAction","target":{"@type":"EntryPoint","urlTemplate":"https:\/\/diariotextual.com\/inicio\/?s={search_term_string}"},"query-input":{"@type":"PropertyValueSpecification","valueRequired":true,"valueName":"search_term_string"}}],"inLanguage":"es"},{"@type":"Organization","@id":"https:\/\/diariotextual.com\/inicio\/#organization","name":"Diario Textual","url":"https:\/\/diariotextual.com\/inicio\/","logo":{"@type":"ImageObject","inLanguage":"es","@id":"https:\/\/diariotextual.com\/inicio\/#\/schema\/logo\/image\/","url":"https:\/\/diariotextual.com\/inicio\/wp-content\/uploads\/2023\/05\/logotextual1.jpg","contentUrl":"https:\/\/diariotextual.com\/inicio\/wp-content\/uploads\/2023\/05\/logotextual1.jpg","width":516,"height":76,"caption":"Diario Textual"},"image":{"@id":"https:\/\/diariotextual.com\/inicio\/#\/schema\/logo\/image\/"},"sameAs":["https:\/\/www.facebook.com\/eltextual","https:\/\/x.com\/eltextual","http:\/\/www.instagram.com\/eltextual"]},{"@type":"Person","@id":"https:\/\/diariotextual.com\/inicio\/#\/schema\/person\/418fc4093c33e86ed41562db3508f958","name":"Diario1 Diario1","image":{"@type":"ImageObject","inLanguage":"es","@id":"https:\/\/secure.gravatar.com\/avatar\/9167d280179c85bc18be67aa7eda765854300033af4896dd779b608640f2ef7a?s=96&d=mm&r=g","url":"https:\/\/secure.gravatar.com\/avatar\/9167d280179c85bc18be67aa7eda765854300033af4896dd779b608640f2ef7a?s=96&d=mm&r=g","contentUrl":"https:\/\/secure.gravatar.com\/avatar\/9167d280179c85bc18be67aa7eda765854300033af4896dd779b608640f2ef7a?s=96&d=mm&r=g","caption":"Diario1 Diario1"},"url":"https:\/\/diariotextual.com\/inicio\/index.php\/author\/diario1\/"}]}},"_links":{"self":[{"href":"https:\/\/diariotextual.com\/inicio\/index.php\/wp-json\/wp\/v2\/posts\/59551","targetHints":{"allow":["GET"]}}],"collection":[{"href":"https:\/\/diariotextual.com\/inicio\/index.php\/wp-json\/wp\/v2\/posts"}],"about":[{"href":"https:\/\/diariotextual.com\/inicio\/index.php\/wp-json\/wp\/v2\/types\/post"}],"author":[{"embeddable":true,"href":"https:\/\/diariotextual.com\/inicio\/index.php\/wp-json\/wp\/v2\/users\/3"}],"replies":[{"embeddable":true,"href":"https:\/\/diariotextual.com\/inicio\/index.php\/wp-json\/wp\/v2\/comments?post=59551"}],"version-history":[{"count":2,"href":"https:\/\/diariotextual.com\/inicio\/index.php\/wp-json\/wp\/v2\/posts\/59551\/revisions"}],"predecessor-version":[{"id":59556,"href":"https:\/\/diariotextual.com\/inicio\/index.php\/wp-json\/wp\/v2\/posts\/59551\/revisions\/59556"}],"wp:featuredmedia":[{"embeddable":true,"href":"https:\/\/diariotextual.com\/inicio\/index.php\/wp-json\/wp\/v2\/media\/59554"}],"wp:attachment":[{"href":"https:\/\/diariotextual.com\/inicio\/index.php\/wp-json\/wp\/v2\/media?parent=59551"}],"wp:term":[{"taxonomy":"category","embeddable":true,"href":"https:\/\/diariotextual.com\/inicio\/index.php\/wp-json\/wp\/v2\/categories?post=59551"},{"taxonomy":"post_tag","embeddable":true,"href":"https:\/\/diariotextual.com\/inicio\/index.php\/wp-json\/wp\/v2\/tags?post=59551"}],"curies":[{"name":"wp","href":"https:\/\/api.w.org\/{rel}","templated":true}]}}