{"id":59588,"date":"2019-08-15T16:19:17","date_gmt":"2019-08-15T19:19:17","guid":{"rendered":"http:\/\/diariotextual.com\/inicio\/?p=59588"},"modified":"2019-08-16T08:16:07","modified_gmt":"2019-08-16T11:16:07","slug":"indec-revelo-la-inflacion-julio-fue-del-22","status":"publish","type":"post","link":"https:\/\/diariotextual.com\/inicio\/index.php\/2019\/08\/15\/indec-revelo-la-inflacion-julio-fue-del-22\/","title":{"rendered":"El Indec revel\u00f3 que la inflaci\u00f3n de julio fue del 2,2%"},"content":{"rendered":"<p>El Instituto Nacional de Estad\u00edsticas y Censos inform\u00f3 este jueves que<strong> la inflaci\u00f3n de julio fue del 2,2%, ratificando el descenso de precios que se ven\u00eda acentuando mes a mes.<\/strong> Pero esta tendencia se revertir\u00e1 cuando dentro de 30 d\u00edas se conozca el\u00a0IPC\u00a0de agosto, luego de la brusca devaluaci\u00f3n del peso en los \u00faltimos d\u00edas.<\/p>\n<p><!--more--><\/p>\n<p>Respecto de los rubros, la <strong>suba de precios de julio estuvo impulsada por el alza de las naftas, las prepagas, los alimentos y esparcimiento por las vacaciones de invierno.<\/strong><\/p>\n<p>En el acumulado de los primeros siete meses la inflaci\u00f3n lleg\u00f3 al 25,1%, superando la meta del Poder Ejecutivo, que proyectaba\u00a023%. <strong>En los \u00faltimos 12 meses, por su parte, la inflaci\u00f3n se ubic\u00f3 en el 54,4%.<\/strong><\/p>\n<p>Esta tendencia, sin embargo, se revertir\u00e1 cuando dentro de 30 d\u00edas se conozca el IPC de agosto, luego de la brusca devaluaci\u00f3n del peso en los \u00faltimos d\u00edas.<\/p>\n<p>El rubro \u00absalud\u00bb se destac\u00f3 con un alza mensual del 4,1%, seguido por \u00abrecreaci\u00f3n y cultura\u00bb con un alza del 3,9%, se\u00f1al\u00f3 el ente de estad\u00edsticas.<\/p>\n<p>Julio fue el cuarto mes de bajas seguidas. Economistas del sector privado hab\u00eda proyectado que el \u00cdndice de Precios al Consumidor (IPC) del s\u00e9ptimo mes del a\u00f1o se ubicar\u00eda en 2,5%. En junio la inflaci\u00f3n oficial fue de 2,7%. Esa cifra ratific\u00f3 una desaceleraci\u00f3n por tercer mes consecutivo.<\/p>\n<p>&nbsp;<\/p>\n<p><strong>Rebote<\/strong><\/p>\n<p>El Instituto Estad\u00edstico de los Trabajadores (IET), organismo dependiente de la Universidad Metropolitana para la Educaci\u00f3n y el Trabajo (UMET), estim\u00f3 al igual que el INDEC que la inflaci\u00f3n de julio fue del 2,2%. Sin embargo, el mismo Instituto ya hab\u00eda advertido que el efecto devaluatorio post PASO traer\u00e1 un nuevo rebote.<\/p>\n<p>Para los gremios de la UMET, en los primeros siete meses del a\u00f1o la inflaci\u00f3n acumul\u00f3 un 25,5%, mientras que en la medici\u00f3n interanual de julio de 2018 a julio de 2019, los precios treparon un 54,5%. <strong>Con esta cifra y tras la devaluaci\u00f3n de la segunda semana de agosto, los sindicalistas ya exigen renegociar las paritarias cerradas a principios de a\u00f1o.<\/strong><\/p>\n<p>La <strong>devaluaci\u00f3n de entre 20% y 25% despu\u00e9s de las elecciones provocar\u00e1 inevitablemente un rebote inflacionario, ya en la \u00faltima quincena de agosto y, sobre todo, durante septiembre.<\/strong> El 2019 cerrar\u00eda con incrementos por encima del 50%.<\/p>\n<p>Aunque no hay estimaciones hasta el presidente Mauricio Macri admiti\u00f3 que tendr\u00e1 un fuerte impacto en el IPC. En despachos oficiales se baraja que<strong> la suba de precios mensual volver\u00e1 a estar en el orden del 3% el pr\u00f3ximo mes<\/strong>, public\u00f3 el diario \u00c1mbito Financiero.<\/p>\n","protected":false},"excerpt":{"rendered":"<p>El Instituto Nacional de Estad\u00edsticas y Censos inform\u00f3 este jueves que la inflaci\u00f3n de julio fue del 2,2%, ratificando el descenso de precios que se ven\u00eda acentuando mes a mes.&hellip;<\/p>\n","protected":false},"author":7,"featured_media":1202,"comment_status":"closed","ping_status":"open","sticky":false,"template":"","format":"standard","meta":{"_acf_changed":false,"footnotes":""},"categories":[11,5],"tags":[],"class_list":["post-59588","post","type-post","status-publish","format-standard","has-post-thumbnail","hentry","category-que-pasa","category-economia"],"acf":[],"yoast_head":"<!-- This site is optimized with the Yoast SEO plugin v27.5 - https:\/\/yoast.com\/product\/yoast-seo-wordpress\/ -->\n<title>El Indec revel\u00f3 que la inflaci\u00f3n de julio fue del 2,2% - Diario Textual<\/title>\n<meta name=\"robots\" content=\"index, follow, max-snippet:-1, max-image-preview:large, max-video-preview:-1\" \/>\n<link rel=\"canonical\" href=\"https:\/\/diariotextual.com\/inicio\/index.php\/2019\/08\/15\/indec-revelo-la-inflacion-julio-fue-del-22\/\" \/>\n<meta property=\"og:locale\" content=\"es_ES\" \/>\n<meta property=\"og:type\" content=\"article\" \/>\n<meta property=\"og:title\" content=\"El Indec revel\u00f3 que la inflaci\u00f3n de julio fue del 2,2% - Diario Textual\" \/>\n<meta property=\"og:description\" content=\"El Instituto Nacional de Estad\u00edsticas y Censos inform\u00f3 este jueves que la inflaci\u00f3n de julio fue del 2,2%, ratificando el descenso de precios que se ven\u00eda acentuando mes a mes.&hellip;\" \/>\n<meta property=\"og:url\" content=\"https:\/\/diariotextual.com\/inicio\/index.php\/2019\/08\/15\/indec-revelo-la-inflacion-julio-fue-del-22\/\" \/>\n<meta property=\"og:site_name\" content=\"Diario Textual\" \/>\n<meta property=\"article:publisher\" content=\"https:\/\/www.facebook.com\/eltextual\" \/>\n<meta property=\"article:published_time\" content=\"2019-08-15T19:19:17+00:00\" \/>\n<meta property=\"article:modified_time\" content=\"2019-08-16T11:16:07+00:00\" \/>\n<meta property=\"og:image\" content=\"https:\/\/diariotextual.com\/inicio\/wp-content\/uploads\/2018\/03\/supermercadochango.jpg\" \/>\n\t<meta property=\"og:image:width\" content=\"700\" \/>\n\t<meta property=\"og:image:height\" content=\"393\" \/>\n\t<meta property=\"og:image:type\" content=\"image\/jpeg\" \/>\n<meta name=\"author\" content=\"diario5\" \/>\n<meta name=\"twitter:card\" content=\"summary_large_image\" \/>\n<meta name=\"twitter:creator\" content=\"@eltextual\" \/>\n<meta name=\"twitter:site\" content=\"@eltextual\" \/>\n<meta name=\"twitter:label1\" content=\"Escrito por\" \/>\n\t<meta name=\"twitter:data1\" content=\"diario5\" \/>\n\t<meta name=\"twitter:label2\" content=\"Tiempo de lectura\" \/>\n\t<meta name=\"twitter:data2\" content=\"2 minutos\" \/>\n<script type=\"application\/ld+json\" class=\"yoast-schema-graph\">{\"@context\":\"https:\\\/\\\/schema.org\",\"@graph\":[{\"@type\":\"Article\",\"@id\":\"https:\\\/\\\/diariotextual.com\\\/inicio\\\/index.php\\\/2019\\\/08\\\/15\\\/indec-revelo-la-inflacion-julio-fue-del-22\\\/#article\",\"isPartOf\":{\"@id\":\"https:\\\/\\\/diariotextual.com\\\/inicio\\\/index.php\\\/2019\\\/08\\\/15\\\/indec-revelo-la-inflacion-julio-fue-del-22\\\/\"},\"author\":{\"name\":\"diario5\",\"@id\":\"https:\\\/\\\/diariotextual.com\\\/inicio\\\/#\\\/schema\\\/person\\\/c7834961ad8b29b1d9cdbf4571299067\"},\"headline\":\"El Indec revel\u00f3 que la inflaci\u00f3n de julio fue del 2,2%\",\"datePublished\":\"2019-08-15T19:19:17+00:00\",\"dateModified\":\"2019-08-16T11:16:07+00:00\",\"mainEntityOfPage\":{\"@id\":\"https:\\\/\\\/diariotextual.com\\\/inicio\\\/index.php\\\/2019\\\/08\\\/15\\\/indec-revelo-la-inflacion-julio-fue-del-22\\\/\"},\"wordCount\":446,\"publisher\":{\"@id\":\"https:\\\/\\\/diariotextual.com\\\/inicio\\\/#organization\"},\"image\":{\"@id\":\"https:\\\/\\\/diariotextual.com\\\/inicio\\\/index.php\\\/2019\\\/08\\\/15\\\/indec-revelo-la-inflacion-julio-fue-del-22\\\/#primaryimage\"},\"thumbnailUrl\":\"https:\\\/\\\/diariotextual.com\\\/inicio\\\/wp-content\\\/uploads\\\/2018\\\/03\\\/supermercadochango.jpg\",\"articleSection\":[\"A - QUE PASA (al costado)\",\"ECONOMIA\"],\"inLanguage\":\"es\"},{\"@type\":\"WebPage\",\"@id\":\"https:\\\/\\\/diariotextual.com\\\/inicio\\\/index.php\\\/2019\\\/08\\\/15\\\/indec-revelo-la-inflacion-julio-fue-del-22\\\/\",\"url\":\"https:\\\/\\\/diariotextual.com\\\/inicio\\\/index.php\\\/2019\\\/08\\\/15\\\/indec-revelo-la-inflacion-julio-fue-del-22\\\/\",\"name\":\"El Indec revel\u00f3 que la inflaci\u00f3n de julio fue del 2,2% - Diario Textual\",\"isPartOf\":{\"@id\":\"https:\\\/\\\/diariotextual.com\\\/inicio\\\/#website\"},\"primaryImageOfPage\":{\"@id\":\"https:\\\/\\\/diariotextual.com\\\/inicio\\\/index.php\\\/2019\\\/08\\\/15\\\/indec-revelo-la-inflacion-julio-fue-del-22\\\/#primaryimage\"},\"image\":{\"@id\":\"https:\\\/\\\/diariotextual.com\\\/inicio\\\/index.php\\\/2019\\\/08\\\/15\\\/indec-revelo-la-inflacion-julio-fue-del-22\\\/#primaryimage\"},\"thumbnailUrl\":\"https:\\\/\\\/diariotextual.com\\\/inicio\\\/wp-content\\\/uploads\\\/2018\\\/03\\\/supermercadochango.jpg\",\"datePublished\":\"2019-08-15T19:19:17+00:00\",\"dateModified\":\"2019-08-16T11:16:07+00:00\",\"breadcrumb\":{\"@id\":\"https:\\\/\\\/diariotextual.com\\\/inicio\\\/index.php\\\/2019\\\/08\\\/15\\\/indec-revelo-la-inflacion-julio-fue-del-22\\\/#breadcrumb\"},\"inLanguage\":\"es\",\"potentialAction\":[{\"@type\":\"ReadAction\",\"target\":[\"https:\\\/\\\/diariotextual.com\\\/inicio\\\/index.php\\\/2019\\\/08\\\/15\\\/indec-revelo-la-inflacion-julio-fue-del-22\\\/\"]}]},{\"@type\":\"ImageObject\",\"inLanguage\":\"es\",\"@id\":\"https:\\\/\\\/diariotextual.com\\\/inicio\\\/index.php\\\/2019\\\/08\\\/15\\\/indec-revelo-la-inflacion-julio-fue-del-22\\\/#primaryimage\",\"url\":\"https:\\\/\\\/diariotextual.com\\\/inicio\\\/wp-content\\\/uploads\\\/2018\\\/03\\\/supermercadochango.jpg\",\"contentUrl\":\"https:\\\/\\\/diariotextual.com\\\/inicio\\\/wp-content\\\/uploads\\\/2018\\\/03\\\/supermercadochango.jpg\",\"width\":700,\"height\":393},{\"@type\":\"BreadcrumbList\",\"@id\":\"https:\\\/\\\/diariotextual.com\\\/inicio\\\/index.php\\\/2019\\\/08\\\/15\\\/indec-revelo-la-inflacion-julio-fue-del-22\\\/#breadcrumb\",\"itemListElement\":[{\"@type\":\"ListItem\",\"position\":1,\"name\":\"Portada\",\"item\":\"https:\\\/\\\/diariotextual.com\\\/inicio\\\/\"},{\"@type\":\"ListItem\",\"position\":2,\"name\":\"El Indec revel\u00f3 que la inflaci\u00f3n de julio fue del 2,2%\"}]},{\"@type\":\"WebSite\",\"@id\":\"https:\\\/\\\/diariotextual.com\\\/inicio\\\/#website\",\"url\":\"https:\\\/\\\/diariotextual.com\\\/inicio\\\/\",\"name\":\"Diario Textual\",\"description\":\"\",\"publisher\":{\"@id\":\"https:\\\/\\\/diariotextual.com\\\/inicio\\\/#organization\"},\"potentialAction\":[{\"@type\":\"SearchAction\",\"target\":{\"@type\":\"EntryPoint\",\"urlTemplate\":\"https:\\\/\\\/diariotextual.com\\\/inicio\\\/?s={search_term_string}\"},\"query-input\":{\"@type\":\"PropertyValueSpecification\",\"valueRequired\":true,\"valueName\":\"search_term_string\"}}],\"inLanguage\":\"es\"},{\"@type\":\"Organization\",\"@id\":\"https:\\\/\\\/diariotextual.com\\\/inicio\\\/#organization\",\"name\":\"Diario Textual\",\"url\":\"https:\\\/\\\/diariotextual.com\\\/inicio\\\/\",\"logo\":{\"@type\":\"ImageObject\",\"inLanguage\":\"es\",\"@id\":\"https:\\\/\\\/diariotextual.com\\\/inicio\\\/#\\\/schema\\\/logo\\\/image\\\/\",\"url\":\"https:\\\/\\\/diariotextual.com\\\/inicio\\\/wp-content\\\/uploads\\\/2023\\\/05\\\/logotextual1.jpg\",\"contentUrl\":\"https:\\\/\\\/diariotextual.com\\\/inicio\\\/wp-content\\\/uploads\\\/2023\\\/05\\\/logotextual1.jpg\",\"width\":516,\"height\":76,\"caption\":\"Diario Textual\"},\"image\":{\"@id\":\"https:\\\/\\\/diariotextual.com\\\/inicio\\\/#\\\/schema\\\/logo\\\/image\\\/\"},\"sameAs\":[\"https:\\\/\\\/www.facebook.com\\\/eltextual\",\"https:\\\/\\\/x.com\\\/eltextual\",\"http:\\\/\\\/www.instagram.com\\\/eltextual\"]},{\"@type\":\"Person\",\"@id\":\"https:\\\/\\\/diariotextual.com\\\/inicio\\\/#\\\/schema\\\/person\\\/c7834961ad8b29b1d9cdbf4571299067\",\"name\":\"diario5\",\"image\":{\"@type\":\"ImageObject\",\"inLanguage\":\"es\",\"@id\":\"https:\\\/\\\/secure.gravatar.com\\\/avatar\\\/948c893b847ca6df68216ead81b63f363408ec9b0f600fefc0641ce78613b111?s=96&d=mm&r=g\",\"url\":\"https:\\\/\\\/secure.gravatar.com\\\/avatar\\\/948c893b847ca6df68216ead81b63f363408ec9b0f600fefc0641ce78613b111?s=96&d=mm&r=g\",\"contentUrl\":\"https:\\\/\\\/secure.gravatar.com\\\/avatar\\\/948c893b847ca6df68216ead81b63f363408ec9b0f600fefc0641ce78613b111?s=96&d=mm&r=g\",\"caption\":\"diario5\"},\"url\":\"https:\\\/\\\/diariotextual.com\\\/inicio\\\/index.php\\\/author\\\/diario5\\\/\"}]}<\/script>\n<!-- \/ Yoast SEO plugin. -->","yoast_head_json":{"title":"El Indec revel\u00f3 que la inflaci\u00f3n de julio fue del 2,2% - Diario Textual","robots":{"index":"index","follow":"follow","max-snippet":"max-snippet:-1","max-image-preview":"max-image-preview:large","max-video-preview":"max-video-preview:-1"},"canonical":"https:\/\/diariotextual.com\/inicio\/index.php\/2019\/08\/15\/indec-revelo-la-inflacion-julio-fue-del-22\/","og_locale":"es_ES","og_type":"article","og_title":"El Indec revel\u00f3 que la inflaci\u00f3n de julio fue del 2,2% - Diario Textual","og_description":"El Instituto Nacional de Estad\u00edsticas y Censos inform\u00f3 este jueves que la inflaci\u00f3n de julio fue del 2,2%, ratificando el descenso de precios que se ven\u00eda acentuando mes a mes.&hellip;","og_url":"https:\/\/diariotextual.com\/inicio\/index.php\/2019\/08\/15\/indec-revelo-la-inflacion-julio-fue-del-22\/","og_site_name":"Diario Textual","article_publisher":"https:\/\/www.facebook.com\/eltextual","article_published_time":"2019-08-15T19:19:17+00:00","article_modified_time":"2019-08-16T11:16:07+00:00","og_image":[{"width":700,"height":393,"url":"https:\/\/diariotextual.com\/inicio\/wp-content\/uploads\/2018\/03\/supermercadochango.jpg","type":"image\/jpeg"}],"author":"diario5","twitter_card":"summary_large_image","twitter_creator":"@eltextual","twitter_site":"@eltextual","twitter_misc":{"Escrito por":"diario5","Tiempo de lectura":"2 minutos"},"schema":{"@context":"https:\/\/schema.org","@graph":[{"@type":"Article","@id":"https:\/\/diariotextual.com\/inicio\/index.php\/2019\/08\/15\/indec-revelo-la-inflacion-julio-fue-del-22\/#article","isPartOf":{"@id":"https:\/\/diariotextual.com\/inicio\/index.php\/2019\/08\/15\/indec-revelo-la-inflacion-julio-fue-del-22\/"},"author":{"name":"diario5","@id":"https:\/\/diariotextual.com\/inicio\/#\/schema\/person\/c7834961ad8b29b1d9cdbf4571299067"},"headline":"El Indec revel\u00f3 que la inflaci\u00f3n de julio fue del 2,2%","datePublished":"2019-08-15T19:19:17+00:00","dateModified":"2019-08-16T11:16:07+00:00","mainEntityOfPage":{"@id":"https:\/\/diariotextual.com\/inicio\/index.php\/2019\/08\/15\/indec-revelo-la-inflacion-julio-fue-del-22\/"},"wordCount":446,"publisher":{"@id":"https:\/\/diariotextual.com\/inicio\/#organization"},"image":{"@id":"https:\/\/diariotextual.com\/inicio\/index.php\/2019\/08\/15\/indec-revelo-la-inflacion-julio-fue-del-22\/#primaryimage"},"thumbnailUrl":"https:\/\/diariotextual.com\/inicio\/wp-content\/uploads\/2018\/03\/supermercadochango.jpg","articleSection":["A - QUE PASA (al costado)","ECONOMIA"],"inLanguage":"es"},{"@type":"WebPage","@id":"https:\/\/diariotextual.com\/inicio\/index.php\/2019\/08\/15\/indec-revelo-la-inflacion-julio-fue-del-22\/","url":"https:\/\/diariotextual.com\/inicio\/index.php\/2019\/08\/15\/indec-revelo-la-inflacion-julio-fue-del-22\/","name":"El Indec revel\u00f3 que la inflaci\u00f3n de julio fue del 2,2% - Diario Textual","isPartOf":{"@id":"https:\/\/diariotextual.com\/inicio\/#website"},"primaryImageOfPage":{"@id":"https:\/\/diariotextual.com\/inicio\/index.php\/2019\/08\/15\/indec-revelo-la-inflacion-julio-fue-del-22\/#primaryimage"},"image":{"@id":"https:\/\/diariotextual.com\/inicio\/index.php\/2019\/08\/15\/indec-revelo-la-inflacion-julio-fue-del-22\/#primaryimage"},"thumbnailUrl":"https:\/\/diariotextual.com\/inicio\/wp-content\/uploads\/2018\/03\/supermercadochango.jpg","datePublished":"2019-08-15T19:19:17+00:00","dateModified":"2019-08-16T11:16:07+00:00","breadcrumb":{"@id":"https:\/\/diariotextual.com\/inicio\/index.php\/2019\/08\/15\/indec-revelo-la-inflacion-julio-fue-del-22\/#breadcrumb"},"inLanguage":"es","potentialAction":[{"@type":"ReadAction","target":["https:\/\/diariotextual.com\/inicio\/index.php\/2019\/08\/15\/indec-revelo-la-inflacion-julio-fue-del-22\/"]}]},{"@type":"ImageObject","inLanguage":"es","@id":"https:\/\/diariotextual.com\/inicio\/index.php\/2019\/08\/15\/indec-revelo-la-inflacion-julio-fue-del-22\/#primaryimage","url":"https:\/\/diariotextual.com\/inicio\/wp-content\/uploads\/2018\/03\/supermercadochango.jpg","contentUrl":"https:\/\/diariotextual.com\/inicio\/wp-content\/uploads\/2018\/03\/supermercadochango.jpg","width":700,"height":393},{"@type":"BreadcrumbList","@id":"https:\/\/diariotextual.com\/inicio\/index.php\/2019\/08\/15\/indec-revelo-la-inflacion-julio-fue-del-22\/#breadcrumb","itemListElement":[{"@type":"ListItem","position":1,"name":"Portada","item":"https:\/\/diariotextual.com\/inicio\/"},{"@type":"ListItem","position":2,"name":"El Indec revel\u00f3 que la inflaci\u00f3n de julio fue del 2,2%"}]},{"@type":"WebSite","@id":"https:\/\/diariotextual.com\/inicio\/#website","url":"https:\/\/diariotextual.com\/inicio\/","name":"Diario Textual","description":"","publisher":{"@id":"https:\/\/diariotextual.com\/inicio\/#organization"},"potentialAction":[{"@type":"SearchAction","target":{"@type":"EntryPoint","urlTemplate":"https:\/\/diariotextual.com\/inicio\/?s={search_term_string}"},"query-input":{"@type":"PropertyValueSpecification","valueRequired":true,"valueName":"search_term_string"}}],"inLanguage":"es"},{"@type":"Organization","@id":"https:\/\/diariotextual.com\/inicio\/#organization","name":"Diario Textual","url":"https:\/\/diariotextual.com\/inicio\/","logo":{"@type":"ImageObject","inLanguage":"es","@id":"https:\/\/diariotextual.com\/inicio\/#\/schema\/logo\/image\/","url":"https:\/\/diariotextual.com\/inicio\/wp-content\/uploads\/2023\/05\/logotextual1.jpg","contentUrl":"https:\/\/diariotextual.com\/inicio\/wp-content\/uploads\/2023\/05\/logotextual1.jpg","width":516,"height":76,"caption":"Diario Textual"},"image":{"@id":"https:\/\/diariotextual.com\/inicio\/#\/schema\/logo\/image\/"},"sameAs":["https:\/\/www.facebook.com\/eltextual","https:\/\/x.com\/eltextual","http:\/\/www.instagram.com\/eltextual"]},{"@type":"Person","@id":"https:\/\/diariotextual.com\/inicio\/#\/schema\/person\/c7834961ad8b29b1d9cdbf4571299067","name":"diario5","image":{"@type":"ImageObject","inLanguage":"es","@id":"https:\/\/secure.gravatar.com\/avatar\/948c893b847ca6df68216ead81b63f363408ec9b0f600fefc0641ce78613b111?s=96&d=mm&r=g","url":"https:\/\/secure.gravatar.com\/avatar\/948c893b847ca6df68216ead81b63f363408ec9b0f600fefc0641ce78613b111?s=96&d=mm&r=g","contentUrl":"https:\/\/secure.gravatar.com\/avatar\/948c893b847ca6df68216ead81b63f363408ec9b0f600fefc0641ce78613b111?s=96&d=mm&r=g","caption":"diario5"},"url":"https:\/\/diariotextual.com\/inicio\/index.php\/author\/diario5\/"}]}},"_links":{"self":[{"href":"https:\/\/diariotextual.com\/inicio\/index.php\/wp-json\/wp\/v2\/posts\/59588","targetHints":{"allow":["GET"]}}],"collection":[{"href":"https:\/\/diariotextual.com\/inicio\/index.php\/wp-json\/wp\/v2\/posts"}],"about":[{"href":"https:\/\/diariotextual.com\/inicio\/index.php\/wp-json\/wp\/v2\/types\/post"}],"author":[{"embeddable":true,"href":"https:\/\/diariotextual.com\/inicio\/index.php\/wp-json\/wp\/v2\/users\/7"}],"replies":[{"embeddable":true,"href":"https:\/\/diariotextual.com\/inicio\/index.php\/wp-json\/wp\/v2\/comments?post=59588"}],"version-history":[{"count":5,"href":"https:\/\/diariotextual.com\/inicio\/index.php\/wp-json\/wp\/v2\/posts\/59588\/revisions"}],"predecessor-version":[{"id":59593,"href":"https:\/\/diariotextual.com\/inicio\/index.php\/wp-json\/wp\/v2\/posts\/59588\/revisions\/59593"}],"wp:featuredmedia":[{"embeddable":true,"href":"https:\/\/diariotextual.com\/inicio\/index.php\/wp-json\/wp\/v2\/media\/1202"}],"wp:attachment":[{"href":"https:\/\/diariotextual.com\/inicio\/index.php\/wp-json\/wp\/v2\/media?parent=59588"}],"wp:term":[{"taxonomy":"category","embeddable":true,"href":"https:\/\/diariotextual.com\/inicio\/index.php\/wp-json\/wp\/v2\/categories?post=59588"},{"taxonomy":"post_tag","embeddable":true,"href":"https:\/\/diariotextual.com\/inicio\/index.php\/wp-json\/wp\/v2\/tags?post=59588"}],"curies":[{"name":"wp","href":"https:\/\/api.w.org\/{rel}","templated":true}]}}