{"id":59602,"date":"2019-08-15T17:09:37","date_gmt":"2019-08-15T20:09:37","guid":{"rendered":"http:\/\/diariotextual.com\/inicio\/?p=59602"},"modified":"2019-08-15T20:32:18","modified_gmt":"2019-08-15T23:32:18","slug":"carrio-otra-vez-nos-van-sacar-muertos-olivos","status":"publish","type":"post","link":"https:\/\/diariotextual.com\/inicio\/index.php\/2019\/08\/15\/carrio-otra-vez-nos-van-sacar-muertos-olivos\/","title":{"rendered":"Carrio, otra vez: \u00abNos van a sacar muertos de Olivos\u00bb"},"content":{"rendered":"<p>La diputada nacional\u00a0<strong>Elisa Carri\u00f3<\/strong>\u00a0volvi\u00f3 a desafiar luego de las primarias, donde el peronismo le sac\u00f3 una ampl\u00edsima ventaja al macrismo.<\/p>\n<p>\u00abComo le dije a Marcos Pe\u00f1a, en agosto \u00edbamos a tener una ca\u00edda y en octubre les ganamos por paliza\u00bb, dijo luego de la reuni\u00f3n de gabinete ampliado de este jueves.<\/p>\n<p><strong>\u00abA nosotros no nos van a sacar de Olivos los que nos quieren mover; nos van a sacar muertos, pero no nos van a sacar sino de pie\u00bb<\/strong>, dijo la diputada y fundadora de la coalici\u00f3n gobernante, quien habl\u00f3 \u00abdesde el coraz\u00f3n, desde el alma\u00bb y fue ovacionada de pie por todos los presentes.<\/p>\n<p>\u00abNo se borren, no se borren, los que se borran y especulan son cobardes. Vamos, \u00e9ste es el momento de la victoria. Esta batalla se gana con el alma, con Dios y con la raz\u00f3n\u00bb, se despidi\u00f3 entre aplausos.<\/p>\n<p>El candidato a vicepresidente,\u00a0<strong>Miguel \u00c1ngel Pichetto<\/strong>, fue otro de los oradores. \u00abHay que tomar las medidas que hagan falta para ganar en octubre y en el balotaje\u00bb, dijo. En ese sentido, pidi\u00f3 trabajar para seducir a los votantes de Jos\u00e9 Luis Espert y Juan Jos\u00e9 G\u00f3mez Centuri\u00f3n.<\/p>\n<p>\u00abTenemos que ir a pelear el resultado, ha recuperar los tres o cuatro punto y que Fern\u00e1ndez baje, para poder entrar al balotaje. Los votos tienen que volver a una opci\u00f3n pol\u00edtica que pueda continuar este rumbo\u00bb, enfatiz\u00f3 el candidato a vice seg\u00fan pudo reconstruir Infobae.<\/p>\n<p><strong>Mauricio Macri<\/strong>\u00a0fue el encargado de cerrar el encuentro.\u00a0<strong>Ante el gabinete ampliado asegur\u00f3 que \u00abel dolor nos est\u00e1 haciendo crecer\u00bb.<\/strong><\/p>\n<p>El jefe de Estado plante\u00f3 adem\u00e1s que el compromiso que tienen todos los dirigentes de Cambiemos \u00abno tiene que ver con lo personal, no tiene que ver con el dinero, no tiene que ver con la fama ni con el poder; tiene que ver con el coraz\u00f3n porque amamos a nuestro pa\u00eds\u00bb.<\/p>\n<p>&nbsp;<\/p>\n<p>&nbsp;<\/p>\n","protected":false},"excerpt":{"rendered":"<p>La diputada nacional\u00a0Elisa Carri\u00f3\u00a0volvi\u00f3 a desafiar luego de las primarias, donde el peronismo le sac\u00f3 una ampl\u00edsima ventaja al macrismo. \u00abComo le dije a Marcos Pe\u00f1a, en agosto \u00edbamos a&hellip;<\/p>\n","protected":false},"author":3,"featured_media":59604,"comment_status":"closed","ping_status":"open","sticky":false,"template":"","format":"standard","meta":{"_acf_changed":false,"footnotes":""},"categories":[11,319,8],"tags":[],"class_list":["post-59602","post","type-post","status-publish","format-standard","has-post-thumbnail","hentry","category-que-pasa","category-a-temporales","category-politica"],"acf":[],"yoast_head":"<!-- This site is optimized with the Yoast SEO plugin v27.5 - https:\/\/yoast.com\/product\/yoast-seo-wordpress\/ -->\n<title>Carrio, otra vez: &quot;Nos van a sacar muertos de Olivos&quot; - Diario Textual<\/title>\n<meta name=\"robots\" content=\"index, follow, max-snippet:-1, max-image-preview:large, max-video-preview:-1\" \/>\n<link rel=\"canonical\" href=\"https:\/\/diariotextual.com\/inicio\/index.php\/2019\/08\/15\/carrio-otra-vez-nos-van-sacar-muertos-olivos\/\" \/>\n<meta property=\"og:locale\" content=\"es_ES\" \/>\n<meta property=\"og:type\" content=\"article\" \/>\n<meta property=\"og:title\" content=\"Carrio, otra vez: &quot;Nos van a sacar muertos de Olivos&quot; - Diario Textual\" \/>\n<meta property=\"og:description\" content=\"La diputada nacional\u00a0Elisa Carri\u00f3\u00a0volvi\u00f3 a desafiar luego de las primarias, donde el peronismo le sac\u00f3 una ampl\u00edsima ventaja al macrismo. \u00abComo le dije a Marcos Pe\u00f1a, en agosto \u00edbamos a&hellip;\" \/>\n<meta property=\"og:url\" content=\"https:\/\/diariotextual.com\/inicio\/index.php\/2019\/08\/15\/carrio-otra-vez-nos-van-sacar-muertos-olivos\/\" \/>\n<meta property=\"og:site_name\" content=\"Diario Textual\" \/>\n<meta property=\"article:publisher\" content=\"https:\/\/www.facebook.com\/eltextual\" \/>\n<meta property=\"article:published_time\" content=\"2019-08-15T20:09:37+00:00\" \/>\n<meta property=\"article:modified_time\" content=\"2019-08-15T23:32:18+00:00\" \/>\n<meta property=\"og:image\" content=\"https:\/\/diariotextual.com\/inicio\/wp-content\/uploads\/2019\/08\/carriolilita9000.jpg\" \/>\n\t<meta property=\"og:image:width\" content=\"990\" \/>\n\t<meta property=\"og:image:height\" content=\"660\" \/>\n\t<meta property=\"og:image:type\" content=\"image\/jpeg\" \/>\n<meta name=\"author\" content=\"Diario1 Diario1\" \/>\n<meta name=\"twitter:card\" content=\"summary_large_image\" \/>\n<meta name=\"twitter:creator\" content=\"@eltextual\" \/>\n<meta name=\"twitter:site\" content=\"@eltextual\" \/>\n<meta name=\"twitter:label1\" content=\"Escrito por\" \/>\n\t<meta name=\"twitter:data1\" content=\"Diario1 Diario1\" \/>\n\t<meta name=\"twitter:label2\" content=\"Tiempo de lectura\" \/>\n\t<meta name=\"twitter:data2\" content=\"2 minutos\" \/>\n<script type=\"application\/ld+json\" class=\"yoast-schema-graph\">{\"@context\":\"https:\\\/\\\/schema.org\",\"@graph\":[{\"@type\":\"Article\",\"@id\":\"https:\\\/\\\/diariotextual.com\\\/inicio\\\/index.php\\\/2019\\\/08\\\/15\\\/carrio-otra-vez-nos-van-sacar-muertos-olivos\\\/#article\",\"isPartOf\":{\"@id\":\"https:\\\/\\\/diariotextual.com\\\/inicio\\\/index.php\\\/2019\\\/08\\\/15\\\/carrio-otra-vez-nos-van-sacar-muertos-olivos\\\/\"},\"author\":{\"name\":\"Diario1 Diario1\",\"@id\":\"https:\\\/\\\/diariotextual.com\\\/inicio\\\/#\\\/schema\\\/person\\\/418fc4093c33e86ed41562db3508f958\"},\"headline\":\"Carrio, otra vez: \u00abNos van a sacar muertos de Olivos\u00bb\",\"datePublished\":\"2019-08-15T20:09:37+00:00\",\"dateModified\":\"2019-08-15T23:32:18+00:00\",\"mainEntityOfPage\":{\"@id\":\"https:\\\/\\\/diariotextual.com\\\/inicio\\\/index.php\\\/2019\\\/08\\\/15\\\/carrio-otra-vez-nos-van-sacar-muertos-olivos\\\/\"},\"wordCount\":341,\"publisher\":{\"@id\":\"https:\\\/\\\/diariotextual.com\\\/inicio\\\/#organization\"},\"image\":{\"@id\":\"https:\\\/\\\/diariotextual.com\\\/inicio\\\/index.php\\\/2019\\\/08\\\/15\\\/carrio-otra-vez-nos-van-sacar-muertos-olivos\\\/#primaryimage\"},\"thumbnailUrl\":\"https:\\\/\\\/diariotextual.com\\\/inicio\\\/wp-content\\\/uploads\\\/2019\\\/08\\\/carriolilita9000.jpg\",\"articleSection\":[\"A - QUE PASA (al costado)\",\"A - TEMPORALES\",\"POLITICA\"],\"inLanguage\":\"es\"},{\"@type\":\"WebPage\",\"@id\":\"https:\\\/\\\/diariotextual.com\\\/inicio\\\/index.php\\\/2019\\\/08\\\/15\\\/carrio-otra-vez-nos-van-sacar-muertos-olivos\\\/\",\"url\":\"https:\\\/\\\/diariotextual.com\\\/inicio\\\/index.php\\\/2019\\\/08\\\/15\\\/carrio-otra-vez-nos-van-sacar-muertos-olivos\\\/\",\"name\":\"Carrio, otra vez: \\\"Nos van a sacar muertos de Olivos\\\" - Diario Textual\",\"isPartOf\":{\"@id\":\"https:\\\/\\\/diariotextual.com\\\/inicio\\\/#website\"},\"primaryImageOfPage\":{\"@id\":\"https:\\\/\\\/diariotextual.com\\\/inicio\\\/index.php\\\/2019\\\/08\\\/15\\\/carrio-otra-vez-nos-van-sacar-muertos-olivos\\\/#primaryimage\"},\"image\":{\"@id\":\"https:\\\/\\\/diariotextual.com\\\/inicio\\\/index.php\\\/2019\\\/08\\\/15\\\/carrio-otra-vez-nos-van-sacar-muertos-olivos\\\/#primaryimage\"},\"thumbnailUrl\":\"https:\\\/\\\/diariotextual.com\\\/inicio\\\/wp-content\\\/uploads\\\/2019\\\/08\\\/carriolilita9000.jpg\",\"datePublished\":\"2019-08-15T20:09:37+00:00\",\"dateModified\":\"2019-08-15T23:32:18+00:00\",\"breadcrumb\":{\"@id\":\"https:\\\/\\\/diariotextual.com\\\/inicio\\\/index.php\\\/2019\\\/08\\\/15\\\/carrio-otra-vez-nos-van-sacar-muertos-olivos\\\/#breadcrumb\"},\"inLanguage\":\"es\",\"potentialAction\":[{\"@type\":\"ReadAction\",\"target\":[\"https:\\\/\\\/diariotextual.com\\\/inicio\\\/index.php\\\/2019\\\/08\\\/15\\\/carrio-otra-vez-nos-van-sacar-muertos-olivos\\\/\"]}]},{\"@type\":\"ImageObject\",\"inLanguage\":\"es\",\"@id\":\"https:\\\/\\\/diariotextual.com\\\/inicio\\\/index.php\\\/2019\\\/08\\\/15\\\/carrio-otra-vez-nos-van-sacar-muertos-olivos\\\/#primaryimage\",\"url\":\"https:\\\/\\\/diariotextual.com\\\/inicio\\\/wp-content\\\/uploads\\\/2019\\\/08\\\/carriolilita9000.jpg\",\"contentUrl\":\"https:\\\/\\\/diariotextual.com\\\/inicio\\\/wp-content\\\/uploads\\\/2019\\\/08\\\/carriolilita9000.jpg\",\"width\":990,\"height\":660},{\"@type\":\"BreadcrumbList\",\"@id\":\"https:\\\/\\\/diariotextual.com\\\/inicio\\\/index.php\\\/2019\\\/08\\\/15\\\/carrio-otra-vez-nos-van-sacar-muertos-olivos\\\/#breadcrumb\",\"itemListElement\":[{\"@type\":\"ListItem\",\"position\":1,\"name\":\"Portada\",\"item\":\"https:\\\/\\\/diariotextual.com\\\/inicio\\\/\"},{\"@type\":\"ListItem\",\"position\":2,\"name\":\"Carrio, otra vez: \u00abNos van a sacar muertos de Olivos\u00bb\"}]},{\"@type\":\"WebSite\",\"@id\":\"https:\\\/\\\/diariotextual.com\\\/inicio\\\/#website\",\"url\":\"https:\\\/\\\/diariotextual.com\\\/inicio\\\/\",\"name\":\"Diario Textual\",\"description\":\"\",\"publisher\":{\"@id\":\"https:\\\/\\\/diariotextual.com\\\/inicio\\\/#organization\"},\"potentialAction\":[{\"@type\":\"SearchAction\",\"target\":{\"@type\":\"EntryPoint\",\"urlTemplate\":\"https:\\\/\\\/diariotextual.com\\\/inicio\\\/?s={search_term_string}\"},\"query-input\":{\"@type\":\"PropertyValueSpecification\",\"valueRequired\":true,\"valueName\":\"search_term_string\"}}],\"inLanguage\":\"es\"},{\"@type\":\"Organization\",\"@id\":\"https:\\\/\\\/diariotextual.com\\\/inicio\\\/#organization\",\"name\":\"Diario Textual\",\"url\":\"https:\\\/\\\/diariotextual.com\\\/inicio\\\/\",\"logo\":{\"@type\":\"ImageObject\",\"inLanguage\":\"es\",\"@id\":\"https:\\\/\\\/diariotextual.com\\\/inicio\\\/#\\\/schema\\\/logo\\\/image\\\/\",\"url\":\"https:\\\/\\\/diariotextual.com\\\/inicio\\\/wp-content\\\/uploads\\\/2023\\\/05\\\/logotextual1.jpg\",\"contentUrl\":\"https:\\\/\\\/diariotextual.com\\\/inicio\\\/wp-content\\\/uploads\\\/2023\\\/05\\\/logotextual1.jpg\",\"width\":516,\"height\":76,\"caption\":\"Diario Textual\"},\"image\":{\"@id\":\"https:\\\/\\\/diariotextual.com\\\/inicio\\\/#\\\/schema\\\/logo\\\/image\\\/\"},\"sameAs\":[\"https:\\\/\\\/www.facebook.com\\\/eltextual\",\"https:\\\/\\\/x.com\\\/eltextual\",\"http:\\\/\\\/www.instagram.com\\\/eltextual\"]},{\"@type\":\"Person\",\"@id\":\"https:\\\/\\\/diariotextual.com\\\/inicio\\\/#\\\/schema\\\/person\\\/418fc4093c33e86ed41562db3508f958\",\"name\":\"Diario1 Diario1\",\"image\":{\"@type\":\"ImageObject\",\"inLanguage\":\"es\",\"@id\":\"https:\\\/\\\/secure.gravatar.com\\\/avatar\\\/9167d280179c85bc18be67aa7eda765854300033af4896dd779b608640f2ef7a?s=96&d=mm&r=g\",\"url\":\"https:\\\/\\\/secure.gravatar.com\\\/avatar\\\/9167d280179c85bc18be67aa7eda765854300033af4896dd779b608640f2ef7a?s=96&d=mm&r=g\",\"contentUrl\":\"https:\\\/\\\/secure.gravatar.com\\\/avatar\\\/9167d280179c85bc18be67aa7eda765854300033af4896dd779b608640f2ef7a?s=96&d=mm&r=g\",\"caption\":\"Diario1 Diario1\"},\"url\":\"https:\\\/\\\/diariotextual.com\\\/inicio\\\/index.php\\\/author\\\/diario1\\\/\"}]}<\/script>\n<!-- \/ Yoast SEO plugin. -->","yoast_head_json":{"title":"Carrio, otra vez: \"Nos van a sacar muertos de Olivos\" - Diario Textual","robots":{"index":"index","follow":"follow","max-snippet":"max-snippet:-1","max-image-preview":"max-image-preview:large","max-video-preview":"max-video-preview:-1"},"canonical":"https:\/\/diariotextual.com\/inicio\/index.php\/2019\/08\/15\/carrio-otra-vez-nos-van-sacar-muertos-olivos\/","og_locale":"es_ES","og_type":"article","og_title":"Carrio, otra vez: \"Nos van a sacar muertos de Olivos\" - Diario Textual","og_description":"La diputada nacional\u00a0Elisa Carri\u00f3\u00a0volvi\u00f3 a desafiar luego de las primarias, donde el peronismo le sac\u00f3 una ampl\u00edsima ventaja al macrismo. \u00abComo le dije a Marcos Pe\u00f1a, en agosto \u00edbamos a&hellip;","og_url":"https:\/\/diariotextual.com\/inicio\/index.php\/2019\/08\/15\/carrio-otra-vez-nos-van-sacar-muertos-olivos\/","og_site_name":"Diario Textual","article_publisher":"https:\/\/www.facebook.com\/eltextual","article_published_time":"2019-08-15T20:09:37+00:00","article_modified_time":"2019-08-15T23:32:18+00:00","og_image":[{"width":990,"height":660,"url":"https:\/\/diariotextual.com\/inicio\/wp-content\/uploads\/2019\/08\/carriolilita9000.jpg","type":"image\/jpeg"}],"author":"Diario1 Diario1","twitter_card":"summary_large_image","twitter_creator":"@eltextual","twitter_site":"@eltextual","twitter_misc":{"Escrito por":"Diario1 Diario1","Tiempo de lectura":"2 minutos"},"schema":{"@context":"https:\/\/schema.org","@graph":[{"@type":"Article","@id":"https:\/\/diariotextual.com\/inicio\/index.php\/2019\/08\/15\/carrio-otra-vez-nos-van-sacar-muertos-olivos\/#article","isPartOf":{"@id":"https:\/\/diariotextual.com\/inicio\/index.php\/2019\/08\/15\/carrio-otra-vez-nos-van-sacar-muertos-olivos\/"},"author":{"name":"Diario1 Diario1","@id":"https:\/\/diariotextual.com\/inicio\/#\/schema\/person\/418fc4093c33e86ed41562db3508f958"},"headline":"Carrio, otra vez: \u00abNos van a sacar muertos de Olivos\u00bb","datePublished":"2019-08-15T20:09:37+00:00","dateModified":"2019-08-15T23:32:18+00:00","mainEntityOfPage":{"@id":"https:\/\/diariotextual.com\/inicio\/index.php\/2019\/08\/15\/carrio-otra-vez-nos-van-sacar-muertos-olivos\/"},"wordCount":341,"publisher":{"@id":"https:\/\/diariotextual.com\/inicio\/#organization"},"image":{"@id":"https:\/\/diariotextual.com\/inicio\/index.php\/2019\/08\/15\/carrio-otra-vez-nos-van-sacar-muertos-olivos\/#primaryimage"},"thumbnailUrl":"https:\/\/diariotextual.com\/inicio\/wp-content\/uploads\/2019\/08\/carriolilita9000.jpg","articleSection":["A - QUE PASA (al costado)","A - TEMPORALES","POLITICA"],"inLanguage":"es"},{"@type":"WebPage","@id":"https:\/\/diariotextual.com\/inicio\/index.php\/2019\/08\/15\/carrio-otra-vez-nos-van-sacar-muertos-olivos\/","url":"https:\/\/diariotextual.com\/inicio\/index.php\/2019\/08\/15\/carrio-otra-vez-nos-van-sacar-muertos-olivos\/","name":"Carrio, otra vez: \"Nos van a sacar muertos de Olivos\" - Diario Textual","isPartOf":{"@id":"https:\/\/diariotextual.com\/inicio\/#website"},"primaryImageOfPage":{"@id":"https:\/\/diariotextual.com\/inicio\/index.php\/2019\/08\/15\/carrio-otra-vez-nos-van-sacar-muertos-olivos\/#primaryimage"},"image":{"@id":"https:\/\/diariotextual.com\/inicio\/index.php\/2019\/08\/15\/carrio-otra-vez-nos-van-sacar-muertos-olivos\/#primaryimage"},"thumbnailUrl":"https:\/\/diariotextual.com\/inicio\/wp-content\/uploads\/2019\/08\/carriolilita9000.jpg","datePublished":"2019-08-15T20:09:37+00:00","dateModified":"2019-08-15T23:32:18+00:00","breadcrumb":{"@id":"https:\/\/diariotextual.com\/inicio\/index.php\/2019\/08\/15\/carrio-otra-vez-nos-van-sacar-muertos-olivos\/#breadcrumb"},"inLanguage":"es","potentialAction":[{"@type":"ReadAction","target":["https:\/\/diariotextual.com\/inicio\/index.php\/2019\/08\/15\/carrio-otra-vez-nos-van-sacar-muertos-olivos\/"]}]},{"@type":"ImageObject","inLanguage":"es","@id":"https:\/\/diariotextual.com\/inicio\/index.php\/2019\/08\/15\/carrio-otra-vez-nos-van-sacar-muertos-olivos\/#primaryimage","url":"https:\/\/diariotextual.com\/inicio\/wp-content\/uploads\/2019\/08\/carriolilita9000.jpg","contentUrl":"https:\/\/diariotextual.com\/inicio\/wp-content\/uploads\/2019\/08\/carriolilita9000.jpg","width":990,"height":660},{"@type":"BreadcrumbList","@id":"https:\/\/diariotextual.com\/inicio\/index.php\/2019\/08\/15\/carrio-otra-vez-nos-van-sacar-muertos-olivos\/#breadcrumb","itemListElement":[{"@type":"ListItem","position":1,"name":"Portada","item":"https:\/\/diariotextual.com\/inicio\/"},{"@type":"ListItem","position":2,"name":"Carrio, otra vez: \u00abNos van a sacar muertos de Olivos\u00bb"}]},{"@type":"WebSite","@id":"https:\/\/diariotextual.com\/inicio\/#website","url":"https:\/\/diariotextual.com\/inicio\/","name":"Diario Textual","description":"","publisher":{"@id":"https:\/\/diariotextual.com\/inicio\/#organization"},"potentialAction":[{"@type":"SearchAction","target":{"@type":"EntryPoint","urlTemplate":"https:\/\/diariotextual.com\/inicio\/?s={search_term_string}"},"query-input":{"@type":"PropertyValueSpecification","valueRequired":true,"valueName":"search_term_string"}}],"inLanguage":"es"},{"@type":"Organization","@id":"https:\/\/diariotextual.com\/inicio\/#organization","name":"Diario Textual","url":"https:\/\/diariotextual.com\/inicio\/","logo":{"@type":"ImageObject","inLanguage":"es","@id":"https:\/\/diariotextual.com\/inicio\/#\/schema\/logo\/image\/","url":"https:\/\/diariotextual.com\/inicio\/wp-content\/uploads\/2023\/05\/logotextual1.jpg","contentUrl":"https:\/\/diariotextual.com\/inicio\/wp-content\/uploads\/2023\/05\/logotextual1.jpg","width":516,"height":76,"caption":"Diario Textual"},"image":{"@id":"https:\/\/diariotextual.com\/inicio\/#\/schema\/logo\/image\/"},"sameAs":["https:\/\/www.facebook.com\/eltextual","https:\/\/x.com\/eltextual","http:\/\/www.instagram.com\/eltextual"]},{"@type":"Person","@id":"https:\/\/diariotextual.com\/inicio\/#\/schema\/person\/418fc4093c33e86ed41562db3508f958","name":"Diario1 Diario1","image":{"@type":"ImageObject","inLanguage":"es","@id":"https:\/\/secure.gravatar.com\/avatar\/9167d280179c85bc18be67aa7eda765854300033af4896dd779b608640f2ef7a?s=96&d=mm&r=g","url":"https:\/\/secure.gravatar.com\/avatar\/9167d280179c85bc18be67aa7eda765854300033af4896dd779b608640f2ef7a?s=96&d=mm&r=g","contentUrl":"https:\/\/secure.gravatar.com\/avatar\/9167d280179c85bc18be67aa7eda765854300033af4896dd779b608640f2ef7a?s=96&d=mm&r=g","caption":"Diario1 Diario1"},"url":"https:\/\/diariotextual.com\/inicio\/index.php\/author\/diario1\/"}]}},"_links":{"self":[{"href":"https:\/\/diariotextual.com\/inicio\/index.php\/wp-json\/wp\/v2\/posts\/59602","targetHints":{"allow":["GET"]}}],"collection":[{"href":"https:\/\/diariotextual.com\/inicio\/index.php\/wp-json\/wp\/v2\/posts"}],"about":[{"href":"https:\/\/diariotextual.com\/inicio\/index.php\/wp-json\/wp\/v2\/types\/post"}],"author":[{"embeddable":true,"href":"https:\/\/diariotextual.com\/inicio\/index.php\/wp-json\/wp\/v2\/users\/3"}],"replies":[{"embeddable":true,"href":"https:\/\/diariotextual.com\/inicio\/index.php\/wp-json\/wp\/v2\/comments?post=59602"}],"version-history":[{"count":1,"href":"https:\/\/diariotextual.com\/inicio\/index.php\/wp-json\/wp\/v2\/posts\/59602\/revisions"}],"predecessor-version":[{"id":59603,"href":"https:\/\/diariotextual.com\/inicio\/index.php\/wp-json\/wp\/v2\/posts\/59602\/revisions\/59603"}],"wp:featuredmedia":[{"embeddable":true,"href":"https:\/\/diariotextual.com\/inicio\/index.php\/wp-json\/wp\/v2\/media\/59604"}],"wp:attachment":[{"href":"https:\/\/diariotextual.com\/inicio\/index.php\/wp-json\/wp\/v2\/media?parent=59602"}],"wp:term":[{"taxonomy":"category","embeddable":true,"href":"https:\/\/diariotextual.com\/inicio\/index.php\/wp-json\/wp\/v2\/categories?post=59602"},{"taxonomy":"post_tag","embeddable":true,"href":"https:\/\/diariotextual.com\/inicio\/index.php\/wp-json\/wp\/v2\/tags?post=59602"}],"curies":[{"name":"wp","href":"https:\/\/api.w.org\/{rel}","templated":true}]}}