{"id":59632,"date":"2019-08-16T07:42:22","date_gmt":"2019-08-16T10:42:22","guid":{"rendered":"http:\/\/diariotextual.com\/inicio\/?p=59632"},"modified":"2019-08-16T12:05:27","modified_gmt":"2019-08-16T15:05:27","slug":"gobierno-publico-decreto-congela-90-dias-precio-los-combustibles","status":"publish","type":"post","link":"https:\/\/diariotextual.com\/inicio\/index.php\/2019\/08\/16\/gobierno-publico-decreto-congela-90-dias-precio-los-combustibles\/","title":{"rendered":"El Gobierno public\u00f3 el decreto que congela por 90 d\u00edas el precio de los combustibles"},"content":{"rendered":"<p>El Gobierno nacional, luego de no llegar a un acuerdo con las petroleras,<strong> decret\u00f3 el congelamiento del precio de los combustibles durante los pr\u00f3ximos 90 d\u00edas<\/strong> teniendo como referencia los valores al 9 de agosto, con un tipo de cambio en torno a los $45.<\/p>\n<p><strong>\u00abAnte la magnitud de los recientes acontecimientos econ\u00f3mico financieros desencadenados, de p\u00fablico conocimiento, es obligaci\u00f3n del Poder Ejecutivo Nacional utilizar los instrumentos a su alcance y adoptar las medidas espec\u00edficas necesarias para proteger a los consumidores\u00bb, argument\u00f3 el Gobierno.<\/strong><\/p>\n<p>Mediante un Decreto de Necesidad y Urgencia que se public\u00f3 este viernes, el Poder Ejecutivo estableci\u00f3 que las entregas de petr\u00f3leo crudo efectuadas durante los pr\u00f3ximos 90 d\u00edas de entrada en vigencia la medida deber\u00e1n ser facturadas y pagadas al precio convenido entre las empresas productoras y refinadoras al d\u00eda 9 de agosto de 2019, aplicando un tipo de cambio de referencia de $45,19, y un precio de referencia Brent de 59 d\u00f3lares por barril.<\/p>\n<p>Se estableci\u00f3 que el precio tope de naftas y gasoil en todas sus calidades durante los pr\u00f3ximos 90 d\u00edas no podr\u00e1 ser superior al precio vigente al 9 de agosto. Se explic\u00f3 que durante este per\u00edodo las empresas refinadoras deber\u00e1n cubrir, a los precios establecidos en este DNU, el total de la demanda nacional de combustibles l\u00edquidos que le sean requeridos.<\/p>\n<div class=\"row pb-content-type-text\">\n<div class=\"col-xs-12 col-print-12\">\n<p class=\"element element-paragraph\">La decisi\u00f3n del Gobierno de congelar el precio de los combustibles surge tras ideas y vueltas luego del anuncio de Mauricio Macri. El anticipo del presidente caus\u00f3 revuelo y descontento de algunas petroleras, por lo que el mi\u00e9rcoles por la noche hubo\u00a0una parcial marcha atr\u00e1s en la decisi\u00f3n.<\/p>\n<\/div>\n<\/div>\n<div class=\"row pb-content-type-text\">\n<div class=\"col-xs-12 col-print-12\">\n<p class=\"element element-paragraph\">Luego de no llegar a acordar con las principales empresas del sector, el Gobierno\u00a0<strong>anunci\u00f3 que utilizar\u00eda como base la Ley de Abastecimiento sancionadas en 1974 para ordenar la medida.<\/strong>\u00a0Finalmente, se dict\u00f3 a trav\u00e9s de un Decreto de Necesidad y Urgencia que entrar\u00e1 en vigencia a partir de este viernes\u00a0por los pr\u00f3ximos 90 d\u00edas.<\/p>\n<\/div>\n<\/div>\n<p>&nbsp;<\/p>\n","protected":false},"excerpt":{"rendered":"<p>El Gobierno nacional, luego de no llegar a un acuerdo con las petroleras, decret\u00f3 el congelamiento del precio de los combustibles durante los pr\u00f3ximos 90 d\u00edas teniendo como referencia los&hellip;<\/p>\n","protected":false},"author":3,"featured_media":10210,"comment_status":"closed","ping_status":"open","sticky":false,"template":"","format":"standard","meta":{"_acf_changed":false,"footnotes":""},"categories":[11,319,5],"tags":[541],"class_list":["post-59632","post","type-post","status-publish","format-standard","has-post-thumbnail","hentry","category-que-pasa","category-a-temporales","category-economia","tag-naftas"],"acf":[],"yoast_head":"<!-- This site is optimized with the Yoast SEO plugin v27.5 - https:\/\/yoast.com\/product\/yoast-seo-wordpress\/ -->\n<title>El Gobierno public\u00f3 el decreto que congela por 90 d\u00edas el precio de los combustibles - Diario Textual<\/title>\n<meta name=\"robots\" content=\"index, follow, max-snippet:-1, max-image-preview:large, max-video-preview:-1\" \/>\n<link rel=\"canonical\" href=\"https:\/\/diariotextual.com\/inicio\/index.php\/2019\/08\/16\/gobierno-publico-decreto-congela-90-dias-precio-los-combustibles\/\" \/>\n<meta property=\"og:locale\" content=\"es_ES\" \/>\n<meta property=\"og:type\" content=\"article\" \/>\n<meta property=\"og:title\" content=\"El Gobierno public\u00f3 el decreto que congela por 90 d\u00edas el precio de los combustibles - Diario Textual\" \/>\n<meta property=\"og:description\" content=\"El Gobierno nacional, luego de no llegar a un acuerdo con las petroleras, decret\u00f3 el congelamiento del precio de los combustibles durante los pr\u00f3ximos 90 d\u00edas teniendo como referencia los&hellip;\" \/>\n<meta property=\"og:url\" content=\"https:\/\/diariotextual.com\/inicio\/index.php\/2019\/08\/16\/gobierno-publico-decreto-congela-90-dias-precio-los-combustibles\/\" \/>\n<meta property=\"og:site_name\" content=\"Diario Textual\" \/>\n<meta property=\"article:publisher\" content=\"https:\/\/www.facebook.com\/eltextual\" \/>\n<meta property=\"article:published_time\" content=\"2019-08-16T10:42:22+00:00\" \/>\n<meta property=\"article:modified_time\" content=\"2019-08-16T15:05:27+00:00\" \/>\n<meta property=\"og:image\" content=\"https:\/\/diariotextual.com\/inicio\/wp-content\/uploads\/2018\/06\/combustiblesnaftas2333.jpg\" \/>\n\t<meta property=\"og:image:width\" content=\"786\" \/>\n\t<meta property=\"og:image:height\" content=\"506\" \/>\n\t<meta property=\"og:image:type\" content=\"image\/jpeg\" \/>\n<meta name=\"author\" content=\"Diario1 Diario1\" \/>\n<meta name=\"twitter:card\" content=\"summary_large_image\" \/>\n<meta name=\"twitter:creator\" content=\"@eltextual\" \/>\n<meta name=\"twitter:site\" content=\"@eltextual\" \/>\n<meta name=\"twitter:label1\" content=\"Escrito por\" \/>\n\t<meta name=\"twitter:data1\" content=\"Diario1 Diario1\" \/>\n\t<meta name=\"twitter:label2\" content=\"Tiempo de lectura\" \/>\n\t<meta name=\"twitter:data2\" content=\"2 minutos\" \/>\n<script type=\"application\/ld+json\" class=\"yoast-schema-graph\">{\"@context\":\"https:\\\/\\\/schema.org\",\"@graph\":[{\"@type\":\"Article\",\"@id\":\"https:\\\/\\\/diariotextual.com\\\/inicio\\\/index.php\\\/2019\\\/08\\\/16\\\/gobierno-publico-decreto-congela-90-dias-precio-los-combustibles\\\/#article\",\"isPartOf\":{\"@id\":\"https:\\\/\\\/diariotextual.com\\\/inicio\\\/index.php\\\/2019\\\/08\\\/16\\\/gobierno-publico-decreto-congela-90-dias-precio-los-combustibles\\\/\"},\"author\":{\"name\":\"Diario1 Diario1\",\"@id\":\"https:\\\/\\\/diariotextual.com\\\/inicio\\\/#\\\/schema\\\/person\\\/418fc4093c33e86ed41562db3508f958\"},\"headline\":\"El Gobierno public\u00f3 el decreto que congela por 90 d\u00edas el precio de los combustibles\",\"datePublished\":\"2019-08-16T10:42:22+00:00\",\"dateModified\":\"2019-08-16T15:05:27+00:00\",\"mainEntityOfPage\":{\"@id\":\"https:\\\/\\\/diariotextual.com\\\/inicio\\\/index.php\\\/2019\\\/08\\\/16\\\/gobierno-publico-decreto-congela-90-dias-precio-los-combustibles\\\/\"},\"wordCount\":354,\"publisher\":{\"@id\":\"https:\\\/\\\/diariotextual.com\\\/inicio\\\/#organization\"},\"image\":{\"@id\":\"https:\\\/\\\/diariotextual.com\\\/inicio\\\/index.php\\\/2019\\\/08\\\/16\\\/gobierno-publico-decreto-congela-90-dias-precio-los-combustibles\\\/#primaryimage\"},\"thumbnailUrl\":\"https:\\\/\\\/diariotextual.com\\\/inicio\\\/wp-content\\\/uploads\\\/2018\\\/06\\\/combustiblesnaftas2333.jpg\",\"keywords\":[\"naftas\"],\"articleSection\":[\"A - QUE PASA (al costado)\",\"A - TEMPORALES\",\"ECONOMIA\"],\"inLanguage\":\"es\"},{\"@type\":\"WebPage\",\"@id\":\"https:\\\/\\\/diariotextual.com\\\/inicio\\\/index.php\\\/2019\\\/08\\\/16\\\/gobierno-publico-decreto-congela-90-dias-precio-los-combustibles\\\/\",\"url\":\"https:\\\/\\\/diariotextual.com\\\/inicio\\\/index.php\\\/2019\\\/08\\\/16\\\/gobierno-publico-decreto-congela-90-dias-precio-los-combustibles\\\/\",\"name\":\"El Gobierno public\u00f3 el decreto que congela por 90 d\u00edas el precio de los combustibles - Diario Textual\",\"isPartOf\":{\"@id\":\"https:\\\/\\\/diariotextual.com\\\/inicio\\\/#website\"},\"primaryImageOfPage\":{\"@id\":\"https:\\\/\\\/diariotextual.com\\\/inicio\\\/index.php\\\/2019\\\/08\\\/16\\\/gobierno-publico-decreto-congela-90-dias-precio-los-combustibles\\\/#primaryimage\"},\"image\":{\"@id\":\"https:\\\/\\\/diariotextual.com\\\/inicio\\\/index.php\\\/2019\\\/08\\\/16\\\/gobierno-publico-decreto-congela-90-dias-precio-los-combustibles\\\/#primaryimage\"},\"thumbnailUrl\":\"https:\\\/\\\/diariotextual.com\\\/inicio\\\/wp-content\\\/uploads\\\/2018\\\/06\\\/combustiblesnaftas2333.jpg\",\"datePublished\":\"2019-08-16T10:42:22+00:00\",\"dateModified\":\"2019-08-16T15:05:27+00:00\",\"breadcrumb\":{\"@id\":\"https:\\\/\\\/diariotextual.com\\\/inicio\\\/index.php\\\/2019\\\/08\\\/16\\\/gobierno-publico-decreto-congela-90-dias-precio-los-combustibles\\\/#breadcrumb\"},\"inLanguage\":\"es\",\"potentialAction\":[{\"@type\":\"ReadAction\",\"target\":[\"https:\\\/\\\/diariotextual.com\\\/inicio\\\/index.php\\\/2019\\\/08\\\/16\\\/gobierno-publico-decreto-congela-90-dias-precio-los-combustibles\\\/\"]}]},{\"@type\":\"ImageObject\",\"inLanguage\":\"es\",\"@id\":\"https:\\\/\\\/diariotextual.com\\\/inicio\\\/index.php\\\/2019\\\/08\\\/16\\\/gobierno-publico-decreto-congela-90-dias-precio-los-combustibles\\\/#primaryimage\",\"url\":\"https:\\\/\\\/diariotextual.com\\\/inicio\\\/wp-content\\\/uploads\\\/2018\\\/06\\\/combustiblesnaftas2333.jpg\",\"contentUrl\":\"https:\\\/\\\/diariotextual.com\\\/inicio\\\/wp-content\\\/uploads\\\/2018\\\/06\\\/combustiblesnaftas2333.jpg\",\"width\":786,\"height\":506},{\"@type\":\"BreadcrumbList\",\"@id\":\"https:\\\/\\\/diariotextual.com\\\/inicio\\\/index.php\\\/2019\\\/08\\\/16\\\/gobierno-publico-decreto-congela-90-dias-precio-los-combustibles\\\/#breadcrumb\",\"itemListElement\":[{\"@type\":\"ListItem\",\"position\":1,\"name\":\"Portada\",\"item\":\"https:\\\/\\\/diariotextual.com\\\/inicio\\\/\"},{\"@type\":\"ListItem\",\"position\":2,\"name\":\"El Gobierno public\u00f3 el decreto que congela por 90 d\u00edas el precio de los combustibles\"}]},{\"@type\":\"WebSite\",\"@id\":\"https:\\\/\\\/diariotextual.com\\\/inicio\\\/#website\",\"url\":\"https:\\\/\\\/diariotextual.com\\\/inicio\\\/\",\"name\":\"Diario Textual\",\"description\":\"\",\"publisher\":{\"@id\":\"https:\\\/\\\/diariotextual.com\\\/inicio\\\/#organization\"},\"potentialAction\":[{\"@type\":\"SearchAction\",\"target\":{\"@type\":\"EntryPoint\",\"urlTemplate\":\"https:\\\/\\\/diariotextual.com\\\/inicio\\\/?s={search_term_string}\"},\"query-input\":{\"@type\":\"PropertyValueSpecification\",\"valueRequired\":true,\"valueName\":\"search_term_string\"}}],\"inLanguage\":\"es\"},{\"@type\":\"Organization\",\"@id\":\"https:\\\/\\\/diariotextual.com\\\/inicio\\\/#organization\",\"name\":\"Diario Textual\",\"url\":\"https:\\\/\\\/diariotextual.com\\\/inicio\\\/\",\"logo\":{\"@type\":\"ImageObject\",\"inLanguage\":\"es\",\"@id\":\"https:\\\/\\\/diariotextual.com\\\/inicio\\\/#\\\/schema\\\/logo\\\/image\\\/\",\"url\":\"https:\\\/\\\/diariotextual.com\\\/inicio\\\/wp-content\\\/uploads\\\/2023\\\/05\\\/logotextual1.jpg\",\"contentUrl\":\"https:\\\/\\\/diariotextual.com\\\/inicio\\\/wp-content\\\/uploads\\\/2023\\\/05\\\/logotextual1.jpg\",\"width\":516,\"height\":76,\"caption\":\"Diario Textual\"},\"image\":{\"@id\":\"https:\\\/\\\/diariotextual.com\\\/inicio\\\/#\\\/schema\\\/logo\\\/image\\\/\"},\"sameAs\":[\"https:\\\/\\\/www.facebook.com\\\/eltextual\",\"https:\\\/\\\/x.com\\\/eltextual\",\"http:\\\/\\\/www.instagram.com\\\/eltextual\"]},{\"@type\":\"Person\",\"@id\":\"https:\\\/\\\/diariotextual.com\\\/inicio\\\/#\\\/schema\\\/person\\\/418fc4093c33e86ed41562db3508f958\",\"name\":\"Diario1 Diario1\",\"image\":{\"@type\":\"ImageObject\",\"inLanguage\":\"es\",\"@id\":\"https:\\\/\\\/secure.gravatar.com\\\/avatar\\\/9167d280179c85bc18be67aa7eda765854300033af4896dd779b608640f2ef7a?s=96&d=mm&r=g\",\"url\":\"https:\\\/\\\/secure.gravatar.com\\\/avatar\\\/9167d280179c85bc18be67aa7eda765854300033af4896dd779b608640f2ef7a?s=96&d=mm&r=g\",\"contentUrl\":\"https:\\\/\\\/secure.gravatar.com\\\/avatar\\\/9167d280179c85bc18be67aa7eda765854300033af4896dd779b608640f2ef7a?s=96&d=mm&r=g\",\"caption\":\"Diario1 Diario1\"},\"url\":\"https:\\\/\\\/diariotextual.com\\\/inicio\\\/index.php\\\/author\\\/diario1\\\/\"}]}<\/script>\n<!-- \/ Yoast SEO plugin. -->","yoast_head_json":{"title":"El Gobierno public\u00f3 el decreto que congela por 90 d\u00edas el precio de los combustibles - Diario Textual","robots":{"index":"index","follow":"follow","max-snippet":"max-snippet:-1","max-image-preview":"max-image-preview:large","max-video-preview":"max-video-preview:-1"},"canonical":"https:\/\/diariotextual.com\/inicio\/index.php\/2019\/08\/16\/gobierno-publico-decreto-congela-90-dias-precio-los-combustibles\/","og_locale":"es_ES","og_type":"article","og_title":"El Gobierno public\u00f3 el decreto que congela por 90 d\u00edas el precio de los combustibles - Diario Textual","og_description":"El Gobierno nacional, luego de no llegar a un acuerdo con las petroleras, decret\u00f3 el congelamiento del precio de los combustibles durante los pr\u00f3ximos 90 d\u00edas teniendo como referencia los&hellip;","og_url":"https:\/\/diariotextual.com\/inicio\/index.php\/2019\/08\/16\/gobierno-publico-decreto-congela-90-dias-precio-los-combustibles\/","og_site_name":"Diario Textual","article_publisher":"https:\/\/www.facebook.com\/eltextual","article_published_time":"2019-08-16T10:42:22+00:00","article_modified_time":"2019-08-16T15:05:27+00:00","og_image":[{"width":786,"height":506,"url":"https:\/\/diariotextual.com\/inicio\/wp-content\/uploads\/2018\/06\/combustiblesnaftas2333.jpg","type":"image\/jpeg"}],"author":"Diario1 Diario1","twitter_card":"summary_large_image","twitter_creator":"@eltextual","twitter_site":"@eltextual","twitter_misc":{"Escrito por":"Diario1 Diario1","Tiempo de lectura":"2 minutos"},"schema":{"@context":"https:\/\/schema.org","@graph":[{"@type":"Article","@id":"https:\/\/diariotextual.com\/inicio\/index.php\/2019\/08\/16\/gobierno-publico-decreto-congela-90-dias-precio-los-combustibles\/#article","isPartOf":{"@id":"https:\/\/diariotextual.com\/inicio\/index.php\/2019\/08\/16\/gobierno-publico-decreto-congela-90-dias-precio-los-combustibles\/"},"author":{"name":"Diario1 Diario1","@id":"https:\/\/diariotextual.com\/inicio\/#\/schema\/person\/418fc4093c33e86ed41562db3508f958"},"headline":"El Gobierno public\u00f3 el decreto que congela por 90 d\u00edas el precio de los combustibles","datePublished":"2019-08-16T10:42:22+00:00","dateModified":"2019-08-16T15:05:27+00:00","mainEntityOfPage":{"@id":"https:\/\/diariotextual.com\/inicio\/index.php\/2019\/08\/16\/gobierno-publico-decreto-congela-90-dias-precio-los-combustibles\/"},"wordCount":354,"publisher":{"@id":"https:\/\/diariotextual.com\/inicio\/#organization"},"image":{"@id":"https:\/\/diariotextual.com\/inicio\/index.php\/2019\/08\/16\/gobierno-publico-decreto-congela-90-dias-precio-los-combustibles\/#primaryimage"},"thumbnailUrl":"https:\/\/diariotextual.com\/inicio\/wp-content\/uploads\/2018\/06\/combustiblesnaftas2333.jpg","keywords":["naftas"],"articleSection":["A - QUE PASA (al costado)","A - TEMPORALES","ECONOMIA"],"inLanguage":"es"},{"@type":"WebPage","@id":"https:\/\/diariotextual.com\/inicio\/index.php\/2019\/08\/16\/gobierno-publico-decreto-congela-90-dias-precio-los-combustibles\/","url":"https:\/\/diariotextual.com\/inicio\/index.php\/2019\/08\/16\/gobierno-publico-decreto-congela-90-dias-precio-los-combustibles\/","name":"El Gobierno public\u00f3 el decreto que congela por 90 d\u00edas el precio de los combustibles - Diario Textual","isPartOf":{"@id":"https:\/\/diariotextual.com\/inicio\/#website"},"primaryImageOfPage":{"@id":"https:\/\/diariotextual.com\/inicio\/index.php\/2019\/08\/16\/gobierno-publico-decreto-congela-90-dias-precio-los-combustibles\/#primaryimage"},"image":{"@id":"https:\/\/diariotextual.com\/inicio\/index.php\/2019\/08\/16\/gobierno-publico-decreto-congela-90-dias-precio-los-combustibles\/#primaryimage"},"thumbnailUrl":"https:\/\/diariotextual.com\/inicio\/wp-content\/uploads\/2018\/06\/combustiblesnaftas2333.jpg","datePublished":"2019-08-16T10:42:22+00:00","dateModified":"2019-08-16T15:05:27+00:00","breadcrumb":{"@id":"https:\/\/diariotextual.com\/inicio\/index.php\/2019\/08\/16\/gobierno-publico-decreto-congela-90-dias-precio-los-combustibles\/#breadcrumb"},"inLanguage":"es","potentialAction":[{"@type":"ReadAction","target":["https:\/\/diariotextual.com\/inicio\/index.php\/2019\/08\/16\/gobierno-publico-decreto-congela-90-dias-precio-los-combustibles\/"]}]},{"@type":"ImageObject","inLanguage":"es","@id":"https:\/\/diariotextual.com\/inicio\/index.php\/2019\/08\/16\/gobierno-publico-decreto-congela-90-dias-precio-los-combustibles\/#primaryimage","url":"https:\/\/diariotextual.com\/inicio\/wp-content\/uploads\/2018\/06\/combustiblesnaftas2333.jpg","contentUrl":"https:\/\/diariotextual.com\/inicio\/wp-content\/uploads\/2018\/06\/combustiblesnaftas2333.jpg","width":786,"height":506},{"@type":"BreadcrumbList","@id":"https:\/\/diariotextual.com\/inicio\/index.php\/2019\/08\/16\/gobierno-publico-decreto-congela-90-dias-precio-los-combustibles\/#breadcrumb","itemListElement":[{"@type":"ListItem","position":1,"name":"Portada","item":"https:\/\/diariotextual.com\/inicio\/"},{"@type":"ListItem","position":2,"name":"El Gobierno public\u00f3 el decreto que congela por 90 d\u00edas el precio de los combustibles"}]},{"@type":"WebSite","@id":"https:\/\/diariotextual.com\/inicio\/#website","url":"https:\/\/diariotextual.com\/inicio\/","name":"Diario Textual","description":"","publisher":{"@id":"https:\/\/diariotextual.com\/inicio\/#organization"},"potentialAction":[{"@type":"SearchAction","target":{"@type":"EntryPoint","urlTemplate":"https:\/\/diariotextual.com\/inicio\/?s={search_term_string}"},"query-input":{"@type":"PropertyValueSpecification","valueRequired":true,"valueName":"search_term_string"}}],"inLanguage":"es"},{"@type":"Organization","@id":"https:\/\/diariotextual.com\/inicio\/#organization","name":"Diario Textual","url":"https:\/\/diariotextual.com\/inicio\/","logo":{"@type":"ImageObject","inLanguage":"es","@id":"https:\/\/diariotextual.com\/inicio\/#\/schema\/logo\/image\/","url":"https:\/\/diariotextual.com\/inicio\/wp-content\/uploads\/2023\/05\/logotextual1.jpg","contentUrl":"https:\/\/diariotextual.com\/inicio\/wp-content\/uploads\/2023\/05\/logotextual1.jpg","width":516,"height":76,"caption":"Diario Textual"},"image":{"@id":"https:\/\/diariotextual.com\/inicio\/#\/schema\/logo\/image\/"},"sameAs":["https:\/\/www.facebook.com\/eltextual","https:\/\/x.com\/eltextual","http:\/\/www.instagram.com\/eltextual"]},{"@type":"Person","@id":"https:\/\/diariotextual.com\/inicio\/#\/schema\/person\/418fc4093c33e86ed41562db3508f958","name":"Diario1 Diario1","image":{"@type":"ImageObject","inLanguage":"es","@id":"https:\/\/secure.gravatar.com\/avatar\/9167d280179c85bc18be67aa7eda765854300033af4896dd779b608640f2ef7a?s=96&d=mm&r=g","url":"https:\/\/secure.gravatar.com\/avatar\/9167d280179c85bc18be67aa7eda765854300033af4896dd779b608640f2ef7a?s=96&d=mm&r=g","contentUrl":"https:\/\/secure.gravatar.com\/avatar\/9167d280179c85bc18be67aa7eda765854300033af4896dd779b608640f2ef7a?s=96&d=mm&r=g","caption":"Diario1 Diario1"},"url":"https:\/\/diariotextual.com\/inicio\/index.php\/author\/diario1\/"}]}},"_links":{"self":[{"href":"https:\/\/diariotextual.com\/inicio\/index.php\/wp-json\/wp\/v2\/posts\/59632","targetHints":{"allow":["GET"]}}],"collection":[{"href":"https:\/\/diariotextual.com\/inicio\/index.php\/wp-json\/wp\/v2\/posts"}],"about":[{"href":"https:\/\/diariotextual.com\/inicio\/index.php\/wp-json\/wp\/v2\/types\/post"}],"author":[{"embeddable":true,"href":"https:\/\/diariotextual.com\/inicio\/index.php\/wp-json\/wp\/v2\/users\/3"}],"replies":[{"embeddable":true,"href":"https:\/\/diariotextual.com\/inicio\/index.php\/wp-json\/wp\/v2\/comments?post=59632"}],"version-history":[{"count":1,"href":"https:\/\/diariotextual.com\/inicio\/index.php\/wp-json\/wp\/v2\/posts\/59632\/revisions"}],"predecessor-version":[{"id":59633,"href":"https:\/\/diariotextual.com\/inicio\/index.php\/wp-json\/wp\/v2\/posts\/59632\/revisions\/59633"}],"wp:featuredmedia":[{"embeddable":true,"href":"https:\/\/diariotextual.com\/inicio\/index.php\/wp-json\/wp\/v2\/media\/10210"}],"wp:attachment":[{"href":"https:\/\/diariotextual.com\/inicio\/index.php\/wp-json\/wp\/v2\/media?parent=59632"}],"wp:term":[{"taxonomy":"category","embeddable":true,"href":"https:\/\/diariotextual.com\/inicio\/index.php\/wp-json\/wp\/v2\/categories?post=59632"},{"taxonomy":"post_tag","embeddable":true,"href":"https:\/\/diariotextual.com\/inicio\/index.php\/wp-json\/wp\/v2\/tags?post=59632"}],"curies":[{"name":"wp","href":"https:\/\/api.w.org\/{rel}","templated":true}]}}