{"id":59753,"date":"2019-08-16T13:59:04","date_gmt":"2019-08-16T16:59:04","guid":{"rendered":"http:\/\/diariotextual.com\/inicio\/?p=59753"},"modified":"2019-08-16T13:59:04","modified_gmt":"2019-08-16T16:59:04","slug":"redrado-responsabilizo-macri-al-central-la-devaluacion-del-lunes","status":"publish","type":"post","link":"https:\/\/diariotextual.com\/inicio\/index.php\/2019\/08\/16\/redrado-responsabilizo-macri-al-central-la-devaluacion-del-lunes\/","title":{"rendered":"Redrado responsabiliz\u00f3 a Macri y al Central por la devaluaci\u00f3n del lunes"},"content":{"rendered":"<p>El expresidente del Banco Central, <strong>Mart\u00edn Redrado, exigi\u00f3 una \u201cmedida contundente\u201d para contener la corrida cambiaria y denunci\u00f3 que el presidente Mauricio Macri orden\u00f3 el lunes que se deje correr la cotizaci\u00f3n del d\u00f3lar,<\/strong> ante la p\u00e9rdida en las PASO.<\/p>\n<p><!--more--><\/p>\n<p>En di\u00e1logo con Radio Mitre, el economista carg\u00f3 contra el Gobierno Nacional, concretamente contra<strong> Macri, a quien responsabiliz\u00f3 por la fuerte devaluaci\u00f3n del lunes. \u201cPor la informaci\u00f3n que tengo de mis colegas, es que el Presidente dijo el d\u00eda lunes &#8216;que el d\u00f3lar se vaya a donde se tenga que ir de manera que los argentinos aprendan a qui\u00e9n votaron<\/strong>&#8216;. Hubo una instrucci\u00f3n pol\u00edtica de dejar correr el tipo de cambio\u201d, expres\u00f3.<\/p>\n<p>Redrado agreg\u00f3: \u201cEsa <strong>decisi\u00f3n gener\u00f3 una maxidevaluaci\u00f3n que despu\u00e9s se transform\u00f3 en corrida cambiaria.<\/strong> El Banco Central estuvo mirando desde la tribuna lo que pasaba en el mercado en lugar de estar interviniendo. Esto hay que cortarlo\u201d.<\/p>\n<p>\u201cA m\u00ed me ha pasado, estar en el medio de una corrida cambiaria es algo que paraliza la econom\u00eda y puede complicar a\u00fan m\u00e1s la Argentina de los pr\u00f3ximos d\u00edas\u201d, explic\u00f3 el economista.<\/p>\n<p>\u201cLo que est\u00e1s viendo <strong>en el sector privado es una par\u00e1lisis total en t\u00e9rminos de ventas y de precios.<\/strong> O sea que hoy la prioridad es frenar esta corrida\u201d, agreg\u00f3 Mart\u00edn Redrado.<\/p>\n<p>&nbsp;<\/p>\n<p><strong>Reservas<\/strong><\/p>\n<p>\u201c\u00bf<strong>Seguimos quemando reservas todos los d\u00edas de a 200, 300 millones de d\u00f3lares para financiar la salida de capitales<\/strong>? Esto es un error\u201d, asegur\u00f3.<\/p>\n<p>Y a\u00f1adi\u00f3: \u201cPor eso el candidato<strong> Alberto Fern\u00e1ndez les est\u00e1 diciendo &#8216;no quemen las reservas&#8217;. Mi propuesta es utilicemos U$S 2.000 millones para recomprar t\u00edtulos en manos de privados y eso es bueno para Argentina porque se ahorra U$S 1.500<\/strong> millones, es bueno para el Presidente porque logra estabilizar el tipo de cambio, y tambi\u00e9n es bueno para el FMI porque no te est\u00e1 financiando una corrida\u201d.<\/p>\n","protected":false},"excerpt":{"rendered":"<p>El expresidente del Banco Central, Mart\u00edn Redrado, exigi\u00f3 una \u201cmedida contundente\u201d para contener la corrida cambiaria y denunci\u00f3 que el presidente Mauricio Macri orden\u00f3 el lunes que se deje correr&hellip;<\/p>\n","protected":false},"author":5,"featured_media":59754,"comment_status":"closed","ping_status":"open","sticky":false,"template":"","format":"standard","meta":{"_acf_changed":false,"footnotes":""},"categories":[11,5],"tags":[],"class_list":["post-59753","post","type-post","status-publish","format-standard","has-post-thumbnail","hentry","category-que-pasa","category-economia"],"acf":[],"yoast_head":"<!-- This site is optimized with the Yoast SEO plugin v27.5 - https:\/\/yoast.com\/product\/yoast-seo-wordpress\/ -->\n<title>Redrado responsabiliz\u00f3 a Macri y al Central por la devaluaci\u00f3n del lunes - Diario Textual<\/title>\n<meta name=\"robots\" content=\"index, follow, max-snippet:-1, max-image-preview:large, max-video-preview:-1\" \/>\n<link rel=\"canonical\" href=\"https:\/\/diariotextual.com\/inicio\/index.php\/2019\/08\/16\/redrado-responsabilizo-macri-al-central-la-devaluacion-del-lunes\/\" \/>\n<meta property=\"og:locale\" content=\"es_ES\" \/>\n<meta property=\"og:type\" content=\"article\" \/>\n<meta property=\"og:title\" content=\"Redrado responsabiliz\u00f3 a Macri y al Central por la devaluaci\u00f3n del lunes - Diario Textual\" \/>\n<meta property=\"og:description\" content=\"El expresidente del Banco Central, Mart\u00edn Redrado, exigi\u00f3 una \u201cmedida contundente\u201d para contener la corrida cambiaria y denunci\u00f3 que el presidente Mauricio Macri orden\u00f3 el lunes que se deje correr&hellip;\" \/>\n<meta property=\"og:url\" content=\"https:\/\/diariotextual.com\/inicio\/index.php\/2019\/08\/16\/redrado-responsabilizo-macri-al-central-la-devaluacion-del-lunes\/\" \/>\n<meta property=\"og:site_name\" content=\"Diario Textual\" \/>\n<meta property=\"article:publisher\" content=\"https:\/\/www.facebook.com\/eltextual\" \/>\n<meta property=\"article:published_time\" content=\"2019-08-16T16:59:04+00:00\" \/>\n<meta property=\"og:image\" content=\"https:\/\/diariotextual.com\/inicio\/wp-content\/uploads\/2019\/08\/redradom.jpg\" \/>\n\t<meta property=\"og:image:width\" content=\"700\" \/>\n\t<meta property=\"og:image:height\" content=\"392\" \/>\n\t<meta property=\"og:image:type\" content=\"image\/jpeg\" \/>\n<meta name=\"author\" content=\"diario3\" \/>\n<meta name=\"twitter:card\" content=\"summary_large_image\" \/>\n<meta name=\"twitter:creator\" content=\"@eltextual\" \/>\n<meta name=\"twitter:site\" content=\"@eltextual\" \/>\n<meta name=\"twitter:label1\" content=\"Escrito por\" \/>\n\t<meta name=\"twitter:data1\" content=\"diario3\" \/>\n\t<meta name=\"twitter:label2\" content=\"Tiempo de lectura\" \/>\n\t<meta name=\"twitter:data2\" content=\"2 minutos\" \/>\n<script type=\"application\/ld+json\" class=\"yoast-schema-graph\">{\"@context\":\"https:\\\/\\\/schema.org\",\"@graph\":[{\"@type\":\"Article\",\"@id\":\"https:\\\/\\\/diariotextual.com\\\/inicio\\\/index.php\\\/2019\\\/08\\\/16\\\/redrado-responsabilizo-macri-al-central-la-devaluacion-del-lunes\\\/#article\",\"isPartOf\":{\"@id\":\"https:\\\/\\\/diariotextual.com\\\/inicio\\\/index.php\\\/2019\\\/08\\\/16\\\/redrado-responsabilizo-macri-al-central-la-devaluacion-del-lunes\\\/\"},\"author\":{\"name\":\"diario3\",\"@id\":\"https:\\\/\\\/diariotextual.com\\\/inicio\\\/#\\\/schema\\\/person\\\/a1b6f563e0ee944c60f98119389a4d9f\"},\"headline\":\"Redrado responsabiliz\u00f3 a Macri y al Central por la devaluaci\u00f3n del lunes\",\"datePublished\":\"2019-08-16T16:59:04+00:00\",\"mainEntityOfPage\":{\"@id\":\"https:\\\/\\\/diariotextual.com\\\/inicio\\\/index.php\\\/2019\\\/08\\\/16\\\/redrado-responsabilizo-macri-al-central-la-devaluacion-del-lunes\\\/\"},\"wordCount\":348,\"publisher\":{\"@id\":\"https:\\\/\\\/diariotextual.com\\\/inicio\\\/#organization\"},\"image\":{\"@id\":\"https:\\\/\\\/diariotextual.com\\\/inicio\\\/index.php\\\/2019\\\/08\\\/16\\\/redrado-responsabilizo-macri-al-central-la-devaluacion-del-lunes\\\/#primaryimage\"},\"thumbnailUrl\":\"https:\\\/\\\/diariotextual.com\\\/inicio\\\/wp-content\\\/uploads\\\/2019\\\/08\\\/redradom.jpg\",\"articleSection\":[\"A - QUE PASA (al costado)\",\"ECONOMIA\"],\"inLanguage\":\"es\"},{\"@type\":\"WebPage\",\"@id\":\"https:\\\/\\\/diariotextual.com\\\/inicio\\\/index.php\\\/2019\\\/08\\\/16\\\/redrado-responsabilizo-macri-al-central-la-devaluacion-del-lunes\\\/\",\"url\":\"https:\\\/\\\/diariotextual.com\\\/inicio\\\/index.php\\\/2019\\\/08\\\/16\\\/redrado-responsabilizo-macri-al-central-la-devaluacion-del-lunes\\\/\",\"name\":\"Redrado responsabiliz\u00f3 a Macri y al Central por la devaluaci\u00f3n del lunes - Diario Textual\",\"isPartOf\":{\"@id\":\"https:\\\/\\\/diariotextual.com\\\/inicio\\\/#website\"},\"primaryImageOfPage\":{\"@id\":\"https:\\\/\\\/diariotextual.com\\\/inicio\\\/index.php\\\/2019\\\/08\\\/16\\\/redrado-responsabilizo-macri-al-central-la-devaluacion-del-lunes\\\/#primaryimage\"},\"image\":{\"@id\":\"https:\\\/\\\/diariotextual.com\\\/inicio\\\/index.php\\\/2019\\\/08\\\/16\\\/redrado-responsabilizo-macri-al-central-la-devaluacion-del-lunes\\\/#primaryimage\"},\"thumbnailUrl\":\"https:\\\/\\\/diariotextual.com\\\/inicio\\\/wp-content\\\/uploads\\\/2019\\\/08\\\/redradom.jpg\",\"datePublished\":\"2019-08-16T16:59:04+00:00\",\"breadcrumb\":{\"@id\":\"https:\\\/\\\/diariotextual.com\\\/inicio\\\/index.php\\\/2019\\\/08\\\/16\\\/redrado-responsabilizo-macri-al-central-la-devaluacion-del-lunes\\\/#breadcrumb\"},\"inLanguage\":\"es\",\"potentialAction\":[{\"@type\":\"ReadAction\",\"target\":[\"https:\\\/\\\/diariotextual.com\\\/inicio\\\/index.php\\\/2019\\\/08\\\/16\\\/redrado-responsabilizo-macri-al-central-la-devaluacion-del-lunes\\\/\"]}]},{\"@type\":\"ImageObject\",\"inLanguage\":\"es\",\"@id\":\"https:\\\/\\\/diariotextual.com\\\/inicio\\\/index.php\\\/2019\\\/08\\\/16\\\/redrado-responsabilizo-macri-al-central-la-devaluacion-del-lunes\\\/#primaryimage\",\"url\":\"https:\\\/\\\/diariotextual.com\\\/inicio\\\/wp-content\\\/uploads\\\/2019\\\/08\\\/redradom.jpg\",\"contentUrl\":\"https:\\\/\\\/diariotextual.com\\\/inicio\\\/wp-content\\\/uploads\\\/2019\\\/08\\\/redradom.jpg\",\"width\":700,\"height\":392},{\"@type\":\"BreadcrumbList\",\"@id\":\"https:\\\/\\\/diariotextual.com\\\/inicio\\\/index.php\\\/2019\\\/08\\\/16\\\/redrado-responsabilizo-macri-al-central-la-devaluacion-del-lunes\\\/#breadcrumb\",\"itemListElement\":[{\"@type\":\"ListItem\",\"position\":1,\"name\":\"Portada\",\"item\":\"https:\\\/\\\/diariotextual.com\\\/inicio\\\/\"},{\"@type\":\"ListItem\",\"position\":2,\"name\":\"Redrado responsabiliz\u00f3 a Macri y al Central por la devaluaci\u00f3n del lunes\"}]},{\"@type\":\"WebSite\",\"@id\":\"https:\\\/\\\/diariotextual.com\\\/inicio\\\/#website\",\"url\":\"https:\\\/\\\/diariotextual.com\\\/inicio\\\/\",\"name\":\"Diario Textual\",\"description\":\"\",\"publisher\":{\"@id\":\"https:\\\/\\\/diariotextual.com\\\/inicio\\\/#organization\"},\"potentialAction\":[{\"@type\":\"SearchAction\",\"target\":{\"@type\":\"EntryPoint\",\"urlTemplate\":\"https:\\\/\\\/diariotextual.com\\\/inicio\\\/?s={search_term_string}\"},\"query-input\":{\"@type\":\"PropertyValueSpecification\",\"valueRequired\":true,\"valueName\":\"search_term_string\"}}],\"inLanguage\":\"es\"},{\"@type\":\"Organization\",\"@id\":\"https:\\\/\\\/diariotextual.com\\\/inicio\\\/#organization\",\"name\":\"Diario Textual\",\"url\":\"https:\\\/\\\/diariotextual.com\\\/inicio\\\/\",\"logo\":{\"@type\":\"ImageObject\",\"inLanguage\":\"es\",\"@id\":\"https:\\\/\\\/diariotextual.com\\\/inicio\\\/#\\\/schema\\\/logo\\\/image\\\/\",\"url\":\"https:\\\/\\\/diariotextual.com\\\/inicio\\\/wp-content\\\/uploads\\\/2023\\\/05\\\/logotextual1.jpg\",\"contentUrl\":\"https:\\\/\\\/diariotextual.com\\\/inicio\\\/wp-content\\\/uploads\\\/2023\\\/05\\\/logotextual1.jpg\",\"width\":516,\"height\":76,\"caption\":\"Diario Textual\"},\"image\":{\"@id\":\"https:\\\/\\\/diariotextual.com\\\/inicio\\\/#\\\/schema\\\/logo\\\/image\\\/\"},\"sameAs\":[\"https:\\\/\\\/www.facebook.com\\\/eltextual\",\"https:\\\/\\\/x.com\\\/eltextual\",\"http:\\\/\\\/www.instagram.com\\\/eltextual\"]},{\"@type\":\"Person\",\"@id\":\"https:\\\/\\\/diariotextual.com\\\/inicio\\\/#\\\/schema\\\/person\\\/a1b6f563e0ee944c60f98119389a4d9f\",\"name\":\"diario3\",\"image\":{\"@type\":\"ImageObject\",\"inLanguage\":\"es\",\"@id\":\"https:\\\/\\\/secure.gravatar.com\\\/avatar\\\/5e7ee62c82fc04d9dd79d746a390d93c69c43223e5faeeb3ea9461ef752bfc5d?s=96&d=mm&r=g\",\"url\":\"https:\\\/\\\/secure.gravatar.com\\\/avatar\\\/5e7ee62c82fc04d9dd79d746a390d93c69c43223e5faeeb3ea9461ef752bfc5d?s=96&d=mm&r=g\",\"contentUrl\":\"https:\\\/\\\/secure.gravatar.com\\\/avatar\\\/5e7ee62c82fc04d9dd79d746a390d93c69c43223e5faeeb3ea9461ef752bfc5d?s=96&d=mm&r=g\",\"caption\":\"diario3\"},\"url\":\"https:\\\/\\\/diariotextual.com\\\/inicio\\\/index.php\\\/author\\\/diario3\\\/\"}]}<\/script>\n<!-- \/ Yoast SEO plugin. -->","yoast_head_json":{"title":"Redrado responsabiliz\u00f3 a Macri y al Central por la devaluaci\u00f3n del lunes - Diario Textual","robots":{"index":"index","follow":"follow","max-snippet":"max-snippet:-1","max-image-preview":"max-image-preview:large","max-video-preview":"max-video-preview:-1"},"canonical":"https:\/\/diariotextual.com\/inicio\/index.php\/2019\/08\/16\/redrado-responsabilizo-macri-al-central-la-devaluacion-del-lunes\/","og_locale":"es_ES","og_type":"article","og_title":"Redrado responsabiliz\u00f3 a Macri y al Central por la devaluaci\u00f3n del lunes - Diario Textual","og_description":"El expresidente del Banco Central, Mart\u00edn Redrado, exigi\u00f3 una \u201cmedida contundente\u201d para contener la corrida cambiaria y denunci\u00f3 que el presidente Mauricio Macri orden\u00f3 el lunes que se deje correr&hellip;","og_url":"https:\/\/diariotextual.com\/inicio\/index.php\/2019\/08\/16\/redrado-responsabilizo-macri-al-central-la-devaluacion-del-lunes\/","og_site_name":"Diario Textual","article_publisher":"https:\/\/www.facebook.com\/eltextual","article_published_time":"2019-08-16T16:59:04+00:00","og_image":[{"width":700,"height":392,"url":"https:\/\/diariotextual.com\/inicio\/wp-content\/uploads\/2019\/08\/redradom.jpg","type":"image\/jpeg"}],"author":"diario3","twitter_card":"summary_large_image","twitter_creator":"@eltextual","twitter_site":"@eltextual","twitter_misc":{"Escrito por":"diario3","Tiempo de lectura":"2 minutos"},"schema":{"@context":"https:\/\/schema.org","@graph":[{"@type":"Article","@id":"https:\/\/diariotextual.com\/inicio\/index.php\/2019\/08\/16\/redrado-responsabilizo-macri-al-central-la-devaluacion-del-lunes\/#article","isPartOf":{"@id":"https:\/\/diariotextual.com\/inicio\/index.php\/2019\/08\/16\/redrado-responsabilizo-macri-al-central-la-devaluacion-del-lunes\/"},"author":{"name":"diario3","@id":"https:\/\/diariotextual.com\/inicio\/#\/schema\/person\/a1b6f563e0ee944c60f98119389a4d9f"},"headline":"Redrado responsabiliz\u00f3 a Macri y al Central por la devaluaci\u00f3n del lunes","datePublished":"2019-08-16T16:59:04+00:00","mainEntityOfPage":{"@id":"https:\/\/diariotextual.com\/inicio\/index.php\/2019\/08\/16\/redrado-responsabilizo-macri-al-central-la-devaluacion-del-lunes\/"},"wordCount":348,"publisher":{"@id":"https:\/\/diariotextual.com\/inicio\/#organization"},"image":{"@id":"https:\/\/diariotextual.com\/inicio\/index.php\/2019\/08\/16\/redrado-responsabilizo-macri-al-central-la-devaluacion-del-lunes\/#primaryimage"},"thumbnailUrl":"https:\/\/diariotextual.com\/inicio\/wp-content\/uploads\/2019\/08\/redradom.jpg","articleSection":["A - QUE PASA (al costado)","ECONOMIA"],"inLanguage":"es"},{"@type":"WebPage","@id":"https:\/\/diariotextual.com\/inicio\/index.php\/2019\/08\/16\/redrado-responsabilizo-macri-al-central-la-devaluacion-del-lunes\/","url":"https:\/\/diariotextual.com\/inicio\/index.php\/2019\/08\/16\/redrado-responsabilizo-macri-al-central-la-devaluacion-del-lunes\/","name":"Redrado responsabiliz\u00f3 a Macri y al Central por la devaluaci\u00f3n del lunes - Diario Textual","isPartOf":{"@id":"https:\/\/diariotextual.com\/inicio\/#website"},"primaryImageOfPage":{"@id":"https:\/\/diariotextual.com\/inicio\/index.php\/2019\/08\/16\/redrado-responsabilizo-macri-al-central-la-devaluacion-del-lunes\/#primaryimage"},"image":{"@id":"https:\/\/diariotextual.com\/inicio\/index.php\/2019\/08\/16\/redrado-responsabilizo-macri-al-central-la-devaluacion-del-lunes\/#primaryimage"},"thumbnailUrl":"https:\/\/diariotextual.com\/inicio\/wp-content\/uploads\/2019\/08\/redradom.jpg","datePublished":"2019-08-16T16:59:04+00:00","breadcrumb":{"@id":"https:\/\/diariotextual.com\/inicio\/index.php\/2019\/08\/16\/redrado-responsabilizo-macri-al-central-la-devaluacion-del-lunes\/#breadcrumb"},"inLanguage":"es","potentialAction":[{"@type":"ReadAction","target":["https:\/\/diariotextual.com\/inicio\/index.php\/2019\/08\/16\/redrado-responsabilizo-macri-al-central-la-devaluacion-del-lunes\/"]}]},{"@type":"ImageObject","inLanguage":"es","@id":"https:\/\/diariotextual.com\/inicio\/index.php\/2019\/08\/16\/redrado-responsabilizo-macri-al-central-la-devaluacion-del-lunes\/#primaryimage","url":"https:\/\/diariotextual.com\/inicio\/wp-content\/uploads\/2019\/08\/redradom.jpg","contentUrl":"https:\/\/diariotextual.com\/inicio\/wp-content\/uploads\/2019\/08\/redradom.jpg","width":700,"height":392},{"@type":"BreadcrumbList","@id":"https:\/\/diariotextual.com\/inicio\/index.php\/2019\/08\/16\/redrado-responsabilizo-macri-al-central-la-devaluacion-del-lunes\/#breadcrumb","itemListElement":[{"@type":"ListItem","position":1,"name":"Portada","item":"https:\/\/diariotextual.com\/inicio\/"},{"@type":"ListItem","position":2,"name":"Redrado responsabiliz\u00f3 a Macri y al Central por la devaluaci\u00f3n del lunes"}]},{"@type":"WebSite","@id":"https:\/\/diariotextual.com\/inicio\/#website","url":"https:\/\/diariotextual.com\/inicio\/","name":"Diario Textual","description":"","publisher":{"@id":"https:\/\/diariotextual.com\/inicio\/#organization"},"potentialAction":[{"@type":"SearchAction","target":{"@type":"EntryPoint","urlTemplate":"https:\/\/diariotextual.com\/inicio\/?s={search_term_string}"},"query-input":{"@type":"PropertyValueSpecification","valueRequired":true,"valueName":"search_term_string"}}],"inLanguage":"es"},{"@type":"Organization","@id":"https:\/\/diariotextual.com\/inicio\/#organization","name":"Diario Textual","url":"https:\/\/diariotextual.com\/inicio\/","logo":{"@type":"ImageObject","inLanguage":"es","@id":"https:\/\/diariotextual.com\/inicio\/#\/schema\/logo\/image\/","url":"https:\/\/diariotextual.com\/inicio\/wp-content\/uploads\/2023\/05\/logotextual1.jpg","contentUrl":"https:\/\/diariotextual.com\/inicio\/wp-content\/uploads\/2023\/05\/logotextual1.jpg","width":516,"height":76,"caption":"Diario Textual"},"image":{"@id":"https:\/\/diariotextual.com\/inicio\/#\/schema\/logo\/image\/"},"sameAs":["https:\/\/www.facebook.com\/eltextual","https:\/\/x.com\/eltextual","http:\/\/www.instagram.com\/eltextual"]},{"@type":"Person","@id":"https:\/\/diariotextual.com\/inicio\/#\/schema\/person\/a1b6f563e0ee944c60f98119389a4d9f","name":"diario3","image":{"@type":"ImageObject","inLanguage":"es","@id":"https:\/\/secure.gravatar.com\/avatar\/5e7ee62c82fc04d9dd79d746a390d93c69c43223e5faeeb3ea9461ef752bfc5d?s=96&d=mm&r=g","url":"https:\/\/secure.gravatar.com\/avatar\/5e7ee62c82fc04d9dd79d746a390d93c69c43223e5faeeb3ea9461ef752bfc5d?s=96&d=mm&r=g","contentUrl":"https:\/\/secure.gravatar.com\/avatar\/5e7ee62c82fc04d9dd79d746a390d93c69c43223e5faeeb3ea9461ef752bfc5d?s=96&d=mm&r=g","caption":"diario3"},"url":"https:\/\/diariotextual.com\/inicio\/index.php\/author\/diario3\/"}]}},"_links":{"self":[{"href":"https:\/\/diariotextual.com\/inicio\/index.php\/wp-json\/wp\/v2\/posts\/59753","targetHints":{"allow":["GET"]}}],"collection":[{"href":"https:\/\/diariotextual.com\/inicio\/index.php\/wp-json\/wp\/v2\/posts"}],"about":[{"href":"https:\/\/diariotextual.com\/inicio\/index.php\/wp-json\/wp\/v2\/types\/post"}],"author":[{"embeddable":true,"href":"https:\/\/diariotextual.com\/inicio\/index.php\/wp-json\/wp\/v2\/users\/5"}],"replies":[{"embeddable":true,"href":"https:\/\/diariotextual.com\/inicio\/index.php\/wp-json\/wp\/v2\/comments?post=59753"}],"version-history":[{"count":1,"href":"https:\/\/diariotextual.com\/inicio\/index.php\/wp-json\/wp\/v2\/posts\/59753\/revisions"}],"predecessor-version":[{"id":59755,"href":"https:\/\/diariotextual.com\/inicio\/index.php\/wp-json\/wp\/v2\/posts\/59753\/revisions\/59755"}],"wp:featuredmedia":[{"embeddable":true,"href":"https:\/\/diariotextual.com\/inicio\/index.php\/wp-json\/wp\/v2\/media\/59754"}],"wp:attachment":[{"href":"https:\/\/diariotextual.com\/inicio\/index.php\/wp-json\/wp\/v2\/media?parent=59753"}],"wp:term":[{"taxonomy":"category","embeddable":true,"href":"https:\/\/diariotextual.com\/inicio\/index.php\/wp-json\/wp\/v2\/categories?post=59753"},{"taxonomy":"post_tag","embeddable":true,"href":"https:\/\/diariotextual.com\/inicio\/index.php\/wp-json\/wp\/v2\/tags?post=59753"}],"curies":[{"name":"wp","href":"https:\/\/api.w.org\/{rel}","templated":true}]}}