{"id":59765,"date":"2019-08-16T16:07:32","date_gmt":"2019-08-16T19:07:32","guid":{"rendered":"http:\/\/diariotextual.com\/inicio\/?p=59765"},"modified":"2019-08-16T17:18:14","modified_gmt":"2019-08-16T20:18:14","slug":"dolar-cerro-58-pesos-tuvo-alza-la-semana-del-248","status":"publish","type":"post","link":"https:\/\/diariotextual.com\/inicio\/index.php\/2019\/08\/16\/dolar-cerro-58-pesos-tuvo-alza-la-semana-del-248\/","title":{"rendered":"El d\u00f3lar cerr\u00f3 a 58 pesos y tuvo un alza en la semana del 24,8%"},"content":{"rendered":"<p>El billete <strong>verde descendi\u00f3 este viernes $1,64 a $58,12 en la city porte\u00f1a,<\/strong> seg\u00fan el promedio del diario \u00c1mbito Finaciero. En el Banco Naci\u00f3n, en tanto, baj\u00f3 $2 a $57. Mientras que en el mercado mayorista, la divisa cay\u00f3 $2,25 a $55.<\/p>\n<blockquote class=\"wp-embedded-content\" data-secret=\"bMQ3G84R1h\"><p><a href=\"http:\/\/diariotextual.com\/inicio\/index.php\/2019\/08\/16\/redrado-denuncio-macri-ordeno-al-central-deje-escapar-dolar\/\">Redrado denunci\u00f3 que Macri orden\u00f3 al Central que deje escapar el d\u00f3lar<\/a><\/p><\/blockquote>\n<p><iframe class=\"wp-embedded-content\" sandbox=\"allow-scripts\" security=\"restricted\" style=\"position: absolute; clip: rect(1px, 1px, 1px, 1px);\" src=\"http:\/\/diariotextual.com\/inicio\/index.php\/2019\/08\/16\/redrado-denuncio-macri-ordeno-al-central-deje-escapar-dolar\/embed\/#?secret=bMQ3G84R1h\" data-secret=\"bMQ3G84R1h\" width=\"600\" height=\"338\" title=\"&#171;Redrado denunci\u00f3 que Macri orden\u00f3 al Central que deje escapar el d\u00f3lar&#187; &#8212; Diario Textual\" frameborder=\"0\" marginwidth=\"0\" marginheight=\"0\" scrolling=\"no\"><\/iframe><\/p>\n<p>Los mercados cerraron una <strong>semana fren\u00e9tica post PASO, en la que hubo derrape financiero, reacomodamientos en la gesti\u00f3n de gobierno de Mauricio Macri tras la derrota electoral, disparada del d\u00f3lar<\/strong> y debacle en las acciones y los bonos.<\/p>\n<p>Sin embargo, este viernes la divisa volvi\u00f3 a mostrar otro importante repliegue, al descender $1,64 a $58,12 en bancos y casas de cambio de la city porte\u00f1a, seg\u00fan el promedio tomado por el matutino porte\u00f1o.<\/p>\n<p>En el Banco Naci\u00f3n, en tanto, la moneda de EEUU baj\u00f3 $2 a $57. Mientras que en el mercado mayorista, la divisa cay\u00f3 $2,25 a $55.<\/p>\n<p>En medio de la crisis financiera disparada por el triunfo del candidato opositor Alberto Fern\u00e1ndez en las urnas, el presidente Macri busc\u00f3 reducir el impacto social de la fuerte devaluaci\u00f3n del peso con la eliminaci\u00f3n temporal -hasta diciembre, cuando comienza un nuevo mandato presidencial- del IVA en alimentos b\u00e1sicos.<\/p>\n<p>Adem\u00e1s <strong>trajo algo de alivio en los mercados el acercamiento entre Macri y Fern\u00e1ndez<\/strong> -recibido con benepl\u00e1cito por el mercado- sumado a la decisi\u00f3n del Banco Central de reducir la tenencia de d\u00f3lares en el spot para entidades financieras.<\/p>\n<p>\u201cLos bancos tienen un l\u00edmite de posici\u00f3n global neta de moneda extranjera de 5% que se mantiene sin cambios, y se estableci\u00f3 un sublimite del spot de 5%\u201d, explicaron temprano desde la autoridad monetaria. Cabe destacar que esta medida comenzar\u00e1 a regir a partir del pr\u00f3ximo martes.<\/p>\n<p>En tanto, el candidato presidencial del Frente de Todos, <strong>Alberto Fern\u00e1ndez, dijo previo el jueves a la apertura del mercado que el d\u00f3lar \u00abya tiene un valor razonable y no hay argumentos para que siga aumentando\u00bb<\/strong>, y sostuvo la necesidad de \u00abpreservar las reservas\u00bb del Banco Central.<\/p>\n<p>&nbsp;<\/p>\n<p><strong>Tasa de Leliq<\/strong><\/p>\n<p>El <strong>Banco Central mantuvo equilibrada la tasa abonada en la primera licitaci\u00f3n del viernes de Letras de Liquidez, Leliq.<\/strong><\/p>\n<p>La <strong>entidad monetaria coloc\u00f3 172.969 millones de pesos<\/strong> (unos 3.056 millones de d\u00f3lares) con una tasa promedio del 74,966%, frente a un rendimiento del 74,97% anotado en la \u00faltima licitaci\u00f3n del jueves.<\/p>\n<p>La tasa m\u00ednima adjudicada fue del 74,7% y la m\u00e1xima se ubic\u00f3 al 75% para la operatoria a diez d\u00edas de plazo.<\/p>\n<p>El jueves, el BCRA fij\u00f3 una tasa de referencia diaria de Leliq al 74,96%.<\/p>\n","protected":false},"excerpt":{"rendered":"<p>El billete verde descendi\u00f3 este viernes $1,64 a $58,12 en la city porte\u00f1a, seg\u00fan el promedio del diario \u00c1mbito Finaciero. En el Banco Naci\u00f3n, en tanto, baj\u00f3 $2 a $57.&hellip;<\/p>\n","protected":false},"author":5,"featured_media":59766,"comment_status":"closed","ping_status":"open","sticky":false,"template":"","format":"standard","meta":{"_acf_changed":false,"footnotes":""},"categories":[11,319,5],"tags":[],"class_list":["post-59765","post","type-post","status-publish","format-standard","has-post-thumbnail","hentry","category-que-pasa","category-a-temporales","category-economia"],"acf":[],"yoast_head":"<!-- This site is optimized with the Yoast SEO plugin v27.5 - https:\/\/yoast.com\/product\/yoast-seo-wordpress\/ -->\n<title>El d\u00f3lar cerr\u00f3 a 58 pesos y tuvo un alza en la semana del 24,8% - Diario Textual<\/title>\n<meta name=\"robots\" content=\"index, follow, max-snippet:-1, max-image-preview:large, max-video-preview:-1\" \/>\n<link rel=\"canonical\" href=\"https:\/\/diariotextual.com\/inicio\/index.php\/2019\/08\/16\/dolar-cerro-58-pesos-tuvo-alza-la-semana-del-248\/\" \/>\n<meta property=\"og:locale\" content=\"es_ES\" \/>\n<meta property=\"og:type\" content=\"article\" \/>\n<meta property=\"og:title\" content=\"El d\u00f3lar cerr\u00f3 a 58 pesos y tuvo un alza en la semana del 24,8% - Diario Textual\" \/>\n<meta property=\"og:description\" content=\"El billete verde descendi\u00f3 este viernes $1,64 a $58,12 en la city porte\u00f1a, seg\u00fan el promedio del diario \u00c1mbito Finaciero. En el Banco Naci\u00f3n, en tanto, baj\u00f3 $2 a $57.&hellip;\" \/>\n<meta property=\"og:url\" content=\"https:\/\/diariotextual.com\/inicio\/index.php\/2019\/08\/16\/dolar-cerro-58-pesos-tuvo-alza-la-semana-del-248\/\" \/>\n<meta property=\"og:site_name\" content=\"Diario Textual\" \/>\n<meta property=\"article:publisher\" content=\"https:\/\/www.facebook.com\/eltextual\" \/>\n<meta property=\"article:published_time\" content=\"2019-08-16T19:07:32+00:00\" \/>\n<meta property=\"article:modified_time\" content=\"2019-08-16T20:18:14+00:00\" \/>\n<meta property=\"og:image\" content=\"https:\/\/diariotextual.com\/inicio\/wp-content\/uploads\/2019\/08\/dolarbilletesmanos.jpg\" \/>\n\t<meta property=\"og:image:width\" content=\"700\" \/>\n\t<meta property=\"og:image:height\" content=\"394\" \/>\n\t<meta property=\"og:image:type\" content=\"image\/jpeg\" \/>\n<meta name=\"author\" content=\"diario3\" \/>\n<meta name=\"twitter:card\" content=\"summary_large_image\" \/>\n<meta name=\"twitter:creator\" content=\"@eltextual\" \/>\n<meta name=\"twitter:site\" content=\"@eltextual\" \/>\n<meta name=\"twitter:label1\" content=\"Escrito por\" \/>\n\t<meta name=\"twitter:data1\" content=\"diario3\" \/>\n\t<meta name=\"twitter:label2\" content=\"Tiempo de lectura\" \/>\n\t<meta name=\"twitter:data2\" content=\"2 minutos\" \/>\n<script type=\"application\/ld+json\" class=\"yoast-schema-graph\">{\"@context\":\"https:\\\/\\\/schema.org\",\"@graph\":[{\"@type\":\"Article\",\"@id\":\"https:\\\/\\\/diariotextual.com\\\/inicio\\\/index.php\\\/2019\\\/08\\\/16\\\/dolar-cerro-58-pesos-tuvo-alza-la-semana-del-248\\\/#article\",\"isPartOf\":{\"@id\":\"https:\\\/\\\/diariotextual.com\\\/inicio\\\/index.php\\\/2019\\\/08\\\/16\\\/dolar-cerro-58-pesos-tuvo-alza-la-semana-del-248\\\/\"},\"author\":{\"name\":\"diario3\",\"@id\":\"https:\\\/\\\/diariotextual.com\\\/inicio\\\/#\\\/schema\\\/person\\\/a1b6f563e0ee944c60f98119389a4d9f\"},\"headline\":\"El d\u00f3lar cerr\u00f3 a 58 pesos y tuvo un alza en la semana del 24,8%\",\"datePublished\":\"2019-08-16T19:07:32+00:00\",\"dateModified\":\"2019-08-16T20:18:14+00:00\",\"mainEntityOfPage\":{\"@id\":\"https:\\\/\\\/diariotextual.com\\\/inicio\\\/index.php\\\/2019\\\/08\\\/16\\\/dolar-cerro-58-pesos-tuvo-alza-la-semana-del-248\\\/\"},\"wordCount\":444,\"publisher\":{\"@id\":\"https:\\\/\\\/diariotextual.com\\\/inicio\\\/#organization\"},\"image\":{\"@id\":\"https:\\\/\\\/diariotextual.com\\\/inicio\\\/index.php\\\/2019\\\/08\\\/16\\\/dolar-cerro-58-pesos-tuvo-alza-la-semana-del-248\\\/#primaryimage\"},\"thumbnailUrl\":\"https:\\\/\\\/diariotextual.com\\\/inicio\\\/wp-content\\\/uploads\\\/2019\\\/08\\\/dolarbilletesmanos.jpg\",\"articleSection\":[\"A - QUE PASA (al costado)\",\"A - TEMPORALES\",\"ECONOMIA\"],\"inLanguage\":\"es\"},{\"@type\":\"WebPage\",\"@id\":\"https:\\\/\\\/diariotextual.com\\\/inicio\\\/index.php\\\/2019\\\/08\\\/16\\\/dolar-cerro-58-pesos-tuvo-alza-la-semana-del-248\\\/\",\"url\":\"https:\\\/\\\/diariotextual.com\\\/inicio\\\/index.php\\\/2019\\\/08\\\/16\\\/dolar-cerro-58-pesos-tuvo-alza-la-semana-del-248\\\/\",\"name\":\"El d\u00f3lar cerr\u00f3 a 58 pesos y tuvo un alza en la semana del 24,8% - Diario Textual\",\"isPartOf\":{\"@id\":\"https:\\\/\\\/diariotextual.com\\\/inicio\\\/#website\"},\"primaryImageOfPage\":{\"@id\":\"https:\\\/\\\/diariotextual.com\\\/inicio\\\/index.php\\\/2019\\\/08\\\/16\\\/dolar-cerro-58-pesos-tuvo-alza-la-semana-del-248\\\/#primaryimage\"},\"image\":{\"@id\":\"https:\\\/\\\/diariotextual.com\\\/inicio\\\/index.php\\\/2019\\\/08\\\/16\\\/dolar-cerro-58-pesos-tuvo-alza-la-semana-del-248\\\/#primaryimage\"},\"thumbnailUrl\":\"https:\\\/\\\/diariotextual.com\\\/inicio\\\/wp-content\\\/uploads\\\/2019\\\/08\\\/dolarbilletesmanos.jpg\",\"datePublished\":\"2019-08-16T19:07:32+00:00\",\"dateModified\":\"2019-08-16T20:18:14+00:00\",\"breadcrumb\":{\"@id\":\"https:\\\/\\\/diariotextual.com\\\/inicio\\\/index.php\\\/2019\\\/08\\\/16\\\/dolar-cerro-58-pesos-tuvo-alza-la-semana-del-248\\\/#breadcrumb\"},\"inLanguage\":\"es\",\"potentialAction\":[{\"@type\":\"ReadAction\",\"target\":[\"https:\\\/\\\/diariotextual.com\\\/inicio\\\/index.php\\\/2019\\\/08\\\/16\\\/dolar-cerro-58-pesos-tuvo-alza-la-semana-del-248\\\/\"]}]},{\"@type\":\"ImageObject\",\"inLanguage\":\"es\",\"@id\":\"https:\\\/\\\/diariotextual.com\\\/inicio\\\/index.php\\\/2019\\\/08\\\/16\\\/dolar-cerro-58-pesos-tuvo-alza-la-semana-del-248\\\/#primaryimage\",\"url\":\"https:\\\/\\\/diariotextual.com\\\/inicio\\\/wp-content\\\/uploads\\\/2019\\\/08\\\/dolarbilletesmanos.jpg\",\"contentUrl\":\"https:\\\/\\\/diariotextual.com\\\/inicio\\\/wp-content\\\/uploads\\\/2019\\\/08\\\/dolarbilletesmanos.jpg\",\"width\":700,\"height\":394},{\"@type\":\"BreadcrumbList\",\"@id\":\"https:\\\/\\\/diariotextual.com\\\/inicio\\\/index.php\\\/2019\\\/08\\\/16\\\/dolar-cerro-58-pesos-tuvo-alza-la-semana-del-248\\\/#breadcrumb\",\"itemListElement\":[{\"@type\":\"ListItem\",\"position\":1,\"name\":\"Portada\",\"item\":\"https:\\\/\\\/diariotextual.com\\\/inicio\\\/\"},{\"@type\":\"ListItem\",\"position\":2,\"name\":\"El d\u00f3lar cerr\u00f3 a 58 pesos y tuvo un alza en la semana del 24,8%\"}]},{\"@type\":\"WebSite\",\"@id\":\"https:\\\/\\\/diariotextual.com\\\/inicio\\\/#website\",\"url\":\"https:\\\/\\\/diariotextual.com\\\/inicio\\\/\",\"name\":\"Diario Textual\",\"description\":\"\",\"publisher\":{\"@id\":\"https:\\\/\\\/diariotextual.com\\\/inicio\\\/#organization\"},\"potentialAction\":[{\"@type\":\"SearchAction\",\"target\":{\"@type\":\"EntryPoint\",\"urlTemplate\":\"https:\\\/\\\/diariotextual.com\\\/inicio\\\/?s={search_term_string}\"},\"query-input\":{\"@type\":\"PropertyValueSpecification\",\"valueRequired\":true,\"valueName\":\"search_term_string\"}}],\"inLanguage\":\"es\"},{\"@type\":\"Organization\",\"@id\":\"https:\\\/\\\/diariotextual.com\\\/inicio\\\/#organization\",\"name\":\"Diario Textual\",\"url\":\"https:\\\/\\\/diariotextual.com\\\/inicio\\\/\",\"logo\":{\"@type\":\"ImageObject\",\"inLanguage\":\"es\",\"@id\":\"https:\\\/\\\/diariotextual.com\\\/inicio\\\/#\\\/schema\\\/logo\\\/image\\\/\",\"url\":\"https:\\\/\\\/diariotextual.com\\\/inicio\\\/wp-content\\\/uploads\\\/2023\\\/05\\\/logotextual1.jpg\",\"contentUrl\":\"https:\\\/\\\/diariotextual.com\\\/inicio\\\/wp-content\\\/uploads\\\/2023\\\/05\\\/logotextual1.jpg\",\"width\":516,\"height\":76,\"caption\":\"Diario Textual\"},\"image\":{\"@id\":\"https:\\\/\\\/diariotextual.com\\\/inicio\\\/#\\\/schema\\\/logo\\\/image\\\/\"},\"sameAs\":[\"https:\\\/\\\/www.facebook.com\\\/eltextual\",\"https:\\\/\\\/x.com\\\/eltextual\",\"http:\\\/\\\/www.instagram.com\\\/eltextual\"]},{\"@type\":\"Person\",\"@id\":\"https:\\\/\\\/diariotextual.com\\\/inicio\\\/#\\\/schema\\\/person\\\/a1b6f563e0ee944c60f98119389a4d9f\",\"name\":\"diario3\",\"image\":{\"@type\":\"ImageObject\",\"inLanguage\":\"es\",\"@id\":\"https:\\\/\\\/secure.gravatar.com\\\/avatar\\\/5e7ee62c82fc04d9dd79d746a390d93c69c43223e5faeeb3ea9461ef752bfc5d?s=96&d=mm&r=g\",\"url\":\"https:\\\/\\\/secure.gravatar.com\\\/avatar\\\/5e7ee62c82fc04d9dd79d746a390d93c69c43223e5faeeb3ea9461ef752bfc5d?s=96&d=mm&r=g\",\"contentUrl\":\"https:\\\/\\\/secure.gravatar.com\\\/avatar\\\/5e7ee62c82fc04d9dd79d746a390d93c69c43223e5faeeb3ea9461ef752bfc5d?s=96&d=mm&r=g\",\"caption\":\"diario3\"},\"url\":\"https:\\\/\\\/diariotextual.com\\\/inicio\\\/index.php\\\/author\\\/diario3\\\/\"}]}<\/script>\n<!-- \/ Yoast SEO plugin. -->","yoast_head_json":{"title":"El d\u00f3lar cerr\u00f3 a 58 pesos y tuvo un alza en la semana del 24,8% - Diario Textual","robots":{"index":"index","follow":"follow","max-snippet":"max-snippet:-1","max-image-preview":"max-image-preview:large","max-video-preview":"max-video-preview:-1"},"canonical":"https:\/\/diariotextual.com\/inicio\/index.php\/2019\/08\/16\/dolar-cerro-58-pesos-tuvo-alza-la-semana-del-248\/","og_locale":"es_ES","og_type":"article","og_title":"El d\u00f3lar cerr\u00f3 a 58 pesos y tuvo un alza en la semana del 24,8% - Diario Textual","og_description":"El billete verde descendi\u00f3 este viernes $1,64 a $58,12 en la city porte\u00f1a, seg\u00fan el promedio del diario \u00c1mbito Finaciero. En el Banco Naci\u00f3n, en tanto, baj\u00f3 $2 a $57.&hellip;","og_url":"https:\/\/diariotextual.com\/inicio\/index.php\/2019\/08\/16\/dolar-cerro-58-pesos-tuvo-alza-la-semana-del-248\/","og_site_name":"Diario Textual","article_publisher":"https:\/\/www.facebook.com\/eltextual","article_published_time":"2019-08-16T19:07:32+00:00","article_modified_time":"2019-08-16T20:18:14+00:00","og_image":[{"width":700,"height":394,"url":"https:\/\/diariotextual.com\/inicio\/wp-content\/uploads\/2019\/08\/dolarbilletesmanos.jpg","type":"image\/jpeg"}],"author":"diario3","twitter_card":"summary_large_image","twitter_creator":"@eltextual","twitter_site":"@eltextual","twitter_misc":{"Escrito por":"diario3","Tiempo de lectura":"2 minutos"},"schema":{"@context":"https:\/\/schema.org","@graph":[{"@type":"Article","@id":"https:\/\/diariotextual.com\/inicio\/index.php\/2019\/08\/16\/dolar-cerro-58-pesos-tuvo-alza-la-semana-del-248\/#article","isPartOf":{"@id":"https:\/\/diariotextual.com\/inicio\/index.php\/2019\/08\/16\/dolar-cerro-58-pesos-tuvo-alza-la-semana-del-248\/"},"author":{"name":"diario3","@id":"https:\/\/diariotextual.com\/inicio\/#\/schema\/person\/a1b6f563e0ee944c60f98119389a4d9f"},"headline":"El d\u00f3lar cerr\u00f3 a 58 pesos y tuvo un alza en la semana del 24,8%","datePublished":"2019-08-16T19:07:32+00:00","dateModified":"2019-08-16T20:18:14+00:00","mainEntityOfPage":{"@id":"https:\/\/diariotextual.com\/inicio\/index.php\/2019\/08\/16\/dolar-cerro-58-pesos-tuvo-alza-la-semana-del-248\/"},"wordCount":444,"publisher":{"@id":"https:\/\/diariotextual.com\/inicio\/#organization"},"image":{"@id":"https:\/\/diariotextual.com\/inicio\/index.php\/2019\/08\/16\/dolar-cerro-58-pesos-tuvo-alza-la-semana-del-248\/#primaryimage"},"thumbnailUrl":"https:\/\/diariotextual.com\/inicio\/wp-content\/uploads\/2019\/08\/dolarbilletesmanos.jpg","articleSection":["A - QUE PASA (al costado)","A - TEMPORALES","ECONOMIA"],"inLanguage":"es"},{"@type":"WebPage","@id":"https:\/\/diariotextual.com\/inicio\/index.php\/2019\/08\/16\/dolar-cerro-58-pesos-tuvo-alza-la-semana-del-248\/","url":"https:\/\/diariotextual.com\/inicio\/index.php\/2019\/08\/16\/dolar-cerro-58-pesos-tuvo-alza-la-semana-del-248\/","name":"El d\u00f3lar cerr\u00f3 a 58 pesos y tuvo un alza en la semana del 24,8% - Diario Textual","isPartOf":{"@id":"https:\/\/diariotextual.com\/inicio\/#website"},"primaryImageOfPage":{"@id":"https:\/\/diariotextual.com\/inicio\/index.php\/2019\/08\/16\/dolar-cerro-58-pesos-tuvo-alza-la-semana-del-248\/#primaryimage"},"image":{"@id":"https:\/\/diariotextual.com\/inicio\/index.php\/2019\/08\/16\/dolar-cerro-58-pesos-tuvo-alza-la-semana-del-248\/#primaryimage"},"thumbnailUrl":"https:\/\/diariotextual.com\/inicio\/wp-content\/uploads\/2019\/08\/dolarbilletesmanos.jpg","datePublished":"2019-08-16T19:07:32+00:00","dateModified":"2019-08-16T20:18:14+00:00","breadcrumb":{"@id":"https:\/\/diariotextual.com\/inicio\/index.php\/2019\/08\/16\/dolar-cerro-58-pesos-tuvo-alza-la-semana-del-248\/#breadcrumb"},"inLanguage":"es","potentialAction":[{"@type":"ReadAction","target":["https:\/\/diariotextual.com\/inicio\/index.php\/2019\/08\/16\/dolar-cerro-58-pesos-tuvo-alza-la-semana-del-248\/"]}]},{"@type":"ImageObject","inLanguage":"es","@id":"https:\/\/diariotextual.com\/inicio\/index.php\/2019\/08\/16\/dolar-cerro-58-pesos-tuvo-alza-la-semana-del-248\/#primaryimage","url":"https:\/\/diariotextual.com\/inicio\/wp-content\/uploads\/2019\/08\/dolarbilletesmanos.jpg","contentUrl":"https:\/\/diariotextual.com\/inicio\/wp-content\/uploads\/2019\/08\/dolarbilletesmanos.jpg","width":700,"height":394},{"@type":"BreadcrumbList","@id":"https:\/\/diariotextual.com\/inicio\/index.php\/2019\/08\/16\/dolar-cerro-58-pesos-tuvo-alza-la-semana-del-248\/#breadcrumb","itemListElement":[{"@type":"ListItem","position":1,"name":"Portada","item":"https:\/\/diariotextual.com\/inicio\/"},{"@type":"ListItem","position":2,"name":"El d\u00f3lar cerr\u00f3 a 58 pesos y tuvo un alza en la semana del 24,8%"}]},{"@type":"WebSite","@id":"https:\/\/diariotextual.com\/inicio\/#website","url":"https:\/\/diariotextual.com\/inicio\/","name":"Diario Textual","description":"","publisher":{"@id":"https:\/\/diariotextual.com\/inicio\/#organization"},"potentialAction":[{"@type":"SearchAction","target":{"@type":"EntryPoint","urlTemplate":"https:\/\/diariotextual.com\/inicio\/?s={search_term_string}"},"query-input":{"@type":"PropertyValueSpecification","valueRequired":true,"valueName":"search_term_string"}}],"inLanguage":"es"},{"@type":"Organization","@id":"https:\/\/diariotextual.com\/inicio\/#organization","name":"Diario Textual","url":"https:\/\/diariotextual.com\/inicio\/","logo":{"@type":"ImageObject","inLanguage":"es","@id":"https:\/\/diariotextual.com\/inicio\/#\/schema\/logo\/image\/","url":"https:\/\/diariotextual.com\/inicio\/wp-content\/uploads\/2023\/05\/logotextual1.jpg","contentUrl":"https:\/\/diariotextual.com\/inicio\/wp-content\/uploads\/2023\/05\/logotextual1.jpg","width":516,"height":76,"caption":"Diario Textual"},"image":{"@id":"https:\/\/diariotextual.com\/inicio\/#\/schema\/logo\/image\/"},"sameAs":["https:\/\/www.facebook.com\/eltextual","https:\/\/x.com\/eltextual","http:\/\/www.instagram.com\/eltextual"]},{"@type":"Person","@id":"https:\/\/diariotextual.com\/inicio\/#\/schema\/person\/a1b6f563e0ee944c60f98119389a4d9f","name":"diario3","image":{"@type":"ImageObject","inLanguage":"es","@id":"https:\/\/secure.gravatar.com\/avatar\/5e7ee62c82fc04d9dd79d746a390d93c69c43223e5faeeb3ea9461ef752bfc5d?s=96&d=mm&r=g","url":"https:\/\/secure.gravatar.com\/avatar\/5e7ee62c82fc04d9dd79d746a390d93c69c43223e5faeeb3ea9461ef752bfc5d?s=96&d=mm&r=g","contentUrl":"https:\/\/secure.gravatar.com\/avatar\/5e7ee62c82fc04d9dd79d746a390d93c69c43223e5faeeb3ea9461ef752bfc5d?s=96&d=mm&r=g","caption":"diario3"},"url":"https:\/\/diariotextual.com\/inicio\/index.php\/author\/diario3\/"}]}},"_links":{"self":[{"href":"https:\/\/diariotextual.com\/inicio\/index.php\/wp-json\/wp\/v2\/posts\/59765","targetHints":{"allow":["GET"]}}],"collection":[{"href":"https:\/\/diariotextual.com\/inicio\/index.php\/wp-json\/wp\/v2\/posts"}],"about":[{"href":"https:\/\/diariotextual.com\/inicio\/index.php\/wp-json\/wp\/v2\/types\/post"}],"author":[{"embeddable":true,"href":"https:\/\/diariotextual.com\/inicio\/index.php\/wp-json\/wp\/v2\/users\/5"}],"replies":[{"embeddable":true,"href":"https:\/\/diariotextual.com\/inicio\/index.php\/wp-json\/wp\/v2\/comments?post=59765"}],"version-history":[{"count":2,"href":"https:\/\/diariotextual.com\/inicio\/index.php\/wp-json\/wp\/v2\/posts\/59765\/revisions"}],"predecessor-version":[{"id":59808,"href":"https:\/\/diariotextual.com\/inicio\/index.php\/wp-json\/wp\/v2\/posts\/59765\/revisions\/59808"}],"wp:featuredmedia":[{"embeddable":true,"href":"https:\/\/diariotextual.com\/inicio\/index.php\/wp-json\/wp\/v2\/media\/59766"}],"wp:attachment":[{"href":"https:\/\/diariotextual.com\/inicio\/index.php\/wp-json\/wp\/v2\/media?parent=59765"}],"wp:term":[{"taxonomy":"category","embeddable":true,"href":"https:\/\/diariotextual.com\/inicio\/index.php\/wp-json\/wp\/v2\/categories?post=59765"},{"taxonomy":"post_tag","embeddable":true,"href":"https:\/\/diariotextual.com\/inicio\/index.php\/wp-json\/wp\/v2\/tags?post=59765"}],"curies":[{"name":"wp","href":"https:\/\/api.w.org\/{rel}","templated":true}]}}