{"id":59800,"date":"2019-08-16T17:17:18","date_gmt":"2019-08-16T20:17:18","guid":{"rendered":"http:\/\/diariotextual.com\/inicio\/?p=59800"},"modified":"2019-08-17T09:36:22","modified_gmt":"2019-08-17T12:36:22","slug":"redrado-denuncio-macri-ordeno-al-central-deje-escapar-dolar","status":"publish","type":"post","link":"https:\/\/diariotextual.com\/inicio\/index.php\/2019\/08\/16\/redrado-denuncio-macri-ordeno-al-central-deje-escapar-dolar\/","title":{"rendered":"Redrado denunci\u00f3 que Macri orden\u00f3 al Central que deje escapar el d\u00f3lar"},"content":{"rendered":"<p><strong>Mart\u00edn Redrado<\/strong>, extitular del Banco Central, confirm\u00f3 que el presidente<strong> Mauricio Macri<\/strong> orden\u00f3 a <strong>Guido Sandleris<\/strong> \u00absoltar el volante\u00bb y dejar que se concrete la mega devaluaci\u00f3n para tener un r\u00e9dito electoral de cara a octubre.<\/p>\n<blockquote class=\"wp-embedded-content\" data-secret=\"3YqPXOauC7\"><p><a href=\"http:\/\/diariotextual.com\/inicio\/index.php\/2019\/08\/16\/dolar-cerro-58-pesos-tuvo-alza-la-semana-del-248\/\">El d\u00f3lar cerr\u00f3 a 58 pesos y tuvo un alza en la semana del 24,8%<\/a><\/p><\/blockquote>\n<p><iframe class=\"wp-embedded-content\" sandbox=\"allow-scripts\" security=\"restricted\" style=\"position: absolute; clip: rect(1px, 1px, 1px, 1px);\" src=\"http:\/\/diariotextual.com\/inicio\/index.php\/2019\/08\/16\/dolar-cerro-58-pesos-tuvo-alza-la-semana-del-248\/embed\/#?secret=3YqPXOauC7\" data-secret=\"3YqPXOauC7\" width=\"600\" height=\"338\" title=\"&#171;El d\u00f3lar cerr\u00f3 a 58 pesos y tuvo un alza en la semana del 24,8%&#187; &#8212; Diario Textual\" frameborder=\"0\" marginwidth=\"0\" marginheight=\"0\" scrolling=\"no\"><\/iframe><\/p>\n<p><strong>\u00abEl presidente dijo el d\u00eda lunes &#8216;que el d\u00f3lar se vaya a donde se tenga que ir de manera tal que los argentinos aprendan a qui\u00e9n votaron'\u00bb<\/strong>, explic\u00f3 Redrado en declaraciones a radio Mitre.<\/p>\n<p>El dato hab\u00eda sido adelantado por <strong>La Pol\u00edtica Online<\/strong> el d\u00eda lunes y hoy Redrado lo confirm\u00f3.\u00a0\u00abEl Gobierno ten\u00eda un arquero (el Banco Central) que ten\u00eda la obligaci\u00f3n de cuidar el arco y se dej\u00f3 hacer dos goles. Hubo una instrucci\u00f3n pol\u00edtica\u00bb, agreg\u00f3.<\/p>\n<p>Seg\u00fan el exfuncionario, <strong>las afirmaciones no corren por parte de una apreciaci\u00f3n personal sino de \u00abinformaci\u00f3n de mis colegas en el Central por el buen di\u00e1logo con las autoridades despu\u00e9s de haber trabajado cinco a\u00f1os y medio con los profesionales\u00bb.<\/strong><\/p>\n<p>Se trata de una denuncia grav\u00edsima que podr\u00eda derivar en serias consecuencias judiciales para las autoridades de la entidad, ya que de comprobarse, constituir\u00eda en una violaci\u00f3n de la Carta Org\u00e1nica que obliga a defender el valor de la moneda.<\/p>\n<p>Algo similar dijo el antecesor de Sandleris, Luis Caputo, que en su reaparici\u00f3n en p\u00fablico a casi un a\u00f1o de su salida del gobierno hizo \u00e9nfasis en el escaso volumen operado durante la corrida. \u00abNo es serio que el Banco Central deje devaluar la moneda 5, 8 por ciento por d\u00eda con 5 millones de d\u00f3lares\u00bb, cuestion\u00f3.<\/p>\n<p>Como detall\u00f3 La Pol\u00edtica Online, la pasividad de Sandleris caus\u00f3 sorpresa en el mercado e inmediatamente desat\u00f3 especulaciones de una posible renuncia. Sin embargo, este expl\u00edcito comportamiento suicida del gobierno para asustar a la poblaci\u00f3n y mejorar sus chances en octubre qued\u00f3 ratificado en la fat\u00eddica conferencia de prensa de esa tarde. All\u00ed, un Macri desatado advirti\u00f3 que la devaluaci\u00f3n fue \u00abuna muestra de lo que puede pasar\u00bb si Alberto Fern\u00e1ndez ganara las elecciones y amenaz\u00f3 con que puede ser \u00abel fin\u00bb de la Argentina. \u00abQue el kirchnerismo se haga cargo y revierta est\u00e1 situaci\u00f3n\u00bb, enfatiz\u00f3.<\/p>\n<p>&nbsp;<\/p>\n<p>&nbsp;<\/p>\n<p>&nbsp;<\/p>\n<p>&nbsp;<\/p>\n<p>&nbsp;<\/p>\n<p>&nbsp;<\/p>\n<p>&nbsp;<\/p>\n<p>&nbsp;<\/p>\n","protected":false},"excerpt":{"rendered":"<p>Mart\u00edn Redrado, extitular del Banco Central, confirm\u00f3 que el presidente Mauricio Macri orden\u00f3 a Guido Sandleris \u00absoltar el volante\u00bb y dejar que se concrete la mega devaluaci\u00f3n para tener un&hellip;<\/p>\n","protected":false},"author":3,"featured_media":59806,"comment_status":"closed","ping_status":"open","sticky":false,"template":"","format":"standard","meta":{"_acf_changed":false,"footnotes":""},"categories":[11,319,8],"tags":[2185],"class_list":["post-59800","post","type-post","status-publish","format-standard","has-post-thumbnail","hentry","category-que-pasa","category-a-temporales","category-politica","tag-redrado"],"acf":[],"yoast_head":"<!-- This site is optimized with the Yoast SEO plugin v27.5 - https:\/\/yoast.com\/product\/yoast-seo-wordpress\/ -->\n<title>Redrado denunci\u00f3 que Macri orden\u00f3 al Central que deje escapar el d\u00f3lar - Diario Textual<\/title>\n<meta name=\"robots\" content=\"index, follow, max-snippet:-1, max-image-preview:large, max-video-preview:-1\" \/>\n<link rel=\"canonical\" href=\"https:\/\/diariotextual.com\/inicio\/index.php\/2019\/08\/16\/redrado-denuncio-macri-ordeno-al-central-deje-escapar-dolar\/\" \/>\n<meta property=\"og:locale\" content=\"es_ES\" \/>\n<meta property=\"og:type\" content=\"article\" \/>\n<meta property=\"og:title\" content=\"Redrado denunci\u00f3 que Macri orden\u00f3 al Central que deje escapar el d\u00f3lar - Diario Textual\" \/>\n<meta property=\"og:description\" content=\"Mart\u00edn Redrado, extitular del Banco Central, confirm\u00f3 que el presidente Mauricio Macri orden\u00f3 a Guido Sandleris \u00absoltar el volante\u00bb y dejar que se concrete la mega devaluaci\u00f3n para tener un&hellip;\" \/>\n<meta property=\"og:url\" content=\"https:\/\/diariotextual.com\/inicio\/index.php\/2019\/08\/16\/redrado-denuncio-macri-ordeno-al-central-deje-escapar-dolar\/\" \/>\n<meta property=\"og:site_name\" content=\"Diario Textual\" \/>\n<meta property=\"article:publisher\" content=\"https:\/\/www.facebook.com\/eltextual\" \/>\n<meta property=\"article:published_time\" content=\"2019-08-16T20:17:18+00:00\" \/>\n<meta property=\"article:modified_time\" content=\"2019-08-17T12:36:22+00:00\" \/>\n<meta property=\"og:image\" content=\"https:\/\/diariotextual.com\/inicio\/wp-content\/uploads\/2019\/08\/redradomartin7.jpg\" \/>\n\t<meta property=\"og:image:width\" content=\"1200\" \/>\n\t<meta property=\"og:image:height\" content=\"675\" \/>\n\t<meta property=\"og:image:type\" content=\"image\/jpeg\" \/>\n<meta name=\"author\" content=\"Diario1 Diario1\" \/>\n<meta name=\"twitter:card\" content=\"summary_large_image\" \/>\n<meta name=\"twitter:creator\" content=\"@eltextual\" \/>\n<meta name=\"twitter:site\" content=\"@eltextual\" \/>\n<meta name=\"twitter:label1\" content=\"Escrito por\" \/>\n\t<meta name=\"twitter:data1\" content=\"Diario1 Diario1\" \/>\n\t<meta name=\"twitter:label2\" content=\"Tiempo de lectura\" \/>\n\t<meta name=\"twitter:data2\" content=\"2 minutos\" \/>\n<script type=\"application\/ld+json\" class=\"yoast-schema-graph\">{\"@context\":\"https:\\\/\\\/schema.org\",\"@graph\":[{\"@type\":\"Article\",\"@id\":\"https:\\\/\\\/diariotextual.com\\\/inicio\\\/index.php\\\/2019\\\/08\\\/16\\\/redrado-denuncio-macri-ordeno-al-central-deje-escapar-dolar\\\/#article\",\"isPartOf\":{\"@id\":\"https:\\\/\\\/diariotextual.com\\\/inicio\\\/index.php\\\/2019\\\/08\\\/16\\\/redrado-denuncio-macri-ordeno-al-central-deje-escapar-dolar\\\/\"},\"author\":{\"name\":\"Diario1 Diario1\",\"@id\":\"https:\\\/\\\/diariotextual.com\\\/inicio\\\/#\\\/schema\\\/person\\\/418fc4093c33e86ed41562db3508f958\"},\"headline\":\"Redrado denunci\u00f3 que Macri orden\u00f3 al Central que deje escapar el d\u00f3lar\",\"datePublished\":\"2019-08-16T20:17:18+00:00\",\"dateModified\":\"2019-08-17T12:36:22+00:00\",\"mainEntityOfPage\":{\"@id\":\"https:\\\/\\\/diariotextual.com\\\/inicio\\\/index.php\\\/2019\\\/08\\\/16\\\/redrado-denuncio-macri-ordeno-al-central-deje-escapar-dolar\\\/\"},\"wordCount\":410,\"publisher\":{\"@id\":\"https:\\\/\\\/diariotextual.com\\\/inicio\\\/#organization\"},\"image\":{\"@id\":\"https:\\\/\\\/diariotextual.com\\\/inicio\\\/index.php\\\/2019\\\/08\\\/16\\\/redrado-denuncio-macri-ordeno-al-central-deje-escapar-dolar\\\/#primaryimage\"},\"thumbnailUrl\":\"https:\\\/\\\/diariotextual.com\\\/inicio\\\/wp-content\\\/uploads\\\/2019\\\/08\\\/redradomartin7.jpg\",\"keywords\":[\"redrado\"],\"articleSection\":[\"A - QUE PASA (al costado)\",\"A - TEMPORALES\",\"POLITICA\"],\"inLanguage\":\"es\"},{\"@type\":\"WebPage\",\"@id\":\"https:\\\/\\\/diariotextual.com\\\/inicio\\\/index.php\\\/2019\\\/08\\\/16\\\/redrado-denuncio-macri-ordeno-al-central-deje-escapar-dolar\\\/\",\"url\":\"https:\\\/\\\/diariotextual.com\\\/inicio\\\/index.php\\\/2019\\\/08\\\/16\\\/redrado-denuncio-macri-ordeno-al-central-deje-escapar-dolar\\\/\",\"name\":\"Redrado denunci\u00f3 que Macri orden\u00f3 al Central que deje escapar el d\u00f3lar - Diario Textual\",\"isPartOf\":{\"@id\":\"https:\\\/\\\/diariotextual.com\\\/inicio\\\/#website\"},\"primaryImageOfPage\":{\"@id\":\"https:\\\/\\\/diariotextual.com\\\/inicio\\\/index.php\\\/2019\\\/08\\\/16\\\/redrado-denuncio-macri-ordeno-al-central-deje-escapar-dolar\\\/#primaryimage\"},\"image\":{\"@id\":\"https:\\\/\\\/diariotextual.com\\\/inicio\\\/index.php\\\/2019\\\/08\\\/16\\\/redrado-denuncio-macri-ordeno-al-central-deje-escapar-dolar\\\/#primaryimage\"},\"thumbnailUrl\":\"https:\\\/\\\/diariotextual.com\\\/inicio\\\/wp-content\\\/uploads\\\/2019\\\/08\\\/redradomartin7.jpg\",\"datePublished\":\"2019-08-16T20:17:18+00:00\",\"dateModified\":\"2019-08-17T12:36:22+00:00\",\"breadcrumb\":{\"@id\":\"https:\\\/\\\/diariotextual.com\\\/inicio\\\/index.php\\\/2019\\\/08\\\/16\\\/redrado-denuncio-macri-ordeno-al-central-deje-escapar-dolar\\\/#breadcrumb\"},\"inLanguage\":\"es\",\"potentialAction\":[{\"@type\":\"ReadAction\",\"target\":[\"https:\\\/\\\/diariotextual.com\\\/inicio\\\/index.php\\\/2019\\\/08\\\/16\\\/redrado-denuncio-macri-ordeno-al-central-deje-escapar-dolar\\\/\"]}]},{\"@type\":\"ImageObject\",\"inLanguage\":\"es\",\"@id\":\"https:\\\/\\\/diariotextual.com\\\/inicio\\\/index.php\\\/2019\\\/08\\\/16\\\/redrado-denuncio-macri-ordeno-al-central-deje-escapar-dolar\\\/#primaryimage\",\"url\":\"https:\\\/\\\/diariotextual.com\\\/inicio\\\/wp-content\\\/uploads\\\/2019\\\/08\\\/redradomartin7.jpg\",\"contentUrl\":\"https:\\\/\\\/diariotextual.com\\\/inicio\\\/wp-content\\\/uploads\\\/2019\\\/08\\\/redradomartin7.jpg\",\"width\":1200,\"height\":675},{\"@type\":\"BreadcrumbList\",\"@id\":\"https:\\\/\\\/diariotextual.com\\\/inicio\\\/index.php\\\/2019\\\/08\\\/16\\\/redrado-denuncio-macri-ordeno-al-central-deje-escapar-dolar\\\/#breadcrumb\",\"itemListElement\":[{\"@type\":\"ListItem\",\"position\":1,\"name\":\"Portada\",\"item\":\"https:\\\/\\\/diariotextual.com\\\/inicio\\\/\"},{\"@type\":\"ListItem\",\"position\":2,\"name\":\"Redrado denunci\u00f3 que Macri orden\u00f3 al Central que deje escapar el d\u00f3lar\"}]},{\"@type\":\"WebSite\",\"@id\":\"https:\\\/\\\/diariotextual.com\\\/inicio\\\/#website\",\"url\":\"https:\\\/\\\/diariotextual.com\\\/inicio\\\/\",\"name\":\"Diario Textual\",\"description\":\"\",\"publisher\":{\"@id\":\"https:\\\/\\\/diariotextual.com\\\/inicio\\\/#organization\"},\"potentialAction\":[{\"@type\":\"SearchAction\",\"target\":{\"@type\":\"EntryPoint\",\"urlTemplate\":\"https:\\\/\\\/diariotextual.com\\\/inicio\\\/?s={search_term_string}\"},\"query-input\":{\"@type\":\"PropertyValueSpecification\",\"valueRequired\":true,\"valueName\":\"search_term_string\"}}],\"inLanguage\":\"es\"},{\"@type\":\"Organization\",\"@id\":\"https:\\\/\\\/diariotextual.com\\\/inicio\\\/#organization\",\"name\":\"Diario Textual\",\"url\":\"https:\\\/\\\/diariotextual.com\\\/inicio\\\/\",\"logo\":{\"@type\":\"ImageObject\",\"inLanguage\":\"es\",\"@id\":\"https:\\\/\\\/diariotextual.com\\\/inicio\\\/#\\\/schema\\\/logo\\\/image\\\/\",\"url\":\"https:\\\/\\\/diariotextual.com\\\/inicio\\\/wp-content\\\/uploads\\\/2023\\\/05\\\/logotextual1.jpg\",\"contentUrl\":\"https:\\\/\\\/diariotextual.com\\\/inicio\\\/wp-content\\\/uploads\\\/2023\\\/05\\\/logotextual1.jpg\",\"width\":516,\"height\":76,\"caption\":\"Diario Textual\"},\"image\":{\"@id\":\"https:\\\/\\\/diariotextual.com\\\/inicio\\\/#\\\/schema\\\/logo\\\/image\\\/\"},\"sameAs\":[\"https:\\\/\\\/www.facebook.com\\\/eltextual\",\"https:\\\/\\\/x.com\\\/eltextual\",\"http:\\\/\\\/www.instagram.com\\\/eltextual\"]},{\"@type\":\"Person\",\"@id\":\"https:\\\/\\\/diariotextual.com\\\/inicio\\\/#\\\/schema\\\/person\\\/418fc4093c33e86ed41562db3508f958\",\"name\":\"Diario1 Diario1\",\"image\":{\"@type\":\"ImageObject\",\"inLanguage\":\"es\",\"@id\":\"https:\\\/\\\/secure.gravatar.com\\\/avatar\\\/9167d280179c85bc18be67aa7eda765854300033af4896dd779b608640f2ef7a?s=96&d=mm&r=g\",\"url\":\"https:\\\/\\\/secure.gravatar.com\\\/avatar\\\/9167d280179c85bc18be67aa7eda765854300033af4896dd779b608640f2ef7a?s=96&d=mm&r=g\",\"contentUrl\":\"https:\\\/\\\/secure.gravatar.com\\\/avatar\\\/9167d280179c85bc18be67aa7eda765854300033af4896dd779b608640f2ef7a?s=96&d=mm&r=g\",\"caption\":\"Diario1 Diario1\"},\"url\":\"https:\\\/\\\/diariotextual.com\\\/inicio\\\/index.php\\\/author\\\/diario1\\\/\"}]}<\/script>\n<!-- \/ Yoast SEO plugin. -->","yoast_head_json":{"title":"Redrado denunci\u00f3 que Macri orden\u00f3 al Central que deje escapar el d\u00f3lar - Diario Textual","robots":{"index":"index","follow":"follow","max-snippet":"max-snippet:-1","max-image-preview":"max-image-preview:large","max-video-preview":"max-video-preview:-1"},"canonical":"https:\/\/diariotextual.com\/inicio\/index.php\/2019\/08\/16\/redrado-denuncio-macri-ordeno-al-central-deje-escapar-dolar\/","og_locale":"es_ES","og_type":"article","og_title":"Redrado denunci\u00f3 que Macri orden\u00f3 al Central que deje escapar el d\u00f3lar - Diario Textual","og_description":"Mart\u00edn Redrado, extitular del Banco Central, confirm\u00f3 que el presidente Mauricio Macri orden\u00f3 a Guido Sandleris \u00absoltar el volante\u00bb y dejar que se concrete la mega devaluaci\u00f3n para tener un&hellip;","og_url":"https:\/\/diariotextual.com\/inicio\/index.php\/2019\/08\/16\/redrado-denuncio-macri-ordeno-al-central-deje-escapar-dolar\/","og_site_name":"Diario Textual","article_publisher":"https:\/\/www.facebook.com\/eltextual","article_published_time":"2019-08-16T20:17:18+00:00","article_modified_time":"2019-08-17T12:36:22+00:00","og_image":[{"width":1200,"height":675,"url":"https:\/\/diariotextual.com\/inicio\/wp-content\/uploads\/2019\/08\/redradomartin7.jpg","type":"image\/jpeg"}],"author":"Diario1 Diario1","twitter_card":"summary_large_image","twitter_creator":"@eltextual","twitter_site":"@eltextual","twitter_misc":{"Escrito por":"Diario1 Diario1","Tiempo de lectura":"2 minutos"},"schema":{"@context":"https:\/\/schema.org","@graph":[{"@type":"Article","@id":"https:\/\/diariotextual.com\/inicio\/index.php\/2019\/08\/16\/redrado-denuncio-macri-ordeno-al-central-deje-escapar-dolar\/#article","isPartOf":{"@id":"https:\/\/diariotextual.com\/inicio\/index.php\/2019\/08\/16\/redrado-denuncio-macri-ordeno-al-central-deje-escapar-dolar\/"},"author":{"name":"Diario1 Diario1","@id":"https:\/\/diariotextual.com\/inicio\/#\/schema\/person\/418fc4093c33e86ed41562db3508f958"},"headline":"Redrado denunci\u00f3 que Macri orden\u00f3 al Central que deje escapar el d\u00f3lar","datePublished":"2019-08-16T20:17:18+00:00","dateModified":"2019-08-17T12:36:22+00:00","mainEntityOfPage":{"@id":"https:\/\/diariotextual.com\/inicio\/index.php\/2019\/08\/16\/redrado-denuncio-macri-ordeno-al-central-deje-escapar-dolar\/"},"wordCount":410,"publisher":{"@id":"https:\/\/diariotextual.com\/inicio\/#organization"},"image":{"@id":"https:\/\/diariotextual.com\/inicio\/index.php\/2019\/08\/16\/redrado-denuncio-macri-ordeno-al-central-deje-escapar-dolar\/#primaryimage"},"thumbnailUrl":"https:\/\/diariotextual.com\/inicio\/wp-content\/uploads\/2019\/08\/redradomartin7.jpg","keywords":["redrado"],"articleSection":["A - QUE PASA (al costado)","A - TEMPORALES","POLITICA"],"inLanguage":"es"},{"@type":"WebPage","@id":"https:\/\/diariotextual.com\/inicio\/index.php\/2019\/08\/16\/redrado-denuncio-macri-ordeno-al-central-deje-escapar-dolar\/","url":"https:\/\/diariotextual.com\/inicio\/index.php\/2019\/08\/16\/redrado-denuncio-macri-ordeno-al-central-deje-escapar-dolar\/","name":"Redrado denunci\u00f3 que Macri orden\u00f3 al Central que deje escapar el d\u00f3lar - Diario Textual","isPartOf":{"@id":"https:\/\/diariotextual.com\/inicio\/#website"},"primaryImageOfPage":{"@id":"https:\/\/diariotextual.com\/inicio\/index.php\/2019\/08\/16\/redrado-denuncio-macri-ordeno-al-central-deje-escapar-dolar\/#primaryimage"},"image":{"@id":"https:\/\/diariotextual.com\/inicio\/index.php\/2019\/08\/16\/redrado-denuncio-macri-ordeno-al-central-deje-escapar-dolar\/#primaryimage"},"thumbnailUrl":"https:\/\/diariotextual.com\/inicio\/wp-content\/uploads\/2019\/08\/redradomartin7.jpg","datePublished":"2019-08-16T20:17:18+00:00","dateModified":"2019-08-17T12:36:22+00:00","breadcrumb":{"@id":"https:\/\/diariotextual.com\/inicio\/index.php\/2019\/08\/16\/redrado-denuncio-macri-ordeno-al-central-deje-escapar-dolar\/#breadcrumb"},"inLanguage":"es","potentialAction":[{"@type":"ReadAction","target":["https:\/\/diariotextual.com\/inicio\/index.php\/2019\/08\/16\/redrado-denuncio-macri-ordeno-al-central-deje-escapar-dolar\/"]}]},{"@type":"ImageObject","inLanguage":"es","@id":"https:\/\/diariotextual.com\/inicio\/index.php\/2019\/08\/16\/redrado-denuncio-macri-ordeno-al-central-deje-escapar-dolar\/#primaryimage","url":"https:\/\/diariotextual.com\/inicio\/wp-content\/uploads\/2019\/08\/redradomartin7.jpg","contentUrl":"https:\/\/diariotextual.com\/inicio\/wp-content\/uploads\/2019\/08\/redradomartin7.jpg","width":1200,"height":675},{"@type":"BreadcrumbList","@id":"https:\/\/diariotextual.com\/inicio\/index.php\/2019\/08\/16\/redrado-denuncio-macri-ordeno-al-central-deje-escapar-dolar\/#breadcrumb","itemListElement":[{"@type":"ListItem","position":1,"name":"Portada","item":"https:\/\/diariotextual.com\/inicio\/"},{"@type":"ListItem","position":2,"name":"Redrado denunci\u00f3 que Macri orden\u00f3 al Central que deje escapar el d\u00f3lar"}]},{"@type":"WebSite","@id":"https:\/\/diariotextual.com\/inicio\/#website","url":"https:\/\/diariotextual.com\/inicio\/","name":"Diario Textual","description":"","publisher":{"@id":"https:\/\/diariotextual.com\/inicio\/#organization"},"potentialAction":[{"@type":"SearchAction","target":{"@type":"EntryPoint","urlTemplate":"https:\/\/diariotextual.com\/inicio\/?s={search_term_string}"},"query-input":{"@type":"PropertyValueSpecification","valueRequired":true,"valueName":"search_term_string"}}],"inLanguage":"es"},{"@type":"Organization","@id":"https:\/\/diariotextual.com\/inicio\/#organization","name":"Diario Textual","url":"https:\/\/diariotextual.com\/inicio\/","logo":{"@type":"ImageObject","inLanguage":"es","@id":"https:\/\/diariotextual.com\/inicio\/#\/schema\/logo\/image\/","url":"https:\/\/diariotextual.com\/inicio\/wp-content\/uploads\/2023\/05\/logotextual1.jpg","contentUrl":"https:\/\/diariotextual.com\/inicio\/wp-content\/uploads\/2023\/05\/logotextual1.jpg","width":516,"height":76,"caption":"Diario Textual"},"image":{"@id":"https:\/\/diariotextual.com\/inicio\/#\/schema\/logo\/image\/"},"sameAs":["https:\/\/www.facebook.com\/eltextual","https:\/\/x.com\/eltextual","http:\/\/www.instagram.com\/eltextual"]},{"@type":"Person","@id":"https:\/\/diariotextual.com\/inicio\/#\/schema\/person\/418fc4093c33e86ed41562db3508f958","name":"Diario1 Diario1","image":{"@type":"ImageObject","inLanguage":"es","@id":"https:\/\/secure.gravatar.com\/avatar\/9167d280179c85bc18be67aa7eda765854300033af4896dd779b608640f2ef7a?s=96&d=mm&r=g","url":"https:\/\/secure.gravatar.com\/avatar\/9167d280179c85bc18be67aa7eda765854300033af4896dd779b608640f2ef7a?s=96&d=mm&r=g","contentUrl":"https:\/\/secure.gravatar.com\/avatar\/9167d280179c85bc18be67aa7eda765854300033af4896dd779b608640f2ef7a?s=96&d=mm&r=g","caption":"Diario1 Diario1"},"url":"https:\/\/diariotextual.com\/inicio\/index.php\/author\/diario1\/"}]}},"_links":{"self":[{"href":"https:\/\/diariotextual.com\/inicio\/index.php\/wp-json\/wp\/v2\/posts\/59800","targetHints":{"allow":["GET"]}}],"collection":[{"href":"https:\/\/diariotextual.com\/inicio\/index.php\/wp-json\/wp\/v2\/posts"}],"about":[{"href":"https:\/\/diariotextual.com\/inicio\/index.php\/wp-json\/wp\/v2\/types\/post"}],"author":[{"embeddable":true,"href":"https:\/\/diariotextual.com\/inicio\/index.php\/wp-json\/wp\/v2\/users\/3"}],"replies":[{"embeddable":true,"href":"https:\/\/diariotextual.com\/inicio\/index.php\/wp-json\/wp\/v2\/comments?post=59800"}],"version-history":[{"count":6,"href":"https:\/\/diariotextual.com\/inicio\/index.php\/wp-json\/wp\/v2\/posts\/59800\/revisions"}],"predecessor-version":[{"id":59807,"href":"https:\/\/diariotextual.com\/inicio\/index.php\/wp-json\/wp\/v2\/posts\/59800\/revisions\/59807"}],"wp:featuredmedia":[{"embeddable":true,"href":"https:\/\/diariotextual.com\/inicio\/index.php\/wp-json\/wp\/v2\/media\/59806"}],"wp:attachment":[{"href":"https:\/\/diariotextual.com\/inicio\/index.php\/wp-json\/wp\/v2\/media?parent=59800"}],"wp:term":[{"taxonomy":"category","embeddable":true,"href":"https:\/\/diariotextual.com\/inicio\/index.php\/wp-json\/wp\/v2\/categories?post=59800"},{"taxonomy":"post_tag","embeddable":true,"href":"https:\/\/diariotextual.com\/inicio\/index.php\/wp-json\/wp\/v2\/tags?post=59800"}],"curies":[{"name":"wp","href":"https:\/\/api.w.org\/{rel}","templated":true}]}}