{"id":59828,"date":"2019-08-17T08:12:26","date_gmt":"2019-08-17T11:12:26","guid":{"rendered":"http:\/\/diariotextual.com\/inicio\/?p=59828"},"modified":"2019-08-18T10:49:27","modified_gmt":"2019-08-18T13:49:27","slug":"verna-alerta-paquete-macri-le-quita-la-pampa-unos-750-millones","status":"publish","type":"post","link":"https:\/\/diariotextual.com\/inicio\/index.php\/2019\/08\/17\/verna-alerta-paquete-macri-le-quita-la-pampa-unos-750-millones\/","title":{"rendered":"Verna en alerta: el paquete de Macri le quita a La Pampa entre $750 millones y $1000 millones"},"content":{"rendered":"<p>El fr\u00e1gil clima de acercamiento entre el Gobierno y la oposici\u00f3n que se vivi\u00f3 este mi\u00e9rcoles luego que hablaran por tel\u00e9fono Mauricio Macri y Alberto Fern\u00e1ndez, vol\u00f3 por el aire ante el inconsulto paquete de medidas impositivas que lanz\u00f3 la Casa Rosada, que afectan las finanzas provinciales. Los gobernadores, entre ellos el pampeano Carlos Verna, est\u00e1n molestos: solo a La Pampa se estima que <strong>esas medidas le quitar\u00e1n de ac\u00e1 a diciembre entre 750 millones y 1000 millones de pesos<\/strong> por menos recaudaci\u00f3n y distribuci\u00f3n de la coparticipaci\u00f3n federal, estim\u00f3 el subsecretario Guido Bisterfeld a<strong> Diario Textual.<\/strong><\/p>\n<p>Es que<strong> las bajas del IVA a alimentos<\/strong> y <strong>la suba de los m\u00ednimos no imponibles a Ganancias<\/strong> merman la recaudaci\u00f3n de impuestos que en parte se distribuyen en las provincias y as\u00ed se asfixian las finanzas locales, en plena \u00e9poca de recesi\u00f3n. <strong>El mayor impacto, para La Pampa, ser\u00e1 por los cambios en Ganancias.<\/strong><\/p>\n<p>El monto es significativo para las finanzas provinciales. Por mes, nuestra provincia percibe aproximadamente -dependiendo de la recaudaci\u00f3n- unos 3 mil millones de pesos de coparticipaci\u00f3n.<\/p>\n<p>En un tuit, <strong>Alberto Fern\u00e1ndez calcul\u00f3 una p\u00e9rdida estimada en las provincias de 1500 millones de d\u00f3lares, o sea, 87 mil millones de pesos a la cotizaci\u00f3n de la divisa de este viernes.<\/strong><\/p>\n<p>\u00ab<strong>No parece razonable reducir el IVA indiscriminadamente<\/strong> como se ha hecho. Ello<strong> no redundar\u00e1 en una merma de los precios<\/strong>. Seguramente se convertir\u00e1 en una ganancia adicional para las empresas. Hubiera sido mejor devolver el IVA a los sectores m\u00e1s postergados\u00bb, fue otro de sus posteos y propuso una devoluci\u00f3n de impuestos directa a los consumidores.<\/p>\n<p>Buenos Aires, gobernadada por la oficialista Mar\u00eda Eugenia Vidal, ser\u00eda una de las provincias m\u00e1s afectadas y seg\u00fan c\u00e1lculos preliminares podr\u00eda perder hasta 20 mil millones.<\/p>\n<p>&nbsp;<\/p>\n<p>&nbsp;<\/p>\n<p>&nbsp;<\/p>\n<p>&nbsp;<\/p>\n<p>&nbsp;<\/p>\n","protected":false},"excerpt":{"rendered":"<p>El fr\u00e1gil clima de acercamiento entre el Gobierno y la oposici\u00f3n que se vivi\u00f3 este mi\u00e9rcoles luego que hablaran por tel\u00e9fono Mauricio Macri y Alberto Fern\u00e1ndez, vol\u00f3 por el aire&hellip;<\/p>\n","protected":false},"author":3,"featured_media":52929,"comment_status":"closed","ping_status":"open","sticky":false,"template":"","format":"standard","meta":{"_acf_changed":false,"footnotes":""},"categories":[319,5],"tags":[1380,19],"class_list":["post-59828","post","type-post","status-publish","format-standard","has-post-thumbnail","hentry","category-a-temporales","category-economia","tag-coparticipacion","tag-verna"],"acf":[],"yoast_head":"<!-- This site is optimized with the Yoast SEO plugin v27.5 - https:\/\/yoast.com\/product\/yoast-seo-wordpress\/ -->\n<title>Verna en alerta: el paquete de Macri le quita a La Pampa entre $750 millones y $1000 millones - Diario Textual<\/title>\n<meta name=\"robots\" content=\"index, follow, max-snippet:-1, max-image-preview:large, max-video-preview:-1\" \/>\n<link rel=\"canonical\" href=\"https:\/\/diariotextual.com\/inicio\/index.php\/2019\/08\/17\/verna-alerta-paquete-macri-le-quita-la-pampa-unos-750-millones\/\" \/>\n<meta property=\"og:locale\" content=\"es_ES\" \/>\n<meta property=\"og:type\" content=\"article\" \/>\n<meta property=\"og:title\" content=\"Verna en alerta: el paquete de Macri le quita a La Pampa entre $750 millones y $1000 millones - Diario Textual\" \/>\n<meta property=\"og:description\" content=\"El fr\u00e1gil clima de acercamiento entre el Gobierno y la oposici\u00f3n que se vivi\u00f3 este mi\u00e9rcoles luego que hablaran por tel\u00e9fono Mauricio Macri y Alberto Fern\u00e1ndez, vol\u00f3 por el aire&hellip;\" \/>\n<meta property=\"og:url\" content=\"https:\/\/diariotextual.com\/inicio\/index.php\/2019\/08\/17\/verna-alerta-paquete-macri-le-quita-la-pampa-unos-750-millones\/\" \/>\n<meta property=\"og:site_name\" content=\"Diario Textual\" \/>\n<meta property=\"article:publisher\" content=\"https:\/\/www.facebook.com\/eltextual\" \/>\n<meta property=\"article:published_time\" content=\"2019-08-17T11:12:26+00:00\" \/>\n<meta property=\"article:modified_time\" content=\"2019-08-18T13:49:27+00:00\" \/>\n<meta property=\"og:image\" content=\"https:\/\/diariotextual.com\/inicio\/wp-content\/uploads\/2019\/06\/vernacarlos999911111.jpg\" \/>\n\t<meta property=\"og:image:width\" content=\"650\" \/>\n\t<meta property=\"og:image:height\" content=\"366\" \/>\n\t<meta property=\"og:image:type\" content=\"image\/jpeg\" \/>\n<meta name=\"author\" content=\"Diario1 Diario1\" \/>\n<meta name=\"twitter:card\" content=\"summary_large_image\" \/>\n<meta name=\"twitter:creator\" content=\"@eltextual\" \/>\n<meta name=\"twitter:site\" content=\"@eltextual\" \/>\n<meta name=\"twitter:label1\" content=\"Escrito por\" \/>\n\t<meta name=\"twitter:data1\" content=\"Diario1 Diario1\" \/>\n\t<meta name=\"twitter:label2\" content=\"Tiempo de lectura\" \/>\n\t<meta name=\"twitter:data2\" content=\"2 minutos\" \/>\n<script type=\"application\/ld+json\" class=\"yoast-schema-graph\">{\"@context\":\"https:\\\/\\\/schema.org\",\"@graph\":[{\"@type\":\"Article\",\"@id\":\"https:\\\/\\\/diariotextual.com\\\/inicio\\\/index.php\\\/2019\\\/08\\\/17\\\/verna-alerta-paquete-macri-le-quita-la-pampa-unos-750-millones\\\/#article\",\"isPartOf\":{\"@id\":\"https:\\\/\\\/diariotextual.com\\\/inicio\\\/index.php\\\/2019\\\/08\\\/17\\\/verna-alerta-paquete-macri-le-quita-la-pampa-unos-750-millones\\\/\"},\"author\":{\"name\":\"Diario1 Diario1\",\"@id\":\"https:\\\/\\\/diariotextual.com\\\/inicio\\\/#\\\/schema\\\/person\\\/418fc4093c33e86ed41562db3508f958\"},\"headline\":\"Verna en alerta: el paquete de Macri le quita a La Pampa entre $750 millones y $1000 millones\",\"datePublished\":\"2019-08-17T11:12:26+00:00\",\"dateModified\":\"2019-08-18T13:49:27+00:00\",\"mainEntityOfPage\":{\"@id\":\"https:\\\/\\\/diariotextual.com\\\/inicio\\\/index.php\\\/2019\\\/08\\\/17\\\/verna-alerta-paquete-macri-le-quita-la-pampa-unos-750-millones\\\/\"},\"wordCount\":335,\"publisher\":{\"@id\":\"https:\\\/\\\/diariotextual.com\\\/inicio\\\/#organization\"},\"image\":{\"@id\":\"https:\\\/\\\/diariotextual.com\\\/inicio\\\/index.php\\\/2019\\\/08\\\/17\\\/verna-alerta-paquete-macri-le-quita-la-pampa-unos-750-millones\\\/#primaryimage\"},\"thumbnailUrl\":\"https:\\\/\\\/diariotextual.com\\\/inicio\\\/wp-content\\\/uploads\\\/2019\\\/06\\\/vernacarlos999911111.jpg\",\"keywords\":[\"coparticipacion\",\"verna\"],\"articleSection\":[\"A - TEMPORALES\",\"ECONOMIA\"],\"inLanguage\":\"es\"},{\"@type\":\"WebPage\",\"@id\":\"https:\\\/\\\/diariotextual.com\\\/inicio\\\/index.php\\\/2019\\\/08\\\/17\\\/verna-alerta-paquete-macri-le-quita-la-pampa-unos-750-millones\\\/\",\"url\":\"https:\\\/\\\/diariotextual.com\\\/inicio\\\/index.php\\\/2019\\\/08\\\/17\\\/verna-alerta-paquete-macri-le-quita-la-pampa-unos-750-millones\\\/\",\"name\":\"Verna en alerta: el paquete de Macri le quita a La Pampa entre $750 millones y $1000 millones - Diario Textual\",\"isPartOf\":{\"@id\":\"https:\\\/\\\/diariotextual.com\\\/inicio\\\/#website\"},\"primaryImageOfPage\":{\"@id\":\"https:\\\/\\\/diariotextual.com\\\/inicio\\\/index.php\\\/2019\\\/08\\\/17\\\/verna-alerta-paquete-macri-le-quita-la-pampa-unos-750-millones\\\/#primaryimage\"},\"image\":{\"@id\":\"https:\\\/\\\/diariotextual.com\\\/inicio\\\/index.php\\\/2019\\\/08\\\/17\\\/verna-alerta-paquete-macri-le-quita-la-pampa-unos-750-millones\\\/#primaryimage\"},\"thumbnailUrl\":\"https:\\\/\\\/diariotextual.com\\\/inicio\\\/wp-content\\\/uploads\\\/2019\\\/06\\\/vernacarlos999911111.jpg\",\"datePublished\":\"2019-08-17T11:12:26+00:00\",\"dateModified\":\"2019-08-18T13:49:27+00:00\",\"breadcrumb\":{\"@id\":\"https:\\\/\\\/diariotextual.com\\\/inicio\\\/index.php\\\/2019\\\/08\\\/17\\\/verna-alerta-paquete-macri-le-quita-la-pampa-unos-750-millones\\\/#breadcrumb\"},\"inLanguage\":\"es\",\"potentialAction\":[{\"@type\":\"ReadAction\",\"target\":[\"https:\\\/\\\/diariotextual.com\\\/inicio\\\/index.php\\\/2019\\\/08\\\/17\\\/verna-alerta-paquete-macri-le-quita-la-pampa-unos-750-millones\\\/\"]}]},{\"@type\":\"ImageObject\",\"inLanguage\":\"es\",\"@id\":\"https:\\\/\\\/diariotextual.com\\\/inicio\\\/index.php\\\/2019\\\/08\\\/17\\\/verna-alerta-paquete-macri-le-quita-la-pampa-unos-750-millones\\\/#primaryimage\",\"url\":\"https:\\\/\\\/diariotextual.com\\\/inicio\\\/wp-content\\\/uploads\\\/2019\\\/06\\\/vernacarlos999911111.jpg\",\"contentUrl\":\"https:\\\/\\\/diariotextual.com\\\/inicio\\\/wp-content\\\/uploads\\\/2019\\\/06\\\/vernacarlos999911111.jpg\",\"width\":650,\"height\":366},{\"@type\":\"BreadcrumbList\",\"@id\":\"https:\\\/\\\/diariotextual.com\\\/inicio\\\/index.php\\\/2019\\\/08\\\/17\\\/verna-alerta-paquete-macri-le-quita-la-pampa-unos-750-millones\\\/#breadcrumb\",\"itemListElement\":[{\"@type\":\"ListItem\",\"position\":1,\"name\":\"Portada\",\"item\":\"https:\\\/\\\/diariotextual.com\\\/inicio\\\/\"},{\"@type\":\"ListItem\",\"position\":2,\"name\":\"Verna en alerta: el paquete de Macri le quita a La Pampa entre $750 millones y $1000 millones\"}]},{\"@type\":\"WebSite\",\"@id\":\"https:\\\/\\\/diariotextual.com\\\/inicio\\\/#website\",\"url\":\"https:\\\/\\\/diariotextual.com\\\/inicio\\\/\",\"name\":\"Diario Textual\",\"description\":\"\",\"publisher\":{\"@id\":\"https:\\\/\\\/diariotextual.com\\\/inicio\\\/#organization\"},\"potentialAction\":[{\"@type\":\"SearchAction\",\"target\":{\"@type\":\"EntryPoint\",\"urlTemplate\":\"https:\\\/\\\/diariotextual.com\\\/inicio\\\/?s={search_term_string}\"},\"query-input\":{\"@type\":\"PropertyValueSpecification\",\"valueRequired\":true,\"valueName\":\"search_term_string\"}}],\"inLanguage\":\"es\"},{\"@type\":\"Organization\",\"@id\":\"https:\\\/\\\/diariotextual.com\\\/inicio\\\/#organization\",\"name\":\"Diario Textual\",\"url\":\"https:\\\/\\\/diariotextual.com\\\/inicio\\\/\",\"logo\":{\"@type\":\"ImageObject\",\"inLanguage\":\"es\",\"@id\":\"https:\\\/\\\/diariotextual.com\\\/inicio\\\/#\\\/schema\\\/logo\\\/image\\\/\",\"url\":\"https:\\\/\\\/diariotextual.com\\\/inicio\\\/wp-content\\\/uploads\\\/2023\\\/05\\\/logotextual1.jpg\",\"contentUrl\":\"https:\\\/\\\/diariotextual.com\\\/inicio\\\/wp-content\\\/uploads\\\/2023\\\/05\\\/logotextual1.jpg\",\"width\":516,\"height\":76,\"caption\":\"Diario Textual\"},\"image\":{\"@id\":\"https:\\\/\\\/diariotextual.com\\\/inicio\\\/#\\\/schema\\\/logo\\\/image\\\/\"},\"sameAs\":[\"https:\\\/\\\/www.facebook.com\\\/eltextual\",\"https:\\\/\\\/x.com\\\/eltextual\",\"http:\\\/\\\/www.instagram.com\\\/eltextual\"]},{\"@type\":\"Person\",\"@id\":\"https:\\\/\\\/diariotextual.com\\\/inicio\\\/#\\\/schema\\\/person\\\/418fc4093c33e86ed41562db3508f958\",\"name\":\"Diario1 Diario1\",\"image\":{\"@type\":\"ImageObject\",\"inLanguage\":\"es\",\"@id\":\"https:\\\/\\\/secure.gravatar.com\\\/avatar\\\/9167d280179c85bc18be67aa7eda765854300033af4896dd779b608640f2ef7a?s=96&d=mm&r=g\",\"url\":\"https:\\\/\\\/secure.gravatar.com\\\/avatar\\\/9167d280179c85bc18be67aa7eda765854300033af4896dd779b608640f2ef7a?s=96&d=mm&r=g\",\"contentUrl\":\"https:\\\/\\\/secure.gravatar.com\\\/avatar\\\/9167d280179c85bc18be67aa7eda765854300033af4896dd779b608640f2ef7a?s=96&d=mm&r=g\",\"caption\":\"Diario1 Diario1\"},\"url\":\"https:\\\/\\\/diariotextual.com\\\/inicio\\\/index.php\\\/author\\\/diario1\\\/\"}]}<\/script>\n<!-- \/ Yoast SEO plugin. -->","yoast_head_json":{"title":"Verna en alerta: el paquete de Macri le quita a La Pampa entre $750 millones y $1000 millones - Diario Textual","robots":{"index":"index","follow":"follow","max-snippet":"max-snippet:-1","max-image-preview":"max-image-preview:large","max-video-preview":"max-video-preview:-1"},"canonical":"https:\/\/diariotextual.com\/inicio\/index.php\/2019\/08\/17\/verna-alerta-paquete-macri-le-quita-la-pampa-unos-750-millones\/","og_locale":"es_ES","og_type":"article","og_title":"Verna en alerta: el paquete de Macri le quita a La Pampa entre $750 millones y $1000 millones - Diario Textual","og_description":"El fr\u00e1gil clima de acercamiento entre el Gobierno y la oposici\u00f3n que se vivi\u00f3 este mi\u00e9rcoles luego que hablaran por tel\u00e9fono Mauricio Macri y Alberto Fern\u00e1ndez, vol\u00f3 por el aire&hellip;","og_url":"https:\/\/diariotextual.com\/inicio\/index.php\/2019\/08\/17\/verna-alerta-paquete-macri-le-quita-la-pampa-unos-750-millones\/","og_site_name":"Diario Textual","article_publisher":"https:\/\/www.facebook.com\/eltextual","article_published_time":"2019-08-17T11:12:26+00:00","article_modified_time":"2019-08-18T13:49:27+00:00","og_image":[{"width":650,"height":366,"url":"https:\/\/diariotextual.com\/inicio\/wp-content\/uploads\/2019\/06\/vernacarlos999911111.jpg","type":"image\/jpeg"}],"author":"Diario1 Diario1","twitter_card":"summary_large_image","twitter_creator":"@eltextual","twitter_site":"@eltextual","twitter_misc":{"Escrito por":"Diario1 Diario1","Tiempo de lectura":"2 minutos"},"schema":{"@context":"https:\/\/schema.org","@graph":[{"@type":"Article","@id":"https:\/\/diariotextual.com\/inicio\/index.php\/2019\/08\/17\/verna-alerta-paquete-macri-le-quita-la-pampa-unos-750-millones\/#article","isPartOf":{"@id":"https:\/\/diariotextual.com\/inicio\/index.php\/2019\/08\/17\/verna-alerta-paquete-macri-le-quita-la-pampa-unos-750-millones\/"},"author":{"name":"Diario1 Diario1","@id":"https:\/\/diariotextual.com\/inicio\/#\/schema\/person\/418fc4093c33e86ed41562db3508f958"},"headline":"Verna en alerta: el paquete de Macri le quita a La Pampa entre $750 millones y $1000 millones","datePublished":"2019-08-17T11:12:26+00:00","dateModified":"2019-08-18T13:49:27+00:00","mainEntityOfPage":{"@id":"https:\/\/diariotextual.com\/inicio\/index.php\/2019\/08\/17\/verna-alerta-paquete-macri-le-quita-la-pampa-unos-750-millones\/"},"wordCount":335,"publisher":{"@id":"https:\/\/diariotextual.com\/inicio\/#organization"},"image":{"@id":"https:\/\/diariotextual.com\/inicio\/index.php\/2019\/08\/17\/verna-alerta-paquete-macri-le-quita-la-pampa-unos-750-millones\/#primaryimage"},"thumbnailUrl":"https:\/\/diariotextual.com\/inicio\/wp-content\/uploads\/2019\/06\/vernacarlos999911111.jpg","keywords":["coparticipacion","verna"],"articleSection":["A - TEMPORALES","ECONOMIA"],"inLanguage":"es"},{"@type":"WebPage","@id":"https:\/\/diariotextual.com\/inicio\/index.php\/2019\/08\/17\/verna-alerta-paquete-macri-le-quita-la-pampa-unos-750-millones\/","url":"https:\/\/diariotextual.com\/inicio\/index.php\/2019\/08\/17\/verna-alerta-paquete-macri-le-quita-la-pampa-unos-750-millones\/","name":"Verna en alerta: el paquete de Macri le quita a La Pampa entre $750 millones y $1000 millones - Diario Textual","isPartOf":{"@id":"https:\/\/diariotextual.com\/inicio\/#website"},"primaryImageOfPage":{"@id":"https:\/\/diariotextual.com\/inicio\/index.php\/2019\/08\/17\/verna-alerta-paquete-macri-le-quita-la-pampa-unos-750-millones\/#primaryimage"},"image":{"@id":"https:\/\/diariotextual.com\/inicio\/index.php\/2019\/08\/17\/verna-alerta-paquete-macri-le-quita-la-pampa-unos-750-millones\/#primaryimage"},"thumbnailUrl":"https:\/\/diariotextual.com\/inicio\/wp-content\/uploads\/2019\/06\/vernacarlos999911111.jpg","datePublished":"2019-08-17T11:12:26+00:00","dateModified":"2019-08-18T13:49:27+00:00","breadcrumb":{"@id":"https:\/\/diariotextual.com\/inicio\/index.php\/2019\/08\/17\/verna-alerta-paquete-macri-le-quita-la-pampa-unos-750-millones\/#breadcrumb"},"inLanguage":"es","potentialAction":[{"@type":"ReadAction","target":["https:\/\/diariotextual.com\/inicio\/index.php\/2019\/08\/17\/verna-alerta-paquete-macri-le-quita-la-pampa-unos-750-millones\/"]}]},{"@type":"ImageObject","inLanguage":"es","@id":"https:\/\/diariotextual.com\/inicio\/index.php\/2019\/08\/17\/verna-alerta-paquete-macri-le-quita-la-pampa-unos-750-millones\/#primaryimage","url":"https:\/\/diariotextual.com\/inicio\/wp-content\/uploads\/2019\/06\/vernacarlos999911111.jpg","contentUrl":"https:\/\/diariotextual.com\/inicio\/wp-content\/uploads\/2019\/06\/vernacarlos999911111.jpg","width":650,"height":366},{"@type":"BreadcrumbList","@id":"https:\/\/diariotextual.com\/inicio\/index.php\/2019\/08\/17\/verna-alerta-paquete-macri-le-quita-la-pampa-unos-750-millones\/#breadcrumb","itemListElement":[{"@type":"ListItem","position":1,"name":"Portada","item":"https:\/\/diariotextual.com\/inicio\/"},{"@type":"ListItem","position":2,"name":"Verna en alerta: el paquete de Macri le quita a La Pampa entre $750 millones y $1000 millones"}]},{"@type":"WebSite","@id":"https:\/\/diariotextual.com\/inicio\/#website","url":"https:\/\/diariotextual.com\/inicio\/","name":"Diario Textual","description":"","publisher":{"@id":"https:\/\/diariotextual.com\/inicio\/#organization"},"potentialAction":[{"@type":"SearchAction","target":{"@type":"EntryPoint","urlTemplate":"https:\/\/diariotextual.com\/inicio\/?s={search_term_string}"},"query-input":{"@type":"PropertyValueSpecification","valueRequired":true,"valueName":"search_term_string"}}],"inLanguage":"es"},{"@type":"Organization","@id":"https:\/\/diariotextual.com\/inicio\/#organization","name":"Diario Textual","url":"https:\/\/diariotextual.com\/inicio\/","logo":{"@type":"ImageObject","inLanguage":"es","@id":"https:\/\/diariotextual.com\/inicio\/#\/schema\/logo\/image\/","url":"https:\/\/diariotextual.com\/inicio\/wp-content\/uploads\/2023\/05\/logotextual1.jpg","contentUrl":"https:\/\/diariotextual.com\/inicio\/wp-content\/uploads\/2023\/05\/logotextual1.jpg","width":516,"height":76,"caption":"Diario Textual"},"image":{"@id":"https:\/\/diariotextual.com\/inicio\/#\/schema\/logo\/image\/"},"sameAs":["https:\/\/www.facebook.com\/eltextual","https:\/\/x.com\/eltextual","http:\/\/www.instagram.com\/eltextual"]},{"@type":"Person","@id":"https:\/\/diariotextual.com\/inicio\/#\/schema\/person\/418fc4093c33e86ed41562db3508f958","name":"Diario1 Diario1","image":{"@type":"ImageObject","inLanguage":"es","@id":"https:\/\/secure.gravatar.com\/avatar\/9167d280179c85bc18be67aa7eda765854300033af4896dd779b608640f2ef7a?s=96&d=mm&r=g","url":"https:\/\/secure.gravatar.com\/avatar\/9167d280179c85bc18be67aa7eda765854300033af4896dd779b608640f2ef7a?s=96&d=mm&r=g","contentUrl":"https:\/\/secure.gravatar.com\/avatar\/9167d280179c85bc18be67aa7eda765854300033af4896dd779b608640f2ef7a?s=96&d=mm&r=g","caption":"Diario1 Diario1"},"url":"https:\/\/diariotextual.com\/inicio\/index.php\/author\/diario1\/"}]}},"_links":{"self":[{"href":"https:\/\/diariotextual.com\/inicio\/index.php\/wp-json\/wp\/v2\/posts\/59828","targetHints":{"allow":["GET"]}}],"collection":[{"href":"https:\/\/diariotextual.com\/inicio\/index.php\/wp-json\/wp\/v2\/posts"}],"about":[{"href":"https:\/\/diariotextual.com\/inicio\/index.php\/wp-json\/wp\/v2\/types\/post"}],"author":[{"embeddable":true,"href":"https:\/\/diariotextual.com\/inicio\/index.php\/wp-json\/wp\/v2\/users\/3"}],"replies":[{"embeddable":true,"href":"https:\/\/diariotextual.com\/inicio\/index.php\/wp-json\/wp\/v2\/comments?post=59828"}],"version-history":[{"count":6,"href":"https:\/\/diariotextual.com\/inicio\/index.php\/wp-json\/wp\/v2\/posts\/59828\/revisions"}],"predecessor-version":[{"id":59845,"href":"https:\/\/diariotextual.com\/inicio\/index.php\/wp-json\/wp\/v2\/posts\/59828\/revisions\/59845"}],"wp:featuredmedia":[{"embeddable":true,"href":"https:\/\/diariotextual.com\/inicio\/index.php\/wp-json\/wp\/v2\/media\/52929"}],"wp:attachment":[{"href":"https:\/\/diariotextual.com\/inicio\/index.php\/wp-json\/wp\/v2\/media?parent=59828"}],"wp:term":[{"taxonomy":"category","embeddable":true,"href":"https:\/\/diariotextual.com\/inicio\/index.php\/wp-json\/wp\/v2\/categories?post=59828"},{"taxonomy":"post_tag","embeddable":true,"href":"https:\/\/diariotextual.com\/inicio\/index.php\/wp-json\/wp\/v2\/tags?post=59828"}],"curies":[{"name":"wp","href":"https:\/\/api.w.org\/{rel}","templated":true}]}}