{"id":59841,"date":"2019-08-17T09:36:00","date_gmt":"2019-08-17T12:36:00","guid":{"rendered":"http:\/\/diariotextual.com\/inicio\/?p=59841"},"modified":"2019-08-17T15:02:39","modified_gmt":"2019-08-17T18:02:39","slug":"margarita-barrientos-mucha-gente-queria-macri-ya-no-lo-quiere","status":"publish","type":"post","link":"https:\/\/diariotextual.com\/inicio\/index.php\/2019\/08\/17\/margarita-barrientos-mucha-gente-queria-macri-ya-no-lo-quiere\/","title":{"rendered":"Margarita Barrientos: \u00abMucha gente que quer\u00eda a Macri ya no lo quiere\u00bb"},"content":{"rendered":"<p style=\"text-align: justify; line-height: 20.4pt; background: white; vertical-align: baseline; box-sizing: border-box; word-break: break-word; font-variant-ligatures: normal; font-variant-caps: normal; orphans: 2; widows: 2; -webkit-text-stroke-width: 0px; text-decoration-style: initial; text-decoration-color: initial; word-spacing: 0px; margin: 7.5pt 0cm 30.0pt 0cm;\">La referente del comedor Los Piletones, <strong>Margarita Barrientos<\/strong>, afirm\u00f3 que las medidas econ\u00f3micas implementadas por el gobierno nacional tras las PASO del domingo, \u201cllegaron demasiado tarde\u201d y consider\u00f3 que el \u201cpeor error\u201d del presidente Mauricio Macri fue \u201cno trabajar con la gente\u201d y no escucharlos.<\/p>\n<p style=\"text-align: justify; line-height: 20.4pt; background: white; vertical-align: baseline; box-sizing: border-box; word-break: break-word; font-variant-ligatures: normal; font-variant-caps: normal; orphans: 2; widows: 2; -webkit-text-stroke-width: 0px; text-decoration-style: initial; text-decoration-color: initial; word-spacing: 0px; margin: 7.5pt 0cm 30.0pt 0cm;\">\u201c<strong>Mucha gente que quer\u00eda a Macri ya no lo quiere<\/strong>, lo dejaron de apoyar por la situaci\u00f3n econ\u00f3mica, que est\u00e1 mucho peor\u201d, dijo Barrientos en di\u00e1logo con FM Futurock desde A\u00f1atuya, Santiago del Estero.<\/p>\n<p style=\"text-align: justify; line-height: 20.4pt; background: white; vertical-align: baseline; box-sizing: border-box; word-break: break-word; font-variant-ligatures: normal; font-variant-caps: normal; orphans: 2; widows: 2; -webkit-text-stroke-width: 0px; text-decoration-style: initial; text-decoration-color: initial; word-spacing: 0px; margin: 7.5pt 0cm 30.0pt 0cm;\">La responsable del comedor Los Piletones y una de las figuras emblem\u00e1ticas de la asistencia social macrista estim\u00f3 que\u00a0<b>al oficialismo le ser\u00e1 \u201cmuy dif\u00edcil\u201d revertir el resultado de las PASO<\/b>\u00a0y calific\u00f3 al candidato del Frente de Todos, Alberto Fern\u00e1ndez, como una persona \u201crazonable\u201d.<\/p>\n<p><b>\u201cSiempre confi\u00e9 en esto, pero la situaci\u00f3n no es la que uno esperaba<\/b>\u201d, reconoci\u00f3 Barrientos a\u00fan \u201csorprendida\u201d por el duro rev\u00e9s que recibi\u00f3 la fuerza pol\u00edtica a la que todav\u00eda dice apoyar. Para ella, \u201cel peor error\u201d que cometi\u00f3 el Macri \u201cfue no trabajar con la gente\u201d y ese es el motivo por el cual le ser\u00e1 \u201cmuy dif\u00edcil\u201d revertir la diferencia de 15 puntos con que lo aventaj\u00f3 Fern\u00e1ndez. \u201cNo s\u00e9 si (ese resultado) se pueda cambiar, eso lo dir\u00e1 el pueblo, la gente\u201d, agreg\u00f3.<\/p>\n<p>Durante una entrevista radial por Futurock, la referente social del macrismo neg\u00f3 que haya tomado distancia del Presidente y hasta ratific\u00f3 que \u201cvoy a seguir hasta el \u00faltimo d\u00eda con \u00e9l\u201d. No obstante, lo cuestion\u00f3. Dijo que una de las cuestiones que afectan al jefe de Estado es escuchar a su entorno en vez de \u201cde creer en la gente\u201d.<\/p>\n<p>\u201cUna vez le dije que hab\u00eda mucha gente que lo quer\u00eda y que ten\u00eda que creer en la gente, no en su alrededor\u201d, indic\u00f3 y, de paso, cuestion\u00f3 al jefe de Estado por la conferencia del martes pasado, en que el que responsabiliz\u00f3 de la crisis financiera al modo en que vot\u00f3 la ciudadan\u00eda. \u201cMe pareci\u00f3 mal\u201d, indic\u00f3, porque\u00a0<b>\u201cla gente piensa por s\u00ed misma y elige<\/b>\u201d.<\/p>\n<p>Por otra parte, Barrientos record\u00f3 que una vez en un canal de televisi\u00f3n se cruz\u00f3 con Alberto Fern\u00e1ndez. \u201cConversamos de pasada y me pareci\u00f3 una persona razonable, e incluso me dijo que sab\u00eda de mi trabajo y me felicit\u00f3\u201d, se\u00f1al\u00f3 y coment\u00f3 que si \u00e9l gana los comicios generales de octubre y se convierte en el pr\u00f3ximo presidente de los argentinos \u00abojal\u00e1 que todo sea distinto\u00bb.<\/p>\n<p>No obstante, aclar\u00f3 que ella va a \u201cseguir con Macri hasta el \u00faltimo d\u00eda\u201d pero puntualiz\u00f3 que \u201clo \u00fanico que espero de los gobiernos, sea cual sea, es que apoye mi trabajo con la gente. Lo que nosotros hacemos en los comedores lo hacemos con mucho sacrificio\u201d.<\/p>\n<p>&nbsp;<\/p>\n<p>&nbsp;<\/p>\n<p>&nbsp;<\/p>\n","protected":false},"excerpt":{"rendered":"<p>La referente del comedor Los Piletones, Margarita Barrientos, afirm\u00f3 que las medidas econ\u00f3micas implementadas por el gobierno nacional tras las PASO del domingo, \u201cllegaron demasiado tarde\u201d y consider\u00f3 que el&hellip;<\/p>\n","protected":false},"author":3,"featured_media":19232,"comment_status":"closed","ping_status":"open","sticky":false,"template":"","format":"standard","meta":{"_acf_changed":false,"footnotes":""},"categories":[11,319,12],"tags":[2188,120,2187],"class_list":["post-59841","post","type-post","status-publish","format-standard","has-post-thumbnail","hentry","category-que-pasa","category-a-temporales","category-sociedad","tag-barrientos","tag-macri","tag-margarita"],"acf":[],"yoast_head":"<!-- This site is optimized with the Yoast SEO plugin v27.5 - https:\/\/yoast.com\/product\/yoast-seo-wordpress\/ -->\n<title>Margarita Barrientos: &quot;Mucha gente que quer\u00eda a Macri ya no lo quiere&quot; - Diario Textual<\/title>\n<meta name=\"robots\" content=\"index, follow, max-snippet:-1, max-image-preview:large, max-video-preview:-1\" \/>\n<link rel=\"canonical\" href=\"https:\/\/diariotextual.com\/inicio\/index.php\/2019\/08\/17\/margarita-barrientos-mucha-gente-queria-macri-ya-no-lo-quiere\/\" \/>\n<meta property=\"og:locale\" content=\"es_ES\" \/>\n<meta property=\"og:type\" content=\"article\" \/>\n<meta property=\"og:title\" content=\"Margarita Barrientos: &quot;Mucha gente que quer\u00eda a Macri ya no lo quiere&quot; - Diario Textual\" \/>\n<meta property=\"og:description\" content=\"La referente del comedor Los Piletones, Margarita Barrientos, afirm\u00f3 que las medidas econ\u00f3micas implementadas por el gobierno nacional tras las PASO del domingo, \u201cllegaron demasiado tarde\u201d y consider\u00f3 que el&hellip;\" \/>\n<meta property=\"og:url\" content=\"https:\/\/diariotextual.com\/inicio\/index.php\/2019\/08\/17\/margarita-barrientos-mucha-gente-queria-macri-ya-no-lo-quiere\/\" \/>\n<meta property=\"og:site_name\" content=\"Diario Textual\" \/>\n<meta property=\"article:publisher\" content=\"https:\/\/www.facebook.com\/eltextual\" \/>\n<meta property=\"article:published_time\" content=\"2019-08-17T12:36:00+00:00\" \/>\n<meta property=\"article:modified_time\" content=\"2019-08-17T18:02:39+00:00\" \/>\n<meta property=\"og:image\" content=\"https:\/\/diariotextual.com\/inicio\/wp-content\/uploads\/2018\/09\/barrientosmargarita1.jpg\" \/>\n\t<meta property=\"og:image:width\" content=\"917\" \/>\n\t<meta property=\"og:image:height\" content=\"618\" \/>\n\t<meta property=\"og:image:type\" content=\"image\/jpeg\" \/>\n<meta name=\"author\" content=\"Diario1 Diario1\" \/>\n<meta name=\"twitter:card\" content=\"summary_large_image\" \/>\n<meta name=\"twitter:creator\" content=\"@eltextual\" \/>\n<meta name=\"twitter:site\" content=\"@eltextual\" \/>\n<meta name=\"twitter:label1\" content=\"Escrito por\" \/>\n\t<meta name=\"twitter:data1\" content=\"Diario1 Diario1\" \/>\n\t<meta name=\"twitter:label2\" content=\"Tiempo de lectura\" \/>\n\t<meta name=\"twitter:data2\" content=\"2 minutos\" \/>\n<script type=\"application\/ld+json\" class=\"yoast-schema-graph\">{\"@context\":\"https:\\\/\\\/schema.org\",\"@graph\":[{\"@type\":\"Article\",\"@id\":\"https:\\\/\\\/diariotextual.com\\\/inicio\\\/index.php\\\/2019\\\/08\\\/17\\\/margarita-barrientos-mucha-gente-queria-macri-ya-no-lo-quiere\\\/#article\",\"isPartOf\":{\"@id\":\"https:\\\/\\\/diariotextual.com\\\/inicio\\\/index.php\\\/2019\\\/08\\\/17\\\/margarita-barrientos-mucha-gente-queria-macri-ya-no-lo-quiere\\\/\"},\"author\":{\"name\":\"Diario1 Diario1\",\"@id\":\"https:\\\/\\\/diariotextual.com\\\/inicio\\\/#\\\/schema\\\/person\\\/418fc4093c33e86ed41562db3508f958\"},\"headline\":\"Margarita Barrientos: \u00abMucha gente que quer\u00eda a Macri ya no lo quiere\u00bb\",\"datePublished\":\"2019-08-17T12:36:00+00:00\",\"dateModified\":\"2019-08-17T18:02:39+00:00\",\"mainEntityOfPage\":{\"@id\":\"https:\\\/\\\/diariotextual.com\\\/inicio\\\/index.php\\\/2019\\\/08\\\/17\\\/margarita-barrientos-mucha-gente-queria-macri-ya-no-lo-quiere\\\/\"},\"wordCount\":492,\"publisher\":{\"@id\":\"https:\\\/\\\/diariotextual.com\\\/inicio\\\/#organization\"},\"image\":{\"@id\":\"https:\\\/\\\/diariotextual.com\\\/inicio\\\/index.php\\\/2019\\\/08\\\/17\\\/margarita-barrientos-mucha-gente-queria-macri-ya-no-lo-quiere\\\/#primaryimage\"},\"thumbnailUrl\":\"https:\\\/\\\/diariotextual.com\\\/inicio\\\/wp-content\\\/uploads\\\/2018\\\/09\\\/barrientosmargarita1.jpg\",\"keywords\":[\"barrientos\",\"macri\",\"margarita\"],\"articleSection\":[\"A - QUE PASA (al costado)\",\"A - TEMPORALES\",\"SOCIEDAD\"],\"inLanguage\":\"es\"},{\"@type\":\"WebPage\",\"@id\":\"https:\\\/\\\/diariotextual.com\\\/inicio\\\/index.php\\\/2019\\\/08\\\/17\\\/margarita-barrientos-mucha-gente-queria-macri-ya-no-lo-quiere\\\/\",\"url\":\"https:\\\/\\\/diariotextual.com\\\/inicio\\\/index.php\\\/2019\\\/08\\\/17\\\/margarita-barrientos-mucha-gente-queria-macri-ya-no-lo-quiere\\\/\",\"name\":\"Margarita Barrientos: \\\"Mucha gente que quer\u00eda a Macri ya no lo quiere\\\" - Diario Textual\",\"isPartOf\":{\"@id\":\"https:\\\/\\\/diariotextual.com\\\/inicio\\\/#website\"},\"primaryImageOfPage\":{\"@id\":\"https:\\\/\\\/diariotextual.com\\\/inicio\\\/index.php\\\/2019\\\/08\\\/17\\\/margarita-barrientos-mucha-gente-queria-macri-ya-no-lo-quiere\\\/#primaryimage\"},\"image\":{\"@id\":\"https:\\\/\\\/diariotextual.com\\\/inicio\\\/index.php\\\/2019\\\/08\\\/17\\\/margarita-barrientos-mucha-gente-queria-macri-ya-no-lo-quiere\\\/#primaryimage\"},\"thumbnailUrl\":\"https:\\\/\\\/diariotextual.com\\\/inicio\\\/wp-content\\\/uploads\\\/2018\\\/09\\\/barrientosmargarita1.jpg\",\"datePublished\":\"2019-08-17T12:36:00+00:00\",\"dateModified\":\"2019-08-17T18:02:39+00:00\",\"breadcrumb\":{\"@id\":\"https:\\\/\\\/diariotextual.com\\\/inicio\\\/index.php\\\/2019\\\/08\\\/17\\\/margarita-barrientos-mucha-gente-queria-macri-ya-no-lo-quiere\\\/#breadcrumb\"},\"inLanguage\":\"es\",\"potentialAction\":[{\"@type\":\"ReadAction\",\"target\":[\"https:\\\/\\\/diariotextual.com\\\/inicio\\\/index.php\\\/2019\\\/08\\\/17\\\/margarita-barrientos-mucha-gente-queria-macri-ya-no-lo-quiere\\\/\"]}]},{\"@type\":\"ImageObject\",\"inLanguage\":\"es\",\"@id\":\"https:\\\/\\\/diariotextual.com\\\/inicio\\\/index.php\\\/2019\\\/08\\\/17\\\/margarita-barrientos-mucha-gente-queria-macri-ya-no-lo-quiere\\\/#primaryimage\",\"url\":\"https:\\\/\\\/diariotextual.com\\\/inicio\\\/wp-content\\\/uploads\\\/2018\\\/09\\\/barrientosmargarita1.jpg\",\"contentUrl\":\"https:\\\/\\\/diariotextual.com\\\/inicio\\\/wp-content\\\/uploads\\\/2018\\\/09\\\/barrientosmargarita1.jpg\",\"width\":917,\"height\":618},{\"@type\":\"BreadcrumbList\",\"@id\":\"https:\\\/\\\/diariotextual.com\\\/inicio\\\/index.php\\\/2019\\\/08\\\/17\\\/margarita-barrientos-mucha-gente-queria-macri-ya-no-lo-quiere\\\/#breadcrumb\",\"itemListElement\":[{\"@type\":\"ListItem\",\"position\":1,\"name\":\"Portada\",\"item\":\"https:\\\/\\\/diariotextual.com\\\/inicio\\\/\"},{\"@type\":\"ListItem\",\"position\":2,\"name\":\"Margarita Barrientos: \u00abMucha gente que quer\u00eda a Macri ya no lo quiere\u00bb\"}]},{\"@type\":\"WebSite\",\"@id\":\"https:\\\/\\\/diariotextual.com\\\/inicio\\\/#website\",\"url\":\"https:\\\/\\\/diariotextual.com\\\/inicio\\\/\",\"name\":\"Diario Textual\",\"description\":\"\",\"publisher\":{\"@id\":\"https:\\\/\\\/diariotextual.com\\\/inicio\\\/#organization\"},\"potentialAction\":[{\"@type\":\"SearchAction\",\"target\":{\"@type\":\"EntryPoint\",\"urlTemplate\":\"https:\\\/\\\/diariotextual.com\\\/inicio\\\/?s={search_term_string}\"},\"query-input\":{\"@type\":\"PropertyValueSpecification\",\"valueRequired\":true,\"valueName\":\"search_term_string\"}}],\"inLanguage\":\"es\"},{\"@type\":\"Organization\",\"@id\":\"https:\\\/\\\/diariotextual.com\\\/inicio\\\/#organization\",\"name\":\"Diario Textual\",\"url\":\"https:\\\/\\\/diariotextual.com\\\/inicio\\\/\",\"logo\":{\"@type\":\"ImageObject\",\"inLanguage\":\"es\",\"@id\":\"https:\\\/\\\/diariotextual.com\\\/inicio\\\/#\\\/schema\\\/logo\\\/image\\\/\",\"url\":\"https:\\\/\\\/diariotextual.com\\\/inicio\\\/wp-content\\\/uploads\\\/2023\\\/05\\\/logotextual1.jpg\",\"contentUrl\":\"https:\\\/\\\/diariotextual.com\\\/inicio\\\/wp-content\\\/uploads\\\/2023\\\/05\\\/logotextual1.jpg\",\"width\":516,\"height\":76,\"caption\":\"Diario Textual\"},\"image\":{\"@id\":\"https:\\\/\\\/diariotextual.com\\\/inicio\\\/#\\\/schema\\\/logo\\\/image\\\/\"},\"sameAs\":[\"https:\\\/\\\/www.facebook.com\\\/eltextual\",\"https:\\\/\\\/x.com\\\/eltextual\",\"http:\\\/\\\/www.instagram.com\\\/eltextual\"]},{\"@type\":\"Person\",\"@id\":\"https:\\\/\\\/diariotextual.com\\\/inicio\\\/#\\\/schema\\\/person\\\/418fc4093c33e86ed41562db3508f958\",\"name\":\"Diario1 Diario1\",\"image\":{\"@type\":\"ImageObject\",\"inLanguage\":\"es\",\"@id\":\"https:\\\/\\\/secure.gravatar.com\\\/avatar\\\/9167d280179c85bc18be67aa7eda765854300033af4896dd779b608640f2ef7a?s=96&d=mm&r=g\",\"url\":\"https:\\\/\\\/secure.gravatar.com\\\/avatar\\\/9167d280179c85bc18be67aa7eda765854300033af4896dd779b608640f2ef7a?s=96&d=mm&r=g\",\"contentUrl\":\"https:\\\/\\\/secure.gravatar.com\\\/avatar\\\/9167d280179c85bc18be67aa7eda765854300033af4896dd779b608640f2ef7a?s=96&d=mm&r=g\",\"caption\":\"Diario1 Diario1\"},\"url\":\"https:\\\/\\\/diariotextual.com\\\/inicio\\\/index.php\\\/author\\\/diario1\\\/\"}]}<\/script>\n<!-- \/ Yoast SEO plugin. -->","yoast_head_json":{"title":"Margarita Barrientos: \"Mucha gente que quer\u00eda a Macri ya no lo quiere\" - Diario Textual","robots":{"index":"index","follow":"follow","max-snippet":"max-snippet:-1","max-image-preview":"max-image-preview:large","max-video-preview":"max-video-preview:-1"},"canonical":"https:\/\/diariotextual.com\/inicio\/index.php\/2019\/08\/17\/margarita-barrientos-mucha-gente-queria-macri-ya-no-lo-quiere\/","og_locale":"es_ES","og_type":"article","og_title":"Margarita Barrientos: \"Mucha gente que quer\u00eda a Macri ya no lo quiere\" - Diario Textual","og_description":"La referente del comedor Los Piletones, Margarita Barrientos, afirm\u00f3 que las medidas econ\u00f3micas implementadas por el gobierno nacional tras las PASO del domingo, \u201cllegaron demasiado tarde\u201d y consider\u00f3 que el&hellip;","og_url":"https:\/\/diariotextual.com\/inicio\/index.php\/2019\/08\/17\/margarita-barrientos-mucha-gente-queria-macri-ya-no-lo-quiere\/","og_site_name":"Diario Textual","article_publisher":"https:\/\/www.facebook.com\/eltextual","article_published_time":"2019-08-17T12:36:00+00:00","article_modified_time":"2019-08-17T18:02:39+00:00","og_image":[{"width":917,"height":618,"url":"https:\/\/diariotextual.com\/inicio\/wp-content\/uploads\/2018\/09\/barrientosmargarita1.jpg","type":"image\/jpeg"}],"author":"Diario1 Diario1","twitter_card":"summary_large_image","twitter_creator":"@eltextual","twitter_site":"@eltextual","twitter_misc":{"Escrito por":"Diario1 Diario1","Tiempo de lectura":"2 minutos"},"schema":{"@context":"https:\/\/schema.org","@graph":[{"@type":"Article","@id":"https:\/\/diariotextual.com\/inicio\/index.php\/2019\/08\/17\/margarita-barrientos-mucha-gente-queria-macri-ya-no-lo-quiere\/#article","isPartOf":{"@id":"https:\/\/diariotextual.com\/inicio\/index.php\/2019\/08\/17\/margarita-barrientos-mucha-gente-queria-macri-ya-no-lo-quiere\/"},"author":{"name":"Diario1 Diario1","@id":"https:\/\/diariotextual.com\/inicio\/#\/schema\/person\/418fc4093c33e86ed41562db3508f958"},"headline":"Margarita Barrientos: \u00abMucha gente que quer\u00eda a Macri ya no lo quiere\u00bb","datePublished":"2019-08-17T12:36:00+00:00","dateModified":"2019-08-17T18:02:39+00:00","mainEntityOfPage":{"@id":"https:\/\/diariotextual.com\/inicio\/index.php\/2019\/08\/17\/margarita-barrientos-mucha-gente-queria-macri-ya-no-lo-quiere\/"},"wordCount":492,"publisher":{"@id":"https:\/\/diariotextual.com\/inicio\/#organization"},"image":{"@id":"https:\/\/diariotextual.com\/inicio\/index.php\/2019\/08\/17\/margarita-barrientos-mucha-gente-queria-macri-ya-no-lo-quiere\/#primaryimage"},"thumbnailUrl":"https:\/\/diariotextual.com\/inicio\/wp-content\/uploads\/2018\/09\/barrientosmargarita1.jpg","keywords":["barrientos","macri","margarita"],"articleSection":["A - QUE PASA (al costado)","A - TEMPORALES","SOCIEDAD"],"inLanguage":"es"},{"@type":"WebPage","@id":"https:\/\/diariotextual.com\/inicio\/index.php\/2019\/08\/17\/margarita-barrientos-mucha-gente-queria-macri-ya-no-lo-quiere\/","url":"https:\/\/diariotextual.com\/inicio\/index.php\/2019\/08\/17\/margarita-barrientos-mucha-gente-queria-macri-ya-no-lo-quiere\/","name":"Margarita Barrientos: \"Mucha gente que quer\u00eda a Macri ya no lo quiere\" - Diario Textual","isPartOf":{"@id":"https:\/\/diariotextual.com\/inicio\/#website"},"primaryImageOfPage":{"@id":"https:\/\/diariotextual.com\/inicio\/index.php\/2019\/08\/17\/margarita-barrientos-mucha-gente-queria-macri-ya-no-lo-quiere\/#primaryimage"},"image":{"@id":"https:\/\/diariotextual.com\/inicio\/index.php\/2019\/08\/17\/margarita-barrientos-mucha-gente-queria-macri-ya-no-lo-quiere\/#primaryimage"},"thumbnailUrl":"https:\/\/diariotextual.com\/inicio\/wp-content\/uploads\/2018\/09\/barrientosmargarita1.jpg","datePublished":"2019-08-17T12:36:00+00:00","dateModified":"2019-08-17T18:02:39+00:00","breadcrumb":{"@id":"https:\/\/diariotextual.com\/inicio\/index.php\/2019\/08\/17\/margarita-barrientos-mucha-gente-queria-macri-ya-no-lo-quiere\/#breadcrumb"},"inLanguage":"es","potentialAction":[{"@type":"ReadAction","target":["https:\/\/diariotextual.com\/inicio\/index.php\/2019\/08\/17\/margarita-barrientos-mucha-gente-queria-macri-ya-no-lo-quiere\/"]}]},{"@type":"ImageObject","inLanguage":"es","@id":"https:\/\/diariotextual.com\/inicio\/index.php\/2019\/08\/17\/margarita-barrientos-mucha-gente-queria-macri-ya-no-lo-quiere\/#primaryimage","url":"https:\/\/diariotextual.com\/inicio\/wp-content\/uploads\/2018\/09\/barrientosmargarita1.jpg","contentUrl":"https:\/\/diariotextual.com\/inicio\/wp-content\/uploads\/2018\/09\/barrientosmargarita1.jpg","width":917,"height":618},{"@type":"BreadcrumbList","@id":"https:\/\/diariotextual.com\/inicio\/index.php\/2019\/08\/17\/margarita-barrientos-mucha-gente-queria-macri-ya-no-lo-quiere\/#breadcrumb","itemListElement":[{"@type":"ListItem","position":1,"name":"Portada","item":"https:\/\/diariotextual.com\/inicio\/"},{"@type":"ListItem","position":2,"name":"Margarita Barrientos: \u00abMucha gente que quer\u00eda a Macri ya no lo quiere\u00bb"}]},{"@type":"WebSite","@id":"https:\/\/diariotextual.com\/inicio\/#website","url":"https:\/\/diariotextual.com\/inicio\/","name":"Diario Textual","description":"","publisher":{"@id":"https:\/\/diariotextual.com\/inicio\/#organization"},"potentialAction":[{"@type":"SearchAction","target":{"@type":"EntryPoint","urlTemplate":"https:\/\/diariotextual.com\/inicio\/?s={search_term_string}"},"query-input":{"@type":"PropertyValueSpecification","valueRequired":true,"valueName":"search_term_string"}}],"inLanguage":"es"},{"@type":"Organization","@id":"https:\/\/diariotextual.com\/inicio\/#organization","name":"Diario Textual","url":"https:\/\/diariotextual.com\/inicio\/","logo":{"@type":"ImageObject","inLanguage":"es","@id":"https:\/\/diariotextual.com\/inicio\/#\/schema\/logo\/image\/","url":"https:\/\/diariotextual.com\/inicio\/wp-content\/uploads\/2023\/05\/logotextual1.jpg","contentUrl":"https:\/\/diariotextual.com\/inicio\/wp-content\/uploads\/2023\/05\/logotextual1.jpg","width":516,"height":76,"caption":"Diario Textual"},"image":{"@id":"https:\/\/diariotextual.com\/inicio\/#\/schema\/logo\/image\/"},"sameAs":["https:\/\/www.facebook.com\/eltextual","https:\/\/x.com\/eltextual","http:\/\/www.instagram.com\/eltextual"]},{"@type":"Person","@id":"https:\/\/diariotextual.com\/inicio\/#\/schema\/person\/418fc4093c33e86ed41562db3508f958","name":"Diario1 Diario1","image":{"@type":"ImageObject","inLanguage":"es","@id":"https:\/\/secure.gravatar.com\/avatar\/9167d280179c85bc18be67aa7eda765854300033af4896dd779b608640f2ef7a?s=96&d=mm&r=g","url":"https:\/\/secure.gravatar.com\/avatar\/9167d280179c85bc18be67aa7eda765854300033af4896dd779b608640f2ef7a?s=96&d=mm&r=g","contentUrl":"https:\/\/secure.gravatar.com\/avatar\/9167d280179c85bc18be67aa7eda765854300033af4896dd779b608640f2ef7a?s=96&d=mm&r=g","caption":"Diario1 Diario1"},"url":"https:\/\/diariotextual.com\/inicio\/index.php\/author\/diario1\/"}]}},"_links":{"self":[{"href":"https:\/\/diariotextual.com\/inicio\/index.php\/wp-json\/wp\/v2\/posts\/59841","targetHints":{"allow":["GET"]}}],"collection":[{"href":"https:\/\/diariotextual.com\/inicio\/index.php\/wp-json\/wp\/v2\/posts"}],"about":[{"href":"https:\/\/diariotextual.com\/inicio\/index.php\/wp-json\/wp\/v2\/types\/post"}],"author":[{"embeddable":true,"href":"https:\/\/diariotextual.com\/inicio\/index.php\/wp-json\/wp\/v2\/users\/3"}],"replies":[{"embeddable":true,"href":"https:\/\/diariotextual.com\/inicio\/index.php\/wp-json\/wp\/v2\/comments?post=59841"}],"version-history":[{"count":2,"href":"https:\/\/diariotextual.com\/inicio\/index.php\/wp-json\/wp\/v2\/posts\/59841\/revisions"}],"predecessor-version":[{"id":59843,"href":"https:\/\/diariotextual.com\/inicio\/index.php\/wp-json\/wp\/v2\/posts\/59841\/revisions\/59843"}],"wp:featuredmedia":[{"embeddable":true,"href":"https:\/\/diariotextual.com\/inicio\/index.php\/wp-json\/wp\/v2\/media\/19232"}],"wp:attachment":[{"href":"https:\/\/diariotextual.com\/inicio\/index.php\/wp-json\/wp\/v2\/media?parent=59841"}],"wp:term":[{"taxonomy":"category","embeddable":true,"href":"https:\/\/diariotextual.com\/inicio\/index.php\/wp-json\/wp\/v2\/categories?post=59841"},{"taxonomy":"post_tag","embeddable":true,"href":"https:\/\/diariotextual.com\/inicio\/index.php\/wp-json\/wp\/v2\/tags?post=59841"}],"curies":[{"name":"wp","href":"https:\/\/api.w.org\/{rel}","templated":true}]}}