{"id":59896,"date":"2019-08-18T10:33:09","date_gmt":"2019-08-18T13:33:09","guid":{"rendered":"http:\/\/diariotextual.com\/inicio\/?p=59896"},"modified":"2019-08-19T10:01:22","modified_gmt":"2019-08-19T13:01:22","slug":"la-quita-iva-alimentos-no-va-ir-al-bolsillo-la-gente-dice-economista-pampeano","status":"publish","type":"post","link":"https:\/\/diariotextual.com\/inicio\/index.php\/2019\/08\/18\/la-quita-iva-alimentos-no-va-ir-al-bolsillo-la-gente-dice-economista-pampeano\/","title":{"rendered":"\u00abLa quita de IVA a alimentos no va a ir al bolsillo de la gente\u00bb, dice economista pampeano"},"content":{"rendered":"<p>El economista <strong>Sebasti\u00e1n Lastiri<\/strong> dijo que la <strong>quita del<\/strong> <strong>Impuesto al Valor Agregado<\/strong>\u00a0<strong>en\u00a0algunos alimentos<\/strong> no va a repercutir en el bolsillo de la gente en el corto plazo sino que se quedar\u00e1 en alg\u00fan eslab\u00f3n de la cadena. <strong>\u00abLo m\u00e1s probable es que los beneficiados sean los supermercados\u00bb<\/strong>, dijo.<\/p>\n<p>Lastiri habl\u00f3 en <strong>Radio Textual (FM Sonar 97.9)<\/strong> sobre la medida anunciada la semana pasada por el presidente Mauricio Macri que consiste en la quita del IVA en\u00a0productos de la canasta b\u00e1sica: <strong>pan, leche, aceite de girasol y de mezcla, pasta seca, arroz, harinas de trigo, polenta, rebozador y pan rallado, yerba mate, mate cocido y te, conservas de frutas, hortalizas y legumbres, yogures y az\u00facar.<\/strong><\/p>\n<p>Hasta este jueves pasado casi todos estos productos pagaban un 21% de impuesto al valor agregado. Seg\u00fan Casa Rosada, la medida \u00abayudar\u00e1 a compensar el impacto de la devaluaci\u00f3n\u00bb en los precios.<\/p>\n<div>\n<div class=\"css-1dbjc4n r-my5ep6 r-qklmqi r-1adg3ll\">\n<article class=\"css-1dbjc4n r-1u4rsef r-1loqt21 r-1udh08x r-o7ynqc r-1j63xyz\" tabindex=\"0\" role=\"article\" aria-haspopup=\"false\" data-focusable=\"true\" aria-labelledby=\"tweet-promoted-label tweet-social-context tweet-user tweet-timestamp tweet-reply-context tweet-text tweet-rich-content-label tweet-action-buttons\">\n<div class=\"css-1dbjc4n r-1j3t67a\">\n<div class=\"css-1dbjc4n r-18u37iz r-thb0q2\" data-testid=\"tweet\">\n<div class=\"css-1dbjc4n r-1iusvr4 r-46vdb2 r-1777fci r-5f2r5o r-bcqeeo r-1mi0q7o\">\n<div dir=\"auto\" lang=\"es\">\n<div>\n<div class=\"css-1dbjc4n r-my5ep6 r-qklmqi r-1adg3ll\">\n<article class=\"css-1dbjc4n r-1loqt21 r-1udh08x r-o7ynqc r-1j63xyz\" tabindex=\"0\" role=\"article\" aria-haspopup=\"false\" data-focusable=\"true\">\n<div class=\"css-1dbjc4n r-1j3t67a\">\n<div class=\"css-1dbjc4n r-18u37iz r-thb0q2\" data-testid=\"tweet\">\n<div class=\"css-1dbjc4n r-1iusvr4 r-46vdb2 r-1777fci r-5f2r5o r-bcqeeo r-1mi0q7o\">\n<div class=\"css-901oao r-hkyrab r-1qd0xha r-a023e6 r-16dba41 r-ad9z0x r-bcqeeo r-bnwqim r-qvutc0\" dir=\"auto\" lang=\"es\"><strong><span class=\"css-901oao css-16my406 r-1qd0xha r-ad9z0x r-bcqeeo r-qvutc0\">\u00abEn el corto plazo lo m\u00e1s probable es que la eliminaci\u00f3n del IVA en alimentos vaya a supermercados o se <\/span><\/strong><span class=\"css-901oao css-16my406 r-1qd0xha r-ad9z0x r-bcqeeo r-qvutc0\"><strong> reparta entre otros eslabones de la cadena, pero no va al bolsillo de la gente\u00bb<\/strong>, dijo .<\/span><\/div>\n<\/div>\n<\/div>\n<\/div>\n<\/article>\n<\/div>\n<\/div>\n<\/div>\n<div dir=\"auto\" lang=\"es\"><\/div>\n<div id=\"tweet-text\" class=\"css-901oao r-hkyrab r-1qd0xha r-a023e6 r-16dba41 r-ad9z0x r-bcqeeo r-bnwqim r-qvutc0\" dir=\"auto\" lang=\"es\"><span class=\"css-901oao css-16my406 r-1qd0xha r-ad9z0x r-bcqeeo r-qvutc0\">\u00abUno de los impuestos que m\u00e1s recauda es el IVA. Para cambiarlo hay que reemplazarlo por otro o el Estado debe dejar de prestar alg\u00fan servicio\u00bb, agreg\u00f3.<\/span><\/div>\n<div id=\"tweet-action-buttons\" class=\"css-1dbjc4n r-18u37iz r-1wtj0ep r-156q2ks r-1mdbhws\" role=\"group\" aria-label=\"1 Retweet\">\n<div class=\"css-1dbjc4n r-1iusvr4 r-18u37iz r-16y2uox r-1h0z5md\">\n<div class=\"css-18t94o4 css-1dbjc4n r-1777fci r-11cpok1 r-1ny4l3l r-bztko3 r-lrvibr\" tabindex=\"0\" role=\"button\" aria-label=\"Responder\" data-focusable=\"true\" data-testid=\"reply\">\n<div class=\"css-901oao r-1awozwy r-1re7ezh r-6koalj r-1qd0xha r-a023e6 r-16dba41 r-1h0z5md r-ad9z0x r-bcqeeo r-o7ynqc r-clp7b1 r-3s2u2q r-qvutc0\" dir=\"ltr\">\n<div class=\"css-1dbjc4n r-xoduu5\"><\/div>\n<\/div>\n<\/div>\n<\/div>\n<\/div>\n<\/div>\n<\/div>\n<\/div>\n<\/article>\n<\/div>\n<\/div>\n<div>\n<div class=\"css-1dbjc4n r-my5ep6 r-qklmqi r-1adg3ll\">\n<article class=\"css-1dbjc4n r-1loqt21 r-1udh08x r-o7ynqc r-1j63xyz\" tabindex=\"0\" role=\"article\" aria-haspopup=\"false\" data-focusable=\"true\">\n<div class=\"css-1dbjc4n r-1j3t67a\">\n<div class=\"css-1dbjc4n r-18u37iz r-thb0q2\" data-testid=\"tweet\">\n<div class=\"css-1dbjc4n r-1iusvr4 r-46vdb2 r-1777fci r-5f2r5o r-bcqeeo r-1mi0q7o\">\n<div class=\"css-1dbjc4n r-18u37iz r-1wtj0ep r-zl2h9q\">\n<div class=\"css-1dbjc4n r-1d09ksm r-18u37iz r-1wbh5a2\">\n<div class=\"css-1dbjc4n r-1wbh5a2 r-dnmrzs\">\n<div class=\"css-1dbjc4n r-18u37iz r-1wbh5a2 r-dnmrzs\">\n<div class=\"css-1dbjc4n r-18u37iz r-dnmrzs\"><\/div>\n<\/div>\n<\/div>\n<\/div>\n<\/div>\n<\/div>\n<\/div>\n<\/div>\n<\/article>\n<\/div>\n<\/div>\n<div>\n<div class=\"css-1dbjc4n r-my5ep6 r-qklmqi r-1adg3ll\">\n<article class=\"css-1dbjc4n r-1loqt21 r-1udh08x r-o7ynqc r-1j63xyz\" tabindex=\"0\" role=\"article\" aria-haspopup=\"false\" data-focusable=\"true\">\n<div class=\"css-1dbjc4n r-1j3t67a\">\n<div class=\"css-1dbjc4n r-18u37iz r-thb0q2\" data-testid=\"tweet\">\n<div class=\"css-1dbjc4n r-1iusvr4 r-46vdb2 r-1777fci r-5f2r5o r-bcqeeo r-1mi0q7o\">\n<div class=\"css-901oao r-hkyrab r-1qd0xha r-a023e6 r-16dba41 r-ad9z0x r-bcqeeo r-bnwqim r-qvutc0\" dir=\"auto\" lang=\"es\"><\/div>\n<\/div>\n<\/div>\n<\/div>\n<\/article>\n<\/div>\n<\/div>\n","protected":false},"excerpt":{"rendered":"<p>El economista Sebasti\u00e1n Lastiri dijo que la quita del Impuesto al Valor Agregado\u00a0en\u00a0algunos alimentos no va a repercutir en el bolsillo de la gente en el corto plazo sino que&hellip;<\/p>\n","protected":false},"author":7,"featured_media":13707,"comment_status":"closed","ping_status":"open","sticky":false,"template":"","format":"standard","meta":{"_acf_changed":false,"footnotes":""},"categories":[319,5],"tags":[],"class_list":["post-59896","post","type-post","status-publish","format-standard","has-post-thumbnail","hentry","category-a-temporales","category-economia"],"acf":[],"yoast_head":"<!-- This site is optimized with the Yoast SEO plugin v27.5 - https:\/\/yoast.com\/product\/yoast-seo-wordpress\/ -->\n<title>&quot;La quita de IVA a alimentos no va a ir al bolsillo de la gente&quot;, dice economista pampeano - Diario Textual<\/title>\n<meta name=\"robots\" content=\"index, follow, max-snippet:-1, max-image-preview:large, max-video-preview:-1\" \/>\n<link rel=\"canonical\" href=\"https:\/\/diariotextual.com\/inicio\/index.php\/2019\/08\/18\/la-quita-iva-alimentos-no-va-ir-al-bolsillo-la-gente-dice-economista-pampeano\/\" \/>\n<meta property=\"og:locale\" content=\"es_ES\" \/>\n<meta property=\"og:type\" content=\"article\" \/>\n<meta property=\"og:title\" content=\"&quot;La quita de IVA a alimentos no va a ir al bolsillo de la gente&quot;, dice economista pampeano - Diario Textual\" \/>\n<meta property=\"og:description\" content=\"El economista Sebasti\u00e1n Lastiri dijo que la quita del Impuesto al Valor Agregado\u00a0en\u00a0algunos alimentos no va a repercutir en el bolsillo de la gente en el corto plazo sino que&hellip;\" \/>\n<meta property=\"og:url\" content=\"https:\/\/diariotextual.com\/inicio\/index.php\/2019\/08\/18\/la-quita-iva-alimentos-no-va-ir-al-bolsillo-la-gente-dice-economista-pampeano\/\" \/>\n<meta property=\"og:site_name\" content=\"Diario Textual\" \/>\n<meta property=\"article:publisher\" content=\"https:\/\/www.facebook.com\/eltextual\" \/>\n<meta property=\"article:published_time\" content=\"2019-08-18T13:33:09+00:00\" \/>\n<meta property=\"article:modified_time\" content=\"2019-08-19T13:01:22+00:00\" \/>\n<meta property=\"og:image\" content=\"https:\/\/diariotextual.com\/inicio\/wp-content\/uploads\/2018\/07\/supermercadochango.jpg\" \/>\n\t<meta property=\"og:image:width\" content=\"645\" \/>\n\t<meta property=\"og:image:height\" content=\"430\" \/>\n\t<meta property=\"og:image:type\" content=\"image\/jpeg\" \/>\n<meta name=\"author\" content=\"diario5\" \/>\n<meta name=\"twitter:card\" content=\"summary_large_image\" \/>\n<meta name=\"twitter:creator\" content=\"@eltextual\" \/>\n<meta name=\"twitter:site\" content=\"@eltextual\" \/>\n<meta name=\"twitter:label1\" content=\"Escrito por\" \/>\n\t<meta name=\"twitter:data1\" content=\"diario5\" \/>\n\t<meta name=\"twitter:label2\" content=\"Tiempo de lectura\" \/>\n\t<meta name=\"twitter:data2\" content=\"1 minuto\" \/>\n<script type=\"application\/ld+json\" class=\"yoast-schema-graph\">{\"@context\":\"https:\\\/\\\/schema.org\",\"@graph\":[{\"@type\":\"Article\",\"@id\":\"https:\\\/\\\/diariotextual.com\\\/inicio\\\/index.php\\\/2019\\\/08\\\/18\\\/la-quita-iva-alimentos-no-va-ir-al-bolsillo-la-gente-dice-economista-pampeano\\\/#article\",\"isPartOf\":{\"@id\":\"https:\\\/\\\/diariotextual.com\\\/inicio\\\/index.php\\\/2019\\\/08\\\/18\\\/la-quita-iva-alimentos-no-va-ir-al-bolsillo-la-gente-dice-economista-pampeano\\\/\"},\"author\":{\"name\":\"diario5\",\"@id\":\"https:\\\/\\\/diariotextual.com\\\/inicio\\\/#\\\/schema\\\/person\\\/c7834961ad8b29b1d9cdbf4571299067\"},\"headline\":\"\u00abLa quita de IVA a alimentos no va a ir al bolsillo de la gente\u00bb, dice economista pampeano\",\"datePublished\":\"2019-08-18T13:33:09+00:00\",\"dateModified\":\"2019-08-19T13:01:22+00:00\",\"mainEntityOfPage\":{\"@id\":\"https:\\\/\\\/diariotextual.com\\\/inicio\\\/index.php\\\/2019\\\/08\\\/18\\\/la-quita-iva-alimentos-no-va-ir-al-bolsillo-la-gente-dice-economista-pampeano\\\/\"},\"wordCount\":241,\"publisher\":{\"@id\":\"https:\\\/\\\/diariotextual.com\\\/inicio\\\/#organization\"},\"image\":{\"@id\":\"https:\\\/\\\/diariotextual.com\\\/inicio\\\/index.php\\\/2019\\\/08\\\/18\\\/la-quita-iva-alimentos-no-va-ir-al-bolsillo-la-gente-dice-economista-pampeano\\\/#primaryimage\"},\"thumbnailUrl\":\"https:\\\/\\\/diariotextual.com\\\/inicio\\\/wp-content\\\/uploads\\\/2018\\\/07\\\/supermercadochango.jpg\",\"articleSection\":[\"A - TEMPORALES\",\"ECONOMIA\"],\"inLanguage\":\"es\"},{\"@type\":\"WebPage\",\"@id\":\"https:\\\/\\\/diariotextual.com\\\/inicio\\\/index.php\\\/2019\\\/08\\\/18\\\/la-quita-iva-alimentos-no-va-ir-al-bolsillo-la-gente-dice-economista-pampeano\\\/\",\"url\":\"https:\\\/\\\/diariotextual.com\\\/inicio\\\/index.php\\\/2019\\\/08\\\/18\\\/la-quita-iva-alimentos-no-va-ir-al-bolsillo-la-gente-dice-economista-pampeano\\\/\",\"name\":\"\\\"La quita de IVA a alimentos no va a ir al bolsillo de la gente\\\", dice economista pampeano - Diario Textual\",\"isPartOf\":{\"@id\":\"https:\\\/\\\/diariotextual.com\\\/inicio\\\/#website\"},\"primaryImageOfPage\":{\"@id\":\"https:\\\/\\\/diariotextual.com\\\/inicio\\\/index.php\\\/2019\\\/08\\\/18\\\/la-quita-iva-alimentos-no-va-ir-al-bolsillo-la-gente-dice-economista-pampeano\\\/#primaryimage\"},\"image\":{\"@id\":\"https:\\\/\\\/diariotextual.com\\\/inicio\\\/index.php\\\/2019\\\/08\\\/18\\\/la-quita-iva-alimentos-no-va-ir-al-bolsillo-la-gente-dice-economista-pampeano\\\/#primaryimage\"},\"thumbnailUrl\":\"https:\\\/\\\/diariotextual.com\\\/inicio\\\/wp-content\\\/uploads\\\/2018\\\/07\\\/supermercadochango.jpg\",\"datePublished\":\"2019-08-18T13:33:09+00:00\",\"dateModified\":\"2019-08-19T13:01:22+00:00\",\"breadcrumb\":{\"@id\":\"https:\\\/\\\/diariotextual.com\\\/inicio\\\/index.php\\\/2019\\\/08\\\/18\\\/la-quita-iva-alimentos-no-va-ir-al-bolsillo-la-gente-dice-economista-pampeano\\\/#breadcrumb\"},\"inLanguage\":\"es\",\"potentialAction\":[{\"@type\":\"ReadAction\",\"target\":[\"https:\\\/\\\/diariotextual.com\\\/inicio\\\/index.php\\\/2019\\\/08\\\/18\\\/la-quita-iva-alimentos-no-va-ir-al-bolsillo-la-gente-dice-economista-pampeano\\\/\"]}]},{\"@type\":\"ImageObject\",\"inLanguage\":\"es\",\"@id\":\"https:\\\/\\\/diariotextual.com\\\/inicio\\\/index.php\\\/2019\\\/08\\\/18\\\/la-quita-iva-alimentos-no-va-ir-al-bolsillo-la-gente-dice-economista-pampeano\\\/#primaryimage\",\"url\":\"https:\\\/\\\/diariotextual.com\\\/inicio\\\/wp-content\\\/uploads\\\/2018\\\/07\\\/supermercadochango.jpg\",\"contentUrl\":\"https:\\\/\\\/diariotextual.com\\\/inicio\\\/wp-content\\\/uploads\\\/2018\\\/07\\\/supermercadochango.jpg\",\"width\":645,\"height\":430},{\"@type\":\"BreadcrumbList\",\"@id\":\"https:\\\/\\\/diariotextual.com\\\/inicio\\\/index.php\\\/2019\\\/08\\\/18\\\/la-quita-iva-alimentos-no-va-ir-al-bolsillo-la-gente-dice-economista-pampeano\\\/#breadcrumb\",\"itemListElement\":[{\"@type\":\"ListItem\",\"position\":1,\"name\":\"Portada\",\"item\":\"https:\\\/\\\/diariotextual.com\\\/inicio\\\/\"},{\"@type\":\"ListItem\",\"position\":2,\"name\":\"\u00abLa quita de IVA a alimentos no va a ir al bolsillo de la gente\u00bb, dice economista pampeano\"}]},{\"@type\":\"WebSite\",\"@id\":\"https:\\\/\\\/diariotextual.com\\\/inicio\\\/#website\",\"url\":\"https:\\\/\\\/diariotextual.com\\\/inicio\\\/\",\"name\":\"Diario Textual\",\"description\":\"\",\"publisher\":{\"@id\":\"https:\\\/\\\/diariotextual.com\\\/inicio\\\/#organization\"},\"potentialAction\":[{\"@type\":\"SearchAction\",\"target\":{\"@type\":\"EntryPoint\",\"urlTemplate\":\"https:\\\/\\\/diariotextual.com\\\/inicio\\\/?s={search_term_string}\"},\"query-input\":{\"@type\":\"PropertyValueSpecification\",\"valueRequired\":true,\"valueName\":\"search_term_string\"}}],\"inLanguage\":\"es\"},{\"@type\":\"Organization\",\"@id\":\"https:\\\/\\\/diariotextual.com\\\/inicio\\\/#organization\",\"name\":\"Diario Textual\",\"url\":\"https:\\\/\\\/diariotextual.com\\\/inicio\\\/\",\"logo\":{\"@type\":\"ImageObject\",\"inLanguage\":\"es\",\"@id\":\"https:\\\/\\\/diariotextual.com\\\/inicio\\\/#\\\/schema\\\/logo\\\/image\\\/\",\"url\":\"https:\\\/\\\/diariotextual.com\\\/inicio\\\/wp-content\\\/uploads\\\/2023\\\/05\\\/logotextual1.jpg\",\"contentUrl\":\"https:\\\/\\\/diariotextual.com\\\/inicio\\\/wp-content\\\/uploads\\\/2023\\\/05\\\/logotextual1.jpg\",\"width\":516,\"height\":76,\"caption\":\"Diario Textual\"},\"image\":{\"@id\":\"https:\\\/\\\/diariotextual.com\\\/inicio\\\/#\\\/schema\\\/logo\\\/image\\\/\"},\"sameAs\":[\"https:\\\/\\\/www.facebook.com\\\/eltextual\",\"https:\\\/\\\/x.com\\\/eltextual\",\"http:\\\/\\\/www.instagram.com\\\/eltextual\"]},{\"@type\":\"Person\",\"@id\":\"https:\\\/\\\/diariotextual.com\\\/inicio\\\/#\\\/schema\\\/person\\\/c7834961ad8b29b1d9cdbf4571299067\",\"name\":\"diario5\",\"image\":{\"@type\":\"ImageObject\",\"inLanguage\":\"es\",\"@id\":\"https:\\\/\\\/secure.gravatar.com\\\/avatar\\\/948c893b847ca6df68216ead81b63f363408ec9b0f600fefc0641ce78613b111?s=96&d=mm&r=g\",\"url\":\"https:\\\/\\\/secure.gravatar.com\\\/avatar\\\/948c893b847ca6df68216ead81b63f363408ec9b0f600fefc0641ce78613b111?s=96&d=mm&r=g\",\"contentUrl\":\"https:\\\/\\\/secure.gravatar.com\\\/avatar\\\/948c893b847ca6df68216ead81b63f363408ec9b0f600fefc0641ce78613b111?s=96&d=mm&r=g\",\"caption\":\"diario5\"},\"url\":\"https:\\\/\\\/diariotextual.com\\\/inicio\\\/index.php\\\/author\\\/diario5\\\/\"}]}<\/script>\n<!-- \/ Yoast SEO plugin. -->","yoast_head_json":{"title":"\"La quita de IVA a alimentos no va a ir al bolsillo de la gente\", dice economista pampeano - Diario Textual","robots":{"index":"index","follow":"follow","max-snippet":"max-snippet:-1","max-image-preview":"max-image-preview:large","max-video-preview":"max-video-preview:-1"},"canonical":"https:\/\/diariotextual.com\/inicio\/index.php\/2019\/08\/18\/la-quita-iva-alimentos-no-va-ir-al-bolsillo-la-gente-dice-economista-pampeano\/","og_locale":"es_ES","og_type":"article","og_title":"\"La quita de IVA a alimentos no va a ir al bolsillo de la gente\", dice economista pampeano - Diario Textual","og_description":"El economista Sebasti\u00e1n Lastiri dijo que la quita del Impuesto al Valor Agregado\u00a0en\u00a0algunos alimentos no va a repercutir en el bolsillo de la gente en el corto plazo sino que&hellip;","og_url":"https:\/\/diariotextual.com\/inicio\/index.php\/2019\/08\/18\/la-quita-iva-alimentos-no-va-ir-al-bolsillo-la-gente-dice-economista-pampeano\/","og_site_name":"Diario Textual","article_publisher":"https:\/\/www.facebook.com\/eltextual","article_published_time":"2019-08-18T13:33:09+00:00","article_modified_time":"2019-08-19T13:01:22+00:00","og_image":[{"width":645,"height":430,"url":"https:\/\/diariotextual.com\/inicio\/wp-content\/uploads\/2018\/07\/supermercadochango.jpg","type":"image\/jpeg"}],"author":"diario5","twitter_card":"summary_large_image","twitter_creator":"@eltextual","twitter_site":"@eltextual","twitter_misc":{"Escrito por":"diario5","Tiempo de lectura":"1 minuto"},"schema":{"@context":"https:\/\/schema.org","@graph":[{"@type":"Article","@id":"https:\/\/diariotextual.com\/inicio\/index.php\/2019\/08\/18\/la-quita-iva-alimentos-no-va-ir-al-bolsillo-la-gente-dice-economista-pampeano\/#article","isPartOf":{"@id":"https:\/\/diariotextual.com\/inicio\/index.php\/2019\/08\/18\/la-quita-iva-alimentos-no-va-ir-al-bolsillo-la-gente-dice-economista-pampeano\/"},"author":{"name":"diario5","@id":"https:\/\/diariotextual.com\/inicio\/#\/schema\/person\/c7834961ad8b29b1d9cdbf4571299067"},"headline":"\u00abLa quita de IVA a alimentos no va a ir al bolsillo de la gente\u00bb, dice economista pampeano","datePublished":"2019-08-18T13:33:09+00:00","dateModified":"2019-08-19T13:01:22+00:00","mainEntityOfPage":{"@id":"https:\/\/diariotextual.com\/inicio\/index.php\/2019\/08\/18\/la-quita-iva-alimentos-no-va-ir-al-bolsillo-la-gente-dice-economista-pampeano\/"},"wordCount":241,"publisher":{"@id":"https:\/\/diariotextual.com\/inicio\/#organization"},"image":{"@id":"https:\/\/diariotextual.com\/inicio\/index.php\/2019\/08\/18\/la-quita-iva-alimentos-no-va-ir-al-bolsillo-la-gente-dice-economista-pampeano\/#primaryimage"},"thumbnailUrl":"https:\/\/diariotextual.com\/inicio\/wp-content\/uploads\/2018\/07\/supermercadochango.jpg","articleSection":["A - TEMPORALES","ECONOMIA"],"inLanguage":"es"},{"@type":"WebPage","@id":"https:\/\/diariotextual.com\/inicio\/index.php\/2019\/08\/18\/la-quita-iva-alimentos-no-va-ir-al-bolsillo-la-gente-dice-economista-pampeano\/","url":"https:\/\/diariotextual.com\/inicio\/index.php\/2019\/08\/18\/la-quita-iva-alimentos-no-va-ir-al-bolsillo-la-gente-dice-economista-pampeano\/","name":"\"La quita de IVA a alimentos no va a ir al bolsillo de la gente\", dice economista pampeano - Diario Textual","isPartOf":{"@id":"https:\/\/diariotextual.com\/inicio\/#website"},"primaryImageOfPage":{"@id":"https:\/\/diariotextual.com\/inicio\/index.php\/2019\/08\/18\/la-quita-iva-alimentos-no-va-ir-al-bolsillo-la-gente-dice-economista-pampeano\/#primaryimage"},"image":{"@id":"https:\/\/diariotextual.com\/inicio\/index.php\/2019\/08\/18\/la-quita-iva-alimentos-no-va-ir-al-bolsillo-la-gente-dice-economista-pampeano\/#primaryimage"},"thumbnailUrl":"https:\/\/diariotextual.com\/inicio\/wp-content\/uploads\/2018\/07\/supermercadochango.jpg","datePublished":"2019-08-18T13:33:09+00:00","dateModified":"2019-08-19T13:01:22+00:00","breadcrumb":{"@id":"https:\/\/diariotextual.com\/inicio\/index.php\/2019\/08\/18\/la-quita-iva-alimentos-no-va-ir-al-bolsillo-la-gente-dice-economista-pampeano\/#breadcrumb"},"inLanguage":"es","potentialAction":[{"@type":"ReadAction","target":["https:\/\/diariotextual.com\/inicio\/index.php\/2019\/08\/18\/la-quita-iva-alimentos-no-va-ir-al-bolsillo-la-gente-dice-economista-pampeano\/"]}]},{"@type":"ImageObject","inLanguage":"es","@id":"https:\/\/diariotextual.com\/inicio\/index.php\/2019\/08\/18\/la-quita-iva-alimentos-no-va-ir-al-bolsillo-la-gente-dice-economista-pampeano\/#primaryimage","url":"https:\/\/diariotextual.com\/inicio\/wp-content\/uploads\/2018\/07\/supermercadochango.jpg","contentUrl":"https:\/\/diariotextual.com\/inicio\/wp-content\/uploads\/2018\/07\/supermercadochango.jpg","width":645,"height":430},{"@type":"BreadcrumbList","@id":"https:\/\/diariotextual.com\/inicio\/index.php\/2019\/08\/18\/la-quita-iva-alimentos-no-va-ir-al-bolsillo-la-gente-dice-economista-pampeano\/#breadcrumb","itemListElement":[{"@type":"ListItem","position":1,"name":"Portada","item":"https:\/\/diariotextual.com\/inicio\/"},{"@type":"ListItem","position":2,"name":"\u00abLa quita de IVA a alimentos no va a ir al bolsillo de la gente\u00bb, dice economista pampeano"}]},{"@type":"WebSite","@id":"https:\/\/diariotextual.com\/inicio\/#website","url":"https:\/\/diariotextual.com\/inicio\/","name":"Diario Textual","description":"","publisher":{"@id":"https:\/\/diariotextual.com\/inicio\/#organization"},"potentialAction":[{"@type":"SearchAction","target":{"@type":"EntryPoint","urlTemplate":"https:\/\/diariotextual.com\/inicio\/?s={search_term_string}"},"query-input":{"@type":"PropertyValueSpecification","valueRequired":true,"valueName":"search_term_string"}}],"inLanguage":"es"},{"@type":"Organization","@id":"https:\/\/diariotextual.com\/inicio\/#organization","name":"Diario Textual","url":"https:\/\/diariotextual.com\/inicio\/","logo":{"@type":"ImageObject","inLanguage":"es","@id":"https:\/\/diariotextual.com\/inicio\/#\/schema\/logo\/image\/","url":"https:\/\/diariotextual.com\/inicio\/wp-content\/uploads\/2023\/05\/logotextual1.jpg","contentUrl":"https:\/\/diariotextual.com\/inicio\/wp-content\/uploads\/2023\/05\/logotextual1.jpg","width":516,"height":76,"caption":"Diario Textual"},"image":{"@id":"https:\/\/diariotextual.com\/inicio\/#\/schema\/logo\/image\/"},"sameAs":["https:\/\/www.facebook.com\/eltextual","https:\/\/x.com\/eltextual","http:\/\/www.instagram.com\/eltextual"]},{"@type":"Person","@id":"https:\/\/diariotextual.com\/inicio\/#\/schema\/person\/c7834961ad8b29b1d9cdbf4571299067","name":"diario5","image":{"@type":"ImageObject","inLanguage":"es","@id":"https:\/\/secure.gravatar.com\/avatar\/948c893b847ca6df68216ead81b63f363408ec9b0f600fefc0641ce78613b111?s=96&d=mm&r=g","url":"https:\/\/secure.gravatar.com\/avatar\/948c893b847ca6df68216ead81b63f363408ec9b0f600fefc0641ce78613b111?s=96&d=mm&r=g","contentUrl":"https:\/\/secure.gravatar.com\/avatar\/948c893b847ca6df68216ead81b63f363408ec9b0f600fefc0641ce78613b111?s=96&d=mm&r=g","caption":"diario5"},"url":"https:\/\/diariotextual.com\/inicio\/index.php\/author\/diario5\/"}]}},"_links":{"self":[{"href":"https:\/\/diariotextual.com\/inicio\/index.php\/wp-json\/wp\/v2\/posts\/59896","targetHints":{"allow":["GET"]}}],"collection":[{"href":"https:\/\/diariotextual.com\/inicio\/index.php\/wp-json\/wp\/v2\/posts"}],"about":[{"href":"https:\/\/diariotextual.com\/inicio\/index.php\/wp-json\/wp\/v2\/types\/post"}],"author":[{"embeddable":true,"href":"https:\/\/diariotextual.com\/inicio\/index.php\/wp-json\/wp\/v2\/users\/7"}],"replies":[{"embeddable":true,"href":"https:\/\/diariotextual.com\/inicio\/index.php\/wp-json\/wp\/v2\/comments?post=59896"}],"version-history":[{"count":1,"href":"https:\/\/diariotextual.com\/inicio\/index.php\/wp-json\/wp\/v2\/posts\/59896\/revisions"}],"predecessor-version":[{"id":59897,"href":"https:\/\/diariotextual.com\/inicio\/index.php\/wp-json\/wp\/v2\/posts\/59896\/revisions\/59897"}],"wp:featuredmedia":[{"embeddable":true,"href":"https:\/\/diariotextual.com\/inicio\/index.php\/wp-json\/wp\/v2\/media\/13707"}],"wp:attachment":[{"href":"https:\/\/diariotextual.com\/inicio\/index.php\/wp-json\/wp\/v2\/media?parent=59896"}],"wp:term":[{"taxonomy":"category","embeddable":true,"href":"https:\/\/diariotextual.com\/inicio\/index.php\/wp-json\/wp\/v2\/categories?post=59896"},{"taxonomy":"post_tag","embeddable":true,"href":"https:\/\/diariotextual.com\/inicio\/index.php\/wp-json\/wp\/v2\/tags?post=59896"}],"curies":[{"name":"wp","href":"https:\/\/api.w.org\/{rel}","templated":true}]}}