{"id":59899,"date":"2019-08-18T10:37:17","date_gmt":"2019-08-18T13:37:17","guid":{"rendered":"http:\/\/diariotextual.com\/inicio\/?p=59899"},"modified":"2019-08-18T18:00:21","modified_gmt":"2019-08-18T21:00:21","slug":"nevo-25-mayo-la-zona","status":"publish","type":"post","link":"https:\/\/diariotextual.com\/inicio\/index.php\/2019\/08\/18\/nevo-25-mayo-la-zona\/","title":{"rendered":"Nev\u00f3 en 25 de Mayo y la zona"},"content":{"rendered":"<p>Este domingo, a mediama\u00f1ana, comenz\u00f3 a nevar en la localidad de 25 de Mayo y todo el sudoeste de la provincia de La Pampa.<\/p>\n<p>&nbsp;<\/p>\n<div id=\"attachment_59933\" style=\"width: 650px\" class=\"wp-caption alignnone\"><img fetchpriority=\"high\" decoding=\"async\" aria-describedby=\"caption-attachment-59933\" class=\"wp-image-59933 size-full\" src=\"http:\/\/diariotextual.com\/inicio\/wp-content\/uploads\/2019\/08\/nieve25demayo2019-6.jpg\" alt=\"\" width=\"640\" height=\"392\" srcset=\"https:\/\/diariotextual.com\/inicio\/wp-content\/uploads\/2019\/08\/nieve25demayo2019-6.jpg 640w, https:\/\/diariotextual.com\/inicio\/wp-content\/uploads\/2019\/08\/nieve25demayo2019-6-300x184.jpg 300w, https:\/\/diariotextual.com\/inicio\/wp-content\/uploads\/2019\/08\/nieve25demayo2019-6-585x358.jpg 585w\" sizes=\"(max-width: 640px) 100vw, 640px\" \/><p id=\"caption-attachment-59933\" class=\"wp-caption-text\">As\u00ed est\u00e1 el campo Don F\u00e9lix, en proximidades de Puel\u00e9n (foto de Santiago Dur\u00e1n).<\/p><\/div>\n<p>&nbsp;<\/p>\n<p>Luis Oga, vecino del lugar, cont\u00f3 a Diario Textual que el fen\u00f3meno comenz\u00f3 como aguanieve y unos minutos despu\u00e9s empezaron a caer copos de nieve.<\/p>\n<p>&nbsp;<\/p>\n<p><iframe style=\"border: none; overflow: hidden;\" src=\"https:\/\/www.facebook.com\/plugins\/video.php?href=https%3A%2F%2Fwww.facebook.com%2Feltextual%2Fvideos%2F743153239462382%2F&amp;show_text=0&amp;width=267\" width=\"267\" height=\"476\" frameborder=\"0\" scrolling=\"no\" allowfullscreen=\"allowfullscreen\"><\/iframe><\/p>\n<div id=\"attachment_59919\" style=\"width: 628px\" class=\"wp-caption alignnone\"><img decoding=\"async\" aria-describedby=\"caption-attachment-59919\" class=\"wp-image-59919 \" src=\"http:\/\/diariotextual.com\/inicio\/wp-content\/uploads\/2019\/08\/nieve25demayo2019-3.jpg\" alt=\"\" width=\"618\" height=\"408\" srcset=\"https:\/\/diariotextual.com\/inicio\/wp-content\/uploads\/2019\/08\/nieve25demayo2019-3.jpg 952w, https:\/\/diariotextual.com\/inicio\/wp-content\/uploads\/2019\/08\/nieve25demayo2019-3-300x198.jpg 300w, https:\/\/diariotextual.com\/inicio\/wp-content\/uploads\/2019\/08\/nieve25demayo2019-3-768x507.jpg 768w, https:\/\/diariotextual.com\/inicio\/wp-content\/uploads\/2019\/08\/nieve25demayo2019-3-780x516.jpg 780w, https:\/\/diariotextual.com\/inicio\/wp-content\/uploads\/2019\/08\/nieve25demayo2019-3-585x386.jpg 585w, https:\/\/diariotextual.com\/inicio\/wp-content\/uploads\/2019\/08\/nieve25demayo2019-3-263x175.jpg 263w\" sizes=\"(max-width: 618px) 100vw, 618px\" \/><p id=\"caption-attachment-59919\" class=\"wp-caption-text\">25 de Mayo, blanco (foto de Carlos Buffa).<\/p><\/div>\n<p>&nbsp;<\/p>\n<p><iframe style=\"border: none; overflow: hidden;\" src=\"https:\/\/www.facebook.com\/plugins\/video.php?href=https%3A%2F%2Fwww.facebook.com%2Feltextual%2Fvideos%2F1348164268671152%2F&amp;show_text=1&amp;width=560\" width=\"560\" height=\"400\" frameborder=\"0\" scrolling=\"no\" allowfullscreen=\"allowfullscreen\"><\/iframe><\/p>\n<p>&nbsp;<\/p>\n<div id=\"attachment_59935\" style=\"width: 601px\" class=\"wp-caption alignnone\"><img decoding=\"async\" aria-describedby=\"caption-attachment-59935\" class=\"wp-image-59935\" style=\"text-align: center;\" src=\"http:\/\/diariotextual.com\/inicio\/wp-content\/uploads\/2019\/08\/nieve25demayo2019-8.jpg\" alt=\"\" width=\"591\" height=\"443\" srcset=\"https:\/\/diariotextual.com\/inicio\/wp-content\/uploads\/2019\/08\/nieve25demayo2019-8.jpg 640w, https:\/\/diariotextual.com\/inicio\/wp-content\/uploads\/2019\/08\/nieve25demayo2019-8-300x225.jpg 300w, https:\/\/diariotextual.com\/inicio\/wp-content\/uploads\/2019\/08\/nieve25demayo2019-8-585x439.jpg 585w\" sizes=\"(max-width: 591px) 100vw, 591px\" \/><p id=\"caption-attachment-59935\" class=\"wp-caption-text\">Las calles de 25 de Mayo, a las 11 horas (foto de Vanina Molina).<\/p><\/div>\n<p>&nbsp;<\/p>\n<div id=\"attachment_59936\" style=\"width: 649px\" class=\"wp-caption alignnone\"><img loading=\"lazy\" decoding=\"async\" aria-describedby=\"caption-attachment-59936\" class=\"wp-image-59936 size-full\" style=\"text-align: center;\" src=\"http:\/\/diariotextual.com\/inicio\/wp-content\/uploads\/2019\/08\/nieve25demayo2019-7.jpg\" alt=\"\" width=\"639\" height=\"480\" srcset=\"https:\/\/diariotextual.com\/inicio\/wp-content\/uploads\/2019\/08\/nieve25demayo2019-7.jpg 639w, https:\/\/diariotextual.com\/inicio\/wp-content\/uploads\/2019\/08\/nieve25demayo2019-7-300x225.jpg 300w, https:\/\/diariotextual.com\/inicio\/wp-content\/uploads\/2019\/08\/nieve25demayo2019-7-585x439.jpg 585w\" sizes=\"(max-width: 639px) 100vw, 639px\" \/><p id=\"caption-attachment-59936\" class=\"wp-caption-text\">La familia Molina, en medio de la nevada (foto de Vanina Molina).<\/p><\/div>\n<p>&nbsp;<\/p>\n<div id=\"attachment_59934\" style=\"width: 689px\" class=\"wp-caption alignnone\"><img loading=\"lazy\" decoding=\"async\" aria-describedby=\"caption-attachment-59934\" class=\"wp-image-59934\" src=\"http:\/\/diariotextual.com\/inicio\/wp-content\/uploads\/2019\/08\/nieve25demayo2019-5-1024x550.jpg\" alt=\"\" width=\"679\" height=\"365\" srcset=\"https:\/\/diariotextual.com\/inicio\/wp-content\/uploads\/2019\/08\/nieve25demayo2019-5-1024x550.jpg 1024w, https:\/\/diariotextual.com\/inicio\/wp-content\/uploads\/2019\/08\/nieve25demayo2019-5-300x161.jpg 300w, https:\/\/diariotextual.com\/inicio\/wp-content\/uploads\/2019\/08\/nieve25demayo2019-5-768x413.jpg 768w, https:\/\/diariotextual.com\/inicio\/wp-content\/uploads\/2019\/08\/nieve25demayo2019-5-585x314.jpg 585w, https:\/\/diariotextual.com\/inicio\/wp-content\/uploads\/2019\/08\/nieve25demayo2019-5.jpg 1098w\" sizes=\"(max-width: 679px) 100vw, 679px\" \/><p id=\"caption-attachment-59934\" class=\"wp-caption-text\">Un patio de 25 de Mayo, a las 11 horas (foto de Luis Oga).<\/p><\/div>\n<p>&nbsp;<\/p>\n<div id=\"attachment_59918\" style=\"width: 703px\" class=\"wp-caption alignnone\"><img loading=\"lazy\" decoding=\"async\" aria-describedby=\"caption-attachment-59918\" class=\"wp-image-59918\" src=\"http:\/\/diariotextual.com\/inicio\/wp-content\/uploads\/2019\/08\/nieve25demayo2019-2.jpg\" alt=\"\" width=\"693\" height=\"475\" srcset=\"https:\/\/diariotextual.com\/inicio\/wp-content\/uploads\/2019\/08\/nieve25demayo2019-2.jpg 954w, https:\/\/diariotextual.com\/inicio\/wp-content\/uploads\/2019\/08\/nieve25demayo2019-2-300x206.jpg 300w, https:\/\/diariotextual.com\/inicio\/wp-content\/uploads\/2019\/08\/nieve25demayo2019-2-768x527.jpg 768w, https:\/\/diariotextual.com\/inicio\/wp-content\/uploads\/2019\/08\/nieve25demayo2019-2-585x402.jpg 585w\" sizes=\"(max-width: 693px) 100vw, 693px\" \/><p id=\"caption-attachment-59918\" class=\"wp-caption-text\">Otra postal de 25 de Mayo (foto de Evi Toranzo).<\/p><\/div>\n<p>&nbsp;<\/p>\n<p>&nbsp;<\/p>\n<p>&nbsp;<\/p>\n","protected":false},"excerpt":{"rendered":"<p>Este domingo, a mediama\u00f1ana, comenz\u00f3 a nevar en la localidad de 25 de Mayo y todo el sudoeste de la provincia de La Pampa. &nbsp; &nbsp; Luis Oga, vecino del&hellip;<\/p>\n","protected":false},"author":3,"featured_media":59938,"comment_status":"closed","ping_status":"open","sticky":false,"template":"","format":"standard","meta":{"_acf_changed":false,"footnotes":""},"categories":[11,319,12],"tags":[150,2189,420],"class_list":["post-59899","post","type-post","status-publish","format-standard","has-post-thumbnail","hentry","category-que-pasa","category-a-temporales","category-sociedad","tag-25-de-mayo","tag-nevando","tag-nieve"],"acf":[],"yoast_head":"<!-- This site is optimized with the Yoast SEO plugin v27.5 - https:\/\/yoast.com\/product\/yoast-seo-wordpress\/ -->\n<title>Nev\u00f3 en 25 de Mayo y la zona - Diario Textual<\/title>\n<meta name=\"robots\" content=\"index, follow, max-snippet:-1, max-image-preview:large, max-video-preview:-1\" \/>\n<link rel=\"canonical\" href=\"https:\/\/diariotextual.com\/inicio\/index.php\/2019\/08\/18\/nevo-25-mayo-la-zona\/\" \/>\n<meta property=\"og:locale\" content=\"es_ES\" \/>\n<meta property=\"og:type\" content=\"article\" \/>\n<meta property=\"og:title\" content=\"Nev\u00f3 en 25 de Mayo y la zona - Diario Textual\" \/>\n<meta property=\"og:description\" content=\"Este domingo, a mediama\u00f1ana, comenz\u00f3 a nevar en la localidad de 25 de Mayo y todo el sudoeste de la provincia de La Pampa. &nbsp; &nbsp; Luis Oga, vecino del&hellip;\" \/>\n<meta property=\"og:url\" content=\"https:\/\/diariotextual.com\/inicio\/index.php\/2019\/08\/18\/nevo-25-mayo-la-zona\/\" \/>\n<meta property=\"og:site_name\" content=\"Diario Textual\" \/>\n<meta property=\"article:publisher\" content=\"https:\/\/www.facebook.com\/eltextual\" \/>\n<meta property=\"article:published_time\" content=\"2019-08-18T13:37:17+00:00\" \/>\n<meta property=\"article:modified_time\" content=\"2019-08-18T21:00:21+00:00\" \/>\n<meta property=\"og:image\" content=\"https:\/\/diariotextual.com\/inicio\/wp-content\/uploads\/2019\/08\/nieve25demayo2019-4.jpg\" \/>\n\t<meta property=\"og:image:width\" content=\"1050\" \/>\n\t<meta property=\"og:image:height\" content=\"583\" \/>\n\t<meta property=\"og:image:type\" content=\"image\/jpeg\" \/>\n<meta name=\"author\" content=\"Diario1 Diario1\" \/>\n<meta name=\"twitter:card\" content=\"summary_large_image\" \/>\n<meta name=\"twitter:creator\" content=\"@eltextual\" \/>\n<meta name=\"twitter:site\" content=\"@eltextual\" \/>\n<meta name=\"twitter:label1\" content=\"Escrito por\" \/>\n\t<meta name=\"twitter:data1\" content=\"Diario1 Diario1\" \/>\n\t<meta name=\"twitter:label2\" content=\"Tiempo de lectura\" \/>\n\t<meta name=\"twitter:data2\" content=\"1 minuto\" \/>\n<script type=\"application\/ld+json\" class=\"yoast-schema-graph\">{\"@context\":\"https:\\\/\\\/schema.org\",\"@graph\":[{\"@type\":\"Article\",\"@id\":\"https:\\\/\\\/diariotextual.com\\\/inicio\\\/index.php\\\/2019\\\/08\\\/18\\\/nevo-25-mayo-la-zona\\\/#article\",\"isPartOf\":{\"@id\":\"https:\\\/\\\/diariotextual.com\\\/inicio\\\/index.php\\\/2019\\\/08\\\/18\\\/nevo-25-mayo-la-zona\\\/\"},\"author\":{\"name\":\"Diario1 Diario1\",\"@id\":\"https:\\\/\\\/diariotextual.com\\\/inicio\\\/#\\\/schema\\\/person\\\/418fc4093c33e86ed41562db3508f958\"},\"headline\":\"Nev\u00f3 en 25 de Mayo y la zona\",\"datePublished\":\"2019-08-18T13:37:17+00:00\",\"dateModified\":\"2019-08-18T21:00:21+00:00\",\"mainEntityOfPage\":{\"@id\":\"https:\\\/\\\/diariotextual.com\\\/inicio\\\/index.php\\\/2019\\\/08\\\/18\\\/nevo-25-mayo-la-zona\\\/\"},\"wordCount\":180,\"publisher\":{\"@id\":\"https:\\\/\\\/diariotextual.com\\\/inicio\\\/#organization\"},\"image\":{\"@id\":\"https:\\\/\\\/diariotextual.com\\\/inicio\\\/index.php\\\/2019\\\/08\\\/18\\\/nevo-25-mayo-la-zona\\\/#primaryimage\"},\"thumbnailUrl\":\"https:\\\/\\\/diariotextual.com\\\/inicio\\\/wp-content\\\/uploads\\\/2019\\\/08\\\/nieve25demayo2019-4.jpg\",\"keywords\":[\"25 de mayo\",\"nevando\",\"nieve\"],\"articleSection\":[\"A - QUE PASA (al costado)\",\"A - TEMPORALES\",\"SOCIEDAD\"],\"inLanguage\":\"es\"},{\"@type\":\"WebPage\",\"@id\":\"https:\\\/\\\/diariotextual.com\\\/inicio\\\/index.php\\\/2019\\\/08\\\/18\\\/nevo-25-mayo-la-zona\\\/\",\"url\":\"https:\\\/\\\/diariotextual.com\\\/inicio\\\/index.php\\\/2019\\\/08\\\/18\\\/nevo-25-mayo-la-zona\\\/\",\"name\":\"Nev\u00f3 en 25 de Mayo y la zona - Diario Textual\",\"isPartOf\":{\"@id\":\"https:\\\/\\\/diariotextual.com\\\/inicio\\\/#website\"},\"primaryImageOfPage\":{\"@id\":\"https:\\\/\\\/diariotextual.com\\\/inicio\\\/index.php\\\/2019\\\/08\\\/18\\\/nevo-25-mayo-la-zona\\\/#primaryimage\"},\"image\":{\"@id\":\"https:\\\/\\\/diariotextual.com\\\/inicio\\\/index.php\\\/2019\\\/08\\\/18\\\/nevo-25-mayo-la-zona\\\/#primaryimage\"},\"thumbnailUrl\":\"https:\\\/\\\/diariotextual.com\\\/inicio\\\/wp-content\\\/uploads\\\/2019\\\/08\\\/nieve25demayo2019-4.jpg\",\"datePublished\":\"2019-08-18T13:37:17+00:00\",\"dateModified\":\"2019-08-18T21:00:21+00:00\",\"breadcrumb\":{\"@id\":\"https:\\\/\\\/diariotextual.com\\\/inicio\\\/index.php\\\/2019\\\/08\\\/18\\\/nevo-25-mayo-la-zona\\\/#breadcrumb\"},\"inLanguage\":\"es\",\"potentialAction\":[{\"@type\":\"ReadAction\",\"target\":[\"https:\\\/\\\/diariotextual.com\\\/inicio\\\/index.php\\\/2019\\\/08\\\/18\\\/nevo-25-mayo-la-zona\\\/\"]}]},{\"@type\":\"ImageObject\",\"inLanguage\":\"es\",\"@id\":\"https:\\\/\\\/diariotextual.com\\\/inicio\\\/index.php\\\/2019\\\/08\\\/18\\\/nevo-25-mayo-la-zona\\\/#primaryimage\",\"url\":\"https:\\\/\\\/diariotextual.com\\\/inicio\\\/wp-content\\\/uploads\\\/2019\\\/08\\\/nieve25demayo2019-4.jpg\",\"contentUrl\":\"https:\\\/\\\/diariotextual.com\\\/inicio\\\/wp-content\\\/uploads\\\/2019\\\/08\\\/nieve25demayo2019-4.jpg\",\"width\":1050,\"height\":583},{\"@type\":\"BreadcrumbList\",\"@id\":\"https:\\\/\\\/diariotextual.com\\\/inicio\\\/index.php\\\/2019\\\/08\\\/18\\\/nevo-25-mayo-la-zona\\\/#breadcrumb\",\"itemListElement\":[{\"@type\":\"ListItem\",\"position\":1,\"name\":\"Portada\",\"item\":\"https:\\\/\\\/diariotextual.com\\\/inicio\\\/\"},{\"@type\":\"ListItem\",\"position\":2,\"name\":\"Nev\u00f3 en 25 de Mayo y la zona\"}]},{\"@type\":\"WebSite\",\"@id\":\"https:\\\/\\\/diariotextual.com\\\/inicio\\\/#website\",\"url\":\"https:\\\/\\\/diariotextual.com\\\/inicio\\\/\",\"name\":\"Diario Textual\",\"description\":\"\",\"publisher\":{\"@id\":\"https:\\\/\\\/diariotextual.com\\\/inicio\\\/#organization\"},\"potentialAction\":[{\"@type\":\"SearchAction\",\"target\":{\"@type\":\"EntryPoint\",\"urlTemplate\":\"https:\\\/\\\/diariotextual.com\\\/inicio\\\/?s={search_term_string}\"},\"query-input\":{\"@type\":\"PropertyValueSpecification\",\"valueRequired\":true,\"valueName\":\"search_term_string\"}}],\"inLanguage\":\"es\"},{\"@type\":\"Organization\",\"@id\":\"https:\\\/\\\/diariotextual.com\\\/inicio\\\/#organization\",\"name\":\"Diario Textual\",\"url\":\"https:\\\/\\\/diariotextual.com\\\/inicio\\\/\",\"logo\":{\"@type\":\"ImageObject\",\"inLanguage\":\"es\",\"@id\":\"https:\\\/\\\/diariotextual.com\\\/inicio\\\/#\\\/schema\\\/logo\\\/image\\\/\",\"url\":\"https:\\\/\\\/diariotextual.com\\\/inicio\\\/wp-content\\\/uploads\\\/2023\\\/05\\\/logotextual1.jpg\",\"contentUrl\":\"https:\\\/\\\/diariotextual.com\\\/inicio\\\/wp-content\\\/uploads\\\/2023\\\/05\\\/logotextual1.jpg\",\"width\":516,\"height\":76,\"caption\":\"Diario Textual\"},\"image\":{\"@id\":\"https:\\\/\\\/diariotextual.com\\\/inicio\\\/#\\\/schema\\\/logo\\\/image\\\/\"},\"sameAs\":[\"https:\\\/\\\/www.facebook.com\\\/eltextual\",\"https:\\\/\\\/x.com\\\/eltextual\",\"http:\\\/\\\/www.instagram.com\\\/eltextual\"]},{\"@type\":\"Person\",\"@id\":\"https:\\\/\\\/diariotextual.com\\\/inicio\\\/#\\\/schema\\\/person\\\/418fc4093c33e86ed41562db3508f958\",\"name\":\"Diario1 Diario1\",\"image\":{\"@type\":\"ImageObject\",\"inLanguage\":\"es\",\"@id\":\"https:\\\/\\\/secure.gravatar.com\\\/avatar\\\/9167d280179c85bc18be67aa7eda765854300033af4896dd779b608640f2ef7a?s=96&d=mm&r=g\",\"url\":\"https:\\\/\\\/secure.gravatar.com\\\/avatar\\\/9167d280179c85bc18be67aa7eda765854300033af4896dd779b608640f2ef7a?s=96&d=mm&r=g\",\"contentUrl\":\"https:\\\/\\\/secure.gravatar.com\\\/avatar\\\/9167d280179c85bc18be67aa7eda765854300033af4896dd779b608640f2ef7a?s=96&d=mm&r=g\",\"caption\":\"Diario1 Diario1\"},\"url\":\"https:\\\/\\\/diariotextual.com\\\/inicio\\\/index.php\\\/author\\\/diario1\\\/\"}]}<\/script>\n<!-- \/ Yoast SEO plugin. -->","yoast_head_json":{"title":"Nev\u00f3 en 25 de Mayo y la zona - Diario Textual","robots":{"index":"index","follow":"follow","max-snippet":"max-snippet:-1","max-image-preview":"max-image-preview:large","max-video-preview":"max-video-preview:-1"},"canonical":"https:\/\/diariotextual.com\/inicio\/index.php\/2019\/08\/18\/nevo-25-mayo-la-zona\/","og_locale":"es_ES","og_type":"article","og_title":"Nev\u00f3 en 25 de Mayo y la zona - Diario Textual","og_description":"Este domingo, a mediama\u00f1ana, comenz\u00f3 a nevar en la localidad de 25 de Mayo y todo el sudoeste de la provincia de La Pampa. &nbsp; &nbsp; Luis Oga, vecino del&hellip;","og_url":"https:\/\/diariotextual.com\/inicio\/index.php\/2019\/08\/18\/nevo-25-mayo-la-zona\/","og_site_name":"Diario Textual","article_publisher":"https:\/\/www.facebook.com\/eltextual","article_published_time":"2019-08-18T13:37:17+00:00","article_modified_time":"2019-08-18T21:00:21+00:00","og_image":[{"width":1050,"height":583,"url":"https:\/\/diariotextual.com\/inicio\/wp-content\/uploads\/2019\/08\/nieve25demayo2019-4.jpg","type":"image\/jpeg"}],"author":"Diario1 Diario1","twitter_card":"summary_large_image","twitter_creator":"@eltextual","twitter_site":"@eltextual","twitter_misc":{"Escrito por":"Diario1 Diario1","Tiempo de lectura":"1 minuto"},"schema":{"@context":"https:\/\/schema.org","@graph":[{"@type":"Article","@id":"https:\/\/diariotextual.com\/inicio\/index.php\/2019\/08\/18\/nevo-25-mayo-la-zona\/#article","isPartOf":{"@id":"https:\/\/diariotextual.com\/inicio\/index.php\/2019\/08\/18\/nevo-25-mayo-la-zona\/"},"author":{"name":"Diario1 Diario1","@id":"https:\/\/diariotextual.com\/inicio\/#\/schema\/person\/418fc4093c33e86ed41562db3508f958"},"headline":"Nev\u00f3 en 25 de Mayo y la zona","datePublished":"2019-08-18T13:37:17+00:00","dateModified":"2019-08-18T21:00:21+00:00","mainEntityOfPage":{"@id":"https:\/\/diariotextual.com\/inicio\/index.php\/2019\/08\/18\/nevo-25-mayo-la-zona\/"},"wordCount":180,"publisher":{"@id":"https:\/\/diariotextual.com\/inicio\/#organization"},"image":{"@id":"https:\/\/diariotextual.com\/inicio\/index.php\/2019\/08\/18\/nevo-25-mayo-la-zona\/#primaryimage"},"thumbnailUrl":"https:\/\/diariotextual.com\/inicio\/wp-content\/uploads\/2019\/08\/nieve25demayo2019-4.jpg","keywords":["25 de mayo","nevando","nieve"],"articleSection":["A - QUE PASA (al costado)","A - TEMPORALES","SOCIEDAD"],"inLanguage":"es"},{"@type":"WebPage","@id":"https:\/\/diariotextual.com\/inicio\/index.php\/2019\/08\/18\/nevo-25-mayo-la-zona\/","url":"https:\/\/diariotextual.com\/inicio\/index.php\/2019\/08\/18\/nevo-25-mayo-la-zona\/","name":"Nev\u00f3 en 25 de Mayo y la zona - Diario Textual","isPartOf":{"@id":"https:\/\/diariotextual.com\/inicio\/#website"},"primaryImageOfPage":{"@id":"https:\/\/diariotextual.com\/inicio\/index.php\/2019\/08\/18\/nevo-25-mayo-la-zona\/#primaryimage"},"image":{"@id":"https:\/\/diariotextual.com\/inicio\/index.php\/2019\/08\/18\/nevo-25-mayo-la-zona\/#primaryimage"},"thumbnailUrl":"https:\/\/diariotextual.com\/inicio\/wp-content\/uploads\/2019\/08\/nieve25demayo2019-4.jpg","datePublished":"2019-08-18T13:37:17+00:00","dateModified":"2019-08-18T21:00:21+00:00","breadcrumb":{"@id":"https:\/\/diariotextual.com\/inicio\/index.php\/2019\/08\/18\/nevo-25-mayo-la-zona\/#breadcrumb"},"inLanguage":"es","potentialAction":[{"@type":"ReadAction","target":["https:\/\/diariotextual.com\/inicio\/index.php\/2019\/08\/18\/nevo-25-mayo-la-zona\/"]}]},{"@type":"ImageObject","inLanguage":"es","@id":"https:\/\/diariotextual.com\/inicio\/index.php\/2019\/08\/18\/nevo-25-mayo-la-zona\/#primaryimage","url":"https:\/\/diariotextual.com\/inicio\/wp-content\/uploads\/2019\/08\/nieve25demayo2019-4.jpg","contentUrl":"https:\/\/diariotextual.com\/inicio\/wp-content\/uploads\/2019\/08\/nieve25demayo2019-4.jpg","width":1050,"height":583},{"@type":"BreadcrumbList","@id":"https:\/\/diariotextual.com\/inicio\/index.php\/2019\/08\/18\/nevo-25-mayo-la-zona\/#breadcrumb","itemListElement":[{"@type":"ListItem","position":1,"name":"Portada","item":"https:\/\/diariotextual.com\/inicio\/"},{"@type":"ListItem","position":2,"name":"Nev\u00f3 en 25 de Mayo y la zona"}]},{"@type":"WebSite","@id":"https:\/\/diariotextual.com\/inicio\/#website","url":"https:\/\/diariotextual.com\/inicio\/","name":"Diario Textual","description":"","publisher":{"@id":"https:\/\/diariotextual.com\/inicio\/#organization"},"potentialAction":[{"@type":"SearchAction","target":{"@type":"EntryPoint","urlTemplate":"https:\/\/diariotextual.com\/inicio\/?s={search_term_string}"},"query-input":{"@type":"PropertyValueSpecification","valueRequired":true,"valueName":"search_term_string"}}],"inLanguage":"es"},{"@type":"Organization","@id":"https:\/\/diariotextual.com\/inicio\/#organization","name":"Diario Textual","url":"https:\/\/diariotextual.com\/inicio\/","logo":{"@type":"ImageObject","inLanguage":"es","@id":"https:\/\/diariotextual.com\/inicio\/#\/schema\/logo\/image\/","url":"https:\/\/diariotextual.com\/inicio\/wp-content\/uploads\/2023\/05\/logotextual1.jpg","contentUrl":"https:\/\/diariotextual.com\/inicio\/wp-content\/uploads\/2023\/05\/logotextual1.jpg","width":516,"height":76,"caption":"Diario Textual"},"image":{"@id":"https:\/\/diariotextual.com\/inicio\/#\/schema\/logo\/image\/"},"sameAs":["https:\/\/www.facebook.com\/eltextual","https:\/\/x.com\/eltextual","http:\/\/www.instagram.com\/eltextual"]},{"@type":"Person","@id":"https:\/\/diariotextual.com\/inicio\/#\/schema\/person\/418fc4093c33e86ed41562db3508f958","name":"Diario1 Diario1","image":{"@type":"ImageObject","inLanguage":"es","@id":"https:\/\/secure.gravatar.com\/avatar\/9167d280179c85bc18be67aa7eda765854300033af4896dd779b608640f2ef7a?s=96&d=mm&r=g","url":"https:\/\/secure.gravatar.com\/avatar\/9167d280179c85bc18be67aa7eda765854300033af4896dd779b608640f2ef7a?s=96&d=mm&r=g","contentUrl":"https:\/\/secure.gravatar.com\/avatar\/9167d280179c85bc18be67aa7eda765854300033af4896dd779b608640f2ef7a?s=96&d=mm&r=g","caption":"Diario1 Diario1"},"url":"https:\/\/diariotextual.com\/inicio\/index.php\/author\/diario1\/"}]}},"_links":{"self":[{"href":"https:\/\/diariotextual.com\/inicio\/index.php\/wp-json\/wp\/v2\/posts\/59899","targetHints":{"allow":["GET"]}}],"collection":[{"href":"https:\/\/diariotextual.com\/inicio\/index.php\/wp-json\/wp\/v2\/posts"}],"about":[{"href":"https:\/\/diariotextual.com\/inicio\/index.php\/wp-json\/wp\/v2\/types\/post"}],"author":[{"embeddable":true,"href":"https:\/\/diariotextual.com\/inicio\/index.php\/wp-json\/wp\/v2\/users\/3"}],"replies":[{"embeddable":true,"href":"https:\/\/diariotextual.com\/inicio\/index.php\/wp-json\/wp\/v2\/comments?post=59899"}],"version-history":[{"count":13,"href":"https:\/\/diariotextual.com\/inicio\/index.php\/wp-json\/wp\/v2\/posts\/59899\/revisions"}],"predecessor-version":[{"id":59952,"href":"https:\/\/diariotextual.com\/inicio\/index.php\/wp-json\/wp\/v2\/posts\/59899\/revisions\/59952"}],"wp:featuredmedia":[{"embeddable":true,"href":"https:\/\/diariotextual.com\/inicio\/index.php\/wp-json\/wp\/v2\/media\/59938"}],"wp:attachment":[{"href":"https:\/\/diariotextual.com\/inicio\/index.php\/wp-json\/wp\/v2\/media?parent=59899"}],"wp:term":[{"taxonomy":"category","embeddable":true,"href":"https:\/\/diariotextual.com\/inicio\/index.php\/wp-json\/wp\/v2\/categories?post=59899"},{"taxonomy":"post_tag","embeddable":true,"href":"https:\/\/diariotextual.com\/inicio\/index.php\/wp-json\/wp\/v2\/tags?post=59899"}],"curies":[{"name":"wp","href":"https:\/\/api.w.org\/{rel}","templated":true}]}}