{"id":59953,"date":"2019-08-18T17:47:58","date_gmt":"2019-08-18T20:47:58","guid":{"rendered":"http:\/\/diariotextual.com\/inicio\/?p=59953"},"modified":"2019-08-19T07:55:13","modified_gmt":"2019-08-19T10:55:13","slug":"lacunza-se-reunio-sandleris-analiza-primeras-medidas","status":"publish","type":"post","link":"https:\/\/diariotextual.com\/inicio\/index.php\/2019\/08\/18\/lacunza-se-reunio-sandleris-analiza-primeras-medidas\/","title":{"rendered":"Hern\u00e1n Lacunza ya se reuni\u00f3 con Dujovne y Sandleris y analiza sus primeras medidas"},"content":{"rendered":"<p>El designado ministro de Hacienda, Hern\u00e1n Lacunza,\u00a0el designado ministro de Hacienda, Hern\u00e1n Lacunza, mantuvo un encuentro de casi una hora con el presidente del Banco Central, Guido Sandleris, para repasar la agenda cambiaria, tras una semana de fuertes sacudones. La agenda continu\u00f3 luego con un encuentro tripartito, al sumar al saliente ministro de Hacienda, Nicol\u00e1s Dujovne, con quien hicieron un repaso de la situaci\u00f3n de la cartera. El encuentro fue para acordar la transici\u00f3n, aclararon fuentes cercanas a Lacunza. Tras estos encuentros, prepara su reuni\u00f3n con el presidente Mauricio Macri prevista para este lunes.<\/p>\n<p>El encuentro fue en la casa de Lacunza, durante las primeras horas de la tarde, y se produjo previo a la llegada de una nueva misi\u00f3n del Fondo Monetario Internacional (FMI) que auditar\u00e1 las cuentas nacionales, para autorizar el desembolso de unos US$ 5.300 millones.<\/p>\n<p>La pr\u00f3xima misi\u00f3n del FMI deber\u00eda llegar en los pr\u00f3ximos 15 d\u00edas a Buenos Aires para revisar el cumplimiento de las metas fiscales y monetarias comprometidas en el segundo trimestre, las cuales se cumplieron con cierta holgura.<\/p>\n<p id=\"m127-126-128\" class=\"paragraph \">Ante esto, la mirada estar\u00e1 puesta entonces en si el Gobierno podr\u00e1 cumplir con la meta de alcanzar equilibrio fiscal para este a\u00f1o, o un d\u00e9ficit de menos de un punto del PBI, luego de las medidas anunciadas que implican el diferimiento en el pago de varios impuestos, o la rebaja de Ganancias.<\/p>\n<p id=\"m132-131-133\" class=\"paragraph \">El pr\u00f3ximo desembolso en torno a los US$ 5.300 millones deber\u00eda llegar para mediados de septiembre, y permitir aliviar la situaci\u00f3n financiera en medio de las elecciones de octubre.<\/p>\n<p id=\"m137-136-138\" class=\"paragraph \">\u00c9ste es el \u00faltimo gran desembolso que tiene previsto por el FMI en el acuerdo alcanzado en septiembre del a\u00f1o pasado por US$ 53.000 millones, que permitieron refinanciar la deuda argentina. Luego est\u00e1 previsto que lleguen a raz\u00f3n de US$ 1.000 millones trimestrales hasta mediados de 2021.<\/p>\n<p id=\"m157-156-158\" class=\"paragraph \">La estrategia adoptada por el BCRA la semana pasada ante la disparada del d\u00f3lar y las metas monetarias acordadas con el Fondo Monetario Internacional (FMI) fueron parte del temario.<\/p>\n<p id=\"m162-161-163\" class=\"paragraph \">Por la ma\u00f1ana, Lacunza reuni\u00f3 a su equipo econ\u00f3mico en un desayuno en su casa para comenzar a delinear las acciones de trabajo, previo al encuentro que mantendr\u00e1 con el presidente de la Naci\u00f3n, Mauricio Macri, informaron desde el entorno del funcionario.<\/p>\n<p>&nbsp;<\/p>\n<p>&nbsp;<\/p>\n<p>&nbsp;<\/p>\n<p>&nbsp;<\/p>\n<p>&nbsp;<\/p>\n","protected":false},"excerpt":{"rendered":"<p>El designado ministro de Hacienda, Hern\u00e1n Lacunza,\u00a0el designado ministro de Hacienda, Hern\u00e1n Lacunza, mantuvo un encuentro de casi una hora con el presidente del Banco Central, Guido Sandleris, para repasar&hellip;<\/p>\n","protected":false},"author":3,"featured_media":59967,"comment_status":"closed","ping_status":"open","sticky":false,"template":"","format":"standard","meta":{"_acf_changed":false,"footnotes":""},"categories":[11,5],"tags":[2190,2191],"class_list":["post-59953","post","type-post","status-publish","format-standard","has-post-thumbnail","hentry","category-que-pasa","category-economia","tag-lacunza","tag-sandleris"],"acf":[],"yoast_head":"<!-- This site is optimized with the Yoast SEO plugin v27.5 - https:\/\/yoast.com\/product\/yoast-seo-wordpress\/ -->\n<title>Hern\u00e1n Lacunza ya se reuni\u00f3 con Dujovne y Sandleris y analiza sus primeras medidas - Diario Textual<\/title>\n<meta name=\"robots\" content=\"index, follow, max-snippet:-1, max-image-preview:large, max-video-preview:-1\" \/>\n<link rel=\"canonical\" href=\"https:\/\/diariotextual.com\/inicio\/index.php\/2019\/08\/18\/lacunza-se-reunio-sandleris-analiza-primeras-medidas\/\" \/>\n<meta property=\"og:locale\" content=\"es_ES\" \/>\n<meta property=\"og:type\" content=\"article\" \/>\n<meta property=\"og:title\" content=\"Hern\u00e1n Lacunza ya se reuni\u00f3 con Dujovne y Sandleris y analiza sus primeras medidas - Diario Textual\" \/>\n<meta property=\"og:description\" content=\"El designado ministro de Hacienda, Hern\u00e1n Lacunza,\u00a0el designado ministro de Hacienda, Hern\u00e1n Lacunza, mantuvo un encuentro de casi una hora con el presidente del Banco Central, Guido Sandleris, para repasar&hellip;\" \/>\n<meta property=\"og:url\" content=\"https:\/\/diariotextual.com\/inicio\/index.php\/2019\/08\/18\/lacunza-se-reunio-sandleris-analiza-primeras-medidas\/\" \/>\n<meta property=\"og:site_name\" content=\"Diario Textual\" \/>\n<meta property=\"article:publisher\" content=\"https:\/\/www.facebook.com\/eltextual\" \/>\n<meta property=\"article:published_time\" content=\"2019-08-18T20:47:58+00:00\" \/>\n<meta property=\"article:modified_time\" content=\"2019-08-19T10:55:13+00:00\" \/>\n<meta property=\"og:image\" content=\"https:\/\/diariotextual.com\/inicio\/wp-content\/uploads\/2019\/08\/lacunzadujovne2019-2.jpg\" \/>\n\t<meta property=\"og:image:width\" content=\"1047\" \/>\n\t<meta property=\"og:image:height\" content=\"516\" \/>\n\t<meta property=\"og:image:type\" content=\"image\/jpeg\" \/>\n<meta name=\"author\" content=\"Diario1 Diario1\" \/>\n<meta name=\"twitter:card\" content=\"summary_large_image\" \/>\n<meta name=\"twitter:creator\" content=\"@eltextual\" \/>\n<meta name=\"twitter:site\" content=\"@eltextual\" \/>\n<meta name=\"twitter:label1\" content=\"Escrito por\" \/>\n\t<meta name=\"twitter:data1\" content=\"Diario1 Diario1\" \/>\n\t<meta name=\"twitter:label2\" content=\"Tiempo de lectura\" \/>\n\t<meta name=\"twitter:data2\" content=\"2 minutos\" \/>\n<script type=\"application\/ld+json\" class=\"yoast-schema-graph\">{\"@context\":\"https:\\\/\\\/schema.org\",\"@graph\":[{\"@type\":\"Article\",\"@id\":\"https:\\\/\\\/diariotextual.com\\\/inicio\\\/index.php\\\/2019\\\/08\\\/18\\\/lacunza-se-reunio-sandleris-analiza-primeras-medidas\\\/#article\",\"isPartOf\":{\"@id\":\"https:\\\/\\\/diariotextual.com\\\/inicio\\\/index.php\\\/2019\\\/08\\\/18\\\/lacunza-se-reunio-sandleris-analiza-primeras-medidas\\\/\"},\"author\":{\"name\":\"Diario1 Diario1\",\"@id\":\"https:\\\/\\\/diariotextual.com\\\/inicio\\\/#\\\/schema\\\/person\\\/418fc4093c33e86ed41562db3508f958\"},\"headline\":\"Hern\u00e1n Lacunza ya se reuni\u00f3 con Dujovne y Sandleris y analiza sus primeras medidas\",\"datePublished\":\"2019-08-18T20:47:58+00:00\",\"dateModified\":\"2019-08-19T10:55:13+00:00\",\"mainEntityOfPage\":{\"@id\":\"https:\\\/\\\/diariotextual.com\\\/inicio\\\/index.php\\\/2019\\\/08\\\/18\\\/lacunza-se-reunio-sandleris-analiza-primeras-medidas\\\/\"},\"wordCount\":414,\"publisher\":{\"@id\":\"https:\\\/\\\/diariotextual.com\\\/inicio\\\/#organization\"},\"image\":{\"@id\":\"https:\\\/\\\/diariotextual.com\\\/inicio\\\/index.php\\\/2019\\\/08\\\/18\\\/lacunza-se-reunio-sandleris-analiza-primeras-medidas\\\/#primaryimage\"},\"thumbnailUrl\":\"https:\\\/\\\/diariotextual.com\\\/inicio\\\/wp-content\\\/uploads\\\/2019\\\/08\\\/lacunzadujovne2019-2.jpg\",\"keywords\":[\"lacunza\",\"sandleris\"],\"articleSection\":[\"A - QUE PASA (al costado)\",\"ECONOMIA\"],\"inLanguage\":\"es\"},{\"@type\":\"WebPage\",\"@id\":\"https:\\\/\\\/diariotextual.com\\\/inicio\\\/index.php\\\/2019\\\/08\\\/18\\\/lacunza-se-reunio-sandleris-analiza-primeras-medidas\\\/\",\"url\":\"https:\\\/\\\/diariotextual.com\\\/inicio\\\/index.php\\\/2019\\\/08\\\/18\\\/lacunza-se-reunio-sandleris-analiza-primeras-medidas\\\/\",\"name\":\"Hern\u00e1n Lacunza ya se reuni\u00f3 con Dujovne y Sandleris y analiza sus primeras medidas - Diario Textual\",\"isPartOf\":{\"@id\":\"https:\\\/\\\/diariotextual.com\\\/inicio\\\/#website\"},\"primaryImageOfPage\":{\"@id\":\"https:\\\/\\\/diariotextual.com\\\/inicio\\\/index.php\\\/2019\\\/08\\\/18\\\/lacunza-se-reunio-sandleris-analiza-primeras-medidas\\\/#primaryimage\"},\"image\":{\"@id\":\"https:\\\/\\\/diariotextual.com\\\/inicio\\\/index.php\\\/2019\\\/08\\\/18\\\/lacunza-se-reunio-sandleris-analiza-primeras-medidas\\\/#primaryimage\"},\"thumbnailUrl\":\"https:\\\/\\\/diariotextual.com\\\/inicio\\\/wp-content\\\/uploads\\\/2019\\\/08\\\/lacunzadujovne2019-2.jpg\",\"datePublished\":\"2019-08-18T20:47:58+00:00\",\"dateModified\":\"2019-08-19T10:55:13+00:00\",\"breadcrumb\":{\"@id\":\"https:\\\/\\\/diariotextual.com\\\/inicio\\\/index.php\\\/2019\\\/08\\\/18\\\/lacunza-se-reunio-sandleris-analiza-primeras-medidas\\\/#breadcrumb\"},\"inLanguage\":\"es\",\"potentialAction\":[{\"@type\":\"ReadAction\",\"target\":[\"https:\\\/\\\/diariotextual.com\\\/inicio\\\/index.php\\\/2019\\\/08\\\/18\\\/lacunza-se-reunio-sandleris-analiza-primeras-medidas\\\/\"]}]},{\"@type\":\"ImageObject\",\"inLanguage\":\"es\",\"@id\":\"https:\\\/\\\/diariotextual.com\\\/inicio\\\/index.php\\\/2019\\\/08\\\/18\\\/lacunza-se-reunio-sandleris-analiza-primeras-medidas\\\/#primaryimage\",\"url\":\"https:\\\/\\\/diariotextual.com\\\/inicio\\\/wp-content\\\/uploads\\\/2019\\\/08\\\/lacunzadujovne2019-2.jpg\",\"contentUrl\":\"https:\\\/\\\/diariotextual.com\\\/inicio\\\/wp-content\\\/uploads\\\/2019\\\/08\\\/lacunzadujovne2019-2.jpg\",\"width\":1047,\"height\":516},{\"@type\":\"BreadcrumbList\",\"@id\":\"https:\\\/\\\/diariotextual.com\\\/inicio\\\/index.php\\\/2019\\\/08\\\/18\\\/lacunza-se-reunio-sandleris-analiza-primeras-medidas\\\/#breadcrumb\",\"itemListElement\":[{\"@type\":\"ListItem\",\"position\":1,\"name\":\"Portada\",\"item\":\"https:\\\/\\\/diariotextual.com\\\/inicio\\\/\"},{\"@type\":\"ListItem\",\"position\":2,\"name\":\"Hern\u00e1n Lacunza ya se reuni\u00f3 con Dujovne y Sandleris y analiza sus primeras medidas\"}]},{\"@type\":\"WebSite\",\"@id\":\"https:\\\/\\\/diariotextual.com\\\/inicio\\\/#website\",\"url\":\"https:\\\/\\\/diariotextual.com\\\/inicio\\\/\",\"name\":\"Diario Textual\",\"description\":\"\",\"publisher\":{\"@id\":\"https:\\\/\\\/diariotextual.com\\\/inicio\\\/#organization\"},\"potentialAction\":[{\"@type\":\"SearchAction\",\"target\":{\"@type\":\"EntryPoint\",\"urlTemplate\":\"https:\\\/\\\/diariotextual.com\\\/inicio\\\/?s={search_term_string}\"},\"query-input\":{\"@type\":\"PropertyValueSpecification\",\"valueRequired\":true,\"valueName\":\"search_term_string\"}}],\"inLanguage\":\"es\"},{\"@type\":\"Organization\",\"@id\":\"https:\\\/\\\/diariotextual.com\\\/inicio\\\/#organization\",\"name\":\"Diario Textual\",\"url\":\"https:\\\/\\\/diariotextual.com\\\/inicio\\\/\",\"logo\":{\"@type\":\"ImageObject\",\"inLanguage\":\"es\",\"@id\":\"https:\\\/\\\/diariotextual.com\\\/inicio\\\/#\\\/schema\\\/logo\\\/image\\\/\",\"url\":\"https:\\\/\\\/diariotextual.com\\\/inicio\\\/wp-content\\\/uploads\\\/2023\\\/05\\\/logotextual1.jpg\",\"contentUrl\":\"https:\\\/\\\/diariotextual.com\\\/inicio\\\/wp-content\\\/uploads\\\/2023\\\/05\\\/logotextual1.jpg\",\"width\":516,\"height\":76,\"caption\":\"Diario Textual\"},\"image\":{\"@id\":\"https:\\\/\\\/diariotextual.com\\\/inicio\\\/#\\\/schema\\\/logo\\\/image\\\/\"},\"sameAs\":[\"https:\\\/\\\/www.facebook.com\\\/eltextual\",\"https:\\\/\\\/x.com\\\/eltextual\",\"http:\\\/\\\/www.instagram.com\\\/eltextual\"]},{\"@type\":\"Person\",\"@id\":\"https:\\\/\\\/diariotextual.com\\\/inicio\\\/#\\\/schema\\\/person\\\/418fc4093c33e86ed41562db3508f958\",\"name\":\"Diario1 Diario1\",\"image\":{\"@type\":\"ImageObject\",\"inLanguage\":\"es\",\"@id\":\"https:\\\/\\\/secure.gravatar.com\\\/avatar\\\/9167d280179c85bc18be67aa7eda765854300033af4896dd779b608640f2ef7a?s=96&d=mm&r=g\",\"url\":\"https:\\\/\\\/secure.gravatar.com\\\/avatar\\\/9167d280179c85bc18be67aa7eda765854300033af4896dd779b608640f2ef7a?s=96&d=mm&r=g\",\"contentUrl\":\"https:\\\/\\\/secure.gravatar.com\\\/avatar\\\/9167d280179c85bc18be67aa7eda765854300033af4896dd779b608640f2ef7a?s=96&d=mm&r=g\",\"caption\":\"Diario1 Diario1\"},\"url\":\"https:\\\/\\\/diariotextual.com\\\/inicio\\\/index.php\\\/author\\\/diario1\\\/\"}]}<\/script>\n<!-- \/ Yoast SEO plugin. -->","yoast_head_json":{"title":"Hern\u00e1n Lacunza ya se reuni\u00f3 con Dujovne y Sandleris y analiza sus primeras medidas - Diario Textual","robots":{"index":"index","follow":"follow","max-snippet":"max-snippet:-1","max-image-preview":"max-image-preview:large","max-video-preview":"max-video-preview:-1"},"canonical":"https:\/\/diariotextual.com\/inicio\/index.php\/2019\/08\/18\/lacunza-se-reunio-sandleris-analiza-primeras-medidas\/","og_locale":"es_ES","og_type":"article","og_title":"Hern\u00e1n Lacunza ya se reuni\u00f3 con Dujovne y Sandleris y analiza sus primeras medidas - Diario Textual","og_description":"El designado ministro de Hacienda, Hern\u00e1n Lacunza,\u00a0el designado ministro de Hacienda, Hern\u00e1n Lacunza, mantuvo un encuentro de casi una hora con el presidente del Banco Central, Guido Sandleris, para repasar&hellip;","og_url":"https:\/\/diariotextual.com\/inicio\/index.php\/2019\/08\/18\/lacunza-se-reunio-sandleris-analiza-primeras-medidas\/","og_site_name":"Diario Textual","article_publisher":"https:\/\/www.facebook.com\/eltextual","article_published_time":"2019-08-18T20:47:58+00:00","article_modified_time":"2019-08-19T10:55:13+00:00","og_image":[{"width":1047,"height":516,"url":"https:\/\/diariotextual.com\/inicio\/wp-content\/uploads\/2019\/08\/lacunzadujovne2019-2.jpg","type":"image\/jpeg"}],"author":"Diario1 Diario1","twitter_card":"summary_large_image","twitter_creator":"@eltextual","twitter_site":"@eltextual","twitter_misc":{"Escrito por":"Diario1 Diario1","Tiempo de lectura":"2 minutos"},"schema":{"@context":"https:\/\/schema.org","@graph":[{"@type":"Article","@id":"https:\/\/diariotextual.com\/inicio\/index.php\/2019\/08\/18\/lacunza-se-reunio-sandleris-analiza-primeras-medidas\/#article","isPartOf":{"@id":"https:\/\/diariotextual.com\/inicio\/index.php\/2019\/08\/18\/lacunza-se-reunio-sandleris-analiza-primeras-medidas\/"},"author":{"name":"Diario1 Diario1","@id":"https:\/\/diariotextual.com\/inicio\/#\/schema\/person\/418fc4093c33e86ed41562db3508f958"},"headline":"Hern\u00e1n Lacunza ya se reuni\u00f3 con Dujovne y Sandleris y analiza sus primeras medidas","datePublished":"2019-08-18T20:47:58+00:00","dateModified":"2019-08-19T10:55:13+00:00","mainEntityOfPage":{"@id":"https:\/\/diariotextual.com\/inicio\/index.php\/2019\/08\/18\/lacunza-se-reunio-sandleris-analiza-primeras-medidas\/"},"wordCount":414,"publisher":{"@id":"https:\/\/diariotextual.com\/inicio\/#organization"},"image":{"@id":"https:\/\/diariotextual.com\/inicio\/index.php\/2019\/08\/18\/lacunza-se-reunio-sandleris-analiza-primeras-medidas\/#primaryimage"},"thumbnailUrl":"https:\/\/diariotextual.com\/inicio\/wp-content\/uploads\/2019\/08\/lacunzadujovne2019-2.jpg","keywords":["lacunza","sandleris"],"articleSection":["A - QUE PASA (al costado)","ECONOMIA"],"inLanguage":"es"},{"@type":"WebPage","@id":"https:\/\/diariotextual.com\/inicio\/index.php\/2019\/08\/18\/lacunza-se-reunio-sandleris-analiza-primeras-medidas\/","url":"https:\/\/diariotextual.com\/inicio\/index.php\/2019\/08\/18\/lacunza-se-reunio-sandleris-analiza-primeras-medidas\/","name":"Hern\u00e1n Lacunza ya se reuni\u00f3 con Dujovne y Sandleris y analiza sus primeras medidas - Diario Textual","isPartOf":{"@id":"https:\/\/diariotextual.com\/inicio\/#website"},"primaryImageOfPage":{"@id":"https:\/\/diariotextual.com\/inicio\/index.php\/2019\/08\/18\/lacunza-se-reunio-sandleris-analiza-primeras-medidas\/#primaryimage"},"image":{"@id":"https:\/\/diariotextual.com\/inicio\/index.php\/2019\/08\/18\/lacunza-se-reunio-sandleris-analiza-primeras-medidas\/#primaryimage"},"thumbnailUrl":"https:\/\/diariotextual.com\/inicio\/wp-content\/uploads\/2019\/08\/lacunzadujovne2019-2.jpg","datePublished":"2019-08-18T20:47:58+00:00","dateModified":"2019-08-19T10:55:13+00:00","breadcrumb":{"@id":"https:\/\/diariotextual.com\/inicio\/index.php\/2019\/08\/18\/lacunza-se-reunio-sandleris-analiza-primeras-medidas\/#breadcrumb"},"inLanguage":"es","potentialAction":[{"@type":"ReadAction","target":["https:\/\/diariotextual.com\/inicio\/index.php\/2019\/08\/18\/lacunza-se-reunio-sandleris-analiza-primeras-medidas\/"]}]},{"@type":"ImageObject","inLanguage":"es","@id":"https:\/\/diariotextual.com\/inicio\/index.php\/2019\/08\/18\/lacunza-se-reunio-sandleris-analiza-primeras-medidas\/#primaryimage","url":"https:\/\/diariotextual.com\/inicio\/wp-content\/uploads\/2019\/08\/lacunzadujovne2019-2.jpg","contentUrl":"https:\/\/diariotextual.com\/inicio\/wp-content\/uploads\/2019\/08\/lacunzadujovne2019-2.jpg","width":1047,"height":516},{"@type":"BreadcrumbList","@id":"https:\/\/diariotextual.com\/inicio\/index.php\/2019\/08\/18\/lacunza-se-reunio-sandleris-analiza-primeras-medidas\/#breadcrumb","itemListElement":[{"@type":"ListItem","position":1,"name":"Portada","item":"https:\/\/diariotextual.com\/inicio\/"},{"@type":"ListItem","position":2,"name":"Hern\u00e1n Lacunza ya se reuni\u00f3 con Dujovne y Sandleris y analiza sus primeras medidas"}]},{"@type":"WebSite","@id":"https:\/\/diariotextual.com\/inicio\/#website","url":"https:\/\/diariotextual.com\/inicio\/","name":"Diario Textual","description":"","publisher":{"@id":"https:\/\/diariotextual.com\/inicio\/#organization"},"potentialAction":[{"@type":"SearchAction","target":{"@type":"EntryPoint","urlTemplate":"https:\/\/diariotextual.com\/inicio\/?s={search_term_string}"},"query-input":{"@type":"PropertyValueSpecification","valueRequired":true,"valueName":"search_term_string"}}],"inLanguage":"es"},{"@type":"Organization","@id":"https:\/\/diariotextual.com\/inicio\/#organization","name":"Diario Textual","url":"https:\/\/diariotextual.com\/inicio\/","logo":{"@type":"ImageObject","inLanguage":"es","@id":"https:\/\/diariotextual.com\/inicio\/#\/schema\/logo\/image\/","url":"https:\/\/diariotextual.com\/inicio\/wp-content\/uploads\/2023\/05\/logotextual1.jpg","contentUrl":"https:\/\/diariotextual.com\/inicio\/wp-content\/uploads\/2023\/05\/logotextual1.jpg","width":516,"height":76,"caption":"Diario Textual"},"image":{"@id":"https:\/\/diariotextual.com\/inicio\/#\/schema\/logo\/image\/"},"sameAs":["https:\/\/www.facebook.com\/eltextual","https:\/\/x.com\/eltextual","http:\/\/www.instagram.com\/eltextual"]},{"@type":"Person","@id":"https:\/\/diariotextual.com\/inicio\/#\/schema\/person\/418fc4093c33e86ed41562db3508f958","name":"Diario1 Diario1","image":{"@type":"ImageObject","inLanguage":"es","@id":"https:\/\/secure.gravatar.com\/avatar\/9167d280179c85bc18be67aa7eda765854300033af4896dd779b608640f2ef7a?s=96&d=mm&r=g","url":"https:\/\/secure.gravatar.com\/avatar\/9167d280179c85bc18be67aa7eda765854300033af4896dd779b608640f2ef7a?s=96&d=mm&r=g","contentUrl":"https:\/\/secure.gravatar.com\/avatar\/9167d280179c85bc18be67aa7eda765854300033af4896dd779b608640f2ef7a?s=96&d=mm&r=g","caption":"Diario1 Diario1"},"url":"https:\/\/diariotextual.com\/inicio\/index.php\/author\/diario1\/"}]}},"_links":{"self":[{"href":"https:\/\/diariotextual.com\/inicio\/index.php\/wp-json\/wp\/v2\/posts\/59953","targetHints":{"allow":["GET"]}}],"collection":[{"href":"https:\/\/diariotextual.com\/inicio\/index.php\/wp-json\/wp\/v2\/posts"}],"about":[{"href":"https:\/\/diariotextual.com\/inicio\/index.php\/wp-json\/wp\/v2\/types\/post"}],"author":[{"embeddable":true,"href":"https:\/\/diariotextual.com\/inicio\/index.php\/wp-json\/wp\/v2\/users\/3"}],"replies":[{"embeddable":true,"href":"https:\/\/diariotextual.com\/inicio\/index.php\/wp-json\/wp\/v2\/comments?post=59953"}],"version-history":[{"count":4,"href":"https:\/\/diariotextual.com\/inicio\/index.php\/wp-json\/wp\/v2\/posts\/59953\/revisions"}],"predecessor-version":[{"id":59965,"href":"https:\/\/diariotextual.com\/inicio\/index.php\/wp-json\/wp\/v2\/posts\/59953\/revisions\/59965"}],"wp:featuredmedia":[{"embeddable":true,"href":"https:\/\/diariotextual.com\/inicio\/index.php\/wp-json\/wp\/v2\/media\/59967"}],"wp:attachment":[{"href":"https:\/\/diariotextual.com\/inicio\/index.php\/wp-json\/wp\/v2\/media?parent=59953"}],"wp:term":[{"taxonomy":"category","embeddable":true,"href":"https:\/\/diariotextual.com\/inicio\/index.php\/wp-json\/wp\/v2\/categories?post=59953"},{"taxonomy":"post_tag","embeddable":true,"href":"https:\/\/diariotextual.com\/inicio\/index.php\/wp-json\/wp\/v2\/tags?post=59953"}],"curies":[{"name":"wp","href":"https:\/\/api.w.org\/{rel}","templated":true}]}}