{"id":59957,"date":"2019-08-18T17:59:44","date_gmt":"2019-08-18T20:59:44","guid":{"rendered":"http:\/\/diariotextual.com\/inicio\/?p=59957"},"modified":"2019-08-19T10:08:38","modified_gmt":"2019-08-19T13:08:38","slug":"los-90-anos-del-club-estudiantes-recuerdos-en-una-noche-de-basquet","status":"publish","type":"post","link":"https:\/\/diariotextual.com\/inicio\/index.php\/2019\/08\/18\/los-90-anos-del-club-estudiantes-recuerdos-en-una-noche-de-basquet\/","title":{"rendered":"Los 90 a\u00f1os del Club Estudiantes: recuerdos en una noche de b\u00e1squet"},"content":{"rendered":"<h3>Por Rodolfo Gigena<\/h3>\n<p><!--more--><\/p>\n<p>&nbsp;<\/p>\n<p>Ten\u00eda varias excusas para volver a mi querido <strong>Club Estudiantes<\/strong>. Los <strong>90 a\u00f1os de su creaci\u00f3n<\/strong>, 12 de agosto de 1929, la inauguraci\u00f3n de piso de parquet del gimnasio, el cl\u00e1sico en b\u00e1squet Estudiantes-All Boys, el retorno de \u201cManu\u201d Carrizo, pero en una r\u00e1pida mirada vi las modificaciones que se fueron haciendo a lo largo de tantos a\u00f1os y <strong>uno no puede dejar de recordar vivencias en una instituci\u00f3n que form\u00f3 y contin\u00faa haci\u00e9ndolo a muchos j\u00f3venes<\/strong>.<\/p>\n<p><strong>Me siento parte de su historia como tantos j\u00f3venes que en un momento trabaj\u00f3 mucho para el club.<\/strong> Ten\u00edamos la cancha de b\u00e1squet al aire libre, con su piso de asfalto, la cancha de f\u00fatbol para siete jugadores, tenis y bochas y, en el sue\u00f1o de todos, la construcci\u00f3n del gimnasio, que se concret\u00f3 un 12 de agosto de 1970. Recuerdo que se jug\u00f3 un cuadrangular de b\u00e1squet. Eso s\u00ed, con piso de de baldosa.<\/p>\n<p>El presidente en ese entonces era <strong>Ra\u00fal Heraldo Gallo<\/strong>, el club cumpl\u00eda 41 a\u00f1os, y entre otros conceptos recordaba a quienes crearon la entidad. \u201cAs\u00ed fue creciendo Estudiantes, as\u00ed fue plasmando su historia con la profundidad y templanza que da el amor, la modestia, la garra, cada cent\u00edmetro de este predio es testigo de los proyectos, sacrificios, esperanzas y desvelos de los hombres y mujeres que se brindaron en estos 41 a\u00f1os\u201d, dec\u00eda en su momento. \u00abEste gimnasio que hoy inauguramos, monumental por su estructura y capacidad, que se ha convertido ya en un centro deportivo, social y cultural, al servicio de todas las instituciones educacionales y deportivas del medio, y en modo especial, al servicio de la juventud que es la que pondr\u00e1 el calor que no le da el cemento\u201d, contaba, seg\u00fan los p\u00e1rrafos extra\u00eddos de la edici\u00f3n de La Arena del viernes 14 de agosto de 1970, hoja que conservo en mis recuerdos.<\/p>\n<p><img fetchpriority=\"high\" decoding=\"async\" class=\"alignnone wp-image-59962 size-full\" src=\"http:\/\/diariotextual.com\/inicio\/wp-content\/uploads\/2019\/08\/estudiantesequipogigena2.jpg\" alt=\"\" width=\"623\" height=\"451\" srcset=\"https:\/\/diariotextual.com\/inicio\/wp-content\/uploads\/2019\/08\/estudiantesequipogigena2.jpg 623w, https:\/\/diariotextual.com\/inicio\/wp-content\/uploads\/2019\/08\/estudiantesequipogigena2-300x217.jpg 300w, https:\/\/diariotextual.com\/inicio\/wp-content\/uploads\/2019\/08\/estudiantesequipogigena2-585x423.jpg 585w\" sizes=\"(max-width: 623px) 100vw, 623px\" \/><\/p>\n<p>Integr\u00e9 una generaci\u00f3n de jugadores de b\u00e1squet en categor\u00eda juvenil que no se destacaba por su altura, pero eramos respetados y obten\u00edamos buenos triunfos, Norberto \u201cNegro\u201d Fuertes, (un buen jugador que por razones de estudios estuvo ausente varios a\u00f1os), Carlos Fern\u00e1ndez Mendia, Ram\u00f3n Nu\u00f1ez, Hugo Pedro, Oscar Ruggero, Juan Carlos Roveda, Santiago \u00c1lvarez, Rub\u00e9n \u201cPandeleche\u201d Garc\u00eda, Ren\u00e9 Milanesse, Roberto Zamudio, Horacio \u201cPerita\u201d Garc\u00eda, H\u00e9ctor Battistoni que empezaba a aparecer ya con otra generaci\u00f3n, donde estaban Luis y Julio Iba\u00f1ez, Ra\u00fal Carrizo, Carlos Crespo, Julio Tamborini, Le\u00f3n Nicanoff, Roberto Nevares, entre otros. Seguro que me olvide de algunos compa\u00f1eros, la memoria puede fallar, \u00bfo no?<\/p>\n<p>Tuve la suerte, como algunos de mi generaci\u00f3n de jugar en primera, en Estudiantes, Belgrano y Fort\u00edn Roca, a pesar de mis 1,64 de altura, integrar la preselecci\u00f3n santarrose\u00f1a en Juvenil, y estar con la \u201cceleste\u201d en el Torneo Mayor de La Pampa, cuatro equipos de Santa Rosa, Estudiantes, All Boys, Santa Rosa y Belgrano y por General Pico, Independiente, Pico Foot Ball Club, Costa Brava y Cultural Argentino.<\/p>\n<p>Integr\u00e1bamos el equipo con jugadores de muy buen nivel t\u00e9cnico algunos ya jugaban los \u00faltimos partidos, como \u201cMonzo\u201d Rodil, Orlando Rodil y Benjam\u00edn \u201cToto\u201d Funes, pero segu\u00edan vigentes Oscar Nu\u00f1ez, Agust\u00edn P\u00e9rez Issa, Juan Carlos Gavazza, Horacio Gonzalez, los hermanos Aliaga, Petrelli, Bragulat, etc.<\/p>\n<p>Recuerdo tambi\u00e9n la participaci\u00f3n de la mujer en pelota al cesto. Grandes jugadoras que siempre les dieron satisfacciones al club, las hermanas Yorgoban, mi amiga Betty Rapanelli, Meri Evangelista, Perrotta, Sandra Paini, Marcela Moya, Soledad Mart\u00edn, M\u00f3nica Nevares, Marilyn Ichoust, Estela Bertera, Julia Allende, Makela Feraldo, Liliana Morales, Alicia Breton, Zoraida Parada, Stella Maris Colla, etc. Siempre acompa\u00f1adas por un gran entrenador el \u201cZurdo\u201d Nu\u00f1ez. Algunas veces jug\u00e1bamos contra ellas, porque dec\u00edan que eso les daba m\u00e1s agilidad. Lindos momentos eran esos dias.<\/p>\n<p>Tambi\u00e9n el f\u00fatbol estaba presente en el club. Se jugaba en primera y la cancha estaba ubicada donde hoy se encuentra el Barrio Calfucur\u00e1. Grandes jugadores pasaron por los equipos celestes en sus distintas etapas, incluso ganaron campeonatos, H\u00e9ctor Urquiza, Paloma, Andragnez, Barrachia, Roston, Bruno Rovito, Santajuliana, Gavazza, Nelson David Festa y tantos otros que escapan a mi memoria. A muy pocos vi jugar, pero esos nombres aparec\u00edan de los recuerdos y an\u00e9cdotas en las charlas que se hac\u00edan en la cantina. Luego de mi paso por All Boys jugue en la cuarta, la \u00fanica y \u00faltima categor\u00eda que tuvo el club en su incursi\u00f3n en el f\u00fatbol.<\/p>\n<p>El club a lo largo de su historia recibi\u00f3 a grandes equipos y jugadores de nivel nacional, compart\u00ed dos momentos inolvidables, la presencia de Alberto \u201cMago\u201d Cabrera, uno de los mejores jugadores del b\u00e1squet argentino, jugaba en Estudiantes de Bah\u00eda Blanca, figura del seleccionado nacional, y adem\u00e1s a Guillermo Vilas, que vino a dar charlas de tenis y nos dejo ense\u00f1anzas en un deporte que lo tuvo en lo mas alto en los planos nacional e internacional.<\/p>\n<p>Tuve el placer de jugar al tenis de mesa con \u00e9l y con el recordado Honorio Romero y mi amigo Rub\u00e9n Ordo\u00f1ez, ambos en silla de ruedas, pero muy buenos en el antiguo \u201cping pong\u201d. Nos enfrentamos en el viejo gimnasio de Luis Romero, frente a la Escuela N\u00ba 1 Domingo Faustino Sarmiento.<\/p>\n<p>Para recaudar fondos se hac\u00edan bailes, vinieron grupos musicales que estaban en la \u201conda\u201d del momento \u201cTrocha Angosta\u201d, \u201cSafari\u201d, \u201cLos Pasteles Verdes\u201d y nosotros \u00edbamos a buscar sillas. Creo, si la memoria no me falla, las tra\u00edamos de Belgrano.<\/p>\n<p>Tambi\u00e9n aparec\u00edan pensamientos y reflexiones sobre la importancia del club de barrio, Santiago \u00c1lvarez, Le\u00f3n Nicanoff, Angel Gavazza, Ra\u00fal Gonz\u00e1lez, Ra\u00fal Gallo, entre otros, quienes supieron transmitir la pertenencia a una comunidad, a una camiseta, la contenci\u00f3n social que significaba para los j\u00f3venes, donde ya dec\u00edan que era una manera de alejarlos de los riesgos de la calle, hoy estas frases siguen vigentes. Siempre alguien nos recordaba las expresiones de ellos.<\/p>\n<p>Y en esta noche de b\u00e1squet, viernes 9 de agosto, cuando llegue temprano me instale en una tribuna, casi solo, la nostalgia se hizo presente, tenia la esperanza de ver a mis amigos de barrio, no los vi, quiz\u00e1s se fueron a vivir a otros lugares, hoy algunos no est\u00e1n presentes f\u00edsicamente, un poco de tristeza me invadi\u00f3.<\/p>\n<p>El periodismo me hizo observador, vi como se instalaban en un lado los locales y en el otro la visita, c\u00e1nticos, gritos de aliento, sonrisas, enojos, mates, conocidos que se encontraban y yo all\u00ed con un amigo y periodista, Mario Vega, que me dec\u00eda de b\u00e1squet \u201cno se nada\u201d y ped\u00eda por momentos porque no se cobraba \u201corsay\u201d y no hab\u00eda tarjetas amarillas o rojas, con humor, porque por lo bajo me dec\u00eda que algo entend\u00eda. No opinaron igual Claudio Dezeo y Fabricio Koller. En otros lugares estrat\u00e9gicos los fot\u00f3grafos y camar\u00f3grafos y mezclados con el p\u00fablico los periodistas que har\u00edan luego sus comentarios.<\/p>\n<p>Ah, gan\u00f3 All Boys, por su experiencia, su tranquilidad en los \u00faltimos minutos, el celeste hizo una buena labor, pero para mi el resultado no era lo importante, m\u00e1s all\u00e1 de la alegr\u00eda de los dirigidos por Juan Cruz Gavazza y la frustraci\u00f3n de los celestes. Fue vivir una noche de nostalgia, de recuerdos, de mirar un gimnasio que uno vio como se pon\u00edan los primeros ladrillos, entonces las im\u00e1genes pasaron por mi mente muy r\u00e1pidas, emociones dif\u00edciles de describir\u00a0y haber vivido un pasado que nunca volver\u00e1.<\/p>\n<p>Felices 90 a\u00f1os Club Estudiantes.<\/p>\n<p>&nbsp;<\/p>\n<p>&nbsp;<\/p>\n<p>&nbsp;<\/p>\n<p>&nbsp;<\/p>\n","protected":false},"excerpt":{"rendered":"<p>Por Rodolfo Gigena<\/p>\n","protected":false},"author":3,"featured_media":59961,"comment_status":"closed","ping_status":"open","sticky":false,"template":"","format":"standard","meta":{"_acf_changed":false,"footnotes":""},"categories":[11,319,12],"tags":[257,2192],"class_list":["post-59957","post","type-post","status-publish","format-standard","has-post-thumbnail","hentry","category-que-pasa","category-a-temporales","category-sociedad","tag-estudiantes","tag-gigena"],"acf":[],"yoast_head":"<!-- This site is optimized with the Yoast SEO plugin v27.5 - https:\/\/yoast.com\/product\/yoast-seo-wordpress\/ -->\n<title>Los 90 a\u00f1os del Club Estudiantes: recuerdos en una noche de b\u00e1squet<\/title>\n<meta name=\"description\" content=\"Por Rodolfo Gigena. Ten\u00eda varias excusas para volver a mi querido Club Estudiantes. Los 90 a\u00f1os de su creaci\u00f3n, 12 de agosto de 1929 y la inauguraci\u00f3n de piso de parquet del gimnasio.\" \/>\n<meta name=\"robots\" content=\"index, follow, max-snippet:-1, max-image-preview:large, max-video-preview:-1\" \/>\n<link rel=\"canonical\" href=\"https:\/\/diariotextual.com\/inicio\/index.php\/2019\/08\/18\/los-90-anos-del-club-estudiantes-recuerdos-en-una-noche-de-basquet\/\" \/>\n<meta property=\"og:locale\" content=\"es_ES\" \/>\n<meta property=\"og:type\" content=\"article\" \/>\n<meta property=\"og:title\" content=\"Los 90 a\u00f1os del Club Estudiantes: recuerdos en una noche de b\u00e1squet\" \/>\n<meta property=\"og:description\" content=\"Por Rodolfo Gigena. Ten\u00eda varias excusas para volver a mi querido Club Estudiantes. Los 90 a\u00f1os de su creaci\u00f3n, 12 de agosto de 1929 y la inauguraci\u00f3n de piso de parquet del gimnasio.\" \/>\n<meta property=\"og:url\" content=\"https:\/\/diariotextual.com\/inicio\/index.php\/2019\/08\/18\/los-90-anos-del-club-estudiantes-recuerdos-en-una-noche-de-basquet\/\" \/>\n<meta property=\"og:site_name\" content=\"Diario Textual\" \/>\n<meta property=\"article:publisher\" content=\"https:\/\/www.facebook.com\/eltextual\" \/>\n<meta property=\"article:published_time\" content=\"2019-08-18T20:59:44+00:00\" \/>\n<meta property=\"article:modified_time\" content=\"2019-08-19T13:08:38+00:00\" \/>\n<meta property=\"og:image\" content=\"https:\/\/diariotextual.com\/inicio\/wp-content\/uploads\/2019\/08\/estudiantesequipogigena1.jpg\" \/>\n\t<meta property=\"og:image:width\" content=\"1014\" \/>\n\t<meta property=\"og:image:height\" content=\"607\" \/>\n\t<meta property=\"og:image:type\" content=\"image\/jpeg\" \/>\n<meta name=\"author\" content=\"Diario1 Diario1\" \/>\n<meta name=\"twitter:card\" content=\"summary_large_image\" \/>\n<meta name=\"twitter:creator\" content=\"@eltextual\" \/>\n<meta name=\"twitter:site\" content=\"@eltextual\" \/>\n<meta name=\"twitter:label1\" content=\"Escrito por\" \/>\n\t<meta name=\"twitter:data1\" content=\"Diario1 Diario1\" \/>\n\t<meta name=\"twitter:label2\" content=\"Tiempo de lectura\" \/>\n\t<meta name=\"twitter:data2\" content=\"7 minutos\" \/>\n<script type=\"application\/ld+json\" class=\"yoast-schema-graph\">{\"@context\":\"https:\\\/\\\/schema.org\",\"@graph\":[{\"@type\":\"Article\",\"@id\":\"https:\\\/\\\/diariotextual.com\\\/inicio\\\/index.php\\\/2019\\\/08\\\/18\\\/los-90-anos-del-club-estudiantes-recuerdos-en-una-noche-de-basquet\\\/#article\",\"isPartOf\":{\"@id\":\"https:\\\/\\\/diariotextual.com\\\/inicio\\\/index.php\\\/2019\\\/08\\\/18\\\/los-90-anos-del-club-estudiantes-recuerdos-en-una-noche-de-basquet\\\/\"},\"author\":{\"name\":\"Diario1 Diario1\",\"@id\":\"https:\\\/\\\/diariotextual.com\\\/inicio\\\/#\\\/schema\\\/person\\\/418fc4093c33e86ed41562db3508f958\"},\"headline\":\"Los 90 a\u00f1os del Club Estudiantes: recuerdos en una noche de b\u00e1squet\",\"datePublished\":\"2019-08-18T20:59:44+00:00\",\"dateModified\":\"2019-08-19T13:08:38+00:00\",\"mainEntityOfPage\":{\"@id\":\"https:\\\/\\\/diariotextual.com\\\/inicio\\\/index.php\\\/2019\\\/08\\\/18\\\/los-90-anos-del-club-estudiantes-recuerdos-en-una-noche-de-basquet\\\/\"},\"wordCount\":1335,\"publisher\":{\"@id\":\"https:\\\/\\\/diariotextual.com\\\/inicio\\\/#organization\"},\"image\":{\"@id\":\"https:\\\/\\\/diariotextual.com\\\/inicio\\\/index.php\\\/2019\\\/08\\\/18\\\/los-90-anos-del-club-estudiantes-recuerdos-en-una-noche-de-basquet\\\/#primaryimage\"},\"thumbnailUrl\":\"https:\\\/\\\/diariotextual.com\\\/inicio\\\/wp-content\\\/uploads\\\/2019\\\/08\\\/estudiantesequipogigena1.jpg\",\"keywords\":[\"estudiantes\",\"gigena\"],\"articleSection\":[\"A - QUE PASA (al costado)\",\"A - TEMPORALES\",\"SOCIEDAD\"],\"inLanguage\":\"es\"},{\"@type\":\"WebPage\",\"@id\":\"https:\\\/\\\/diariotextual.com\\\/inicio\\\/index.php\\\/2019\\\/08\\\/18\\\/los-90-anos-del-club-estudiantes-recuerdos-en-una-noche-de-basquet\\\/\",\"url\":\"https:\\\/\\\/diariotextual.com\\\/inicio\\\/index.php\\\/2019\\\/08\\\/18\\\/los-90-anos-del-club-estudiantes-recuerdos-en-una-noche-de-basquet\\\/\",\"name\":\"Los 90 a\u00f1os del Club Estudiantes: recuerdos en una noche de b\u00e1squet\",\"isPartOf\":{\"@id\":\"https:\\\/\\\/diariotextual.com\\\/inicio\\\/#website\"},\"primaryImageOfPage\":{\"@id\":\"https:\\\/\\\/diariotextual.com\\\/inicio\\\/index.php\\\/2019\\\/08\\\/18\\\/los-90-anos-del-club-estudiantes-recuerdos-en-una-noche-de-basquet\\\/#primaryimage\"},\"image\":{\"@id\":\"https:\\\/\\\/diariotextual.com\\\/inicio\\\/index.php\\\/2019\\\/08\\\/18\\\/los-90-anos-del-club-estudiantes-recuerdos-en-una-noche-de-basquet\\\/#primaryimage\"},\"thumbnailUrl\":\"https:\\\/\\\/diariotextual.com\\\/inicio\\\/wp-content\\\/uploads\\\/2019\\\/08\\\/estudiantesequipogigena1.jpg\",\"datePublished\":\"2019-08-18T20:59:44+00:00\",\"dateModified\":\"2019-08-19T13:08:38+00:00\",\"description\":\"Por Rodolfo Gigena. Ten\u00eda varias excusas para volver a mi querido Club Estudiantes. Los 90 a\u00f1os de su creaci\u00f3n, 12 de agosto de 1929 y la inauguraci\u00f3n de piso de parquet del gimnasio.\",\"breadcrumb\":{\"@id\":\"https:\\\/\\\/diariotextual.com\\\/inicio\\\/index.php\\\/2019\\\/08\\\/18\\\/los-90-anos-del-club-estudiantes-recuerdos-en-una-noche-de-basquet\\\/#breadcrumb\"},\"inLanguage\":\"es\",\"potentialAction\":[{\"@type\":\"ReadAction\",\"target\":[\"https:\\\/\\\/diariotextual.com\\\/inicio\\\/index.php\\\/2019\\\/08\\\/18\\\/los-90-anos-del-club-estudiantes-recuerdos-en-una-noche-de-basquet\\\/\"]}]},{\"@type\":\"ImageObject\",\"inLanguage\":\"es\",\"@id\":\"https:\\\/\\\/diariotextual.com\\\/inicio\\\/index.php\\\/2019\\\/08\\\/18\\\/los-90-anos-del-club-estudiantes-recuerdos-en-una-noche-de-basquet\\\/#primaryimage\",\"url\":\"https:\\\/\\\/diariotextual.com\\\/inicio\\\/wp-content\\\/uploads\\\/2019\\\/08\\\/estudiantesequipogigena1.jpg\",\"contentUrl\":\"https:\\\/\\\/diariotextual.com\\\/inicio\\\/wp-content\\\/uploads\\\/2019\\\/08\\\/estudiantesequipogigena1.jpg\",\"width\":1014,\"height\":607},{\"@type\":\"BreadcrumbList\",\"@id\":\"https:\\\/\\\/diariotextual.com\\\/inicio\\\/index.php\\\/2019\\\/08\\\/18\\\/los-90-anos-del-club-estudiantes-recuerdos-en-una-noche-de-basquet\\\/#breadcrumb\",\"itemListElement\":[{\"@type\":\"ListItem\",\"position\":1,\"name\":\"Portada\",\"item\":\"https:\\\/\\\/diariotextual.com\\\/inicio\\\/\"},{\"@type\":\"ListItem\",\"position\":2,\"name\":\"Los 90 a\u00f1os del Club Estudiantes: recuerdos en una noche de b\u00e1squet\"}]},{\"@type\":\"WebSite\",\"@id\":\"https:\\\/\\\/diariotextual.com\\\/inicio\\\/#website\",\"url\":\"https:\\\/\\\/diariotextual.com\\\/inicio\\\/\",\"name\":\"Diario Textual\",\"description\":\"\",\"publisher\":{\"@id\":\"https:\\\/\\\/diariotextual.com\\\/inicio\\\/#organization\"},\"potentialAction\":[{\"@type\":\"SearchAction\",\"target\":{\"@type\":\"EntryPoint\",\"urlTemplate\":\"https:\\\/\\\/diariotextual.com\\\/inicio\\\/?s={search_term_string}\"},\"query-input\":{\"@type\":\"PropertyValueSpecification\",\"valueRequired\":true,\"valueName\":\"search_term_string\"}}],\"inLanguage\":\"es\"},{\"@type\":\"Organization\",\"@id\":\"https:\\\/\\\/diariotextual.com\\\/inicio\\\/#organization\",\"name\":\"Diario Textual\",\"url\":\"https:\\\/\\\/diariotextual.com\\\/inicio\\\/\",\"logo\":{\"@type\":\"ImageObject\",\"inLanguage\":\"es\",\"@id\":\"https:\\\/\\\/diariotextual.com\\\/inicio\\\/#\\\/schema\\\/logo\\\/image\\\/\",\"url\":\"https:\\\/\\\/diariotextual.com\\\/inicio\\\/wp-content\\\/uploads\\\/2023\\\/05\\\/logotextual1.jpg\",\"contentUrl\":\"https:\\\/\\\/diariotextual.com\\\/inicio\\\/wp-content\\\/uploads\\\/2023\\\/05\\\/logotextual1.jpg\",\"width\":516,\"height\":76,\"caption\":\"Diario Textual\"},\"image\":{\"@id\":\"https:\\\/\\\/diariotextual.com\\\/inicio\\\/#\\\/schema\\\/logo\\\/image\\\/\"},\"sameAs\":[\"https:\\\/\\\/www.facebook.com\\\/eltextual\",\"https:\\\/\\\/x.com\\\/eltextual\",\"http:\\\/\\\/www.instagram.com\\\/eltextual\"]},{\"@type\":\"Person\",\"@id\":\"https:\\\/\\\/diariotextual.com\\\/inicio\\\/#\\\/schema\\\/person\\\/418fc4093c33e86ed41562db3508f958\",\"name\":\"Diario1 Diario1\",\"image\":{\"@type\":\"ImageObject\",\"inLanguage\":\"es\",\"@id\":\"https:\\\/\\\/secure.gravatar.com\\\/avatar\\\/9167d280179c85bc18be67aa7eda765854300033af4896dd779b608640f2ef7a?s=96&d=mm&r=g\",\"url\":\"https:\\\/\\\/secure.gravatar.com\\\/avatar\\\/9167d280179c85bc18be67aa7eda765854300033af4896dd779b608640f2ef7a?s=96&d=mm&r=g\",\"contentUrl\":\"https:\\\/\\\/secure.gravatar.com\\\/avatar\\\/9167d280179c85bc18be67aa7eda765854300033af4896dd779b608640f2ef7a?s=96&d=mm&r=g\",\"caption\":\"Diario1 Diario1\"},\"url\":\"https:\\\/\\\/diariotextual.com\\\/inicio\\\/index.php\\\/author\\\/diario1\\\/\"}]}<\/script>\n<!-- \/ Yoast SEO plugin. -->","yoast_head_json":{"title":"Los 90 a\u00f1os del Club Estudiantes: recuerdos en una noche de b\u00e1squet","description":"Por Rodolfo Gigena. Ten\u00eda varias excusas para volver a mi querido Club Estudiantes. Los 90 a\u00f1os de su creaci\u00f3n, 12 de agosto de 1929 y la inauguraci\u00f3n de piso de parquet del gimnasio.","robots":{"index":"index","follow":"follow","max-snippet":"max-snippet:-1","max-image-preview":"max-image-preview:large","max-video-preview":"max-video-preview:-1"},"canonical":"https:\/\/diariotextual.com\/inicio\/index.php\/2019\/08\/18\/los-90-anos-del-club-estudiantes-recuerdos-en-una-noche-de-basquet\/","og_locale":"es_ES","og_type":"article","og_title":"Los 90 a\u00f1os del Club Estudiantes: recuerdos en una noche de b\u00e1squet","og_description":"Por Rodolfo Gigena. Ten\u00eda varias excusas para volver a mi querido Club Estudiantes. Los 90 a\u00f1os de su creaci\u00f3n, 12 de agosto de 1929 y la inauguraci\u00f3n de piso de parquet del gimnasio.","og_url":"https:\/\/diariotextual.com\/inicio\/index.php\/2019\/08\/18\/los-90-anos-del-club-estudiantes-recuerdos-en-una-noche-de-basquet\/","og_site_name":"Diario Textual","article_publisher":"https:\/\/www.facebook.com\/eltextual","article_published_time":"2019-08-18T20:59:44+00:00","article_modified_time":"2019-08-19T13:08:38+00:00","og_image":[{"width":1014,"height":607,"url":"https:\/\/diariotextual.com\/inicio\/wp-content\/uploads\/2019\/08\/estudiantesequipogigena1.jpg","type":"image\/jpeg"}],"author":"Diario1 Diario1","twitter_card":"summary_large_image","twitter_creator":"@eltextual","twitter_site":"@eltextual","twitter_misc":{"Escrito por":"Diario1 Diario1","Tiempo de lectura":"7 minutos"},"schema":{"@context":"https:\/\/schema.org","@graph":[{"@type":"Article","@id":"https:\/\/diariotextual.com\/inicio\/index.php\/2019\/08\/18\/los-90-anos-del-club-estudiantes-recuerdos-en-una-noche-de-basquet\/#article","isPartOf":{"@id":"https:\/\/diariotextual.com\/inicio\/index.php\/2019\/08\/18\/los-90-anos-del-club-estudiantes-recuerdos-en-una-noche-de-basquet\/"},"author":{"name":"Diario1 Diario1","@id":"https:\/\/diariotextual.com\/inicio\/#\/schema\/person\/418fc4093c33e86ed41562db3508f958"},"headline":"Los 90 a\u00f1os del Club Estudiantes: recuerdos en una noche de b\u00e1squet","datePublished":"2019-08-18T20:59:44+00:00","dateModified":"2019-08-19T13:08:38+00:00","mainEntityOfPage":{"@id":"https:\/\/diariotextual.com\/inicio\/index.php\/2019\/08\/18\/los-90-anos-del-club-estudiantes-recuerdos-en-una-noche-de-basquet\/"},"wordCount":1335,"publisher":{"@id":"https:\/\/diariotextual.com\/inicio\/#organization"},"image":{"@id":"https:\/\/diariotextual.com\/inicio\/index.php\/2019\/08\/18\/los-90-anos-del-club-estudiantes-recuerdos-en-una-noche-de-basquet\/#primaryimage"},"thumbnailUrl":"https:\/\/diariotextual.com\/inicio\/wp-content\/uploads\/2019\/08\/estudiantesequipogigena1.jpg","keywords":["estudiantes","gigena"],"articleSection":["A - QUE PASA (al costado)","A - TEMPORALES","SOCIEDAD"],"inLanguage":"es"},{"@type":"WebPage","@id":"https:\/\/diariotextual.com\/inicio\/index.php\/2019\/08\/18\/los-90-anos-del-club-estudiantes-recuerdos-en-una-noche-de-basquet\/","url":"https:\/\/diariotextual.com\/inicio\/index.php\/2019\/08\/18\/los-90-anos-del-club-estudiantes-recuerdos-en-una-noche-de-basquet\/","name":"Los 90 a\u00f1os del Club Estudiantes: recuerdos en una noche de b\u00e1squet","isPartOf":{"@id":"https:\/\/diariotextual.com\/inicio\/#website"},"primaryImageOfPage":{"@id":"https:\/\/diariotextual.com\/inicio\/index.php\/2019\/08\/18\/los-90-anos-del-club-estudiantes-recuerdos-en-una-noche-de-basquet\/#primaryimage"},"image":{"@id":"https:\/\/diariotextual.com\/inicio\/index.php\/2019\/08\/18\/los-90-anos-del-club-estudiantes-recuerdos-en-una-noche-de-basquet\/#primaryimage"},"thumbnailUrl":"https:\/\/diariotextual.com\/inicio\/wp-content\/uploads\/2019\/08\/estudiantesequipogigena1.jpg","datePublished":"2019-08-18T20:59:44+00:00","dateModified":"2019-08-19T13:08:38+00:00","description":"Por Rodolfo Gigena. Ten\u00eda varias excusas para volver a mi querido Club Estudiantes. Los 90 a\u00f1os de su creaci\u00f3n, 12 de agosto de 1929 y la inauguraci\u00f3n de piso de parquet del gimnasio.","breadcrumb":{"@id":"https:\/\/diariotextual.com\/inicio\/index.php\/2019\/08\/18\/los-90-anos-del-club-estudiantes-recuerdos-en-una-noche-de-basquet\/#breadcrumb"},"inLanguage":"es","potentialAction":[{"@type":"ReadAction","target":["https:\/\/diariotextual.com\/inicio\/index.php\/2019\/08\/18\/los-90-anos-del-club-estudiantes-recuerdos-en-una-noche-de-basquet\/"]}]},{"@type":"ImageObject","inLanguage":"es","@id":"https:\/\/diariotextual.com\/inicio\/index.php\/2019\/08\/18\/los-90-anos-del-club-estudiantes-recuerdos-en-una-noche-de-basquet\/#primaryimage","url":"https:\/\/diariotextual.com\/inicio\/wp-content\/uploads\/2019\/08\/estudiantesequipogigena1.jpg","contentUrl":"https:\/\/diariotextual.com\/inicio\/wp-content\/uploads\/2019\/08\/estudiantesequipogigena1.jpg","width":1014,"height":607},{"@type":"BreadcrumbList","@id":"https:\/\/diariotextual.com\/inicio\/index.php\/2019\/08\/18\/los-90-anos-del-club-estudiantes-recuerdos-en-una-noche-de-basquet\/#breadcrumb","itemListElement":[{"@type":"ListItem","position":1,"name":"Portada","item":"https:\/\/diariotextual.com\/inicio\/"},{"@type":"ListItem","position":2,"name":"Los 90 a\u00f1os del Club Estudiantes: recuerdos en una noche de b\u00e1squet"}]},{"@type":"WebSite","@id":"https:\/\/diariotextual.com\/inicio\/#website","url":"https:\/\/diariotextual.com\/inicio\/","name":"Diario Textual","description":"","publisher":{"@id":"https:\/\/diariotextual.com\/inicio\/#organization"},"potentialAction":[{"@type":"SearchAction","target":{"@type":"EntryPoint","urlTemplate":"https:\/\/diariotextual.com\/inicio\/?s={search_term_string}"},"query-input":{"@type":"PropertyValueSpecification","valueRequired":true,"valueName":"search_term_string"}}],"inLanguage":"es"},{"@type":"Organization","@id":"https:\/\/diariotextual.com\/inicio\/#organization","name":"Diario Textual","url":"https:\/\/diariotextual.com\/inicio\/","logo":{"@type":"ImageObject","inLanguage":"es","@id":"https:\/\/diariotextual.com\/inicio\/#\/schema\/logo\/image\/","url":"https:\/\/diariotextual.com\/inicio\/wp-content\/uploads\/2023\/05\/logotextual1.jpg","contentUrl":"https:\/\/diariotextual.com\/inicio\/wp-content\/uploads\/2023\/05\/logotextual1.jpg","width":516,"height":76,"caption":"Diario Textual"},"image":{"@id":"https:\/\/diariotextual.com\/inicio\/#\/schema\/logo\/image\/"},"sameAs":["https:\/\/www.facebook.com\/eltextual","https:\/\/x.com\/eltextual","http:\/\/www.instagram.com\/eltextual"]},{"@type":"Person","@id":"https:\/\/diariotextual.com\/inicio\/#\/schema\/person\/418fc4093c33e86ed41562db3508f958","name":"Diario1 Diario1","image":{"@type":"ImageObject","inLanguage":"es","@id":"https:\/\/secure.gravatar.com\/avatar\/9167d280179c85bc18be67aa7eda765854300033af4896dd779b608640f2ef7a?s=96&d=mm&r=g","url":"https:\/\/secure.gravatar.com\/avatar\/9167d280179c85bc18be67aa7eda765854300033af4896dd779b608640f2ef7a?s=96&d=mm&r=g","contentUrl":"https:\/\/secure.gravatar.com\/avatar\/9167d280179c85bc18be67aa7eda765854300033af4896dd779b608640f2ef7a?s=96&d=mm&r=g","caption":"Diario1 Diario1"},"url":"https:\/\/diariotextual.com\/inicio\/index.php\/author\/diario1\/"}]}},"_links":{"self":[{"href":"https:\/\/diariotextual.com\/inicio\/index.php\/wp-json\/wp\/v2\/posts\/59957","targetHints":{"allow":["GET"]}}],"collection":[{"href":"https:\/\/diariotextual.com\/inicio\/index.php\/wp-json\/wp\/v2\/posts"}],"about":[{"href":"https:\/\/diariotextual.com\/inicio\/index.php\/wp-json\/wp\/v2\/types\/post"}],"author":[{"embeddable":true,"href":"https:\/\/diariotextual.com\/inicio\/index.php\/wp-json\/wp\/v2\/users\/3"}],"replies":[{"embeddable":true,"href":"https:\/\/diariotextual.com\/inicio\/index.php\/wp-json\/wp\/v2\/comments?post=59957"}],"version-history":[{"count":4,"href":"https:\/\/diariotextual.com\/inicio\/index.php\/wp-json\/wp\/v2\/posts\/59957\/revisions"}],"predecessor-version":[{"id":59963,"href":"https:\/\/diariotextual.com\/inicio\/index.php\/wp-json\/wp\/v2\/posts\/59957\/revisions\/59963"}],"wp:featuredmedia":[{"embeddable":true,"href":"https:\/\/diariotextual.com\/inicio\/index.php\/wp-json\/wp\/v2\/media\/59961"}],"wp:attachment":[{"href":"https:\/\/diariotextual.com\/inicio\/index.php\/wp-json\/wp\/v2\/media?parent=59957"}],"wp:term":[{"taxonomy":"category","embeddable":true,"href":"https:\/\/diariotextual.com\/inicio\/index.php\/wp-json\/wp\/v2\/categories?post=59957"},{"taxonomy":"post_tag","embeddable":true,"href":"https:\/\/diariotextual.com\/inicio\/index.php\/wp-json\/wp\/v2\/tags?post=59957"}],"curies":[{"name":"wp","href":"https:\/\/api.w.org\/{rel}","templated":true}]}}