{"id":59979,"date":"2019-08-19T07:46:35","date_gmt":"2019-08-19T10:46:35","guid":{"rendered":"http:\/\/diariotextual.com\/inicio\/?p=59979"},"modified":"2019-08-19T16:07:54","modified_gmt":"2019-08-19T19:07:54","slug":"corrida-cambiaria-suben-los-medicamentos-podrian-racionalizarse","status":"publish","type":"post","link":"https:\/\/diariotextual.com\/inicio\/index.php\/2019\/08\/19\/corrida-cambiaria-suben-los-medicamentos-podrian-racionalizarse\/","title":{"rendered":"Corrida cambiaria: suben los  medicamentos y podr\u00edan racionalizarse"},"content":{"rendered":"<p>El director Ejecutivo del Colegio Farmac\u00e9utico de La Pampa,<strong> Miguel Osio<\/strong>, revel\u00f3 que la reciente corrida cambiaria provoc\u00f3 <strong>fuertes incrementos en el precio de los medicamentos<\/strong>, aunque aclar\u00f3 que no es una \u201csuba lineal\u201d por lo que existen laboratorios que remarcaron algunos productos y otros no.<strong> \u201cEn general notamos que las subas oscilan entre el seis y el quince por ciento con algunos picos del treinta por ciento\u201d<\/strong>, detall\u00f3 el farmac\u00e9utico, quien advirti\u00f3 que habr\u00eda m\u00e1s aumentos. \u201cDe todos modos, m\u00e1s all\u00e1 de esta devaluaci\u00f3n puntual del peso, existen peque\u00f1as subas permanentes que por ah\u00ed no se notan tanto en el momento y s\u00ed en el tiempo, cuando se van acumulando\u201d, dijo.<\/p>\n<p>El profesional de la salud, a la vez vicepresidente de la Federaci\u00f3n Farmac\u00e9utica (Fefara), confes\u00f3 que la corrida del d\u00f3lar gener\u00f3 un impacto muy fuerte. Y se explica porque si bien hay remedios que se fabrican \u00edntegramente en nuestro pa\u00eds, los componentes que tienen algunos de ellos son importados y se comercializan a precio del billete norteamericano. <strong>\u201cLos medicamentos especiales, de aplicaci\u00f3n en pacientes que sufren VIH o esclerosis m\u00faltiple, entre otros, son los que m\u00e1s subieron sus precios\u201d, detall\u00f3.<\/strong><\/p>\n<p>De acuerdo a Osio, se deben considerar dos cosas: el incremento del valor del medicamento propiamente dicho y, tambi\u00e9n, la disminuci\u00f3n que se genera sobre el salario, algo que propicia que la persona tenga menor acceso a todo. \u201cHay un doble impacto sobre el acceso al remedio\u201d, razon\u00f3.<\/p>\n<p>Pero la industria farmac\u00e9utica, m\u00e1s all\u00e1 de ver el factor econ\u00f3mico, debe observar los t\u00e9rminos sanitarios para ver si la comunidad puede llegar o no al medicamento. \u201cEn las farmacias vemos, desde hace un tiempo, una baja en la adquisici\u00f3n de f\u00e1rmacos por lo que la provisi\u00f3n en los hospitales p\u00fablicos viene siendo una tarea clave, sobre todo en nuestra provincia\u201d, valor\u00f3.<\/p>\n<p>Pero la corrida cambiaria podr\u00eda mellar tambi\u00e9n la provisi\u00f3n de f\u00e1rmacos, que incluso podr\u00edan empezar a racionalizarse. \u201cAlgunas droguer\u00edas manifestaron que la entrega ser\u00e1 m\u00e1s racionalizada porque se teme que haya compras abusivas para hacer stock, ante la posibilidad de otra devaluaci\u00f3n del peso, algo que la droguer\u00eda evitar\u00e1\u201d, dijo a Noticiero 3. \u201cNo obstante, al momento no tenemos una falta generalizada, m\u00e1s all\u00e1 de alguna puntual\u201d, concluy\u00f3.<\/p>\n<p>&nbsp;<\/p>\n","protected":false},"excerpt":{"rendered":"<p>El director Ejecutivo del Colegio Farmac\u00e9utico de La Pampa, Miguel Osio, revel\u00f3 que la reciente corrida cambiaria provoc\u00f3 fuertes incrementos en el precio de los medicamentos, aunque aclar\u00f3 que no&hellip;<\/p>\n","protected":false},"author":3,"featured_media":59981,"comment_status":"closed","ping_status":"open","sticky":false,"template":"","format":"standard","meta":{"_acf_changed":false,"footnotes":""},"categories":[11,319,5],"tags":[1024],"class_list":["post-59979","post","type-post","status-publish","format-standard","has-post-thumbnail","hentry","category-que-pasa","category-a-temporales","category-economia","tag-medicamentos"],"acf":[],"yoast_head":"<!-- This site is optimized with the Yoast SEO plugin v27.5 - https:\/\/yoast.com\/product\/yoast-seo-wordpress\/ -->\n<title>Corrida cambiaria: suben los medicamentos y podr\u00edan racionalizarse - Diario Textual<\/title>\n<meta name=\"robots\" content=\"index, follow, max-snippet:-1, max-image-preview:large, max-video-preview:-1\" \/>\n<link rel=\"canonical\" href=\"https:\/\/diariotextual.com\/inicio\/index.php\/2019\/08\/19\/corrida-cambiaria-suben-los-medicamentos-podrian-racionalizarse\/\" \/>\n<meta property=\"og:locale\" content=\"es_ES\" \/>\n<meta property=\"og:type\" content=\"article\" \/>\n<meta property=\"og:title\" content=\"Corrida cambiaria: suben los medicamentos y podr\u00edan racionalizarse - Diario Textual\" \/>\n<meta property=\"og:description\" content=\"El director Ejecutivo del Colegio Farmac\u00e9utico de La Pampa, Miguel Osio, revel\u00f3 que la reciente corrida cambiaria provoc\u00f3 fuertes incrementos en el precio de los medicamentos, aunque aclar\u00f3 que no&hellip;\" \/>\n<meta property=\"og:url\" content=\"https:\/\/diariotextual.com\/inicio\/index.php\/2019\/08\/19\/corrida-cambiaria-suben-los-medicamentos-podrian-racionalizarse\/\" \/>\n<meta property=\"og:site_name\" content=\"Diario Textual\" \/>\n<meta property=\"article:publisher\" content=\"https:\/\/www.facebook.com\/eltextual\" \/>\n<meta property=\"article:published_time\" content=\"2019-08-19T10:46:35+00:00\" \/>\n<meta property=\"article:modified_time\" content=\"2019-08-19T19:07:54+00:00\" \/>\n<meta property=\"og:image\" content=\"https:\/\/diariotextual.com\/inicio\/wp-content\/uploads\/2019\/08\/medicamentosremedios1.jpg\" \/>\n\t<meta property=\"og:image:width\" content=\"948\" \/>\n\t<meta property=\"og:image:height\" content=\"526\" \/>\n\t<meta property=\"og:image:type\" content=\"image\/jpeg\" \/>\n<meta name=\"author\" content=\"Diario1 Diario1\" \/>\n<meta name=\"twitter:card\" content=\"summary_large_image\" \/>\n<meta name=\"twitter:creator\" content=\"@eltextual\" \/>\n<meta name=\"twitter:site\" content=\"@eltextual\" \/>\n<meta name=\"twitter:label1\" content=\"Escrito por\" \/>\n\t<meta name=\"twitter:data1\" content=\"Diario1 Diario1\" \/>\n\t<meta name=\"twitter:label2\" content=\"Tiempo de lectura\" \/>\n\t<meta name=\"twitter:data2\" content=\"2 minutos\" \/>\n<script type=\"application\/ld+json\" class=\"yoast-schema-graph\">{\"@context\":\"https:\\\/\\\/schema.org\",\"@graph\":[{\"@type\":\"Article\",\"@id\":\"https:\\\/\\\/diariotextual.com\\\/inicio\\\/index.php\\\/2019\\\/08\\\/19\\\/corrida-cambiaria-suben-los-medicamentos-podrian-racionalizarse\\\/#article\",\"isPartOf\":{\"@id\":\"https:\\\/\\\/diariotextual.com\\\/inicio\\\/index.php\\\/2019\\\/08\\\/19\\\/corrida-cambiaria-suben-los-medicamentos-podrian-racionalizarse\\\/\"},\"author\":{\"name\":\"Diario1 Diario1\",\"@id\":\"https:\\\/\\\/diariotextual.com\\\/inicio\\\/#\\\/schema\\\/person\\\/418fc4093c33e86ed41562db3508f958\"},\"headline\":\"Corrida cambiaria: suben los medicamentos y podr\u00edan racionalizarse\",\"datePublished\":\"2019-08-19T10:46:35+00:00\",\"dateModified\":\"2019-08-19T19:07:54+00:00\",\"mainEntityOfPage\":{\"@id\":\"https:\\\/\\\/diariotextual.com\\\/inicio\\\/index.php\\\/2019\\\/08\\\/19\\\/corrida-cambiaria-suben-los-medicamentos-podrian-racionalizarse\\\/\"},\"wordCount\":413,\"publisher\":{\"@id\":\"https:\\\/\\\/diariotextual.com\\\/inicio\\\/#organization\"},\"image\":{\"@id\":\"https:\\\/\\\/diariotextual.com\\\/inicio\\\/index.php\\\/2019\\\/08\\\/19\\\/corrida-cambiaria-suben-los-medicamentos-podrian-racionalizarse\\\/#primaryimage\"},\"thumbnailUrl\":\"https:\\\/\\\/diariotextual.com\\\/inicio\\\/wp-content\\\/uploads\\\/2019\\\/08\\\/medicamentosremedios1.jpg\",\"keywords\":[\"medicamentos\"],\"articleSection\":[\"A - QUE PASA (al costado)\",\"A - TEMPORALES\",\"ECONOMIA\"],\"inLanguage\":\"es\"},{\"@type\":\"WebPage\",\"@id\":\"https:\\\/\\\/diariotextual.com\\\/inicio\\\/index.php\\\/2019\\\/08\\\/19\\\/corrida-cambiaria-suben-los-medicamentos-podrian-racionalizarse\\\/\",\"url\":\"https:\\\/\\\/diariotextual.com\\\/inicio\\\/index.php\\\/2019\\\/08\\\/19\\\/corrida-cambiaria-suben-los-medicamentos-podrian-racionalizarse\\\/\",\"name\":\"Corrida cambiaria: suben los medicamentos y podr\u00edan racionalizarse - Diario Textual\",\"isPartOf\":{\"@id\":\"https:\\\/\\\/diariotextual.com\\\/inicio\\\/#website\"},\"primaryImageOfPage\":{\"@id\":\"https:\\\/\\\/diariotextual.com\\\/inicio\\\/index.php\\\/2019\\\/08\\\/19\\\/corrida-cambiaria-suben-los-medicamentos-podrian-racionalizarse\\\/#primaryimage\"},\"image\":{\"@id\":\"https:\\\/\\\/diariotextual.com\\\/inicio\\\/index.php\\\/2019\\\/08\\\/19\\\/corrida-cambiaria-suben-los-medicamentos-podrian-racionalizarse\\\/#primaryimage\"},\"thumbnailUrl\":\"https:\\\/\\\/diariotextual.com\\\/inicio\\\/wp-content\\\/uploads\\\/2019\\\/08\\\/medicamentosremedios1.jpg\",\"datePublished\":\"2019-08-19T10:46:35+00:00\",\"dateModified\":\"2019-08-19T19:07:54+00:00\",\"breadcrumb\":{\"@id\":\"https:\\\/\\\/diariotextual.com\\\/inicio\\\/index.php\\\/2019\\\/08\\\/19\\\/corrida-cambiaria-suben-los-medicamentos-podrian-racionalizarse\\\/#breadcrumb\"},\"inLanguage\":\"es\",\"potentialAction\":[{\"@type\":\"ReadAction\",\"target\":[\"https:\\\/\\\/diariotextual.com\\\/inicio\\\/index.php\\\/2019\\\/08\\\/19\\\/corrida-cambiaria-suben-los-medicamentos-podrian-racionalizarse\\\/\"]}]},{\"@type\":\"ImageObject\",\"inLanguage\":\"es\",\"@id\":\"https:\\\/\\\/diariotextual.com\\\/inicio\\\/index.php\\\/2019\\\/08\\\/19\\\/corrida-cambiaria-suben-los-medicamentos-podrian-racionalizarse\\\/#primaryimage\",\"url\":\"https:\\\/\\\/diariotextual.com\\\/inicio\\\/wp-content\\\/uploads\\\/2019\\\/08\\\/medicamentosremedios1.jpg\",\"contentUrl\":\"https:\\\/\\\/diariotextual.com\\\/inicio\\\/wp-content\\\/uploads\\\/2019\\\/08\\\/medicamentosremedios1.jpg\",\"width\":948,\"height\":526},{\"@type\":\"BreadcrumbList\",\"@id\":\"https:\\\/\\\/diariotextual.com\\\/inicio\\\/index.php\\\/2019\\\/08\\\/19\\\/corrida-cambiaria-suben-los-medicamentos-podrian-racionalizarse\\\/#breadcrumb\",\"itemListElement\":[{\"@type\":\"ListItem\",\"position\":1,\"name\":\"Portada\",\"item\":\"https:\\\/\\\/diariotextual.com\\\/inicio\\\/\"},{\"@type\":\"ListItem\",\"position\":2,\"name\":\"Corrida cambiaria: suben los medicamentos y podr\u00edan racionalizarse\"}]},{\"@type\":\"WebSite\",\"@id\":\"https:\\\/\\\/diariotextual.com\\\/inicio\\\/#website\",\"url\":\"https:\\\/\\\/diariotextual.com\\\/inicio\\\/\",\"name\":\"Diario Textual\",\"description\":\"\",\"publisher\":{\"@id\":\"https:\\\/\\\/diariotextual.com\\\/inicio\\\/#organization\"},\"potentialAction\":[{\"@type\":\"SearchAction\",\"target\":{\"@type\":\"EntryPoint\",\"urlTemplate\":\"https:\\\/\\\/diariotextual.com\\\/inicio\\\/?s={search_term_string}\"},\"query-input\":{\"@type\":\"PropertyValueSpecification\",\"valueRequired\":true,\"valueName\":\"search_term_string\"}}],\"inLanguage\":\"es\"},{\"@type\":\"Organization\",\"@id\":\"https:\\\/\\\/diariotextual.com\\\/inicio\\\/#organization\",\"name\":\"Diario Textual\",\"url\":\"https:\\\/\\\/diariotextual.com\\\/inicio\\\/\",\"logo\":{\"@type\":\"ImageObject\",\"inLanguage\":\"es\",\"@id\":\"https:\\\/\\\/diariotextual.com\\\/inicio\\\/#\\\/schema\\\/logo\\\/image\\\/\",\"url\":\"https:\\\/\\\/diariotextual.com\\\/inicio\\\/wp-content\\\/uploads\\\/2023\\\/05\\\/logotextual1.jpg\",\"contentUrl\":\"https:\\\/\\\/diariotextual.com\\\/inicio\\\/wp-content\\\/uploads\\\/2023\\\/05\\\/logotextual1.jpg\",\"width\":516,\"height\":76,\"caption\":\"Diario Textual\"},\"image\":{\"@id\":\"https:\\\/\\\/diariotextual.com\\\/inicio\\\/#\\\/schema\\\/logo\\\/image\\\/\"},\"sameAs\":[\"https:\\\/\\\/www.facebook.com\\\/eltextual\",\"https:\\\/\\\/x.com\\\/eltextual\",\"http:\\\/\\\/www.instagram.com\\\/eltextual\"]},{\"@type\":\"Person\",\"@id\":\"https:\\\/\\\/diariotextual.com\\\/inicio\\\/#\\\/schema\\\/person\\\/418fc4093c33e86ed41562db3508f958\",\"name\":\"Diario1 Diario1\",\"image\":{\"@type\":\"ImageObject\",\"inLanguage\":\"es\",\"@id\":\"https:\\\/\\\/secure.gravatar.com\\\/avatar\\\/9167d280179c85bc18be67aa7eda765854300033af4896dd779b608640f2ef7a?s=96&d=mm&r=g\",\"url\":\"https:\\\/\\\/secure.gravatar.com\\\/avatar\\\/9167d280179c85bc18be67aa7eda765854300033af4896dd779b608640f2ef7a?s=96&d=mm&r=g\",\"contentUrl\":\"https:\\\/\\\/secure.gravatar.com\\\/avatar\\\/9167d280179c85bc18be67aa7eda765854300033af4896dd779b608640f2ef7a?s=96&d=mm&r=g\",\"caption\":\"Diario1 Diario1\"},\"url\":\"https:\\\/\\\/diariotextual.com\\\/inicio\\\/index.php\\\/author\\\/diario1\\\/\"}]}<\/script>\n<!-- \/ Yoast SEO plugin. -->","yoast_head_json":{"title":"Corrida cambiaria: suben los medicamentos y podr\u00edan racionalizarse - Diario Textual","robots":{"index":"index","follow":"follow","max-snippet":"max-snippet:-1","max-image-preview":"max-image-preview:large","max-video-preview":"max-video-preview:-1"},"canonical":"https:\/\/diariotextual.com\/inicio\/index.php\/2019\/08\/19\/corrida-cambiaria-suben-los-medicamentos-podrian-racionalizarse\/","og_locale":"es_ES","og_type":"article","og_title":"Corrida cambiaria: suben los medicamentos y podr\u00edan racionalizarse - Diario Textual","og_description":"El director Ejecutivo del Colegio Farmac\u00e9utico de La Pampa, Miguel Osio, revel\u00f3 que la reciente corrida cambiaria provoc\u00f3 fuertes incrementos en el precio de los medicamentos, aunque aclar\u00f3 que no&hellip;","og_url":"https:\/\/diariotextual.com\/inicio\/index.php\/2019\/08\/19\/corrida-cambiaria-suben-los-medicamentos-podrian-racionalizarse\/","og_site_name":"Diario Textual","article_publisher":"https:\/\/www.facebook.com\/eltextual","article_published_time":"2019-08-19T10:46:35+00:00","article_modified_time":"2019-08-19T19:07:54+00:00","og_image":[{"width":948,"height":526,"url":"https:\/\/diariotextual.com\/inicio\/wp-content\/uploads\/2019\/08\/medicamentosremedios1.jpg","type":"image\/jpeg"}],"author":"Diario1 Diario1","twitter_card":"summary_large_image","twitter_creator":"@eltextual","twitter_site":"@eltextual","twitter_misc":{"Escrito por":"Diario1 Diario1","Tiempo de lectura":"2 minutos"},"schema":{"@context":"https:\/\/schema.org","@graph":[{"@type":"Article","@id":"https:\/\/diariotextual.com\/inicio\/index.php\/2019\/08\/19\/corrida-cambiaria-suben-los-medicamentos-podrian-racionalizarse\/#article","isPartOf":{"@id":"https:\/\/diariotextual.com\/inicio\/index.php\/2019\/08\/19\/corrida-cambiaria-suben-los-medicamentos-podrian-racionalizarse\/"},"author":{"name":"Diario1 Diario1","@id":"https:\/\/diariotextual.com\/inicio\/#\/schema\/person\/418fc4093c33e86ed41562db3508f958"},"headline":"Corrida cambiaria: suben los medicamentos y podr\u00edan racionalizarse","datePublished":"2019-08-19T10:46:35+00:00","dateModified":"2019-08-19T19:07:54+00:00","mainEntityOfPage":{"@id":"https:\/\/diariotextual.com\/inicio\/index.php\/2019\/08\/19\/corrida-cambiaria-suben-los-medicamentos-podrian-racionalizarse\/"},"wordCount":413,"publisher":{"@id":"https:\/\/diariotextual.com\/inicio\/#organization"},"image":{"@id":"https:\/\/diariotextual.com\/inicio\/index.php\/2019\/08\/19\/corrida-cambiaria-suben-los-medicamentos-podrian-racionalizarse\/#primaryimage"},"thumbnailUrl":"https:\/\/diariotextual.com\/inicio\/wp-content\/uploads\/2019\/08\/medicamentosremedios1.jpg","keywords":["medicamentos"],"articleSection":["A - QUE PASA (al costado)","A - TEMPORALES","ECONOMIA"],"inLanguage":"es"},{"@type":"WebPage","@id":"https:\/\/diariotextual.com\/inicio\/index.php\/2019\/08\/19\/corrida-cambiaria-suben-los-medicamentos-podrian-racionalizarse\/","url":"https:\/\/diariotextual.com\/inicio\/index.php\/2019\/08\/19\/corrida-cambiaria-suben-los-medicamentos-podrian-racionalizarse\/","name":"Corrida cambiaria: suben los medicamentos y podr\u00edan racionalizarse - Diario Textual","isPartOf":{"@id":"https:\/\/diariotextual.com\/inicio\/#website"},"primaryImageOfPage":{"@id":"https:\/\/diariotextual.com\/inicio\/index.php\/2019\/08\/19\/corrida-cambiaria-suben-los-medicamentos-podrian-racionalizarse\/#primaryimage"},"image":{"@id":"https:\/\/diariotextual.com\/inicio\/index.php\/2019\/08\/19\/corrida-cambiaria-suben-los-medicamentos-podrian-racionalizarse\/#primaryimage"},"thumbnailUrl":"https:\/\/diariotextual.com\/inicio\/wp-content\/uploads\/2019\/08\/medicamentosremedios1.jpg","datePublished":"2019-08-19T10:46:35+00:00","dateModified":"2019-08-19T19:07:54+00:00","breadcrumb":{"@id":"https:\/\/diariotextual.com\/inicio\/index.php\/2019\/08\/19\/corrida-cambiaria-suben-los-medicamentos-podrian-racionalizarse\/#breadcrumb"},"inLanguage":"es","potentialAction":[{"@type":"ReadAction","target":["https:\/\/diariotextual.com\/inicio\/index.php\/2019\/08\/19\/corrida-cambiaria-suben-los-medicamentos-podrian-racionalizarse\/"]}]},{"@type":"ImageObject","inLanguage":"es","@id":"https:\/\/diariotextual.com\/inicio\/index.php\/2019\/08\/19\/corrida-cambiaria-suben-los-medicamentos-podrian-racionalizarse\/#primaryimage","url":"https:\/\/diariotextual.com\/inicio\/wp-content\/uploads\/2019\/08\/medicamentosremedios1.jpg","contentUrl":"https:\/\/diariotextual.com\/inicio\/wp-content\/uploads\/2019\/08\/medicamentosremedios1.jpg","width":948,"height":526},{"@type":"BreadcrumbList","@id":"https:\/\/diariotextual.com\/inicio\/index.php\/2019\/08\/19\/corrida-cambiaria-suben-los-medicamentos-podrian-racionalizarse\/#breadcrumb","itemListElement":[{"@type":"ListItem","position":1,"name":"Portada","item":"https:\/\/diariotextual.com\/inicio\/"},{"@type":"ListItem","position":2,"name":"Corrida cambiaria: suben los medicamentos y podr\u00edan racionalizarse"}]},{"@type":"WebSite","@id":"https:\/\/diariotextual.com\/inicio\/#website","url":"https:\/\/diariotextual.com\/inicio\/","name":"Diario Textual","description":"","publisher":{"@id":"https:\/\/diariotextual.com\/inicio\/#organization"},"potentialAction":[{"@type":"SearchAction","target":{"@type":"EntryPoint","urlTemplate":"https:\/\/diariotextual.com\/inicio\/?s={search_term_string}"},"query-input":{"@type":"PropertyValueSpecification","valueRequired":true,"valueName":"search_term_string"}}],"inLanguage":"es"},{"@type":"Organization","@id":"https:\/\/diariotextual.com\/inicio\/#organization","name":"Diario Textual","url":"https:\/\/diariotextual.com\/inicio\/","logo":{"@type":"ImageObject","inLanguage":"es","@id":"https:\/\/diariotextual.com\/inicio\/#\/schema\/logo\/image\/","url":"https:\/\/diariotextual.com\/inicio\/wp-content\/uploads\/2023\/05\/logotextual1.jpg","contentUrl":"https:\/\/diariotextual.com\/inicio\/wp-content\/uploads\/2023\/05\/logotextual1.jpg","width":516,"height":76,"caption":"Diario Textual"},"image":{"@id":"https:\/\/diariotextual.com\/inicio\/#\/schema\/logo\/image\/"},"sameAs":["https:\/\/www.facebook.com\/eltextual","https:\/\/x.com\/eltextual","http:\/\/www.instagram.com\/eltextual"]},{"@type":"Person","@id":"https:\/\/diariotextual.com\/inicio\/#\/schema\/person\/418fc4093c33e86ed41562db3508f958","name":"Diario1 Diario1","image":{"@type":"ImageObject","inLanguage":"es","@id":"https:\/\/secure.gravatar.com\/avatar\/9167d280179c85bc18be67aa7eda765854300033af4896dd779b608640f2ef7a?s=96&d=mm&r=g","url":"https:\/\/secure.gravatar.com\/avatar\/9167d280179c85bc18be67aa7eda765854300033af4896dd779b608640f2ef7a?s=96&d=mm&r=g","contentUrl":"https:\/\/secure.gravatar.com\/avatar\/9167d280179c85bc18be67aa7eda765854300033af4896dd779b608640f2ef7a?s=96&d=mm&r=g","caption":"Diario1 Diario1"},"url":"https:\/\/diariotextual.com\/inicio\/index.php\/author\/diario1\/"}]}},"_links":{"self":[{"href":"https:\/\/diariotextual.com\/inicio\/index.php\/wp-json\/wp\/v2\/posts\/59979","targetHints":{"allow":["GET"]}}],"collection":[{"href":"https:\/\/diariotextual.com\/inicio\/index.php\/wp-json\/wp\/v2\/posts"}],"about":[{"href":"https:\/\/diariotextual.com\/inicio\/index.php\/wp-json\/wp\/v2\/types\/post"}],"author":[{"embeddable":true,"href":"https:\/\/diariotextual.com\/inicio\/index.php\/wp-json\/wp\/v2\/users\/3"}],"replies":[{"embeddable":true,"href":"https:\/\/diariotextual.com\/inicio\/index.php\/wp-json\/wp\/v2\/comments?post=59979"}],"version-history":[{"count":2,"href":"https:\/\/diariotextual.com\/inicio\/index.php\/wp-json\/wp\/v2\/posts\/59979\/revisions"}],"predecessor-version":[{"id":59982,"href":"https:\/\/diariotextual.com\/inicio\/index.php\/wp-json\/wp\/v2\/posts\/59979\/revisions\/59982"}],"wp:featuredmedia":[{"embeddable":true,"href":"https:\/\/diariotextual.com\/inicio\/index.php\/wp-json\/wp\/v2\/media\/59981"}],"wp:attachment":[{"href":"https:\/\/diariotextual.com\/inicio\/index.php\/wp-json\/wp\/v2\/media?parent=59979"}],"wp:term":[{"taxonomy":"category","embeddable":true,"href":"https:\/\/diariotextual.com\/inicio\/index.php\/wp-json\/wp\/v2\/categories?post=59979"},{"taxonomy":"post_tag","embeddable":true,"href":"https:\/\/diariotextual.com\/inicio\/index.php\/wp-json\/wp\/v2\/tags?post=59979"}],"curies":[{"name":"wp","href":"https:\/\/api.w.org\/{rel}","templated":true}]}}