{"id":59983,"date":"2019-08-19T07:54:57","date_gmt":"2019-08-19T10:54:57","guid":{"rendered":"http:\/\/diariotextual.com\/inicio\/?p=59983"},"modified":"2019-08-20T08:36:05","modified_gmt":"2019-08-20T11:36:05","slug":"hugo-haime-vio-los-15-puntos-ff","status":"publish","type":"post","link":"https:\/\/diariotextual.com\/inicio\/index.php\/2019\/08\/19\/hugo-haime-vio-los-15-puntos-ff\/","title":{"rendered":"Hugo Haime, el que vio antes los 15 puntos de FF"},"content":{"rendered":"<h3>Por Norberto Asquini<\/h3>\n<p><!--more--><\/p>\n<p>&nbsp;<\/p>\n<p class=\"x_MsoNormal\"><strong>Hugo\u00a0<span class=\"markjlc5q82nm\" data-markjs=\"true\" data-ogac=\"\" data-ogab=\"\" data-ogsc=\"\" data-ogsb=\"\">Haime<\/span><\/strong>\u00a0fue uno de los pocos que la vio antes que el resto. A comienzos de julio, antes de que comenzara la campa\u00f1a para las PASO del 11 de agosto, <strong>dio a conocer una tendencia en la que Fern\u00e1ndez-Fern\u00e1ndez le sacaba 14 puntos a la f\u00f3rmula Macri-Pichetto<\/strong> (44 a 30 por ciento). En ese momento, <strong>muchos relativizaron el n\u00famero y la mayor\u00eda de las encuestadoras, y los medios, jugaron despu\u00e9s a una diferencia entre 2 y 5 puntos<\/strong>.\u00a0<span class=\"markjlc5q82nm\" data-markjs=\"true\" data-ogac=\"\" data-ogab=\"\" data-ogsc=\"\" data-ogsb=\"\">Haime<\/span>\u00a0aclaraba que \u00abme parece temprano para definir n\u00fameros precisos\u00bb pero advert\u00eda que \u00abpuede haber sorpresas en relaci\u00f3n al clima que se est\u00e1 generando de que todo est\u00e1 empatado\u00bb. Pero<strong> la realidad es la que manda. La diferencia que tuvo fue de un solo punto.<\/strong><\/p>\n<p class=\"x_MsoNormal\"><span class=\"markjlc5q82nm\" data-markjs=\"true\" data-ogac=\"\" data-ogab=\"\" data-ogsc=\"\" data-ogsb=\"\">Haime<\/span>\u00a0habl\u00f3 con el autor sobre el resultado y las encuestas. \u201c<strong>Esos n\u00fameros ya nos ven\u00edan dando antes de la campa\u00f1a. Hab\u00eda diferencia de hasta de 20 puntos, pero hab\u00eda que tamizarlo por nivel socioecon\u00f3mico, educaci\u00f3n, etc\u00e9tera<\/strong>. Analizamos estudios cualitativos, el clima de la calle y resultados anteriores\u00bb.<\/p>\n<p class=\"x_MsoNormal\">Para\u00a0<span class=\"markjlc5q82nm\" data-markjs=\"true\" data-ogac=\"\" data-ogab=\"\" data-ogsc=\"\" data-ogsb=\"\">Haime<\/span>, \u201c<strong>ya se prefiguraba este resultado, porque en todas las provincias los gobernadores ganaban por mucho margen<\/strong>. Que llegaban hasta 10 puntos de diferencia. Y en Buenos Aires todos daban apenas una diferencia de 3 puntos. Si en todos lados daba esa diferencia en Buenos Aires no pod\u00eda ser menor\u201d.<\/p>\n<p class=\"x_MsoNormal\">Se le consult\u00f3 durante la charla los motivos del 47% obtenido por la f\u00f3rmula FF. \u201c\u00bfCu\u00e1nto sac\u00f3 Scioli en 2015? El 48 por ciento. Entonces ya hab\u00eda un votante que hab\u00eda votado por peronismo y que lo pod\u00eda volver a hacer. Por otro lado fue importante lo de Massa en provincia de Buenos Aires para sumar. Hace cuatro a\u00f1os el 60 por ciento de sus votantes hab\u00eda apoyado a Macri. Pero adem\u00e1s pasaron cosas, como las promesas incumplidas como la pobreza cero o bajar la inflaci\u00f3n, por ejemplo. Lo vivi\u00f3 como un retroceso y se decidi\u00f3 por otro rumbo\u201d.<\/p>\n<p class=\"x_MsoNormal\">\u00bfPuede revertir Macri esta diferencia o ya es cosa juzgada? \u201c<strong>Es muy dif\u00edcil que pueda acortar tanta diferencia. Fern\u00e1ndez ya consigui\u00f3 las dos cuestiones que se necesita para ser presidente: por un lado pas\u00f3 el 45 por ciento de los votos positivos y por otro le sac\u00f3 una diferencia de m\u00e1s de 10 puntos<\/strong>\u201d. Se repregunta, \u00bfhay casos en los que el segundo pudo remontar semejante diferencia?. \u201cHay algunos casos en los que el piso para ganar era del 50 por ciento como en Per\u00fa en 2016 con Kuczynski. Pero es muy dif\u00edcil de revertir con tanta diferencia, porque adem\u00e1s, un candidato puede crecer, pero el otro tambi\u00e9n\u201d.<\/p>\n<p class=\"x_MsoNormal\"><strong>\u00bfPor qu\u00e9 no acertaron las encuestadoras?<\/strong> \u201cLas que daban m\u00e1rgenes m\u00e1s estrechos fueron realizadas de manera telef\u00f3nica y de respuesta autom\u00e1tica. \u00bfPero cu\u00e1ntos y qui\u00e9nes tienen tel\u00e9fonos fijos hoy? La mayor\u00eda de la gente no tiene tel\u00e9fono fijo. Esto deja un amplio segmento por fuera de los encuestados. La encuesta presencial es m\u00e1s cercana a la realidad, es mucho m\u00e1s exacta, si bien tiene sus contras como no llegar a las clases m\u00e1s altas\u201d. Esa es la que utiliz\u00f3\u00a0<span class=\"markjlc5q82nm\" data-markjs=\"true\" data-ogac=\"\" data-ogab=\"\" data-ogsc=\"\" data-ogsb=\"\">Haime<\/span>.<\/p>\n<p class=\"x_MsoNormal\"><span class=\"markjlc5q82nm\" data-markjs=\"true\" data-ogac=\"\" data-ogab=\"\" data-ogsc=\"\" data-ogsb=\"\">Haime<\/span>\u00a0estim\u00f3 que en las elecciones del 27 de octubre la elecci\u00f3n se va a polarizar a\u00fan m\u00e1s. \u201cMacri puede crecer a costa de Lavagna, que igual va a seguir teniendo sus votos, y de otras opciones de derecha. Nadie con los votos de la izquierda que son votos duros. Pero tambi\u00e9n puede crecer Fern\u00e1ndez ya que en lugares como Santiago del Estero, Catamarca o Santa Cruz hubo una participaci\u00f3n baja y seguramente habr\u00e1 m\u00e1s votantes en las pr\u00f3ximas elecciones\u201d.<\/p>\n<p>&nbsp;<\/p>\n<p>&nbsp;<\/p>\n","protected":false},"excerpt":{"rendered":"<p>Por Norberto Asquini<\/p>\n","protected":false},"author":3,"featured_media":7314,"comment_status":"closed","ping_status":"open","sticky":false,"template":"","format":"standard","meta":{"_acf_changed":false,"footnotes":""},"categories":[319,8],"tags":[331],"class_list":["post-59983","post","type-post","status-publish","format-standard","has-post-thumbnail","hentry","category-a-temporales","category-politica","tag-haime"],"acf":[],"yoast_head":"<!-- This site is optimized with the Yoast SEO plugin v27.5 - https:\/\/yoast.com\/product\/yoast-seo-wordpress\/ -->\n<title>Hugo Haime, el que vio antes los 15 puntos de FF - Diario Textual<\/title>\n<meta name=\"robots\" content=\"index, follow, max-snippet:-1, max-image-preview:large, max-video-preview:-1\" \/>\n<link rel=\"canonical\" href=\"https:\/\/diariotextual.com\/inicio\/index.php\/2019\/08\/19\/hugo-haime-vio-los-15-puntos-ff\/\" \/>\n<meta property=\"og:locale\" content=\"es_ES\" \/>\n<meta property=\"og:type\" content=\"article\" \/>\n<meta property=\"og:title\" content=\"Hugo Haime, el que vio antes los 15 puntos de FF - Diario Textual\" \/>\n<meta property=\"og:description\" content=\"Por Norberto Asquini\" \/>\n<meta property=\"og:url\" content=\"https:\/\/diariotextual.com\/inicio\/index.php\/2019\/08\/19\/hugo-haime-vio-los-15-puntos-ff\/\" \/>\n<meta property=\"og:site_name\" content=\"Diario Textual\" \/>\n<meta property=\"article:publisher\" content=\"https:\/\/www.facebook.com\/eltextual\" \/>\n<meta property=\"article:published_time\" content=\"2019-08-19T10:54:57+00:00\" \/>\n<meta property=\"article:modified_time\" content=\"2019-08-20T11:36:05+00:00\" \/>\n<meta property=\"og:image\" content=\"https:\/\/diariotextual.com\/inicio\/wp-content\/uploads\/2018\/05\/haimehugo4.jpg\" \/>\n\t<meta property=\"og:image:width\" content=\"1253\" \/>\n\t<meta property=\"og:image:height\" content=\"838\" \/>\n\t<meta property=\"og:image:type\" content=\"image\/jpeg\" \/>\n<meta name=\"author\" content=\"Diario1 Diario1\" \/>\n<meta name=\"twitter:card\" content=\"summary_large_image\" \/>\n<meta name=\"twitter:creator\" content=\"@eltextual\" \/>\n<meta name=\"twitter:site\" content=\"@eltextual\" \/>\n<meta name=\"twitter:label1\" content=\"Escrito por\" \/>\n\t<meta name=\"twitter:data1\" content=\"Diario1 Diario1\" \/>\n\t<meta name=\"twitter:label2\" content=\"Tiempo de lectura\" \/>\n\t<meta name=\"twitter:data2\" content=\"3 minutos\" \/>\n<script type=\"application\/ld+json\" class=\"yoast-schema-graph\">{\"@context\":\"https:\\\/\\\/schema.org\",\"@graph\":[{\"@type\":\"Article\",\"@id\":\"https:\\\/\\\/diariotextual.com\\\/inicio\\\/index.php\\\/2019\\\/08\\\/19\\\/hugo-haime-vio-los-15-puntos-ff\\\/#article\",\"isPartOf\":{\"@id\":\"https:\\\/\\\/diariotextual.com\\\/inicio\\\/index.php\\\/2019\\\/08\\\/19\\\/hugo-haime-vio-los-15-puntos-ff\\\/\"},\"author\":{\"name\":\"Diario1 Diario1\",\"@id\":\"https:\\\/\\\/diariotextual.com\\\/inicio\\\/#\\\/schema\\\/person\\\/418fc4093c33e86ed41562db3508f958\"},\"headline\":\"Hugo Haime, el que vio antes los 15 puntos de FF\",\"datePublished\":\"2019-08-19T10:54:57+00:00\",\"dateModified\":\"2019-08-20T11:36:05+00:00\",\"mainEntityOfPage\":{\"@id\":\"https:\\\/\\\/diariotextual.com\\\/inicio\\\/index.php\\\/2019\\\/08\\\/19\\\/hugo-haime-vio-los-15-puntos-ff\\\/\"},\"wordCount\":642,\"publisher\":{\"@id\":\"https:\\\/\\\/diariotextual.com\\\/inicio\\\/#organization\"},\"image\":{\"@id\":\"https:\\\/\\\/diariotextual.com\\\/inicio\\\/index.php\\\/2019\\\/08\\\/19\\\/hugo-haime-vio-los-15-puntos-ff\\\/#primaryimage\"},\"thumbnailUrl\":\"https:\\\/\\\/diariotextual.com\\\/inicio\\\/wp-content\\\/uploads\\\/2018\\\/05\\\/haimehugo4.jpg\",\"keywords\":[\"haime\"],\"articleSection\":[\"A - TEMPORALES\",\"POLITICA\"],\"inLanguage\":\"es\"},{\"@type\":\"WebPage\",\"@id\":\"https:\\\/\\\/diariotextual.com\\\/inicio\\\/index.php\\\/2019\\\/08\\\/19\\\/hugo-haime-vio-los-15-puntos-ff\\\/\",\"url\":\"https:\\\/\\\/diariotextual.com\\\/inicio\\\/index.php\\\/2019\\\/08\\\/19\\\/hugo-haime-vio-los-15-puntos-ff\\\/\",\"name\":\"Hugo Haime, el que vio antes los 15 puntos de FF - Diario Textual\",\"isPartOf\":{\"@id\":\"https:\\\/\\\/diariotextual.com\\\/inicio\\\/#website\"},\"primaryImageOfPage\":{\"@id\":\"https:\\\/\\\/diariotextual.com\\\/inicio\\\/index.php\\\/2019\\\/08\\\/19\\\/hugo-haime-vio-los-15-puntos-ff\\\/#primaryimage\"},\"image\":{\"@id\":\"https:\\\/\\\/diariotextual.com\\\/inicio\\\/index.php\\\/2019\\\/08\\\/19\\\/hugo-haime-vio-los-15-puntos-ff\\\/#primaryimage\"},\"thumbnailUrl\":\"https:\\\/\\\/diariotextual.com\\\/inicio\\\/wp-content\\\/uploads\\\/2018\\\/05\\\/haimehugo4.jpg\",\"datePublished\":\"2019-08-19T10:54:57+00:00\",\"dateModified\":\"2019-08-20T11:36:05+00:00\",\"breadcrumb\":{\"@id\":\"https:\\\/\\\/diariotextual.com\\\/inicio\\\/index.php\\\/2019\\\/08\\\/19\\\/hugo-haime-vio-los-15-puntos-ff\\\/#breadcrumb\"},\"inLanguage\":\"es\",\"potentialAction\":[{\"@type\":\"ReadAction\",\"target\":[\"https:\\\/\\\/diariotextual.com\\\/inicio\\\/index.php\\\/2019\\\/08\\\/19\\\/hugo-haime-vio-los-15-puntos-ff\\\/\"]}]},{\"@type\":\"ImageObject\",\"inLanguage\":\"es\",\"@id\":\"https:\\\/\\\/diariotextual.com\\\/inicio\\\/index.php\\\/2019\\\/08\\\/19\\\/hugo-haime-vio-los-15-puntos-ff\\\/#primaryimage\",\"url\":\"https:\\\/\\\/diariotextual.com\\\/inicio\\\/wp-content\\\/uploads\\\/2018\\\/05\\\/haimehugo4.jpg\",\"contentUrl\":\"https:\\\/\\\/diariotextual.com\\\/inicio\\\/wp-content\\\/uploads\\\/2018\\\/05\\\/haimehugo4.jpg\",\"width\":1253,\"height\":838},{\"@type\":\"BreadcrumbList\",\"@id\":\"https:\\\/\\\/diariotextual.com\\\/inicio\\\/index.php\\\/2019\\\/08\\\/19\\\/hugo-haime-vio-los-15-puntos-ff\\\/#breadcrumb\",\"itemListElement\":[{\"@type\":\"ListItem\",\"position\":1,\"name\":\"Portada\",\"item\":\"https:\\\/\\\/diariotextual.com\\\/inicio\\\/\"},{\"@type\":\"ListItem\",\"position\":2,\"name\":\"Hugo Haime, el que vio antes los 15 puntos de FF\"}]},{\"@type\":\"WebSite\",\"@id\":\"https:\\\/\\\/diariotextual.com\\\/inicio\\\/#website\",\"url\":\"https:\\\/\\\/diariotextual.com\\\/inicio\\\/\",\"name\":\"Diario Textual\",\"description\":\"\",\"publisher\":{\"@id\":\"https:\\\/\\\/diariotextual.com\\\/inicio\\\/#organization\"},\"potentialAction\":[{\"@type\":\"SearchAction\",\"target\":{\"@type\":\"EntryPoint\",\"urlTemplate\":\"https:\\\/\\\/diariotextual.com\\\/inicio\\\/?s={search_term_string}\"},\"query-input\":{\"@type\":\"PropertyValueSpecification\",\"valueRequired\":true,\"valueName\":\"search_term_string\"}}],\"inLanguage\":\"es\"},{\"@type\":\"Organization\",\"@id\":\"https:\\\/\\\/diariotextual.com\\\/inicio\\\/#organization\",\"name\":\"Diario Textual\",\"url\":\"https:\\\/\\\/diariotextual.com\\\/inicio\\\/\",\"logo\":{\"@type\":\"ImageObject\",\"inLanguage\":\"es\",\"@id\":\"https:\\\/\\\/diariotextual.com\\\/inicio\\\/#\\\/schema\\\/logo\\\/image\\\/\",\"url\":\"https:\\\/\\\/diariotextual.com\\\/inicio\\\/wp-content\\\/uploads\\\/2023\\\/05\\\/logotextual1.jpg\",\"contentUrl\":\"https:\\\/\\\/diariotextual.com\\\/inicio\\\/wp-content\\\/uploads\\\/2023\\\/05\\\/logotextual1.jpg\",\"width\":516,\"height\":76,\"caption\":\"Diario Textual\"},\"image\":{\"@id\":\"https:\\\/\\\/diariotextual.com\\\/inicio\\\/#\\\/schema\\\/logo\\\/image\\\/\"},\"sameAs\":[\"https:\\\/\\\/www.facebook.com\\\/eltextual\",\"https:\\\/\\\/x.com\\\/eltextual\",\"http:\\\/\\\/www.instagram.com\\\/eltextual\"]},{\"@type\":\"Person\",\"@id\":\"https:\\\/\\\/diariotextual.com\\\/inicio\\\/#\\\/schema\\\/person\\\/418fc4093c33e86ed41562db3508f958\",\"name\":\"Diario1 Diario1\",\"image\":{\"@type\":\"ImageObject\",\"inLanguage\":\"es\",\"@id\":\"https:\\\/\\\/secure.gravatar.com\\\/avatar\\\/9167d280179c85bc18be67aa7eda765854300033af4896dd779b608640f2ef7a?s=96&d=mm&r=g\",\"url\":\"https:\\\/\\\/secure.gravatar.com\\\/avatar\\\/9167d280179c85bc18be67aa7eda765854300033af4896dd779b608640f2ef7a?s=96&d=mm&r=g\",\"contentUrl\":\"https:\\\/\\\/secure.gravatar.com\\\/avatar\\\/9167d280179c85bc18be67aa7eda765854300033af4896dd779b608640f2ef7a?s=96&d=mm&r=g\",\"caption\":\"Diario1 Diario1\"},\"url\":\"https:\\\/\\\/diariotextual.com\\\/inicio\\\/index.php\\\/author\\\/diario1\\\/\"}]}<\/script>\n<!-- \/ Yoast SEO plugin. -->","yoast_head_json":{"title":"Hugo Haime, el que vio antes los 15 puntos de FF - Diario Textual","robots":{"index":"index","follow":"follow","max-snippet":"max-snippet:-1","max-image-preview":"max-image-preview:large","max-video-preview":"max-video-preview:-1"},"canonical":"https:\/\/diariotextual.com\/inicio\/index.php\/2019\/08\/19\/hugo-haime-vio-los-15-puntos-ff\/","og_locale":"es_ES","og_type":"article","og_title":"Hugo Haime, el que vio antes los 15 puntos de FF - Diario Textual","og_description":"Por Norberto Asquini","og_url":"https:\/\/diariotextual.com\/inicio\/index.php\/2019\/08\/19\/hugo-haime-vio-los-15-puntos-ff\/","og_site_name":"Diario Textual","article_publisher":"https:\/\/www.facebook.com\/eltextual","article_published_time":"2019-08-19T10:54:57+00:00","article_modified_time":"2019-08-20T11:36:05+00:00","og_image":[{"width":1253,"height":838,"url":"https:\/\/diariotextual.com\/inicio\/wp-content\/uploads\/2018\/05\/haimehugo4.jpg","type":"image\/jpeg"}],"author":"Diario1 Diario1","twitter_card":"summary_large_image","twitter_creator":"@eltextual","twitter_site":"@eltextual","twitter_misc":{"Escrito por":"Diario1 Diario1","Tiempo de lectura":"3 minutos"},"schema":{"@context":"https:\/\/schema.org","@graph":[{"@type":"Article","@id":"https:\/\/diariotextual.com\/inicio\/index.php\/2019\/08\/19\/hugo-haime-vio-los-15-puntos-ff\/#article","isPartOf":{"@id":"https:\/\/diariotextual.com\/inicio\/index.php\/2019\/08\/19\/hugo-haime-vio-los-15-puntos-ff\/"},"author":{"name":"Diario1 Diario1","@id":"https:\/\/diariotextual.com\/inicio\/#\/schema\/person\/418fc4093c33e86ed41562db3508f958"},"headline":"Hugo Haime, el que vio antes los 15 puntos de FF","datePublished":"2019-08-19T10:54:57+00:00","dateModified":"2019-08-20T11:36:05+00:00","mainEntityOfPage":{"@id":"https:\/\/diariotextual.com\/inicio\/index.php\/2019\/08\/19\/hugo-haime-vio-los-15-puntos-ff\/"},"wordCount":642,"publisher":{"@id":"https:\/\/diariotextual.com\/inicio\/#organization"},"image":{"@id":"https:\/\/diariotextual.com\/inicio\/index.php\/2019\/08\/19\/hugo-haime-vio-los-15-puntos-ff\/#primaryimage"},"thumbnailUrl":"https:\/\/diariotextual.com\/inicio\/wp-content\/uploads\/2018\/05\/haimehugo4.jpg","keywords":["haime"],"articleSection":["A - TEMPORALES","POLITICA"],"inLanguage":"es"},{"@type":"WebPage","@id":"https:\/\/diariotextual.com\/inicio\/index.php\/2019\/08\/19\/hugo-haime-vio-los-15-puntos-ff\/","url":"https:\/\/diariotextual.com\/inicio\/index.php\/2019\/08\/19\/hugo-haime-vio-los-15-puntos-ff\/","name":"Hugo Haime, el que vio antes los 15 puntos de FF - Diario Textual","isPartOf":{"@id":"https:\/\/diariotextual.com\/inicio\/#website"},"primaryImageOfPage":{"@id":"https:\/\/diariotextual.com\/inicio\/index.php\/2019\/08\/19\/hugo-haime-vio-los-15-puntos-ff\/#primaryimage"},"image":{"@id":"https:\/\/diariotextual.com\/inicio\/index.php\/2019\/08\/19\/hugo-haime-vio-los-15-puntos-ff\/#primaryimage"},"thumbnailUrl":"https:\/\/diariotextual.com\/inicio\/wp-content\/uploads\/2018\/05\/haimehugo4.jpg","datePublished":"2019-08-19T10:54:57+00:00","dateModified":"2019-08-20T11:36:05+00:00","breadcrumb":{"@id":"https:\/\/diariotextual.com\/inicio\/index.php\/2019\/08\/19\/hugo-haime-vio-los-15-puntos-ff\/#breadcrumb"},"inLanguage":"es","potentialAction":[{"@type":"ReadAction","target":["https:\/\/diariotextual.com\/inicio\/index.php\/2019\/08\/19\/hugo-haime-vio-los-15-puntos-ff\/"]}]},{"@type":"ImageObject","inLanguage":"es","@id":"https:\/\/diariotextual.com\/inicio\/index.php\/2019\/08\/19\/hugo-haime-vio-los-15-puntos-ff\/#primaryimage","url":"https:\/\/diariotextual.com\/inicio\/wp-content\/uploads\/2018\/05\/haimehugo4.jpg","contentUrl":"https:\/\/diariotextual.com\/inicio\/wp-content\/uploads\/2018\/05\/haimehugo4.jpg","width":1253,"height":838},{"@type":"BreadcrumbList","@id":"https:\/\/diariotextual.com\/inicio\/index.php\/2019\/08\/19\/hugo-haime-vio-los-15-puntos-ff\/#breadcrumb","itemListElement":[{"@type":"ListItem","position":1,"name":"Portada","item":"https:\/\/diariotextual.com\/inicio\/"},{"@type":"ListItem","position":2,"name":"Hugo Haime, el que vio antes los 15 puntos de FF"}]},{"@type":"WebSite","@id":"https:\/\/diariotextual.com\/inicio\/#website","url":"https:\/\/diariotextual.com\/inicio\/","name":"Diario Textual","description":"","publisher":{"@id":"https:\/\/diariotextual.com\/inicio\/#organization"},"potentialAction":[{"@type":"SearchAction","target":{"@type":"EntryPoint","urlTemplate":"https:\/\/diariotextual.com\/inicio\/?s={search_term_string}"},"query-input":{"@type":"PropertyValueSpecification","valueRequired":true,"valueName":"search_term_string"}}],"inLanguage":"es"},{"@type":"Organization","@id":"https:\/\/diariotextual.com\/inicio\/#organization","name":"Diario Textual","url":"https:\/\/diariotextual.com\/inicio\/","logo":{"@type":"ImageObject","inLanguage":"es","@id":"https:\/\/diariotextual.com\/inicio\/#\/schema\/logo\/image\/","url":"https:\/\/diariotextual.com\/inicio\/wp-content\/uploads\/2023\/05\/logotextual1.jpg","contentUrl":"https:\/\/diariotextual.com\/inicio\/wp-content\/uploads\/2023\/05\/logotextual1.jpg","width":516,"height":76,"caption":"Diario Textual"},"image":{"@id":"https:\/\/diariotextual.com\/inicio\/#\/schema\/logo\/image\/"},"sameAs":["https:\/\/www.facebook.com\/eltextual","https:\/\/x.com\/eltextual","http:\/\/www.instagram.com\/eltextual"]},{"@type":"Person","@id":"https:\/\/diariotextual.com\/inicio\/#\/schema\/person\/418fc4093c33e86ed41562db3508f958","name":"Diario1 Diario1","image":{"@type":"ImageObject","inLanguage":"es","@id":"https:\/\/secure.gravatar.com\/avatar\/9167d280179c85bc18be67aa7eda765854300033af4896dd779b608640f2ef7a?s=96&d=mm&r=g","url":"https:\/\/secure.gravatar.com\/avatar\/9167d280179c85bc18be67aa7eda765854300033af4896dd779b608640f2ef7a?s=96&d=mm&r=g","contentUrl":"https:\/\/secure.gravatar.com\/avatar\/9167d280179c85bc18be67aa7eda765854300033af4896dd779b608640f2ef7a?s=96&d=mm&r=g","caption":"Diario1 Diario1"},"url":"https:\/\/diariotextual.com\/inicio\/index.php\/author\/diario1\/"}]}},"_links":{"self":[{"href":"https:\/\/diariotextual.com\/inicio\/index.php\/wp-json\/wp\/v2\/posts\/59983","targetHints":{"allow":["GET"]}}],"collection":[{"href":"https:\/\/diariotextual.com\/inicio\/index.php\/wp-json\/wp\/v2\/posts"}],"about":[{"href":"https:\/\/diariotextual.com\/inicio\/index.php\/wp-json\/wp\/v2\/types\/post"}],"author":[{"embeddable":true,"href":"https:\/\/diariotextual.com\/inicio\/index.php\/wp-json\/wp\/v2\/users\/3"}],"replies":[{"embeddable":true,"href":"https:\/\/diariotextual.com\/inicio\/index.php\/wp-json\/wp\/v2\/comments?post=59983"}],"version-history":[{"count":1,"href":"https:\/\/diariotextual.com\/inicio\/index.php\/wp-json\/wp\/v2\/posts\/59983\/revisions"}],"predecessor-version":[{"id":59984,"href":"https:\/\/diariotextual.com\/inicio\/index.php\/wp-json\/wp\/v2\/posts\/59983\/revisions\/59984"}],"wp:featuredmedia":[{"embeddable":true,"href":"https:\/\/diariotextual.com\/inicio\/index.php\/wp-json\/wp\/v2\/media\/7314"}],"wp:attachment":[{"href":"https:\/\/diariotextual.com\/inicio\/index.php\/wp-json\/wp\/v2\/media?parent=59983"}],"wp:term":[{"taxonomy":"category","embeddable":true,"href":"https:\/\/diariotextual.com\/inicio\/index.php\/wp-json\/wp\/v2\/categories?post=59983"},{"taxonomy":"post_tag","embeddable":true,"href":"https:\/\/diariotextual.com\/inicio\/index.php\/wp-json\/wp\/v2\/tags?post=59983"}],"curies":[{"name":"wp","href":"https:\/\/api.w.org\/{rel}","templated":true}]}}