{"id":60053,"date":"2019-08-20T08:49:36","date_gmt":"2019-08-20T11:49:36","guid":{"rendered":"http:\/\/diariotextual.com\/inicio\/?p=60053"},"modified":"2019-08-20T13:14:49","modified_gmt":"2019-08-20T16:14:49","slug":"asumio-lacunza-te-pido-abras-canales-dialogo-le-pidio-macri","status":"publish","type":"post","link":"https:\/\/diariotextual.com\/inicio\/index.php\/2019\/08\/20\/asumio-lacunza-te-pido-abras-canales-dialogo-le-pidio-macri\/","title":{"rendered":"Asumi\u00f3 Lacunza: \u00abTe pido que abras canales de di\u00e1logo y cuides a los argentinos\u201d, le dijo Macri"},"content":{"rendered":"<p>El presidente Mauricio Macri le tom\u00f3 hoy juramento al nuevo ministro de Hacienda, Hern\u00e1n Lacunza, en el Sal\u00f3n Blanco.\u00a0 Luego del acto formal, el Jefe de Estado le pidi\u00f3 al nuevo funcionario que con sus decisiones cuide a los argentinos y que abra canales de di\u00e1logo para reducir la incertidumbre.\u00a0\u00a0<strong>\u00abTe agradecemos por aceptar en este momento complejo\u00bb, le dijo Macri. \u00abTe pido que abras canales de di\u00e1logo para que todos juntos trabajemos para reducir la incertidumbre\u00bb<\/strong>, expres\u00f3.<\/p>\n<p>\u00abQuiero agradecerte por aceptar esta responsabilidad compleja, en un momento tan dif\u00edcil para la Argentina, y tambi\u00e9n a la familia\u00bb,\u00a0expres\u00f3 Macri.\u00a0\u00abQue aceptes hoy habla de tu profunda vocaci\u00f3n de servicio y valent\u00eda para la tarea\u00bb, agreg\u00f3 el presidente.<\/p>\n<p>Y luego le pidi\u00f3 a Lacunza: <strong>\u00abQue en cada decisi\u00f3n siempre tengas tu foco en cuidar a los argentinos, no te lo pido como candidato a presidente, en una especulaci\u00f3n pol\u00edtica, te lo pido como presidente cuyo foco, y el de todo el equipo , tiene que estar puesto en morigerar cualquier costo que pueda tener el proceso electoral en la vida diario de todos nosotros\u00bb.<\/strong><\/p>\n<p>El ex funcionario de la administraci\u00f3n de Mar\u00eda Eugenia Vidal encabezar\u00e1 una conferencia de prensa para anunciar los principales lineamientos de su gesti\u00f3n. Hay expectativa por c\u00f3mo impactar\u00e1n sus dichos en la apertura de los mercados, que ayer tuvieron una jornada negra en el exterior.<\/p>\n","protected":false},"excerpt":{"rendered":"<p>El presidente Mauricio Macri le tom\u00f3 hoy juramento al nuevo ministro de Hacienda, Hern\u00e1n Lacunza, en el Sal\u00f3n Blanco.\u00a0 Luego del acto formal, el Jefe de Estado le pidi\u00f3 al&hellip;<\/p>\n","protected":false},"author":4,"featured_media":60077,"comment_status":"closed","ping_status":"open","sticky":false,"template":"","format":"standard","meta":{"_acf_changed":false,"footnotes":""},"categories":[319,5],"tags":[],"class_list":["post-60053","post","type-post","status-publish","format-standard","has-post-thumbnail","hentry","category-a-temporales","category-economia"],"acf":[],"yoast_head":"<!-- This site is optimized with the Yoast SEO plugin v27.5 - https:\/\/yoast.com\/product\/yoast-seo-wordpress\/ -->\n<title>Asumi\u00f3 Lacunza: &quot;Te pido que abras canales de di\u00e1logo y cuides a los argentinos\u201d, le dijo Macri - Diario Textual<\/title>\n<meta name=\"robots\" content=\"index, follow, max-snippet:-1, max-image-preview:large, max-video-preview:-1\" \/>\n<link rel=\"canonical\" href=\"https:\/\/diariotextual.com\/inicio\/index.php\/2019\/08\/20\/asumio-lacunza-te-pido-abras-canales-dialogo-le-pidio-macri\/\" \/>\n<meta property=\"og:locale\" content=\"es_ES\" \/>\n<meta property=\"og:type\" content=\"article\" \/>\n<meta property=\"og:title\" content=\"Asumi\u00f3 Lacunza: &quot;Te pido que abras canales de di\u00e1logo y cuides a los argentinos\u201d, le dijo Macri - Diario Textual\" \/>\n<meta property=\"og:description\" content=\"El presidente Mauricio Macri le tom\u00f3 hoy juramento al nuevo ministro de Hacienda, Hern\u00e1n Lacunza, en el Sal\u00f3n Blanco.\u00a0 Luego del acto formal, el Jefe de Estado le pidi\u00f3 al&hellip;\" \/>\n<meta property=\"og:url\" content=\"https:\/\/diariotextual.com\/inicio\/index.php\/2019\/08\/20\/asumio-lacunza-te-pido-abras-canales-dialogo-le-pidio-macri\/\" \/>\n<meta property=\"og:site_name\" content=\"Diario Textual\" \/>\n<meta property=\"article:publisher\" content=\"https:\/\/www.facebook.com\/eltextual\" \/>\n<meta property=\"article:published_time\" content=\"2019-08-20T11:49:36+00:00\" \/>\n<meta property=\"article:modified_time\" content=\"2019-08-20T16:14:49+00:00\" \/>\n<meta property=\"og:image\" content=\"https:\/\/diariotextual.com\/inicio\/wp-content\/uploads\/2019\/08\/macri-y-lacunza-20190820-766957.jpg\" \/>\n\t<meta property=\"og:image:width\" content=\"840\" \/>\n\t<meta property=\"og:image:height\" content=\"472\" \/>\n\t<meta property=\"og:image:type\" content=\"image\/jpeg\" \/>\n<meta name=\"author\" content=\"diario2\" \/>\n<meta name=\"twitter:card\" content=\"summary_large_image\" \/>\n<meta name=\"twitter:creator\" content=\"@eltextual\" \/>\n<meta name=\"twitter:site\" content=\"@eltextual\" \/>\n<meta name=\"twitter:label1\" content=\"Escrito por\" \/>\n\t<meta name=\"twitter:data1\" content=\"diario2\" \/>\n\t<meta name=\"twitter:label2\" content=\"Tiempo de lectura\" \/>\n\t<meta name=\"twitter:data2\" content=\"1 minuto\" \/>\n<script type=\"application\/ld+json\" class=\"yoast-schema-graph\">{\"@context\":\"https:\\\/\\\/schema.org\",\"@graph\":[{\"@type\":\"Article\",\"@id\":\"https:\\\/\\\/diariotextual.com\\\/inicio\\\/index.php\\\/2019\\\/08\\\/20\\\/asumio-lacunza-te-pido-abras-canales-dialogo-le-pidio-macri\\\/#article\",\"isPartOf\":{\"@id\":\"https:\\\/\\\/diariotextual.com\\\/inicio\\\/index.php\\\/2019\\\/08\\\/20\\\/asumio-lacunza-te-pido-abras-canales-dialogo-le-pidio-macri\\\/\"},\"author\":{\"name\":\"diario2\",\"@id\":\"https:\\\/\\\/diariotextual.com\\\/inicio\\\/#\\\/schema\\\/person\\\/694f60677f23c4a530867a98f22b3768\"},\"headline\":\"Asumi\u00f3 Lacunza: \u00abTe pido que abras canales de di\u00e1logo y cuides a los argentinos\u201d, le dijo Macri\",\"datePublished\":\"2019-08-20T11:49:36+00:00\",\"dateModified\":\"2019-08-20T16:14:49+00:00\",\"mainEntityOfPage\":{\"@id\":\"https:\\\/\\\/diariotextual.com\\\/inicio\\\/index.php\\\/2019\\\/08\\\/20\\\/asumio-lacunza-te-pido-abras-canales-dialogo-le-pidio-macri\\\/\"},\"wordCount\":262,\"publisher\":{\"@id\":\"https:\\\/\\\/diariotextual.com\\\/inicio\\\/#organization\"},\"image\":{\"@id\":\"https:\\\/\\\/diariotextual.com\\\/inicio\\\/index.php\\\/2019\\\/08\\\/20\\\/asumio-lacunza-te-pido-abras-canales-dialogo-le-pidio-macri\\\/#primaryimage\"},\"thumbnailUrl\":\"https:\\\/\\\/diariotextual.com\\\/inicio\\\/wp-content\\\/uploads\\\/2019\\\/08\\\/macri-y-lacunza-20190820-766957.jpg\",\"articleSection\":[\"A - TEMPORALES\",\"ECONOMIA\"],\"inLanguage\":\"es\"},{\"@type\":\"WebPage\",\"@id\":\"https:\\\/\\\/diariotextual.com\\\/inicio\\\/index.php\\\/2019\\\/08\\\/20\\\/asumio-lacunza-te-pido-abras-canales-dialogo-le-pidio-macri\\\/\",\"url\":\"https:\\\/\\\/diariotextual.com\\\/inicio\\\/index.php\\\/2019\\\/08\\\/20\\\/asumio-lacunza-te-pido-abras-canales-dialogo-le-pidio-macri\\\/\",\"name\":\"Asumi\u00f3 Lacunza: \\\"Te pido que abras canales de di\u00e1logo y cuides a los argentinos\u201d, le dijo Macri - Diario Textual\",\"isPartOf\":{\"@id\":\"https:\\\/\\\/diariotextual.com\\\/inicio\\\/#website\"},\"primaryImageOfPage\":{\"@id\":\"https:\\\/\\\/diariotextual.com\\\/inicio\\\/index.php\\\/2019\\\/08\\\/20\\\/asumio-lacunza-te-pido-abras-canales-dialogo-le-pidio-macri\\\/#primaryimage\"},\"image\":{\"@id\":\"https:\\\/\\\/diariotextual.com\\\/inicio\\\/index.php\\\/2019\\\/08\\\/20\\\/asumio-lacunza-te-pido-abras-canales-dialogo-le-pidio-macri\\\/#primaryimage\"},\"thumbnailUrl\":\"https:\\\/\\\/diariotextual.com\\\/inicio\\\/wp-content\\\/uploads\\\/2019\\\/08\\\/macri-y-lacunza-20190820-766957.jpg\",\"datePublished\":\"2019-08-20T11:49:36+00:00\",\"dateModified\":\"2019-08-20T16:14:49+00:00\",\"breadcrumb\":{\"@id\":\"https:\\\/\\\/diariotextual.com\\\/inicio\\\/index.php\\\/2019\\\/08\\\/20\\\/asumio-lacunza-te-pido-abras-canales-dialogo-le-pidio-macri\\\/#breadcrumb\"},\"inLanguage\":\"es\",\"potentialAction\":[{\"@type\":\"ReadAction\",\"target\":[\"https:\\\/\\\/diariotextual.com\\\/inicio\\\/index.php\\\/2019\\\/08\\\/20\\\/asumio-lacunza-te-pido-abras-canales-dialogo-le-pidio-macri\\\/\"]}]},{\"@type\":\"ImageObject\",\"inLanguage\":\"es\",\"@id\":\"https:\\\/\\\/diariotextual.com\\\/inicio\\\/index.php\\\/2019\\\/08\\\/20\\\/asumio-lacunza-te-pido-abras-canales-dialogo-le-pidio-macri\\\/#primaryimage\",\"url\":\"https:\\\/\\\/diariotextual.com\\\/inicio\\\/wp-content\\\/uploads\\\/2019\\\/08\\\/macri-y-lacunza-20190820-766957.jpg\",\"contentUrl\":\"https:\\\/\\\/diariotextual.com\\\/inicio\\\/wp-content\\\/uploads\\\/2019\\\/08\\\/macri-y-lacunza-20190820-766957.jpg\",\"width\":840,\"height\":472},{\"@type\":\"BreadcrumbList\",\"@id\":\"https:\\\/\\\/diariotextual.com\\\/inicio\\\/index.php\\\/2019\\\/08\\\/20\\\/asumio-lacunza-te-pido-abras-canales-dialogo-le-pidio-macri\\\/#breadcrumb\",\"itemListElement\":[{\"@type\":\"ListItem\",\"position\":1,\"name\":\"Portada\",\"item\":\"https:\\\/\\\/diariotextual.com\\\/inicio\\\/\"},{\"@type\":\"ListItem\",\"position\":2,\"name\":\"Asumi\u00f3 Lacunza: \u00abTe pido que abras canales de di\u00e1logo y cuides a los argentinos\u201d, le dijo Macri\"}]},{\"@type\":\"WebSite\",\"@id\":\"https:\\\/\\\/diariotextual.com\\\/inicio\\\/#website\",\"url\":\"https:\\\/\\\/diariotextual.com\\\/inicio\\\/\",\"name\":\"Diario Textual\",\"description\":\"\",\"publisher\":{\"@id\":\"https:\\\/\\\/diariotextual.com\\\/inicio\\\/#organization\"},\"potentialAction\":[{\"@type\":\"SearchAction\",\"target\":{\"@type\":\"EntryPoint\",\"urlTemplate\":\"https:\\\/\\\/diariotextual.com\\\/inicio\\\/?s={search_term_string}\"},\"query-input\":{\"@type\":\"PropertyValueSpecification\",\"valueRequired\":true,\"valueName\":\"search_term_string\"}}],\"inLanguage\":\"es\"},{\"@type\":\"Organization\",\"@id\":\"https:\\\/\\\/diariotextual.com\\\/inicio\\\/#organization\",\"name\":\"Diario Textual\",\"url\":\"https:\\\/\\\/diariotextual.com\\\/inicio\\\/\",\"logo\":{\"@type\":\"ImageObject\",\"inLanguage\":\"es\",\"@id\":\"https:\\\/\\\/diariotextual.com\\\/inicio\\\/#\\\/schema\\\/logo\\\/image\\\/\",\"url\":\"https:\\\/\\\/diariotextual.com\\\/inicio\\\/wp-content\\\/uploads\\\/2023\\\/05\\\/logotextual1.jpg\",\"contentUrl\":\"https:\\\/\\\/diariotextual.com\\\/inicio\\\/wp-content\\\/uploads\\\/2023\\\/05\\\/logotextual1.jpg\",\"width\":516,\"height\":76,\"caption\":\"Diario Textual\"},\"image\":{\"@id\":\"https:\\\/\\\/diariotextual.com\\\/inicio\\\/#\\\/schema\\\/logo\\\/image\\\/\"},\"sameAs\":[\"https:\\\/\\\/www.facebook.com\\\/eltextual\",\"https:\\\/\\\/x.com\\\/eltextual\",\"http:\\\/\\\/www.instagram.com\\\/eltextual\"]},{\"@type\":\"Person\",\"@id\":\"https:\\\/\\\/diariotextual.com\\\/inicio\\\/#\\\/schema\\\/person\\\/694f60677f23c4a530867a98f22b3768\",\"name\":\"diario2\",\"image\":{\"@type\":\"ImageObject\",\"inLanguage\":\"es\",\"@id\":\"https:\\\/\\\/secure.gravatar.com\\\/avatar\\\/5a2567495ba16b852fcd8f1ed006a2e24fcace936018ed8237e95f488ad6e0a7?s=96&d=mm&r=g\",\"url\":\"https:\\\/\\\/secure.gravatar.com\\\/avatar\\\/5a2567495ba16b852fcd8f1ed006a2e24fcace936018ed8237e95f488ad6e0a7?s=96&d=mm&r=g\",\"contentUrl\":\"https:\\\/\\\/secure.gravatar.com\\\/avatar\\\/5a2567495ba16b852fcd8f1ed006a2e24fcace936018ed8237e95f488ad6e0a7?s=96&d=mm&r=g\",\"caption\":\"diario2\"},\"url\":\"https:\\\/\\\/diariotextual.com\\\/inicio\\\/index.php\\\/author\\\/diario2\\\/\"}]}<\/script>\n<!-- \/ Yoast SEO plugin. -->","yoast_head_json":{"title":"Asumi\u00f3 Lacunza: \"Te pido que abras canales de di\u00e1logo y cuides a los argentinos\u201d, le dijo Macri - Diario Textual","robots":{"index":"index","follow":"follow","max-snippet":"max-snippet:-1","max-image-preview":"max-image-preview:large","max-video-preview":"max-video-preview:-1"},"canonical":"https:\/\/diariotextual.com\/inicio\/index.php\/2019\/08\/20\/asumio-lacunza-te-pido-abras-canales-dialogo-le-pidio-macri\/","og_locale":"es_ES","og_type":"article","og_title":"Asumi\u00f3 Lacunza: \"Te pido que abras canales de di\u00e1logo y cuides a los argentinos\u201d, le dijo Macri - Diario Textual","og_description":"El presidente Mauricio Macri le tom\u00f3 hoy juramento al nuevo ministro de Hacienda, Hern\u00e1n Lacunza, en el Sal\u00f3n Blanco.\u00a0 Luego del acto formal, el Jefe de Estado le pidi\u00f3 al&hellip;","og_url":"https:\/\/diariotextual.com\/inicio\/index.php\/2019\/08\/20\/asumio-lacunza-te-pido-abras-canales-dialogo-le-pidio-macri\/","og_site_name":"Diario Textual","article_publisher":"https:\/\/www.facebook.com\/eltextual","article_published_time":"2019-08-20T11:49:36+00:00","article_modified_time":"2019-08-20T16:14:49+00:00","og_image":[{"width":840,"height":472,"url":"https:\/\/diariotextual.com\/inicio\/wp-content\/uploads\/2019\/08\/macri-y-lacunza-20190820-766957.jpg","type":"image\/jpeg"}],"author":"diario2","twitter_card":"summary_large_image","twitter_creator":"@eltextual","twitter_site":"@eltextual","twitter_misc":{"Escrito por":"diario2","Tiempo de lectura":"1 minuto"},"schema":{"@context":"https:\/\/schema.org","@graph":[{"@type":"Article","@id":"https:\/\/diariotextual.com\/inicio\/index.php\/2019\/08\/20\/asumio-lacunza-te-pido-abras-canales-dialogo-le-pidio-macri\/#article","isPartOf":{"@id":"https:\/\/diariotextual.com\/inicio\/index.php\/2019\/08\/20\/asumio-lacunza-te-pido-abras-canales-dialogo-le-pidio-macri\/"},"author":{"name":"diario2","@id":"https:\/\/diariotextual.com\/inicio\/#\/schema\/person\/694f60677f23c4a530867a98f22b3768"},"headline":"Asumi\u00f3 Lacunza: \u00abTe pido que abras canales de di\u00e1logo y cuides a los argentinos\u201d, le dijo Macri","datePublished":"2019-08-20T11:49:36+00:00","dateModified":"2019-08-20T16:14:49+00:00","mainEntityOfPage":{"@id":"https:\/\/diariotextual.com\/inicio\/index.php\/2019\/08\/20\/asumio-lacunza-te-pido-abras-canales-dialogo-le-pidio-macri\/"},"wordCount":262,"publisher":{"@id":"https:\/\/diariotextual.com\/inicio\/#organization"},"image":{"@id":"https:\/\/diariotextual.com\/inicio\/index.php\/2019\/08\/20\/asumio-lacunza-te-pido-abras-canales-dialogo-le-pidio-macri\/#primaryimage"},"thumbnailUrl":"https:\/\/diariotextual.com\/inicio\/wp-content\/uploads\/2019\/08\/macri-y-lacunza-20190820-766957.jpg","articleSection":["A - TEMPORALES","ECONOMIA"],"inLanguage":"es"},{"@type":"WebPage","@id":"https:\/\/diariotextual.com\/inicio\/index.php\/2019\/08\/20\/asumio-lacunza-te-pido-abras-canales-dialogo-le-pidio-macri\/","url":"https:\/\/diariotextual.com\/inicio\/index.php\/2019\/08\/20\/asumio-lacunza-te-pido-abras-canales-dialogo-le-pidio-macri\/","name":"Asumi\u00f3 Lacunza: \"Te pido que abras canales de di\u00e1logo y cuides a los argentinos\u201d, le dijo Macri - Diario Textual","isPartOf":{"@id":"https:\/\/diariotextual.com\/inicio\/#website"},"primaryImageOfPage":{"@id":"https:\/\/diariotextual.com\/inicio\/index.php\/2019\/08\/20\/asumio-lacunza-te-pido-abras-canales-dialogo-le-pidio-macri\/#primaryimage"},"image":{"@id":"https:\/\/diariotextual.com\/inicio\/index.php\/2019\/08\/20\/asumio-lacunza-te-pido-abras-canales-dialogo-le-pidio-macri\/#primaryimage"},"thumbnailUrl":"https:\/\/diariotextual.com\/inicio\/wp-content\/uploads\/2019\/08\/macri-y-lacunza-20190820-766957.jpg","datePublished":"2019-08-20T11:49:36+00:00","dateModified":"2019-08-20T16:14:49+00:00","breadcrumb":{"@id":"https:\/\/diariotextual.com\/inicio\/index.php\/2019\/08\/20\/asumio-lacunza-te-pido-abras-canales-dialogo-le-pidio-macri\/#breadcrumb"},"inLanguage":"es","potentialAction":[{"@type":"ReadAction","target":["https:\/\/diariotextual.com\/inicio\/index.php\/2019\/08\/20\/asumio-lacunza-te-pido-abras-canales-dialogo-le-pidio-macri\/"]}]},{"@type":"ImageObject","inLanguage":"es","@id":"https:\/\/diariotextual.com\/inicio\/index.php\/2019\/08\/20\/asumio-lacunza-te-pido-abras-canales-dialogo-le-pidio-macri\/#primaryimage","url":"https:\/\/diariotextual.com\/inicio\/wp-content\/uploads\/2019\/08\/macri-y-lacunza-20190820-766957.jpg","contentUrl":"https:\/\/diariotextual.com\/inicio\/wp-content\/uploads\/2019\/08\/macri-y-lacunza-20190820-766957.jpg","width":840,"height":472},{"@type":"BreadcrumbList","@id":"https:\/\/diariotextual.com\/inicio\/index.php\/2019\/08\/20\/asumio-lacunza-te-pido-abras-canales-dialogo-le-pidio-macri\/#breadcrumb","itemListElement":[{"@type":"ListItem","position":1,"name":"Portada","item":"https:\/\/diariotextual.com\/inicio\/"},{"@type":"ListItem","position":2,"name":"Asumi\u00f3 Lacunza: \u00abTe pido que abras canales de di\u00e1logo y cuides a los argentinos\u201d, le dijo Macri"}]},{"@type":"WebSite","@id":"https:\/\/diariotextual.com\/inicio\/#website","url":"https:\/\/diariotextual.com\/inicio\/","name":"Diario Textual","description":"","publisher":{"@id":"https:\/\/diariotextual.com\/inicio\/#organization"},"potentialAction":[{"@type":"SearchAction","target":{"@type":"EntryPoint","urlTemplate":"https:\/\/diariotextual.com\/inicio\/?s={search_term_string}"},"query-input":{"@type":"PropertyValueSpecification","valueRequired":true,"valueName":"search_term_string"}}],"inLanguage":"es"},{"@type":"Organization","@id":"https:\/\/diariotextual.com\/inicio\/#organization","name":"Diario Textual","url":"https:\/\/diariotextual.com\/inicio\/","logo":{"@type":"ImageObject","inLanguage":"es","@id":"https:\/\/diariotextual.com\/inicio\/#\/schema\/logo\/image\/","url":"https:\/\/diariotextual.com\/inicio\/wp-content\/uploads\/2023\/05\/logotextual1.jpg","contentUrl":"https:\/\/diariotextual.com\/inicio\/wp-content\/uploads\/2023\/05\/logotextual1.jpg","width":516,"height":76,"caption":"Diario Textual"},"image":{"@id":"https:\/\/diariotextual.com\/inicio\/#\/schema\/logo\/image\/"},"sameAs":["https:\/\/www.facebook.com\/eltextual","https:\/\/x.com\/eltextual","http:\/\/www.instagram.com\/eltextual"]},{"@type":"Person","@id":"https:\/\/diariotextual.com\/inicio\/#\/schema\/person\/694f60677f23c4a530867a98f22b3768","name":"diario2","image":{"@type":"ImageObject","inLanguage":"es","@id":"https:\/\/secure.gravatar.com\/avatar\/5a2567495ba16b852fcd8f1ed006a2e24fcace936018ed8237e95f488ad6e0a7?s=96&d=mm&r=g","url":"https:\/\/secure.gravatar.com\/avatar\/5a2567495ba16b852fcd8f1ed006a2e24fcace936018ed8237e95f488ad6e0a7?s=96&d=mm&r=g","contentUrl":"https:\/\/secure.gravatar.com\/avatar\/5a2567495ba16b852fcd8f1ed006a2e24fcace936018ed8237e95f488ad6e0a7?s=96&d=mm&r=g","caption":"diario2"},"url":"https:\/\/diariotextual.com\/inicio\/index.php\/author\/diario2\/"}]}},"_links":{"self":[{"href":"https:\/\/diariotextual.com\/inicio\/index.php\/wp-json\/wp\/v2\/posts\/60053","targetHints":{"allow":["GET"]}}],"collection":[{"href":"https:\/\/diariotextual.com\/inicio\/index.php\/wp-json\/wp\/v2\/posts"}],"about":[{"href":"https:\/\/diariotextual.com\/inicio\/index.php\/wp-json\/wp\/v2\/types\/post"}],"author":[{"embeddable":true,"href":"https:\/\/diariotextual.com\/inicio\/index.php\/wp-json\/wp\/v2\/users\/4"}],"replies":[{"embeddable":true,"href":"https:\/\/diariotextual.com\/inicio\/index.php\/wp-json\/wp\/v2\/comments?post=60053"}],"version-history":[{"count":5,"href":"https:\/\/diariotextual.com\/inicio\/index.php\/wp-json\/wp\/v2\/posts\/60053\/revisions"}],"predecessor-version":[{"id":60078,"href":"https:\/\/diariotextual.com\/inicio\/index.php\/wp-json\/wp\/v2\/posts\/60053\/revisions\/60078"}],"wp:featuredmedia":[{"embeddable":true,"href":"https:\/\/diariotextual.com\/inicio\/index.php\/wp-json\/wp\/v2\/media\/60077"}],"wp:attachment":[{"href":"https:\/\/diariotextual.com\/inicio\/index.php\/wp-json\/wp\/v2\/media?parent=60053"}],"wp:term":[{"taxonomy":"category","embeddable":true,"href":"https:\/\/diariotextual.com\/inicio\/index.php\/wp-json\/wp\/v2\/categories?post=60053"},{"taxonomy":"post_tag","embeddable":true,"href":"https:\/\/diariotextual.com\/inicio\/index.php\/wp-json\/wp\/v2\/tags?post=60053"}],"curies":[{"name":"wp","href":"https:\/\/api.w.org\/{rel}","templated":true}]}}