{"id":60061,"date":"2019-08-20T09:15:01","date_gmt":"2019-08-20T12:15:01","guid":{"rendered":"http:\/\/diariotextual.com\/inicio\/?p=60061"},"modified":"2019-08-20T11:27:06","modified_gmt":"2019-08-20T14:27:06","slug":"reclaman-congelamiento-precios-se-extienda-al-gas-natural-al-gnc","status":"publish","type":"post","link":"https:\/\/diariotextual.com\/inicio\/index.php\/2019\/08\/20\/reclaman-congelamiento-precios-se-extienda-al-gas-natural-al-gnc\/","title":{"rendered":"Reclaman que el congelamiento de precios se extienda al gas natural y al GNC"},"content":{"rendered":"<p>El Instituto Argentino de la Energ\u00eda General Mosconi apoy\u00f3 el congelamiento por 90 d\u00edas del precio de la nafta y el gasoil dispuesto por el Gobierno nacional y plante\u00f3 que, para cumplir su \u00abobjetivo social y econ\u00f3mico\u00bb, deber\u00eda extenderse al gas natural y el GNC, cuyos valores est\u00e1n tambi\u00e9n dolarizados.<\/p>\n<p>\u00abApoyamos la medida adoptada por los pr\u00f3ximos 90 d\u00edas con el objeto exclusivo de evitar, en ese lapso, el traslado a la poblaci\u00f3n de los incrementos de precios que surgir\u00edan de la imprevista devaluaci\u00f3n del peso\u00bb, expres\u00f3 la entidad presidida por el exsecretario de Energ\u00eda, Jorge Lape\u00f1a.<\/p>\n<p>Al mismo tiempo, advirti\u00f3 que el congelamiento de 90 d\u00edas sobre la nafta y el gasoil no cumplir\u00e1n su objetivo social y econ\u00f3mico perseguido si no se extiende la medida a otros combustibles durante el mismo lapso como el GNC, el gas residencial y el gas para la generaci\u00f3n el\u00e9ctrica.<\/p>\n<p>El instituto expres\u00f3 que \u00abentiende y no desconoce los impactos negativos que puede tener esta medida extraordinaria y transitoria del Gobierno en la econom\u00eda de los diversos actores de la industria petrolera\u00bb.<\/p>\n<p>Pero no obstante asegur\u00f3 que \u00abmayores ser\u00e1n los beneficios de este congelamiento de precios al evitar el intenso deterioro que sufrir\u00eda el resto de la poblaci\u00f3n en caso de que la medida gubernamental no hubiera sido aplicada\u00bb.<\/p>\n<p>En consecuencia, el IAE manifest\u00f3 que \u00abno avala las cr\u00edticas de diversos actores de la comunidad petrolera acerca de que la decisi\u00f3n gubernamental afectar\u00e1 el desarrollo de Vaca Muerta\u00bb que produce el 18% del crudo de la Argentina por entender que \u00abesta opini\u00f3n representa un inter\u00e9s sectorial carente de todo fundamento t\u00e9cnico\u00bb.<\/p>\n<p>\u00abAdem\u00e1s trasunta falta de solidaridad social y falta de colaboraci\u00f3n con el gobierno nacional en un momento de crisis econ\u00f3mica severa e imprevista\u00bb, agreg\u00f3 el comunicado de la entidad.<\/p>\n","protected":false},"excerpt":{"rendered":"<p>El Instituto Argentino de la Energ\u00eda General Mosconi apoy\u00f3 el congelamiento por 90 d\u00edas del precio de la nafta y el gasoil dispuesto por el Gobierno nacional y plante\u00f3 que,&hellip;<\/p>\n","protected":false},"author":7,"featured_media":7125,"comment_status":"closed","ping_status":"open","sticky":false,"template":"","format":"standard","meta":{"_acf_changed":false,"footnotes":""},"categories":[11,5],"tags":[],"class_list":["post-60061","post","type-post","status-publish","format-standard","has-post-thumbnail","hentry","category-que-pasa","category-economia"],"acf":[],"yoast_head":"<!-- This site is optimized with the Yoast SEO plugin v27.5 - https:\/\/yoast.com\/product\/yoast-seo-wordpress\/ -->\n<title>Reclaman que el congelamiento de precios se extienda al gas natural y al GNC - Diario Textual<\/title>\n<meta name=\"robots\" content=\"index, follow, max-snippet:-1, max-image-preview:large, max-video-preview:-1\" \/>\n<link rel=\"canonical\" href=\"https:\/\/diariotextual.com\/inicio\/index.php\/2019\/08\/20\/reclaman-congelamiento-precios-se-extienda-al-gas-natural-al-gnc\/\" \/>\n<meta property=\"og:locale\" content=\"es_ES\" \/>\n<meta property=\"og:type\" content=\"article\" \/>\n<meta property=\"og:title\" content=\"Reclaman que el congelamiento de precios se extienda al gas natural y al GNC - Diario Textual\" \/>\n<meta property=\"og:description\" content=\"El Instituto Argentino de la Energ\u00eda General Mosconi apoy\u00f3 el congelamiento por 90 d\u00edas del precio de la nafta y el gasoil dispuesto por el Gobierno nacional y plante\u00f3 que,&hellip;\" \/>\n<meta property=\"og:url\" content=\"https:\/\/diariotextual.com\/inicio\/index.php\/2019\/08\/20\/reclaman-congelamiento-precios-se-extienda-al-gas-natural-al-gnc\/\" \/>\n<meta property=\"og:site_name\" content=\"Diario Textual\" \/>\n<meta property=\"article:publisher\" content=\"https:\/\/www.facebook.com\/eltextual\" \/>\n<meta property=\"article:published_time\" content=\"2019-08-20T12:15:01+00:00\" \/>\n<meta property=\"article:modified_time\" content=\"2019-08-20T14:27:06+00:00\" \/>\n<meta property=\"og:image\" content=\"https:\/\/diariotextual.com\/inicio\/wp-content\/uploads\/2018\/05\/gncilustrativa.jpg\" \/>\n\t<meta property=\"og:image:width\" content=\"1154\" \/>\n\t<meta property=\"og:image:height\" content=\"650\" \/>\n\t<meta property=\"og:image:type\" content=\"image\/jpeg\" \/>\n<meta name=\"author\" content=\"diario5\" \/>\n<meta name=\"twitter:card\" content=\"summary_large_image\" \/>\n<meta name=\"twitter:creator\" content=\"@eltextual\" \/>\n<meta name=\"twitter:site\" content=\"@eltextual\" \/>\n<meta name=\"twitter:label1\" content=\"Escrito por\" \/>\n\t<meta name=\"twitter:data1\" content=\"diario5\" \/>\n\t<meta name=\"twitter:label2\" content=\"Tiempo de lectura\" \/>\n\t<meta name=\"twitter:data2\" content=\"2 minutos\" \/>\n<script type=\"application\/ld+json\" class=\"yoast-schema-graph\">{\"@context\":\"https:\\\/\\\/schema.org\",\"@graph\":[{\"@type\":\"Article\",\"@id\":\"https:\\\/\\\/diariotextual.com\\\/inicio\\\/index.php\\\/2019\\\/08\\\/20\\\/reclaman-congelamiento-precios-se-extienda-al-gas-natural-al-gnc\\\/#article\",\"isPartOf\":{\"@id\":\"https:\\\/\\\/diariotextual.com\\\/inicio\\\/index.php\\\/2019\\\/08\\\/20\\\/reclaman-congelamiento-precios-se-extienda-al-gas-natural-al-gnc\\\/\"},\"author\":{\"name\":\"diario5\",\"@id\":\"https:\\\/\\\/diariotextual.com\\\/inicio\\\/#\\\/schema\\\/person\\\/c7834961ad8b29b1d9cdbf4571299067\"},\"headline\":\"Reclaman que el congelamiento de precios se extienda al gas natural y al GNC\",\"datePublished\":\"2019-08-20T12:15:01+00:00\",\"dateModified\":\"2019-08-20T14:27:06+00:00\",\"mainEntityOfPage\":{\"@id\":\"https:\\\/\\\/diariotextual.com\\\/inicio\\\/index.php\\\/2019\\\/08\\\/20\\\/reclaman-congelamiento-precios-se-extienda-al-gas-natural-al-gnc\\\/\"},\"wordCount\":337,\"publisher\":{\"@id\":\"https:\\\/\\\/diariotextual.com\\\/inicio\\\/#organization\"},\"image\":{\"@id\":\"https:\\\/\\\/diariotextual.com\\\/inicio\\\/index.php\\\/2019\\\/08\\\/20\\\/reclaman-congelamiento-precios-se-extienda-al-gas-natural-al-gnc\\\/#primaryimage\"},\"thumbnailUrl\":\"https:\\\/\\\/diariotextual.com\\\/inicio\\\/wp-content\\\/uploads\\\/2018\\\/05\\\/gncilustrativa.jpg\",\"articleSection\":[\"A - QUE PASA (al costado)\",\"ECONOMIA\"],\"inLanguage\":\"es\"},{\"@type\":\"WebPage\",\"@id\":\"https:\\\/\\\/diariotextual.com\\\/inicio\\\/index.php\\\/2019\\\/08\\\/20\\\/reclaman-congelamiento-precios-se-extienda-al-gas-natural-al-gnc\\\/\",\"url\":\"https:\\\/\\\/diariotextual.com\\\/inicio\\\/index.php\\\/2019\\\/08\\\/20\\\/reclaman-congelamiento-precios-se-extienda-al-gas-natural-al-gnc\\\/\",\"name\":\"Reclaman que el congelamiento de precios se extienda al gas natural y al GNC - Diario Textual\",\"isPartOf\":{\"@id\":\"https:\\\/\\\/diariotextual.com\\\/inicio\\\/#website\"},\"primaryImageOfPage\":{\"@id\":\"https:\\\/\\\/diariotextual.com\\\/inicio\\\/index.php\\\/2019\\\/08\\\/20\\\/reclaman-congelamiento-precios-se-extienda-al-gas-natural-al-gnc\\\/#primaryimage\"},\"image\":{\"@id\":\"https:\\\/\\\/diariotextual.com\\\/inicio\\\/index.php\\\/2019\\\/08\\\/20\\\/reclaman-congelamiento-precios-se-extienda-al-gas-natural-al-gnc\\\/#primaryimage\"},\"thumbnailUrl\":\"https:\\\/\\\/diariotextual.com\\\/inicio\\\/wp-content\\\/uploads\\\/2018\\\/05\\\/gncilustrativa.jpg\",\"datePublished\":\"2019-08-20T12:15:01+00:00\",\"dateModified\":\"2019-08-20T14:27:06+00:00\",\"breadcrumb\":{\"@id\":\"https:\\\/\\\/diariotextual.com\\\/inicio\\\/index.php\\\/2019\\\/08\\\/20\\\/reclaman-congelamiento-precios-se-extienda-al-gas-natural-al-gnc\\\/#breadcrumb\"},\"inLanguage\":\"es\",\"potentialAction\":[{\"@type\":\"ReadAction\",\"target\":[\"https:\\\/\\\/diariotextual.com\\\/inicio\\\/index.php\\\/2019\\\/08\\\/20\\\/reclaman-congelamiento-precios-se-extienda-al-gas-natural-al-gnc\\\/\"]}]},{\"@type\":\"ImageObject\",\"inLanguage\":\"es\",\"@id\":\"https:\\\/\\\/diariotextual.com\\\/inicio\\\/index.php\\\/2019\\\/08\\\/20\\\/reclaman-congelamiento-precios-se-extienda-al-gas-natural-al-gnc\\\/#primaryimage\",\"url\":\"https:\\\/\\\/diariotextual.com\\\/inicio\\\/wp-content\\\/uploads\\\/2018\\\/05\\\/gncilustrativa.jpg\",\"contentUrl\":\"https:\\\/\\\/diariotextual.com\\\/inicio\\\/wp-content\\\/uploads\\\/2018\\\/05\\\/gncilustrativa.jpg\",\"width\":1154,\"height\":650},{\"@type\":\"BreadcrumbList\",\"@id\":\"https:\\\/\\\/diariotextual.com\\\/inicio\\\/index.php\\\/2019\\\/08\\\/20\\\/reclaman-congelamiento-precios-se-extienda-al-gas-natural-al-gnc\\\/#breadcrumb\",\"itemListElement\":[{\"@type\":\"ListItem\",\"position\":1,\"name\":\"Portada\",\"item\":\"https:\\\/\\\/diariotextual.com\\\/inicio\\\/\"},{\"@type\":\"ListItem\",\"position\":2,\"name\":\"Reclaman que el congelamiento de precios se extienda al gas natural y al GNC\"}]},{\"@type\":\"WebSite\",\"@id\":\"https:\\\/\\\/diariotextual.com\\\/inicio\\\/#website\",\"url\":\"https:\\\/\\\/diariotextual.com\\\/inicio\\\/\",\"name\":\"Diario Textual\",\"description\":\"\",\"publisher\":{\"@id\":\"https:\\\/\\\/diariotextual.com\\\/inicio\\\/#organization\"},\"potentialAction\":[{\"@type\":\"SearchAction\",\"target\":{\"@type\":\"EntryPoint\",\"urlTemplate\":\"https:\\\/\\\/diariotextual.com\\\/inicio\\\/?s={search_term_string}\"},\"query-input\":{\"@type\":\"PropertyValueSpecification\",\"valueRequired\":true,\"valueName\":\"search_term_string\"}}],\"inLanguage\":\"es\"},{\"@type\":\"Organization\",\"@id\":\"https:\\\/\\\/diariotextual.com\\\/inicio\\\/#organization\",\"name\":\"Diario Textual\",\"url\":\"https:\\\/\\\/diariotextual.com\\\/inicio\\\/\",\"logo\":{\"@type\":\"ImageObject\",\"inLanguage\":\"es\",\"@id\":\"https:\\\/\\\/diariotextual.com\\\/inicio\\\/#\\\/schema\\\/logo\\\/image\\\/\",\"url\":\"https:\\\/\\\/diariotextual.com\\\/inicio\\\/wp-content\\\/uploads\\\/2023\\\/05\\\/logotextual1.jpg\",\"contentUrl\":\"https:\\\/\\\/diariotextual.com\\\/inicio\\\/wp-content\\\/uploads\\\/2023\\\/05\\\/logotextual1.jpg\",\"width\":516,\"height\":76,\"caption\":\"Diario Textual\"},\"image\":{\"@id\":\"https:\\\/\\\/diariotextual.com\\\/inicio\\\/#\\\/schema\\\/logo\\\/image\\\/\"},\"sameAs\":[\"https:\\\/\\\/www.facebook.com\\\/eltextual\",\"https:\\\/\\\/x.com\\\/eltextual\",\"http:\\\/\\\/www.instagram.com\\\/eltextual\"]},{\"@type\":\"Person\",\"@id\":\"https:\\\/\\\/diariotextual.com\\\/inicio\\\/#\\\/schema\\\/person\\\/c7834961ad8b29b1d9cdbf4571299067\",\"name\":\"diario5\",\"image\":{\"@type\":\"ImageObject\",\"inLanguage\":\"es\",\"@id\":\"https:\\\/\\\/secure.gravatar.com\\\/avatar\\\/948c893b847ca6df68216ead81b63f363408ec9b0f600fefc0641ce78613b111?s=96&d=mm&r=g\",\"url\":\"https:\\\/\\\/secure.gravatar.com\\\/avatar\\\/948c893b847ca6df68216ead81b63f363408ec9b0f600fefc0641ce78613b111?s=96&d=mm&r=g\",\"contentUrl\":\"https:\\\/\\\/secure.gravatar.com\\\/avatar\\\/948c893b847ca6df68216ead81b63f363408ec9b0f600fefc0641ce78613b111?s=96&d=mm&r=g\",\"caption\":\"diario5\"},\"url\":\"https:\\\/\\\/diariotextual.com\\\/inicio\\\/index.php\\\/author\\\/diario5\\\/\"}]}<\/script>\n<!-- \/ Yoast SEO plugin. -->","yoast_head_json":{"title":"Reclaman que el congelamiento de precios se extienda al gas natural y al GNC - Diario Textual","robots":{"index":"index","follow":"follow","max-snippet":"max-snippet:-1","max-image-preview":"max-image-preview:large","max-video-preview":"max-video-preview:-1"},"canonical":"https:\/\/diariotextual.com\/inicio\/index.php\/2019\/08\/20\/reclaman-congelamiento-precios-se-extienda-al-gas-natural-al-gnc\/","og_locale":"es_ES","og_type":"article","og_title":"Reclaman que el congelamiento de precios se extienda al gas natural y al GNC - Diario Textual","og_description":"El Instituto Argentino de la Energ\u00eda General Mosconi apoy\u00f3 el congelamiento por 90 d\u00edas del precio de la nafta y el gasoil dispuesto por el Gobierno nacional y plante\u00f3 que,&hellip;","og_url":"https:\/\/diariotextual.com\/inicio\/index.php\/2019\/08\/20\/reclaman-congelamiento-precios-se-extienda-al-gas-natural-al-gnc\/","og_site_name":"Diario Textual","article_publisher":"https:\/\/www.facebook.com\/eltextual","article_published_time":"2019-08-20T12:15:01+00:00","article_modified_time":"2019-08-20T14:27:06+00:00","og_image":[{"width":1154,"height":650,"url":"https:\/\/diariotextual.com\/inicio\/wp-content\/uploads\/2018\/05\/gncilustrativa.jpg","type":"image\/jpeg"}],"author":"diario5","twitter_card":"summary_large_image","twitter_creator":"@eltextual","twitter_site":"@eltextual","twitter_misc":{"Escrito por":"diario5","Tiempo de lectura":"2 minutos"},"schema":{"@context":"https:\/\/schema.org","@graph":[{"@type":"Article","@id":"https:\/\/diariotextual.com\/inicio\/index.php\/2019\/08\/20\/reclaman-congelamiento-precios-se-extienda-al-gas-natural-al-gnc\/#article","isPartOf":{"@id":"https:\/\/diariotextual.com\/inicio\/index.php\/2019\/08\/20\/reclaman-congelamiento-precios-se-extienda-al-gas-natural-al-gnc\/"},"author":{"name":"diario5","@id":"https:\/\/diariotextual.com\/inicio\/#\/schema\/person\/c7834961ad8b29b1d9cdbf4571299067"},"headline":"Reclaman que el congelamiento de precios se extienda al gas natural y al GNC","datePublished":"2019-08-20T12:15:01+00:00","dateModified":"2019-08-20T14:27:06+00:00","mainEntityOfPage":{"@id":"https:\/\/diariotextual.com\/inicio\/index.php\/2019\/08\/20\/reclaman-congelamiento-precios-se-extienda-al-gas-natural-al-gnc\/"},"wordCount":337,"publisher":{"@id":"https:\/\/diariotextual.com\/inicio\/#organization"},"image":{"@id":"https:\/\/diariotextual.com\/inicio\/index.php\/2019\/08\/20\/reclaman-congelamiento-precios-se-extienda-al-gas-natural-al-gnc\/#primaryimage"},"thumbnailUrl":"https:\/\/diariotextual.com\/inicio\/wp-content\/uploads\/2018\/05\/gncilustrativa.jpg","articleSection":["A - QUE PASA (al costado)","ECONOMIA"],"inLanguage":"es"},{"@type":"WebPage","@id":"https:\/\/diariotextual.com\/inicio\/index.php\/2019\/08\/20\/reclaman-congelamiento-precios-se-extienda-al-gas-natural-al-gnc\/","url":"https:\/\/diariotextual.com\/inicio\/index.php\/2019\/08\/20\/reclaman-congelamiento-precios-se-extienda-al-gas-natural-al-gnc\/","name":"Reclaman que el congelamiento de precios se extienda al gas natural y al GNC - Diario Textual","isPartOf":{"@id":"https:\/\/diariotextual.com\/inicio\/#website"},"primaryImageOfPage":{"@id":"https:\/\/diariotextual.com\/inicio\/index.php\/2019\/08\/20\/reclaman-congelamiento-precios-se-extienda-al-gas-natural-al-gnc\/#primaryimage"},"image":{"@id":"https:\/\/diariotextual.com\/inicio\/index.php\/2019\/08\/20\/reclaman-congelamiento-precios-se-extienda-al-gas-natural-al-gnc\/#primaryimage"},"thumbnailUrl":"https:\/\/diariotextual.com\/inicio\/wp-content\/uploads\/2018\/05\/gncilustrativa.jpg","datePublished":"2019-08-20T12:15:01+00:00","dateModified":"2019-08-20T14:27:06+00:00","breadcrumb":{"@id":"https:\/\/diariotextual.com\/inicio\/index.php\/2019\/08\/20\/reclaman-congelamiento-precios-se-extienda-al-gas-natural-al-gnc\/#breadcrumb"},"inLanguage":"es","potentialAction":[{"@type":"ReadAction","target":["https:\/\/diariotextual.com\/inicio\/index.php\/2019\/08\/20\/reclaman-congelamiento-precios-se-extienda-al-gas-natural-al-gnc\/"]}]},{"@type":"ImageObject","inLanguage":"es","@id":"https:\/\/diariotextual.com\/inicio\/index.php\/2019\/08\/20\/reclaman-congelamiento-precios-se-extienda-al-gas-natural-al-gnc\/#primaryimage","url":"https:\/\/diariotextual.com\/inicio\/wp-content\/uploads\/2018\/05\/gncilustrativa.jpg","contentUrl":"https:\/\/diariotextual.com\/inicio\/wp-content\/uploads\/2018\/05\/gncilustrativa.jpg","width":1154,"height":650},{"@type":"BreadcrumbList","@id":"https:\/\/diariotextual.com\/inicio\/index.php\/2019\/08\/20\/reclaman-congelamiento-precios-se-extienda-al-gas-natural-al-gnc\/#breadcrumb","itemListElement":[{"@type":"ListItem","position":1,"name":"Portada","item":"https:\/\/diariotextual.com\/inicio\/"},{"@type":"ListItem","position":2,"name":"Reclaman que el congelamiento de precios se extienda al gas natural y al GNC"}]},{"@type":"WebSite","@id":"https:\/\/diariotextual.com\/inicio\/#website","url":"https:\/\/diariotextual.com\/inicio\/","name":"Diario Textual","description":"","publisher":{"@id":"https:\/\/diariotextual.com\/inicio\/#organization"},"potentialAction":[{"@type":"SearchAction","target":{"@type":"EntryPoint","urlTemplate":"https:\/\/diariotextual.com\/inicio\/?s={search_term_string}"},"query-input":{"@type":"PropertyValueSpecification","valueRequired":true,"valueName":"search_term_string"}}],"inLanguage":"es"},{"@type":"Organization","@id":"https:\/\/diariotextual.com\/inicio\/#organization","name":"Diario Textual","url":"https:\/\/diariotextual.com\/inicio\/","logo":{"@type":"ImageObject","inLanguage":"es","@id":"https:\/\/diariotextual.com\/inicio\/#\/schema\/logo\/image\/","url":"https:\/\/diariotextual.com\/inicio\/wp-content\/uploads\/2023\/05\/logotextual1.jpg","contentUrl":"https:\/\/diariotextual.com\/inicio\/wp-content\/uploads\/2023\/05\/logotextual1.jpg","width":516,"height":76,"caption":"Diario Textual"},"image":{"@id":"https:\/\/diariotextual.com\/inicio\/#\/schema\/logo\/image\/"},"sameAs":["https:\/\/www.facebook.com\/eltextual","https:\/\/x.com\/eltextual","http:\/\/www.instagram.com\/eltextual"]},{"@type":"Person","@id":"https:\/\/diariotextual.com\/inicio\/#\/schema\/person\/c7834961ad8b29b1d9cdbf4571299067","name":"diario5","image":{"@type":"ImageObject","inLanguage":"es","@id":"https:\/\/secure.gravatar.com\/avatar\/948c893b847ca6df68216ead81b63f363408ec9b0f600fefc0641ce78613b111?s=96&d=mm&r=g","url":"https:\/\/secure.gravatar.com\/avatar\/948c893b847ca6df68216ead81b63f363408ec9b0f600fefc0641ce78613b111?s=96&d=mm&r=g","contentUrl":"https:\/\/secure.gravatar.com\/avatar\/948c893b847ca6df68216ead81b63f363408ec9b0f600fefc0641ce78613b111?s=96&d=mm&r=g","caption":"diario5"},"url":"https:\/\/diariotextual.com\/inicio\/index.php\/author\/diario5\/"}]}},"_links":{"self":[{"href":"https:\/\/diariotextual.com\/inicio\/index.php\/wp-json\/wp\/v2\/posts\/60061","targetHints":{"allow":["GET"]}}],"collection":[{"href":"https:\/\/diariotextual.com\/inicio\/index.php\/wp-json\/wp\/v2\/posts"}],"about":[{"href":"https:\/\/diariotextual.com\/inicio\/index.php\/wp-json\/wp\/v2\/types\/post"}],"author":[{"embeddable":true,"href":"https:\/\/diariotextual.com\/inicio\/index.php\/wp-json\/wp\/v2\/users\/7"}],"replies":[{"embeddable":true,"href":"https:\/\/diariotextual.com\/inicio\/index.php\/wp-json\/wp\/v2\/comments?post=60061"}],"version-history":[{"count":1,"href":"https:\/\/diariotextual.com\/inicio\/index.php\/wp-json\/wp\/v2\/posts\/60061\/revisions"}],"predecessor-version":[{"id":60062,"href":"https:\/\/diariotextual.com\/inicio\/index.php\/wp-json\/wp\/v2\/posts\/60061\/revisions\/60062"}],"wp:featuredmedia":[{"embeddable":true,"href":"https:\/\/diariotextual.com\/inicio\/index.php\/wp-json\/wp\/v2\/media\/7125"}],"wp:attachment":[{"href":"https:\/\/diariotextual.com\/inicio\/index.php\/wp-json\/wp\/v2\/media?parent=60061"}],"wp:term":[{"taxonomy":"category","embeddable":true,"href":"https:\/\/diariotextual.com\/inicio\/index.php\/wp-json\/wp\/v2\/categories?post=60061"},{"taxonomy":"post_tag","embeddable":true,"href":"https:\/\/diariotextual.com\/inicio\/index.php\/wp-json\/wp\/v2\/tags?post=60061"}],"curies":[{"name":"wp","href":"https:\/\/api.w.org\/{rel}","templated":true}]}}