{"id":60089,"date":"2019-08-20T11:03:10","date_gmt":"2019-08-20T14:03:10","guid":{"rendered":"http:\/\/diariotextual.com\/inicio\/?p=60089"},"modified":"2019-08-20T12:25:33","modified_gmt":"2019-08-20T15:25:33","slug":"la-asamblea-los-rios-le-reclamo-una-cuota-racionalidad-al-pj-mendocino","status":"publish","type":"post","link":"https:\/\/diariotextual.com\/inicio\/index.php\/2019\/08\/20\/la-asamblea-los-rios-le-reclamo-una-cuota-racionalidad-al-pj-mendocino\/","title":{"rendered":"Asamblea le reclam\u00f3 al PJ mendocino \u00abracionalidad\u00bb y terminar con el saqueo de los r\u00edos"},"content":{"rendered":"<p>La <strong>Asamblea de los R\u00edos Pampeanos<\/strong> sali\u00f3 a reclamarle <strong>\u00abuna cuota de racionalidad\u00bb<\/strong> al nuevo gobierno peronista de Mendoza y Naci\u00f3n, en medio de una <strong>nueva escalada<\/strong> por la represa Portezuelo de los Vientos, el corte del r\u00edo Atuel y los reclamos en la provincia vecina para hacer el trasvase del r\u00edo Grande. Solicit\u00f3 terminar con el \u00absaqueo\u00bb de los r\u00edos pampeanos.<\/p>\n<p>El presidente del PJ de Mendoza y diputado nacional del Frente para la Victorica,\u00a0<strong>Guillermo Carmona, cuestion\u00f3 al actual gobernador mendocino Alfredo Cornejo, de Cambiemos, por la falta de avance de Porterzuelo del Viento<\/strong>\u00a0y le reproch\u00f3 que se haya postergado el trasvase del r\u00edo Grande al Atuel.<\/p>\n<p>La ONG pampeana sali\u00f3 a cruzar tanto al radicalismo como al PJ mendocino, que en materia h\u00eddrica act\u00faan como un bloque unido.<\/p>\n<p>\u00abAnte las expresiones del presidente del PJ mendocino, Guillermo Carmona, la Asamblea por los R\u00edos Pampeanos manifestamos nuestro rechazo a la utilizaci\u00f3n electoral que la clase pol\u00edtica de Mendoza realiza en el escarceo<br \/>\npor la confrontaci\u00f3n de proyectos locales (Cambiemos-PJ)\u00bb, sostuvo la ONG en un documento. \u00abAmbos sectores, y en particular el radicalismo mendocino con el gobernador Cornejo a la cabeza y el presidente Macri como socio privilegiado, son<br \/>\ndestinatarios de nuestro m\u00e1s profundo malestar. Por el contrario de <strong>Carmona, Cornejo, Macri y otros sectores mendocinos cabalgan en el saqueo h\u00eddrico y ambiental contra La Pampa<\/strong>, creemos necesario que el pr\u00f3ximo gobierno peronista ponga una cuota de racionalidad y sensatez cuando entre provincias hermanas litigan y una de ellas se torna prepotente y audaz hasta los huesos (como es el caso de los r\u00edos compartidos)\u00bb, sostuvo.<\/p>\n<p>\u00abSeguimos luchando contra Portezuelo del Viento en manos de Mendoza (para que no desaparezca el r\u00edo Colorado) y por el cumplimiento del caudal h\u00eddrico apto para la recomposici\u00f3n del cauce del Rio Atuel, como lo estableciera la Corte\u00a0Suprema de Justicia en el fallo del 1 de diciembre de 2017\u00bb, finaliz\u00f3 la asamblea.<\/p>\n<blockquote class=\"wp-embedded-content\" data-secret=\"z4WiqteCo1\"><p><a href=\"http:\/\/diariotextual.com\/inicio\/index.php\/2019\/08\/17\/historica-protesta-los-pueblos-de-cuatro-provincias-protestaron-contra-portezuelo\/\">Hist\u00f3rico: los pueblos de cuatro provincias protestaron contra Portezuelo<\/a><\/p><\/blockquote>\n<p><iframe class=\"wp-embedded-content\" sandbox=\"allow-scripts\" security=\"restricted\" style=\"position: absolute; clip: rect(1px, 1px, 1px, 1px);\" src=\"http:\/\/diariotextual.com\/inicio\/index.php\/2019\/08\/17\/historica-protesta-los-pueblos-de-cuatro-provincias-protestaron-contra-portezuelo\/embed\/#?secret=z4WiqteCo1\" data-secret=\"z4WiqteCo1\" width=\"600\" height=\"338\" title=\"&#171;Hist\u00f3rico: los pueblos de cuatro provincias protestaron contra Portezuelo&#187; &#8212; Diario Textual\" frameborder=\"0\" marginwidth=\"0\" marginheight=\"0\" scrolling=\"no\"><\/iframe><\/p>\n<p>&nbsp;<\/p>\n<p>&nbsp;<\/p>\n","protected":false},"excerpt":{"rendered":"<p>La Asamblea de los R\u00edos Pampeanos sali\u00f3 a reclamarle \u00abuna cuota de racionalidad\u00bb al nuevo gobierno peronista de Mendoza y Naci\u00f3n, en medio de una nueva escalada por la represa&hellip;<\/p>\n","protected":false},"author":3,"featured_media":32239,"comment_status":"closed","ping_status":"open","sticky":false,"template":"","format":"standard","meta":{"_acf_changed":false,"footnotes":""},"categories":[11,319,12],"tags":[],"class_list":["post-60089","post","type-post","status-publish","format-standard","has-post-thumbnail","hentry","category-que-pasa","category-a-temporales","category-sociedad"],"acf":[],"yoast_head":"<!-- This site is optimized with the Yoast SEO plugin v27.5 - https:\/\/yoast.com\/product\/yoast-seo-wordpress\/ -->\n<title>Asamblea le reclam\u00f3 al PJ mendocino &quot;racionalidad&quot; y terminar con el saqueo de los r\u00edos - Diario Textual<\/title>\n<meta name=\"robots\" content=\"index, follow, max-snippet:-1, max-image-preview:large, max-video-preview:-1\" \/>\n<link rel=\"canonical\" href=\"https:\/\/diariotextual.com\/inicio\/index.php\/2019\/08\/20\/la-asamblea-los-rios-le-reclamo-una-cuota-racionalidad-al-pj-mendocino\/\" \/>\n<meta property=\"og:locale\" content=\"es_ES\" \/>\n<meta property=\"og:type\" content=\"article\" \/>\n<meta property=\"og:title\" content=\"Asamblea le reclam\u00f3 al PJ mendocino &quot;racionalidad&quot; y terminar con el saqueo de los r\u00edos - Diario Textual\" \/>\n<meta property=\"og:description\" content=\"La Asamblea de los R\u00edos Pampeanos sali\u00f3 a reclamarle \u00abuna cuota de racionalidad\u00bb al nuevo gobierno peronista de Mendoza y Naci\u00f3n, en medio de una nueva escalada por la represa&hellip;\" \/>\n<meta property=\"og:url\" content=\"https:\/\/diariotextual.com\/inicio\/index.php\/2019\/08\/20\/la-asamblea-los-rios-le-reclamo-una-cuota-racionalidad-al-pj-mendocino\/\" \/>\n<meta property=\"og:site_name\" content=\"Diario Textual\" \/>\n<meta property=\"article:publisher\" content=\"https:\/\/www.facebook.com\/eltextual\" \/>\n<meta property=\"article:published_time\" content=\"2019-08-20T14:03:10+00:00\" \/>\n<meta property=\"article:modified_time\" content=\"2019-08-20T15:25:33+00:00\" \/>\n<meta property=\"og:image\" content=\"https:\/\/diariotextual.com\/inicio\/wp-content\/uploads\/2018\/12\/atuelbandera2018-2.jpg\" \/>\n\t<meta property=\"og:image:width\" content=\"1080\" \/>\n\t<meta property=\"og:image:height\" content=\"715\" \/>\n\t<meta property=\"og:image:type\" content=\"image\/jpeg\" \/>\n<meta name=\"author\" content=\"Diario1 Diario1\" \/>\n<meta name=\"twitter:card\" content=\"summary_large_image\" \/>\n<meta name=\"twitter:creator\" content=\"@eltextual\" \/>\n<meta name=\"twitter:site\" content=\"@eltextual\" \/>\n<meta name=\"twitter:label1\" content=\"Escrito por\" \/>\n\t<meta name=\"twitter:data1\" content=\"Diario1 Diario1\" \/>\n\t<meta name=\"twitter:label2\" content=\"Tiempo de lectura\" \/>\n\t<meta name=\"twitter:data2\" content=\"2 minutos\" \/>\n<script type=\"application\/ld+json\" class=\"yoast-schema-graph\">{\"@context\":\"https:\\\/\\\/schema.org\",\"@graph\":[{\"@type\":\"Article\",\"@id\":\"https:\\\/\\\/diariotextual.com\\\/inicio\\\/index.php\\\/2019\\\/08\\\/20\\\/la-asamblea-los-rios-le-reclamo-una-cuota-racionalidad-al-pj-mendocino\\\/#article\",\"isPartOf\":{\"@id\":\"https:\\\/\\\/diariotextual.com\\\/inicio\\\/index.php\\\/2019\\\/08\\\/20\\\/la-asamblea-los-rios-le-reclamo-una-cuota-racionalidad-al-pj-mendocino\\\/\"},\"author\":{\"name\":\"Diario1 Diario1\",\"@id\":\"https:\\\/\\\/diariotextual.com\\\/inicio\\\/#\\\/schema\\\/person\\\/418fc4093c33e86ed41562db3508f958\"},\"headline\":\"Asamblea le reclam\u00f3 al PJ mendocino \u00abracionalidad\u00bb y terminar con el saqueo de los r\u00edos\",\"datePublished\":\"2019-08-20T14:03:10+00:00\",\"dateModified\":\"2019-08-20T15:25:33+00:00\",\"mainEntityOfPage\":{\"@id\":\"https:\\\/\\\/diariotextual.com\\\/inicio\\\/index.php\\\/2019\\\/08\\\/20\\\/la-asamblea-los-rios-le-reclamo-una-cuota-racionalidad-al-pj-mendocino\\\/\"},\"wordCount\":363,\"publisher\":{\"@id\":\"https:\\\/\\\/diariotextual.com\\\/inicio\\\/#organization\"},\"image\":{\"@id\":\"https:\\\/\\\/diariotextual.com\\\/inicio\\\/index.php\\\/2019\\\/08\\\/20\\\/la-asamblea-los-rios-le-reclamo-una-cuota-racionalidad-al-pj-mendocino\\\/#primaryimage\"},\"thumbnailUrl\":\"https:\\\/\\\/diariotextual.com\\\/inicio\\\/wp-content\\\/uploads\\\/2018\\\/12\\\/atuelbandera2018-2.jpg\",\"articleSection\":[\"A - QUE PASA (al costado)\",\"A - TEMPORALES\",\"SOCIEDAD\"],\"inLanguage\":\"es\"},{\"@type\":\"WebPage\",\"@id\":\"https:\\\/\\\/diariotextual.com\\\/inicio\\\/index.php\\\/2019\\\/08\\\/20\\\/la-asamblea-los-rios-le-reclamo-una-cuota-racionalidad-al-pj-mendocino\\\/\",\"url\":\"https:\\\/\\\/diariotextual.com\\\/inicio\\\/index.php\\\/2019\\\/08\\\/20\\\/la-asamblea-los-rios-le-reclamo-una-cuota-racionalidad-al-pj-mendocino\\\/\",\"name\":\"Asamblea le reclam\u00f3 al PJ mendocino \\\"racionalidad\\\" y terminar con el saqueo de los r\u00edos - Diario Textual\",\"isPartOf\":{\"@id\":\"https:\\\/\\\/diariotextual.com\\\/inicio\\\/#website\"},\"primaryImageOfPage\":{\"@id\":\"https:\\\/\\\/diariotextual.com\\\/inicio\\\/index.php\\\/2019\\\/08\\\/20\\\/la-asamblea-los-rios-le-reclamo-una-cuota-racionalidad-al-pj-mendocino\\\/#primaryimage\"},\"image\":{\"@id\":\"https:\\\/\\\/diariotextual.com\\\/inicio\\\/index.php\\\/2019\\\/08\\\/20\\\/la-asamblea-los-rios-le-reclamo-una-cuota-racionalidad-al-pj-mendocino\\\/#primaryimage\"},\"thumbnailUrl\":\"https:\\\/\\\/diariotextual.com\\\/inicio\\\/wp-content\\\/uploads\\\/2018\\\/12\\\/atuelbandera2018-2.jpg\",\"datePublished\":\"2019-08-20T14:03:10+00:00\",\"dateModified\":\"2019-08-20T15:25:33+00:00\",\"breadcrumb\":{\"@id\":\"https:\\\/\\\/diariotextual.com\\\/inicio\\\/index.php\\\/2019\\\/08\\\/20\\\/la-asamblea-los-rios-le-reclamo-una-cuota-racionalidad-al-pj-mendocino\\\/#breadcrumb\"},\"inLanguage\":\"es\",\"potentialAction\":[{\"@type\":\"ReadAction\",\"target\":[\"https:\\\/\\\/diariotextual.com\\\/inicio\\\/index.php\\\/2019\\\/08\\\/20\\\/la-asamblea-los-rios-le-reclamo-una-cuota-racionalidad-al-pj-mendocino\\\/\"]}]},{\"@type\":\"ImageObject\",\"inLanguage\":\"es\",\"@id\":\"https:\\\/\\\/diariotextual.com\\\/inicio\\\/index.php\\\/2019\\\/08\\\/20\\\/la-asamblea-los-rios-le-reclamo-una-cuota-racionalidad-al-pj-mendocino\\\/#primaryimage\",\"url\":\"https:\\\/\\\/diariotextual.com\\\/inicio\\\/wp-content\\\/uploads\\\/2018\\\/12\\\/atuelbandera2018-2.jpg\",\"contentUrl\":\"https:\\\/\\\/diariotextual.com\\\/inicio\\\/wp-content\\\/uploads\\\/2018\\\/12\\\/atuelbandera2018-2.jpg\",\"width\":1080,\"height\":715},{\"@type\":\"BreadcrumbList\",\"@id\":\"https:\\\/\\\/diariotextual.com\\\/inicio\\\/index.php\\\/2019\\\/08\\\/20\\\/la-asamblea-los-rios-le-reclamo-una-cuota-racionalidad-al-pj-mendocino\\\/#breadcrumb\",\"itemListElement\":[{\"@type\":\"ListItem\",\"position\":1,\"name\":\"Portada\",\"item\":\"https:\\\/\\\/diariotextual.com\\\/inicio\\\/\"},{\"@type\":\"ListItem\",\"position\":2,\"name\":\"Asamblea le reclam\u00f3 al PJ mendocino \u00abracionalidad\u00bb y terminar con el saqueo de los r\u00edos\"}]},{\"@type\":\"WebSite\",\"@id\":\"https:\\\/\\\/diariotextual.com\\\/inicio\\\/#website\",\"url\":\"https:\\\/\\\/diariotextual.com\\\/inicio\\\/\",\"name\":\"Diario Textual\",\"description\":\"\",\"publisher\":{\"@id\":\"https:\\\/\\\/diariotextual.com\\\/inicio\\\/#organization\"},\"potentialAction\":[{\"@type\":\"SearchAction\",\"target\":{\"@type\":\"EntryPoint\",\"urlTemplate\":\"https:\\\/\\\/diariotextual.com\\\/inicio\\\/?s={search_term_string}\"},\"query-input\":{\"@type\":\"PropertyValueSpecification\",\"valueRequired\":true,\"valueName\":\"search_term_string\"}}],\"inLanguage\":\"es\"},{\"@type\":\"Organization\",\"@id\":\"https:\\\/\\\/diariotextual.com\\\/inicio\\\/#organization\",\"name\":\"Diario Textual\",\"url\":\"https:\\\/\\\/diariotextual.com\\\/inicio\\\/\",\"logo\":{\"@type\":\"ImageObject\",\"inLanguage\":\"es\",\"@id\":\"https:\\\/\\\/diariotextual.com\\\/inicio\\\/#\\\/schema\\\/logo\\\/image\\\/\",\"url\":\"https:\\\/\\\/diariotextual.com\\\/inicio\\\/wp-content\\\/uploads\\\/2023\\\/05\\\/logotextual1.jpg\",\"contentUrl\":\"https:\\\/\\\/diariotextual.com\\\/inicio\\\/wp-content\\\/uploads\\\/2023\\\/05\\\/logotextual1.jpg\",\"width\":516,\"height\":76,\"caption\":\"Diario Textual\"},\"image\":{\"@id\":\"https:\\\/\\\/diariotextual.com\\\/inicio\\\/#\\\/schema\\\/logo\\\/image\\\/\"},\"sameAs\":[\"https:\\\/\\\/www.facebook.com\\\/eltextual\",\"https:\\\/\\\/x.com\\\/eltextual\",\"http:\\\/\\\/www.instagram.com\\\/eltextual\"]},{\"@type\":\"Person\",\"@id\":\"https:\\\/\\\/diariotextual.com\\\/inicio\\\/#\\\/schema\\\/person\\\/418fc4093c33e86ed41562db3508f958\",\"name\":\"Diario1 Diario1\",\"image\":{\"@type\":\"ImageObject\",\"inLanguage\":\"es\",\"@id\":\"https:\\\/\\\/secure.gravatar.com\\\/avatar\\\/9167d280179c85bc18be67aa7eda765854300033af4896dd779b608640f2ef7a?s=96&d=mm&r=g\",\"url\":\"https:\\\/\\\/secure.gravatar.com\\\/avatar\\\/9167d280179c85bc18be67aa7eda765854300033af4896dd779b608640f2ef7a?s=96&d=mm&r=g\",\"contentUrl\":\"https:\\\/\\\/secure.gravatar.com\\\/avatar\\\/9167d280179c85bc18be67aa7eda765854300033af4896dd779b608640f2ef7a?s=96&d=mm&r=g\",\"caption\":\"Diario1 Diario1\"},\"url\":\"https:\\\/\\\/diariotextual.com\\\/inicio\\\/index.php\\\/author\\\/diario1\\\/\"}]}<\/script>\n<!-- \/ Yoast SEO plugin. -->","yoast_head_json":{"title":"Asamblea le reclam\u00f3 al PJ mendocino \"racionalidad\" y terminar con el saqueo de los r\u00edos - Diario Textual","robots":{"index":"index","follow":"follow","max-snippet":"max-snippet:-1","max-image-preview":"max-image-preview:large","max-video-preview":"max-video-preview:-1"},"canonical":"https:\/\/diariotextual.com\/inicio\/index.php\/2019\/08\/20\/la-asamblea-los-rios-le-reclamo-una-cuota-racionalidad-al-pj-mendocino\/","og_locale":"es_ES","og_type":"article","og_title":"Asamblea le reclam\u00f3 al PJ mendocino \"racionalidad\" y terminar con el saqueo de los r\u00edos - Diario Textual","og_description":"La Asamblea de los R\u00edos Pampeanos sali\u00f3 a reclamarle \u00abuna cuota de racionalidad\u00bb al nuevo gobierno peronista de Mendoza y Naci\u00f3n, en medio de una nueva escalada por la represa&hellip;","og_url":"https:\/\/diariotextual.com\/inicio\/index.php\/2019\/08\/20\/la-asamblea-los-rios-le-reclamo-una-cuota-racionalidad-al-pj-mendocino\/","og_site_name":"Diario Textual","article_publisher":"https:\/\/www.facebook.com\/eltextual","article_published_time":"2019-08-20T14:03:10+00:00","article_modified_time":"2019-08-20T15:25:33+00:00","og_image":[{"width":1080,"height":715,"url":"https:\/\/diariotextual.com\/inicio\/wp-content\/uploads\/2018\/12\/atuelbandera2018-2.jpg","type":"image\/jpeg"}],"author":"Diario1 Diario1","twitter_card":"summary_large_image","twitter_creator":"@eltextual","twitter_site":"@eltextual","twitter_misc":{"Escrito por":"Diario1 Diario1","Tiempo de lectura":"2 minutos"},"schema":{"@context":"https:\/\/schema.org","@graph":[{"@type":"Article","@id":"https:\/\/diariotextual.com\/inicio\/index.php\/2019\/08\/20\/la-asamblea-los-rios-le-reclamo-una-cuota-racionalidad-al-pj-mendocino\/#article","isPartOf":{"@id":"https:\/\/diariotextual.com\/inicio\/index.php\/2019\/08\/20\/la-asamblea-los-rios-le-reclamo-una-cuota-racionalidad-al-pj-mendocino\/"},"author":{"name":"Diario1 Diario1","@id":"https:\/\/diariotextual.com\/inicio\/#\/schema\/person\/418fc4093c33e86ed41562db3508f958"},"headline":"Asamblea le reclam\u00f3 al PJ mendocino \u00abracionalidad\u00bb y terminar con el saqueo de los r\u00edos","datePublished":"2019-08-20T14:03:10+00:00","dateModified":"2019-08-20T15:25:33+00:00","mainEntityOfPage":{"@id":"https:\/\/diariotextual.com\/inicio\/index.php\/2019\/08\/20\/la-asamblea-los-rios-le-reclamo-una-cuota-racionalidad-al-pj-mendocino\/"},"wordCount":363,"publisher":{"@id":"https:\/\/diariotextual.com\/inicio\/#organization"},"image":{"@id":"https:\/\/diariotextual.com\/inicio\/index.php\/2019\/08\/20\/la-asamblea-los-rios-le-reclamo-una-cuota-racionalidad-al-pj-mendocino\/#primaryimage"},"thumbnailUrl":"https:\/\/diariotextual.com\/inicio\/wp-content\/uploads\/2018\/12\/atuelbandera2018-2.jpg","articleSection":["A - QUE PASA (al costado)","A - TEMPORALES","SOCIEDAD"],"inLanguage":"es"},{"@type":"WebPage","@id":"https:\/\/diariotextual.com\/inicio\/index.php\/2019\/08\/20\/la-asamblea-los-rios-le-reclamo-una-cuota-racionalidad-al-pj-mendocino\/","url":"https:\/\/diariotextual.com\/inicio\/index.php\/2019\/08\/20\/la-asamblea-los-rios-le-reclamo-una-cuota-racionalidad-al-pj-mendocino\/","name":"Asamblea le reclam\u00f3 al PJ mendocino \"racionalidad\" y terminar con el saqueo de los r\u00edos - Diario Textual","isPartOf":{"@id":"https:\/\/diariotextual.com\/inicio\/#website"},"primaryImageOfPage":{"@id":"https:\/\/diariotextual.com\/inicio\/index.php\/2019\/08\/20\/la-asamblea-los-rios-le-reclamo-una-cuota-racionalidad-al-pj-mendocino\/#primaryimage"},"image":{"@id":"https:\/\/diariotextual.com\/inicio\/index.php\/2019\/08\/20\/la-asamblea-los-rios-le-reclamo-una-cuota-racionalidad-al-pj-mendocino\/#primaryimage"},"thumbnailUrl":"https:\/\/diariotextual.com\/inicio\/wp-content\/uploads\/2018\/12\/atuelbandera2018-2.jpg","datePublished":"2019-08-20T14:03:10+00:00","dateModified":"2019-08-20T15:25:33+00:00","breadcrumb":{"@id":"https:\/\/diariotextual.com\/inicio\/index.php\/2019\/08\/20\/la-asamblea-los-rios-le-reclamo-una-cuota-racionalidad-al-pj-mendocino\/#breadcrumb"},"inLanguage":"es","potentialAction":[{"@type":"ReadAction","target":["https:\/\/diariotextual.com\/inicio\/index.php\/2019\/08\/20\/la-asamblea-los-rios-le-reclamo-una-cuota-racionalidad-al-pj-mendocino\/"]}]},{"@type":"ImageObject","inLanguage":"es","@id":"https:\/\/diariotextual.com\/inicio\/index.php\/2019\/08\/20\/la-asamblea-los-rios-le-reclamo-una-cuota-racionalidad-al-pj-mendocino\/#primaryimage","url":"https:\/\/diariotextual.com\/inicio\/wp-content\/uploads\/2018\/12\/atuelbandera2018-2.jpg","contentUrl":"https:\/\/diariotextual.com\/inicio\/wp-content\/uploads\/2018\/12\/atuelbandera2018-2.jpg","width":1080,"height":715},{"@type":"BreadcrumbList","@id":"https:\/\/diariotextual.com\/inicio\/index.php\/2019\/08\/20\/la-asamblea-los-rios-le-reclamo-una-cuota-racionalidad-al-pj-mendocino\/#breadcrumb","itemListElement":[{"@type":"ListItem","position":1,"name":"Portada","item":"https:\/\/diariotextual.com\/inicio\/"},{"@type":"ListItem","position":2,"name":"Asamblea le reclam\u00f3 al PJ mendocino \u00abracionalidad\u00bb y terminar con el saqueo de los r\u00edos"}]},{"@type":"WebSite","@id":"https:\/\/diariotextual.com\/inicio\/#website","url":"https:\/\/diariotextual.com\/inicio\/","name":"Diario Textual","description":"","publisher":{"@id":"https:\/\/diariotextual.com\/inicio\/#organization"},"potentialAction":[{"@type":"SearchAction","target":{"@type":"EntryPoint","urlTemplate":"https:\/\/diariotextual.com\/inicio\/?s={search_term_string}"},"query-input":{"@type":"PropertyValueSpecification","valueRequired":true,"valueName":"search_term_string"}}],"inLanguage":"es"},{"@type":"Organization","@id":"https:\/\/diariotextual.com\/inicio\/#organization","name":"Diario Textual","url":"https:\/\/diariotextual.com\/inicio\/","logo":{"@type":"ImageObject","inLanguage":"es","@id":"https:\/\/diariotextual.com\/inicio\/#\/schema\/logo\/image\/","url":"https:\/\/diariotextual.com\/inicio\/wp-content\/uploads\/2023\/05\/logotextual1.jpg","contentUrl":"https:\/\/diariotextual.com\/inicio\/wp-content\/uploads\/2023\/05\/logotextual1.jpg","width":516,"height":76,"caption":"Diario Textual"},"image":{"@id":"https:\/\/diariotextual.com\/inicio\/#\/schema\/logo\/image\/"},"sameAs":["https:\/\/www.facebook.com\/eltextual","https:\/\/x.com\/eltextual","http:\/\/www.instagram.com\/eltextual"]},{"@type":"Person","@id":"https:\/\/diariotextual.com\/inicio\/#\/schema\/person\/418fc4093c33e86ed41562db3508f958","name":"Diario1 Diario1","image":{"@type":"ImageObject","inLanguage":"es","@id":"https:\/\/secure.gravatar.com\/avatar\/9167d280179c85bc18be67aa7eda765854300033af4896dd779b608640f2ef7a?s=96&d=mm&r=g","url":"https:\/\/secure.gravatar.com\/avatar\/9167d280179c85bc18be67aa7eda765854300033af4896dd779b608640f2ef7a?s=96&d=mm&r=g","contentUrl":"https:\/\/secure.gravatar.com\/avatar\/9167d280179c85bc18be67aa7eda765854300033af4896dd779b608640f2ef7a?s=96&d=mm&r=g","caption":"Diario1 Diario1"},"url":"https:\/\/diariotextual.com\/inicio\/index.php\/author\/diario1\/"}]}},"_links":{"self":[{"href":"https:\/\/diariotextual.com\/inicio\/index.php\/wp-json\/wp\/v2\/posts\/60089","targetHints":{"allow":["GET"]}}],"collection":[{"href":"https:\/\/diariotextual.com\/inicio\/index.php\/wp-json\/wp\/v2\/posts"}],"about":[{"href":"https:\/\/diariotextual.com\/inicio\/index.php\/wp-json\/wp\/v2\/types\/post"}],"author":[{"embeddable":true,"href":"https:\/\/diariotextual.com\/inicio\/index.php\/wp-json\/wp\/v2\/users\/3"}],"replies":[{"embeddable":true,"href":"https:\/\/diariotextual.com\/inicio\/index.php\/wp-json\/wp\/v2\/comments?post=60089"}],"version-history":[{"count":6,"href":"https:\/\/diariotextual.com\/inicio\/index.php\/wp-json\/wp\/v2\/posts\/60089\/revisions"}],"predecessor-version":[{"id":60111,"href":"https:\/\/diariotextual.com\/inicio\/index.php\/wp-json\/wp\/v2\/posts\/60089\/revisions\/60111"}],"wp:featuredmedia":[{"embeddable":true,"href":"https:\/\/diariotextual.com\/inicio\/index.php\/wp-json\/wp\/v2\/media\/32239"}],"wp:attachment":[{"href":"https:\/\/diariotextual.com\/inicio\/index.php\/wp-json\/wp\/v2\/media?parent=60089"}],"wp:term":[{"taxonomy":"category","embeddable":true,"href":"https:\/\/diariotextual.com\/inicio\/index.php\/wp-json\/wp\/v2\/categories?post=60089"},{"taxonomy":"post_tag","embeddable":true,"href":"https:\/\/diariotextual.com\/inicio\/index.php\/wp-json\/wp\/v2\/tags?post=60089"}],"curies":[{"name":"wp","href":"https:\/\/api.w.org\/{rel}","templated":true}]}}