{"id":60113,"date":"2019-08-20T12:22:27","date_gmt":"2019-08-20T15:22:27","guid":{"rendered":"http:\/\/diariotextual.com\/inicio\/?p=60113"},"modified":"2019-08-21T07:29:22","modified_gmt":"2019-08-21T10:29:22","slug":"verna-la-pampa-perdera-200-millones-regalias-congelamiento-las-naftas","status":"publish","type":"post","link":"https:\/\/diariotextual.com\/inicio\/index.php\/2019\/08\/20\/verna-la-pampa-perdera-200-millones-regalias-congelamiento-las-naftas\/","title":{"rendered":"Verna: La Pampa perder\u00e1 $200 millones en regal\u00edas por el congelamiento de las naftas"},"content":{"rendered":"<p>El gobernador <strong>Carlos Verna<\/strong> cuestion\u00f3 el destrato del <strong>Gobierno de Mauricio Macri<\/strong> que <strong>no invit\u00f3 al Estado pampeano<\/strong> a una reuni\u00f3n para analizar y discutir el congelamiento de los combustibles por 90 d\u00edas.<\/p>\n<blockquote class=\"twitter-tweet\">\n<p dir=\"ltr\" lang=\"es\">Macri no sabe que en La Pampa hay petr\u00f3leo. No fuimos invitados a la reuni\u00f3n de provincias petroleras que convoc\u00f3 el Estado Nacional pero s\u00ed vamos a perder 200 millones de pesos en regal\u00edas con las medidas que impuso el Gobierno. <a href=\"https:\/\/t.co\/88j1NzgjgR\">pic.twitter.com\/88j1NzgjgR<\/a><\/p>\n<p>\u2014 Carlos Verna (@VernaGobernador) <a href=\"https:\/\/twitter.com\/VernaGobernador\/status\/1163827788320841728?ref_src=twsrc%5Etfw\">August 20, 2019<\/a><\/p><\/blockquote>\n<p><script async src=\"https:\/\/platform.twitter.com\/widgets.js\" charset=\"utf-8\"><\/script><\/p>\n<p>&nbsp;<\/p>\n<p>\u00ab<strong>Macri no sabe que en La Pampa hay petr\u00f3leo<\/strong>. No fuimos invitados a la reuni\u00f3n de provincias petroleras que convoc\u00f3 el Estado Nacional pero s\u00ed <strong>vamos a perder 200 millones de pesos en regal\u00edas con las medidas que impuso el Gobierno<\/strong>\u00ab, advirti\u00f3 el mandatario pampeano en un tuit.<\/p>\n<p>Naci\u00f3n convoc\u00f3 para participar de una reuni\u00f3n este martes, en el Palacio de Hacienda, a gobernadores de provincias petroleras y a las empresas del sector con el objetivo de consensuar una estrategia en relaci\u00f3n con el precio de los combustibles. <strong>La \u00fanica que qued\u00f3 afuera fue La Pampa.<\/strong><\/p>\n<p>El encuentro naci\u00f3 luego de <strong>la fijaci\u00f3n de precios establecida por el Poder Ejecutivo para los pr\u00f3ximos 90 d\u00edas, en el marco del paquete de medidas adoptado tras las PASO.<\/strong><\/p>\n<p>La reuni\u00f3n, que se desarrollar\u00e1 cerca del mediod\u00eda, estar\u00e1 encabezada por el ministro del Interior, Rogelio Frigerio; Hern\u00e1n Lacunza, que ya est\u00e1 formalizado en su cargo de ministro de Econom\u00eda; y el secretario de Energ\u00eda, Gustavo Lopetegui.<\/p>\n<p>Buscar\u00e1n consensuar una salida para el tema del congelamiento de las naftas dispuesto por el gobierno nacional el mi\u00e9rcoles \u00faltimo, tras el rev\u00e9s electoral sufrido en las PASO, donde se impuso el Frente de Todos, representado con la f\u00f3rmula presidencial Alberto Fern\u00e1ndez-Cristina Fern\u00e1ndez.<\/p>\n<p>Entre las decisiones adoptadas por el Ejecutivo, se cont\u00f3 el congelamiento del precio de la nafta y los combustibles durante 90 d\u00edas, lo que despert\u00f3 cr\u00edticas de los empresarios del sector y de algunos gobernadores.<\/p>\n<p>&nbsp;<\/p>\n<blockquote class=\"wp-embedded-content\" data-secret=\"oeKQsrcWQN\"><p><a href=\"http:\/\/diariotextual.com\/inicio\/index.php\/2019\/08\/17\/verna-alerta-paquete-macri-le-quita-la-pampa-unos-750-millones\/\">Verna en alerta: el paquete de Macri le quita a La Pampa entre $750 millones y $1000 millones<\/a><\/p><\/blockquote>\n<p><iframe class=\"wp-embedded-content\" sandbox=\"allow-scripts\" security=\"restricted\" style=\"position: absolute; clip: rect(1px, 1px, 1px, 1px);\" src=\"http:\/\/diariotextual.com\/inicio\/index.php\/2019\/08\/17\/verna-alerta-paquete-macri-le-quita-la-pampa-unos-750-millones\/embed\/#?secret=oeKQsrcWQN\" data-secret=\"oeKQsrcWQN\" width=\"600\" height=\"338\" title=\"&#171;Verna en alerta: el paquete de Macri le quita a La Pampa entre $750 millones y $1000 millones&#187; &#8212; Diario Textual\" frameborder=\"0\" marginwidth=\"0\" marginheight=\"0\" scrolling=\"no\"><\/iframe><\/p>\n<p>&nbsp;<\/p>\n<p>&nbsp;<\/p>\n<p>&nbsp;<\/p>\n<p>&nbsp;<\/p>\n","protected":false},"excerpt":{"rendered":"<p>El gobernador Carlos Verna cuestion\u00f3 el destrato del Gobierno de Mauricio Macri que no invit\u00f3 al Estado pampeano a una reuni\u00f3n para analizar y discutir el congelamiento de los combustibles&hellip;<\/p>\n","protected":false},"author":3,"featured_media":24985,"comment_status":"closed","ping_status":"open","sticky":false,"template":"","format":"standard","meta":{"_acf_changed":false,"footnotes":""},"categories":[10,319,5],"tags":[2197,2198,19],"class_list":["post-60113","post","type-post","status-publish","format-standard","has-post-thumbnail","hentry","category-portada-2","category-a-temporales","category-economia","tag-petroleo","tag-regalias","tag-verna"],"acf":[],"yoast_head":"<!-- This site is optimized with the Yoast SEO plugin v27.5 - https:\/\/yoast.com\/product\/yoast-seo-wordpress\/ -->\n<title>Verna: La Pampa perder\u00e1 $200 millones en regal\u00edas por el congelamiento de las naftas - Diario Textual<\/title>\n<meta name=\"robots\" content=\"index, follow, max-snippet:-1, max-image-preview:large, max-video-preview:-1\" \/>\n<link rel=\"canonical\" href=\"https:\/\/diariotextual.com\/inicio\/index.php\/2019\/08\/20\/verna-la-pampa-perdera-200-millones-regalias-congelamiento-las-naftas\/\" \/>\n<meta property=\"og:locale\" content=\"es_ES\" \/>\n<meta property=\"og:type\" content=\"article\" \/>\n<meta property=\"og:title\" content=\"Verna: La Pampa perder\u00e1 $200 millones en regal\u00edas por el congelamiento de las naftas - Diario Textual\" \/>\n<meta property=\"og:description\" content=\"El gobernador Carlos Verna cuestion\u00f3 el destrato del Gobierno de Mauricio Macri que no invit\u00f3 al Estado pampeano a una reuni\u00f3n para analizar y discutir el congelamiento de los combustibles&hellip;\" \/>\n<meta property=\"og:url\" content=\"https:\/\/diariotextual.com\/inicio\/index.php\/2019\/08\/20\/verna-la-pampa-perdera-200-millones-regalias-congelamiento-las-naftas\/\" \/>\n<meta property=\"og:site_name\" content=\"Diario Textual\" \/>\n<meta property=\"article:publisher\" content=\"https:\/\/www.facebook.com\/eltextual\" \/>\n<meta property=\"article:published_time\" content=\"2019-08-20T15:22:27+00:00\" \/>\n<meta property=\"article:modified_time\" content=\"2019-08-21T10:29:22+00:00\" \/>\n<meta property=\"og:image\" content=\"https:\/\/diariotextual.com\/inicio\/wp-content\/uploads\/2018\/10\/vernacarlos7778888889999977a.jpeg\" \/>\n\t<meta property=\"og:image:width\" content=\"1232\" \/>\n\t<meta property=\"og:image:height\" content=\"816\" \/>\n\t<meta property=\"og:image:type\" content=\"image\/jpeg\" \/>\n<meta name=\"author\" content=\"Diario1 Diario1\" \/>\n<meta name=\"twitter:card\" content=\"summary_large_image\" \/>\n<meta name=\"twitter:creator\" content=\"@eltextual\" \/>\n<meta name=\"twitter:site\" content=\"@eltextual\" \/>\n<meta name=\"twitter:label1\" content=\"Escrito por\" \/>\n\t<meta name=\"twitter:data1\" content=\"Diario1 Diario1\" \/>\n\t<meta name=\"twitter:label2\" content=\"Tiempo de lectura\" \/>\n\t<meta name=\"twitter:data2\" content=\"2 minutos\" \/>\n<script type=\"application\/ld+json\" class=\"yoast-schema-graph\">{\"@context\":\"https:\\\/\\\/schema.org\",\"@graph\":[{\"@type\":\"Article\",\"@id\":\"https:\\\/\\\/diariotextual.com\\\/inicio\\\/index.php\\\/2019\\\/08\\\/20\\\/verna-la-pampa-perdera-200-millones-regalias-congelamiento-las-naftas\\\/#article\",\"isPartOf\":{\"@id\":\"https:\\\/\\\/diariotextual.com\\\/inicio\\\/index.php\\\/2019\\\/08\\\/20\\\/verna-la-pampa-perdera-200-millones-regalias-congelamiento-las-naftas\\\/\"},\"author\":{\"name\":\"Diario1 Diario1\",\"@id\":\"https:\\\/\\\/diariotextual.com\\\/inicio\\\/#\\\/schema\\\/person\\\/418fc4093c33e86ed41562db3508f958\"},\"headline\":\"Verna: La Pampa perder\u00e1 $200 millones en regal\u00edas por el congelamiento de las naftas\",\"datePublished\":\"2019-08-20T15:22:27+00:00\",\"dateModified\":\"2019-08-21T10:29:22+00:00\",\"mainEntityOfPage\":{\"@id\":\"https:\\\/\\\/diariotextual.com\\\/inicio\\\/index.php\\\/2019\\\/08\\\/20\\\/verna-la-pampa-perdera-200-millones-regalias-congelamiento-las-naftas\\\/\"},\"wordCount\":374,\"publisher\":{\"@id\":\"https:\\\/\\\/diariotextual.com\\\/inicio\\\/#organization\"},\"image\":{\"@id\":\"https:\\\/\\\/diariotextual.com\\\/inicio\\\/index.php\\\/2019\\\/08\\\/20\\\/verna-la-pampa-perdera-200-millones-regalias-congelamiento-las-naftas\\\/#primaryimage\"},\"thumbnailUrl\":\"https:\\\/\\\/diariotextual.com\\\/inicio\\\/wp-content\\\/uploads\\\/2018\\\/10\\\/vernacarlos7778888889999977a.jpeg\",\"keywords\":[\"petroleo\",\"regalias\",\"verna\"],\"articleSection\":[\"A - PORTADA2\",\"A - TEMPORALES\",\"ECONOMIA\"],\"inLanguage\":\"es\"},{\"@type\":\"WebPage\",\"@id\":\"https:\\\/\\\/diariotextual.com\\\/inicio\\\/index.php\\\/2019\\\/08\\\/20\\\/verna-la-pampa-perdera-200-millones-regalias-congelamiento-las-naftas\\\/\",\"url\":\"https:\\\/\\\/diariotextual.com\\\/inicio\\\/index.php\\\/2019\\\/08\\\/20\\\/verna-la-pampa-perdera-200-millones-regalias-congelamiento-las-naftas\\\/\",\"name\":\"Verna: La Pampa perder\u00e1 $200 millones en regal\u00edas por el congelamiento de las naftas - Diario Textual\",\"isPartOf\":{\"@id\":\"https:\\\/\\\/diariotextual.com\\\/inicio\\\/#website\"},\"primaryImageOfPage\":{\"@id\":\"https:\\\/\\\/diariotextual.com\\\/inicio\\\/index.php\\\/2019\\\/08\\\/20\\\/verna-la-pampa-perdera-200-millones-regalias-congelamiento-las-naftas\\\/#primaryimage\"},\"image\":{\"@id\":\"https:\\\/\\\/diariotextual.com\\\/inicio\\\/index.php\\\/2019\\\/08\\\/20\\\/verna-la-pampa-perdera-200-millones-regalias-congelamiento-las-naftas\\\/#primaryimage\"},\"thumbnailUrl\":\"https:\\\/\\\/diariotextual.com\\\/inicio\\\/wp-content\\\/uploads\\\/2018\\\/10\\\/vernacarlos7778888889999977a.jpeg\",\"datePublished\":\"2019-08-20T15:22:27+00:00\",\"dateModified\":\"2019-08-21T10:29:22+00:00\",\"breadcrumb\":{\"@id\":\"https:\\\/\\\/diariotextual.com\\\/inicio\\\/index.php\\\/2019\\\/08\\\/20\\\/verna-la-pampa-perdera-200-millones-regalias-congelamiento-las-naftas\\\/#breadcrumb\"},\"inLanguage\":\"es\",\"potentialAction\":[{\"@type\":\"ReadAction\",\"target\":[\"https:\\\/\\\/diariotextual.com\\\/inicio\\\/index.php\\\/2019\\\/08\\\/20\\\/verna-la-pampa-perdera-200-millones-regalias-congelamiento-las-naftas\\\/\"]}]},{\"@type\":\"ImageObject\",\"inLanguage\":\"es\",\"@id\":\"https:\\\/\\\/diariotextual.com\\\/inicio\\\/index.php\\\/2019\\\/08\\\/20\\\/verna-la-pampa-perdera-200-millones-regalias-congelamiento-las-naftas\\\/#primaryimage\",\"url\":\"https:\\\/\\\/diariotextual.com\\\/inicio\\\/wp-content\\\/uploads\\\/2018\\\/10\\\/vernacarlos7778888889999977a.jpeg\",\"contentUrl\":\"https:\\\/\\\/diariotextual.com\\\/inicio\\\/wp-content\\\/uploads\\\/2018\\\/10\\\/vernacarlos7778888889999977a.jpeg\",\"width\":1232,\"height\":816},{\"@type\":\"BreadcrumbList\",\"@id\":\"https:\\\/\\\/diariotextual.com\\\/inicio\\\/index.php\\\/2019\\\/08\\\/20\\\/verna-la-pampa-perdera-200-millones-regalias-congelamiento-las-naftas\\\/#breadcrumb\",\"itemListElement\":[{\"@type\":\"ListItem\",\"position\":1,\"name\":\"Portada\",\"item\":\"https:\\\/\\\/diariotextual.com\\\/inicio\\\/\"},{\"@type\":\"ListItem\",\"position\":2,\"name\":\"Verna: La Pampa perder\u00e1 $200 millones en regal\u00edas por el congelamiento de las naftas\"}]},{\"@type\":\"WebSite\",\"@id\":\"https:\\\/\\\/diariotextual.com\\\/inicio\\\/#website\",\"url\":\"https:\\\/\\\/diariotextual.com\\\/inicio\\\/\",\"name\":\"Diario Textual\",\"description\":\"\",\"publisher\":{\"@id\":\"https:\\\/\\\/diariotextual.com\\\/inicio\\\/#organization\"},\"potentialAction\":[{\"@type\":\"SearchAction\",\"target\":{\"@type\":\"EntryPoint\",\"urlTemplate\":\"https:\\\/\\\/diariotextual.com\\\/inicio\\\/?s={search_term_string}\"},\"query-input\":{\"@type\":\"PropertyValueSpecification\",\"valueRequired\":true,\"valueName\":\"search_term_string\"}}],\"inLanguage\":\"es\"},{\"@type\":\"Organization\",\"@id\":\"https:\\\/\\\/diariotextual.com\\\/inicio\\\/#organization\",\"name\":\"Diario Textual\",\"url\":\"https:\\\/\\\/diariotextual.com\\\/inicio\\\/\",\"logo\":{\"@type\":\"ImageObject\",\"inLanguage\":\"es\",\"@id\":\"https:\\\/\\\/diariotextual.com\\\/inicio\\\/#\\\/schema\\\/logo\\\/image\\\/\",\"url\":\"https:\\\/\\\/diariotextual.com\\\/inicio\\\/wp-content\\\/uploads\\\/2023\\\/05\\\/logotextual1.jpg\",\"contentUrl\":\"https:\\\/\\\/diariotextual.com\\\/inicio\\\/wp-content\\\/uploads\\\/2023\\\/05\\\/logotextual1.jpg\",\"width\":516,\"height\":76,\"caption\":\"Diario Textual\"},\"image\":{\"@id\":\"https:\\\/\\\/diariotextual.com\\\/inicio\\\/#\\\/schema\\\/logo\\\/image\\\/\"},\"sameAs\":[\"https:\\\/\\\/www.facebook.com\\\/eltextual\",\"https:\\\/\\\/x.com\\\/eltextual\",\"http:\\\/\\\/www.instagram.com\\\/eltextual\"]},{\"@type\":\"Person\",\"@id\":\"https:\\\/\\\/diariotextual.com\\\/inicio\\\/#\\\/schema\\\/person\\\/418fc4093c33e86ed41562db3508f958\",\"name\":\"Diario1 Diario1\",\"image\":{\"@type\":\"ImageObject\",\"inLanguage\":\"es\",\"@id\":\"https:\\\/\\\/secure.gravatar.com\\\/avatar\\\/9167d280179c85bc18be67aa7eda765854300033af4896dd779b608640f2ef7a?s=96&d=mm&r=g\",\"url\":\"https:\\\/\\\/secure.gravatar.com\\\/avatar\\\/9167d280179c85bc18be67aa7eda765854300033af4896dd779b608640f2ef7a?s=96&d=mm&r=g\",\"contentUrl\":\"https:\\\/\\\/secure.gravatar.com\\\/avatar\\\/9167d280179c85bc18be67aa7eda765854300033af4896dd779b608640f2ef7a?s=96&d=mm&r=g\",\"caption\":\"Diario1 Diario1\"},\"url\":\"https:\\\/\\\/diariotextual.com\\\/inicio\\\/index.php\\\/author\\\/diario1\\\/\"}]}<\/script>\n<!-- \/ Yoast SEO plugin. -->","yoast_head_json":{"title":"Verna: La Pampa perder\u00e1 $200 millones en regal\u00edas por el congelamiento de las naftas - Diario Textual","robots":{"index":"index","follow":"follow","max-snippet":"max-snippet:-1","max-image-preview":"max-image-preview:large","max-video-preview":"max-video-preview:-1"},"canonical":"https:\/\/diariotextual.com\/inicio\/index.php\/2019\/08\/20\/verna-la-pampa-perdera-200-millones-regalias-congelamiento-las-naftas\/","og_locale":"es_ES","og_type":"article","og_title":"Verna: La Pampa perder\u00e1 $200 millones en regal\u00edas por el congelamiento de las naftas - Diario Textual","og_description":"El gobernador Carlos Verna cuestion\u00f3 el destrato del Gobierno de Mauricio Macri que no invit\u00f3 al Estado pampeano a una reuni\u00f3n para analizar y discutir el congelamiento de los combustibles&hellip;","og_url":"https:\/\/diariotextual.com\/inicio\/index.php\/2019\/08\/20\/verna-la-pampa-perdera-200-millones-regalias-congelamiento-las-naftas\/","og_site_name":"Diario Textual","article_publisher":"https:\/\/www.facebook.com\/eltextual","article_published_time":"2019-08-20T15:22:27+00:00","article_modified_time":"2019-08-21T10:29:22+00:00","og_image":[{"width":1232,"height":816,"url":"https:\/\/diariotextual.com\/inicio\/wp-content\/uploads\/2018\/10\/vernacarlos7778888889999977a.jpeg","type":"image\/jpeg"}],"author":"Diario1 Diario1","twitter_card":"summary_large_image","twitter_creator":"@eltextual","twitter_site":"@eltextual","twitter_misc":{"Escrito por":"Diario1 Diario1","Tiempo de lectura":"2 minutos"},"schema":{"@context":"https:\/\/schema.org","@graph":[{"@type":"Article","@id":"https:\/\/diariotextual.com\/inicio\/index.php\/2019\/08\/20\/verna-la-pampa-perdera-200-millones-regalias-congelamiento-las-naftas\/#article","isPartOf":{"@id":"https:\/\/diariotextual.com\/inicio\/index.php\/2019\/08\/20\/verna-la-pampa-perdera-200-millones-regalias-congelamiento-las-naftas\/"},"author":{"name":"Diario1 Diario1","@id":"https:\/\/diariotextual.com\/inicio\/#\/schema\/person\/418fc4093c33e86ed41562db3508f958"},"headline":"Verna: La Pampa perder\u00e1 $200 millones en regal\u00edas por el congelamiento de las naftas","datePublished":"2019-08-20T15:22:27+00:00","dateModified":"2019-08-21T10:29:22+00:00","mainEntityOfPage":{"@id":"https:\/\/diariotextual.com\/inicio\/index.php\/2019\/08\/20\/verna-la-pampa-perdera-200-millones-regalias-congelamiento-las-naftas\/"},"wordCount":374,"publisher":{"@id":"https:\/\/diariotextual.com\/inicio\/#organization"},"image":{"@id":"https:\/\/diariotextual.com\/inicio\/index.php\/2019\/08\/20\/verna-la-pampa-perdera-200-millones-regalias-congelamiento-las-naftas\/#primaryimage"},"thumbnailUrl":"https:\/\/diariotextual.com\/inicio\/wp-content\/uploads\/2018\/10\/vernacarlos7778888889999977a.jpeg","keywords":["petroleo","regalias","verna"],"articleSection":["A - PORTADA2","A - TEMPORALES","ECONOMIA"],"inLanguage":"es"},{"@type":"WebPage","@id":"https:\/\/diariotextual.com\/inicio\/index.php\/2019\/08\/20\/verna-la-pampa-perdera-200-millones-regalias-congelamiento-las-naftas\/","url":"https:\/\/diariotextual.com\/inicio\/index.php\/2019\/08\/20\/verna-la-pampa-perdera-200-millones-regalias-congelamiento-las-naftas\/","name":"Verna: La Pampa perder\u00e1 $200 millones en regal\u00edas por el congelamiento de las naftas - Diario Textual","isPartOf":{"@id":"https:\/\/diariotextual.com\/inicio\/#website"},"primaryImageOfPage":{"@id":"https:\/\/diariotextual.com\/inicio\/index.php\/2019\/08\/20\/verna-la-pampa-perdera-200-millones-regalias-congelamiento-las-naftas\/#primaryimage"},"image":{"@id":"https:\/\/diariotextual.com\/inicio\/index.php\/2019\/08\/20\/verna-la-pampa-perdera-200-millones-regalias-congelamiento-las-naftas\/#primaryimage"},"thumbnailUrl":"https:\/\/diariotextual.com\/inicio\/wp-content\/uploads\/2018\/10\/vernacarlos7778888889999977a.jpeg","datePublished":"2019-08-20T15:22:27+00:00","dateModified":"2019-08-21T10:29:22+00:00","breadcrumb":{"@id":"https:\/\/diariotextual.com\/inicio\/index.php\/2019\/08\/20\/verna-la-pampa-perdera-200-millones-regalias-congelamiento-las-naftas\/#breadcrumb"},"inLanguage":"es","potentialAction":[{"@type":"ReadAction","target":["https:\/\/diariotextual.com\/inicio\/index.php\/2019\/08\/20\/verna-la-pampa-perdera-200-millones-regalias-congelamiento-las-naftas\/"]}]},{"@type":"ImageObject","inLanguage":"es","@id":"https:\/\/diariotextual.com\/inicio\/index.php\/2019\/08\/20\/verna-la-pampa-perdera-200-millones-regalias-congelamiento-las-naftas\/#primaryimage","url":"https:\/\/diariotextual.com\/inicio\/wp-content\/uploads\/2018\/10\/vernacarlos7778888889999977a.jpeg","contentUrl":"https:\/\/diariotextual.com\/inicio\/wp-content\/uploads\/2018\/10\/vernacarlos7778888889999977a.jpeg","width":1232,"height":816},{"@type":"BreadcrumbList","@id":"https:\/\/diariotextual.com\/inicio\/index.php\/2019\/08\/20\/verna-la-pampa-perdera-200-millones-regalias-congelamiento-las-naftas\/#breadcrumb","itemListElement":[{"@type":"ListItem","position":1,"name":"Portada","item":"https:\/\/diariotextual.com\/inicio\/"},{"@type":"ListItem","position":2,"name":"Verna: La Pampa perder\u00e1 $200 millones en regal\u00edas por el congelamiento de las naftas"}]},{"@type":"WebSite","@id":"https:\/\/diariotextual.com\/inicio\/#website","url":"https:\/\/diariotextual.com\/inicio\/","name":"Diario Textual","description":"","publisher":{"@id":"https:\/\/diariotextual.com\/inicio\/#organization"},"potentialAction":[{"@type":"SearchAction","target":{"@type":"EntryPoint","urlTemplate":"https:\/\/diariotextual.com\/inicio\/?s={search_term_string}"},"query-input":{"@type":"PropertyValueSpecification","valueRequired":true,"valueName":"search_term_string"}}],"inLanguage":"es"},{"@type":"Organization","@id":"https:\/\/diariotextual.com\/inicio\/#organization","name":"Diario Textual","url":"https:\/\/diariotextual.com\/inicio\/","logo":{"@type":"ImageObject","inLanguage":"es","@id":"https:\/\/diariotextual.com\/inicio\/#\/schema\/logo\/image\/","url":"https:\/\/diariotextual.com\/inicio\/wp-content\/uploads\/2023\/05\/logotextual1.jpg","contentUrl":"https:\/\/diariotextual.com\/inicio\/wp-content\/uploads\/2023\/05\/logotextual1.jpg","width":516,"height":76,"caption":"Diario Textual"},"image":{"@id":"https:\/\/diariotextual.com\/inicio\/#\/schema\/logo\/image\/"},"sameAs":["https:\/\/www.facebook.com\/eltextual","https:\/\/x.com\/eltextual","http:\/\/www.instagram.com\/eltextual"]},{"@type":"Person","@id":"https:\/\/diariotextual.com\/inicio\/#\/schema\/person\/418fc4093c33e86ed41562db3508f958","name":"Diario1 Diario1","image":{"@type":"ImageObject","inLanguage":"es","@id":"https:\/\/secure.gravatar.com\/avatar\/9167d280179c85bc18be67aa7eda765854300033af4896dd779b608640f2ef7a?s=96&d=mm&r=g","url":"https:\/\/secure.gravatar.com\/avatar\/9167d280179c85bc18be67aa7eda765854300033af4896dd779b608640f2ef7a?s=96&d=mm&r=g","contentUrl":"https:\/\/secure.gravatar.com\/avatar\/9167d280179c85bc18be67aa7eda765854300033af4896dd779b608640f2ef7a?s=96&d=mm&r=g","caption":"Diario1 Diario1"},"url":"https:\/\/diariotextual.com\/inicio\/index.php\/author\/diario1\/"}]}},"_links":{"self":[{"href":"https:\/\/diariotextual.com\/inicio\/index.php\/wp-json\/wp\/v2\/posts\/60113","targetHints":{"allow":["GET"]}}],"collection":[{"href":"https:\/\/diariotextual.com\/inicio\/index.php\/wp-json\/wp\/v2\/posts"}],"about":[{"href":"https:\/\/diariotextual.com\/inicio\/index.php\/wp-json\/wp\/v2\/types\/post"}],"author":[{"embeddable":true,"href":"https:\/\/diariotextual.com\/inicio\/index.php\/wp-json\/wp\/v2\/users\/3"}],"replies":[{"embeddable":true,"href":"https:\/\/diariotextual.com\/inicio\/index.php\/wp-json\/wp\/v2\/comments?post=60113"}],"version-history":[{"count":5,"href":"https:\/\/diariotextual.com\/inicio\/index.php\/wp-json\/wp\/v2\/posts\/60113\/revisions"}],"predecessor-version":[{"id":60119,"href":"https:\/\/diariotextual.com\/inicio\/index.php\/wp-json\/wp\/v2\/posts\/60113\/revisions\/60119"}],"wp:featuredmedia":[{"embeddable":true,"href":"https:\/\/diariotextual.com\/inicio\/index.php\/wp-json\/wp\/v2\/media\/24985"}],"wp:attachment":[{"href":"https:\/\/diariotextual.com\/inicio\/index.php\/wp-json\/wp\/v2\/media?parent=60113"}],"wp:term":[{"taxonomy":"category","embeddable":true,"href":"https:\/\/diariotextual.com\/inicio\/index.php\/wp-json\/wp\/v2\/categories?post=60113"},{"taxonomy":"post_tag","embeddable":true,"href":"https:\/\/diariotextual.com\/inicio\/index.php\/wp-json\/wp\/v2\/tags?post=60113"}],"curies":[{"name":"wp","href":"https:\/\/api.w.org\/{rel}","templated":true}]}}