{"id":60123,"date":"2019-08-20T13:13:56","date_gmt":"2019-08-20T16:13:56","guid":{"rendered":"http:\/\/diariotextual.com\/inicio\/?p=60123"},"modified":"2019-08-20T15:55:21","modified_gmt":"2019-08-20T18:55:21","slug":"dia-sindrome-uremico-hemolitico-prevenirlo","status":"publish","type":"post","link":"https:\/\/diariotextual.com\/inicio\/index.php\/2019\/08\/20\/dia-sindrome-uremico-hemolitico-prevenirlo\/","title":{"rendered":"D\u00eda contra el S\u00edndrome Ur\u00e9mico Hemol\u00edtico: qu\u00e9 es y c\u00f3mo prevenirlo"},"content":{"rendered":"<p>En el marco del <strong>D\u00eda Nacional por la Lucha Contra el S\u00edndrome Ur\u00e9mico Hemol\u00edtico<\/strong>, m\u00e9dicos informaron sobre los s\u00edntomas de la enfermedad y la manera de prevenirla.<\/p>\n<p>La conferencia se realiz\u00f3 esta ma\u00f1ana en el auditorio del Ministerio de Salud de la Provincia, con la presencia del m\u00e9dico veterinario del INTA, Luis Carlos Rhades y la m\u00e9dica cl\u00ednica, Patricia Ana Estrella.<\/p>\n<p>Estrella coment\u00f3 que la enfermedad es producida por la bacteria Escherichia coli (O157:H7), que produce una toxina que es responsable de la enfermedad. \u201cEn nuestro pa\u00eds afecta a los ni\u00f1os menores de 5 a\u00f1os, aunque puede afectar a cualquier persona de cualquier edad. Esta enfermedad es la responsable del 20% de los transplantes renales sobre todo en la ni\u00f1ez y adolescencia. Es la primera causa de insuficiencia renal aguda y la segunda de insuficiencia renal cr\u00f3nica\u201d, explic\u00f3.<\/p>\n<p><strong>Anualmente se producen alrededor de 300 a 400 casos en Argentina<\/strong>. Es el pa\u00eds que mayor incidencia tiene de esta enfermedad.<\/p>\n<p>La especialista agreg\u00f3 que la enfermedad inicia con un cuadro gastroent\u00e9rico. \u201cPresentan un cuadro de diarrea y que en el 90% de los casos frecuentemente se acompa\u00f1an de sangre, que pueden ser peque\u00f1os hilos de sangre, hasta la presencia total de sangre en la materia fecal. Puede estar acompa\u00f1ada de v\u00f3mitos, dolores abdominal estilo c\u00f3licos, pocas veces se acompa\u00f1a de fiebre\u201d, coment\u00f3. \u00abDespu\u00e9s de unos d\u00edas de esta diarrea con sangre puede aparecer los s\u00edntomas caracter\u00edsticos de la enfermedad que son las presencia de palidez en la piel y en las mucosas. En la piel se pueden ver peque\u00f1as manchitas rojas (petequias) y siempre se acompa\u00f1a de un compromiso del ri\u00f1\u00f3n, esto se manifiesta a trav\u00e9s de que los ni\u00f1os orinan menos cantidad\u201d, explic\u00f3.<\/p>\n<p><img fetchpriority=\"high\" decoding=\"async\" class=\"alignnone wp-image-60128 size-full\" src=\"http:\/\/diariotextual.com\/inicio\/wp-content\/uploads\/2019\/08\/estrellapatriciaepidemiologia2.jpg\" alt=\"\" width=\"1000\" height=\"650\" srcset=\"https:\/\/diariotextual.com\/inicio\/wp-content\/uploads\/2019\/08\/estrellapatriciaepidemiologia2.jpg 1000w, https:\/\/diariotextual.com\/inicio\/wp-content\/uploads\/2019\/08\/estrellapatriciaepidemiologia2-300x195.jpg 300w, https:\/\/diariotextual.com\/inicio\/wp-content\/uploads\/2019\/08\/estrellapatriciaepidemiologia2-768x499.jpg 768w, https:\/\/diariotextual.com\/inicio\/wp-content\/uploads\/2019\/08\/estrellapatriciaepidemiologia2-585x380.jpg 585w\" sizes=\"(max-width: 1000px) 100vw, 1000px\" \/><\/p>\n<p>Adem\u00e1s, manifest\u00f3 que el cuadro puede ser muy grave en los ni\u00f1os y que no tiene un tratamiento especifico. \u201cS\u00f3lo se realiza un tratamiento de sost\u00e9n, a medida que aparecen los s\u00edntomas\u201d, remarc\u00f3.<\/p>\n<p>Estrella explic\u00f3 que <strong>en La Pampa se debe a distintos factores culturales<\/strong>. \u201cLas provincias agr\u00edcolas\/ganaderas tienen mayor prevalencia, tiene que ver con el consumo de carne per c\u00e1pita, y tiene que ver con la relaci\u00f3n con lo urbano y lo rural. Estamos muy en contacto con la actividad rural, porque se trabaja en el campo o uno va y viene, luego ingresa a su domicilio con la misma vestimenta del campo en donde estuvo en contacto con la bacteria, porque la bacteria est\u00e1 en el intestino del ganado, fundamentalmente el bovino y en la material fecal. Tambi\u00e9n ingresa a trav\u00e9s de los alimentos, la carne es portadora de la bacteria si no est\u00e1 adecuadamente cocida; hace falta muy poca cantidad de bacteria para producir la enfermedad\u201d, inform\u00f3.<\/p>\n<p>Rhades coment\u00f3 que<strong> una de las maneras de prevenci\u00f3n de la bacteria que genera el S\u00edndrome Ur\u00e9mico Hemol\u00edtico, son los controles de las buenas pr\u00e1cticas de manufacturas en las plantas frigor\u00edficas<\/strong>, tanto para para el mercado interno como para el externo. \u00abEs fundamental que el alimento llegue a los hogares en las perfectas condiciones higi\u00e9nicas\u201d, resalt\u00f3.<\/p>\n<p>Adem\u00e1s, se refiri\u00f3 a la manipulaci\u00f3n de los alimentos en los hogares. \u201cManipular los alimentos en el hogar y la utilizaci\u00f3n de cuchillos y tablas para las carnes y despu\u00e9s los mismos son utilizados para manipular otros alimentos crudos como las verduras para hacer las ensaladas, hace que sea de riesgo para la salud humana. Todos los chacinados son alimentos de riesgo en esta enfermedad\u201d, concluy\u00f3.<\/p>\n<p>El 19 de agosto se conmemora una fecha nacional por la lucha contra el S\u00edndrome Ur\u00e9mico Hemol\u00edtico, en relaci\u00f3n con el natalicio del doctor San Antonio, quien fue el que descubri\u00f3 los primeros casos del s\u00edndrome en el pa\u00eds y que tanto aport\u00f3 a esta enfermedad.<\/p>\n<p>&nbsp;<\/p>\n","protected":false},"excerpt":{"rendered":"<p>En el marco del D\u00eda Nacional por la Lucha Contra el S\u00edndrome Ur\u00e9mico Hemol\u00edtico, m\u00e9dicos informaron sobre los s\u00edntomas de la enfermedad y la manera de prevenirla. La conferencia se&hellip;<\/p>\n","protected":false},"author":3,"featured_media":60124,"comment_status":"closed","ping_status":"open","sticky":false,"template":"","format":"standard","meta":{"_acf_changed":false,"footnotes":""},"categories":[11,319,12],"tags":[2199],"class_list":["post-60123","post","type-post","status-publish","format-standard","has-post-thumbnail","hentry","category-que-pasa","category-a-temporales","category-sociedad","tag-uremico"],"acf":[],"yoast_head":"<!-- This site is optimized with the Yoast SEO plugin v27.5 - https:\/\/yoast.com\/product\/yoast-seo-wordpress\/ -->\n<title>D\u00eda contra el S\u00edndrome Ur\u00e9mico Hemol\u00edtico: qu\u00e9 es y c\u00f3mo prevenirlo - Diario Textual<\/title>\n<meta name=\"robots\" content=\"index, follow, max-snippet:-1, max-image-preview:large, max-video-preview:-1\" \/>\n<link rel=\"canonical\" href=\"https:\/\/diariotextual.com\/inicio\/index.php\/2019\/08\/20\/dia-sindrome-uremico-hemolitico-prevenirlo\/\" \/>\n<meta property=\"og:locale\" content=\"es_ES\" \/>\n<meta property=\"og:type\" content=\"article\" \/>\n<meta property=\"og:title\" content=\"D\u00eda contra el S\u00edndrome Ur\u00e9mico Hemol\u00edtico: qu\u00e9 es y c\u00f3mo prevenirlo - Diario Textual\" \/>\n<meta property=\"og:description\" content=\"En el marco del D\u00eda Nacional por la Lucha Contra el S\u00edndrome Ur\u00e9mico Hemol\u00edtico, m\u00e9dicos informaron sobre los s\u00edntomas de la enfermedad y la manera de prevenirla. La conferencia se&hellip;\" \/>\n<meta property=\"og:url\" content=\"https:\/\/diariotextual.com\/inicio\/index.php\/2019\/08\/20\/dia-sindrome-uremico-hemolitico-prevenirlo\/\" \/>\n<meta property=\"og:site_name\" content=\"Diario Textual\" \/>\n<meta property=\"article:publisher\" content=\"https:\/\/www.facebook.com\/eltextual\" \/>\n<meta property=\"article:published_time\" content=\"2019-08-20T16:13:56+00:00\" \/>\n<meta property=\"article:modified_time\" content=\"2019-08-20T18:55:21+00:00\" \/>\n<meta property=\"og:image\" content=\"https:\/\/diariotextual.com\/inicio\/wp-content\/uploads\/2019\/08\/sindromehemoliticoestrellarhades2019-1.jpg\" \/>\n\t<meta property=\"og:image:width\" content=\"1000\" \/>\n\t<meta property=\"og:image:height\" content=\"645\" \/>\n\t<meta property=\"og:image:type\" content=\"image\/jpeg\" \/>\n<meta name=\"author\" content=\"Diario1 Diario1\" \/>\n<meta name=\"twitter:card\" content=\"summary_large_image\" \/>\n<meta name=\"twitter:creator\" content=\"@eltextual\" \/>\n<meta name=\"twitter:site\" content=\"@eltextual\" \/>\n<meta name=\"twitter:label1\" content=\"Escrito por\" \/>\n\t<meta name=\"twitter:data1\" content=\"Diario1 Diario1\" \/>\n\t<meta name=\"twitter:label2\" content=\"Tiempo de lectura\" \/>\n\t<meta name=\"twitter:data2\" content=\"3 minutos\" \/>\n<script type=\"application\/ld+json\" class=\"yoast-schema-graph\">{\"@context\":\"https:\\\/\\\/schema.org\",\"@graph\":[{\"@type\":\"Article\",\"@id\":\"https:\\\/\\\/diariotextual.com\\\/inicio\\\/index.php\\\/2019\\\/08\\\/20\\\/dia-sindrome-uremico-hemolitico-prevenirlo\\\/#article\",\"isPartOf\":{\"@id\":\"https:\\\/\\\/diariotextual.com\\\/inicio\\\/index.php\\\/2019\\\/08\\\/20\\\/dia-sindrome-uremico-hemolitico-prevenirlo\\\/\"},\"author\":{\"name\":\"Diario1 Diario1\",\"@id\":\"https:\\\/\\\/diariotextual.com\\\/inicio\\\/#\\\/schema\\\/person\\\/418fc4093c33e86ed41562db3508f958\"},\"headline\":\"D\u00eda contra el S\u00edndrome Ur\u00e9mico Hemol\u00edtico: qu\u00e9 es y c\u00f3mo prevenirlo\",\"datePublished\":\"2019-08-20T16:13:56+00:00\",\"dateModified\":\"2019-08-20T18:55:21+00:00\",\"mainEntityOfPage\":{\"@id\":\"https:\\\/\\\/diariotextual.com\\\/inicio\\\/index.php\\\/2019\\\/08\\\/20\\\/dia-sindrome-uremico-hemolitico-prevenirlo\\\/\"},\"wordCount\":683,\"publisher\":{\"@id\":\"https:\\\/\\\/diariotextual.com\\\/inicio\\\/#organization\"},\"image\":{\"@id\":\"https:\\\/\\\/diariotextual.com\\\/inicio\\\/index.php\\\/2019\\\/08\\\/20\\\/dia-sindrome-uremico-hemolitico-prevenirlo\\\/#primaryimage\"},\"thumbnailUrl\":\"https:\\\/\\\/diariotextual.com\\\/inicio\\\/wp-content\\\/uploads\\\/2019\\\/08\\\/sindromehemoliticoestrellarhades2019-1.jpg\",\"keywords\":[\"uremico\"],\"articleSection\":[\"A - QUE PASA (al costado)\",\"A - TEMPORALES\",\"SOCIEDAD\"],\"inLanguage\":\"es\"},{\"@type\":\"WebPage\",\"@id\":\"https:\\\/\\\/diariotextual.com\\\/inicio\\\/index.php\\\/2019\\\/08\\\/20\\\/dia-sindrome-uremico-hemolitico-prevenirlo\\\/\",\"url\":\"https:\\\/\\\/diariotextual.com\\\/inicio\\\/index.php\\\/2019\\\/08\\\/20\\\/dia-sindrome-uremico-hemolitico-prevenirlo\\\/\",\"name\":\"D\u00eda contra el S\u00edndrome Ur\u00e9mico Hemol\u00edtico: qu\u00e9 es y c\u00f3mo prevenirlo - Diario Textual\",\"isPartOf\":{\"@id\":\"https:\\\/\\\/diariotextual.com\\\/inicio\\\/#website\"},\"primaryImageOfPage\":{\"@id\":\"https:\\\/\\\/diariotextual.com\\\/inicio\\\/index.php\\\/2019\\\/08\\\/20\\\/dia-sindrome-uremico-hemolitico-prevenirlo\\\/#primaryimage\"},\"image\":{\"@id\":\"https:\\\/\\\/diariotextual.com\\\/inicio\\\/index.php\\\/2019\\\/08\\\/20\\\/dia-sindrome-uremico-hemolitico-prevenirlo\\\/#primaryimage\"},\"thumbnailUrl\":\"https:\\\/\\\/diariotextual.com\\\/inicio\\\/wp-content\\\/uploads\\\/2019\\\/08\\\/sindromehemoliticoestrellarhades2019-1.jpg\",\"datePublished\":\"2019-08-20T16:13:56+00:00\",\"dateModified\":\"2019-08-20T18:55:21+00:00\",\"breadcrumb\":{\"@id\":\"https:\\\/\\\/diariotextual.com\\\/inicio\\\/index.php\\\/2019\\\/08\\\/20\\\/dia-sindrome-uremico-hemolitico-prevenirlo\\\/#breadcrumb\"},\"inLanguage\":\"es\",\"potentialAction\":[{\"@type\":\"ReadAction\",\"target\":[\"https:\\\/\\\/diariotextual.com\\\/inicio\\\/index.php\\\/2019\\\/08\\\/20\\\/dia-sindrome-uremico-hemolitico-prevenirlo\\\/\"]}]},{\"@type\":\"ImageObject\",\"inLanguage\":\"es\",\"@id\":\"https:\\\/\\\/diariotextual.com\\\/inicio\\\/index.php\\\/2019\\\/08\\\/20\\\/dia-sindrome-uremico-hemolitico-prevenirlo\\\/#primaryimage\",\"url\":\"https:\\\/\\\/diariotextual.com\\\/inicio\\\/wp-content\\\/uploads\\\/2019\\\/08\\\/sindromehemoliticoestrellarhades2019-1.jpg\",\"contentUrl\":\"https:\\\/\\\/diariotextual.com\\\/inicio\\\/wp-content\\\/uploads\\\/2019\\\/08\\\/sindromehemoliticoestrellarhades2019-1.jpg\",\"width\":1000,\"height\":645},{\"@type\":\"BreadcrumbList\",\"@id\":\"https:\\\/\\\/diariotextual.com\\\/inicio\\\/index.php\\\/2019\\\/08\\\/20\\\/dia-sindrome-uremico-hemolitico-prevenirlo\\\/#breadcrumb\",\"itemListElement\":[{\"@type\":\"ListItem\",\"position\":1,\"name\":\"Portada\",\"item\":\"https:\\\/\\\/diariotextual.com\\\/inicio\\\/\"},{\"@type\":\"ListItem\",\"position\":2,\"name\":\"D\u00eda contra el S\u00edndrome Ur\u00e9mico Hemol\u00edtico: qu\u00e9 es y c\u00f3mo prevenirlo\"}]},{\"@type\":\"WebSite\",\"@id\":\"https:\\\/\\\/diariotextual.com\\\/inicio\\\/#website\",\"url\":\"https:\\\/\\\/diariotextual.com\\\/inicio\\\/\",\"name\":\"Diario Textual\",\"description\":\"\",\"publisher\":{\"@id\":\"https:\\\/\\\/diariotextual.com\\\/inicio\\\/#organization\"},\"potentialAction\":[{\"@type\":\"SearchAction\",\"target\":{\"@type\":\"EntryPoint\",\"urlTemplate\":\"https:\\\/\\\/diariotextual.com\\\/inicio\\\/?s={search_term_string}\"},\"query-input\":{\"@type\":\"PropertyValueSpecification\",\"valueRequired\":true,\"valueName\":\"search_term_string\"}}],\"inLanguage\":\"es\"},{\"@type\":\"Organization\",\"@id\":\"https:\\\/\\\/diariotextual.com\\\/inicio\\\/#organization\",\"name\":\"Diario Textual\",\"url\":\"https:\\\/\\\/diariotextual.com\\\/inicio\\\/\",\"logo\":{\"@type\":\"ImageObject\",\"inLanguage\":\"es\",\"@id\":\"https:\\\/\\\/diariotextual.com\\\/inicio\\\/#\\\/schema\\\/logo\\\/image\\\/\",\"url\":\"https:\\\/\\\/diariotextual.com\\\/inicio\\\/wp-content\\\/uploads\\\/2023\\\/05\\\/logotextual1.jpg\",\"contentUrl\":\"https:\\\/\\\/diariotextual.com\\\/inicio\\\/wp-content\\\/uploads\\\/2023\\\/05\\\/logotextual1.jpg\",\"width\":516,\"height\":76,\"caption\":\"Diario Textual\"},\"image\":{\"@id\":\"https:\\\/\\\/diariotextual.com\\\/inicio\\\/#\\\/schema\\\/logo\\\/image\\\/\"},\"sameAs\":[\"https:\\\/\\\/www.facebook.com\\\/eltextual\",\"https:\\\/\\\/x.com\\\/eltextual\",\"http:\\\/\\\/www.instagram.com\\\/eltextual\"]},{\"@type\":\"Person\",\"@id\":\"https:\\\/\\\/diariotextual.com\\\/inicio\\\/#\\\/schema\\\/person\\\/418fc4093c33e86ed41562db3508f958\",\"name\":\"Diario1 Diario1\",\"image\":{\"@type\":\"ImageObject\",\"inLanguage\":\"es\",\"@id\":\"https:\\\/\\\/secure.gravatar.com\\\/avatar\\\/9167d280179c85bc18be67aa7eda765854300033af4896dd779b608640f2ef7a?s=96&d=mm&r=g\",\"url\":\"https:\\\/\\\/secure.gravatar.com\\\/avatar\\\/9167d280179c85bc18be67aa7eda765854300033af4896dd779b608640f2ef7a?s=96&d=mm&r=g\",\"contentUrl\":\"https:\\\/\\\/secure.gravatar.com\\\/avatar\\\/9167d280179c85bc18be67aa7eda765854300033af4896dd779b608640f2ef7a?s=96&d=mm&r=g\",\"caption\":\"Diario1 Diario1\"},\"url\":\"https:\\\/\\\/diariotextual.com\\\/inicio\\\/index.php\\\/author\\\/diario1\\\/\"}]}<\/script>\n<!-- \/ Yoast SEO plugin. -->","yoast_head_json":{"title":"D\u00eda contra el S\u00edndrome Ur\u00e9mico Hemol\u00edtico: qu\u00e9 es y c\u00f3mo prevenirlo - Diario Textual","robots":{"index":"index","follow":"follow","max-snippet":"max-snippet:-1","max-image-preview":"max-image-preview:large","max-video-preview":"max-video-preview:-1"},"canonical":"https:\/\/diariotextual.com\/inicio\/index.php\/2019\/08\/20\/dia-sindrome-uremico-hemolitico-prevenirlo\/","og_locale":"es_ES","og_type":"article","og_title":"D\u00eda contra el S\u00edndrome Ur\u00e9mico Hemol\u00edtico: qu\u00e9 es y c\u00f3mo prevenirlo - Diario Textual","og_description":"En el marco del D\u00eda Nacional por la Lucha Contra el S\u00edndrome Ur\u00e9mico Hemol\u00edtico, m\u00e9dicos informaron sobre los s\u00edntomas de la enfermedad y la manera de prevenirla. La conferencia se&hellip;","og_url":"https:\/\/diariotextual.com\/inicio\/index.php\/2019\/08\/20\/dia-sindrome-uremico-hemolitico-prevenirlo\/","og_site_name":"Diario Textual","article_publisher":"https:\/\/www.facebook.com\/eltextual","article_published_time":"2019-08-20T16:13:56+00:00","article_modified_time":"2019-08-20T18:55:21+00:00","og_image":[{"width":1000,"height":645,"url":"https:\/\/diariotextual.com\/inicio\/wp-content\/uploads\/2019\/08\/sindromehemoliticoestrellarhades2019-1.jpg","type":"image\/jpeg"}],"author":"Diario1 Diario1","twitter_card":"summary_large_image","twitter_creator":"@eltextual","twitter_site":"@eltextual","twitter_misc":{"Escrito por":"Diario1 Diario1","Tiempo de lectura":"3 minutos"},"schema":{"@context":"https:\/\/schema.org","@graph":[{"@type":"Article","@id":"https:\/\/diariotextual.com\/inicio\/index.php\/2019\/08\/20\/dia-sindrome-uremico-hemolitico-prevenirlo\/#article","isPartOf":{"@id":"https:\/\/diariotextual.com\/inicio\/index.php\/2019\/08\/20\/dia-sindrome-uremico-hemolitico-prevenirlo\/"},"author":{"name":"Diario1 Diario1","@id":"https:\/\/diariotextual.com\/inicio\/#\/schema\/person\/418fc4093c33e86ed41562db3508f958"},"headline":"D\u00eda contra el S\u00edndrome Ur\u00e9mico Hemol\u00edtico: qu\u00e9 es y c\u00f3mo prevenirlo","datePublished":"2019-08-20T16:13:56+00:00","dateModified":"2019-08-20T18:55:21+00:00","mainEntityOfPage":{"@id":"https:\/\/diariotextual.com\/inicio\/index.php\/2019\/08\/20\/dia-sindrome-uremico-hemolitico-prevenirlo\/"},"wordCount":683,"publisher":{"@id":"https:\/\/diariotextual.com\/inicio\/#organization"},"image":{"@id":"https:\/\/diariotextual.com\/inicio\/index.php\/2019\/08\/20\/dia-sindrome-uremico-hemolitico-prevenirlo\/#primaryimage"},"thumbnailUrl":"https:\/\/diariotextual.com\/inicio\/wp-content\/uploads\/2019\/08\/sindromehemoliticoestrellarhades2019-1.jpg","keywords":["uremico"],"articleSection":["A - QUE PASA (al costado)","A - TEMPORALES","SOCIEDAD"],"inLanguage":"es"},{"@type":"WebPage","@id":"https:\/\/diariotextual.com\/inicio\/index.php\/2019\/08\/20\/dia-sindrome-uremico-hemolitico-prevenirlo\/","url":"https:\/\/diariotextual.com\/inicio\/index.php\/2019\/08\/20\/dia-sindrome-uremico-hemolitico-prevenirlo\/","name":"D\u00eda contra el S\u00edndrome Ur\u00e9mico Hemol\u00edtico: qu\u00e9 es y c\u00f3mo prevenirlo - Diario Textual","isPartOf":{"@id":"https:\/\/diariotextual.com\/inicio\/#website"},"primaryImageOfPage":{"@id":"https:\/\/diariotextual.com\/inicio\/index.php\/2019\/08\/20\/dia-sindrome-uremico-hemolitico-prevenirlo\/#primaryimage"},"image":{"@id":"https:\/\/diariotextual.com\/inicio\/index.php\/2019\/08\/20\/dia-sindrome-uremico-hemolitico-prevenirlo\/#primaryimage"},"thumbnailUrl":"https:\/\/diariotextual.com\/inicio\/wp-content\/uploads\/2019\/08\/sindromehemoliticoestrellarhades2019-1.jpg","datePublished":"2019-08-20T16:13:56+00:00","dateModified":"2019-08-20T18:55:21+00:00","breadcrumb":{"@id":"https:\/\/diariotextual.com\/inicio\/index.php\/2019\/08\/20\/dia-sindrome-uremico-hemolitico-prevenirlo\/#breadcrumb"},"inLanguage":"es","potentialAction":[{"@type":"ReadAction","target":["https:\/\/diariotextual.com\/inicio\/index.php\/2019\/08\/20\/dia-sindrome-uremico-hemolitico-prevenirlo\/"]}]},{"@type":"ImageObject","inLanguage":"es","@id":"https:\/\/diariotextual.com\/inicio\/index.php\/2019\/08\/20\/dia-sindrome-uremico-hemolitico-prevenirlo\/#primaryimage","url":"https:\/\/diariotextual.com\/inicio\/wp-content\/uploads\/2019\/08\/sindromehemoliticoestrellarhades2019-1.jpg","contentUrl":"https:\/\/diariotextual.com\/inicio\/wp-content\/uploads\/2019\/08\/sindromehemoliticoestrellarhades2019-1.jpg","width":1000,"height":645},{"@type":"BreadcrumbList","@id":"https:\/\/diariotextual.com\/inicio\/index.php\/2019\/08\/20\/dia-sindrome-uremico-hemolitico-prevenirlo\/#breadcrumb","itemListElement":[{"@type":"ListItem","position":1,"name":"Portada","item":"https:\/\/diariotextual.com\/inicio\/"},{"@type":"ListItem","position":2,"name":"D\u00eda contra el S\u00edndrome Ur\u00e9mico Hemol\u00edtico: qu\u00e9 es y c\u00f3mo prevenirlo"}]},{"@type":"WebSite","@id":"https:\/\/diariotextual.com\/inicio\/#website","url":"https:\/\/diariotextual.com\/inicio\/","name":"Diario Textual","description":"","publisher":{"@id":"https:\/\/diariotextual.com\/inicio\/#organization"},"potentialAction":[{"@type":"SearchAction","target":{"@type":"EntryPoint","urlTemplate":"https:\/\/diariotextual.com\/inicio\/?s={search_term_string}"},"query-input":{"@type":"PropertyValueSpecification","valueRequired":true,"valueName":"search_term_string"}}],"inLanguage":"es"},{"@type":"Organization","@id":"https:\/\/diariotextual.com\/inicio\/#organization","name":"Diario Textual","url":"https:\/\/diariotextual.com\/inicio\/","logo":{"@type":"ImageObject","inLanguage":"es","@id":"https:\/\/diariotextual.com\/inicio\/#\/schema\/logo\/image\/","url":"https:\/\/diariotextual.com\/inicio\/wp-content\/uploads\/2023\/05\/logotextual1.jpg","contentUrl":"https:\/\/diariotextual.com\/inicio\/wp-content\/uploads\/2023\/05\/logotextual1.jpg","width":516,"height":76,"caption":"Diario Textual"},"image":{"@id":"https:\/\/diariotextual.com\/inicio\/#\/schema\/logo\/image\/"},"sameAs":["https:\/\/www.facebook.com\/eltextual","https:\/\/x.com\/eltextual","http:\/\/www.instagram.com\/eltextual"]},{"@type":"Person","@id":"https:\/\/diariotextual.com\/inicio\/#\/schema\/person\/418fc4093c33e86ed41562db3508f958","name":"Diario1 Diario1","image":{"@type":"ImageObject","inLanguage":"es","@id":"https:\/\/secure.gravatar.com\/avatar\/9167d280179c85bc18be67aa7eda765854300033af4896dd779b608640f2ef7a?s=96&d=mm&r=g","url":"https:\/\/secure.gravatar.com\/avatar\/9167d280179c85bc18be67aa7eda765854300033af4896dd779b608640f2ef7a?s=96&d=mm&r=g","contentUrl":"https:\/\/secure.gravatar.com\/avatar\/9167d280179c85bc18be67aa7eda765854300033af4896dd779b608640f2ef7a?s=96&d=mm&r=g","caption":"Diario1 Diario1"},"url":"https:\/\/diariotextual.com\/inicio\/index.php\/author\/diario1\/"}]}},"_links":{"self":[{"href":"https:\/\/diariotextual.com\/inicio\/index.php\/wp-json\/wp\/v2\/posts\/60123","targetHints":{"allow":["GET"]}}],"collection":[{"href":"https:\/\/diariotextual.com\/inicio\/index.php\/wp-json\/wp\/v2\/posts"}],"about":[{"href":"https:\/\/diariotextual.com\/inicio\/index.php\/wp-json\/wp\/v2\/types\/post"}],"author":[{"embeddable":true,"href":"https:\/\/diariotextual.com\/inicio\/index.php\/wp-json\/wp\/v2\/users\/3"}],"replies":[{"embeddable":true,"href":"https:\/\/diariotextual.com\/inicio\/index.php\/wp-json\/wp\/v2\/comments?post=60123"}],"version-history":[{"count":3,"href":"https:\/\/diariotextual.com\/inicio\/index.php\/wp-json\/wp\/v2\/posts\/60123\/revisions"}],"predecessor-version":[{"id":60129,"href":"https:\/\/diariotextual.com\/inicio\/index.php\/wp-json\/wp\/v2\/posts\/60123\/revisions\/60129"}],"wp:featuredmedia":[{"embeddable":true,"href":"https:\/\/diariotextual.com\/inicio\/index.php\/wp-json\/wp\/v2\/media\/60124"}],"wp:attachment":[{"href":"https:\/\/diariotextual.com\/inicio\/index.php\/wp-json\/wp\/v2\/media?parent=60123"}],"wp:term":[{"taxonomy":"category","embeddable":true,"href":"https:\/\/diariotextual.com\/inicio\/index.php\/wp-json\/wp\/v2\/categories?post=60123"},{"taxonomy":"post_tag","embeddable":true,"href":"https:\/\/diariotextual.com\/inicio\/index.php\/wp-json\/wp\/v2\/tags?post=60123"}],"curies":[{"name":"wp","href":"https:\/\/api.w.org\/{rel}","templated":true}]}}