{"id":60443,"date":"2019-08-23T08:34:51","date_gmt":"2019-08-23T11:34:51","guid":{"rendered":"http:\/\/diariotextual.com\/inicio\/?p=60443"},"modified":"2019-08-23T12:40:32","modified_gmt":"2019-08-23T15:40:32","slug":"una-recesion-total-agosto-se-frenaron-todas-las-inversiones-advirtio-unilpa","status":"publish","type":"post","link":"https:\/\/diariotextual.com\/inicio\/index.php\/2019\/08\/23\/una-recesion-total-agosto-se-frenaron-todas-las-inversiones-advirtio-unilpa\/","title":{"rendered":"\u00abHay una recesi\u00f3n total, en agosto se frenaron todas las inversiones\u00bb, advirti\u00f3 Unilpa"},"content":{"rendered":"<p>El presidente de la <strong>Uni\u00f3n Industrial de La Pampa<\/strong>, Rub\u00e9n Gorordo, dijo a Diario Textual que hay una <strong>\u00abrecesi\u00f3n total\u00bb<\/strong> y revel\u00f3 que en la industria metalmec\u00e1nica, por ejemplo, <strong>\u00abse cancelaron todas las inversiones\u00bb<\/strong>. Asegur\u00f3 que hoy <strong>\u00abel industrial pyme no vende nada\u00bb.<\/strong><\/p>\n<p>Ayer el Indec revel\u00f3 que la actividad econ\u00f3mica cay\u00f3 2,6% en el primer semestre del a\u00f1o, en relaci\u00f3n con igual per\u00edodo del a\u00f1o pasado. La industria baj\u00f3 6,1%, la generaci\u00f3n de agua, electricidad y gas retrocedi\u00f3 10,6%, construcci\u00f3n 7,9% y comercio mayorista y minorista 8,6% en t\u00e9rminos interanuales.<\/p>\n<p>Gorordo dijo que en La Pampa la industria est\u00e1 pasando por un muy mal momento.<strong> \u00abHay una recesi\u00f3n total. El industrial pyme no vende nada, est\u00e1 todo paralizado\u00bb<\/strong>, advirti\u00f3.<\/p>\n<p><strong>\u00abEl consumidor compra lo justo y lo necesario. En la industria metalmec\u00e1nica, por ejemplo, se cancelaron las inversiones previstas por el valor de la chapa, que es en d\u00f3lares. Y as\u00ed podemos encontrar un mont\u00f3n de rubros que est\u00e1n frenados por estas semanas muy locas que se vivieron por la corrida cambiaria\u00bb<\/strong>, explic\u00f3.<\/p>\n<p>El dirigente industrial asegur\u00f3 que la crisis se agrav\u00f3 en agosto. \u00abHasta julio el industrial pampeano segu\u00eda caminando despacito, hab\u00eda pymes con problemas, pero se pod\u00eda sobrellevar la situaci\u00f3n. En agosto se par\u00f3 todo, desapareci\u00f3 el cr\u00e9dito, no hay dinero para invertir\u00bb, dijo.<\/p>\n<p>\u00abEsperemos que esta situaci\u00f3n se calme y haya nuevas reglas para que la industria pueda reactivarse\u00bb, reclam\u00f3.<\/p>\n","protected":false},"excerpt":{"rendered":"<p>El presidente de la Uni\u00f3n Industrial de La Pampa, Rub\u00e9n Gorordo, dijo a Diario Textual que hay una \u00abrecesi\u00f3n total\u00bb y revel\u00f3 que en la industria metalmec\u00e1nica, por ejemplo, \u00abse&hellip;<\/p>\n","protected":false},"author":7,"featured_media":16637,"comment_status":"closed","ping_status":"open","sticky":false,"template":"","format":"standard","meta":{"_acf_changed":false,"footnotes":""},"categories":[10,5],"tags":[1802,1240],"class_list":["post-60443","post","type-post","status-publish","format-standard","has-post-thumbnail","hentry","category-portada-2","category-economia","tag-industria","tag-recesion"],"acf":[],"yoast_head":"<!-- This site is optimized with the Yoast SEO plugin v27.5 - https:\/\/yoast.com\/product\/yoast-seo-wordpress\/ -->\n<title>&quot;Hay una recesi\u00f3n total, en agosto se frenaron todas las inversiones&quot;, advirti\u00f3 Unilpa - Diario Textual<\/title>\n<meta name=\"robots\" content=\"index, follow, max-snippet:-1, max-image-preview:large, max-video-preview:-1\" \/>\n<link rel=\"canonical\" href=\"https:\/\/diariotextual.com\/inicio\/index.php\/2019\/08\/23\/una-recesion-total-agosto-se-frenaron-todas-las-inversiones-advirtio-unilpa\/\" \/>\n<meta property=\"og:locale\" content=\"es_ES\" \/>\n<meta property=\"og:type\" content=\"article\" \/>\n<meta property=\"og:title\" content=\"&quot;Hay una recesi\u00f3n total, en agosto se frenaron todas las inversiones&quot;, advirti\u00f3 Unilpa - Diario Textual\" \/>\n<meta property=\"og:description\" content=\"El presidente de la Uni\u00f3n Industrial de La Pampa, Rub\u00e9n Gorordo, dijo a Diario Textual que hay una \u00abrecesi\u00f3n total\u00bb y revel\u00f3 que en la industria metalmec\u00e1nica, por ejemplo, \u00abse&hellip;\" \/>\n<meta property=\"og:url\" content=\"https:\/\/diariotextual.com\/inicio\/index.php\/2019\/08\/23\/una-recesion-total-agosto-se-frenaron-todas-las-inversiones-advirtio-unilpa\/\" \/>\n<meta property=\"og:site_name\" content=\"Diario Textual\" \/>\n<meta property=\"article:publisher\" content=\"https:\/\/www.facebook.com\/eltextual\" \/>\n<meta property=\"article:published_time\" content=\"2019-08-23T11:34:51+00:00\" \/>\n<meta property=\"article:modified_time\" content=\"2019-08-23T15:40:32+00:00\" \/>\n<meta property=\"og:image\" content=\"https:\/\/diariotextual.com\/inicio\/wp-content\/uploads\/2018\/08\/industrias555.jpg\" \/>\n\t<meta property=\"og:image:width\" content=\"887\" \/>\n\t<meta property=\"og:image:height\" content=\"580\" \/>\n\t<meta property=\"og:image:type\" content=\"image\/jpeg\" \/>\n<meta name=\"author\" content=\"diario5\" \/>\n<meta name=\"twitter:card\" content=\"summary_large_image\" \/>\n<meta name=\"twitter:creator\" content=\"@eltextual\" \/>\n<meta name=\"twitter:site\" content=\"@eltextual\" \/>\n<meta name=\"twitter:label1\" content=\"Escrito por\" \/>\n\t<meta name=\"twitter:data1\" content=\"diario5\" \/>\n\t<meta name=\"twitter:label2\" content=\"Tiempo de lectura\" \/>\n\t<meta name=\"twitter:data2\" content=\"1 minuto\" \/>\n<script type=\"application\/ld+json\" class=\"yoast-schema-graph\">{\"@context\":\"https:\\\/\\\/schema.org\",\"@graph\":[{\"@type\":\"Article\",\"@id\":\"https:\\\/\\\/diariotextual.com\\\/inicio\\\/index.php\\\/2019\\\/08\\\/23\\\/una-recesion-total-agosto-se-frenaron-todas-las-inversiones-advirtio-unilpa\\\/#article\",\"isPartOf\":{\"@id\":\"https:\\\/\\\/diariotextual.com\\\/inicio\\\/index.php\\\/2019\\\/08\\\/23\\\/una-recesion-total-agosto-se-frenaron-todas-las-inversiones-advirtio-unilpa\\\/\"},\"author\":{\"name\":\"diario5\",\"@id\":\"https:\\\/\\\/diariotextual.com\\\/inicio\\\/#\\\/schema\\\/person\\\/c7834961ad8b29b1d9cdbf4571299067\"},\"headline\":\"\u00abHay una recesi\u00f3n total, en agosto se frenaron todas las inversiones\u00bb, advirti\u00f3 Unilpa\",\"datePublished\":\"2019-08-23T11:34:51+00:00\",\"dateModified\":\"2019-08-23T15:40:32+00:00\",\"mainEntityOfPage\":{\"@id\":\"https:\\\/\\\/diariotextual.com\\\/inicio\\\/index.php\\\/2019\\\/08\\\/23\\\/una-recesion-total-agosto-se-frenaron-todas-las-inversiones-advirtio-unilpa\\\/\"},\"wordCount\":265,\"publisher\":{\"@id\":\"https:\\\/\\\/diariotextual.com\\\/inicio\\\/#organization\"},\"image\":{\"@id\":\"https:\\\/\\\/diariotextual.com\\\/inicio\\\/index.php\\\/2019\\\/08\\\/23\\\/una-recesion-total-agosto-se-frenaron-todas-las-inversiones-advirtio-unilpa\\\/#primaryimage\"},\"thumbnailUrl\":\"https:\\\/\\\/diariotextual.com\\\/inicio\\\/wp-content\\\/uploads\\\/2018\\\/08\\\/industrias555.jpg\",\"keywords\":[\"industria\",\"recesi\u00f3n\"],\"articleSection\":[\"A - PORTADA2\",\"ECONOMIA\"],\"inLanguage\":\"es\"},{\"@type\":\"WebPage\",\"@id\":\"https:\\\/\\\/diariotextual.com\\\/inicio\\\/index.php\\\/2019\\\/08\\\/23\\\/una-recesion-total-agosto-se-frenaron-todas-las-inversiones-advirtio-unilpa\\\/\",\"url\":\"https:\\\/\\\/diariotextual.com\\\/inicio\\\/index.php\\\/2019\\\/08\\\/23\\\/una-recesion-total-agosto-se-frenaron-todas-las-inversiones-advirtio-unilpa\\\/\",\"name\":\"\\\"Hay una recesi\u00f3n total, en agosto se frenaron todas las inversiones\\\", advirti\u00f3 Unilpa - Diario Textual\",\"isPartOf\":{\"@id\":\"https:\\\/\\\/diariotextual.com\\\/inicio\\\/#website\"},\"primaryImageOfPage\":{\"@id\":\"https:\\\/\\\/diariotextual.com\\\/inicio\\\/index.php\\\/2019\\\/08\\\/23\\\/una-recesion-total-agosto-se-frenaron-todas-las-inversiones-advirtio-unilpa\\\/#primaryimage\"},\"image\":{\"@id\":\"https:\\\/\\\/diariotextual.com\\\/inicio\\\/index.php\\\/2019\\\/08\\\/23\\\/una-recesion-total-agosto-se-frenaron-todas-las-inversiones-advirtio-unilpa\\\/#primaryimage\"},\"thumbnailUrl\":\"https:\\\/\\\/diariotextual.com\\\/inicio\\\/wp-content\\\/uploads\\\/2018\\\/08\\\/industrias555.jpg\",\"datePublished\":\"2019-08-23T11:34:51+00:00\",\"dateModified\":\"2019-08-23T15:40:32+00:00\",\"breadcrumb\":{\"@id\":\"https:\\\/\\\/diariotextual.com\\\/inicio\\\/index.php\\\/2019\\\/08\\\/23\\\/una-recesion-total-agosto-se-frenaron-todas-las-inversiones-advirtio-unilpa\\\/#breadcrumb\"},\"inLanguage\":\"es\",\"potentialAction\":[{\"@type\":\"ReadAction\",\"target\":[\"https:\\\/\\\/diariotextual.com\\\/inicio\\\/index.php\\\/2019\\\/08\\\/23\\\/una-recesion-total-agosto-se-frenaron-todas-las-inversiones-advirtio-unilpa\\\/\"]}]},{\"@type\":\"ImageObject\",\"inLanguage\":\"es\",\"@id\":\"https:\\\/\\\/diariotextual.com\\\/inicio\\\/index.php\\\/2019\\\/08\\\/23\\\/una-recesion-total-agosto-se-frenaron-todas-las-inversiones-advirtio-unilpa\\\/#primaryimage\",\"url\":\"https:\\\/\\\/diariotextual.com\\\/inicio\\\/wp-content\\\/uploads\\\/2018\\\/08\\\/industrias555.jpg\",\"contentUrl\":\"https:\\\/\\\/diariotextual.com\\\/inicio\\\/wp-content\\\/uploads\\\/2018\\\/08\\\/industrias555.jpg\",\"width\":887,\"height\":580},{\"@type\":\"BreadcrumbList\",\"@id\":\"https:\\\/\\\/diariotextual.com\\\/inicio\\\/index.php\\\/2019\\\/08\\\/23\\\/una-recesion-total-agosto-se-frenaron-todas-las-inversiones-advirtio-unilpa\\\/#breadcrumb\",\"itemListElement\":[{\"@type\":\"ListItem\",\"position\":1,\"name\":\"Portada\",\"item\":\"https:\\\/\\\/diariotextual.com\\\/inicio\\\/\"},{\"@type\":\"ListItem\",\"position\":2,\"name\":\"\u00abHay una recesi\u00f3n total, en agosto se frenaron todas las inversiones\u00bb, advirti\u00f3 Unilpa\"}]},{\"@type\":\"WebSite\",\"@id\":\"https:\\\/\\\/diariotextual.com\\\/inicio\\\/#website\",\"url\":\"https:\\\/\\\/diariotextual.com\\\/inicio\\\/\",\"name\":\"Diario Textual\",\"description\":\"\",\"publisher\":{\"@id\":\"https:\\\/\\\/diariotextual.com\\\/inicio\\\/#organization\"},\"potentialAction\":[{\"@type\":\"SearchAction\",\"target\":{\"@type\":\"EntryPoint\",\"urlTemplate\":\"https:\\\/\\\/diariotextual.com\\\/inicio\\\/?s={search_term_string}\"},\"query-input\":{\"@type\":\"PropertyValueSpecification\",\"valueRequired\":true,\"valueName\":\"search_term_string\"}}],\"inLanguage\":\"es\"},{\"@type\":\"Organization\",\"@id\":\"https:\\\/\\\/diariotextual.com\\\/inicio\\\/#organization\",\"name\":\"Diario Textual\",\"url\":\"https:\\\/\\\/diariotextual.com\\\/inicio\\\/\",\"logo\":{\"@type\":\"ImageObject\",\"inLanguage\":\"es\",\"@id\":\"https:\\\/\\\/diariotextual.com\\\/inicio\\\/#\\\/schema\\\/logo\\\/image\\\/\",\"url\":\"https:\\\/\\\/diariotextual.com\\\/inicio\\\/wp-content\\\/uploads\\\/2023\\\/05\\\/logotextual1.jpg\",\"contentUrl\":\"https:\\\/\\\/diariotextual.com\\\/inicio\\\/wp-content\\\/uploads\\\/2023\\\/05\\\/logotextual1.jpg\",\"width\":516,\"height\":76,\"caption\":\"Diario Textual\"},\"image\":{\"@id\":\"https:\\\/\\\/diariotextual.com\\\/inicio\\\/#\\\/schema\\\/logo\\\/image\\\/\"},\"sameAs\":[\"https:\\\/\\\/www.facebook.com\\\/eltextual\",\"https:\\\/\\\/x.com\\\/eltextual\",\"http:\\\/\\\/www.instagram.com\\\/eltextual\"]},{\"@type\":\"Person\",\"@id\":\"https:\\\/\\\/diariotextual.com\\\/inicio\\\/#\\\/schema\\\/person\\\/c7834961ad8b29b1d9cdbf4571299067\",\"name\":\"diario5\",\"image\":{\"@type\":\"ImageObject\",\"inLanguage\":\"es\",\"@id\":\"https:\\\/\\\/secure.gravatar.com\\\/avatar\\\/948c893b847ca6df68216ead81b63f363408ec9b0f600fefc0641ce78613b111?s=96&d=mm&r=g\",\"url\":\"https:\\\/\\\/secure.gravatar.com\\\/avatar\\\/948c893b847ca6df68216ead81b63f363408ec9b0f600fefc0641ce78613b111?s=96&d=mm&r=g\",\"contentUrl\":\"https:\\\/\\\/secure.gravatar.com\\\/avatar\\\/948c893b847ca6df68216ead81b63f363408ec9b0f600fefc0641ce78613b111?s=96&d=mm&r=g\",\"caption\":\"diario5\"},\"url\":\"https:\\\/\\\/diariotextual.com\\\/inicio\\\/index.php\\\/author\\\/diario5\\\/\"}]}<\/script>\n<!-- \/ Yoast SEO plugin. -->","yoast_head_json":{"title":"\"Hay una recesi\u00f3n total, en agosto se frenaron todas las inversiones\", advirti\u00f3 Unilpa - Diario Textual","robots":{"index":"index","follow":"follow","max-snippet":"max-snippet:-1","max-image-preview":"max-image-preview:large","max-video-preview":"max-video-preview:-1"},"canonical":"https:\/\/diariotextual.com\/inicio\/index.php\/2019\/08\/23\/una-recesion-total-agosto-se-frenaron-todas-las-inversiones-advirtio-unilpa\/","og_locale":"es_ES","og_type":"article","og_title":"\"Hay una recesi\u00f3n total, en agosto se frenaron todas las inversiones\", advirti\u00f3 Unilpa - Diario Textual","og_description":"El presidente de la Uni\u00f3n Industrial de La Pampa, Rub\u00e9n Gorordo, dijo a Diario Textual que hay una \u00abrecesi\u00f3n total\u00bb y revel\u00f3 que en la industria metalmec\u00e1nica, por ejemplo, \u00abse&hellip;","og_url":"https:\/\/diariotextual.com\/inicio\/index.php\/2019\/08\/23\/una-recesion-total-agosto-se-frenaron-todas-las-inversiones-advirtio-unilpa\/","og_site_name":"Diario Textual","article_publisher":"https:\/\/www.facebook.com\/eltextual","article_published_time":"2019-08-23T11:34:51+00:00","article_modified_time":"2019-08-23T15:40:32+00:00","og_image":[{"width":887,"height":580,"url":"https:\/\/diariotextual.com\/inicio\/wp-content\/uploads\/2018\/08\/industrias555.jpg","type":"image\/jpeg"}],"author":"diario5","twitter_card":"summary_large_image","twitter_creator":"@eltextual","twitter_site":"@eltextual","twitter_misc":{"Escrito por":"diario5","Tiempo de lectura":"1 minuto"},"schema":{"@context":"https:\/\/schema.org","@graph":[{"@type":"Article","@id":"https:\/\/diariotextual.com\/inicio\/index.php\/2019\/08\/23\/una-recesion-total-agosto-se-frenaron-todas-las-inversiones-advirtio-unilpa\/#article","isPartOf":{"@id":"https:\/\/diariotextual.com\/inicio\/index.php\/2019\/08\/23\/una-recesion-total-agosto-se-frenaron-todas-las-inversiones-advirtio-unilpa\/"},"author":{"name":"diario5","@id":"https:\/\/diariotextual.com\/inicio\/#\/schema\/person\/c7834961ad8b29b1d9cdbf4571299067"},"headline":"\u00abHay una recesi\u00f3n total, en agosto se frenaron todas las inversiones\u00bb, advirti\u00f3 Unilpa","datePublished":"2019-08-23T11:34:51+00:00","dateModified":"2019-08-23T15:40:32+00:00","mainEntityOfPage":{"@id":"https:\/\/diariotextual.com\/inicio\/index.php\/2019\/08\/23\/una-recesion-total-agosto-se-frenaron-todas-las-inversiones-advirtio-unilpa\/"},"wordCount":265,"publisher":{"@id":"https:\/\/diariotextual.com\/inicio\/#organization"},"image":{"@id":"https:\/\/diariotextual.com\/inicio\/index.php\/2019\/08\/23\/una-recesion-total-agosto-se-frenaron-todas-las-inversiones-advirtio-unilpa\/#primaryimage"},"thumbnailUrl":"https:\/\/diariotextual.com\/inicio\/wp-content\/uploads\/2018\/08\/industrias555.jpg","keywords":["industria","recesi\u00f3n"],"articleSection":["A - PORTADA2","ECONOMIA"],"inLanguage":"es"},{"@type":"WebPage","@id":"https:\/\/diariotextual.com\/inicio\/index.php\/2019\/08\/23\/una-recesion-total-agosto-se-frenaron-todas-las-inversiones-advirtio-unilpa\/","url":"https:\/\/diariotextual.com\/inicio\/index.php\/2019\/08\/23\/una-recesion-total-agosto-se-frenaron-todas-las-inversiones-advirtio-unilpa\/","name":"\"Hay una recesi\u00f3n total, en agosto se frenaron todas las inversiones\", advirti\u00f3 Unilpa - Diario Textual","isPartOf":{"@id":"https:\/\/diariotextual.com\/inicio\/#website"},"primaryImageOfPage":{"@id":"https:\/\/diariotextual.com\/inicio\/index.php\/2019\/08\/23\/una-recesion-total-agosto-se-frenaron-todas-las-inversiones-advirtio-unilpa\/#primaryimage"},"image":{"@id":"https:\/\/diariotextual.com\/inicio\/index.php\/2019\/08\/23\/una-recesion-total-agosto-se-frenaron-todas-las-inversiones-advirtio-unilpa\/#primaryimage"},"thumbnailUrl":"https:\/\/diariotextual.com\/inicio\/wp-content\/uploads\/2018\/08\/industrias555.jpg","datePublished":"2019-08-23T11:34:51+00:00","dateModified":"2019-08-23T15:40:32+00:00","breadcrumb":{"@id":"https:\/\/diariotextual.com\/inicio\/index.php\/2019\/08\/23\/una-recesion-total-agosto-se-frenaron-todas-las-inversiones-advirtio-unilpa\/#breadcrumb"},"inLanguage":"es","potentialAction":[{"@type":"ReadAction","target":["https:\/\/diariotextual.com\/inicio\/index.php\/2019\/08\/23\/una-recesion-total-agosto-se-frenaron-todas-las-inversiones-advirtio-unilpa\/"]}]},{"@type":"ImageObject","inLanguage":"es","@id":"https:\/\/diariotextual.com\/inicio\/index.php\/2019\/08\/23\/una-recesion-total-agosto-se-frenaron-todas-las-inversiones-advirtio-unilpa\/#primaryimage","url":"https:\/\/diariotextual.com\/inicio\/wp-content\/uploads\/2018\/08\/industrias555.jpg","contentUrl":"https:\/\/diariotextual.com\/inicio\/wp-content\/uploads\/2018\/08\/industrias555.jpg","width":887,"height":580},{"@type":"BreadcrumbList","@id":"https:\/\/diariotextual.com\/inicio\/index.php\/2019\/08\/23\/una-recesion-total-agosto-se-frenaron-todas-las-inversiones-advirtio-unilpa\/#breadcrumb","itemListElement":[{"@type":"ListItem","position":1,"name":"Portada","item":"https:\/\/diariotextual.com\/inicio\/"},{"@type":"ListItem","position":2,"name":"\u00abHay una recesi\u00f3n total, en agosto se frenaron todas las inversiones\u00bb, advirti\u00f3 Unilpa"}]},{"@type":"WebSite","@id":"https:\/\/diariotextual.com\/inicio\/#website","url":"https:\/\/diariotextual.com\/inicio\/","name":"Diario Textual","description":"","publisher":{"@id":"https:\/\/diariotextual.com\/inicio\/#organization"},"potentialAction":[{"@type":"SearchAction","target":{"@type":"EntryPoint","urlTemplate":"https:\/\/diariotextual.com\/inicio\/?s={search_term_string}"},"query-input":{"@type":"PropertyValueSpecification","valueRequired":true,"valueName":"search_term_string"}}],"inLanguage":"es"},{"@type":"Organization","@id":"https:\/\/diariotextual.com\/inicio\/#organization","name":"Diario Textual","url":"https:\/\/diariotextual.com\/inicio\/","logo":{"@type":"ImageObject","inLanguage":"es","@id":"https:\/\/diariotextual.com\/inicio\/#\/schema\/logo\/image\/","url":"https:\/\/diariotextual.com\/inicio\/wp-content\/uploads\/2023\/05\/logotextual1.jpg","contentUrl":"https:\/\/diariotextual.com\/inicio\/wp-content\/uploads\/2023\/05\/logotextual1.jpg","width":516,"height":76,"caption":"Diario Textual"},"image":{"@id":"https:\/\/diariotextual.com\/inicio\/#\/schema\/logo\/image\/"},"sameAs":["https:\/\/www.facebook.com\/eltextual","https:\/\/x.com\/eltextual","http:\/\/www.instagram.com\/eltextual"]},{"@type":"Person","@id":"https:\/\/diariotextual.com\/inicio\/#\/schema\/person\/c7834961ad8b29b1d9cdbf4571299067","name":"diario5","image":{"@type":"ImageObject","inLanguage":"es","@id":"https:\/\/secure.gravatar.com\/avatar\/948c893b847ca6df68216ead81b63f363408ec9b0f600fefc0641ce78613b111?s=96&d=mm&r=g","url":"https:\/\/secure.gravatar.com\/avatar\/948c893b847ca6df68216ead81b63f363408ec9b0f600fefc0641ce78613b111?s=96&d=mm&r=g","contentUrl":"https:\/\/secure.gravatar.com\/avatar\/948c893b847ca6df68216ead81b63f363408ec9b0f600fefc0641ce78613b111?s=96&d=mm&r=g","caption":"diario5"},"url":"https:\/\/diariotextual.com\/inicio\/index.php\/author\/diario5\/"}]}},"_links":{"self":[{"href":"https:\/\/diariotextual.com\/inicio\/index.php\/wp-json\/wp\/v2\/posts\/60443","targetHints":{"allow":["GET"]}}],"collection":[{"href":"https:\/\/diariotextual.com\/inicio\/index.php\/wp-json\/wp\/v2\/posts"}],"about":[{"href":"https:\/\/diariotextual.com\/inicio\/index.php\/wp-json\/wp\/v2\/types\/post"}],"author":[{"embeddable":true,"href":"https:\/\/diariotextual.com\/inicio\/index.php\/wp-json\/wp\/v2\/users\/7"}],"replies":[{"embeddable":true,"href":"https:\/\/diariotextual.com\/inicio\/index.php\/wp-json\/wp\/v2\/comments?post=60443"}],"version-history":[{"count":1,"href":"https:\/\/diariotextual.com\/inicio\/index.php\/wp-json\/wp\/v2\/posts\/60443\/revisions"}],"predecessor-version":[{"id":60445,"href":"https:\/\/diariotextual.com\/inicio\/index.php\/wp-json\/wp\/v2\/posts\/60443\/revisions\/60445"}],"wp:featuredmedia":[{"embeddable":true,"href":"https:\/\/diariotextual.com\/inicio\/index.php\/wp-json\/wp\/v2\/media\/16637"}],"wp:attachment":[{"href":"https:\/\/diariotextual.com\/inicio\/index.php\/wp-json\/wp\/v2\/media?parent=60443"}],"wp:term":[{"taxonomy":"category","embeddable":true,"href":"https:\/\/diariotextual.com\/inicio\/index.php\/wp-json\/wp\/v2\/categories?post=60443"},{"taxonomy":"post_tag","embeddable":true,"href":"https:\/\/diariotextual.com\/inicio\/index.php\/wp-json\/wp\/v2\/tags?post=60443"}],"curies":[{"name":"wp","href":"https:\/\/api.w.org\/{rel}","templated":true}]}}