{"id":60458,"date":"2019-08-23T09:41:35","date_gmt":"2019-08-23T12:41:35","guid":{"rendered":"http:\/\/diariotextual.com\/inicio\/?p=60458"},"modified":"2019-08-23T11:20:19","modified_gmt":"2019-08-23T14:20:19","slug":"abrieron-la-temporada-riego-la-pampa-8-mil-hectareas-produccion","status":"publish","type":"post","link":"https:\/\/diariotextual.com\/inicio\/index.php\/2019\/08\/23\/abrieron-la-temporada-riego-la-pampa-8-mil-hectareas-produccion\/","title":{"rendered":"Abrieron la temporada de riego en La Pampa: hay 8 mil hect\u00e1reas en producci\u00f3n"},"content":{"rendered":"<p>El Gobierno pampeano abri\u00f3 esta semana <strong>la temporada de riego<\/strong> a orillas del r\u00edo Colorado, donde <strong>hay un total de 8 mil hect\u00e1reas en producci\u00f3n<\/strong>. Hicieron un acto, encabezado por el ministro de la Producci\u00f3n, Ricardo Moralejo, en el Puente Dique de 25 de Mayo.<\/p>\n<p>El ministro estuvo acompa\u00f1ado por el procurador General de Rentas, Hern\u00e1n P\u00e9rez Araujo; el presidente del Ente Provincial del R\u00edo Colorado, Enrique Schmidt; los diputados nacionales Melina Del\u00fa y Ariel Rauschemberger; diputados provinciales, funcionarios y representantes de entidades intermedias de productores y escolares.<\/p>\n<p>En la zona de<strong>\u00a025 de Mayo, Casa de Piedra, Duval y La Adela<\/strong>\u00a0se est\u00e1 produciendo ajo, cebolla, tomate, pimiento, acelga, lechuga, alfalfa, ma\u00edz, girasol, sorgo, soja, trigo, frutales y vi\u00f1edos.<\/p>\n<p>\u00abEstamos inaugurando un nuevo ciclo de vida, que traer\u00e1 trabajo, desarrollo econ\u00f3mico y progreso\u00bb, dijo Moralejo. \u00abA esto se suma las actividades econ\u00f3micas que ya est\u00e1n consolidadas como es la explotaci\u00f3n petrolera, el desarrollo de los servicios en petr\u00f3leo, que dan trabajo a una importante cantidad de vecinos\u00bb.<\/p>\n<p>\u00abEstamos haciendo importantes inversiones en el desarrollo de las producciones bajo riego, agr\u00edcolas, furtihort\u00edcolas y vitivinicolas, todos emprendimientos que van encontrando su lugar, tanto en el empresariado, como en la gente que quiere invertir y en los diferentes mercados\u00bb, dijo.<\/p>\n<p>Destac\u00f3 que hoy se est\u00e1n regando alrededor de 8.000 hect\u00e1reas. Hay unas 5.000 hect\u00e1reas de alfalfa, buena parte que se exporta a los Emiratos \u00c1rabes. \u00abSe seguir\u00e1 exportando a todos los pa\u00edses \u00e1rabes, dado que es un mercado en el cual somos competitivos\u00bb, dijo.<\/p>\n<p>Tambi\u00e9n se producen alrededor de 3.000 hect\u00e1reas de ma\u00edz. \u00abApostamos a desarrollar el a\u00f1o pr\u00f3ximo unas 2.000 hect\u00e1reas m\u00e1s, lo que superaremos las 10.000 hect\u00e1reas bajo riego\u00bb, apunt\u00f3.<\/p>\n<p>Adem\u00e1s alert\u00f3 sobre la construcci\u00f3n de la represa Portezuelo del Viento, que podr\u00eda afectar el agua del Colorado. \u00abTodas estas producciones son gracias al agua que nos da el r\u00edo Colorado. Ese agua que tenemos que estar defendiendo porque lleva al desarrollo de toda esta comarca, no solamente de estas producciones tradicionales, sino de otro tipo de producciones en las cuales se inserta la ganader\u00eda y la utilizaci\u00f3n de la biomasa para producir bajo un proyecto de una inversi\u00f3n important\u00edsima a trav\u00e9s del biog\u00e1s y energ\u00edas renovables. Tenemos que defender nuestras aguas, por eso decimos no a Portezuelo, no en manos de Mendoza, donde no solamente se trata de una represa hidroel\u00e9ctrica, sino de una represa de altura que quiere trasvasar el agua al r\u00edo Grande al Atuel y que quiere despejar de agua a las provincias que estamos r\u00edo abajo, por eso debe defenderse con todas las fuerzas, todas las provincias que conforman la cuenca del Colorado y vemos que ese apoyo se est\u00e1 logrando\u00bb, sostuvo.<\/p>\n<p>\u00abLa Pampa fue pionera en esta lucha, pero tiene que estar apoyada por todos, porque as\u00ed ser\u00e1 la \u00fanica forma de tener los caudales adecuados para poder desarrollar los m\u00e1rgenes del r\u00edo, con las localidades que est\u00e1n a su vera y esto no lo podemos regalar, lo tenemos que hacer en una lucha permanente, en la cual demostramos la eficiencia del uso de nuestro agua\u00bb, concluy\u00f3.<\/p>\n<blockquote class=\"wp-embedded-content\" data-secret=\"MMTNwG64JM\"><p><a href=\"http:\/\/diariotextual.com\/inicio\/index.php\/2019\/02\/13\/empresario-pampeano-no-invierte-la-zona-riego\/\">\u00bfPor qu\u00e9 el empresario pampeano no invierte en la zona bajo riego?<\/a><\/p><\/blockquote>\n<p><iframe class=\"wp-embedded-content\" sandbox=\"allow-scripts\" security=\"restricted\" style=\"position: absolute; clip: rect(1px, 1px, 1px, 1px);\" src=\"http:\/\/diariotextual.com\/inicio\/index.php\/2019\/02\/13\/empresario-pampeano-no-invierte-la-zona-riego\/embed\/#?secret=MMTNwG64JM\" data-secret=\"MMTNwG64JM\" width=\"600\" height=\"338\" title=\"&#171;\u00bfPor qu\u00e9 el empresario pampeano no invierte en la zona bajo riego?&#187; &#8212; Diario Textual\" frameborder=\"0\" marginwidth=\"0\" marginheight=\"0\" scrolling=\"no\"><\/iframe><\/p>\n<p>&nbsp;<\/p>\n<p>&nbsp;<\/p>\n<p>&nbsp;<\/p>\n","protected":false},"excerpt":{"rendered":"<p>El Gobierno pampeano abri\u00f3 esta semana la temporada de riego a orillas del r\u00edo Colorado, donde hay un total de 8 mil hect\u00e1reas en producci\u00f3n. Hicieron un acto, encabezado por&hellip;<\/p>\n","protected":false},"author":3,"featured_media":41909,"comment_status":"closed","ping_status":"open","sticky":false,"template":"","format":"standard","meta":{"_acf_changed":false,"footnotes":""},"categories":[11,319,20],"tags":[],"class_list":["post-60458","post","type-post","status-publish","format-standard","has-post-thumbnail","hentry","category-que-pasa","category-a-temporales","category-campo"],"acf":[],"yoast_head":"<!-- This site is optimized with the Yoast SEO plugin v27.5 - https:\/\/yoast.com\/product\/yoast-seo-wordpress\/ -->\n<title>Abrieron la temporada de riego en La Pampa: hay 8 mil hect\u00e1reas en producci\u00f3n - Diario Textual<\/title>\n<meta name=\"robots\" content=\"index, follow, max-snippet:-1, max-image-preview:large, max-video-preview:-1\" \/>\n<link rel=\"canonical\" href=\"https:\/\/diariotextual.com\/inicio\/index.php\/2019\/08\/23\/abrieron-la-temporada-riego-la-pampa-8-mil-hectareas-produccion\/\" \/>\n<meta property=\"og:locale\" content=\"es_ES\" \/>\n<meta property=\"og:type\" content=\"article\" \/>\n<meta property=\"og:title\" content=\"Abrieron la temporada de riego en La Pampa: hay 8 mil hect\u00e1reas en producci\u00f3n - Diario Textual\" \/>\n<meta property=\"og:description\" content=\"El Gobierno pampeano abri\u00f3 esta semana la temporada de riego a orillas del r\u00edo Colorado, donde hay un total de 8 mil hect\u00e1reas en producci\u00f3n. Hicieron un acto, encabezado por&hellip;\" \/>\n<meta property=\"og:url\" content=\"https:\/\/diariotextual.com\/inicio\/index.php\/2019\/08\/23\/abrieron-la-temporada-riego-la-pampa-8-mil-hectareas-produccion\/\" \/>\n<meta property=\"og:site_name\" content=\"Diario Textual\" \/>\n<meta property=\"article:publisher\" content=\"https:\/\/www.facebook.com\/eltextual\" \/>\n<meta property=\"article:published_time\" content=\"2019-08-23T12:41:35+00:00\" \/>\n<meta property=\"article:modified_time\" content=\"2019-08-23T14:20:19+00:00\" \/>\n<meta property=\"og:image\" content=\"https:\/\/diariotextual.com\/inicio\/wp-content\/uploads\/2019\/03\/bodegadeldesiertovi\u00f1edos25mayo1.jpg\" \/>\n\t<meta property=\"og:image:width\" content=\"960\" \/>\n\t<meta property=\"og:image:height\" content=\"640\" \/>\n\t<meta property=\"og:image:type\" content=\"image\/jpeg\" \/>\n<meta name=\"author\" content=\"Diario1 Diario1\" \/>\n<meta name=\"twitter:card\" content=\"summary_large_image\" \/>\n<meta name=\"twitter:creator\" content=\"@eltextual\" \/>\n<meta name=\"twitter:site\" content=\"@eltextual\" \/>\n<meta name=\"twitter:label1\" content=\"Escrito por\" \/>\n\t<meta name=\"twitter:data1\" content=\"Diario1 Diario1\" \/>\n\t<meta name=\"twitter:label2\" content=\"Tiempo de lectura\" \/>\n\t<meta name=\"twitter:data2\" content=\"3 minutos\" \/>\n<script type=\"application\/ld+json\" class=\"yoast-schema-graph\">{\"@context\":\"https:\\\/\\\/schema.org\",\"@graph\":[{\"@type\":\"Article\",\"@id\":\"https:\\\/\\\/diariotextual.com\\\/inicio\\\/index.php\\\/2019\\\/08\\\/23\\\/abrieron-la-temporada-riego-la-pampa-8-mil-hectareas-produccion\\\/#article\",\"isPartOf\":{\"@id\":\"https:\\\/\\\/diariotextual.com\\\/inicio\\\/index.php\\\/2019\\\/08\\\/23\\\/abrieron-la-temporada-riego-la-pampa-8-mil-hectareas-produccion\\\/\"},\"author\":{\"name\":\"Diario1 Diario1\",\"@id\":\"https:\\\/\\\/diariotextual.com\\\/inicio\\\/#\\\/schema\\\/person\\\/418fc4093c33e86ed41562db3508f958\"},\"headline\":\"Abrieron la temporada de riego en La Pampa: hay 8 mil hect\u00e1reas en producci\u00f3n\",\"datePublished\":\"2019-08-23T12:41:35+00:00\",\"dateModified\":\"2019-08-23T14:20:19+00:00\",\"mainEntityOfPage\":{\"@id\":\"https:\\\/\\\/diariotextual.com\\\/inicio\\\/index.php\\\/2019\\\/08\\\/23\\\/abrieron-la-temporada-riego-la-pampa-8-mil-hectareas-produccion\\\/\"},\"wordCount\":576,\"publisher\":{\"@id\":\"https:\\\/\\\/diariotextual.com\\\/inicio\\\/#organization\"},\"image\":{\"@id\":\"https:\\\/\\\/diariotextual.com\\\/inicio\\\/index.php\\\/2019\\\/08\\\/23\\\/abrieron-la-temporada-riego-la-pampa-8-mil-hectareas-produccion\\\/#primaryimage\"},\"thumbnailUrl\":\"https:\\\/\\\/diariotextual.com\\\/inicio\\\/wp-content\\\/uploads\\\/2019\\\/03\\\/bodegadeldesiertovi\u00f1edos25mayo1.jpg\",\"articleSection\":[\"A - QUE PASA (al costado)\",\"A - TEMPORALES\",\"CAMPO\"],\"inLanguage\":\"es\"},{\"@type\":\"WebPage\",\"@id\":\"https:\\\/\\\/diariotextual.com\\\/inicio\\\/index.php\\\/2019\\\/08\\\/23\\\/abrieron-la-temporada-riego-la-pampa-8-mil-hectareas-produccion\\\/\",\"url\":\"https:\\\/\\\/diariotextual.com\\\/inicio\\\/index.php\\\/2019\\\/08\\\/23\\\/abrieron-la-temporada-riego-la-pampa-8-mil-hectareas-produccion\\\/\",\"name\":\"Abrieron la temporada de riego en La Pampa: hay 8 mil hect\u00e1reas en producci\u00f3n - Diario Textual\",\"isPartOf\":{\"@id\":\"https:\\\/\\\/diariotextual.com\\\/inicio\\\/#website\"},\"primaryImageOfPage\":{\"@id\":\"https:\\\/\\\/diariotextual.com\\\/inicio\\\/index.php\\\/2019\\\/08\\\/23\\\/abrieron-la-temporada-riego-la-pampa-8-mil-hectareas-produccion\\\/#primaryimage\"},\"image\":{\"@id\":\"https:\\\/\\\/diariotextual.com\\\/inicio\\\/index.php\\\/2019\\\/08\\\/23\\\/abrieron-la-temporada-riego-la-pampa-8-mil-hectareas-produccion\\\/#primaryimage\"},\"thumbnailUrl\":\"https:\\\/\\\/diariotextual.com\\\/inicio\\\/wp-content\\\/uploads\\\/2019\\\/03\\\/bodegadeldesiertovi\u00f1edos25mayo1.jpg\",\"datePublished\":\"2019-08-23T12:41:35+00:00\",\"dateModified\":\"2019-08-23T14:20:19+00:00\",\"breadcrumb\":{\"@id\":\"https:\\\/\\\/diariotextual.com\\\/inicio\\\/index.php\\\/2019\\\/08\\\/23\\\/abrieron-la-temporada-riego-la-pampa-8-mil-hectareas-produccion\\\/#breadcrumb\"},\"inLanguage\":\"es\",\"potentialAction\":[{\"@type\":\"ReadAction\",\"target\":[\"https:\\\/\\\/diariotextual.com\\\/inicio\\\/index.php\\\/2019\\\/08\\\/23\\\/abrieron-la-temporada-riego-la-pampa-8-mil-hectareas-produccion\\\/\"]}]},{\"@type\":\"ImageObject\",\"inLanguage\":\"es\",\"@id\":\"https:\\\/\\\/diariotextual.com\\\/inicio\\\/index.php\\\/2019\\\/08\\\/23\\\/abrieron-la-temporada-riego-la-pampa-8-mil-hectareas-produccion\\\/#primaryimage\",\"url\":\"https:\\\/\\\/diariotextual.com\\\/inicio\\\/wp-content\\\/uploads\\\/2019\\\/03\\\/bodegadeldesiertovi\u00f1edos25mayo1.jpg\",\"contentUrl\":\"https:\\\/\\\/diariotextual.com\\\/inicio\\\/wp-content\\\/uploads\\\/2019\\\/03\\\/bodegadeldesiertovi\u00f1edos25mayo1.jpg\",\"width\":960,\"height\":640},{\"@type\":\"BreadcrumbList\",\"@id\":\"https:\\\/\\\/diariotextual.com\\\/inicio\\\/index.php\\\/2019\\\/08\\\/23\\\/abrieron-la-temporada-riego-la-pampa-8-mil-hectareas-produccion\\\/#breadcrumb\",\"itemListElement\":[{\"@type\":\"ListItem\",\"position\":1,\"name\":\"Portada\",\"item\":\"https:\\\/\\\/diariotextual.com\\\/inicio\\\/\"},{\"@type\":\"ListItem\",\"position\":2,\"name\":\"Abrieron la temporada de riego en La Pampa: hay 8 mil hect\u00e1reas en producci\u00f3n\"}]},{\"@type\":\"WebSite\",\"@id\":\"https:\\\/\\\/diariotextual.com\\\/inicio\\\/#website\",\"url\":\"https:\\\/\\\/diariotextual.com\\\/inicio\\\/\",\"name\":\"Diario Textual\",\"description\":\"\",\"publisher\":{\"@id\":\"https:\\\/\\\/diariotextual.com\\\/inicio\\\/#organization\"},\"potentialAction\":[{\"@type\":\"SearchAction\",\"target\":{\"@type\":\"EntryPoint\",\"urlTemplate\":\"https:\\\/\\\/diariotextual.com\\\/inicio\\\/?s={search_term_string}\"},\"query-input\":{\"@type\":\"PropertyValueSpecification\",\"valueRequired\":true,\"valueName\":\"search_term_string\"}}],\"inLanguage\":\"es\"},{\"@type\":\"Organization\",\"@id\":\"https:\\\/\\\/diariotextual.com\\\/inicio\\\/#organization\",\"name\":\"Diario Textual\",\"url\":\"https:\\\/\\\/diariotextual.com\\\/inicio\\\/\",\"logo\":{\"@type\":\"ImageObject\",\"inLanguage\":\"es\",\"@id\":\"https:\\\/\\\/diariotextual.com\\\/inicio\\\/#\\\/schema\\\/logo\\\/image\\\/\",\"url\":\"https:\\\/\\\/diariotextual.com\\\/inicio\\\/wp-content\\\/uploads\\\/2023\\\/05\\\/logotextual1.jpg\",\"contentUrl\":\"https:\\\/\\\/diariotextual.com\\\/inicio\\\/wp-content\\\/uploads\\\/2023\\\/05\\\/logotextual1.jpg\",\"width\":516,\"height\":76,\"caption\":\"Diario Textual\"},\"image\":{\"@id\":\"https:\\\/\\\/diariotextual.com\\\/inicio\\\/#\\\/schema\\\/logo\\\/image\\\/\"},\"sameAs\":[\"https:\\\/\\\/www.facebook.com\\\/eltextual\",\"https:\\\/\\\/x.com\\\/eltextual\",\"http:\\\/\\\/www.instagram.com\\\/eltextual\"]},{\"@type\":\"Person\",\"@id\":\"https:\\\/\\\/diariotextual.com\\\/inicio\\\/#\\\/schema\\\/person\\\/418fc4093c33e86ed41562db3508f958\",\"name\":\"Diario1 Diario1\",\"image\":{\"@type\":\"ImageObject\",\"inLanguage\":\"es\",\"@id\":\"https:\\\/\\\/secure.gravatar.com\\\/avatar\\\/9167d280179c85bc18be67aa7eda765854300033af4896dd779b608640f2ef7a?s=96&d=mm&r=g\",\"url\":\"https:\\\/\\\/secure.gravatar.com\\\/avatar\\\/9167d280179c85bc18be67aa7eda765854300033af4896dd779b608640f2ef7a?s=96&d=mm&r=g\",\"contentUrl\":\"https:\\\/\\\/secure.gravatar.com\\\/avatar\\\/9167d280179c85bc18be67aa7eda765854300033af4896dd779b608640f2ef7a?s=96&d=mm&r=g\",\"caption\":\"Diario1 Diario1\"},\"url\":\"https:\\\/\\\/diariotextual.com\\\/inicio\\\/index.php\\\/author\\\/diario1\\\/\"}]}<\/script>\n<!-- \/ Yoast SEO plugin. -->","yoast_head_json":{"title":"Abrieron la temporada de riego en La Pampa: hay 8 mil hect\u00e1reas en producci\u00f3n - Diario Textual","robots":{"index":"index","follow":"follow","max-snippet":"max-snippet:-1","max-image-preview":"max-image-preview:large","max-video-preview":"max-video-preview:-1"},"canonical":"https:\/\/diariotextual.com\/inicio\/index.php\/2019\/08\/23\/abrieron-la-temporada-riego-la-pampa-8-mil-hectareas-produccion\/","og_locale":"es_ES","og_type":"article","og_title":"Abrieron la temporada de riego en La Pampa: hay 8 mil hect\u00e1reas en producci\u00f3n - Diario Textual","og_description":"El Gobierno pampeano abri\u00f3 esta semana la temporada de riego a orillas del r\u00edo Colorado, donde hay un total de 8 mil hect\u00e1reas en producci\u00f3n. Hicieron un acto, encabezado por&hellip;","og_url":"https:\/\/diariotextual.com\/inicio\/index.php\/2019\/08\/23\/abrieron-la-temporada-riego-la-pampa-8-mil-hectareas-produccion\/","og_site_name":"Diario Textual","article_publisher":"https:\/\/www.facebook.com\/eltextual","article_published_time":"2019-08-23T12:41:35+00:00","article_modified_time":"2019-08-23T14:20:19+00:00","og_image":[{"width":960,"height":640,"url":"https:\/\/diariotextual.com\/inicio\/wp-content\/uploads\/2019\/03\/bodegadeldesiertovi\u00f1edos25mayo1.jpg","type":"image\/jpeg"}],"author":"Diario1 Diario1","twitter_card":"summary_large_image","twitter_creator":"@eltextual","twitter_site":"@eltextual","twitter_misc":{"Escrito por":"Diario1 Diario1","Tiempo de lectura":"3 minutos"},"schema":{"@context":"https:\/\/schema.org","@graph":[{"@type":"Article","@id":"https:\/\/diariotextual.com\/inicio\/index.php\/2019\/08\/23\/abrieron-la-temporada-riego-la-pampa-8-mil-hectareas-produccion\/#article","isPartOf":{"@id":"https:\/\/diariotextual.com\/inicio\/index.php\/2019\/08\/23\/abrieron-la-temporada-riego-la-pampa-8-mil-hectareas-produccion\/"},"author":{"name":"Diario1 Diario1","@id":"https:\/\/diariotextual.com\/inicio\/#\/schema\/person\/418fc4093c33e86ed41562db3508f958"},"headline":"Abrieron la temporada de riego en La Pampa: hay 8 mil hect\u00e1reas en producci\u00f3n","datePublished":"2019-08-23T12:41:35+00:00","dateModified":"2019-08-23T14:20:19+00:00","mainEntityOfPage":{"@id":"https:\/\/diariotextual.com\/inicio\/index.php\/2019\/08\/23\/abrieron-la-temporada-riego-la-pampa-8-mil-hectareas-produccion\/"},"wordCount":576,"publisher":{"@id":"https:\/\/diariotextual.com\/inicio\/#organization"},"image":{"@id":"https:\/\/diariotextual.com\/inicio\/index.php\/2019\/08\/23\/abrieron-la-temporada-riego-la-pampa-8-mil-hectareas-produccion\/#primaryimage"},"thumbnailUrl":"https:\/\/diariotextual.com\/inicio\/wp-content\/uploads\/2019\/03\/bodegadeldesiertovi\u00f1edos25mayo1.jpg","articleSection":["A - QUE PASA (al costado)","A - TEMPORALES","CAMPO"],"inLanguage":"es"},{"@type":"WebPage","@id":"https:\/\/diariotextual.com\/inicio\/index.php\/2019\/08\/23\/abrieron-la-temporada-riego-la-pampa-8-mil-hectareas-produccion\/","url":"https:\/\/diariotextual.com\/inicio\/index.php\/2019\/08\/23\/abrieron-la-temporada-riego-la-pampa-8-mil-hectareas-produccion\/","name":"Abrieron la temporada de riego en La Pampa: hay 8 mil hect\u00e1reas en producci\u00f3n - Diario Textual","isPartOf":{"@id":"https:\/\/diariotextual.com\/inicio\/#website"},"primaryImageOfPage":{"@id":"https:\/\/diariotextual.com\/inicio\/index.php\/2019\/08\/23\/abrieron-la-temporada-riego-la-pampa-8-mil-hectareas-produccion\/#primaryimage"},"image":{"@id":"https:\/\/diariotextual.com\/inicio\/index.php\/2019\/08\/23\/abrieron-la-temporada-riego-la-pampa-8-mil-hectareas-produccion\/#primaryimage"},"thumbnailUrl":"https:\/\/diariotextual.com\/inicio\/wp-content\/uploads\/2019\/03\/bodegadeldesiertovi\u00f1edos25mayo1.jpg","datePublished":"2019-08-23T12:41:35+00:00","dateModified":"2019-08-23T14:20:19+00:00","breadcrumb":{"@id":"https:\/\/diariotextual.com\/inicio\/index.php\/2019\/08\/23\/abrieron-la-temporada-riego-la-pampa-8-mil-hectareas-produccion\/#breadcrumb"},"inLanguage":"es","potentialAction":[{"@type":"ReadAction","target":["https:\/\/diariotextual.com\/inicio\/index.php\/2019\/08\/23\/abrieron-la-temporada-riego-la-pampa-8-mil-hectareas-produccion\/"]}]},{"@type":"ImageObject","inLanguage":"es","@id":"https:\/\/diariotextual.com\/inicio\/index.php\/2019\/08\/23\/abrieron-la-temporada-riego-la-pampa-8-mil-hectareas-produccion\/#primaryimage","url":"https:\/\/diariotextual.com\/inicio\/wp-content\/uploads\/2019\/03\/bodegadeldesiertovi\u00f1edos25mayo1.jpg","contentUrl":"https:\/\/diariotextual.com\/inicio\/wp-content\/uploads\/2019\/03\/bodegadeldesiertovi\u00f1edos25mayo1.jpg","width":960,"height":640},{"@type":"BreadcrumbList","@id":"https:\/\/diariotextual.com\/inicio\/index.php\/2019\/08\/23\/abrieron-la-temporada-riego-la-pampa-8-mil-hectareas-produccion\/#breadcrumb","itemListElement":[{"@type":"ListItem","position":1,"name":"Portada","item":"https:\/\/diariotextual.com\/inicio\/"},{"@type":"ListItem","position":2,"name":"Abrieron la temporada de riego en La Pampa: hay 8 mil hect\u00e1reas en producci\u00f3n"}]},{"@type":"WebSite","@id":"https:\/\/diariotextual.com\/inicio\/#website","url":"https:\/\/diariotextual.com\/inicio\/","name":"Diario Textual","description":"","publisher":{"@id":"https:\/\/diariotextual.com\/inicio\/#organization"},"potentialAction":[{"@type":"SearchAction","target":{"@type":"EntryPoint","urlTemplate":"https:\/\/diariotextual.com\/inicio\/?s={search_term_string}"},"query-input":{"@type":"PropertyValueSpecification","valueRequired":true,"valueName":"search_term_string"}}],"inLanguage":"es"},{"@type":"Organization","@id":"https:\/\/diariotextual.com\/inicio\/#organization","name":"Diario Textual","url":"https:\/\/diariotextual.com\/inicio\/","logo":{"@type":"ImageObject","inLanguage":"es","@id":"https:\/\/diariotextual.com\/inicio\/#\/schema\/logo\/image\/","url":"https:\/\/diariotextual.com\/inicio\/wp-content\/uploads\/2023\/05\/logotextual1.jpg","contentUrl":"https:\/\/diariotextual.com\/inicio\/wp-content\/uploads\/2023\/05\/logotextual1.jpg","width":516,"height":76,"caption":"Diario Textual"},"image":{"@id":"https:\/\/diariotextual.com\/inicio\/#\/schema\/logo\/image\/"},"sameAs":["https:\/\/www.facebook.com\/eltextual","https:\/\/x.com\/eltextual","http:\/\/www.instagram.com\/eltextual"]},{"@type":"Person","@id":"https:\/\/diariotextual.com\/inicio\/#\/schema\/person\/418fc4093c33e86ed41562db3508f958","name":"Diario1 Diario1","image":{"@type":"ImageObject","inLanguage":"es","@id":"https:\/\/secure.gravatar.com\/avatar\/9167d280179c85bc18be67aa7eda765854300033af4896dd779b608640f2ef7a?s=96&d=mm&r=g","url":"https:\/\/secure.gravatar.com\/avatar\/9167d280179c85bc18be67aa7eda765854300033af4896dd779b608640f2ef7a?s=96&d=mm&r=g","contentUrl":"https:\/\/secure.gravatar.com\/avatar\/9167d280179c85bc18be67aa7eda765854300033af4896dd779b608640f2ef7a?s=96&d=mm&r=g","caption":"Diario1 Diario1"},"url":"https:\/\/diariotextual.com\/inicio\/index.php\/author\/diario1\/"}]}},"_links":{"self":[{"href":"https:\/\/diariotextual.com\/inicio\/index.php\/wp-json\/wp\/v2\/posts\/60458","targetHints":{"allow":["GET"]}}],"collection":[{"href":"https:\/\/diariotextual.com\/inicio\/index.php\/wp-json\/wp\/v2\/posts"}],"about":[{"href":"https:\/\/diariotextual.com\/inicio\/index.php\/wp-json\/wp\/v2\/types\/post"}],"author":[{"embeddable":true,"href":"https:\/\/diariotextual.com\/inicio\/index.php\/wp-json\/wp\/v2\/users\/3"}],"replies":[{"embeddable":true,"href":"https:\/\/diariotextual.com\/inicio\/index.php\/wp-json\/wp\/v2\/comments?post=60458"}],"version-history":[{"count":4,"href":"https:\/\/diariotextual.com\/inicio\/index.php\/wp-json\/wp\/v2\/posts\/60458\/revisions"}],"predecessor-version":[{"id":60462,"href":"https:\/\/diariotextual.com\/inicio\/index.php\/wp-json\/wp\/v2\/posts\/60458\/revisions\/60462"}],"wp:featuredmedia":[{"embeddable":true,"href":"https:\/\/diariotextual.com\/inicio\/index.php\/wp-json\/wp\/v2\/media\/41909"}],"wp:attachment":[{"href":"https:\/\/diariotextual.com\/inicio\/index.php\/wp-json\/wp\/v2\/media?parent=60458"}],"wp:term":[{"taxonomy":"category","embeddable":true,"href":"https:\/\/diariotextual.com\/inicio\/index.php\/wp-json\/wp\/v2\/categories?post=60458"},{"taxonomy":"post_tag","embeddable":true,"href":"https:\/\/diariotextual.com\/inicio\/index.php\/wp-json\/wp\/v2\/tags?post=60458"}],"curies":[{"name":"wp","href":"https:\/\/api.w.org\/{rel}","templated":true}]}}