{"id":6054,"date":"2018-04-27T10:31:49","date_gmt":"2018-04-27T10:31:49","guid":{"rendered":"http:\/\/diariotextual.com\/inicio\/?p=6054"},"modified":"2018-04-27T12:56:26","modified_gmt":"2018-04-27T12:56:26","slug":"las-dos-coreas-firmaron-acuerdo-desnuclearizar-la-peninsula","status":"publish","type":"post","link":"https:\/\/diariotextual.com\/inicio\/index.php\/2018\/04\/27\/las-dos-coreas-firmaron-acuerdo-desnuclearizar-la-peninsula\/","title":{"rendered":"Las dos Coreas firmaron un acuerdo para \u00abdesnuclearizar\u00bb la pen\u00ednsula"},"content":{"rendered":"<p>Las<strong> dos Coreas acordaron este viernes deshacerse de las armas nucleares<\/strong> en la pen\u00ednsula aunque no presentaron medidas espec\u00edficas para lograrlo.<\/p>\n<p>La declaraci\u00f3n conjunta de la dos Coreas presentada al final de la cumbre intercoreana, que se ha celebrado este 27 de abril, postula que ambas naciones cesan cualquier acci\u00f3n hostil entre ellas.<\/p>\n<p><strong>\u00abLos dos l\u00edderes est\u00e1n anunciando solemnemente ante nuestra naci\u00f3n de 80 millones de personas y ante todo el mundo que no habr\u00e1 m\u00e1s guerras en la pen\u00ednsula de Corea y empieza una nueva era de paz\u00bb<\/strong>, reza la declaraci\u00f3n citada por la agencia Yonhap.<\/p>\n<p>Al mismo tiempo, Pionyang y Se\u00fal han prometido buscar la desnuclearizaci\u00f3n total de la pen\u00ednsula de Corea, as\u00ed como la reducci\u00f3n paulatina de los arsenales para bajar la tensi\u00f3n militar.<\/p>\n<p>\u00abEl Sur y el Norte han confirmado que su objetivo com\u00fan es acometer una desnuclearizaci\u00f3n total en la pen\u00ednsula de Corea. El Sur y el Norte han acordado tomar medidas activas para cooperar con la comunidad internacional en el tema de la desnuclearizaci\u00f3n de la pen\u00ednsula de Corea\u00bb, sostiene el documento.<\/p>\n<p>Adem\u00e1s, el documento plasma que ambas partes firmar\u00e1n un tratado de paz para finalizar formalmente la Guerra de Corea a finales de este a\u00f1o, 65 a\u00f1os despu\u00e9s del cese de las hostilidades. Tambi\u00e9n los l\u00edderes coreanos han decidido impulsar activamente las conversaciones con la participaci\u00f3n de EE.UU. y China. En particular, las negociaciones tendr\u00e1n como objetivo sustituir el r\u00e9gimen de armisticio en la pen\u00ednsula de Corea por el tratado de paz.<\/p>\n<p>Tanto Corea del Norte, como Corea del Sur, han decidido tomar las medidas necesarias para evitar enfrentamientos en el mar Amarillo, as\u00ed como garantizar la existencia de una zona de paz en esa \u00e1rea.<\/p>\n<p>&nbsp;<\/p>\n<p>&nbsp;<\/p>\n<p>&nbsp;<\/p>\n<p>&nbsp;<\/p>\n","protected":false},"excerpt":{"rendered":"<p>Las dos Coreas acordaron este viernes deshacerse de las armas nucleares en la pen\u00ednsula aunque no presentaron medidas espec\u00edficas para lograrlo. La declaraci\u00f3n conjunta de la dos Coreas presentada al&hellip;<\/p>\n","protected":false},"author":3,"featured_media":6057,"comment_status":"open","ping_status":"open","sticky":false,"template":"","format":"standard","meta":{"_acf_changed":false,"footnotes":""},"categories":[1,11,7],"tags":[],"class_list":["post-6054","post","type-post","status-publish","format-standard","has-post-thumbnail","hentry","category-es-noticia","category-que-pasa","category-mundo"],"acf":[],"yoast_head":"<!-- This site is optimized with the Yoast SEO plugin v27.5 - https:\/\/yoast.com\/product\/yoast-seo-wordpress\/ -->\n<title>Las dos Coreas firmaron un acuerdo para &quot;desnuclearizar&quot; la pen\u00ednsula - Diario Textual<\/title>\n<meta name=\"robots\" content=\"index, follow, max-snippet:-1, max-image-preview:large, max-video-preview:-1\" \/>\n<link rel=\"canonical\" href=\"https:\/\/diariotextual.com\/inicio\/index.php\/2018\/04\/27\/las-dos-coreas-firmaron-acuerdo-desnuclearizar-la-peninsula\/\" \/>\n<meta property=\"og:locale\" content=\"es_ES\" \/>\n<meta property=\"og:type\" content=\"article\" \/>\n<meta property=\"og:title\" content=\"Las dos Coreas firmaron un acuerdo para &quot;desnuclearizar&quot; la pen\u00ednsula - Diario Textual\" \/>\n<meta property=\"og:description\" content=\"Las dos Coreas acordaron este viernes deshacerse de las armas nucleares en la pen\u00ednsula aunque no presentaron medidas espec\u00edficas para lograrlo. La declaraci\u00f3n conjunta de la dos Coreas presentada al&hellip;\" \/>\n<meta property=\"og:url\" content=\"https:\/\/diariotextual.com\/inicio\/index.php\/2018\/04\/27\/las-dos-coreas-firmaron-acuerdo-desnuclearizar-la-peninsula\/\" \/>\n<meta property=\"og:site_name\" content=\"Diario Textual\" \/>\n<meta property=\"article:publisher\" content=\"https:\/\/www.facebook.com\/eltextual\" \/>\n<meta property=\"article:published_time\" content=\"2018-04-27T10:31:49+00:00\" \/>\n<meta property=\"article:modified_time\" content=\"2018-04-27T12:56:26+00:00\" \/>\n<meta property=\"og:image\" content=\"https:\/\/diariotextual.com\/inicio\/wp-content\/uploads\/2018\/04\/kimjongmoon21212.jpg\" \/>\n\t<meta property=\"og:image:width\" content=\"721\" \/>\n\t<meta property=\"og:image:height\" content=\"464\" \/>\n\t<meta property=\"og:image:type\" content=\"image\/jpeg\" \/>\n<meta name=\"author\" content=\"Diario1 Diario1\" \/>\n<meta name=\"twitter:card\" content=\"summary_large_image\" \/>\n<meta name=\"twitter:creator\" content=\"@eltextual\" \/>\n<meta name=\"twitter:site\" content=\"@eltextual\" \/>\n<meta name=\"twitter:label1\" content=\"Escrito por\" \/>\n\t<meta name=\"twitter:data1\" content=\"Diario1 Diario1\" \/>\n\t<meta name=\"twitter:label2\" content=\"Tiempo de lectura\" \/>\n\t<meta name=\"twitter:data2\" content=\"2 minutos\" \/>\n<script type=\"application\/ld+json\" class=\"yoast-schema-graph\">{\"@context\":\"https:\\\/\\\/schema.org\",\"@graph\":[{\"@type\":\"Article\",\"@id\":\"https:\\\/\\\/diariotextual.com\\\/inicio\\\/index.php\\\/2018\\\/04\\\/27\\\/las-dos-coreas-firmaron-acuerdo-desnuclearizar-la-peninsula\\\/#article\",\"isPartOf\":{\"@id\":\"https:\\\/\\\/diariotextual.com\\\/inicio\\\/index.php\\\/2018\\\/04\\\/27\\\/las-dos-coreas-firmaron-acuerdo-desnuclearizar-la-peninsula\\\/\"},\"author\":{\"name\":\"Diario1 Diario1\",\"@id\":\"https:\\\/\\\/diariotextual.com\\\/inicio\\\/#\\\/schema\\\/person\\\/418fc4093c33e86ed41562db3508f958\"},\"headline\":\"Las dos Coreas firmaron un acuerdo para \u00abdesnuclearizar\u00bb la pen\u00ednsula\",\"datePublished\":\"2018-04-27T10:31:49+00:00\",\"dateModified\":\"2018-04-27T12:56:26+00:00\",\"mainEntityOfPage\":{\"@id\":\"https:\\\/\\\/diariotextual.com\\\/inicio\\\/index.php\\\/2018\\\/04\\\/27\\\/las-dos-coreas-firmaron-acuerdo-desnuclearizar-la-peninsula\\\/\"},\"wordCount\":327,\"commentCount\":0,\"publisher\":{\"@id\":\"https:\\\/\\\/diariotextual.com\\\/inicio\\\/#organization\"},\"image\":{\"@id\":\"https:\\\/\\\/diariotextual.com\\\/inicio\\\/index.php\\\/2018\\\/04\\\/27\\\/las-dos-coreas-firmaron-acuerdo-desnuclearizar-la-peninsula\\\/#primaryimage\"},\"thumbnailUrl\":\"https:\\\/\\\/diariotextual.com\\\/inicio\\\/wp-content\\\/uploads\\\/2018\\\/04\\\/kimjongmoon21212.jpg\",\"articleSection\":[\"A - ES NOTICIA (van abajo)\",\"A - QUE PASA (al costado)\",\"MUNDO\"],\"inLanguage\":\"es\",\"potentialAction\":[{\"@type\":\"CommentAction\",\"name\":\"Comment\",\"target\":[\"https:\\\/\\\/diariotextual.com\\\/inicio\\\/index.php\\\/2018\\\/04\\\/27\\\/las-dos-coreas-firmaron-acuerdo-desnuclearizar-la-peninsula\\\/#respond\"]}]},{\"@type\":\"WebPage\",\"@id\":\"https:\\\/\\\/diariotextual.com\\\/inicio\\\/index.php\\\/2018\\\/04\\\/27\\\/las-dos-coreas-firmaron-acuerdo-desnuclearizar-la-peninsula\\\/\",\"url\":\"https:\\\/\\\/diariotextual.com\\\/inicio\\\/index.php\\\/2018\\\/04\\\/27\\\/las-dos-coreas-firmaron-acuerdo-desnuclearizar-la-peninsula\\\/\",\"name\":\"Las dos Coreas firmaron un acuerdo para \\\"desnuclearizar\\\" la pen\u00ednsula - Diario Textual\",\"isPartOf\":{\"@id\":\"https:\\\/\\\/diariotextual.com\\\/inicio\\\/#website\"},\"primaryImageOfPage\":{\"@id\":\"https:\\\/\\\/diariotextual.com\\\/inicio\\\/index.php\\\/2018\\\/04\\\/27\\\/las-dos-coreas-firmaron-acuerdo-desnuclearizar-la-peninsula\\\/#primaryimage\"},\"image\":{\"@id\":\"https:\\\/\\\/diariotextual.com\\\/inicio\\\/index.php\\\/2018\\\/04\\\/27\\\/las-dos-coreas-firmaron-acuerdo-desnuclearizar-la-peninsula\\\/#primaryimage\"},\"thumbnailUrl\":\"https:\\\/\\\/diariotextual.com\\\/inicio\\\/wp-content\\\/uploads\\\/2018\\\/04\\\/kimjongmoon21212.jpg\",\"datePublished\":\"2018-04-27T10:31:49+00:00\",\"dateModified\":\"2018-04-27T12:56:26+00:00\",\"breadcrumb\":{\"@id\":\"https:\\\/\\\/diariotextual.com\\\/inicio\\\/index.php\\\/2018\\\/04\\\/27\\\/las-dos-coreas-firmaron-acuerdo-desnuclearizar-la-peninsula\\\/#breadcrumb\"},\"inLanguage\":\"es\",\"potentialAction\":[{\"@type\":\"ReadAction\",\"target\":[\"https:\\\/\\\/diariotextual.com\\\/inicio\\\/index.php\\\/2018\\\/04\\\/27\\\/las-dos-coreas-firmaron-acuerdo-desnuclearizar-la-peninsula\\\/\"]}]},{\"@type\":\"ImageObject\",\"inLanguage\":\"es\",\"@id\":\"https:\\\/\\\/diariotextual.com\\\/inicio\\\/index.php\\\/2018\\\/04\\\/27\\\/las-dos-coreas-firmaron-acuerdo-desnuclearizar-la-peninsula\\\/#primaryimage\",\"url\":\"https:\\\/\\\/diariotextual.com\\\/inicio\\\/wp-content\\\/uploads\\\/2018\\\/04\\\/kimjongmoon21212.jpg\",\"contentUrl\":\"https:\\\/\\\/diariotextual.com\\\/inicio\\\/wp-content\\\/uploads\\\/2018\\\/04\\\/kimjongmoon21212.jpg\",\"width\":721,\"height\":464},{\"@type\":\"BreadcrumbList\",\"@id\":\"https:\\\/\\\/diariotextual.com\\\/inicio\\\/index.php\\\/2018\\\/04\\\/27\\\/las-dos-coreas-firmaron-acuerdo-desnuclearizar-la-peninsula\\\/#breadcrumb\",\"itemListElement\":[{\"@type\":\"ListItem\",\"position\":1,\"name\":\"Portada\",\"item\":\"https:\\\/\\\/diariotextual.com\\\/inicio\\\/\"},{\"@type\":\"ListItem\",\"position\":2,\"name\":\"Las dos Coreas firmaron un acuerdo para \u00abdesnuclearizar\u00bb la pen\u00ednsula\"}]},{\"@type\":\"WebSite\",\"@id\":\"https:\\\/\\\/diariotextual.com\\\/inicio\\\/#website\",\"url\":\"https:\\\/\\\/diariotextual.com\\\/inicio\\\/\",\"name\":\"Diario Textual\",\"description\":\"\",\"publisher\":{\"@id\":\"https:\\\/\\\/diariotextual.com\\\/inicio\\\/#organization\"},\"potentialAction\":[{\"@type\":\"SearchAction\",\"target\":{\"@type\":\"EntryPoint\",\"urlTemplate\":\"https:\\\/\\\/diariotextual.com\\\/inicio\\\/?s={search_term_string}\"},\"query-input\":{\"@type\":\"PropertyValueSpecification\",\"valueRequired\":true,\"valueName\":\"search_term_string\"}}],\"inLanguage\":\"es\"},{\"@type\":\"Organization\",\"@id\":\"https:\\\/\\\/diariotextual.com\\\/inicio\\\/#organization\",\"name\":\"Diario Textual\",\"url\":\"https:\\\/\\\/diariotextual.com\\\/inicio\\\/\",\"logo\":{\"@type\":\"ImageObject\",\"inLanguage\":\"es\",\"@id\":\"https:\\\/\\\/diariotextual.com\\\/inicio\\\/#\\\/schema\\\/logo\\\/image\\\/\",\"url\":\"https:\\\/\\\/diariotextual.com\\\/inicio\\\/wp-content\\\/uploads\\\/2023\\\/05\\\/logotextual1.jpg\",\"contentUrl\":\"https:\\\/\\\/diariotextual.com\\\/inicio\\\/wp-content\\\/uploads\\\/2023\\\/05\\\/logotextual1.jpg\",\"width\":516,\"height\":76,\"caption\":\"Diario Textual\"},\"image\":{\"@id\":\"https:\\\/\\\/diariotextual.com\\\/inicio\\\/#\\\/schema\\\/logo\\\/image\\\/\"},\"sameAs\":[\"https:\\\/\\\/www.facebook.com\\\/eltextual\",\"https:\\\/\\\/x.com\\\/eltextual\",\"http:\\\/\\\/www.instagram.com\\\/eltextual\"]},{\"@type\":\"Person\",\"@id\":\"https:\\\/\\\/diariotextual.com\\\/inicio\\\/#\\\/schema\\\/person\\\/418fc4093c33e86ed41562db3508f958\",\"name\":\"Diario1 Diario1\",\"image\":{\"@type\":\"ImageObject\",\"inLanguage\":\"es\",\"@id\":\"https:\\\/\\\/secure.gravatar.com\\\/avatar\\\/9167d280179c85bc18be67aa7eda765854300033af4896dd779b608640f2ef7a?s=96&d=mm&r=g\",\"url\":\"https:\\\/\\\/secure.gravatar.com\\\/avatar\\\/9167d280179c85bc18be67aa7eda765854300033af4896dd779b608640f2ef7a?s=96&d=mm&r=g\",\"contentUrl\":\"https:\\\/\\\/secure.gravatar.com\\\/avatar\\\/9167d280179c85bc18be67aa7eda765854300033af4896dd779b608640f2ef7a?s=96&d=mm&r=g\",\"caption\":\"Diario1 Diario1\"},\"url\":\"https:\\\/\\\/diariotextual.com\\\/inicio\\\/index.php\\\/author\\\/diario1\\\/\"}]}<\/script>\n<!-- \/ Yoast SEO plugin. -->","yoast_head_json":{"title":"Las dos Coreas firmaron un acuerdo para \"desnuclearizar\" la pen\u00ednsula - Diario Textual","robots":{"index":"index","follow":"follow","max-snippet":"max-snippet:-1","max-image-preview":"max-image-preview:large","max-video-preview":"max-video-preview:-1"},"canonical":"https:\/\/diariotextual.com\/inicio\/index.php\/2018\/04\/27\/las-dos-coreas-firmaron-acuerdo-desnuclearizar-la-peninsula\/","og_locale":"es_ES","og_type":"article","og_title":"Las dos Coreas firmaron un acuerdo para \"desnuclearizar\" la pen\u00ednsula - Diario Textual","og_description":"Las dos Coreas acordaron este viernes deshacerse de las armas nucleares en la pen\u00ednsula aunque no presentaron medidas espec\u00edficas para lograrlo. La declaraci\u00f3n conjunta de la dos Coreas presentada al&hellip;","og_url":"https:\/\/diariotextual.com\/inicio\/index.php\/2018\/04\/27\/las-dos-coreas-firmaron-acuerdo-desnuclearizar-la-peninsula\/","og_site_name":"Diario Textual","article_publisher":"https:\/\/www.facebook.com\/eltextual","article_published_time":"2018-04-27T10:31:49+00:00","article_modified_time":"2018-04-27T12:56:26+00:00","og_image":[{"width":721,"height":464,"url":"https:\/\/diariotextual.com\/inicio\/wp-content\/uploads\/2018\/04\/kimjongmoon21212.jpg","type":"image\/jpeg"}],"author":"Diario1 Diario1","twitter_card":"summary_large_image","twitter_creator":"@eltextual","twitter_site":"@eltextual","twitter_misc":{"Escrito por":"Diario1 Diario1","Tiempo de lectura":"2 minutos"},"schema":{"@context":"https:\/\/schema.org","@graph":[{"@type":"Article","@id":"https:\/\/diariotextual.com\/inicio\/index.php\/2018\/04\/27\/las-dos-coreas-firmaron-acuerdo-desnuclearizar-la-peninsula\/#article","isPartOf":{"@id":"https:\/\/diariotextual.com\/inicio\/index.php\/2018\/04\/27\/las-dos-coreas-firmaron-acuerdo-desnuclearizar-la-peninsula\/"},"author":{"name":"Diario1 Diario1","@id":"https:\/\/diariotextual.com\/inicio\/#\/schema\/person\/418fc4093c33e86ed41562db3508f958"},"headline":"Las dos Coreas firmaron un acuerdo para \u00abdesnuclearizar\u00bb la pen\u00ednsula","datePublished":"2018-04-27T10:31:49+00:00","dateModified":"2018-04-27T12:56:26+00:00","mainEntityOfPage":{"@id":"https:\/\/diariotextual.com\/inicio\/index.php\/2018\/04\/27\/las-dos-coreas-firmaron-acuerdo-desnuclearizar-la-peninsula\/"},"wordCount":327,"commentCount":0,"publisher":{"@id":"https:\/\/diariotextual.com\/inicio\/#organization"},"image":{"@id":"https:\/\/diariotextual.com\/inicio\/index.php\/2018\/04\/27\/las-dos-coreas-firmaron-acuerdo-desnuclearizar-la-peninsula\/#primaryimage"},"thumbnailUrl":"https:\/\/diariotextual.com\/inicio\/wp-content\/uploads\/2018\/04\/kimjongmoon21212.jpg","articleSection":["A - ES NOTICIA (van abajo)","A - QUE PASA (al costado)","MUNDO"],"inLanguage":"es","potentialAction":[{"@type":"CommentAction","name":"Comment","target":["https:\/\/diariotextual.com\/inicio\/index.php\/2018\/04\/27\/las-dos-coreas-firmaron-acuerdo-desnuclearizar-la-peninsula\/#respond"]}]},{"@type":"WebPage","@id":"https:\/\/diariotextual.com\/inicio\/index.php\/2018\/04\/27\/las-dos-coreas-firmaron-acuerdo-desnuclearizar-la-peninsula\/","url":"https:\/\/diariotextual.com\/inicio\/index.php\/2018\/04\/27\/las-dos-coreas-firmaron-acuerdo-desnuclearizar-la-peninsula\/","name":"Las dos Coreas firmaron un acuerdo para \"desnuclearizar\" la pen\u00ednsula - Diario Textual","isPartOf":{"@id":"https:\/\/diariotextual.com\/inicio\/#website"},"primaryImageOfPage":{"@id":"https:\/\/diariotextual.com\/inicio\/index.php\/2018\/04\/27\/las-dos-coreas-firmaron-acuerdo-desnuclearizar-la-peninsula\/#primaryimage"},"image":{"@id":"https:\/\/diariotextual.com\/inicio\/index.php\/2018\/04\/27\/las-dos-coreas-firmaron-acuerdo-desnuclearizar-la-peninsula\/#primaryimage"},"thumbnailUrl":"https:\/\/diariotextual.com\/inicio\/wp-content\/uploads\/2018\/04\/kimjongmoon21212.jpg","datePublished":"2018-04-27T10:31:49+00:00","dateModified":"2018-04-27T12:56:26+00:00","breadcrumb":{"@id":"https:\/\/diariotextual.com\/inicio\/index.php\/2018\/04\/27\/las-dos-coreas-firmaron-acuerdo-desnuclearizar-la-peninsula\/#breadcrumb"},"inLanguage":"es","potentialAction":[{"@type":"ReadAction","target":["https:\/\/diariotextual.com\/inicio\/index.php\/2018\/04\/27\/las-dos-coreas-firmaron-acuerdo-desnuclearizar-la-peninsula\/"]}]},{"@type":"ImageObject","inLanguage":"es","@id":"https:\/\/diariotextual.com\/inicio\/index.php\/2018\/04\/27\/las-dos-coreas-firmaron-acuerdo-desnuclearizar-la-peninsula\/#primaryimage","url":"https:\/\/diariotextual.com\/inicio\/wp-content\/uploads\/2018\/04\/kimjongmoon21212.jpg","contentUrl":"https:\/\/diariotextual.com\/inicio\/wp-content\/uploads\/2018\/04\/kimjongmoon21212.jpg","width":721,"height":464},{"@type":"BreadcrumbList","@id":"https:\/\/diariotextual.com\/inicio\/index.php\/2018\/04\/27\/las-dos-coreas-firmaron-acuerdo-desnuclearizar-la-peninsula\/#breadcrumb","itemListElement":[{"@type":"ListItem","position":1,"name":"Portada","item":"https:\/\/diariotextual.com\/inicio\/"},{"@type":"ListItem","position":2,"name":"Las dos Coreas firmaron un acuerdo para \u00abdesnuclearizar\u00bb la pen\u00ednsula"}]},{"@type":"WebSite","@id":"https:\/\/diariotextual.com\/inicio\/#website","url":"https:\/\/diariotextual.com\/inicio\/","name":"Diario Textual","description":"","publisher":{"@id":"https:\/\/diariotextual.com\/inicio\/#organization"},"potentialAction":[{"@type":"SearchAction","target":{"@type":"EntryPoint","urlTemplate":"https:\/\/diariotextual.com\/inicio\/?s={search_term_string}"},"query-input":{"@type":"PropertyValueSpecification","valueRequired":true,"valueName":"search_term_string"}}],"inLanguage":"es"},{"@type":"Organization","@id":"https:\/\/diariotextual.com\/inicio\/#organization","name":"Diario Textual","url":"https:\/\/diariotextual.com\/inicio\/","logo":{"@type":"ImageObject","inLanguage":"es","@id":"https:\/\/diariotextual.com\/inicio\/#\/schema\/logo\/image\/","url":"https:\/\/diariotextual.com\/inicio\/wp-content\/uploads\/2023\/05\/logotextual1.jpg","contentUrl":"https:\/\/diariotextual.com\/inicio\/wp-content\/uploads\/2023\/05\/logotextual1.jpg","width":516,"height":76,"caption":"Diario Textual"},"image":{"@id":"https:\/\/diariotextual.com\/inicio\/#\/schema\/logo\/image\/"},"sameAs":["https:\/\/www.facebook.com\/eltextual","https:\/\/x.com\/eltextual","http:\/\/www.instagram.com\/eltextual"]},{"@type":"Person","@id":"https:\/\/diariotextual.com\/inicio\/#\/schema\/person\/418fc4093c33e86ed41562db3508f958","name":"Diario1 Diario1","image":{"@type":"ImageObject","inLanguage":"es","@id":"https:\/\/secure.gravatar.com\/avatar\/9167d280179c85bc18be67aa7eda765854300033af4896dd779b608640f2ef7a?s=96&d=mm&r=g","url":"https:\/\/secure.gravatar.com\/avatar\/9167d280179c85bc18be67aa7eda765854300033af4896dd779b608640f2ef7a?s=96&d=mm&r=g","contentUrl":"https:\/\/secure.gravatar.com\/avatar\/9167d280179c85bc18be67aa7eda765854300033af4896dd779b608640f2ef7a?s=96&d=mm&r=g","caption":"Diario1 Diario1"},"url":"https:\/\/diariotextual.com\/inicio\/index.php\/author\/diario1\/"}]}},"_links":{"self":[{"href":"https:\/\/diariotextual.com\/inicio\/index.php\/wp-json\/wp\/v2\/posts\/6054","targetHints":{"allow":["GET"]}}],"collection":[{"href":"https:\/\/diariotextual.com\/inicio\/index.php\/wp-json\/wp\/v2\/posts"}],"about":[{"href":"https:\/\/diariotextual.com\/inicio\/index.php\/wp-json\/wp\/v2\/types\/post"}],"author":[{"embeddable":true,"href":"https:\/\/diariotextual.com\/inicio\/index.php\/wp-json\/wp\/v2\/users\/3"}],"replies":[{"embeddable":true,"href":"https:\/\/diariotextual.com\/inicio\/index.php\/wp-json\/wp\/v2\/comments?post=6054"}],"version-history":[{"count":3,"href":"https:\/\/diariotextual.com\/inicio\/index.php\/wp-json\/wp\/v2\/posts\/6054\/revisions"}],"predecessor-version":[{"id":6058,"href":"https:\/\/diariotextual.com\/inicio\/index.php\/wp-json\/wp\/v2\/posts\/6054\/revisions\/6058"}],"wp:featuredmedia":[{"embeddable":true,"href":"https:\/\/diariotextual.com\/inicio\/index.php\/wp-json\/wp\/v2\/media\/6057"}],"wp:attachment":[{"href":"https:\/\/diariotextual.com\/inicio\/index.php\/wp-json\/wp\/v2\/media?parent=6054"}],"wp:term":[{"taxonomy":"category","embeddable":true,"href":"https:\/\/diariotextual.com\/inicio\/index.php\/wp-json\/wp\/v2\/categories?post=6054"},{"taxonomy":"post_tag","embeddable":true,"href":"https:\/\/diariotextual.com\/inicio\/index.php\/wp-json\/wp\/v2\/tags?post=6054"}],"curies":[{"name":"wp","href":"https:\/\/api.w.org\/{rel}","templated":true}]}}