{"id":6067,"date":"2018-04-27T11:28:39","date_gmt":"2018-04-27T11:28:39","guid":{"rendered":"http:\/\/diariotextual.com\/inicio\/?p=6067"},"modified":"2018-04-27T17:11:05","modified_gmt":"2018-04-27T17:11:05","slug":"masivas-manifestaciones-fallo-la-manada","status":"publish","type":"post","link":"https:\/\/diariotextual.com\/inicio\/index.php\/2018\/04\/27\/masivas-manifestaciones-fallo-la-manada\/","title":{"rendered":"Masivas manifestaciones por el fallo a \u00abLa Manada\u00bb"},"content":{"rendered":"<p>Los cinco espa\u00f1oles apodados<strong> \u00abLa manada\u00bb<\/strong> fueron condenados este jueves a 9 a\u00f1os de c\u00e1rcel por abuso sexual colectivo de una joven en las fiestas de San Ferm\u00edn, aunque el tribunal descart\u00f3 el delito m\u00e1s grave de violaci\u00f3n, lo que provoc\u00f3<strong> masivas protestas de rechazo en toda Espa\u00f1a<\/strong>.<\/p>\n<p>Los cinco sevillanos, de entre 27 y 29 a\u00f1os, alardearon de sus acciones: en su grupo de WhatsApp, en el que se hac\u00edan llamar \u00abLa manada\u00bb, compartieron un video de la violaci\u00f3n grabada ellos mismos, im\u00e1genes que se tornaron clave en el juicio. La sentencia del tribunal de Navarra (norte) de este jueves era esperada con enorme expectaci\u00f3n en Espa\u00f1a, a menos de dos meses de una \u00abhuelga general feminista\u00bb sin precedentes y enormes manifestaciones el 8 de marzo. Pero el fallo del tribunal que conden\u00f3 a 9 a\u00f1os de prisi\u00f3n a los cinco hombres por abuso sexual pero no por violaci\u00f3n, suscit\u00f3 de inmediato una generalizada indignaci\u00f3n.<\/p>\n<p>Frente al tribunal en Pamplona,<strong> centenares de manifestantes gritaban \u00abno es abuso, es violaci\u00f3n\u00bb, mientras en Twitter se volv\u00eda tendencia el lema #YoS\u00edTeCreo, en apoyo a la joven v\u00edctima de 18 a\u00f1os<\/strong>.<\/p>\n<p>En la lectura de la sentencia, transmitida en vivo por televisi\u00f3n, el tribunal hall\u00f3 a los hombres culpables del \u00abdelito continuado de abuso sexual\u00bb, pero descart\u00f3 el de violaci\u00f3n, que presupone violencia e intimidaci\u00f3n contra la v\u00edctima, algo que los jueces dijeron no haber observado.<\/p>\n<p>La pena por abuso de 9 a\u00f1os es sensiblemente inferior a la solicitada por la fiscal\u00eda, que era de 22 a\u00f1os y 10 meses de prisi\u00f3n para cada uno e indemnizaci\u00f3n de 100.000 euros. Manifestaciones de protesta se realizaron por la noche de este jueves en Madrid, as\u00ed como otra en Barcelona, donde la alcaldesa de izquierdas Ada Colau escribi\u00f3 en Twitter a la v\u00edctima: \u00abme indigna que tras la violencia de una violaci\u00f3n m\u00faltiple debas sufrir la violencia de una justicia patriarcal\u00bb.<\/p>\n<p>\u00abElla dijo NO. Te cre\u00edmos y te seguimos creyendo. Si lo que hizo &#8216;La Manada&#8217; no fue violencia en grupo contra una mujer indefensa, \u00bfqu\u00e9 entendemos entonces por violaci\u00f3n?\u00bb, pregunt\u00f3 en Twitter Pedro S\u00e1nchez, l\u00edder del Partido Socialista, el principal de oposici\u00f3n. Ocurridos en julio de 2016 durante los populares Sanfermines en Pamplona, los hechos desembocaron en el muy mediatizado y llamado \u00abjuicio del a\u00f1o\u00bb en Espa\u00f1a.<\/p>\n<p>La joven madrile\u00f1a admiti\u00f3 haber bebido sangr\u00eda, bailado y festejado con amigos. Luego, encontr\u00e1ndose sola en un banco, fue abordada por uno de los hombres, quien le habl\u00f3 de f\u00fatbol y tatuajes. Luego bes\u00f3 a otro del grupo y se fue con ellos sin pensar \u00abque iba a suceder lo que sucedi\u00f3\u00bb.<\/p>\n<p>\u00abCuando ya me vi rodeada (&#8230;) no sab\u00eda como reaccionar y no reaccion\u00e9, reaccion\u00e9 someti\u00e9ndome\u00bb, resumi\u00f3 la joven durante el juicio. Los sospechosos fueron detenidos al d\u00eda siguiente de los hechos y mantenidos desde entonces en prisi\u00f3n preventiva.<\/p>\n<p>Uno de los condenados es miembro de la Guardia Civil -actualmente suspendido- y otro era militar. Tres de ellos eran ultras del Sevilla FC y dos ten\u00edan antecedentes penales. Su defensa pidi\u00f3 su absoluci\u00f3n alegando que \u00abla joven consinti\u00f3\u00bb ya que aparentemente \u00abnunca dice no\u00bb en las im\u00e1genes del video grabado. Ese razonamiento suscit\u00f3 una ola de rechazo en las calles y en redes sociales en Espa\u00f1a, cuando naci\u00f3 el lema \u00abYo s\u00ed te creo\u00bb.<\/p>\n<p>La fiscal rechaz\u00f3 los argumentos de la defensa afirmando que la joven nunca hab\u00eda tenido sexo en grupo y que conoci\u00f3 a sus agresores \u00absiete minutos antes de la violaci\u00f3n\u00bb.<\/p>\n<p>La escritora espa\u00f1ola Luc\u00eda Etxebarr\u00eda record\u00f3 que hace diez a\u00f1os, en los Sanfermines, una estudiante de 20 a\u00f1os fue asesinada en Pamplona porque se resisti\u00f3 a una violaci\u00f3n. \u00abEl mensaje: si te resistes, te matan. El mensaje de hoy: si no te resistes no te creemos\u00bb, se\u00f1al\u00f3 en Twitter.<\/p>\n<p>&nbsp;<\/p>\n<p>&nbsp;<\/p>\n<p>&nbsp;<\/p>\n","protected":false},"excerpt":{"rendered":"<p>Los cinco espa\u00f1oles apodados \u00abLa manada\u00bb fueron condenados este jueves a 9 a\u00f1os de c\u00e1rcel por abuso sexual colectivo de una joven en las fiestas de San Ferm\u00edn, aunque el&hellip;<\/p>\n","protected":false},"author":3,"featured_media":6069,"comment_status":"open","ping_status":"open","sticky":false,"template":"","format":"standard","meta":{"_acf_changed":false,"footnotes":""},"categories":[11,7],"tags":[],"class_list":["post-6067","post","type-post","status-publish","format-standard","has-post-thumbnail","hentry","category-que-pasa","category-mundo"],"acf":[],"yoast_head":"<!-- This site is optimized with the Yoast SEO plugin v27.5 - https:\/\/yoast.com\/product\/yoast-seo-wordpress\/ -->\n<title>Masivas manifestaciones por el fallo a &quot;La Manada&quot; - Diario Textual<\/title>\n<meta name=\"robots\" content=\"index, follow, max-snippet:-1, max-image-preview:large, max-video-preview:-1\" \/>\n<link rel=\"canonical\" href=\"https:\/\/diariotextual.com\/inicio\/index.php\/2018\/04\/27\/masivas-manifestaciones-fallo-la-manada\/\" \/>\n<meta property=\"og:locale\" content=\"es_ES\" \/>\n<meta property=\"og:type\" content=\"article\" \/>\n<meta property=\"og:title\" content=\"Masivas manifestaciones por el fallo a &quot;La Manada&quot; - Diario Textual\" \/>\n<meta property=\"og:description\" content=\"Los cinco espa\u00f1oles apodados \u00abLa manada\u00bb fueron condenados este jueves a 9 a\u00f1os de c\u00e1rcel por abuso sexual colectivo de una joven en las fiestas de San Ferm\u00edn, aunque el&hellip;\" \/>\n<meta property=\"og:url\" content=\"https:\/\/diariotextual.com\/inicio\/index.php\/2018\/04\/27\/masivas-manifestaciones-fallo-la-manada\/\" \/>\n<meta property=\"og:site_name\" content=\"Diario Textual\" \/>\n<meta property=\"article:publisher\" content=\"https:\/\/www.facebook.com\/eltextual\" \/>\n<meta property=\"article:published_time\" content=\"2018-04-27T11:28:39+00:00\" \/>\n<meta property=\"article:modified_time\" content=\"2018-04-27T17:11:05+00:00\" \/>\n<meta property=\"og:image\" content=\"https:\/\/diariotextual.com\/inicio\/wp-content\/uploads\/2018\/04\/protestalamanada1111.jpg\" \/>\n\t<meta property=\"og:image:width\" content=\"1366\" \/>\n\t<meta property=\"og:image:height\" content=\"910\" \/>\n\t<meta property=\"og:image:type\" content=\"image\/jpeg\" \/>\n<meta name=\"author\" content=\"Diario1 Diario1\" \/>\n<meta name=\"twitter:card\" content=\"summary_large_image\" \/>\n<meta name=\"twitter:creator\" content=\"@eltextual\" \/>\n<meta name=\"twitter:site\" content=\"@eltextual\" \/>\n<meta name=\"twitter:label1\" content=\"Escrito por\" \/>\n\t<meta name=\"twitter:data1\" content=\"Diario1 Diario1\" \/>\n\t<meta name=\"twitter:label2\" content=\"Tiempo de lectura\" \/>\n\t<meta name=\"twitter:data2\" content=\"3 minutos\" \/>\n<script type=\"application\/ld+json\" class=\"yoast-schema-graph\">{\"@context\":\"https:\\\/\\\/schema.org\",\"@graph\":[{\"@type\":\"Article\",\"@id\":\"https:\\\/\\\/diariotextual.com\\\/inicio\\\/index.php\\\/2018\\\/04\\\/27\\\/masivas-manifestaciones-fallo-la-manada\\\/#article\",\"isPartOf\":{\"@id\":\"https:\\\/\\\/diariotextual.com\\\/inicio\\\/index.php\\\/2018\\\/04\\\/27\\\/masivas-manifestaciones-fallo-la-manada\\\/\"},\"author\":{\"name\":\"Diario1 Diario1\",\"@id\":\"https:\\\/\\\/diariotextual.com\\\/inicio\\\/#\\\/schema\\\/person\\\/418fc4093c33e86ed41562db3508f958\"},\"headline\":\"Masivas manifestaciones por el fallo a \u00abLa Manada\u00bb\",\"datePublished\":\"2018-04-27T11:28:39+00:00\",\"dateModified\":\"2018-04-27T17:11:05+00:00\",\"mainEntityOfPage\":{\"@id\":\"https:\\\/\\\/diariotextual.com\\\/inicio\\\/index.php\\\/2018\\\/04\\\/27\\\/masivas-manifestaciones-fallo-la-manada\\\/\"},\"wordCount\":687,\"commentCount\":0,\"publisher\":{\"@id\":\"https:\\\/\\\/diariotextual.com\\\/inicio\\\/#organization\"},\"image\":{\"@id\":\"https:\\\/\\\/diariotextual.com\\\/inicio\\\/index.php\\\/2018\\\/04\\\/27\\\/masivas-manifestaciones-fallo-la-manada\\\/#primaryimage\"},\"thumbnailUrl\":\"https:\\\/\\\/diariotextual.com\\\/inicio\\\/wp-content\\\/uploads\\\/2018\\\/04\\\/protestalamanada1111.jpg\",\"articleSection\":[\"A - QUE PASA (al costado)\",\"MUNDO\"],\"inLanguage\":\"es\",\"potentialAction\":[{\"@type\":\"CommentAction\",\"name\":\"Comment\",\"target\":[\"https:\\\/\\\/diariotextual.com\\\/inicio\\\/index.php\\\/2018\\\/04\\\/27\\\/masivas-manifestaciones-fallo-la-manada\\\/#respond\"]}]},{\"@type\":\"WebPage\",\"@id\":\"https:\\\/\\\/diariotextual.com\\\/inicio\\\/index.php\\\/2018\\\/04\\\/27\\\/masivas-manifestaciones-fallo-la-manada\\\/\",\"url\":\"https:\\\/\\\/diariotextual.com\\\/inicio\\\/index.php\\\/2018\\\/04\\\/27\\\/masivas-manifestaciones-fallo-la-manada\\\/\",\"name\":\"Masivas manifestaciones por el fallo a \\\"La Manada\\\" - Diario Textual\",\"isPartOf\":{\"@id\":\"https:\\\/\\\/diariotextual.com\\\/inicio\\\/#website\"},\"primaryImageOfPage\":{\"@id\":\"https:\\\/\\\/diariotextual.com\\\/inicio\\\/index.php\\\/2018\\\/04\\\/27\\\/masivas-manifestaciones-fallo-la-manada\\\/#primaryimage\"},\"image\":{\"@id\":\"https:\\\/\\\/diariotextual.com\\\/inicio\\\/index.php\\\/2018\\\/04\\\/27\\\/masivas-manifestaciones-fallo-la-manada\\\/#primaryimage\"},\"thumbnailUrl\":\"https:\\\/\\\/diariotextual.com\\\/inicio\\\/wp-content\\\/uploads\\\/2018\\\/04\\\/protestalamanada1111.jpg\",\"datePublished\":\"2018-04-27T11:28:39+00:00\",\"dateModified\":\"2018-04-27T17:11:05+00:00\",\"breadcrumb\":{\"@id\":\"https:\\\/\\\/diariotextual.com\\\/inicio\\\/index.php\\\/2018\\\/04\\\/27\\\/masivas-manifestaciones-fallo-la-manada\\\/#breadcrumb\"},\"inLanguage\":\"es\",\"potentialAction\":[{\"@type\":\"ReadAction\",\"target\":[\"https:\\\/\\\/diariotextual.com\\\/inicio\\\/index.php\\\/2018\\\/04\\\/27\\\/masivas-manifestaciones-fallo-la-manada\\\/\"]}]},{\"@type\":\"ImageObject\",\"inLanguage\":\"es\",\"@id\":\"https:\\\/\\\/diariotextual.com\\\/inicio\\\/index.php\\\/2018\\\/04\\\/27\\\/masivas-manifestaciones-fallo-la-manada\\\/#primaryimage\",\"url\":\"https:\\\/\\\/diariotextual.com\\\/inicio\\\/wp-content\\\/uploads\\\/2018\\\/04\\\/protestalamanada1111.jpg\",\"contentUrl\":\"https:\\\/\\\/diariotextual.com\\\/inicio\\\/wp-content\\\/uploads\\\/2018\\\/04\\\/protestalamanada1111.jpg\",\"width\":1366,\"height\":910},{\"@type\":\"BreadcrumbList\",\"@id\":\"https:\\\/\\\/diariotextual.com\\\/inicio\\\/index.php\\\/2018\\\/04\\\/27\\\/masivas-manifestaciones-fallo-la-manada\\\/#breadcrumb\",\"itemListElement\":[{\"@type\":\"ListItem\",\"position\":1,\"name\":\"Portada\",\"item\":\"https:\\\/\\\/diariotextual.com\\\/inicio\\\/\"},{\"@type\":\"ListItem\",\"position\":2,\"name\":\"Masivas manifestaciones por el fallo a \u00abLa Manada\u00bb\"}]},{\"@type\":\"WebSite\",\"@id\":\"https:\\\/\\\/diariotextual.com\\\/inicio\\\/#website\",\"url\":\"https:\\\/\\\/diariotextual.com\\\/inicio\\\/\",\"name\":\"Diario Textual\",\"description\":\"\",\"publisher\":{\"@id\":\"https:\\\/\\\/diariotextual.com\\\/inicio\\\/#organization\"},\"potentialAction\":[{\"@type\":\"SearchAction\",\"target\":{\"@type\":\"EntryPoint\",\"urlTemplate\":\"https:\\\/\\\/diariotextual.com\\\/inicio\\\/?s={search_term_string}\"},\"query-input\":{\"@type\":\"PropertyValueSpecification\",\"valueRequired\":true,\"valueName\":\"search_term_string\"}}],\"inLanguage\":\"es\"},{\"@type\":\"Organization\",\"@id\":\"https:\\\/\\\/diariotextual.com\\\/inicio\\\/#organization\",\"name\":\"Diario Textual\",\"url\":\"https:\\\/\\\/diariotextual.com\\\/inicio\\\/\",\"logo\":{\"@type\":\"ImageObject\",\"inLanguage\":\"es\",\"@id\":\"https:\\\/\\\/diariotextual.com\\\/inicio\\\/#\\\/schema\\\/logo\\\/image\\\/\",\"url\":\"https:\\\/\\\/diariotextual.com\\\/inicio\\\/wp-content\\\/uploads\\\/2023\\\/05\\\/logotextual1.jpg\",\"contentUrl\":\"https:\\\/\\\/diariotextual.com\\\/inicio\\\/wp-content\\\/uploads\\\/2023\\\/05\\\/logotextual1.jpg\",\"width\":516,\"height\":76,\"caption\":\"Diario Textual\"},\"image\":{\"@id\":\"https:\\\/\\\/diariotextual.com\\\/inicio\\\/#\\\/schema\\\/logo\\\/image\\\/\"},\"sameAs\":[\"https:\\\/\\\/www.facebook.com\\\/eltextual\",\"https:\\\/\\\/x.com\\\/eltextual\",\"http:\\\/\\\/www.instagram.com\\\/eltextual\"]},{\"@type\":\"Person\",\"@id\":\"https:\\\/\\\/diariotextual.com\\\/inicio\\\/#\\\/schema\\\/person\\\/418fc4093c33e86ed41562db3508f958\",\"name\":\"Diario1 Diario1\",\"image\":{\"@type\":\"ImageObject\",\"inLanguage\":\"es\",\"@id\":\"https:\\\/\\\/secure.gravatar.com\\\/avatar\\\/9167d280179c85bc18be67aa7eda765854300033af4896dd779b608640f2ef7a?s=96&d=mm&r=g\",\"url\":\"https:\\\/\\\/secure.gravatar.com\\\/avatar\\\/9167d280179c85bc18be67aa7eda765854300033af4896dd779b608640f2ef7a?s=96&d=mm&r=g\",\"contentUrl\":\"https:\\\/\\\/secure.gravatar.com\\\/avatar\\\/9167d280179c85bc18be67aa7eda765854300033af4896dd779b608640f2ef7a?s=96&d=mm&r=g\",\"caption\":\"Diario1 Diario1\"},\"url\":\"https:\\\/\\\/diariotextual.com\\\/inicio\\\/index.php\\\/author\\\/diario1\\\/\"}]}<\/script>\n<!-- \/ Yoast SEO plugin. -->","yoast_head_json":{"title":"Masivas manifestaciones por el fallo a \"La Manada\" - Diario Textual","robots":{"index":"index","follow":"follow","max-snippet":"max-snippet:-1","max-image-preview":"max-image-preview:large","max-video-preview":"max-video-preview:-1"},"canonical":"https:\/\/diariotextual.com\/inicio\/index.php\/2018\/04\/27\/masivas-manifestaciones-fallo-la-manada\/","og_locale":"es_ES","og_type":"article","og_title":"Masivas manifestaciones por el fallo a \"La Manada\" - Diario Textual","og_description":"Los cinco espa\u00f1oles apodados \u00abLa manada\u00bb fueron condenados este jueves a 9 a\u00f1os de c\u00e1rcel por abuso sexual colectivo de una joven en las fiestas de San Ferm\u00edn, aunque el&hellip;","og_url":"https:\/\/diariotextual.com\/inicio\/index.php\/2018\/04\/27\/masivas-manifestaciones-fallo-la-manada\/","og_site_name":"Diario Textual","article_publisher":"https:\/\/www.facebook.com\/eltextual","article_published_time":"2018-04-27T11:28:39+00:00","article_modified_time":"2018-04-27T17:11:05+00:00","og_image":[{"width":1366,"height":910,"url":"https:\/\/diariotextual.com\/inicio\/wp-content\/uploads\/2018\/04\/protestalamanada1111.jpg","type":"image\/jpeg"}],"author":"Diario1 Diario1","twitter_card":"summary_large_image","twitter_creator":"@eltextual","twitter_site":"@eltextual","twitter_misc":{"Escrito por":"Diario1 Diario1","Tiempo de lectura":"3 minutos"},"schema":{"@context":"https:\/\/schema.org","@graph":[{"@type":"Article","@id":"https:\/\/diariotextual.com\/inicio\/index.php\/2018\/04\/27\/masivas-manifestaciones-fallo-la-manada\/#article","isPartOf":{"@id":"https:\/\/diariotextual.com\/inicio\/index.php\/2018\/04\/27\/masivas-manifestaciones-fallo-la-manada\/"},"author":{"name":"Diario1 Diario1","@id":"https:\/\/diariotextual.com\/inicio\/#\/schema\/person\/418fc4093c33e86ed41562db3508f958"},"headline":"Masivas manifestaciones por el fallo a \u00abLa Manada\u00bb","datePublished":"2018-04-27T11:28:39+00:00","dateModified":"2018-04-27T17:11:05+00:00","mainEntityOfPage":{"@id":"https:\/\/diariotextual.com\/inicio\/index.php\/2018\/04\/27\/masivas-manifestaciones-fallo-la-manada\/"},"wordCount":687,"commentCount":0,"publisher":{"@id":"https:\/\/diariotextual.com\/inicio\/#organization"},"image":{"@id":"https:\/\/diariotextual.com\/inicio\/index.php\/2018\/04\/27\/masivas-manifestaciones-fallo-la-manada\/#primaryimage"},"thumbnailUrl":"https:\/\/diariotextual.com\/inicio\/wp-content\/uploads\/2018\/04\/protestalamanada1111.jpg","articleSection":["A - QUE PASA (al costado)","MUNDO"],"inLanguage":"es","potentialAction":[{"@type":"CommentAction","name":"Comment","target":["https:\/\/diariotextual.com\/inicio\/index.php\/2018\/04\/27\/masivas-manifestaciones-fallo-la-manada\/#respond"]}]},{"@type":"WebPage","@id":"https:\/\/diariotextual.com\/inicio\/index.php\/2018\/04\/27\/masivas-manifestaciones-fallo-la-manada\/","url":"https:\/\/diariotextual.com\/inicio\/index.php\/2018\/04\/27\/masivas-manifestaciones-fallo-la-manada\/","name":"Masivas manifestaciones por el fallo a \"La Manada\" - Diario Textual","isPartOf":{"@id":"https:\/\/diariotextual.com\/inicio\/#website"},"primaryImageOfPage":{"@id":"https:\/\/diariotextual.com\/inicio\/index.php\/2018\/04\/27\/masivas-manifestaciones-fallo-la-manada\/#primaryimage"},"image":{"@id":"https:\/\/diariotextual.com\/inicio\/index.php\/2018\/04\/27\/masivas-manifestaciones-fallo-la-manada\/#primaryimage"},"thumbnailUrl":"https:\/\/diariotextual.com\/inicio\/wp-content\/uploads\/2018\/04\/protestalamanada1111.jpg","datePublished":"2018-04-27T11:28:39+00:00","dateModified":"2018-04-27T17:11:05+00:00","breadcrumb":{"@id":"https:\/\/diariotextual.com\/inicio\/index.php\/2018\/04\/27\/masivas-manifestaciones-fallo-la-manada\/#breadcrumb"},"inLanguage":"es","potentialAction":[{"@type":"ReadAction","target":["https:\/\/diariotextual.com\/inicio\/index.php\/2018\/04\/27\/masivas-manifestaciones-fallo-la-manada\/"]}]},{"@type":"ImageObject","inLanguage":"es","@id":"https:\/\/diariotextual.com\/inicio\/index.php\/2018\/04\/27\/masivas-manifestaciones-fallo-la-manada\/#primaryimage","url":"https:\/\/diariotextual.com\/inicio\/wp-content\/uploads\/2018\/04\/protestalamanada1111.jpg","contentUrl":"https:\/\/diariotextual.com\/inicio\/wp-content\/uploads\/2018\/04\/protestalamanada1111.jpg","width":1366,"height":910},{"@type":"BreadcrumbList","@id":"https:\/\/diariotextual.com\/inicio\/index.php\/2018\/04\/27\/masivas-manifestaciones-fallo-la-manada\/#breadcrumb","itemListElement":[{"@type":"ListItem","position":1,"name":"Portada","item":"https:\/\/diariotextual.com\/inicio\/"},{"@type":"ListItem","position":2,"name":"Masivas manifestaciones por el fallo a \u00abLa Manada\u00bb"}]},{"@type":"WebSite","@id":"https:\/\/diariotextual.com\/inicio\/#website","url":"https:\/\/diariotextual.com\/inicio\/","name":"Diario Textual","description":"","publisher":{"@id":"https:\/\/diariotextual.com\/inicio\/#organization"},"potentialAction":[{"@type":"SearchAction","target":{"@type":"EntryPoint","urlTemplate":"https:\/\/diariotextual.com\/inicio\/?s={search_term_string}"},"query-input":{"@type":"PropertyValueSpecification","valueRequired":true,"valueName":"search_term_string"}}],"inLanguage":"es"},{"@type":"Organization","@id":"https:\/\/diariotextual.com\/inicio\/#organization","name":"Diario Textual","url":"https:\/\/diariotextual.com\/inicio\/","logo":{"@type":"ImageObject","inLanguage":"es","@id":"https:\/\/diariotextual.com\/inicio\/#\/schema\/logo\/image\/","url":"https:\/\/diariotextual.com\/inicio\/wp-content\/uploads\/2023\/05\/logotextual1.jpg","contentUrl":"https:\/\/diariotextual.com\/inicio\/wp-content\/uploads\/2023\/05\/logotextual1.jpg","width":516,"height":76,"caption":"Diario Textual"},"image":{"@id":"https:\/\/diariotextual.com\/inicio\/#\/schema\/logo\/image\/"},"sameAs":["https:\/\/www.facebook.com\/eltextual","https:\/\/x.com\/eltextual","http:\/\/www.instagram.com\/eltextual"]},{"@type":"Person","@id":"https:\/\/diariotextual.com\/inicio\/#\/schema\/person\/418fc4093c33e86ed41562db3508f958","name":"Diario1 Diario1","image":{"@type":"ImageObject","inLanguage":"es","@id":"https:\/\/secure.gravatar.com\/avatar\/9167d280179c85bc18be67aa7eda765854300033af4896dd779b608640f2ef7a?s=96&d=mm&r=g","url":"https:\/\/secure.gravatar.com\/avatar\/9167d280179c85bc18be67aa7eda765854300033af4896dd779b608640f2ef7a?s=96&d=mm&r=g","contentUrl":"https:\/\/secure.gravatar.com\/avatar\/9167d280179c85bc18be67aa7eda765854300033af4896dd779b608640f2ef7a?s=96&d=mm&r=g","caption":"Diario1 Diario1"},"url":"https:\/\/diariotextual.com\/inicio\/index.php\/author\/diario1\/"}]}},"_links":{"self":[{"href":"https:\/\/diariotextual.com\/inicio\/index.php\/wp-json\/wp\/v2\/posts\/6067","targetHints":{"allow":["GET"]}}],"collection":[{"href":"https:\/\/diariotextual.com\/inicio\/index.php\/wp-json\/wp\/v2\/posts"}],"about":[{"href":"https:\/\/diariotextual.com\/inicio\/index.php\/wp-json\/wp\/v2\/types\/post"}],"author":[{"embeddable":true,"href":"https:\/\/diariotextual.com\/inicio\/index.php\/wp-json\/wp\/v2\/users\/3"}],"replies":[{"embeddable":true,"href":"https:\/\/diariotextual.com\/inicio\/index.php\/wp-json\/wp\/v2\/comments?post=6067"}],"version-history":[{"count":2,"href":"https:\/\/diariotextual.com\/inicio\/index.php\/wp-json\/wp\/v2\/posts\/6067\/revisions"}],"predecessor-version":[{"id":6070,"href":"https:\/\/diariotextual.com\/inicio\/index.php\/wp-json\/wp\/v2\/posts\/6067\/revisions\/6070"}],"wp:featuredmedia":[{"embeddable":true,"href":"https:\/\/diariotextual.com\/inicio\/index.php\/wp-json\/wp\/v2\/media\/6069"}],"wp:attachment":[{"href":"https:\/\/diariotextual.com\/inicio\/index.php\/wp-json\/wp\/v2\/media?parent=6067"}],"wp:term":[{"taxonomy":"category","embeddable":true,"href":"https:\/\/diariotextual.com\/inicio\/index.php\/wp-json\/wp\/v2\/categories?post=6067"},{"taxonomy":"post_tag","embeddable":true,"href":"https:\/\/diariotextual.com\/inicio\/index.php\/wp-json\/wp\/v2\/tags?post=6067"}],"curies":[{"name":"wp","href":"https:\/\/api.w.org\/{rel}","templated":true}]}}