{"id":60681,"date":"2019-08-25T19:49:43","date_gmt":"2019-08-25T22:49:43","guid":{"rendered":"http:\/\/diariotextual.com\/inicio\/?p=60681"},"modified":"2019-08-26T12:02:38","modified_gmt":"2019-08-26T15:02:38","slug":"medicos-pais-lanzaron-una-campana-favor-del-aborto-legal","status":"publish","type":"post","link":"https:\/\/diariotextual.com\/inicio\/index.php\/2019\/08\/25\/medicos-pais-lanzaron-una-campana-favor-del-aborto-legal\/","title":{"rendered":"M\u00e9dicos de todo el pa\u00eds lanzaron una campa\u00f1a a favor del aborto legal"},"content":{"rendered":"<p><strong>Profesionales de la salud de distintas provincias argentinas, incluida La Pampa<\/strong>, presentaron esta semana la campa\u00f1a <strong>Salvemos miles de vidas pidiendo la legalizaci\u00f3n de la interrupci\u00f3n voluntaria del embarazo (IVE)<\/strong> para \u00abterminar con la muerte de mujeres por abortos clandestinos y las noticias falsas\u00bb sobre la pr\u00e1ctica.<\/p>\n<p><!--more--><\/p>\n<p><strong>\u201cNo soy verde ni celeste\u201d, dijo a T\u00e9lam Marcelo Guida, m\u00e9dico tocoginec\u00f3logo,<\/strong> especialista en fertilizaci\u00f3n asistida, al referirse a los colores que identifican a quienes est\u00e1n a favor y en contra del derecho al aborto en Argentina.<\/p>\n<p>\u201cSoy, junto a los colegas con quienes ideamos esta campa\u00f1a, quienes <strong>debemos garantizar los derechos sexuales y reproductivos a las mujeres\u201d, asever\u00f3 el profesional, que trabaja en Tierra del Fuego<\/strong> donde es uno de los cinco \u00fanicos m\u00e9dicos que no es objetor de conciencia para realizar abortos no punibles.<\/p>\n<p>Salvemos miles de vidas se present\u00f3 con su p\u00e1gina web y redes sociales esta semana, y con carteles en la v\u00eda p\u00fablica en C\u00f3rdoba, Mendoza, Rosario (Santa Fe), Entre R\u00edos, Jujuy, Chaco, Corrientes, R\u00edo Negro, Neuqu\u00e9n, Santa Cruz, Chubut, Tierra del Fuego, <strong>La Pampa<\/strong> y las localidades bonaerenses de Bah\u00eda Blanca, Olavarr\u00eda, La Plata y Jun\u00edn.<\/p>\n<p>\u201cMotorizamos esta iniciativa, m\u00e9dicas y m\u00e9dicos de las provincias, que aportamos la mirada profesional a un problema de salud p\u00fablica y de derechos humanos. <strong>Conocemos de primera mano las consecuencias del aborto clandestino\u201d, afirm\u00f3 Guida<\/strong> en di\u00e1logo con T\u00e9lam.<\/p>\n<p>Y a\u00f1adi\u00f3: \u201c<strong>Lo clandestino se relaciona con lo oscuro, lo secreto, lo que atemoriza. En base a eso se difunden noticias falsas que hacen que las mujeres mueran porque no encuentran respuesta en el Estado<\/strong>, en el sistema de salud, o queden mutiladas\u201d.<\/p>\n<p>El profesional es el referente en Tierra del Fuego del Programa Nacional de Salud Sexual y Reproductiva, al igual que la m\u00e9dica <strong>Yolanda Bertazzo, que cumple ese rol en San Luis.<\/strong><\/p>\n<p>\u201cHay mas testimonios m\u00e9dicos que vamos a ir compartiendo en la p\u00e1gina y en redes sociales. Es m\u00e1s, colegas que quieran sumarse pueden hacerlo a trav\u00e9s de la web\u201d, explic\u00f3 el especialista.<\/p>\n<p>Ambos protagonizan <strong>videos que se pueden ver en www.salvemosmilesdevidas.org y las fotos de la carteler\u00eda callejera.<\/strong><\/p>\n<p>\u201cTodos los m\u00e9dicos, en cualquier lugar del pa\u00eds, atendemos mujeres con consecuencias de abortos clandestinos. Algunas viven y pueden contarnos sus experiencias, otras mueren, por eso <strong>es urgente una ley que garantice la interrupci\u00f3n voluntaria del embarazo<\/strong>\u201d, dijo Guida.<\/p>\n","protected":false},"excerpt":{"rendered":"<p>Profesionales de la salud de distintas provincias argentinas, incluida La Pampa, presentaron esta semana la campa\u00f1a Salvemos miles de vidas pidiendo la legalizaci\u00f3n de la interrupci\u00f3n voluntaria del embarazo (IVE)&hellip;<\/p>\n","protected":false},"author":5,"featured_media":60682,"comment_status":"closed","ping_status":"open","sticky":false,"template":"","format":"standard","meta":{"_acf_changed":false,"footnotes":""},"categories":[319,12],"tags":[],"class_list":["post-60681","post","type-post","status-publish","format-standard","has-post-thumbnail","hentry","category-a-temporales","category-sociedad"],"acf":[],"yoast_head":"<!-- This site is optimized with the Yoast SEO plugin v27.5 - https:\/\/yoast.com\/product\/yoast-seo-wordpress\/ -->\n<title>M\u00e9dicos de todo el pa\u00eds lanzaron una campa\u00f1a a favor del aborto legal - Diario Textual<\/title>\n<meta name=\"robots\" content=\"index, follow, max-snippet:-1, max-image-preview:large, max-video-preview:-1\" \/>\n<link rel=\"canonical\" href=\"https:\/\/diariotextual.com\/inicio\/index.php\/2019\/08\/25\/medicos-pais-lanzaron-una-campana-favor-del-aborto-legal\/\" \/>\n<meta property=\"og:locale\" content=\"es_ES\" \/>\n<meta property=\"og:type\" content=\"article\" \/>\n<meta property=\"og:title\" content=\"M\u00e9dicos de todo el pa\u00eds lanzaron una campa\u00f1a a favor del aborto legal - Diario Textual\" \/>\n<meta property=\"og:description\" content=\"Profesionales de la salud de distintas provincias argentinas, incluida La Pampa, presentaron esta semana la campa\u00f1a Salvemos miles de vidas pidiendo la legalizaci\u00f3n de la interrupci\u00f3n voluntaria del embarazo (IVE)&hellip;\" \/>\n<meta property=\"og:url\" content=\"https:\/\/diariotextual.com\/inicio\/index.php\/2019\/08\/25\/medicos-pais-lanzaron-una-campana-favor-del-aborto-legal\/\" \/>\n<meta property=\"og:site_name\" content=\"Diario Textual\" \/>\n<meta property=\"article:publisher\" content=\"https:\/\/www.facebook.com\/eltextual\" \/>\n<meta property=\"article:published_time\" content=\"2019-08-25T22:49:43+00:00\" \/>\n<meta property=\"article:modified_time\" content=\"2019-08-26T15:02:38+00:00\" \/>\n<meta property=\"og:image\" content=\"https:\/\/diariotextual.com\/inicio\/wp-content\/uploads\/2019\/08\/salvemos.jpg\" \/>\n\t<meta property=\"og:image:width\" content=\"700\" \/>\n\t<meta property=\"og:image:height\" content=\"394\" \/>\n\t<meta property=\"og:image:type\" content=\"image\/jpeg\" \/>\n<meta name=\"author\" content=\"diario3\" \/>\n<meta name=\"twitter:card\" content=\"summary_large_image\" \/>\n<meta name=\"twitter:creator\" content=\"@eltextual\" \/>\n<meta name=\"twitter:site\" content=\"@eltextual\" \/>\n<meta name=\"twitter:label1\" content=\"Escrito por\" \/>\n\t<meta name=\"twitter:data1\" content=\"diario3\" \/>\n\t<meta name=\"twitter:label2\" content=\"Tiempo de lectura\" \/>\n\t<meta name=\"twitter:data2\" content=\"2 minutos\" \/>\n<script type=\"application\/ld+json\" class=\"yoast-schema-graph\">{\"@context\":\"https:\\\/\\\/schema.org\",\"@graph\":[{\"@type\":\"Article\",\"@id\":\"https:\\\/\\\/diariotextual.com\\\/inicio\\\/index.php\\\/2019\\\/08\\\/25\\\/medicos-pais-lanzaron-una-campana-favor-del-aborto-legal\\\/#article\",\"isPartOf\":{\"@id\":\"https:\\\/\\\/diariotextual.com\\\/inicio\\\/index.php\\\/2019\\\/08\\\/25\\\/medicos-pais-lanzaron-una-campana-favor-del-aborto-legal\\\/\"},\"author\":{\"name\":\"diario3\",\"@id\":\"https:\\\/\\\/diariotextual.com\\\/inicio\\\/#\\\/schema\\\/person\\\/a1b6f563e0ee944c60f98119389a4d9f\"},\"headline\":\"M\u00e9dicos de todo el pa\u00eds lanzaron una campa\u00f1a a favor del aborto legal\",\"datePublished\":\"2019-08-25T22:49:43+00:00\",\"dateModified\":\"2019-08-26T15:02:38+00:00\",\"mainEntityOfPage\":{\"@id\":\"https:\\\/\\\/diariotextual.com\\\/inicio\\\/index.php\\\/2019\\\/08\\\/25\\\/medicos-pais-lanzaron-una-campana-favor-del-aborto-legal\\\/\"},\"wordCount\":443,\"publisher\":{\"@id\":\"https:\\\/\\\/diariotextual.com\\\/inicio\\\/#organization\"},\"image\":{\"@id\":\"https:\\\/\\\/diariotextual.com\\\/inicio\\\/index.php\\\/2019\\\/08\\\/25\\\/medicos-pais-lanzaron-una-campana-favor-del-aborto-legal\\\/#primaryimage\"},\"thumbnailUrl\":\"https:\\\/\\\/diariotextual.com\\\/inicio\\\/wp-content\\\/uploads\\\/2019\\\/08\\\/salvemos.jpg\",\"articleSection\":[\"A - TEMPORALES\",\"SOCIEDAD\"],\"inLanguage\":\"es\"},{\"@type\":\"WebPage\",\"@id\":\"https:\\\/\\\/diariotextual.com\\\/inicio\\\/index.php\\\/2019\\\/08\\\/25\\\/medicos-pais-lanzaron-una-campana-favor-del-aborto-legal\\\/\",\"url\":\"https:\\\/\\\/diariotextual.com\\\/inicio\\\/index.php\\\/2019\\\/08\\\/25\\\/medicos-pais-lanzaron-una-campana-favor-del-aborto-legal\\\/\",\"name\":\"M\u00e9dicos de todo el pa\u00eds lanzaron una campa\u00f1a a favor del aborto legal - Diario Textual\",\"isPartOf\":{\"@id\":\"https:\\\/\\\/diariotextual.com\\\/inicio\\\/#website\"},\"primaryImageOfPage\":{\"@id\":\"https:\\\/\\\/diariotextual.com\\\/inicio\\\/index.php\\\/2019\\\/08\\\/25\\\/medicos-pais-lanzaron-una-campana-favor-del-aborto-legal\\\/#primaryimage\"},\"image\":{\"@id\":\"https:\\\/\\\/diariotextual.com\\\/inicio\\\/index.php\\\/2019\\\/08\\\/25\\\/medicos-pais-lanzaron-una-campana-favor-del-aborto-legal\\\/#primaryimage\"},\"thumbnailUrl\":\"https:\\\/\\\/diariotextual.com\\\/inicio\\\/wp-content\\\/uploads\\\/2019\\\/08\\\/salvemos.jpg\",\"datePublished\":\"2019-08-25T22:49:43+00:00\",\"dateModified\":\"2019-08-26T15:02:38+00:00\",\"breadcrumb\":{\"@id\":\"https:\\\/\\\/diariotextual.com\\\/inicio\\\/index.php\\\/2019\\\/08\\\/25\\\/medicos-pais-lanzaron-una-campana-favor-del-aborto-legal\\\/#breadcrumb\"},\"inLanguage\":\"es\",\"potentialAction\":[{\"@type\":\"ReadAction\",\"target\":[\"https:\\\/\\\/diariotextual.com\\\/inicio\\\/index.php\\\/2019\\\/08\\\/25\\\/medicos-pais-lanzaron-una-campana-favor-del-aborto-legal\\\/\"]}]},{\"@type\":\"ImageObject\",\"inLanguage\":\"es\",\"@id\":\"https:\\\/\\\/diariotextual.com\\\/inicio\\\/index.php\\\/2019\\\/08\\\/25\\\/medicos-pais-lanzaron-una-campana-favor-del-aborto-legal\\\/#primaryimage\",\"url\":\"https:\\\/\\\/diariotextual.com\\\/inicio\\\/wp-content\\\/uploads\\\/2019\\\/08\\\/salvemos.jpg\",\"contentUrl\":\"https:\\\/\\\/diariotextual.com\\\/inicio\\\/wp-content\\\/uploads\\\/2019\\\/08\\\/salvemos.jpg\",\"width\":700,\"height\":394},{\"@type\":\"BreadcrumbList\",\"@id\":\"https:\\\/\\\/diariotextual.com\\\/inicio\\\/index.php\\\/2019\\\/08\\\/25\\\/medicos-pais-lanzaron-una-campana-favor-del-aborto-legal\\\/#breadcrumb\",\"itemListElement\":[{\"@type\":\"ListItem\",\"position\":1,\"name\":\"Portada\",\"item\":\"https:\\\/\\\/diariotextual.com\\\/inicio\\\/\"},{\"@type\":\"ListItem\",\"position\":2,\"name\":\"M\u00e9dicos de todo el pa\u00eds lanzaron una campa\u00f1a a favor del aborto legal\"}]},{\"@type\":\"WebSite\",\"@id\":\"https:\\\/\\\/diariotextual.com\\\/inicio\\\/#website\",\"url\":\"https:\\\/\\\/diariotextual.com\\\/inicio\\\/\",\"name\":\"Diario Textual\",\"description\":\"\",\"publisher\":{\"@id\":\"https:\\\/\\\/diariotextual.com\\\/inicio\\\/#organization\"},\"potentialAction\":[{\"@type\":\"SearchAction\",\"target\":{\"@type\":\"EntryPoint\",\"urlTemplate\":\"https:\\\/\\\/diariotextual.com\\\/inicio\\\/?s={search_term_string}\"},\"query-input\":{\"@type\":\"PropertyValueSpecification\",\"valueRequired\":true,\"valueName\":\"search_term_string\"}}],\"inLanguage\":\"es\"},{\"@type\":\"Organization\",\"@id\":\"https:\\\/\\\/diariotextual.com\\\/inicio\\\/#organization\",\"name\":\"Diario Textual\",\"url\":\"https:\\\/\\\/diariotextual.com\\\/inicio\\\/\",\"logo\":{\"@type\":\"ImageObject\",\"inLanguage\":\"es\",\"@id\":\"https:\\\/\\\/diariotextual.com\\\/inicio\\\/#\\\/schema\\\/logo\\\/image\\\/\",\"url\":\"https:\\\/\\\/diariotextual.com\\\/inicio\\\/wp-content\\\/uploads\\\/2023\\\/05\\\/logotextual1.jpg\",\"contentUrl\":\"https:\\\/\\\/diariotextual.com\\\/inicio\\\/wp-content\\\/uploads\\\/2023\\\/05\\\/logotextual1.jpg\",\"width\":516,\"height\":76,\"caption\":\"Diario Textual\"},\"image\":{\"@id\":\"https:\\\/\\\/diariotextual.com\\\/inicio\\\/#\\\/schema\\\/logo\\\/image\\\/\"},\"sameAs\":[\"https:\\\/\\\/www.facebook.com\\\/eltextual\",\"https:\\\/\\\/x.com\\\/eltextual\",\"http:\\\/\\\/www.instagram.com\\\/eltextual\"]},{\"@type\":\"Person\",\"@id\":\"https:\\\/\\\/diariotextual.com\\\/inicio\\\/#\\\/schema\\\/person\\\/a1b6f563e0ee944c60f98119389a4d9f\",\"name\":\"diario3\",\"image\":{\"@type\":\"ImageObject\",\"inLanguage\":\"es\",\"@id\":\"https:\\\/\\\/secure.gravatar.com\\\/avatar\\\/5e7ee62c82fc04d9dd79d746a390d93c69c43223e5faeeb3ea9461ef752bfc5d?s=96&d=mm&r=g\",\"url\":\"https:\\\/\\\/secure.gravatar.com\\\/avatar\\\/5e7ee62c82fc04d9dd79d746a390d93c69c43223e5faeeb3ea9461ef752bfc5d?s=96&d=mm&r=g\",\"contentUrl\":\"https:\\\/\\\/secure.gravatar.com\\\/avatar\\\/5e7ee62c82fc04d9dd79d746a390d93c69c43223e5faeeb3ea9461ef752bfc5d?s=96&d=mm&r=g\",\"caption\":\"diario3\"},\"url\":\"https:\\\/\\\/diariotextual.com\\\/inicio\\\/index.php\\\/author\\\/diario3\\\/\"}]}<\/script>\n<!-- \/ Yoast SEO plugin. -->","yoast_head_json":{"title":"M\u00e9dicos de todo el pa\u00eds lanzaron una campa\u00f1a a favor del aborto legal - Diario Textual","robots":{"index":"index","follow":"follow","max-snippet":"max-snippet:-1","max-image-preview":"max-image-preview:large","max-video-preview":"max-video-preview:-1"},"canonical":"https:\/\/diariotextual.com\/inicio\/index.php\/2019\/08\/25\/medicos-pais-lanzaron-una-campana-favor-del-aborto-legal\/","og_locale":"es_ES","og_type":"article","og_title":"M\u00e9dicos de todo el pa\u00eds lanzaron una campa\u00f1a a favor del aborto legal - Diario Textual","og_description":"Profesionales de la salud de distintas provincias argentinas, incluida La Pampa, presentaron esta semana la campa\u00f1a Salvemos miles de vidas pidiendo la legalizaci\u00f3n de la interrupci\u00f3n voluntaria del embarazo (IVE)&hellip;","og_url":"https:\/\/diariotextual.com\/inicio\/index.php\/2019\/08\/25\/medicos-pais-lanzaron-una-campana-favor-del-aborto-legal\/","og_site_name":"Diario Textual","article_publisher":"https:\/\/www.facebook.com\/eltextual","article_published_time":"2019-08-25T22:49:43+00:00","article_modified_time":"2019-08-26T15:02:38+00:00","og_image":[{"width":700,"height":394,"url":"https:\/\/diariotextual.com\/inicio\/wp-content\/uploads\/2019\/08\/salvemos.jpg","type":"image\/jpeg"}],"author":"diario3","twitter_card":"summary_large_image","twitter_creator":"@eltextual","twitter_site":"@eltextual","twitter_misc":{"Escrito por":"diario3","Tiempo de lectura":"2 minutos"},"schema":{"@context":"https:\/\/schema.org","@graph":[{"@type":"Article","@id":"https:\/\/diariotextual.com\/inicio\/index.php\/2019\/08\/25\/medicos-pais-lanzaron-una-campana-favor-del-aborto-legal\/#article","isPartOf":{"@id":"https:\/\/diariotextual.com\/inicio\/index.php\/2019\/08\/25\/medicos-pais-lanzaron-una-campana-favor-del-aborto-legal\/"},"author":{"name":"diario3","@id":"https:\/\/diariotextual.com\/inicio\/#\/schema\/person\/a1b6f563e0ee944c60f98119389a4d9f"},"headline":"M\u00e9dicos de todo el pa\u00eds lanzaron una campa\u00f1a a favor del aborto legal","datePublished":"2019-08-25T22:49:43+00:00","dateModified":"2019-08-26T15:02:38+00:00","mainEntityOfPage":{"@id":"https:\/\/diariotextual.com\/inicio\/index.php\/2019\/08\/25\/medicos-pais-lanzaron-una-campana-favor-del-aborto-legal\/"},"wordCount":443,"publisher":{"@id":"https:\/\/diariotextual.com\/inicio\/#organization"},"image":{"@id":"https:\/\/diariotextual.com\/inicio\/index.php\/2019\/08\/25\/medicos-pais-lanzaron-una-campana-favor-del-aborto-legal\/#primaryimage"},"thumbnailUrl":"https:\/\/diariotextual.com\/inicio\/wp-content\/uploads\/2019\/08\/salvemos.jpg","articleSection":["A - TEMPORALES","SOCIEDAD"],"inLanguage":"es"},{"@type":"WebPage","@id":"https:\/\/diariotextual.com\/inicio\/index.php\/2019\/08\/25\/medicos-pais-lanzaron-una-campana-favor-del-aborto-legal\/","url":"https:\/\/diariotextual.com\/inicio\/index.php\/2019\/08\/25\/medicos-pais-lanzaron-una-campana-favor-del-aborto-legal\/","name":"M\u00e9dicos de todo el pa\u00eds lanzaron una campa\u00f1a a favor del aborto legal - Diario Textual","isPartOf":{"@id":"https:\/\/diariotextual.com\/inicio\/#website"},"primaryImageOfPage":{"@id":"https:\/\/diariotextual.com\/inicio\/index.php\/2019\/08\/25\/medicos-pais-lanzaron-una-campana-favor-del-aborto-legal\/#primaryimage"},"image":{"@id":"https:\/\/diariotextual.com\/inicio\/index.php\/2019\/08\/25\/medicos-pais-lanzaron-una-campana-favor-del-aborto-legal\/#primaryimage"},"thumbnailUrl":"https:\/\/diariotextual.com\/inicio\/wp-content\/uploads\/2019\/08\/salvemos.jpg","datePublished":"2019-08-25T22:49:43+00:00","dateModified":"2019-08-26T15:02:38+00:00","breadcrumb":{"@id":"https:\/\/diariotextual.com\/inicio\/index.php\/2019\/08\/25\/medicos-pais-lanzaron-una-campana-favor-del-aborto-legal\/#breadcrumb"},"inLanguage":"es","potentialAction":[{"@type":"ReadAction","target":["https:\/\/diariotextual.com\/inicio\/index.php\/2019\/08\/25\/medicos-pais-lanzaron-una-campana-favor-del-aborto-legal\/"]}]},{"@type":"ImageObject","inLanguage":"es","@id":"https:\/\/diariotextual.com\/inicio\/index.php\/2019\/08\/25\/medicos-pais-lanzaron-una-campana-favor-del-aborto-legal\/#primaryimage","url":"https:\/\/diariotextual.com\/inicio\/wp-content\/uploads\/2019\/08\/salvemos.jpg","contentUrl":"https:\/\/diariotextual.com\/inicio\/wp-content\/uploads\/2019\/08\/salvemos.jpg","width":700,"height":394},{"@type":"BreadcrumbList","@id":"https:\/\/diariotextual.com\/inicio\/index.php\/2019\/08\/25\/medicos-pais-lanzaron-una-campana-favor-del-aborto-legal\/#breadcrumb","itemListElement":[{"@type":"ListItem","position":1,"name":"Portada","item":"https:\/\/diariotextual.com\/inicio\/"},{"@type":"ListItem","position":2,"name":"M\u00e9dicos de todo el pa\u00eds lanzaron una campa\u00f1a a favor del aborto legal"}]},{"@type":"WebSite","@id":"https:\/\/diariotextual.com\/inicio\/#website","url":"https:\/\/diariotextual.com\/inicio\/","name":"Diario Textual","description":"","publisher":{"@id":"https:\/\/diariotextual.com\/inicio\/#organization"},"potentialAction":[{"@type":"SearchAction","target":{"@type":"EntryPoint","urlTemplate":"https:\/\/diariotextual.com\/inicio\/?s={search_term_string}"},"query-input":{"@type":"PropertyValueSpecification","valueRequired":true,"valueName":"search_term_string"}}],"inLanguage":"es"},{"@type":"Organization","@id":"https:\/\/diariotextual.com\/inicio\/#organization","name":"Diario Textual","url":"https:\/\/diariotextual.com\/inicio\/","logo":{"@type":"ImageObject","inLanguage":"es","@id":"https:\/\/diariotextual.com\/inicio\/#\/schema\/logo\/image\/","url":"https:\/\/diariotextual.com\/inicio\/wp-content\/uploads\/2023\/05\/logotextual1.jpg","contentUrl":"https:\/\/diariotextual.com\/inicio\/wp-content\/uploads\/2023\/05\/logotextual1.jpg","width":516,"height":76,"caption":"Diario Textual"},"image":{"@id":"https:\/\/diariotextual.com\/inicio\/#\/schema\/logo\/image\/"},"sameAs":["https:\/\/www.facebook.com\/eltextual","https:\/\/x.com\/eltextual","http:\/\/www.instagram.com\/eltextual"]},{"@type":"Person","@id":"https:\/\/diariotextual.com\/inicio\/#\/schema\/person\/a1b6f563e0ee944c60f98119389a4d9f","name":"diario3","image":{"@type":"ImageObject","inLanguage":"es","@id":"https:\/\/secure.gravatar.com\/avatar\/5e7ee62c82fc04d9dd79d746a390d93c69c43223e5faeeb3ea9461ef752bfc5d?s=96&d=mm&r=g","url":"https:\/\/secure.gravatar.com\/avatar\/5e7ee62c82fc04d9dd79d746a390d93c69c43223e5faeeb3ea9461ef752bfc5d?s=96&d=mm&r=g","contentUrl":"https:\/\/secure.gravatar.com\/avatar\/5e7ee62c82fc04d9dd79d746a390d93c69c43223e5faeeb3ea9461ef752bfc5d?s=96&d=mm&r=g","caption":"diario3"},"url":"https:\/\/diariotextual.com\/inicio\/index.php\/author\/diario3\/"}]}},"_links":{"self":[{"href":"https:\/\/diariotextual.com\/inicio\/index.php\/wp-json\/wp\/v2\/posts\/60681","targetHints":{"allow":["GET"]}}],"collection":[{"href":"https:\/\/diariotextual.com\/inicio\/index.php\/wp-json\/wp\/v2\/posts"}],"about":[{"href":"https:\/\/diariotextual.com\/inicio\/index.php\/wp-json\/wp\/v2\/types\/post"}],"author":[{"embeddable":true,"href":"https:\/\/diariotextual.com\/inicio\/index.php\/wp-json\/wp\/v2\/users\/5"}],"replies":[{"embeddable":true,"href":"https:\/\/diariotextual.com\/inicio\/index.php\/wp-json\/wp\/v2\/comments?post=60681"}],"version-history":[{"count":1,"href":"https:\/\/diariotextual.com\/inicio\/index.php\/wp-json\/wp\/v2\/posts\/60681\/revisions"}],"predecessor-version":[{"id":60683,"href":"https:\/\/diariotextual.com\/inicio\/index.php\/wp-json\/wp\/v2\/posts\/60681\/revisions\/60683"}],"wp:featuredmedia":[{"embeddable":true,"href":"https:\/\/diariotextual.com\/inicio\/index.php\/wp-json\/wp\/v2\/media\/60682"}],"wp:attachment":[{"href":"https:\/\/diariotextual.com\/inicio\/index.php\/wp-json\/wp\/v2\/media?parent=60681"}],"wp:term":[{"taxonomy":"category","embeddable":true,"href":"https:\/\/diariotextual.com\/inicio\/index.php\/wp-json\/wp\/v2\/categories?post=60681"},{"taxonomy":"post_tag","embeddable":true,"href":"https:\/\/diariotextual.com\/inicio\/index.php\/wp-json\/wp\/v2\/tags?post=60681"}],"curies":[{"name":"wp","href":"https:\/\/api.w.org\/{rel}","templated":true}]}}