{"id":60710,"date":"2019-08-26T08:24:48","date_gmt":"2019-08-26T11:24:48","guid":{"rendered":"http:\/\/diariotextual.com\/inicio\/?p=60710"},"modified":"2019-08-26T16:30:27","modified_gmt":"2019-08-26T19:30:27","slug":"senador-presento-proyecto-derogar-dnu-congelo-los-combustibles","status":"publish","type":"post","link":"https:\/\/diariotextual.com\/inicio\/index.php\/2019\/08\/26\/senador-presento-proyecto-derogar-dnu-congelo-los-combustibles\/","title":{"rendered":"Senador present\u00f3 un proyecto para derogar el DNU que congel\u00f3 los combustibles"},"content":{"rendered":"<p>El senador nacional <strong>Guillermo Pereyra<\/strong> present\u00f3 un proyecto de ley para derogar el <strong>Decreto de Necesidad y Urgencia<\/strong> que <strong>congel\u00f3 el precio del crudo<\/strong>. Consider\u00f3 que la medida impuesta por Mauricio\u00a0Macri <strong>\u00abatenta directamente contra las econom\u00edas provinciales y contra el sector trabajador<\/strong> vinculado directa e indirectamente con la industria hidrocarbur\u00edfera\u00bb.<\/p>\n<blockquote class=\"wp-embedded-content\" data-secret=\"HKukoOHjyK\"><p><a href=\"http:\/\/diariotextual.com\/inicio\/index.php\/2019\/08\/21\/verna-ahora-fue-la-corte-suprema-congelamiento-las-naftas\/\">El gobernador ahora present\u00f3 un amparo contra el congelamiento de las naftas<\/a><\/p><\/blockquote>\n<p><iframe class=\"wp-embedded-content\" sandbox=\"allow-scripts\" security=\"restricted\" style=\"position: absolute; clip: rect(1px, 1px, 1px, 1px);\" src=\"http:\/\/diariotextual.com\/inicio\/index.php\/2019\/08\/21\/verna-ahora-fue-la-corte-suprema-congelamiento-las-naftas\/embed\/#?secret=HKukoOHjyK\" data-secret=\"HKukoOHjyK\" width=\"600\" height=\"338\" title=\"&#171;El gobernador ahora present\u00f3 un amparo contra el congelamiento de las naftas&#187; &#8212; Diario Textual\" frameborder=\"0\" marginwidth=\"0\" marginheight=\"0\" scrolling=\"no\"><\/iframe><\/p>\n<p>De esta forma el senador -que tambi\u00e9n es el titular del Sindicato del Petr\u00f3leo y Gas Privado de Neuqu\u00e9n, R\u00edo Negro y La Pampa- se sum\u00f3 a los <strong>gobernadores de R\u00edo Negro, de La Pampa y de Neuqu\u00e9n, quienes pidieron a la Corte Suprema que se pronunciara sobre la constitucionalidad del DNU<\/strong> que congel\u00f3 el precio de los combustibles.<\/p>\n<p><strong>\u00abEs una medida inconsulta, sin ning\u00fan tipo de consenso por parte de los actores involucrados y ni siquiera se permite esgrimir una propuesta superadora y que logre el mismo fin\u00bb<\/strong>, sostuvo.<\/p>\n<p>Reclam\u00f3 adem\u00e1s el urgente tratamiento de un proyecto de su autor\u00eda presentado en el mes de marzo, por el cual se exime del Impuesto al Valor Agregado a productos de la canasta b\u00e1sica alimentaria y servicios de gas, energ\u00eda el\u00e9ctrica y de provisi\u00f3n de agua para domicilios destinados a vivienda.<\/p>\n<p>&nbsp;<\/p>\n","protected":false},"excerpt":{"rendered":"<p>El senador nacional Guillermo Pereyra present\u00f3 un proyecto de ley para derogar el Decreto de Necesidad y Urgencia que congel\u00f3 el precio del crudo. Consider\u00f3 que la medida impuesta por&hellip;<\/p>\n","protected":false},"author":7,"featured_media":17327,"comment_status":"closed","ping_status":"open","sticky":false,"template":"","format":"standard","meta":{"_acf_changed":false,"footnotes":""},"categories":[319,8],"tags":[],"class_list":["post-60710","post","type-post","status-publish","format-standard","has-post-thumbnail","hentry","category-a-temporales","category-politica"],"acf":[],"yoast_head":"<!-- This site is optimized with the Yoast SEO plugin v27.5 - https:\/\/yoast.com\/product\/yoast-seo-wordpress\/ -->\n<title>Senador present\u00f3 un proyecto para derogar el DNU que congel\u00f3 los combustibles - Diario Textual<\/title>\n<meta name=\"robots\" content=\"index, follow, max-snippet:-1, max-image-preview:large, max-video-preview:-1\" \/>\n<link rel=\"canonical\" href=\"https:\/\/diariotextual.com\/inicio\/index.php\/2019\/08\/26\/senador-presento-proyecto-derogar-dnu-congelo-los-combustibles\/\" \/>\n<meta property=\"og:locale\" content=\"es_ES\" \/>\n<meta property=\"og:type\" content=\"article\" \/>\n<meta property=\"og:title\" content=\"Senador present\u00f3 un proyecto para derogar el DNU que congel\u00f3 los combustibles - Diario Textual\" \/>\n<meta property=\"og:description\" content=\"El senador nacional Guillermo Pereyra present\u00f3 un proyecto de ley para derogar el Decreto de Necesidad y Urgencia que congel\u00f3 el precio del crudo. Consider\u00f3 que la medida impuesta por&hellip;\" \/>\n<meta property=\"og:url\" content=\"https:\/\/diariotextual.com\/inicio\/index.php\/2019\/08\/26\/senador-presento-proyecto-derogar-dnu-congelo-los-combustibles\/\" \/>\n<meta property=\"og:site_name\" content=\"Diario Textual\" \/>\n<meta property=\"article:publisher\" content=\"https:\/\/www.facebook.com\/eltextual\" \/>\n<meta property=\"article:published_time\" content=\"2019-08-26T11:24:48+00:00\" \/>\n<meta property=\"article:modified_time\" content=\"2019-08-26T19:30:27+00:00\" \/>\n<meta property=\"og:image\" content=\"https:\/\/diariotextual.com\/inicio\/wp-content\/uploads\/2018\/08\/combustiblesnaftas888.jpg\" \/>\n\t<meta property=\"og:image:width\" content=\"864\" \/>\n\t<meta property=\"og:image:height\" content=\"565\" \/>\n\t<meta property=\"og:image:type\" content=\"image\/jpeg\" \/>\n<meta name=\"author\" content=\"diario5\" \/>\n<meta name=\"twitter:card\" content=\"summary_large_image\" \/>\n<meta name=\"twitter:creator\" content=\"@eltextual\" \/>\n<meta name=\"twitter:site\" content=\"@eltextual\" \/>\n<meta name=\"twitter:label1\" content=\"Escrito por\" \/>\n\t<meta name=\"twitter:data1\" content=\"diario5\" \/>\n\t<meta name=\"twitter:label2\" content=\"Tiempo de lectura\" \/>\n\t<meta name=\"twitter:data2\" content=\"1 minuto\" \/>\n<script type=\"application\/ld+json\" class=\"yoast-schema-graph\">{\"@context\":\"https:\\\/\\\/schema.org\",\"@graph\":[{\"@type\":\"Article\",\"@id\":\"https:\\\/\\\/diariotextual.com\\\/inicio\\\/index.php\\\/2019\\\/08\\\/26\\\/senador-presento-proyecto-derogar-dnu-congelo-los-combustibles\\\/#article\",\"isPartOf\":{\"@id\":\"https:\\\/\\\/diariotextual.com\\\/inicio\\\/index.php\\\/2019\\\/08\\\/26\\\/senador-presento-proyecto-derogar-dnu-congelo-los-combustibles\\\/\"},\"author\":{\"name\":\"diario5\",\"@id\":\"https:\\\/\\\/diariotextual.com\\\/inicio\\\/#\\\/schema\\\/person\\\/c7834961ad8b29b1d9cdbf4571299067\"},\"headline\":\"Senador present\u00f3 un proyecto para derogar el DNU que congel\u00f3 los combustibles\",\"datePublished\":\"2019-08-26T11:24:48+00:00\",\"dateModified\":\"2019-08-26T19:30:27+00:00\",\"mainEntityOfPage\":{\"@id\":\"https:\\\/\\\/diariotextual.com\\\/inicio\\\/index.php\\\/2019\\\/08\\\/26\\\/senador-presento-proyecto-derogar-dnu-congelo-los-combustibles\\\/\"},\"wordCount\":226,\"publisher\":{\"@id\":\"https:\\\/\\\/diariotextual.com\\\/inicio\\\/#organization\"},\"image\":{\"@id\":\"https:\\\/\\\/diariotextual.com\\\/inicio\\\/index.php\\\/2019\\\/08\\\/26\\\/senador-presento-proyecto-derogar-dnu-congelo-los-combustibles\\\/#primaryimage\"},\"thumbnailUrl\":\"https:\\\/\\\/diariotextual.com\\\/inicio\\\/wp-content\\\/uploads\\\/2018\\\/08\\\/combustiblesnaftas888.jpg\",\"articleSection\":[\"A - TEMPORALES\",\"POLITICA\"],\"inLanguage\":\"es\"},{\"@type\":\"WebPage\",\"@id\":\"https:\\\/\\\/diariotextual.com\\\/inicio\\\/index.php\\\/2019\\\/08\\\/26\\\/senador-presento-proyecto-derogar-dnu-congelo-los-combustibles\\\/\",\"url\":\"https:\\\/\\\/diariotextual.com\\\/inicio\\\/index.php\\\/2019\\\/08\\\/26\\\/senador-presento-proyecto-derogar-dnu-congelo-los-combustibles\\\/\",\"name\":\"Senador present\u00f3 un proyecto para derogar el DNU que congel\u00f3 los combustibles - Diario Textual\",\"isPartOf\":{\"@id\":\"https:\\\/\\\/diariotextual.com\\\/inicio\\\/#website\"},\"primaryImageOfPage\":{\"@id\":\"https:\\\/\\\/diariotextual.com\\\/inicio\\\/index.php\\\/2019\\\/08\\\/26\\\/senador-presento-proyecto-derogar-dnu-congelo-los-combustibles\\\/#primaryimage\"},\"image\":{\"@id\":\"https:\\\/\\\/diariotextual.com\\\/inicio\\\/index.php\\\/2019\\\/08\\\/26\\\/senador-presento-proyecto-derogar-dnu-congelo-los-combustibles\\\/#primaryimage\"},\"thumbnailUrl\":\"https:\\\/\\\/diariotextual.com\\\/inicio\\\/wp-content\\\/uploads\\\/2018\\\/08\\\/combustiblesnaftas888.jpg\",\"datePublished\":\"2019-08-26T11:24:48+00:00\",\"dateModified\":\"2019-08-26T19:30:27+00:00\",\"breadcrumb\":{\"@id\":\"https:\\\/\\\/diariotextual.com\\\/inicio\\\/index.php\\\/2019\\\/08\\\/26\\\/senador-presento-proyecto-derogar-dnu-congelo-los-combustibles\\\/#breadcrumb\"},\"inLanguage\":\"es\",\"potentialAction\":[{\"@type\":\"ReadAction\",\"target\":[\"https:\\\/\\\/diariotextual.com\\\/inicio\\\/index.php\\\/2019\\\/08\\\/26\\\/senador-presento-proyecto-derogar-dnu-congelo-los-combustibles\\\/\"]}]},{\"@type\":\"ImageObject\",\"inLanguage\":\"es\",\"@id\":\"https:\\\/\\\/diariotextual.com\\\/inicio\\\/index.php\\\/2019\\\/08\\\/26\\\/senador-presento-proyecto-derogar-dnu-congelo-los-combustibles\\\/#primaryimage\",\"url\":\"https:\\\/\\\/diariotextual.com\\\/inicio\\\/wp-content\\\/uploads\\\/2018\\\/08\\\/combustiblesnaftas888.jpg\",\"contentUrl\":\"https:\\\/\\\/diariotextual.com\\\/inicio\\\/wp-content\\\/uploads\\\/2018\\\/08\\\/combustiblesnaftas888.jpg\",\"width\":864,\"height\":565},{\"@type\":\"BreadcrumbList\",\"@id\":\"https:\\\/\\\/diariotextual.com\\\/inicio\\\/index.php\\\/2019\\\/08\\\/26\\\/senador-presento-proyecto-derogar-dnu-congelo-los-combustibles\\\/#breadcrumb\",\"itemListElement\":[{\"@type\":\"ListItem\",\"position\":1,\"name\":\"Portada\",\"item\":\"https:\\\/\\\/diariotextual.com\\\/inicio\\\/\"},{\"@type\":\"ListItem\",\"position\":2,\"name\":\"Senador present\u00f3 un proyecto para derogar el DNU que congel\u00f3 los combustibles\"}]},{\"@type\":\"WebSite\",\"@id\":\"https:\\\/\\\/diariotextual.com\\\/inicio\\\/#website\",\"url\":\"https:\\\/\\\/diariotextual.com\\\/inicio\\\/\",\"name\":\"Diario Textual\",\"description\":\"\",\"publisher\":{\"@id\":\"https:\\\/\\\/diariotextual.com\\\/inicio\\\/#organization\"},\"potentialAction\":[{\"@type\":\"SearchAction\",\"target\":{\"@type\":\"EntryPoint\",\"urlTemplate\":\"https:\\\/\\\/diariotextual.com\\\/inicio\\\/?s={search_term_string}\"},\"query-input\":{\"@type\":\"PropertyValueSpecification\",\"valueRequired\":true,\"valueName\":\"search_term_string\"}}],\"inLanguage\":\"es\"},{\"@type\":\"Organization\",\"@id\":\"https:\\\/\\\/diariotextual.com\\\/inicio\\\/#organization\",\"name\":\"Diario Textual\",\"url\":\"https:\\\/\\\/diariotextual.com\\\/inicio\\\/\",\"logo\":{\"@type\":\"ImageObject\",\"inLanguage\":\"es\",\"@id\":\"https:\\\/\\\/diariotextual.com\\\/inicio\\\/#\\\/schema\\\/logo\\\/image\\\/\",\"url\":\"https:\\\/\\\/diariotextual.com\\\/inicio\\\/wp-content\\\/uploads\\\/2023\\\/05\\\/logotextual1.jpg\",\"contentUrl\":\"https:\\\/\\\/diariotextual.com\\\/inicio\\\/wp-content\\\/uploads\\\/2023\\\/05\\\/logotextual1.jpg\",\"width\":516,\"height\":76,\"caption\":\"Diario Textual\"},\"image\":{\"@id\":\"https:\\\/\\\/diariotextual.com\\\/inicio\\\/#\\\/schema\\\/logo\\\/image\\\/\"},\"sameAs\":[\"https:\\\/\\\/www.facebook.com\\\/eltextual\",\"https:\\\/\\\/x.com\\\/eltextual\",\"http:\\\/\\\/www.instagram.com\\\/eltextual\"]},{\"@type\":\"Person\",\"@id\":\"https:\\\/\\\/diariotextual.com\\\/inicio\\\/#\\\/schema\\\/person\\\/c7834961ad8b29b1d9cdbf4571299067\",\"name\":\"diario5\",\"image\":{\"@type\":\"ImageObject\",\"inLanguage\":\"es\",\"@id\":\"https:\\\/\\\/secure.gravatar.com\\\/avatar\\\/948c893b847ca6df68216ead81b63f363408ec9b0f600fefc0641ce78613b111?s=96&d=mm&r=g\",\"url\":\"https:\\\/\\\/secure.gravatar.com\\\/avatar\\\/948c893b847ca6df68216ead81b63f363408ec9b0f600fefc0641ce78613b111?s=96&d=mm&r=g\",\"contentUrl\":\"https:\\\/\\\/secure.gravatar.com\\\/avatar\\\/948c893b847ca6df68216ead81b63f363408ec9b0f600fefc0641ce78613b111?s=96&d=mm&r=g\",\"caption\":\"diario5\"},\"url\":\"https:\\\/\\\/diariotextual.com\\\/inicio\\\/index.php\\\/author\\\/diario5\\\/\"}]}<\/script>\n<!-- \/ Yoast SEO plugin. -->","yoast_head_json":{"title":"Senador present\u00f3 un proyecto para derogar el DNU que congel\u00f3 los combustibles - Diario Textual","robots":{"index":"index","follow":"follow","max-snippet":"max-snippet:-1","max-image-preview":"max-image-preview:large","max-video-preview":"max-video-preview:-1"},"canonical":"https:\/\/diariotextual.com\/inicio\/index.php\/2019\/08\/26\/senador-presento-proyecto-derogar-dnu-congelo-los-combustibles\/","og_locale":"es_ES","og_type":"article","og_title":"Senador present\u00f3 un proyecto para derogar el DNU que congel\u00f3 los combustibles - Diario Textual","og_description":"El senador nacional Guillermo Pereyra present\u00f3 un proyecto de ley para derogar el Decreto de Necesidad y Urgencia que congel\u00f3 el precio del crudo. Consider\u00f3 que la medida impuesta por&hellip;","og_url":"https:\/\/diariotextual.com\/inicio\/index.php\/2019\/08\/26\/senador-presento-proyecto-derogar-dnu-congelo-los-combustibles\/","og_site_name":"Diario Textual","article_publisher":"https:\/\/www.facebook.com\/eltextual","article_published_time":"2019-08-26T11:24:48+00:00","article_modified_time":"2019-08-26T19:30:27+00:00","og_image":[{"width":864,"height":565,"url":"https:\/\/diariotextual.com\/inicio\/wp-content\/uploads\/2018\/08\/combustiblesnaftas888.jpg","type":"image\/jpeg"}],"author":"diario5","twitter_card":"summary_large_image","twitter_creator":"@eltextual","twitter_site":"@eltextual","twitter_misc":{"Escrito por":"diario5","Tiempo de lectura":"1 minuto"},"schema":{"@context":"https:\/\/schema.org","@graph":[{"@type":"Article","@id":"https:\/\/diariotextual.com\/inicio\/index.php\/2019\/08\/26\/senador-presento-proyecto-derogar-dnu-congelo-los-combustibles\/#article","isPartOf":{"@id":"https:\/\/diariotextual.com\/inicio\/index.php\/2019\/08\/26\/senador-presento-proyecto-derogar-dnu-congelo-los-combustibles\/"},"author":{"name":"diario5","@id":"https:\/\/diariotextual.com\/inicio\/#\/schema\/person\/c7834961ad8b29b1d9cdbf4571299067"},"headline":"Senador present\u00f3 un proyecto para derogar el DNU que congel\u00f3 los combustibles","datePublished":"2019-08-26T11:24:48+00:00","dateModified":"2019-08-26T19:30:27+00:00","mainEntityOfPage":{"@id":"https:\/\/diariotextual.com\/inicio\/index.php\/2019\/08\/26\/senador-presento-proyecto-derogar-dnu-congelo-los-combustibles\/"},"wordCount":226,"publisher":{"@id":"https:\/\/diariotextual.com\/inicio\/#organization"},"image":{"@id":"https:\/\/diariotextual.com\/inicio\/index.php\/2019\/08\/26\/senador-presento-proyecto-derogar-dnu-congelo-los-combustibles\/#primaryimage"},"thumbnailUrl":"https:\/\/diariotextual.com\/inicio\/wp-content\/uploads\/2018\/08\/combustiblesnaftas888.jpg","articleSection":["A - TEMPORALES","POLITICA"],"inLanguage":"es"},{"@type":"WebPage","@id":"https:\/\/diariotextual.com\/inicio\/index.php\/2019\/08\/26\/senador-presento-proyecto-derogar-dnu-congelo-los-combustibles\/","url":"https:\/\/diariotextual.com\/inicio\/index.php\/2019\/08\/26\/senador-presento-proyecto-derogar-dnu-congelo-los-combustibles\/","name":"Senador present\u00f3 un proyecto para derogar el DNU que congel\u00f3 los combustibles - Diario Textual","isPartOf":{"@id":"https:\/\/diariotextual.com\/inicio\/#website"},"primaryImageOfPage":{"@id":"https:\/\/diariotextual.com\/inicio\/index.php\/2019\/08\/26\/senador-presento-proyecto-derogar-dnu-congelo-los-combustibles\/#primaryimage"},"image":{"@id":"https:\/\/diariotextual.com\/inicio\/index.php\/2019\/08\/26\/senador-presento-proyecto-derogar-dnu-congelo-los-combustibles\/#primaryimage"},"thumbnailUrl":"https:\/\/diariotextual.com\/inicio\/wp-content\/uploads\/2018\/08\/combustiblesnaftas888.jpg","datePublished":"2019-08-26T11:24:48+00:00","dateModified":"2019-08-26T19:30:27+00:00","breadcrumb":{"@id":"https:\/\/diariotextual.com\/inicio\/index.php\/2019\/08\/26\/senador-presento-proyecto-derogar-dnu-congelo-los-combustibles\/#breadcrumb"},"inLanguage":"es","potentialAction":[{"@type":"ReadAction","target":["https:\/\/diariotextual.com\/inicio\/index.php\/2019\/08\/26\/senador-presento-proyecto-derogar-dnu-congelo-los-combustibles\/"]}]},{"@type":"ImageObject","inLanguage":"es","@id":"https:\/\/diariotextual.com\/inicio\/index.php\/2019\/08\/26\/senador-presento-proyecto-derogar-dnu-congelo-los-combustibles\/#primaryimage","url":"https:\/\/diariotextual.com\/inicio\/wp-content\/uploads\/2018\/08\/combustiblesnaftas888.jpg","contentUrl":"https:\/\/diariotextual.com\/inicio\/wp-content\/uploads\/2018\/08\/combustiblesnaftas888.jpg","width":864,"height":565},{"@type":"BreadcrumbList","@id":"https:\/\/diariotextual.com\/inicio\/index.php\/2019\/08\/26\/senador-presento-proyecto-derogar-dnu-congelo-los-combustibles\/#breadcrumb","itemListElement":[{"@type":"ListItem","position":1,"name":"Portada","item":"https:\/\/diariotextual.com\/inicio\/"},{"@type":"ListItem","position":2,"name":"Senador present\u00f3 un proyecto para derogar el DNU que congel\u00f3 los combustibles"}]},{"@type":"WebSite","@id":"https:\/\/diariotextual.com\/inicio\/#website","url":"https:\/\/diariotextual.com\/inicio\/","name":"Diario Textual","description":"","publisher":{"@id":"https:\/\/diariotextual.com\/inicio\/#organization"},"potentialAction":[{"@type":"SearchAction","target":{"@type":"EntryPoint","urlTemplate":"https:\/\/diariotextual.com\/inicio\/?s={search_term_string}"},"query-input":{"@type":"PropertyValueSpecification","valueRequired":true,"valueName":"search_term_string"}}],"inLanguage":"es"},{"@type":"Organization","@id":"https:\/\/diariotextual.com\/inicio\/#organization","name":"Diario Textual","url":"https:\/\/diariotextual.com\/inicio\/","logo":{"@type":"ImageObject","inLanguage":"es","@id":"https:\/\/diariotextual.com\/inicio\/#\/schema\/logo\/image\/","url":"https:\/\/diariotextual.com\/inicio\/wp-content\/uploads\/2023\/05\/logotextual1.jpg","contentUrl":"https:\/\/diariotextual.com\/inicio\/wp-content\/uploads\/2023\/05\/logotextual1.jpg","width":516,"height":76,"caption":"Diario Textual"},"image":{"@id":"https:\/\/diariotextual.com\/inicio\/#\/schema\/logo\/image\/"},"sameAs":["https:\/\/www.facebook.com\/eltextual","https:\/\/x.com\/eltextual","http:\/\/www.instagram.com\/eltextual"]},{"@type":"Person","@id":"https:\/\/diariotextual.com\/inicio\/#\/schema\/person\/c7834961ad8b29b1d9cdbf4571299067","name":"diario5","image":{"@type":"ImageObject","inLanguage":"es","@id":"https:\/\/secure.gravatar.com\/avatar\/948c893b847ca6df68216ead81b63f363408ec9b0f600fefc0641ce78613b111?s=96&d=mm&r=g","url":"https:\/\/secure.gravatar.com\/avatar\/948c893b847ca6df68216ead81b63f363408ec9b0f600fefc0641ce78613b111?s=96&d=mm&r=g","contentUrl":"https:\/\/secure.gravatar.com\/avatar\/948c893b847ca6df68216ead81b63f363408ec9b0f600fefc0641ce78613b111?s=96&d=mm&r=g","caption":"diario5"},"url":"https:\/\/diariotextual.com\/inicio\/index.php\/author\/diario5\/"}]}},"_links":{"self":[{"href":"https:\/\/diariotextual.com\/inicio\/index.php\/wp-json\/wp\/v2\/posts\/60710","targetHints":{"allow":["GET"]}}],"collection":[{"href":"https:\/\/diariotextual.com\/inicio\/index.php\/wp-json\/wp\/v2\/posts"}],"about":[{"href":"https:\/\/diariotextual.com\/inicio\/index.php\/wp-json\/wp\/v2\/types\/post"}],"author":[{"embeddable":true,"href":"https:\/\/diariotextual.com\/inicio\/index.php\/wp-json\/wp\/v2\/users\/7"}],"replies":[{"embeddable":true,"href":"https:\/\/diariotextual.com\/inicio\/index.php\/wp-json\/wp\/v2\/comments?post=60710"}],"version-history":[{"count":1,"href":"https:\/\/diariotextual.com\/inicio\/index.php\/wp-json\/wp\/v2\/posts\/60710\/revisions"}],"predecessor-version":[{"id":60711,"href":"https:\/\/diariotextual.com\/inicio\/index.php\/wp-json\/wp\/v2\/posts\/60710\/revisions\/60711"}],"wp:featuredmedia":[{"embeddable":true,"href":"https:\/\/diariotextual.com\/inicio\/index.php\/wp-json\/wp\/v2\/media\/17327"}],"wp:attachment":[{"href":"https:\/\/diariotextual.com\/inicio\/index.php\/wp-json\/wp\/v2\/media?parent=60710"}],"wp:term":[{"taxonomy":"category","embeddable":true,"href":"https:\/\/diariotextual.com\/inicio\/index.php\/wp-json\/wp\/v2\/categories?post=60710"},{"taxonomy":"post_tag","embeddable":true,"href":"https:\/\/diariotextual.com\/inicio\/index.php\/wp-json\/wp\/v2\/tags?post=60710"}],"curies":[{"name":"wp","href":"https:\/\/api.w.org\/{rel}","templated":true}]}}