{"id":60717,"date":"2019-08-26T08:58:10","date_gmt":"2019-08-26T11:58:10","guid":{"rendered":"http:\/\/diariotextual.com\/inicio\/?p=60717"},"modified":"2019-08-27T07:55:42","modified_gmt":"2019-08-27T10:55:42","slug":"la-crisis-cambiaria-disparo-valor-los-departamentos-santa-rosa","status":"publish","type":"post","link":"https:\/\/diariotextual.com\/inicio\/index.php\/2019\/08\/26\/la-crisis-cambiaria-disparo-valor-los-departamentos-santa-rosa\/","title":{"rendered":"La crisis cambiaria dispar\u00f3 el valor de los departamentos en Santa Rosa"},"content":{"rendered":"<p><strong>El mercado inmobiliario est\u00e1 completamente frenado en Santa Rosa y la regi\u00f3n.<\/strong> Si bien la crisis del sector lleva unos a\u00f1os, la corrida cambiaria iniciada al d\u00eda siguiente de las PASO pareci\u00f3 acentuar a\u00fan m\u00e1s el problema. <strong>Es casi imposible vender una vivienda pero tambi\u00e9n se ve salpicado el rubro alquileres<\/strong>, donde una vez vencido un determinado contrato la propiedad suele permanecer entre tres y cuatro meses sin inquilinos.<\/p>\n<p>La casi nula actividad en la secci\u00f3n ventas de inmuebles es un drama que el conjunto padece fuertemente desde mitad de 2018. <strong>Facundo Centuri\u00f3n<\/strong>, de Centuri\u00f3n Propiedades, explic\u00f3 qu\u00e9 les est\u00e1 pasando, por ejemplo, con la franja de due\u00f1os de casas valuadas en unos dos millones de pesos.<strong> \u201cEsas unidades habitacionales tienen una rentabilidad mensual del orden de los doce mil pesos de alquiler, una cifra alta por el tipo de precios que poseen de venta. Entonces nos sucede que aquellos propietarios que no necesitan tanto vender y la tienen como una inversi\u00f3n no las negocian especulando con ese r\u00e9dito mensual\u201d<\/strong>.<\/p>\n<p>&nbsp;<\/p>\n<p><strong>Departamentos en venta<\/strong><\/p>\n<p>Al hablar de departamentos, las trabas para las ventas sumaron un nuevo cap\u00edtulo a partir del 13 de agosto. Antes de la fecha se\u00f1alada, un departamento de un dormitorio val\u00eda \u2013siempre dependiendo de la zona\u2013 en Santa Rosa unos 65 mil d\u00f3lares, lo que representaba unos 3,1 millones de pesos. Pero consumada la corrida cambiaria, que pas\u00f3 de 48 a 57 pesos el valor de cada billete norteamericano, los agentes inmobiliarios se vieron obligados a hablar con los propietarios y demostrarles que ese valor en d\u00f3lares no se puede pedir.<strong> \u201cEl mismo inmueble pas\u00f3 a 3,7 millones de pesos, es decir 600 mil pesos m\u00e1s, un valor que no puede modificarse as\u00ed en dos semanas\u201d<\/strong>, asegur\u00f3 Centuri\u00f3n a Diario Textual. \u201cSi, encima, ten\u00e9s un contexto de construcci\u00f3n recesiva con despidos y ajustes \u00bfc\u00f3mo se puede tener un inmueble 600 mil pesos m\u00e1s caro? \u00bfA raz\u00f3n de qu\u00e9? Imposible\u201d, razon\u00f3.<\/p>\n<p>No obstante, reconoci\u00f3 que hablarle al cliente que su propiedad vale menos en d\u00f3lares es muy dif\u00edcil. \u201cPor eso, adem\u00e1s de no tener ventas, ocurre que los due\u00f1os las est\u00e1n dejando de ofrecer aguardando qu\u00e9 es lo que puede pasar en los pr\u00f3ximos meses\u201d, revel\u00f3 el comerciante.<\/p>\n<p>&nbsp;<\/p>\n<p><strong>Alquileres en Crisis<\/strong><\/p>\n<p>La parte de alquileres sufre tambi\u00e9n el desbarajuste. Coment\u00f3 que est\u00e1 creciendo la cantidad de inquilinos que no puede afrontar el costo mensual y eso hizo que se vayan desocupando varios departamentos. \u201cLo que no hemos consultado es a d\u00f3nde van a vivir esos ocupantes, que dejan obligadamente las propiedades\u201d, desliz\u00f3.<\/p>\n<p>Asegur\u00f3 que a diferencia de otros tiempos, abundan los departamentos c\u00e9ntricos de un dormitorio para ofrecer. Por ese motivo tampoco se ajustan los alquileres a los porcentajes de inflaci\u00f3n, ni mucho menos. Precis\u00f3 que el incremento, una vez vencido un contrato, lo hacen en torno al treinta por ciento, no m\u00e1s, porque de lo contrario saben que no vuelven a alquilar el lugar. Y si consiguen un inquilino no les perdura en el tiempo. \u201cEstamos haciendo una actualizaci\u00f3n id\u00e9ntica a la de hace tres a\u00f1os. Los propietarios est\u00e1n al tanto de eso. Saben que se suele pasar tres meses o m\u00e1s ofreciendo una propiedad en alquiler\u201d, concluy\u00f3.<\/p>\n<p>&nbsp;<\/p>\n<p>&nbsp;<\/p>\n<p>&nbsp;<\/p>\n","protected":false},"excerpt":{"rendered":"<p>El mercado inmobiliario est\u00e1 completamente frenado en Santa Rosa y la regi\u00f3n. Si bien la crisis del sector lleva unos a\u00f1os, la corrida cambiaria iniciada al d\u00eda siguiente de las&hellip;<\/p>\n","protected":false},"author":3,"featured_media":12834,"comment_status":"closed","ping_status":"open","sticky":false,"template":"","format":"standard","meta":{"_acf_changed":false,"footnotes":""},"categories":[319,12],"tags":[],"class_list":["post-60717","post","type-post","status-publish","format-standard","has-post-thumbnail","hentry","category-a-temporales","category-sociedad"],"acf":[],"yoast_head":"<!-- This site is optimized with the Yoast SEO plugin v27.5 - https:\/\/yoast.com\/product\/yoast-seo-wordpress\/ -->\n<title>La crisis cambiaria dispar\u00f3 el valor de los departamentos en Santa Rosa - Diario Textual<\/title>\n<meta name=\"robots\" content=\"index, follow, max-snippet:-1, max-image-preview:large, max-video-preview:-1\" \/>\n<link rel=\"canonical\" href=\"https:\/\/diariotextual.com\/inicio\/index.php\/2019\/08\/26\/la-crisis-cambiaria-disparo-valor-los-departamentos-santa-rosa\/\" \/>\n<meta property=\"og:locale\" content=\"es_ES\" \/>\n<meta property=\"og:type\" content=\"article\" \/>\n<meta property=\"og:title\" content=\"La crisis cambiaria dispar\u00f3 el valor de los departamentos en Santa Rosa - Diario Textual\" \/>\n<meta property=\"og:description\" content=\"El mercado inmobiliario est\u00e1 completamente frenado en Santa Rosa y la regi\u00f3n. Si bien la crisis del sector lleva unos a\u00f1os, la corrida cambiaria iniciada al d\u00eda siguiente de las&hellip;\" \/>\n<meta property=\"og:url\" content=\"https:\/\/diariotextual.com\/inicio\/index.php\/2019\/08\/26\/la-crisis-cambiaria-disparo-valor-los-departamentos-santa-rosa\/\" \/>\n<meta property=\"og:site_name\" content=\"Diario Textual\" \/>\n<meta property=\"article:publisher\" content=\"https:\/\/www.facebook.com\/eltextual\" \/>\n<meta property=\"article:published_time\" content=\"2019-08-26T11:58:10+00:00\" \/>\n<meta property=\"article:modified_time\" content=\"2019-08-27T10:55:42+00:00\" \/>\n<meta property=\"og:image\" content=\"https:\/\/diariotextual.com\/inicio\/wp-content\/uploads\/2018\/07\/construccionsantarosa111222.jpg\" \/>\n\t<meta property=\"og:image:width\" content=\"1000\" \/>\n\t<meta property=\"og:image:height\" content=\"712\" \/>\n\t<meta property=\"og:image:type\" content=\"image\/jpeg\" \/>\n<meta name=\"author\" content=\"Diario1 Diario1\" \/>\n<meta name=\"twitter:card\" content=\"summary_large_image\" \/>\n<meta name=\"twitter:creator\" content=\"@eltextual\" \/>\n<meta name=\"twitter:site\" content=\"@eltextual\" \/>\n<meta name=\"twitter:label1\" content=\"Escrito por\" \/>\n\t<meta name=\"twitter:data1\" content=\"Diario1 Diario1\" \/>\n\t<meta name=\"twitter:label2\" content=\"Tiempo de lectura\" \/>\n\t<meta name=\"twitter:data2\" content=\"3 minutos\" \/>\n<script type=\"application\/ld+json\" class=\"yoast-schema-graph\">{\"@context\":\"https:\\\/\\\/schema.org\",\"@graph\":[{\"@type\":\"Article\",\"@id\":\"https:\\\/\\\/diariotextual.com\\\/inicio\\\/index.php\\\/2019\\\/08\\\/26\\\/la-crisis-cambiaria-disparo-valor-los-departamentos-santa-rosa\\\/#article\",\"isPartOf\":{\"@id\":\"https:\\\/\\\/diariotextual.com\\\/inicio\\\/index.php\\\/2019\\\/08\\\/26\\\/la-crisis-cambiaria-disparo-valor-los-departamentos-santa-rosa\\\/\"},\"author\":{\"name\":\"Diario1 Diario1\",\"@id\":\"https:\\\/\\\/diariotextual.com\\\/inicio\\\/#\\\/schema\\\/person\\\/418fc4093c33e86ed41562db3508f958\"},\"headline\":\"La crisis cambiaria dispar\u00f3 el valor de los departamentos en Santa Rosa\",\"datePublished\":\"2019-08-26T11:58:10+00:00\",\"dateModified\":\"2019-08-27T10:55:42+00:00\",\"mainEntityOfPage\":{\"@id\":\"https:\\\/\\\/diariotextual.com\\\/inicio\\\/index.php\\\/2019\\\/08\\\/26\\\/la-crisis-cambiaria-disparo-valor-los-departamentos-santa-rosa\\\/\"},\"wordCount\":578,\"publisher\":{\"@id\":\"https:\\\/\\\/diariotextual.com\\\/inicio\\\/#organization\"},\"image\":{\"@id\":\"https:\\\/\\\/diariotextual.com\\\/inicio\\\/index.php\\\/2019\\\/08\\\/26\\\/la-crisis-cambiaria-disparo-valor-los-departamentos-santa-rosa\\\/#primaryimage\"},\"thumbnailUrl\":\"https:\\\/\\\/diariotextual.com\\\/inicio\\\/wp-content\\\/uploads\\\/2018\\\/07\\\/construccionsantarosa111222.jpg\",\"articleSection\":[\"A - TEMPORALES\",\"SOCIEDAD\"],\"inLanguage\":\"es\"},{\"@type\":\"WebPage\",\"@id\":\"https:\\\/\\\/diariotextual.com\\\/inicio\\\/index.php\\\/2019\\\/08\\\/26\\\/la-crisis-cambiaria-disparo-valor-los-departamentos-santa-rosa\\\/\",\"url\":\"https:\\\/\\\/diariotextual.com\\\/inicio\\\/index.php\\\/2019\\\/08\\\/26\\\/la-crisis-cambiaria-disparo-valor-los-departamentos-santa-rosa\\\/\",\"name\":\"La crisis cambiaria dispar\u00f3 el valor de los departamentos en Santa Rosa - Diario Textual\",\"isPartOf\":{\"@id\":\"https:\\\/\\\/diariotextual.com\\\/inicio\\\/#website\"},\"primaryImageOfPage\":{\"@id\":\"https:\\\/\\\/diariotextual.com\\\/inicio\\\/index.php\\\/2019\\\/08\\\/26\\\/la-crisis-cambiaria-disparo-valor-los-departamentos-santa-rosa\\\/#primaryimage\"},\"image\":{\"@id\":\"https:\\\/\\\/diariotextual.com\\\/inicio\\\/index.php\\\/2019\\\/08\\\/26\\\/la-crisis-cambiaria-disparo-valor-los-departamentos-santa-rosa\\\/#primaryimage\"},\"thumbnailUrl\":\"https:\\\/\\\/diariotextual.com\\\/inicio\\\/wp-content\\\/uploads\\\/2018\\\/07\\\/construccionsantarosa111222.jpg\",\"datePublished\":\"2019-08-26T11:58:10+00:00\",\"dateModified\":\"2019-08-27T10:55:42+00:00\",\"breadcrumb\":{\"@id\":\"https:\\\/\\\/diariotextual.com\\\/inicio\\\/index.php\\\/2019\\\/08\\\/26\\\/la-crisis-cambiaria-disparo-valor-los-departamentos-santa-rosa\\\/#breadcrumb\"},\"inLanguage\":\"es\",\"potentialAction\":[{\"@type\":\"ReadAction\",\"target\":[\"https:\\\/\\\/diariotextual.com\\\/inicio\\\/index.php\\\/2019\\\/08\\\/26\\\/la-crisis-cambiaria-disparo-valor-los-departamentos-santa-rosa\\\/\"]}]},{\"@type\":\"ImageObject\",\"inLanguage\":\"es\",\"@id\":\"https:\\\/\\\/diariotextual.com\\\/inicio\\\/index.php\\\/2019\\\/08\\\/26\\\/la-crisis-cambiaria-disparo-valor-los-departamentos-santa-rosa\\\/#primaryimage\",\"url\":\"https:\\\/\\\/diariotextual.com\\\/inicio\\\/wp-content\\\/uploads\\\/2018\\\/07\\\/construccionsantarosa111222.jpg\",\"contentUrl\":\"https:\\\/\\\/diariotextual.com\\\/inicio\\\/wp-content\\\/uploads\\\/2018\\\/07\\\/construccionsantarosa111222.jpg\",\"width\":1000,\"height\":712},{\"@type\":\"BreadcrumbList\",\"@id\":\"https:\\\/\\\/diariotextual.com\\\/inicio\\\/index.php\\\/2019\\\/08\\\/26\\\/la-crisis-cambiaria-disparo-valor-los-departamentos-santa-rosa\\\/#breadcrumb\",\"itemListElement\":[{\"@type\":\"ListItem\",\"position\":1,\"name\":\"Portada\",\"item\":\"https:\\\/\\\/diariotextual.com\\\/inicio\\\/\"},{\"@type\":\"ListItem\",\"position\":2,\"name\":\"La crisis cambiaria dispar\u00f3 el valor de los departamentos en Santa Rosa\"}]},{\"@type\":\"WebSite\",\"@id\":\"https:\\\/\\\/diariotextual.com\\\/inicio\\\/#website\",\"url\":\"https:\\\/\\\/diariotextual.com\\\/inicio\\\/\",\"name\":\"Diario Textual\",\"description\":\"\",\"publisher\":{\"@id\":\"https:\\\/\\\/diariotextual.com\\\/inicio\\\/#organization\"},\"potentialAction\":[{\"@type\":\"SearchAction\",\"target\":{\"@type\":\"EntryPoint\",\"urlTemplate\":\"https:\\\/\\\/diariotextual.com\\\/inicio\\\/?s={search_term_string}\"},\"query-input\":{\"@type\":\"PropertyValueSpecification\",\"valueRequired\":true,\"valueName\":\"search_term_string\"}}],\"inLanguage\":\"es\"},{\"@type\":\"Organization\",\"@id\":\"https:\\\/\\\/diariotextual.com\\\/inicio\\\/#organization\",\"name\":\"Diario Textual\",\"url\":\"https:\\\/\\\/diariotextual.com\\\/inicio\\\/\",\"logo\":{\"@type\":\"ImageObject\",\"inLanguage\":\"es\",\"@id\":\"https:\\\/\\\/diariotextual.com\\\/inicio\\\/#\\\/schema\\\/logo\\\/image\\\/\",\"url\":\"https:\\\/\\\/diariotextual.com\\\/inicio\\\/wp-content\\\/uploads\\\/2023\\\/05\\\/logotextual1.jpg\",\"contentUrl\":\"https:\\\/\\\/diariotextual.com\\\/inicio\\\/wp-content\\\/uploads\\\/2023\\\/05\\\/logotextual1.jpg\",\"width\":516,\"height\":76,\"caption\":\"Diario Textual\"},\"image\":{\"@id\":\"https:\\\/\\\/diariotextual.com\\\/inicio\\\/#\\\/schema\\\/logo\\\/image\\\/\"},\"sameAs\":[\"https:\\\/\\\/www.facebook.com\\\/eltextual\",\"https:\\\/\\\/x.com\\\/eltextual\",\"http:\\\/\\\/www.instagram.com\\\/eltextual\"]},{\"@type\":\"Person\",\"@id\":\"https:\\\/\\\/diariotextual.com\\\/inicio\\\/#\\\/schema\\\/person\\\/418fc4093c33e86ed41562db3508f958\",\"name\":\"Diario1 Diario1\",\"image\":{\"@type\":\"ImageObject\",\"inLanguage\":\"es\",\"@id\":\"https:\\\/\\\/secure.gravatar.com\\\/avatar\\\/9167d280179c85bc18be67aa7eda765854300033af4896dd779b608640f2ef7a?s=96&d=mm&r=g\",\"url\":\"https:\\\/\\\/secure.gravatar.com\\\/avatar\\\/9167d280179c85bc18be67aa7eda765854300033af4896dd779b608640f2ef7a?s=96&d=mm&r=g\",\"contentUrl\":\"https:\\\/\\\/secure.gravatar.com\\\/avatar\\\/9167d280179c85bc18be67aa7eda765854300033af4896dd779b608640f2ef7a?s=96&d=mm&r=g\",\"caption\":\"Diario1 Diario1\"},\"url\":\"https:\\\/\\\/diariotextual.com\\\/inicio\\\/index.php\\\/author\\\/diario1\\\/\"}]}<\/script>\n<!-- \/ Yoast SEO plugin. -->","yoast_head_json":{"title":"La crisis cambiaria dispar\u00f3 el valor de los departamentos en Santa Rosa - Diario Textual","robots":{"index":"index","follow":"follow","max-snippet":"max-snippet:-1","max-image-preview":"max-image-preview:large","max-video-preview":"max-video-preview:-1"},"canonical":"https:\/\/diariotextual.com\/inicio\/index.php\/2019\/08\/26\/la-crisis-cambiaria-disparo-valor-los-departamentos-santa-rosa\/","og_locale":"es_ES","og_type":"article","og_title":"La crisis cambiaria dispar\u00f3 el valor de los departamentos en Santa Rosa - Diario Textual","og_description":"El mercado inmobiliario est\u00e1 completamente frenado en Santa Rosa y la regi\u00f3n. Si bien la crisis del sector lleva unos a\u00f1os, la corrida cambiaria iniciada al d\u00eda siguiente de las&hellip;","og_url":"https:\/\/diariotextual.com\/inicio\/index.php\/2019\/08\/26\/la-crisis-cambiaria-disparo-valor-los-departamentos-santa-rosa\/","og_site_name":"Diario Textual","article_publisher":"https:\/\/www.facebook.com\/eltextual","article_published_time":"2019-08-26T11:58:10+00:00","article_modified_time":"2019-08-27T10:55:42+00:00","og_image":[{"width":1000,"height":712,"url":"https:\/\/diariotextual.com\/inicio\/wp-content\/uploads\/2018\/07\/construccionsantarosa111222.jpg","type":"image\/jpeg"}],"author":"Diario1 Diario1","twitter_card":"summary_large_image","twitter_creator":"@eltextual","twitter_site":"@eltextual","twitter_misc":{"Escrito por":"Diario1 Diario1","Tiempo de lectura":"3 minutos"},"schema":{"@context":"https:\/\/schema.org","@graph":[{"@type":"Article","@id":"https:\/\/diariotextual.com\/inicio\/index.php\/2019\/08\/26\/la-crisis-cambiaria-disparo-valor-los-departamentos-santa-rosa\/#article","isPartOf":{"@id":"https:\/\/diariotextual.com\/inicio\/index.php\/2019\/08\/26\/la-crisis-cambiaria-disparo-valor-los-departamentos-santa-rosa\/"},"author":{"name":"Diario1 Diario1","@id":"https:\/\/diariotextual.com\/inicio\/#\/schema\/person\/418fc4093c33e86ed41562db3508f958"},"headline":"La crisis cambiaria dispar\u00f3 el valor de los departamentos en Santa Rosa","datePublished":"2019-08-26T11:58:10+00:00","dateModified":"2019-08-27T10:55:42+00:00","mainEntityOfPage":{"@id":"https:\/\/diariotextual.com\/inicio\/index.php\/2019\/08\/26\/la-crisis-cambiaria-disparo-valor-los-departamentos-santa-rosa\/"},"wordCount":578,"publisher":{"@id":"https:\/\/diariotextual.com\/inicio\/#organization"},"image":{"@id":"https:\/\/diariotextual.com\/inicio\/index.php\/2019\/08\/26\/la-crisis-cambiaria-disparo-valor-los-departamentos-santa-rosa\/#primaryimage"},"thumbnailUrl":"https:\/\/diariotextual.com\/inicio\/wp-content\/uploads\/2018\/07\/construccionsantarosa111222.jpg","articleSection":["A - TEMPORALES","SOCIEDAD"],"inLanguage":"es"},{"@type":"WebPage","@id":"https:\/\/diariotextual.com\/inicio\/index.php\/2019\/08\/26\/la-crisis-cambiaria-disparo-valor-los-departamentos-santa-rosa\/","url":"https:\/\/diariotextual.com\/inicio\/index.php\/2019\/08\/26\/la-crisis-cambiaria-disparo-valor-los-departamentos-santa-rosa\/","name":"La crisis cambiaria dispar\u00f3 el valor de los departamentos en Santa Rosa - Diario Textual","isPartOf":{"@id":"https:\/\/diariotextual.com\/inicio\/#website"},"primaryImageOfPage":{"@id":"https:\/\/diariotextual.com\/inicio\/index.php\/2019\/08\/26\/la-crisis-cambiaria-disparo-valor-los-departamentos-santa-rosa\/#primaryimage"},"image":{"@id":"https:\/\/diariotextual.com\/inicio\/index.php\/2019\/08\/26\/la-crisis-cambiaria-disparo-valor-los-departamentos-santa-rosa\/#primaryimage"},"thumbnailUrl":"https:\/\/diariotextual.com\/inicio\/wp-content\/uploads\/2018\/07\/construccionsantarosa111222.jpg","datePublished":"2019-08-26T11:58:10+00:00","dateModified":"2019-08-27T10:55:42+00:00","breadcrumb":{"@id":"https:\/\/diariotextual.com\/inicio\/index.php\/2019\/08\/26\/la-crisis-cambiaria-disparo-valor-los-departamentos-santa-rosa\/#breadcrumb"},"inLanguage":"es","potentialAction":[{"@type":"ReadAction","target":["https:\/\/diariotextual.com\/inicio\/index.php\/2019\/08\/26\/la-crisis-cambiaria-disparo-valor-los-departamentos-santa-rosa\/"]}]},{"@type":"ImageObject","inLanguage":"es","@id":"https:\/\/diariotextual.com\/inicio\/index.php\/2019\/08\/26\/la-crisis-cambiaria-disparo-valor-los-departamentos-santa-rosa\/#primaryimage","url":"https:\/\/diariotextual.com\/inicio\/wp-content\/uploads\/2018\/07\/construccionsantarosa111222.jpg","contentUrl":"https:\/\/diariotextual.com\/inicio\/wp-content\/uploads\/2018\/07\/construccionsantarosa111222.jpg","width":1000,"height":712},{"@type":"BreadcrumbList","@id":"https:\/\/diariotextual.com\/inicio\/index.php\/2019\/08\/26\/la-crisis-cambiaria-disparo-valor-los-departamentos-santa-rosa\/#breadcrumb","itemListElement":[{"@type":"ListItem","position":1,"name":"Portada","item":"https:\/\/diariotextual.com\/inicio\/"},{"@type":"ListItem","position":2,"name":"La crisis cambiaria dispar\u00f3 el valor de los departamentos en Santa Rosa"}]},{"@type":"WebSite","@id":"https:\/\/diariotextual.com\/inicio\/#website","url":"https:\/\/diariotextual.com\/inicio\/","name":"Diario Textual","description":"","publisher":{"@id":"https:\/\/diariotextual.com\/inicio\/#organization"},"potentialAction":[{"@type":"SearchAction","target":{"@type":"EntryPoint","urlTemplate":"https:\/\/diariotextual.com\/inicio\/?s={search_term_string}"},"query-input":{"@type":"PropertyValueSpecification","valueRequired":true,"valueName":"search_term_string"}}],"inLanguage":"es"},{"@type":"Organization","@id":"https:\/\/diariotextual.com\/inicio\/#organization","name":"Diario Textual","url":"https:\/\/diariotextual.com\/inicio\/","logo":{"@type":"ImageObject","inLanguage":"es","@id":"https:\/\/diariotextual.com\/inicio\/#\/schema\/logo\/image\/","url":"https:\/\/diariotextual.com\/inicio\/wp-content\/uploads\/2023\/05\/logotextual1.jpg","contentUrl":"https:\/\/diariotextual.com\/inicio\/wp-content\/uploads\/2023\/05\/logotextual1.jpg","width":516,"height":76,"caption":"Diario Textual"},"image":{"@id":"https:\/\/diariotextual.com\/inicio\/#\/schema\/logo\/image\/"},"sameAs":["https:\/\/www.facebook.com\/eltextual","https:\/\/x.com\/eltextual","http:\/\/www.instagram.com\/eltextual"]},{"@type":"Person","@id":"https:\/\/diariotextual.com\/inicio\/#\/schema\/person\/418fc4093c33e86ed41562db3508f958","name":"Diario1 Diario1","image":{"@type":"ImageObject","inLanguage":"es","@id":"https:\/\/secure.gravatar.com\/avatar\/9167d280179c85bc18be67aa7eda765854300033af4896dd779b608640f2ef7a?s=96&d=mm&r=g","url":"https:\/\/secure.gravatar.com\/avatar\/9167d280179c85bc18be67aa7eda765854300033af4896dd779b608640f2ef7a?s=96&d=mm&r=g","contentUrl":"https:\/\/secure.gravatar.com\/avatar\/9167d280179c85bc18be67aa7eda765854300033af4896dd779b608640f2ef7a?s=96&d=mm&r=g","caption":"Diario1 Diario1"},"url":"https:\/\/diariotextual.com\/inicio\/index.php\/author\/diario1\/"}]}},"_links":{"self":[{"href":"https:\/\/diariotextual.com\/inicio\/index.php\/wp-json\/wp\/v2\/posts\/60717","targetHints":{"allow":["GET"]}}],"collection":[{"href":"https:\/\/diariotextual.com\/inicio\/index.php\/wp-json\/wp\/v2\/posts"}],"about":[{"href":"https:\/\/diariotextual.com\/inicio\/index.php\/wp-json\/wp\/v2\/types\/post"}],"author":[{"embeddable":true,"href":"https:\/\/diariotextual.com\/inicio\/index.php\/wp-json\/wp\/v2\/users\/3"}],"replies":[{"embeddable":true,"href":"https:\/\/diariotextual.com\/inicio\/index.php\/wp-json\/wp\/v2\/comments?post=60717"}],"version-history":[{"count":2,"href":"https:\/\/diariotextual.com\/inicio\/index.php\/wp-json\/wp\/v2\/posts\/60717\/revisions"}],"predecessor-version":[{"id":60719,"href":"https:\/\/diariotextual.com\/inicio\/index.php\/wp-json\/wp\/v2\/posts\/60717\/revisions\/60719"}],"wp:featuredmedia":[{"embeddable":true,"href":"https:\/\/diariotextual.com\/inicio\/index.php\/wp-json\/wp\/v2\/media\/12834"}],"wp:attachment":[{"href":"https:\/\/diariotextual.com\/inicio\/index.php\/wp-json\/wp\/v2\/media?parent=60717"}],"wp:term":[{"taxonomy":"category","embeddable":true,"href":"https:\/\/diariotextual.com\/inicio\/index.php\/wp-json\/wp\/v2\/categories?post=60717"},{"taxonomy":"post_tag","embeddable":true,"href":"https:\/\/diariotextual.com\/inicio\/index.php\/wp-json\/wp\/v2\/tags?post=60717"}],"curies":[{"name":"wp","href":"https:\/\/api.w.org\/{rel}","templated":true}]}}