{"id":60745,"date":"2019-08-26T12:55:07","date_gmt":"2019-08-26T15:55:07","guid":{"rendered":"http:\/\/diariotextual.com\/inicio\/?p=60745"},"modified":"2019-08-27T08:16:09","modified_gmt":"2019-08-27T11:16:09","slug":"conflicto-coca-cola-los-23-trabajadores-seran-tomados-nueva-distribuidora","status":"publish","type":"post","link":"https:\/\/diariotextual.com\/inicio\/index.php\/2019\/08\/26\/conflicto-coca-cola-los-23-trabajadores-seran-tomados-nueva-distribuidora\/","title":{"rendered":"Coca Cola: los 23 trabajadores de Santa Rosa son tomados por la distribuidora de Pico"},"content":{"rendered":"<p>Se llev\u00f3 a cabo este lunes una audiencia en la<strong> Direcci\u00f3n de Relaciones Laborales<\/strong> por el conflicto con los trabajadores encargados de la distribuci\u00f3n de <strong>Coca Cola en Santa Rosa.<\/strong> Hubo acuerdo para que los 23 trabajadores de <strong>M&amp;E<\/strong>, la distribuidora saliente<strong>,<\/strong>\u00a0pasen a <strong>Mauta S.A<\/strong>, que se har\u00e1 cargo del servicio en la capital pampeana. Ahora solo resta acordar qui\u00e9n se har\u00e1 cargo de las indemnizaciones.<\/p>\n<p>El conflicto se desat\u00f3 cuando M&amp;E dej\u00f3 de repartir en Santa Rosa por un problema interno con la multinacional. Los perjudicados fueron los trabajadores, que desde hace d\u00edas no salen a repartir y tem\u00edan por sus fuentes laborales.<\/p>\n<p>Este lunes, luego de una reuni\u00f3n de partes en la Direcci\u00f3n de Relaciones Laborales, se anunci\u00f3 que <strong>la empresa Mauta S.A, que es la que distribuye en General Pico, se har\u00e1 cargo de la distribuci\u00f3n en Santa Rosa.<\/strong> Tambi\u00e9n se confirm\u00f3 que <strong>la nueva empresa va a tomar a los 23 empleados<\/strong> y solo resta definir qui\u00e9n se har\u00e1 cargo de las indemnizaciones: Mauta o la anterior distribuidora M&amp;E.<\/p>\n<p>Adem\u00e1s, se acord\u00f3 que Mauta S.A no tomar\u00e1 en cuenta la antig\u00fcedad del personal para la liquidaci\u00f3n de los salarios, pero si para las licencias por vacaciones.<\/p>\n<p>De la reuni\u00f3n en Relaciones Laborales participaron\u00a0representantes de EDASA (la embotelladora que representa a Coca-Cola en Argentina), la distribuidora Mauta y el gremio de Camioneros.<\/p>\n<p>&nbsp;<\/p>\n<p>&nbsp;<\/p>\n","protected":false},"excerpt":{"rendered":"<p>Se llev\u00f3 a cabo este lunes una audiencia en la Direcci\u00f3n de Relaciones Laborales por el conflicto con los trabajadores encargados de la distribuci\u00f3n de Coca Cola en Santa Rosa.&hellip;<\/p>\n","protected":false},"author":7,"featured_media":60755,"comment_status":"closed","ping_status":"open","sticky":false,"template":"","format":"standard","meta":{"_acf_changed":false,"footnotes":""},"categories":[319,12],"tags":[],"class_list":["post-60745","post","type-post","status-publish","format-standard","has-post-thumbnail","hentry","category-a-temporales","category-sociedad"],"acf":[],"yoast_head":"<!-- This site is optimized with the Yoast SEO plugin v27.5 - https:\/\/yoast.com\/product\/yoast-seo-wordpress\/ -->\n<title>Coca Cola: los 23 trabajadores de Santa Rosa son tomados por la distribuidora de Pico - Diario Textual<\/title>\n<meta name=\"robots\" content=\"index, follow, max-snippet:-1, max-image-preview:large, max-video-preview:-1\" \/>\n<link rel=\"canonical\" href=\"https:\/\/diariotextual.com\/inicio\/index.php\/2019\/08\/26\/conflicto-coca-cola-los-23-trabajadores-seran-tomados-nueva-distribuidora\/\" \/>\n<meta property=\"og:locale\" content=\"es_ES\" \/>\n<meta property=\"og:type\" content=\"article\" \/>\n<meta property=\"og:title\" content=\"Coca Cola: los 23 trabajadores de Santa Rosa son tomados por la distribuidora de Pico - Diario Textual\" \/>\n<meta property=\"og:description\" content=\"Se llev\u00f3 a cabo este lunes una audiencia en la Direcci\u00f3n de Relaciones Laborales por el conflicto con los trabajadores encargados de la distribuci\u00f3n de Coca Cola en Santa Rosa.&hellip;\" \/>\n<meta property=\"og:url\" content=\"https:\/\/diariotextual.com\/inicio\/index.php\/2019\/08\/26\/conflicto-coca-cola-los-23-trabajadores-seran-tomados-nueva-distribuidora\/\" \/>\n<meta property=\"og:site_name\" content=\"Diario Textual\" \/>\n<meta property=\"article:publisher\" content=\"https:\/\/www.facebook.com\/eltextual\" \/>\n<meta property=\"article:published_time\" content=\"2019-08-26T15:55:07+00:00\" \/>\n<meta property=\"article:modified_time\" content=\"2019-08-27T11:16:09+00:00\" \/>\n<meta property=\"og:image\" content=\"https:\/\/diariotextual.com\/inicio\/wp-content\/uploads\/2019\/08\/cocacolasantarosa2019-2-1.jpg\" \/>\n\t<meta property=\"og:image:width\" content=\"1200\" \/>\n\t<meta property=\"og:image:height\" content=\"718\" \/>\n\t<meta property=\"og:image:type\" content=\"image\/jpeg\" \/>\n<meta name=\"author\" content=\"diario5\" \/>\n<meta name=\"twitter:card\" content=\"summary_large_image\" \/>\n<meta name=\"twitter:creator\" content=\"@eltextual\" \/>\n<meta name=\"twitter:site\" content=\"@eltextual\" \/>\n<meta name=\"twitter:label1\" content=\"Escrito por\" \/>\n\t<meta name=\"twitter:data1\" content=\"diario5\" \/>\n\t<meta name=\"twitter:label2\" content=\"Tiempo de lectura\" \/>\n\t<meta name=\"twitter:data2\" content=\"1 minuto\" \/>\n<script type=\"application\/ld+json\" class=\"yoast-schema-graph\">{\"@context\":\"https:\\\/\\\/schema.org\",\"@graph\":[{\"@type\":\"Article\",\"@id\":\"https:\\\/\\\/diariotextual.com\\\/inicio\\\/index.php\\\/2019\\\/08\\\/26\\\/conflicto-coca-cola-los-23-trabajadores-seran-tomados-nueva-distribuidora\\\/#article\",\"isPartOf\":{\"@id\":\"https:\\\/\\\/diariotextual.com\\\/inicio\\\/index.php\\\/2019\\\/08\\\/26\\\/conflicto-coca-cola-los-23-trabajadores-seran-tomados-nueva-distribuidora\\\/\"},\"author\":{\"name\":\"diario5\",\"@id\":\"https:\\\/\\\/diariotextual.com\\\/inicio\\\/#\\\/schema\\\/person\\\/c7834961ad8b29b1d9cdbf4571299067\"},\"headline\":\"Coca Cola: los 23 trabajadores de Santa Rosa son tomados por la distribuidora de Pico\",\"datePublished\":\"2019-08-26T15:55:07+00:00\",\"dateModified\":\"2019-08-27T11:16:09+00:00\",\"mainEntityOfPage\":{\"@id\":\"https:\\\/\\\/diariotextual.com\\\/inicio\\\/index.php\\\/2019\\\/08\\\/26\\\/conflicto-coca-cola-los-23-trabajadores-seran-tomados-nueva-distribuidora\\\/\"},\"wordCount\":264,\"publisher\":{\"@id\":\"https:\\\/\\\/diariotextual.com\\\/inicio\\\/#organization\"},\"image\":{\"@id\":\"https:\\\/\\\/diariotextual.com\\\/inicio\\\/index.php\\\/2019\\\/08\\\/26\\\/conflicto-coca-cola-los-23-trabajadores-seran-tomados-nueva-distribuidora\\\/#primaryimage\"},\"thumbnailUrl\":\"https:\\\/\\\/diariotextual.com\\\/inicio\\\/wp-content\\\/uploads\\\/2019\\\/08\\\/cocacolasantarosa2019-2-1.jpg\",\"articleSection\":[\"A - TEMPORALES\",\"SOCIEDAD\"],\"inLanguage\":\"es\"},{\"@type\":\"WebPage\",\"@id\":\"https:\\\/\\\/diariotextual.com\\\/inicio\\\/index.php\\\/2019\\\/08\\\/26\\\/conflicto-coca-cola-los-23-trabajadores-seran-tomados-nueva-distribuidora\\\/\",\"url\":\"https:\\\/\\\/diariotextual.com\\\/inicio\\\/index.php\\\/2019\\\/08\\\/26\\\/conflicto-coca-cola-los-23-trabajadores-seran-tomados-nueva-distribuidora\\\/\",\"name\":\"Coca Cola: los 23 trabajadores de Santa Rosa son tomados por la distribuidora de Pico - Diario Textual\",\"isPartOf\":{\"@id\":\"https:\\\/\\\/diariotextual.com\\\/inicio\\\/#website\"},\"primaryImageOfPage\":{\"@id\":\"https:\\\/\\\/diariotextual.com\\\/inicio\\\/index.php\\\/2019\\\/08\\\/26\\\/conflicto-coca-cola-los-23-trabajadores-seran-tomados-nueva-distribuidora\\\/#primaryimage\"},\"image\":{\"@id\":\"https:\\\/\\\/diariotextual.com\\\/inicio\\\/index.php\\\/2019\\\/08\\\/26\\\/conflicto-coca-cola-los-23-trabajadores-seran-tomados-nueva-distribuidora\\\/#primaryimage\"},\"thumbnailUrl\":\"https:\\\/\\\/diariotextual.com\\\/inicio\\\/wp-content\\\/uploads\\\/2019\\\/08\\\/cocacolasantarosa2019-2-1.jpg\",\"datePublished\":\"2019-08-26T15:55:07+00:00\",\"dateModified\":\"2019-08-27T11:16:09+00:00\",\"breadcrumb\":{\"@id\":\"https:\\\/\\\/diariotextual.com\\\/inicio\\\/index.php\\\/2019\\\/08\\\/26\\\/conflicto-coca-cola-los-23-trabajadores-seran-tomados-nueva-distribuidora\\\/#breadcrumb\"},\"inLanguage\":\"es\",\"potentialAction\":[{\"@type\":\"ReadAction\",\"target\":[\"https:\\\/\\\/diariotextual.com\\\/inicio\\\/index.php\\\/2019\\\/08\\\/26\\\/conflicto-coca-cola-los-23-trabajadores-seran-tomados-nueva-distribuidora\\\/\"]}]},{\"@type\":\"ImageObject\",\"inLanguage\":\"es\",\"@id\":\"https:\\\/\\\/diariotextual.com\\\/inicio\\\/index.php\\\/2019\\\/08\\\/26\\\/conflicto-coca-cola-los-23-trabajadores-seran-tomados-nueva-distribuidora\\\/#primaryimage\",\"url\":\"https:\\\/\\\/diariotextual.com\\\/inicio\\\/wp-content\\\/uploads\\\/2019\\\/08\\\/cocacolasantarosa2019-2-1.jpg\",\"contentUrl\":\"https:\\\/\\\/diariotextual.com\\\/inicio\\\/wp-content\\\/uploads\\\/2019\\\/08\\\/cocacolasantarosa2019-2-1.jpg\",\"width\":1200,\"height\":718},{\"@type\":\"BreadcrumbList\",\"@id\":\"https:\\\/\\\/diariotextual.com\\\/inicio\\\/index.php\\\/2019\\\/08\\\/26\\\/conflicto-coca-cola-los-23-trabajadores-seran-tomados-nueva-distribuidora\\\/#breadcrumb\",\"itemListElement\":[{\"@type\":\"ListItem\",\"position\":1,\"name\":\"Portada\",\"item\":\"https:\\\/\\\/diariotextual.com\\\/inicio\\\/\"},{\"@type\":\"ListItem\",\"position\":2,\"name\":\"Coca Cola: los 23 trabajadores de Santa Rosa son tomados por la distribuidora de Pico\"}]},{\"@type\":\"WebSite\",\"@id\":\"https:\\\/\\\/diariotextual.com\\\/inicio\\\/#website\",\"url\":\"https:\\\/\\\/diariotextual.com\\\/inicio\\\/\",\"name\":\"Diario Textual\",\"description\":\"\",\"publisher\":{\"@id\":\"https:\\\/\\\/diariotextual.com\\\/inicio\\\/#organization\"},\"potentialAction\":[{\"@type\":\"SearchAction\",\"target\":{\"@type\":\"EntryPoint\",\"urlTemplate\":\"https:\\\/\\\/diariotextual.com\\\/inicio\\\/?s={search_term_string}\"},\"query-input\":{\"@type\":\"PropertyValueSpecification\",\"valueRequired\":true,\"valueName\":\"search_term_string\"}}],\"inLanguage\":\"es\"},{\"@type\":\"Organization\",\"@id\":\"https:\\\/\\\/diariotextual.com\\\/inicio\\\/#organization\",\"name\":\"Diario Textual\",\"url\":\"https:\\\/\\\/diariotextual.com\\\/inicio\\\/\",\"logo\":{\"@type\":\"ImageObject\",\"inLanguage\":\"es\",\"@id\":\"https:\\\/\\\/diariotextual.com\\\/inicio\\\/#\\\/schema\\\/logo\\\/image\\\/\",\"url\":\"https:\\\/\\\/diariotextual.com\\\/inicio\\\/wp-content\\\/uploads\\\/2023\\\/05\\\/logotextual1.jpg\",\"contentUrl\":\"https:\\\/\\\/diariotextual.com\\\/inicio\\\/wp-content\\\/uploads\\\/2023\\\/05\\\/logotextual1.jpg\",\"width\":516,\"height\":76,\"caption\":\"Diario Textual\"},\"image\":{\"@id\":\"https:\\\/\\\/diariotextual.com\\\/inicio\\\/#\\\/schema\\\/logo\\\/image\\\/\"},\"sameAs\":[\"https:\\\/\\\/www.facebook.com\\\/eltextual\",\"https:\\\/\\\/x.com\\\/eltextual\",\"http:\\\/\\\/www.instagram.com\\\/eltextual\"]},{\"@type\":\"Person\",\"@id\":\"https:\\\/\\\/diariotextual.com\\\/inicio\\\/#\\\/schema\\\/person\\\/c7834961ad8b29b1d9cdbf4571299067\",\"name\":\"diario5\",\"image\":{\"@type\":\"ImageObject\",\"inLanguage\":\"es\",\"@id\":\"https:\\\/\\\/secure.gravatar.com\\\/avatar\\\/948c893b847ca6df68216ead81b63f363408ec9b0f600fefc0641ce78613b111?s=96&d=mm&r=g\",\"url\":\"https:\\\/\\\/secure.gravatar.com\\\/avatar\\\/948c893b847ca6df68216ead81b63f363408ec9b0f600fefc0641ce78613b111?s=96&d=mm&r=g\",\"contentUrl\":\"https:\\\/\\\/secure.gravatar.com\\\/avatar\\\/948c893b847ca6df68216ead81b63f363408ec9b0f600fefc0641ce78613b111?s=96&d=mm&r=g\",\"caption\":\"diario5\"},\"url\":\"https:\\\/\\\/diariotextual.com\\\/inicio\\\/index.php\\\/author\\\/diario5\\\/\"}]}<\/script>\n<!-- \/ Yoast SEO plugin. -->","yoast_head_json":{"title":"Coca Cola: los 23 trabajadores de Santa Rosa son tomados por la distribuidora de Pico - Diario Textual","robots":{"index":"index","follow":"follow","max-snippet":"max-snippet:-1","max-image-preview":"max-image-preview:large","max-video-preview":"max-video-preview:-1"},"canonical":"https:\/\/diariotextual.com\/inicio\/index.php\/2019\/08\/26\/conflicto-coca-cola-los-23-trabajadores-seran-tomados-nueva-distribuidora\/","og_locale":"es_ES","og_type":"article","og_title":"Coca Cola: los 23 trabajadores de Santa Rosa son tomados por la distribuidora de Pico - Diario Textual","og_description":"Se llev\u00f3 a cabo este lunes una audiencia en la Direcci\u00f3n de Relaciones Laborales por el conflicto con los trabajadores encargados de la distribuci\u00f3n de Coca Cola en Santa Rosa.&hellip;","og_url":"https:\/\/diariotextual.com\/inicio\/index.php\/2019\/08\/26\/conflicto-coca-cola-los-23-trabajadores-seran-tomados-nueva-distribuidora\/","og_site_name":"Diario Textual","article_publisher":"https:\/\/www.facebook.com\/eltextual","article_published_time":"2019-08-26T15:55:07+00:00","article_modified_time":"2019-08-27T11:16:09+00:00","og_image":[{"width":1200,"height":718,"url":"https:\/\/diariotextual.com\/inicio\/wp-content\/uploads\/2019\/08\/cocacolasantarosa2019-2-1.jpg","type":"image\/jpeg"}],"author":"diario5","twitter_card":"summary_large_image","twitter_creator":"@eltextual","twitter_site":"@eltextual","twitter_misc":{"Escrito por":"diario5","Tiempo de lectura":"1 minuto"},"schema":{"@context":"https:\/\/schema.org","@graph":[{"@type":"Article","@id":"https:\/\/diariotextual.com\/inicio\/index.php\/2019\/08\/26\/conflicto-coca-cola-los-23-trabajadores-seran-tomados-nueva-distribuidora\/#article","isPartOf":{"@id":"https:\/\/diariotextual.com\/inicio\/index.php\/2019\/08\/26\/conflicto-coca-cola-los-23-trabajadores-seran-tomados-nueva-distribuidora\/"},"author":{"name":"diario5","@id":"https:\/\/diariotextual.com\/inicio\/#\/schema\/person\/c7834961ad8b29b1d9cdbf4571299067"},"headline":"Coca Cola: los 23 trabajadores de Santa Rosa son tomados por la distribuidora de Pico","datePublished":"2019-08-26T15:55:07+00:00","dateModified":"2019-08-27T11:16:09+00:00","mainEntityOfPage":{"@id":"https:\/\/diariotextual.com\/inicio\/index.php\/2019\/08\/26\/conflicto-coca-cola-los-23-trabajadores-seran-tomados-nueva-distribuidora\/"},"wordCount":264,"publisher":{"@id":"https:\/\/diariotextual.com\/inicio\/#organization"},"image":{"@id":"https:\/\/diariotextual.com\/inicio\/index.php\/2019\/08\/26\/conflicto-coca-cola-los-23-trabajadores-seran-tomados-nueva-distribuidora\/#primaryimage"},"thumbnailUrl":"https:\/\/diariotextual.com\/inicio\/wp-content\/uploads\/2019\/08\/cocacolasantarosa2019-2-1.jpg","articleSection":["A - TEMPORALES","SOCIEDAD"],"inLanguage":"es"},{"@type":"WebPage","@id":"https:\/\/diariotextual.com\/inicio\/index.php\/2019\/08\/26\/conflicto-coca-cola-los-23-trabajadores-seran-tomados-nueva-distribuidora\/","url":"https:\/\/diariotextual.com\/inicio\/index.php\/2019\/08\/26\/conflicto-coca-cola-los-23-trabajadores-seran-tomados-nueva-distribuidora\/","name":"Coca Cola: los 23 trabajadores de Santa Rosa son tomados por la distribuidora de Pico - Diario Textual","isPartOf":{"@id":"https:\/\/diariotextual.com\/inicio\/#website"},"primaryImageOfPage":{"@id":"https:\/\/diariotextual.com\/inicio\/index.php\/2019\/08\/26\/conflicto-coca-cola-los-23-trabajadores-seran-tomados-nueva-distribuidora\/#primaryimage"},"image":{"@id":"https:\/\/diariotextual.com\/inicio\/index.php\/2019\/08\/26\/conflicto-coca-cola-los-23-trabajadores-seran-tomados-nueva-distribuidora\/#primaryimage"},"thumbnailUrl":"https:\/\/diariotextual.com\/inicio\/wp-content\/uploads\/2019\/08\/cocacolasantarosa2019-2-1.jpg","datePublished":"2019-08-26T15:55:07+00:00","dateModified":"2019-08-27T11:16:09+00:00","breadcrumb":{"@id":"https:\/\/diariotextual.com\/inicio\/index.php\/2019\/08\/26\/conflicto-coca-cola-los-23-trabajadores-seran-tomados-nueva-distribuidora\/#breadcrumb"},"inLanguage":"es","potentialAction":[{"@type":"ReadAction","target":["https:\/\/diariotextual.com\/inicio\/index.php\/2019\/08\/26\/conflicto-coca-cola-los-23-trabajadores-seran-tomados-nueva-distribuidora\/"]}]},{"@type":"ImageObject","inLanguage":"es","@id":"https:\/\/diariotextual.com\/inicio\/index.php\/2019\/08\/26\/conflicto-coca-cola-los-23-trabajadores-seran-tomados-nueva-distribuidora\/#primaryimage","url":"https:\/\/diariotextual.com\/inicio\/wp-content\/uploads\/2019\/08\/cocacolasantarosa2019-2-1.jpg","contentUrl":"https:\/\/diariotextual.com\/inicio\/wp-content\/uploads\/2019\/08\/cocacolasantarosa2019-2-1.jpg","width":1200,"height":718},{"@type":"BreadcrumbList","@id":"https:\/\/diariotextual.com\/inicio\/index.php\/2019\/08\/26\/conflicto-coca-cola-los-23-trabajadores-seran-tomados-nueva-distribuidora\/#breadcrumb","itemListElement":[{"@type":"ListItem","position":1,"name":"Portada","item":"https:\/\/diariotextual.com\/inicio\/"},{"@type":"ListItem","position":2,"name":"Coca Cola: los 23 trabajadores de Santa Rosa son tomados por la distribuidora de Pico"}]},{"@type":"WebSite","@id":"https:\/\/diariotextual.com\/inicio\/#website","url":"https:\/\/diariotextual.com\/inicio\/","name":"Diario Textual","description":"","publisher":{"@id":"https:\/\/diariotextual.com\/inicio\/#organization"},"potentialAction":[{"@type":"SearchAction","target":{"@type":"EntryPoint","urlTemplate":"https:\/\/diariotextual.com\/inicio\/?s={search_term_string}"},"query-input":{"@type":"PropertyValueSpecification","valueRequired":true,"valueName":"search_term_string"}}],"inLanguage":"es"},{"@type":"Organization","@id":"https:\/\/diariotextual.com\/inicio\/#organization","name":"Diario Textual","url":"https:\/\/diariotextual.com\/inicio\/","logo":{"@type":"ImageObject","inLanguage":"es","@id":"https:\/\/diariotextual.com\/inicio\/#\/schema\/logo\/image\/","url":"https:\/\/diariotextual.com\/inicio\/wp-content\/uploads\/2023\/05\/logotextual1.jpg","contentUrl":"https:\/\/diariotextual.com\/inicio\/wp-content\/uploads\/2023\/05\/logotextual1.jpg","width":516,"height":76,"caption":"Diario Textual"},"image":{"@id":"https:\/\/diariotextual.com\/inicio\/#\/schema\/logo\/image\/"},"sameAs":["https:\/\/www.facebook.com\/eltextual","https:\/\/x.com\/eltextual","http:\/\/www.instagram.com\/eltextual"]},{"@type":"Person","@id":"https:\/\/diariotextual.com\/inicio\/#\/schema\/person\/c7834961ad8b29b1d9cdbf4571299067","name":"diario5","image":{"@type":"ImageObject","inLanguage":"es","@id":"https:\/\/secure.gravatar.com\/avatar\/948c893b847ca6df68216ead81b63f363408ec9b0f600fefc0641ce78613b111?s=96&d=mm&r=g","url":"https:\/\/secure.gravatar.com\/avatar\/948c893b847ca6df68216ead81b63f363408ec9b0f600fefc0641ce78613b111?s=96&d=mm&r=g","contentUrl":"https:\/\/secure.gravatar.com\/avatar\/948c893b847ca6df68216ead81b63f363408ec9b0f600fefc0641ce78613b111?s=96&d=mm&r=g","caption":"diario5"},"url":"https:\/\/diariotextual.com\/inicio\/index.php\/author\/diario5\/"}]}},"_links":{"self":[{"href":"https:\/\/diariotextual.com\/inicio\/index.php\/wp-json\/wp\/v2\/posts\/60745","targetHints":{"allow":["GET"]}}],"collection":[{"href":"https:\/\/diariotextual.com\/inicio\/index.php\/wp-json\/wp\/v2\/posts"}],"about":[{"href":"https:\/\/diariotextual.com\/inicio\/index.php\/wp-json\/wp\/v2\/types\/post"}],"author":[{"embeddable":true,"href":"https:\/\/diariotextual.com\/inicio\/index.php\/wp-json\/wp\/v2\/users\/7"}],"replies":[{"embeddable":true,"href":"https:\/\/diariotextual.com\/inicio\/index.php\/wp-json\/wp\/v2\/comments?post=60745"}],"version-history":[{"count":4,"href":"https:\/\/diariotextual.com\/inicio\/index.php\/wp-json\/wp\/v2\/posts\/60745\/revisions"}],"predecessor-version":[{"id":60752,"href":"https:\/\/diariotextual.com\/inicio\/index.php\/wp-json\/wp\/v2\/posts\/60745\/revisions\/60752"}],"wp:featuredmedia":[{"embeddable":true,"href":"https:\/\/diariotextual.com\/inicio\/index.php\/wp-json\/wp\/v2\/media\/60755"}],"wp:attachment":[{"href":"https:\/\/diariotextual.com\/inicio\/index.php\/wp-json\/wp\/v2\/media?parent=60745"}],"wp:term":[{"taxonomy":"category","embeddable":true,"href":"https:\/\/diariotextual.com\/inicio\/index.php\/wp-json\/wp\/v2\/categories?post=60745"},{"taxonomy":"post_tag","embeddable":true,"href":"https:\/\/diariotextual.com\/inicio\/index.php\/wp-json\/wp\/v2\/tags?post=60745"}],"curies":[{"name":"wp","href":"https:\/\/api.w.org\/{rel}","templated":true}]}}